{"id":2692,"date":"2017-11-10T11:32:18","date_gmt":"2017-11-10T10:32:18","guid":{"rendered":"https:\/\/www.organisator.ch\/?p=2692"},"modified":"2017-11-10T11:32:18","modified_gmt":"2017-11-10T10:32:18","slug":"bauunternehmen-koch-ag-gewinnt-den-raiffeisen-unternehmerpreis-ostschweiz","status":"publish","type":"post","link":"https:\/\/www.organisator.ch\/it\/management\/2017-11-10\/bauunternehmen-koch-ag-gewinnt-den-raiffeisen-unternehmerpreis-ostschweiz\/","title":{"rendered":"L'impresa di costruzioni Koch AG vince il Raiffeisen Entrepreneur Award della Svizzera orientale"},"content":{"rendered":"<figure id=\"attachment_2693\" aria-describedby=\"caption-attachment-2693\" style=\"width: 540px\" class=\"wp-caption alignnone\"><img loading=\"lazy\" decoding=\"async\" class=\"size-full wp-image-2693\" src=\"https:\/\/www.organisator.ch\/wp-content\/uploads\/2017\/11\/Bauunternehmen-Koch-AG-gewinnt-den-Raiffeisen-Unternehmerpreis-Ostschweiz_Organisator.jpg\" alt=\"\" width=\"540\" height=\"360\" srcset=\"https:\/\/www.organisator.ch\/wp-content\/uploads\/2017\/11\/Bauunternehmen-Koch-AG-gewinnt-den-Raiffeisen-Unternehmerpreis-Ostschweiz_Organisator.jpg 540w, https:\/\/www.organisator.ch\/wp-content\/uploads\/2017\/11\/Bauunternehmen-Koch-AG-gewinnt-den-Raiffeisen-Unternehmerpreis-Ostschweiz_Organisator-16x12.jpg 16w, https:\/\/www.organisator.ch\/wp-content\/uploads\/2017\/11\/Bauunternehmen-Koch-AG-gewinnt-den-Raiffeisen-Unternehmerpreis-Ostschweiz_Organisator-263x175.jpg 263w, https:\/\/www.organisator.ch\/wp-content\/uploads\/2017\/11\/Bauunternehmen-Koch-AG-gewinnt-den-Raiffeisen-Unternehmerpreis-Ostschweiz_Organisator-525x350.jpg 525w, https:\/\/www.organisator.ch\/wp-content\/uploads\/2017\/11\/Bauunternehmen-Koch-AG-gewinnt-den-Raiffeisen-Unternehmerpreis-Ostschweiz_Organisator-300x200.jpg 300w\" sizes=\"auto, (max-width: 540px) 100vw, 540px\" \/><figcaption id=\"caption-attachment-2693\" class=\"wp-caption-text\">I finalisti del Premio Imprenditore Raiffeisen Svizzera Orientale. (Immagine: Raiffeisen)<\/figcaption><\/figure>\n<p>L'azienda Koch AG di Appenzello \u00e8 attiva nella costruzione di strade e nell'ingegneria civile e gestisce un impianto di ghiaia e calcestruzzo, nonch\u00e9 un impianto di scavo e di lavaggio della ghiaia. La tutela dell'ambiente \u00e8 una delle principali preoccupazioni dell'azienda familiare, gestita da Urs, Benno e Sacha Koch. Grazie a un impianto di lavaggio stazionario, fino al 75% del materiale di scavo contenente ghiaia viene riciclato, i trasporti vengono ridotti in modo massiccio e il volume delle discariche viene risparmiato. Questo garantisce una fornitura e uno smaltimento dei materiali da costruzione orientati all'ambiente.<\/p>\n<h2>Dotazione di 10.000 franchi svizzeri<\/h2>\n<p>Urs P. Gauch, responsabile del Dipartimento Clienti Aziendali di Raiffeisen Svizzera, sottolinea in particolare il coraggio di trovare nuove soluzioni: \"Con Koch AG abbiamo trovato un vincitore che crea diversi valori aggiunti con un'idea innovativa, non da ultimo anche per l'ambiente\". Koch AG ha cos\u00ec prevalso sugli altri cinque finalisti e si \u00e8 aggiudicata il premio imprenditoriale del valore di 10.000 franchi svizzeri.<\/p>\n<h2><strong>Premio del pubblico assegnato a B\u00fctschwil K\u00e4se AG<\/strong><\/h2>\n<p>Oltre al premio imprenditoriale assegnato dalla giuria di esperti, il pubblico ha potuto votare il proprio preferito prima della cerimonia di premiazione. B\u00fctschwil K\u00e4se AG ha ricevuto il premio pubblico di 5.000 franchi svizzeri davanti a circa 300 ospiti. L'evento \u00e8 stato moderato da Annina Campell e si \u00e8 concluso con un intervento di Bernhard Heusler, ex presidente del FC Basel.<\/p>\n<p>Il Premio Imprenditore Raiffeisen Svizzera Orientale \u00e8 un progetto pilota. L'espansione dell'Entrepreneurship Award ad altre regioni della Svizzera sar\u00e0 esaminata dopo la valutazione del progetto pilota.<\/p>\n<p><a href=\"https:\/\/www.raiffeisen.ch\/rch\/de\/firmenkunden\/erfolgsgeschichten\/1-raiffeisen-unternehmer-preis-ostschweiz.html\">Ulteriori informazioni <\/a><\/p>","protected":false},"excerpt":{"rendered":"<p>Das\u00a0Unternehmen\u00a0Koch AG aus Appenzell ist im Strassen- und Tiefbau t\u00e4tig und betreibt ein Kies- und Betonwerk sowie eine Aushub- und Kieswaschanlage. Umweltschutz ist dem Familienunternehmen, das von Urs, Benno und Sacha Koch gef\u00fchrt wird, ein grosses Anliegen. So wird der kieshaltige Aushub dank einer station\u00e4ren Waschanlage bis zu 75 Prozent wiederverwertet, die Transporte massiv verringert [&hellip;]<\/p>\n","protected":false},"author":4,"featured_media":2693,"comment_status":"open","ping_status":"open","sticky":false,"template":"","format":"standard","meta":{"_acf_changed":false,"_yoast_wpseo_focuskw":"Raiffeisen","_yoast_wpseo_metadesc":"Die Koch AG aus Appenzell gewann am 9. November den ersten Raiffeisen Unternehmerpreis Ostschweiz und setzte sich damit gegen 62 andere KMU durch.","articlekey":"","footnotes":""},"categories":[28],"tags":[66,492,508],"class_list":["post-2692","post","type-post","status-publish","format-standard","has-post-thumbnail","hentry","category-management","tag-awards","tag-unternehmen","tag-vermischtes"],"acf":[],"yoast_head":"<!-- This site is optimized with the Yoast SEO plugin v27.4 - https:\/\/yoast.com\/product\/yoast-seo-wordpress\/ -->\n<title>Bauunternehmen Koch AG gewinnt den Raiffeisen Unternehmerpreis Ostschweiz - Organisator<\/title>\n<meta name=\"description\" content=\"Die Koch AG aus Appenzell gewann am 9. November den ersten Raiffeisen Unternehmerpreis Ostschweiz und setzte sich damit gegen 62 andere KMU durch.\" \/>\n<meta name=\"robots\" content=\"index, follow, max-snippet:-1, max-image-preview:large, max-video-preview:-1\" \/>\n<link rel=\"canonical\" href=\"https:\/\/www.organisator.ch\/it\/gestione-2\/2017-11-10\/bauunternehmen-koch-ag-gewinnt-den-raiffeisen-unternehmerpreis-ostschweiz\/\" \/>\n<meta property=\"og:locale\" content=\"it_IT\" \/>\n<meta property=\"og:type\" content=\"article\" \/>\n<meta property=\"og:title\" content=\"Bauunternehmen Koch AG gewinnt den Raiffeisen Unternehmerpreis Ostschweiz\" \/>\n<meta property=\"og:description\" content=\"Die Koch AG aus Appenzell gewann am 9. November den ersten #Raiffeisen #Unternehmerpreis Ostschweiz und setzte sich damit gegen 62 andere KMU durch.\" \/>\n<meta property=\"og:url\" content=\"https:\/\/www.organisator.ch\/it\/gestione-2\/2017-11-10\/bauunternehmen-koch-ag-gewinnt-den-raiffeisen-unternehmerpreis-ostschweiz\/\" \/>\n<meta property=\"og:site_name\" content=\"Organisator\" \/>\n<meta property=\"article:publisher\" content=\"https:\/\/www.facebook.com\/OrganisatorFachmagazin\" \/>\n<meta property=\"article:published_time\" content=\"2017-11-10T10:32:18+00:00\" \/>\n<meta property=\"og:image\" content=\"https:\/\/www.organisator.ch\/wp-content\/uploads\/2017\/11\/Bauunternehmen-Koch-AG-gewinnt-den-Raiffeisen-Unternehmerpreis-Ostschweiz_Organisator.jpg\" \/>\n\t<meta property=\"og:image:width\" content=\"540\" \/>\n\t<meta property=\"og:image:height\" content=\"360\" \/>\n\t<meta property=\"og:image:type\" content=\"image\/jpeg\" \/>\n<meta name=\"author\" content=\"thomas.berner\" \/>\n<meta name=\"twitter:card\" content=\"summary_large_image\" \/>\n<meta name=\"twitter:title\" content=\"#Bauunternehmen Koch AG gewinnt den #Raiffeisen #Unternehmerpreis Ostschweiz\" \/>\n<meta name=\"twitter:description\" content=\"Die Koch AG aus Appenzell gewann am 9. November den ersten #Raiffeisen #Unternehmerpreis Ostschweiz und setzte sich damit gegen 62 andere KMU durch.\" \/>\n<meta name=\"twitter:image\" content=\"https:\/\/www.organisator.ch\/wp-content\/uploads\/2017\/11\/Bauunternehmen-Koch-AG-gewinnt-den-Raiffeisen-Unternehmerpreis-Ostschweiz_Organisator.jpg\" \/>\n<script type=\"application\/ld+json\" class=\"yoast-schema-graph\">{\"@context\":\"https:\\\/\\\/schema.org\",\"@graph\":[{\"@type\":\"Article\",\"@id\":\"https:\\\/\\\/www.organisator.ch\\\/management\\\/2017-11-10\\\/bauunternehmen-koch-ag-gewinnt-den-raiffeisen-unternehmerpreis-ostschweiz\\\/#article\",\"isPartOf\":{\"@id\":\"https:\\\/\\\/www.organisator.ch\\\/management\\\/2017-11-10\\\/bauunternehmen-koch-ag-gewinnt-den-raiffeisen-unternehmerpreis-ostschweiz\\\/\"},\"author\":{\"name\":\"thomas.berner\",\"@id\":\"https:\\\/\\\/www.organisator.ch\\\/#\\\/schema\\\/person\\\/6f650f90b2842cd4c0cc334b4e36f67e\"},\"headline\":\"Bauunternehmen Koch AG gewinnt den Raiffeisen Unternehmerpreis Ostschweiz\",\"datePublished\":\"2017-11-10T10:32:18+00:00\",\"mainEntityOfPage\":{\"@id\":\"https:\\\/\\\/www.organisator.ch\\\/management\\\/2017-11-10\\\/bauunternehmen-koch-ag-gewinnt-den-raiffeisen-unternehmerpreis-ostschweiz\\\/\"},\"wordCount\":262,\"commentCount\":0,\"publisher\":{\"@id\":\"https:\\\/\\\/www.organisator.ch\\\/#organization\"},\"image\":{\"@id\":\"https:\\\/\\\/www.organisator.ch\\\/management\\\/2017-11-10\\\/bauunternehmen-koch-ag-gewinnt-den-raiffeisen-unternehmerpreis-ostschweiz\\\/#primaryimage\"},\"thumbnailUrl\":\"https:\\\/\\\/www.organisator.ch\\\/wp-content\\\/uploads\\\/2017\\\/11\\\/Bauunternehmen-Koch-AG-gewinnt-den-Raiffeisen-Unternehmerpreis-Ostschweiz_Organisator.jpg\",\"keywords\":[\"Awards\",\"Unternehmen\",\"Vermischtes\"],\"articleSection\":[\"MANAGEMENT\"],\"inLanguage\":\"it-IT\"},{\"@type\":\"WebPage\",\"@id\":\"https:\\\/\\\/www.organisator.ch\\\/management\\\/2017-11-10\\\/bauunternehmen-koch-ag-gewinnt-den-raiffeisen-unternehmerpreis-ostschweiz\\\/\",\"url\":\"https:\\\/\\\/www.organisator.ch\\\/management\\\/2017-11-10\\\/bauunternehmen-koch-ag-gewinnt-den-raiffeisen-unternehmerpreis-ostschweiz\\\/\",\"name\":\"Bauunternehmen Koch AG gewinnt den Raiffeisen Unternehmerpreis Ostschweiz - Organisator\",\"isPartOf\":{\"@id\":\"https:\\\/\\\/www.organisator.ch\\\/#website\"},\"primaryImageOfPage\":{\"@id\":\"https:\\\/\\\/www.organisator.ch\\\/management\\\/2017-11-10\\\/bauunternehmen-koch-ag-gewinnt-den-raiffeisen-unternehmerpreis-ostschweiz\\\/#primaryimage\"},\"image\":{\"@id\":\"https:\\\/\\\/www.organisator.ch\\\/management\\\/2017-11-10\\\/bauunternehmen-koch-ag-gewinnt-den-raiffeisen-unternehmerpreis-ostschweiz\\\/#primaryimage\"},\"thumbnailUrl\":\"https:\\\/\\\/www.organisator.ch\\\/wp-content\\\/uploads\\\/2017\\\/11\\\/Bauunternehmen-Koch-AG-gewinnt-den-Raiffeisen-Unternehmerpreis-Ostschweiz_Organisator.jpg\",\"datePublished\":\"2017-11-10T10:32:18+00:00\",\"description\":\"Die Koch AG aus Appenzell gewann am 9. November den ersten Raiffeisen Unternehmerpreis Ostschweiz und setzte sich damit gegen 62 andere KMU durch.\",\"breadcrumb\":{\"@id\":\"https:\\\/\\\/www.organisator.ch\\\/management\\\/2017-11-10\\\/bauunternehmen-koch-ag-gewinnt-den-raiffeisen-unternehmerpreis-ostschweiz\\\/#breadcrumb\"},\"inLanguage\":\"it-IT\",\"potentialAction\":[{\"@type\":\"ReadAction\",\"target\":[\"https:\\\/\\\/www.organisator.ch\\\/management\\\/2017-11-10\\\/bauunternehmen-koch-ag-gewinnt-den-raiffeisen-unternehmerpreis-ostschweiz\\\/\"]}]},{\"@type\":\"ImageObject\",\"inLanguage\":\"it-IT\",\"@id\":\"https:\\\/\\\/www.organisator.ch\\\/management\\\/2017-11-10\\\/bauunternehmen-koch-ag-gewinnt-den-raiffeisen-unternehmerpreis-ostschweiz\\\/#primaryimage\",\"url\":\"https:\\\/\\\/www.organisator.ch\\\/wp-content\\\/uploads\\\/2017\\\/11\\\/Bauunternehmen-Koch-AG-gewinnt-den-Raiffeisen-Unternehmerpreis-Ostschweiz_Organisator.jpg\",\"contentUrl\":\"https:\\\/\\\/www.organisator.ch\\\/wp-content\\\/uploads\\\/2017\\\/11\\\/Bauunternehmen-Koch-AG-gewinnt-den-Raiffeisen-Unternehmerpreis-Ostschweiz_Organisator.jpg\",\"width\":540,\"height\":360,\"caption\":\"Die Finalisten des Raiffeisen Unternehmerpreises Ostschweiz. (Bild: Raiffeisen)\"},{\"@type\":\"BreadcrumbList\",\"@id\":\"https:\\\/\\\/www.organisator.ch\\\/management\\\/2017-11-10\\\/bauunternehmen-koch-ag-gewinnt-den-raiffeisen-unternehmerpreis-ostschweiz\\\/#breadcrumb\",\"itemListElement\":[{\"@type\":\"ListItem\",\"position\":1,\"name\":\"Home\",\"item\":\"https:\\\/\\\/www.organisator.ch\\\/\"},{\"@type\":\"ListItem\",\"position\":2,\"name\":\"Bauunternehmen Koch AG gewinnt den Raiffeisen Unternehmerpreis Ostschweiz\"}]},{\"@type\":\"WebSite\",\"@id\":\"https:\\\/\\\/www.organisator.ch\\\/#website\",\"url\":\"https:\\\/\\\/www.organisator.ch\\\/\",\"name\":\"Organisator\",\"description\":\"Kompetent. Praxisnah. Der ORGANISATOR bereitet in 10 Ausgaben pro Jahr die wesentlichen Themen f\u00fcr F\u00fchrungskr\u00e4fte von KMU auf.\",\"publisher\":{\"@id\":\"https:\\\/\\\/www.organisator.ch\\\/#organization\"},\"potentialAction\":[{\"@type\":\"SearchAction\",\"target\":{\"@type\":\"EntryPoint\",\"urlTemplate\":\"https:\\\/\\\/www.organisator.ch\\\/?s={search_term_string}\"},\"query-input\":{\"@type\":\"PropertyValueSpecification\",\"valueRequired\":true,\"valueName\":\"search_term_string\"}}],\"inLanguage\":\"it-IT\"},{\"@type\":\"Organization\",\"@id\":\"https:\\\/\\\/www.organisator.ch\\\/#organization\",\"name\":\"Organisator\",\"url\":\"https:\\\/\\\/www.organisator.ch\\\/\",\"logo\":{\"@type\":\"ImageObject\",\"inLanguage\":\"it-IT\",\"@id\":\"https:\\\/\\\/www.organisator.ch\\\/#\\\/schema\\\/logo\\\/image\\\/\",\"url\":\"https:\\\/\\\/www.organisator.ch\\\/wp-content\\\/uploads\\\/2022\\\/01\\\/Logo_Organisator_Website.png\",\"contentUrl\":\"https:\\\/\\\/www.organisator.ch\\\/wp-content\\\/uploads\\\/2022\\\/01\\\/Logo_Organisator_Website.png\",\"width\":800,\"height\":77,\"caption\":\"Organisator\"},\"image\":{\"@id\":\"https:\\\/\\\/www.organisator.ch\\\/#\\\/schema\\\/logo\\\/image\\\/\"},\"sameAs\":[\"https:\\\/\\\/www.facebook.com\\\/OrganisatorFachmagazin\",\"https:\\\/\\\/www.linkedin.com\\\/showcase\\\/organisator-das-magazin-fr-kmu\",\"https:\\\/\\\/www.xing.com\\\/news\\\/pages\\\/organisator-ch-695\",\"https:\\\/\\\/www.youtube.com\\\/channel\\\/UCGP2Sq0iWaZwT3BdIAQFYpw\"]},{\"@type\":\"Person\",\"@id\":\"https:\\\/\\\/www.organisator.ch\\\/#\\\/schema\\\/person\\\/6f650f90b2842cd4c0cc334b4e36f67e\",\"name\":\"thomas.berner\",\"image\":{\"@type\":\"ImageObject\",\"inLanguage\":\"it-IT\",\"@id\":\"https:\\\/\\\/secure.gravatar.com\\\/avatar\\\/ac5001d2a36cb6c6cd3e50789007ffca834b477b74a2144564522e944eabff61?s=96&d=mm&r=g\",\"url\":\"https:\\\/\\\/secure.gravatar.com\\\/avatar\\\/ac5001d2a36cb6c6cd3e50789007ffca834b477b74a2144564522e944eabff61?s=96&d=mm&r=g\",\"contentUrl\":\"https:\\\/\\\/secure.gravatar.com\\\/avatar\\\/ac5001d2a36cb6c6cd3e50789007ffca834b477b74a2144564522e944eabff61?s=96&d=mm&r=g\",\"caption\":\"thomas.berner\"},\"url\":\"https:\\\/\\\/www.organisator.ch\\\/it\\\/author\\\/thomas-berner\\\/\"}]}<\/script>\n<!-- \/ Yoast SEO plugin. -->","yoast_head_json":{"title":"L'impresa di costruzioni Koch AG vince il Premio Imprenditore Raiffeisen Svizzera Orientale - Organizzatore","description":"La Koch AG di Appenzello ha vinto il 9 novembre il primo Premio Imprenditoriale Raiffeisen Svizzera Orientale, battendo altre 62 PMI.","robots":{"index":"index","follow":"follow","max-snippet":"max-snippet:-1","max-image-preview":"max-image-preview:large","max-video-preview":"max-video-preview:-1"},"canonical":"https:\/\/www.organisator.ch\/it\/gestione-2\/2017-11-10\/bauunternehmen-koch-ag-gewinnt-den-raiffeisen-unternehmerpreis-ostschweiz\/","og_locale":"it_IT","og_type":"article","og_title":"Bauunternehmen Koch AG gewinnt den Raiffeisen Unternehmerpreis Ostschweiz","og_description":"Die Koch AG aus Appenzell gewann am 9. November den ersten #Raiffeisen #Unternehmerpreis Ostschweiz und setzte sich damit gegen 62 andere KMU durch.","og_url":"https:\/\/www.organisator.ch\/it\/gestione-2\/2017-11-10\/bauunternehmen-koch-ag-gewinnt-den-raiffeisen-unternehmerpreis-ostschweiz\/","og_site_name":"Organisator","article_publisher":"https:\/\/www.facebook.com\/OrganisatorFachmagazin","article_published_time":"2017-11-10T10:32:18+00:00","og_image":[{"width":540,"height":360,"url":"https:\/\/www.organisator.ch\/wp-content\/uploads\/2017\/11\/Bauunternehmen-Koch-AG-gewinnt-den-Raiffeisen-Unternehmerpreis-Ostschweiz_Organisator.jpg","type":"image\/jpeg"}],"author":"thomas.berner","twitter_card":"summary_large_image","twitter_title":"#Bauunternehmen Koch AG gewinnt den #Raiffeisen #Unternehmerpreis Ostschweiz","twitter_description":"Die Koch AG aus Appenzell gewann am 9. November den ersten #Raiffeisen #Unternehmerpreis Ostschweiz und setzte sich damit gegen 62 andere KMU durch.","twitter_image":"https:\/\/www.organisator.ch\/wp-content\/uploads\/2017\/11\/Bauunternehmen-Koch-AG-gewinnt-den-Raiffeisen-Unternehmerpreis-Ostschweiz_Organisator.jpg","schema":{"@context":"https:\/\/schema.org","@graph":[{"@type":"Article","@id":"https:\/\/www.organisator.ch\/management\/2017-11-10\/bauunternehmen-koch-ag-gewinnt-den-raiffeisen-unternehmerpreis-ostschweiz\/#article","isPartOf":{"@id":"https:\/\/www.organisator.ch\/management\/2017-11-10\/bauunternehmen-koch-ag-gewinnt-den-raiffeisen-unternehmerpreis-ostschweiz\/"},"author":{"name":"thomas.berner","@id":"https:\/\/www.organisator.ch\/#\/schema\/person\/6f650f90b2842cd4c0cc334b4e36f67e"},"headline":"Bauunternehmen Koch AG gewinnt den Raiffeisen Unternehmerpreis Ostschweiz","datePublished":"2017-11-10T10:32:18+00:00","mainEntityOfPage":{"@id":"https:\/\/www.organisator.ch\/management\/2017-11-10\/bauunternehmen-koch-ag-gewinnt-den-raiffeisen-unternehmerpreis-ostschweiz\/"},"wordCount":262,"commentCount":0,"publisher":{"@id":"https:\/\/www.organisator.ch\/#organization"},"image":{"@id":"https:\/\/www.organisator.ch\/management\/2017-11-10\/bauunternehmen-koch-ag-gewinnt-den-raiffeisen-unternehmerpreis-ostschweiz\/#primaryimage"},"thumbnailUrl":"https:\/\/www.organisator.ch\/wp-content\/uploads\/2017\/11\/Bauunternehmen-Koch-AG-gewinnt-den-Raiffeisen-Unternehmerpreis-Ostschweiz_Organisator.jpg","keywords":["Awards","Unternehmen","Vermischtes"],"articleSection":["MANAGEMENT"],"inLanguage":"it-IT"},{"@type":"WebPage","@id":"https:\/\/www.organisator.ch\/management\/2017-11-10\/bauunternehmen-koch-ag-gewinnt-den-raiffeisen-unternehmerpreis-ostschweiz\/","url":"https:\/\/www.organisator.ch\/management\/2017-11-10\/bauunternehmen-koch-ag-gewinnt-den-raiffeisen-unternehmerpreis-ostschweiz\/","name":"L'impresa di costruzioni Koch AG vince il Premio Imprenditore Raiffeisen Svizzera Orientale - Organizzatore","isPartOf":{"@id":"https:\/\/www.organisator.ch\/#website"},"primaryImageOfPage":{"@id":"https:\/\/www.organisator.ch\/management\/2017-11-10\/bauunternehmen-koch-ag-gewinnt-den-raiffeisen-unternehmerpreis-ostschweiz\/#primaryimage"},"image":{"@id":"https:\/\/www.organisator.ch\/management\/2017-11-10\/bauunternehmen-koch-ag-gewinnt-den-raiffeisen-unternehmerpreis-ostschweiz\/#primaryimage"},"thumbnailUrl":"https:\/\/www.organisator.ch\/wp-content\/uploads\/2017\/11\/Bauunternehmen-Koch-AG-gewinnt-den-Raiffeisen-Unternehmerpreis-Ostschweiz_Organisator.jpg","datePublished":"2017-11-10T10:32:18+00:00","description":"La Koch AG di Appenzello ha vinto il 9 novembre il primo Premio Imprenditoriale Raiffeisen Svizzera Orientale, battendo altre 62 PMI.","breadcrumb":{"@id":"https:\/\/www.organisator.ch\/management\/2017-11-10\/bauunternehmen-koch-ag-gewinnt-den-raiffeisen-unternehmerpreis-ostschweiz\/#breadcrumb"},"inLanguage":"it-IT","potentialAction":[{"@type":"ReadAction","target":["https:\/\/www.organisator.ch\/management\/2017-11-10\/bauunternehmen-koch-ag-gewinnt-den-raiffeisen-unternehmerpreis-ostschweiz\/"]}]},{"@type":"ImageObject","inLanguage":"it-IT","@id":"https:\/\/www.organisator.ch\/management\/2017-11-10\/bauunternehmen-koch-ag-gewinnt-den-raiffeisen-unternehmerpreis-ostschweiz\/#primaryimage","url":"https:\/\/www.organisator.ch\/wp-content\/uploads\/2017\/11\/Bauunternehmen-Koch-AG-gewinnt-den-Raiffeisen-Unternehmerpreis-Ostschweiz_Organisator.jpg","contentUrl":"https:\/\/www.organisator.ch\/wp-content\/uploads\/2017\/11\/Bauunternehmen-Koch-AG-gewinnt-den-Raiffeisen-Unternehmerpreis-Ostschweiz_Organisator.jpg","width":540,"height":360,"caption":"Die Finalisten des Raiffeisen Unternehmerpreises Ostschweiz. (Bild: Raiffeisen)"},{"@type":"BreadcrumbList","@id":"https:\/\/www.organisator.ch\/management\/2017-11-10\/bauunternehmen-koch-ag-gewinnt-den-raiffeisen-unternehmerpreis-ostschweiz\/#breadcrumb","itemListElement":[{"@type":"ListItem","position":1,"name":"Home","item":"https:\/\/www.organisator.ch\/"},{"@type":"ListItem","position":2,"name":"Bauunternehmen Koch AG gewinnt den Raiffeisen Unternehmerpreis Ostschweiz"}]},{"@type":"WebSite","@id":"https:\/\/www.organisator.ch\/#website","url":"https:\/\/www.organisator.ch\/","name":"Organizzatore","description":"Competente. Pratico. In 10 numeri all'anno, ORGANISATOR presenta i temi essenziali per i manager delle PMI.","publisher":{"@id":"https:\/\/www.organisator.ch\/#organization"},"potentialAction":[{"@type":"SearchAction","target":{"@type":"EntryPoint","urlTemplate":"https:\/\/www.organisator.ch\/?s={search_term_string}"},"query-input":{"@type":"PropertyValueSpecification","valueRequired":true,"valueName":"search_term_string"}}],"inLanguage":"it-IT"},{"@type":"Organization","@id":"https:\/\/www.organisator.ch\/#organization","name":"Organizzatore","url":"https:\/\/www.organisator.ch\/","logo":{"@type":"ImageObject","inLanguage":"it-IT","@id":"https:\/\/www.organisator.ch\/#\/schema\/logo\/image\/","url":"https:\/\/www.organisator.ch\/wp-content\/uploads\/2022\/01\/Logo_Organisator_Website.png","contentUrl":"https:\/\/www.organisator.ch\/wp-content\/uploads\/2022\/01\/Logo_Organisator_Website.png","width":800,"height":77,"caption":"Organisator"},"image":{"@id":"https:\/\/www.organisator.ch\/#\/schema\/logo\/image\/"},"sameAs":["https:\/\/www.facebook.com\/OrganisatorFachmagazin","https:\/\/www.linkedin.com\/showcase\/organisator-das-magazin-fr-kmu","https:\/\/www.xing.com\/news\/pages\/organisator-ch-695","https:\/\/www.youtube.com\/channel\/UCGP2Sq0iWaZwT3BdIAQFYpw"]},{"@type":"Person","@id":"https:\/\/www.organisator.ch\/#\/schema\/person\/6f650f90b2842cd4c0cc334b4e36f67e","name":"Tommaso.berner","image":{"@type":"ImageObject","inLanguage":"it-IT","@id":"https:\/\/secure.gravatar.com\/avatar\/ac5001d2a36cb6c6cd3e50789007ffca834b477b74a2144564522e944eabff61?s=96&d=mm&r=g","url":"https:\/\/secure.gravatar.com\/avatar\/ac5001d2a36cb6c6cd3e50789007ffca834b477b74a2144564522e944eabff61?s=96&d=mm&r=g","contentUrl":"https:\/\/secure.gravatar.com\/avatar\/ac5001d2a36cb6c6cd3e50789007ffca834b477b74a2144564522e944eabff61?s=96&d=mm&r=g","caption":"thomas.berner"},"url":"https:\/\/www.organisator.ch\/it\/author\/thomas-berner\/"}]}},"_links":{"self":[{"href":"https:\/\/www.organisator.ch\/it\/wp-json\/wp\/v2\/posts\/2692","targetHints":{"allow":["GET"]}}],"collection":[{"href":"https:\/\/www.organisator.ch\/it\/wp-json\/wp\/v2\/posts"}],"about":[{"href":"https:\/\/www.organisator.ch\/it\/wp-json\/wp\/v2\/types\/post"}],"author":[{"embeddable":true,"href":"https:\/\/www.organisator.ch\/it\/wp-json\/wp\/v2\/users\/4"}],"replies":[{"embeddable":true,"href":"https:\/\/www.organisator.ch\/it\/wp-json\/wp\/v2\/comments?post=2692"}],"version-history":[{"count":0,"href":"https:\/\/www.organisator.ch\/it\/wp-json\/wp\/v2\/posts\/2692\/revisions"}],"wp:featuredmedia":[{"embeddable":true,"href":"https:\/\/www.organisator.ch\/it\/wp-json\/wp\/v2\/media\/2693"}],"wp:attachment":[{"href":"https:\/\/www.organisator.ch\/it\/wp-json\/wp\/v2\/media?parent=2692"}],"wp:term":[{"taxonomy":"category","embeddable":true,"href":"https:\/\/www.organisator.ch\/it\/wp-json\/wp\/v2\/categories?post=2692"},{"taxonomy":"post_tag","embeddable":true,"href":"https:\/\/www.organisator.ch\/it\/wp-json\/wp\/v2\/tags?post=2692"}],"curies":[{"name":"wp","href":"https:\/\/api.w.org\/{rel}","templated":true}]}}