{"id":2700,"date":"2017-11-14T12:13:38","date_gmt":"2017-11-14T11:13:38","guid":{"rendered":"https:\/\/www.organisator.ch\/?p=2700"},"modified":"2017-11-14T12:13:38","modified_gmt":"2017-11-14T11:13:38","slug":"schweizer-finanzchefs-rechnen-mit-einem-boom","status":"publish","type":"post","link":"https:\/\/www.organisator.ch\/it\/management\/2017-11-14\/schweizer-finanzchefs-rechnen-mit-einem-boom\/","title":{"rendered":"I capi delle finanze svizzere si aspettano un boom"},"content":{"rendered":"<figure id=\"attachment_2701\" aria-describedby=\"caption-attachment-2701\" style=\"width: 640px\" class=\"wp-caption alignnone\"><img loading=\"lazy\" decoding=\"async\" class=\"size-full wp-image-2701\" src=\"https:\/\/www.organisator.ch\/wp-content\/uploads\/2017\/11\/Schweizer-Finanzchefs-rechnen-mit-einem-Boom-1_Organisator.jpg\" alt=\"\" width=\"640\" height=\"447\" srcset=\"https:\/\/www.organisator.ch\/wp-content\/uploads\/2017\/11\/Schweizer-Finanzchefs-rechnen-mit-einem-Boom-1_Organisator.jpg 640w, https:\/\/www.organisator.ch\/wp-content\/uploads\/2017\/11\/Schweizer-Finanzchefs-rechnen-mit-einem-Boom-1_Organisator-16x12.jpg 16w, https:\/\/www.organisator.ch\/wp-content\/uploads\/2017\/11\/Schweizer-Finanzchefs-rechnen-mit-einem-Boom-1_Organisator-251x175.jpg 251w, https:\/\/www.organisator.ch\/wp-content\/uploads\/2017\/11\/Schweizer-Finanzchefs-rechnen-mit-einem-Boom-1_Organisator-501x350.jpg 501w, https:\/\/www.organisator.ch\/wp-content\/uploads\/2017\/11\/Schweizer-Finanzchefs-rechnen-mit-einem-Boom-1_Organisator-300x210.jpg 300w\" sizes=\"auto, (max-width: 640px) 100vw, 640px\" \/><figcaption id=\"caption-attachment-2701\" class=\"wp-caption-text\">Le prospettive economiche puntano verso l'alto: Possiamo aspettarci un boom? (Immagine: Fotolia.com)<\/figcaption><\/figure>\n<p>I CFO svizzeri sono pi\u00f9 ottimisti sul futuro che in qualsiasi momento da quando la Banca Nazionale Svizzera (BNS) ha alzato il tasso di cambio minimo del franco a met\u00e0 gennaio 2015. L'ottimismo economico e l'atmosfera di crescita si diffondono nei pavimenti in moquette - si pu\u00f2 quasi parlare di prospettive di boom: 74% (trimestre precedente 71%) dei CFO valutano positivamente le prospettive economiche per la Svizzera; quasi quattro quinti (79%, trimestre precedente 76%) prevedono un aumento del fatturato nei prossimi dodici mesi. Pi\u00f9 di due terzi dei CFO (68%, trimestre precedente 66%) valutano le prospettive finanziarie della loro azienda come positive. E 41% (trimestre precedente 38%) si aspettano margini pi\u00f9 elevati, in modo che i profitti delle aziende svizzere dovrebbero anche migliorare nel prossimo anno.<\/p>\n<h2>Boom di presagi incerti<\/h2>\n<p>Secondo il sondaggio condotto da Deloitte a settembre tra 114 CFO, anche gli investimenti sono in aumento. La maggior parte di questi sono pianificati in Svizzera - un buon segno per l'economia nazionale. Oltre ai dati economici generalmente positivi, l'indebolimento del franco svizzero \u00e8 probabilmente anche in gran parte responsabile del maggiore ottimismo. Tuttavia, l'umore positivo \u00e8 vulnerabile ad un possibile rafforzamento del franco. Di conseguenza, i rischi valutari stanno tornando al centro dell'attenzione dei CFO svizzeri. Tuttavia, poich\u00e9 la maggior parte delle aziende svizzere si \u00e8 ormai adattata all'ambiente pi\u00f9 volatile e ai rischi valutari, questo pericolo \u00e8 ora meno pronunciato che in passato.<\/p>\n<figure id=\"attachment_2703\" aria-describedby=\"caption-attachment-2703\" style=\"width: 680px\" class=\"wp-caption alignnone\"><img loading=\"lazy\" decoding=\"async\" class=\"size-medium wp-image-2703\" src=\"https:\/\/www.organisator.ch\/wp-content\/uploads\/2017\/11\/Schweizer-Finanzchefs-rechnen-mit-einem-Boom-2_Organisator.jpg\" alt=\"\" width=\"680\" height=\"405\" srcset=\"https:\/\/www.organisator.ch\/wp-content\/uploads\/2017\/11\/Schweizer-Finanzchefs-rechnen-mit-einem-Boom-2_Organisator.jpg 844w, https:\/\/www.organisator.ch\/wp-content\/uploads\/2017\/11\/Schweizer-Finanzchefs-rechnen-mit-einem-Boom-2_Organisator-680x405.jpg 680w, https:\/\/www.organisator.ch\/wp-content\/uploads\/2017\/11\/Schweizer-Finanzchefs-rechnen-mit-einem-Boom-2_Organisator-768x458.jpg 768w, https:\/\/www.organisator.ch\/wp-content\/uploads\/2017\/11\/Schweizer-Finanzchefs-rechnen-mit-einem-Boom-2_Organisator-16x10.jpg 16w, https:\/\/www.organisator.ch\/wp-content\/uploads\/2017\/11\/Schweizer-Finanzchefs-rechnen-mit-einem-Boom-2_Organisator-294x175.jpg 294w, https:\/\/www.organisator.ch\/wp-content\/uploads\/2017\/11\/Schweizer-Finanzchefs-rechnen-mit-einem-Boom-2_Organisator-587x350.jpg 587w, https:\/\/www.organisator.ch\/wp-content\/uploads\/2017\/11\/Schweizer-Finanzchefs-rechnen-mit-einem-Boom-2_Organisator-300x179.jpg 300w\" sizes=\"auto, (max-width: 680px) 100vw, 680px\" \/><figcaption id=\"caption-attachment-2703\" class=\"wp-caption-text\">Risposte dei CFO svizzeri alla domanda: Come valuta le prospettive finanziarie della sua azienda nei prossimi dodici mesi? (Grafico: Deloitte)<\/figcaption><\/figure>\n<p>Il secondo rischio pi\u00f9 importante \u00e8 rappresentato dai problemi aziendali interni, mentre i rischi geopolitici sono scivolati di nuovo un po' fuori fuoco. \"Le imprese svizzere hanno un'ampia fiducia nei dati del quadro economico in Europa e nella stabilit\u00e0 del commercio mondiale. Sembra anche che si siano sempre pi\u00f9 adattati all'attuale imponderabilit\u00e0 della politica statunitense. Hanno messo in forma le loro aziende e hanno ampliato le loro capacit\u00e0 analitiche e di reazione. Stanno anche rendendo i prodotti e i servizi innovativi pi\u00f9 indipendenti dai rischi esterni\", dice Michael Grampp, capo economista di Deloitte Svizzera.<\/p>\n<h2>Franc shock ampiamente digerito<\/h2>\n<p>\"I CFO svizzeri guardano alla ripresa - tutti gli indicatori rilevanti puntano verso l'alto\", \u00e8 l'ulteriore valutazione di Grampp. \"Tuttavia, la ripresa economica prevista per il 2018 deve ancora essere realizzata; non c'\u00e8 nessun rallentamento degli sforzi. In generale, tuttavia, si pu\u00f2 gi\u00e0 dire che le imprese svizzere hanno ampiamente digerito lo shock del franco e che i suoi effetti sono meno gravi di quanto si era supposto all'epoca. Molte aziende dei settori esportatori hanno ridotto drasticamente gli investimenti e l'occupazione. Ora la volont\u00e0 di investire \u00e8 tornata su un ampio fronte. Le aziende orientate all'esportazione sono anche molto pi\u00f9 propense a prevedere una forza lavoro in crescita rispetto alle altre\".<\/p>\n<h2>Le aziende europee hanno un atteggiamento positivo - con l'eccezione del Regno Unito<\/h2>\n<p>Il sondaggio, che \u00e8 stato condotto contemporaneamente anche in altri paesi europei tra pi\u00f9 di 1500 CFO, mostra che nella maggior parte dei paesi il futuro della propria azienda \u00e8 valutato meglio rispetto all'ultimo sondaggio di sei mesi fa. I CFO hanno anche aspettative di fatturato elevate e in ulteriore aumento, si aspettano pi\u00f9 investimenti e un aumento significativo del numero di dipendenti - un segno molto piacevole in vista della disoccupazione ancora alta nei paesi latini.<\/p>\n<p>Tuttavia, le prospettive di un boom economico sono anche altrove pi\u00f9 favorevoli di quanto non lo siano gi\u00e0. Tra le grandi economie, la Francia \u00e8 quasi euforica in diverse cifre chiave (prospettive aziendali, investimenti o numero di dipendenti), ma anche la Germania (fatturato), l'Italia (margini) o la Spagna (investimenti) mostrano cifre molto buone. L'incertezza percepita sta diminuendo su tutta la linea nelle principali economie - tranne che nel Regno Unito, dove la maggior parte delle cifre chiave sono peggiorate alla luce delle incertezze in corso intorno alla Brexit.<\/p>\n<h2>Inversione dei tassi d'interesse in Svizzera non prima del 2020<\/h2>\n<p>Nel sondaggio, la maggioranza dei CFO dell'Eurozona ha ancora ipotizzato che i tassi di interesse aumenteranno entro un anno. Ora \u00e8 probabile che siano delusi dalla decisione sui tassi di interesse della BCE alla fine di ottobre. Per due terzi dei CFO dell'eurozona, tuttavia, la politica monetaria non \u00e8 centrale e non cambierebbero la loro strategia anche in caso di un'inversione dei tassi di interesse.<\/p>\n<p>\"I CFO, soprattutto dei paesi economicamente pi\u00f9 forti, sono piuttosto critici nei confronti della politica monetaria della BCE. La maggior parte di loro lo considera troppo lasco e teme l'emergere di bolle immobiliari o di reazioni eccessive sui mercati finanziari. Non vogliono aspettare ancora a lungo la svolta dei tassi d'interesse e desiderano un ritorno alla normalit\u00e0 della politica monetaria\", dice Dennis Brandes, analista economico senior e co-autore del sondaggio.<\/p>\n<p>Il minor numero di CFO che si aspettano un aumento dei tassi di interesse nel loro paese entro dodici mesi si trova in Svizzera. \"Le aziende in Svizzera sono ora pi\u00f9 propense ad aspettarsi che la politica dei tassi d'interesse negativi duri ancora pi\u00f9 a lungo. Anche con una crescita economica stabile, la BNS difficilmente pu\u00f2 aumentare i tassi di interesse prima della zona euro, quindi non ci aspettiamo una svolta dei tassi di interesse prima dell'inizio del 2020\", \u00e8 la valutazione di Brandes.<\/p>\n<p><em>Fonte e ulteriori informazioni: <a href=\"https:\/\/www2.deloitte.com\/ch\/de\/pages\/finance\/articles\/cfo-survey.html\">Sondaggio Deloitte CFO<\/a><\/em><\/p>\n<p>&nbsp;<\/p>","protected":false},"excerpt":{"rendered":"<p>Schweizer CFOs sehen so optimistisch in die Zukunft wie nicht mehr seit die Schweizerische Nationalbank (SNB) Mitte Januar 2015 den Mindestkurs des Frankens aufhob. Konjunkturoptimismus und Wachstumsstimmung macht sich in den Teppichetagen breit &#8211; fast schon darf man von Aussichten auf einen Boom sprechen: 74% (Vorquartal 71%) der CFOs beurteilen die Wirtschaftsaussichten f\u00fcr die Schweiz [&hellip;]<\/p>\n","protected":false},"author":4,"featured_media":2701,"comment_status":"open","ping_status":"open","sticky":false,"template":"","format":"standard","meta":{"_acf_changed":false,"_yoast_wpseo_focuskw":"Boom","_yoast_wpseo_metadesc":"Geht es nach den Einsch\u00e4tzungen von Schweizer Finanzchefs, deuten vielen Anzeichen auf einen wirtschaftlichen Boom hin - so das Ergebnis einer Umfrage.","articlekey":"","footnotes":""},"categories":[28],"tags":[310,335,459,531],"class_list":["post-2700","post","type-post","status-publish","format-standard","has-post-thumbnail","hentry","category-management","tag-konjunktur","tag-management-und-unternehmensfuehrung","tag-studie","tag-wirtschaftspolitik"],"acf":[],"yoast_head":"<!-- This site is optimized with the Yoast SEO plugin v27.5 - https:\/\/yoast.com\/product\/yoast-seo-wordpress\/ -->\n<title>Schweizer Finanzchefs rechnen mit einem Boom - Organisator<\/title>\n<meta name=\"description\" content=\"Geht es nach den Einsch\u00e4tzungen von Schweizer Finanzchefs, deuten vielen Anzeichen auf einen wirtschaftlichen Boom hin - so das Ergebnis einer Umfrage.\" \/>\n<meta name=\"robots\" content=\"index, follow, max-snippet:-1, max-image-preview:large, max-video-preview:-1\" \/>\n<link rel=\"canonical\" href=\"https:\/\/www.organisator.ch\/it\/gestione-2\/2017-11-14\/schweizer-finanzchefs-rechnen-mit-einem-boom\/\" \/>\n<meta property=\"og:locale\" content=\"it_IT\" \/>\n<meta property=\"og:type\" content=\"article\" \/>\n<meta property=\"og:title\" content=\"Schweizer Finanzchefs rechnen mit einem Boom\" \/>\n<meta property=\"og:description\" content=\"Geht es nach den Einsch\u00e4tzungen von Schweizer #Finanzchefs, deuten vielen Anzeichen auf einen wirtschaftlichen #Boom hin - so das Ergebnis einer Umfrage.\" \/>\n<meta property=\"og:url\" content=\"https:\/\/www.organisator.ch\/it\/gestione-2\/2017-11-14\/schweizer-finanzchefs-rechnen-mit-einem-boom\/\" \/>\n<meta property=\"og:site_name\" content=\"Organisator\" \/>\n<meta property=\"article:publisher\" content=\"https:\/\/www.facebook.com\/OrganisatorFachmagazin\" \/>\n<meta property=\"article:published_time\" content=\"2017-11-14T11:13:38+00:00\" \/>\n<meta property=\"og:image\" content=\"https:\/\/www.organisator.ch\/wp-content\/uploads\/2017\/11\/Schweizer-Finanzchefs-rechnen-mit-einem-Boom-1_Organisator.jpg\" \/>\n\t<meta property=\"og:image:width\" content=\"640\" \/>\n\t<meta property=\"og:image:height\" content=\"447\" \/>\n\t<meta property=\"og:image:type\" content=\"image\/jpeg\" \/>\n<meta name=\"author\" content=\"thomas.berner\" \/>\n<meta name=\"twitter:card\" content=\"summary_large_image\" \/>\n<meta name=\"twitter:title\" content=\"Schweizer #Finanzchefs rechnen mit einem #Boom\" \/>\n<meta name=\"twitter:description\" content=\"Geht es nach den Einsch\u00e4tzungen von Schweizer #Finanzchefs, deuten vielen Anzeichen auf einen wirtschaftlichen #Boom hin - so das Ergebnis einer Umfrage.\" \/>\n<meta name=\"twitter:image\" content=\"https:\/\/www.organisator.ch\/wp-content\/uploads\/2017\/11\/Schweizer-Finanzchefs-rechnen-mit-einem-Boom-1_Organisator.jpg\" \/>\n<script type=\"application\/ld+json\" class=\"yoast-schema-graph\">{\"@context\":\"https:\\\/\\\/schema.org\",\"@graph\":[{\"@type\":\"Article\",\"@id\":\"https:\\\/\\\/www.organisator.ch\\\/management\\\/2017-11-14\\\/schweizer-finanzchefs-rechnen-mit-einem-boom\\\/#article\",\"isPartOf\":{\"@id\":\"https:\\\/\\\/www.organisator.ch\\\/management\\\/2017-11-14\\\/schweizer-finanzchefs-rechnen-mit-einem-boom\\\/\"},\"author\":{\"name\":\"thomas.berner\",\"@id\":\"https:\\\/\\\/www.organisator.ch\\\/#\\\/schema\\\/person\\\/6f650f90b2842cd4c0cc334b4e36f67e\"},\"headline\":\"Schweizer Finanzchefs rechnen mit einem Boom\",\"datePublished\":\"2017-11-14T11:13:38+00:00\",\"mainEntityOfPage\":{\"@id\":\"https:\\\/\\\/www.organisator.ch\\\/management\\\/2017-11-14\\\/schweizer-finanzchefs-rechnen-mit-einem-boom\\\/\"},\"wordCount\":829,\"commentCount\":0,\"publisher\":{\"@id\":\"https:\\\/\\\/www.organisator.ch\\\/#organization\"},\"image\":{\"@id\":\"https:\\\/\\\/www.organisator.ch\\\/management\\\/2017-11-14\\\/schweizer-finanzchefs-rechnen-mit-einem-boom\\\/#primaryimage\"},\"thumbnailUrl\":\"https:\\\/\\\/www.organisator.ch\\\/wp-content\\\/uploads\\\/2017\\\/11\\\/Schweizer-Finanzchefs-rechnen-mit-einem-Boom-1_Organisator.jpg\",\"keywords\":[\"Konjunktur\",\"Management und Unternehmensf\u00fchrung\",\"Studie\",\"Wirtschaftspolitik\"],\"articleSection\":[\"MANAGEMENT\"],\"inLanguage\":\"it-IT\"},{\"@type\":\"WebPage\",\"@id\":\"https:\\\/\\\/www.organisator.ch\\\/management\\\/2017-11-14\\\/schweizer-finanzchefs-rechnen-mit-einem-boom\\\/\",\"url\":\"https:\\\/\\\/www.organisator.ch\\\/management\\\/2017-11-14\\\/schweizer-finanzchefs-rechnen-mit-einem-boom\\\/\",\"name\":\"Schweizer Finanzchefs rechnen mit einem Boom - Organisator\",\"isPartOf\":{\"@id\":\"https:\\\/\\\/www.organisator.ch\\\/#website\"},\"primaryImageOfPage\":{\"@id\":\"https:\\\/\\\/www.organisator.ch\\\/management\\\/2017-11-14\\\/schweizer-finanzchefs-rechnen-mit-einem-boom\\\/#primaryimage\"},\"image\":{\"@id\":\"https:\\\/\\\/www.organisator.ch\\\/management\\\/2017-11-14\\\/schweizer-finanzchefs-rechnen-mit-einem-boom\\\/#primaryimage\"},\"thumbnailUrl\":\"https:\\\/\\\/www.organisator.ch\\\/wp-content\\\/uploads\\\/2017\\\/11\\\/Schweizer-Finanzchefs-rechnen-mit-einem-Boom-1_Organisator.jpg\",\"datePublished\":\"2017-11-14T11:13:38+00:00\",\"description\":\"Geht es nach den Einsch\u00e4tzungen von Schweizer Finanzchefs, deuten vielen Anzeichen auf einen wirtschaftlichen Boom hin - so das Ergebnis einer Umfrage.\",\"breadcrumb\":{\"@id\":\"https:\\\/\\\/www.organisator.ch\\\/management\\\/2017-11-14\\\/schweizer-finanzchefs-rechnen-mit-einem-boom\\\/#breadcrumb\"},\"inLanguage\":\"it-IT\",\"potentialAction\":[{\"@type\":\"ReadAction\",\"target\":[\"https:\\\/\\\/www.organisator.ch\\\/management\\\/2017-11-14\\\/schweizer-finanzchefs-rechnen-mit-einem-boom\\\/\"]}]},{\"@type\":\"ImageObject\",\"inLanguage\":\"it-IT\",\"@id\":\"https:\\\/\\\/www.organisator.ch\\\/management\\\/2017-11-14\\\/schweizer-finanzchefs-rechnen-mit-einem-boom\\\/#primaryimage\",\"url\":\"https:\\\/\\\/www.organisator.ch\\\/wp-content\\\/uploads\\\/2017\\\/11\\\/Schweizer-Finanzchefs-rechnen-mit-einem-Boom-1_Organisator.jpg\",\"contentUrl\":\"https:\\\/\\\/www.organisator.ch\\\/wp-content\\\/uploads\\\/2017\\\/11\\\/Schweizer-Finanzchefs-rechnen-mit-einem-Boom-1_Organisator.jpg\",\"width\":640,\"height\":447,\"caption\":\"Die Konjunkturaussichten deuten nach oben: Ist mit einem Boom zu rechnen? (Bild: Fotolia.com)\"},{\"@type\":\"BreadcrumbList\",\"@id\":\"https:\\\/\\\/www.organisator.ch\\\/management\\\/2017-11-14\\\/schweizer-finanzchefs-rechnen-mit-einem-boom\\\/#breadcrumb\",\"itemListElement\":[{\"@type\":\"ListItem\",\"position\":1,\"name\":\"Home\",\"item\":\"https:\\\/\\\/www.organisator.ch\\\/\"},{\"@type\":\"ListItem\",\"position\":2,\"name\":\"Schweizer Finanzchefs rechnen mit einem Boom\"}]},{\"@type\":\"WebSite\",\"@id\":\"https:\\\/\\\/www.organisator.ch\\\/#website\",\"url\":\"https:\\\/\\\/www.organisator.ch\\\/\",\"name\":\"Organisator\",\"description\":\"Kompetent. Praxisnah. Der ORGANISATOR bereitet in 10 Ausgaben pro Jahr die wesentlichen Themen f\u00fcr F\u00fchrungskr\u00e4fte von KMU auf.\",\"publisher\":{\"@id\":\"https:\\\/\\\/www.organisator.ch\\\/#organization\"},\"potentialAction\":[{\"@type\":\"SearchAction\",\"target\":{\"@type\":\"EntryPoint\",\"urlTemplate\":\"https:\\\/\\\/www.organisator.ch\\\/?s={search_term_string}\"},\"query-input\":{\"@type\":\"PropertyValueSpecification\",\"valueRequired\":true,\"valueName\":\"search_term_string\"}}],\"inLanguage\":\"it-IT\"},{\"@type\":\"Organization\",\"@id\":\"https:\\\/\\\/www.organisator.ch\\\/#organization\",\"name\":\"Organisator\",\"url\":\"https:\\\/\\\/www.organisator.ch\\\/\",\"logo\":{\"@type\":\"ImageObject\",\"inLanguage\":\"it-IT\",\"@id\":\"https:\\\/\\\/www.organisator.ch\\\/#\\\/schema\\\/logo\\\/image\\\/\",\"url\":\"https:\\\/\\\/www.organisator.ch\\\/wp-content\\\/uploads\\\/2022\\\/01\\\/Logo_Organisator_Website.png\",\"contentUrl\":\"https:\\\/\\\/www.organisator.ch\\\/wp-content\\\/uploads\\\/2022\\\/01\\\/Logo_Organisator_Website.png\",\"width\":800,\"height\":77,\"caption\":\"Organisator\"},\"image\":{\"@id\":\"https:\\\/\\\/www.organisator.ch\\\/#\\\/schema\\\/logo\\\/image\\\/\"},\"sameAs\":[\"https:\\\/\\\/www.facebook.com\\\/OrganisatorFachmagazin\",\"https:\\\/\\\/www.linkedin.com\\\/showcase\\\/organisator-das-magazin-fr-kmu\",\"https:\\\/\\\/www.xing.com\\\/news\\\/pages\\\/organisator-ch-695\",\"https:\\\/\\\/www.youtube.com\\\/channel\\\/UCGP2Sq0iWaZwT3BdIAQFYpw\"]},{\"@type\":\"Person\",\"@id\":\"https:\\\/\\\/www.organisator.ch\\\/#\\\/schema\\\/person\\\/6f650f90b2842cd4c0cc334b4e36f67e\",\"name\":\"thomas.berner\",\"image\":{\"@type\":\"ImageObject\",\"inLanguage\":\"it-IT\",\"@id\":\"https:\\\/\\\/secure.gravatar.com\\\/avatar\\\/ac5001d2a36cb6c6cd3e50789007ffca834b477b74a2144564522e944eabff61?s=96&d=mm&r=g\",\"url\":\"https:\\\/\\\/secure.gravatar.com\\\/avatar\\\/ac5001d2a36cb6c6cd3e50789007ffca834b477b74a2144564522e944eabff61?s=96&d=mm&r=g\",\"contentUrl\":\"https:\\\/\\\/secure.gravatar.com\\\/avatar\\\/ac5001d2a36cb6c6cd3e50789007ffca834b477b74a2144564522e944eabff61?s=96&d=mm&r=g\",\"caption\":\"thomas.berner\"},\"url\":\"https:\\\/\\\/www.organisator.ch\\\/it\\\/author\\\/thomas-berner\\\/\"}]}<\/script>\n<!-- \/ Yoast SEO plugin. -->","yoast_head_json":{"title":"I responsabili delle finanze svizzere prevedono un boom - Organizzatore","description":"Secondo le valutazioni dei CFO svizzeri, ci sono molti segnali che indicano un boom economico - secondo i risultati di un sondaggio.","robots":{"index":"index","follow":"follow","max-snippet":"max-snippet:-1","max-image-preview":"max-image-preview:large","max-video-preview":"max-video-preview:-1"},"canonical":"https:\/\/www.organisator.ch\/it\/gestione-2\/2017-11-14\/schweizer-finanzchefs-rechnen-mit-einem-boom\/","og_locale":"it_IT","og_type":"article","og_title":"Schweizer Finanzchefs rechnen mit einem Boom","og_description":"Geht es nach den Einsch\u00e4tzungen von Schweizer #Finanzchefs, deuten vielen Anzeichen auf einen wirtschaftlichen #Boom hin - so das Ergebnis einer Umfrage.","og_url":"https:\/\/www.organisator.ch\/it\/gestione-2\/2017-11-14\/schweizer-finanzchefs-rechnen-mit-einem-boom\/","og_site_name":"Organisator","article_publisher":"https:\/\/www.facebook.com\/OrganisatorFachmagazin","article_published_time":"2017-11-14T11:13:38+00:00","og_image":[{"width":640,"height":447,"url":"https:\/\/www.organisator.ch\/wp-content\/uploads\/2017\/11\/Schweizer-Finanzchefs-rechnen-mit-einem-Boom-1_Organisator.jpg","type":"image\/jpeg"}],"author":"thomas.berner","twitter_card":"summary_large_image","twitter_title":"Schweizer #Finanzchefs rechnen mit einem #Boom","twitter_description":"Geht es nach den Einsch\u00e4tzungen von Schweizer #Finanzchefs, deuten vielen Anzeichen auf einen wirtschaftlichen #Boom hin - so das Ergebnis einer Umfrage.","twitter_image":"https:\/\/www.organisator.ch\/wp-content\/uploads\/2017\/11\/Schweizer-Finanzchefs-rechnen-mit-einem-Boom-1_Organisator.jpg","schema":{"@context":"https:\/\/schema.org","@graph":[{"@type":"Article","@id":"https:\/\/www.organisator.ch\/management\/2017-11-14\/schweizer-finanzchefs-rechnen-mit-einem-boom\/#article","isPartOf":{"@id":"https:\/\/www.organisator.ch\/management\/2017-11-14\/schweizer-finanzchefs-rechnen-mit-einem-boom\/"},"author":{"name":"thomas.berner","@id":"https:\/\/www.organisator.ch\/#\/schema\/person\/6f650f90b2842cd4c0cc334b4e36f67e"},"headline":"Schweizer Finanzchefs rechnen mit einem Boom","datePublished":"2017-11-14T11:13:38+00:00","mainEntityOfPage":{"@id":"https:\/\/www.organisator.ch\/management\/2017-11-14\/schweizer-finanzchefs-rechnen-mit-einem-boom\/"},"wordCount":829,"commentCount":0,"publisher":{"@id":"https:\/\/www.organisator.ch\/#organization"},"image":{"@id":"https:\/\/www.organisator.ch\/management\/2017-11-14\/schweizer-finanzchefs-rechnen-mit-einem-boom\/#primaryimage"},"thumbnailUrl":"https:\/\/www.organisator.ch\/wp-content\/uploads\/2017\/11\/Schweizer-Finanzchefs-rechnen-mit-einem-Boom-1_Organisator.jpg","keywords":["Konjunktur","Management und Unternehmensf\u00fchrung","Studie","Wirtschaftspolitik"],"articleSection":["MANAGEMENT"],"inLanguage":"it-IT"},{"@type":"WebPage","@id":"https:\/\/www.organisator.ch\/management\/2017-11-14\/schweizer-finanzchefs-rechnen-mit-einem-boom\/","url":"https:\/\/www.organisator.ch\/management\/2017-11-14\/schweizer-finanzchefs-rechnen-mit-einem-boom\/","name":"I responsabili delle finanze svizzere prevedono un boom - Organizzatore","isPartOf":{"@id":"https:\/\/www.organisator.ch\/#website"},"primaryImageOfPage":{"@id":"https:\/\/www.organisator.ch\/management\/2017-11-14\/schweizer-finanzchefs-rechnen-mit-einem-boom\/#primaryimage"},"image":{"@id":"https:\/\/www.organisator.ch\/management\/2017-11-14\/schweizer-finanzchefs-rechnen-mit-einem-boom\/#primaryimage"},"thumbnailUrl":"https:\/\/www.organisator.ch\/wp-content\/uploads\/2017\/11\/Schweizer-Finanzchefs-rechnen-mit-einem-Boom-1_Organisator.jpg","datePublished":"2017-11-14T11:13:38+00:00","description":"Secondo le valutazioni dei CFO svizzeri, ci sono molti segnali che indicano un boom economico - secondo i risultati di un sondaggio.","breadcrumb":{"@id":"https:\/\/www.organisator.ch\/management\/2017-11-14\/schweizer-finanzchefs-rechnen-mit-einem-boom\/#breadcrumb"},"inLanguage":"it-IT","potentialAction":[{"@type":"ReadAction","target":["https:\/\/www.organisator.ch\/management\/2017-11-14\/schweizer-finanzchefs-rechnen-mit-einem-boom\/"]}]},{"@type":"ImageObject","inLanguage":"it-IT","@id":"https:\/\/www.organisator.ch\/management\/2017-11-14\/schweizer-finanzchefs-rechnen-mit-einem-boom\/#primaryimage","url":"https:\/\/www.organisator.ch\/wp-content\/uploads\/2017\/11\/Schweizer-Finanzchefs-rechnen-mit-einem-Boom-1_Organisator.jpg","contentUrl":"https:\/\/www.organisator.ch\/wp-content\/uploads\/2017\/11\/Schweizer-Finanzchefs-rechnen-mit-einem-Boom-1_Organisator.jpg","width":640,"height":447,"caption":"Die Konjunkturaussichten deuten nach oben: Ist mit einem Boom zu rechnen? (Bild: Fotolia.com)"},{"@type":"BreadcrumbList","@id":"https:\/\/www.organisator.ch\/management\/2017-11-14\/schweizer-finanzchefs-rechnen-mit-einem-boom\/#breadcrumb","itemListElement":[{"@type":"ListItem","position":1,"name":"Home","item":"https:\/\/www.organisator.ch\/"},{"@type":"ListItem","position":2,"name":"Schweizer Finanzchefs rechnen mit einem Boom"}]},{"@type":"WebSite","@id":"https:\/\/www.organisator.ch\/#website","url":"https:\/\/www.organisator.ch\/","name":"Organizzatore","description":"Competente. Pratico. In 10 numeri all'anno, ORGANISATOR presenta i temi essenziali per i manager delle PMI.","publisher":{"@id":"https:\/\/www.organisator.ch\/#organization"},"potentialAction":[{"@type":"SearchAction","target":{"@type":"EntryPoint","urlTemplate":"https:\/\/www.organisator.ch\/?s={search_term_string}"},"query-input":{"@type":"PropertyValueSpecification","valueRequired":true,"valueName":"search_term_string"}}],"inLanguage":"it-IT"},{"@type":"Organization","@id":"https:\/\/www.organisator.ch\/#organization","name":"Organizzatore","url":"https:\/\/www.organisator.ch\/","logo":{"@type":"ImageObject","inLanguage":"it-IT","@id":"https:\/\/www.organisator.ch\/#\/schema\/logo\/image\/","url":"https:\/\/www.organisator.ch\/wp-content\/uploads\/2022\/01\/Logo_Organisator_Website.png","contentUrl":"https:\/\/www.organisator.ch\/wp-content\/uploads\/2022\/01\/Logo_Organisator_Website.png","width":800,"height":77,"caption":"Organisator"},"image":{"@id":"https:\/\/www.organisator.ch\/#\/schema\/logo\/image\/"},"sameAs":["https:\/\/www.facebook.com\/OrganisatorFachmagazin","https:\/\/www.linkedin.com\/showcase\/organisator-das-magazin-fr-kmu","https:\/\/www.xing.com\/news\/pages\/organisator-ch-695","https:\/\/www.youtube.com\/channel\/UCGP2Sq0iWaZwT3BdIAQFYpw"]},{"@type":"Person","@id":"https:\/\/www.organisator.ch\/#\/schema\/person\/6f650f90b2842cd4c0cc334b4e36f67e","name":"Tommaso.berner","image":{"@type":"ImageObject","inLanguage":"it-IT","@id":"https:\/\/secure.gravatar.com\/avatar\/ac5001d2a36cb6c6cd3e50789007ffca834b477b74a2144564522e944eabff61?s=96&d=mm&r=g","url":"https:\/\/secure.gravatar.com\/avatar\/ac5001d2a36cb6c6cd3e50789007ffca834b477b74a2144564522e944eabff61?s=96&d=mm&r=g","contentUrl":"https:\/\/secure.gravatar.com\/avatar\/ac5001d2a36cb6c6cd3e50789007ffca834b477b74a2144564522e944eabff61?s=96&d=mm&r=g","caption":"thomas.berner"},"url":"https:\/\/www.organisator.ch\/it\/author\/thomas-berner\/"}]}},"_links":{"self":[{"href":"https:\/\/www.organisator.ch\/it\/wp-json\/wp\/v2\/posts\/2700","targetHints":{"allow":["GET"]}}],"collection":[{"href":"https:\/\/www.organisator.ch\/it\/wp-json\/wp\/v2\/posts"}],"about":[{"href":"https:\/\/www.organisator.ch\/it\/wp-json\/wp\/v2\/types\/post"}],"author":[{"embeddable":true,"href":"https:\/\/www.organisator.ch\/it\/wp-json\/wp\/v2\/users\/4"}],"replies":[{"embeddable":true,"href":"https:\/\/www.organisator.ch\/it\/wp-json\/wp\/v2\/comments?post=2700"}],"version-history":[{"count":0,"href":"https:\/\/www.organisator.ch\/it\/wp-json\/wp\/v2\/posts\/2700\/revisions"}],"wp:featuredmedia":[{"embeddable":true,"href":"https:\/\/www.organisator.ch\/it\/wp-json\/wp\/v2\/media\/2701"}],"wp:attachment":[{"href":"https:\/\/www.organisator.ch\/it\/wp-json\/wp\/v2\/media?parent=2700"}],"wp:term":[{"taxonomy":"category","embeddable":true,"href":"https:\/\/www.organisator.ch\/it\/wp-json\/wp\/v2\/categories?post=2700"},{"taxonomy":"post_tag","embeddable":true,"href":"https:\/\/www.organisator.ch\/it\/wp-json\/wp\/v2\/tags?post=2700"}],"curies":[{"name":"wp","href":"https:\/\/api.w.org\/{rel}","templated":true}]}}