{"id":27065,"date":"2024-05-13T11:14:49","date_gmt":"2024-05-13T09:14:49","guid":{"rendered":"https:\/\/www.werbewoche.ch\/?p=214877"},"modified":"2024-11-11T06:11:49","modified_gmt":"2024-11-11T05:11:49","slug":"stiftung-braendi-mit-neuem-auftritt-von-a4","status":"publish","type":"post","link":"https:\/\/www.organisator.ch\/it\/marketing\/2024-05-13\/stiftung-braendi-mit-neuem-auftritt-von-a4\/","title":{"rendered":"Fondazione Br\u00e4ndi con un nuovo sito web A4"},"content":{"rendered":"<p><img class=\"alignnone wp-image-214883 size-full\" src=\"https:\/\/www.werbewoche.ch\/wp-content\/uploads\/2024\/05\/Braendi3.jpg\" alt=\"Inclusione Br\u00e4ndi\" width=\"1200\" height=\"749\" \/>Molti conoscono Br\u00e4ndi dal gioco cult \"Br\u00e4ndi Dog\". Ma solo pochi sanno questo: Br\u00e4ndi \u00e8 la pi\u00f9 grande istituzione svizzera per l'inclusione delle persone con disabilit\u00e0. Oggi, pi\u00f9 di 2000 persone vivono e lavorano presso la fondazione. Per garantire il successo dell'istituzione in futuro, la direzione ha avviato un processo di sviluppo strategico completo.<\/p>\r\n<p>Una parte importante di questo processo \u00e8 la nuova identit\u00e0 visiva, che ha lo scopo di rendere visibile e tangibile a tutti il riorientamento. \u00c8 stata sviluppata da A4 Agentur, un fornitore di servizi completi di Rotkreuz. Il nuovo logo simboleggia in modo sottile il tema dell'inclusione con la legatura delle lettere. L'arco circolare che ne deriva \u00e8 un elemento centrale del design. Il nuovo claim \"Making more possible\" intende riassumere il messaggio del riorientamento: Br\u00e4ndi riconosce e realizza il potenziale delle persone e supera i presunti limiti.<\/p>\r\n<h3>Filmato strategico per il calcio d'inizio<\/h3>\r\n<p>L'agenzia A4 ha progettato e prodotto un filmato strategico e un volantino per l'evento interno di lancio. L'agenzia sta attualmente lavorando a diverse realizzazioni: dalla riprogettazione del packaging di alimenti e giochi a pubblicit\u00e0, poster, brochure e all'ampliamento del design delle schermate web.<\/p>\r\n<hr \/>\r\n<p><strong>Responsabile presso Br\u00e4ndi:<\/strong> Marcel Hossli (Amministratore delegato), Matthias Moser (Responsabile marketing e comunicazione), Karin Strik (Responsabile marketing e vendite prodotti Br\u00e4ndi). <strong>Responsabile presso A4 Agentur:<\/strong> Patrik Frei (direzione), Nicole von Wartburg (concetto, testo), Simone Amrein (concetto, design), Larissa Schelbert (consulenza, gestione del progetto), Brigitte Frei (testo).<\/p>","protected":false},"excerpt":{"rendered":"<p>La Fondazione Br\u00e4ndi si dota di una nuova identit\u00e0 di marca: A4 Agentur ha sviluppato un concetto di corporate design completo. I punti centrali sono il nuovo logo e il nuovo claim: Br\u00e4ndi. Rendere pi\u00f9 possibile.<\/p>","protected":false},"author":8,"featured_media":0,"comment_status":"closed","ping_status":"closed","sticky":false,"template":"","format":"standard","meta":{"_acf_changed":false,"_yoast_wpseo_focuskw":"Br\u00e4ndi Inklusion","_yoast_wpseo_metadesc":"Br\u00e4ndi pr\u00e4sentiert neuen visuellen Auftritt zur F\u00f6rderung der Inklusion in der Schweiz. Zukunftsorientierte Strategie und Branding.","articlekey":"","footnotes":""},"categories":[29],"tags":[4221,2617],"class_list":["post-27065","post","type-post","status-publish","format-standard","hentry","category-marketing","tag-a4","tag-marken"],"acf":[],"yoast_head":"<!-- This site is optimized with the Yoast SEO plugin v27.5 - https:\/\/yoast.com\/product\/yoast-seo-wordpress\/ -->\n<title>Stiftung Br\u00e4ndi mit neuem Auftritt von A4 - Organisator<\/title>\n<meta name=\"description\" content=\"Br\u00e4ndi pr\u00e4sentiert neuen visuellen Auftritt zur F\u00f6rderung der Inklusion in der Schweiz. Zukunftsorientierte Strategie und Branding.\" \/>\n<meta name=\"robots\" content=\"index, follow, max-snippet:-1, max-image-preview:large, max-video-preview:-1\" \/>\n<link rel=\"canonical\" href=\"https:\/\/www.organisator.ch\/it\/marketing\/2024-05-13\/stiftung-braendi-mit-neuem-auftritt-von-a4\/\" \/>\n<meta property=\"og:locale\" content=\"it_IT\" \/>\n<meta property=\"og:type\" content=\"article\" \/>\n<meta property=\"og:title\" content=\"Stiftung Br\u00e4ndi mit neuem Auftritt von A4 - Organisator\" \/>\n<meta property=\"og:description\" content=\"Br\u00e4ndi pr\u00e4sentiert neuen visuellen Auftritt zur F\u00f6rderung der Inklusion in der Schweiz. Zukunftsorientierte Strategie und Branding.\" \/>\n<meta property=\"og:url\" content=\"https:\/\/www.organisator.ch\/it\/marketing\/2024-05-13\/stiftung-braendi-mit-neuem-auftritt-von-a4\/\" \/>\n<meta property=\"og:site_name\" content=\"Organisator\" \/>\n<meta property=\"article:publisher\" content=\"https:\/\/www.facebook.com\/OrganisatorFachmagazin\" \/>\n<meta property=\"article:published_time\" content=\"2024-05-13T09:14:49+00:00\" \/>\n<meta property=\"article:modified_time\" content=\"2024-11-11T05:11:49+00:00\" \/>\n<meta property=\"og:image\" content=\"https:\/\/www.werbewoche.ch\/wp-content\/uploads\/2024\/05\/Braendi3.jpg\" \/>\n<meta name=\"author\" content=\"galledia\" \/>\n<meta name=\"twitter:card\" content=\"summary_large_image\" \/>\n<meta name=\"twitter:creator\" content=\"@admin\" \/>\n<script type=\"application\/ld+json\" class=\"yoast-schema-graph\">{\"@context\":\"https:\\\/\\\/schema.org\",\"@graph\":[{\"@type\":\"Article\",\"@id\":\"https:\\\/\\\/www.organisator.ch\\\/marketing\\\/2024-05-13\\\/stiftung-braendi-mit-neuem-auftritt-von-a4\\\/#article\",\"isPartOf\":{\"@id\":\"https:\\\/\\\/www.organisator.ch\\\/marketing\\\/2024-05-13\\\/stiftung-braendi-mit-neuem-auftritt-von-a4\\\/\"},\"author\":{\"name\":\"galledia\",\"@id\":\"https:\\\/\\\/www.organisator.ch\\\/#\\\/schema\\\/person\\\/4e51799071cd2dd1232ac003643ef5f0\"},\"headline\":\"Stiftung Br\u00e4ndi mit neuem Auftritt von A4\",\"datePublished\":\"2024-05-13T09:14:49+00:00\",\"dateModified\":\"2024-11-11T05:11:49+00:00\",\"mainEntityOfPage\":{\"@id\":\"https:\\\/\\\/www.organisator.ch\\\/marketing\\\/2024-05-13\\\/stiftung-braendi-mit-neuem-auftritt-von-a4\\\/\"},\"wordCount\":241,\"publisher\":{\"@id\":\"https:\\\/\\\/www.organisator.ch\\\/#organization\"},\"image\":{\"@id\":\"https:\\\/\\\/www.organisator.ch\\\/marketing\\\/2024-05-13\\\/stiftung-braendi-mit-neuem-auftritt-von-a4\\\/#primaryimage\"},\"thumbnailUrl\":\"https:\\\/\\\/www.werbewoche.ch\\\/wp-content\\\/uploads\\\/2024\\\/05\\\/Braendi3.jpg\",\"keywords\":[\"A4\",\"Marken\"],\"articleSection\":[\"MARKETING\"],\"inLanguage\":\"it-IT\"},{\"@type\":\"WebPage\",\"@id\":\"https:\\\/\\\/www.organisator.ch\\\/marketing\\\/2024-05-13\\\/stiftung-braendi-mit-neuem-auftritt-von-a4\\\/\",\"url\":\"https:\\\/\\\/www.organisator.ch\\\/marketing\\\/2024-05-13\\\/stiftung-braendi-mit-neuem-auftritt-von-a4\\\/\",\"name\":\"Stiftung Br\u00e4ndi mit neuem Auftritt von A4 - Organisator\",\"isPartOf\":{\"@id\":\"https:\\\/\\\/www.organisator.ch\\\/#website\"},\"primaryImageOfPage\":{\"@id\":\"https:\\\/\\\/www.organisator.ch\\\/marketing\\\/2024-05-13\\\/stiftung-braendi-mit-neuem-auftritt-von-a4\\\/#primaryimage\"},\"image\":{\"@id\":\"https:\\\/\\\/www.organisator.ch\\\/marketing\\\/2024-05-13\\\/stiftung-braendi-mit-neuem-auftritt-von-a4\\\/#primaryimage\"},\"thumbnailUrl\":\"https:\\\/\\\/www.werbewoche.ch\\\/wp-content\\\/uploads\\\/2024\\\/05\\\/Braendi3.jpg\",\"datePublished\":\"2024-05-13T09:14:49+00:00\",\"dateModified\":\"2024-11-11T05:11:49+00:00\",\"description\":\"Br\u00e4ndi pr\u00e4sentiert neuen visuellen Auftritt zur F\u00f6rderung der Inklusion in der Schweiz. Zukunftsorientierte Strategie und Branding.\",\"breadcrumb\":{\"@id\":\"https:\\\/\\\/www.organisator.ch\\\/marketing\\\/2024-05-13\\\/stiftung-braendi-mit-neuem-auftritt-von-a4\\\/#breadcrumb\"},\"inLanguage\":\"it-IT\",\"potentialAction\":[{\"@type\":\"ReadAction\",\"target\":[\"https:\\\/\\\/www.organisator.ch\\\/marketing\\\/2024-05-13\\\/stiftung-braendi-mit-neuem-auftritt-von-a4\\\/\"]}]},{\"@type\":\"ImageObject\",\"inLanguage\":\"it-IT\",\"@id\":\"https:\\\/\\\/www.organisator.ch\\\/marketing\\\/2024-05-13\\\/stiftung-braendi-mit-neuem-auftritt-von-a4\\\/#primaryimage\",\"url\":\"https:\\\/\\\/www.werbewoche.ch\\\/wp-content\\\/uploads\\\/2024\\\/05\\\/Braendi3.jpg\",\"contentUrl\":\"https:\\\/\\\/www.werbewoche.ch\\\/wp-content\\\/uploads\\\/2024\\\/05\\\/Braendi3.jpg\"},{\"@type\":\"BreadcrumbList\",\"@id\":\"https:\\\/\\\/www.organisator.ch\\\/marketing\\\/2024-05-13\\\/stiftung-braendi-mit-neuem-auftritt-von-a4\\\/#breadcrumb\",\"itemListElement\":[{\"@type\":\"ListItem\",\"position\":1,\"name\":\"Home\",\"item\":\"https:\\\/\\\/www.organisator.ch\\\/\"},{\"@type\":\"ListItem\",\"position\":2,\"name\":\"Stiftung Br\u00e4ndi mit neuem Auftritt von A4\"}]},{\"@type\":\"WebSite\",\"@id\":\"https:\\\/\\\/www.organisator.ch\\\/#website\",\"url\":\"https:\\\/\\\/www.organisator.ch\\\/\",\"name\":\"Organisator\",\"description\":\"Kompetent. Praxisnah. Der ORGANISATOR bereitet in 10 Ausgaben pro Jahr die wesentlichen Themen f\u00fcr F\u00fchrungskr\u00e4fte von KMU auf.\",\"publisher\":{\"@id\":\"https:\\\/\\\/www.organisator.ch\\\/#organization\"},\"potentialAction\":[{\"@type\":\"SearchAction\",\"target\":{\"@type\":\"EntryPoint\",\"urlTemplate\":\"https:\\\/\\\/www.organisator.ch\\\/?s={search_term_string}\"},\"query-input\":{\"@type\":\"PropertyValueSpecification\",\"valueRequired\":true,\"valueName\":\"search_term_string\"}}],\"inLanguage\":\"it-IT\"},{\"@type\":\"Organization\",\"@id\":\"https:\\\/\\\/www.organisator.ch\\\/#organization\",\"name\":\"Organisator\",\"url\":\"https:\\\/\\\/www.organisator.ch\\\/\",\"logo\":{\"@type\":\"ImageObject\",\"inLanguage\":\"it-IT\",\"@id\":\"https:\\\/\\\/www.organisator.ch\\\/#\\\/schema\\\/logo\\\/image\\\/\",\"url\":\"https:\\\/\\\/www.organisator.ch\\\/wp-content\\\/uploads\\\/2022\\\/01\\\/Logo_Organisator_Website.png\",\"contentUrl\":\"https:\\\/\\\/www.organisator.ch\\\/wp-content\\\/uploads\\\/2022\\\/01\\\/Logo_Organisator_Website.png\",\"width\":800,\"height\":77,\"caption\":\"Organisator\"},\"image\":{\"@id\":\"https:\\\/\\\/www.organisator.ch\\\/#\\\/schema\\\/logo\\\/image\\\/\"},\"sameAs\":[\"https:\\\/\\\/www.facebook.com\\\/OrganisatorFachmagazin\",\"https:\\\/\\\/www.linkedin.com\\\/showcase\\\/organisator-das-magazin-fr-kmu\",\"https:\\\/\\\/www.xing.com\\\/news\\\/pages\\\/organisator-ch-695\",\"https:\\\/\\\/www.youtube.com\\\/channel\\\/UCGP2Sq0iWaZwT3BdIAQFYpw\"]},{\"@type\":\"Person\",\"@id\":\"https:\\\/\\\/www.organisator.ch\\\/#\\\/schema\\\/person\\\/4e51799071cd2dd1232ac003643ef5f0\",\"name\":\"galledia\",\"image\":{\"@type\":\"ImageObject\",\"inLanguage\":\"it-IT\",\"@id\":\"https:\\\/\\\/secure.gravatar.com\\\/avatar\\\/78a7f90c01fc2bfc875782a0d4922b37cde2cf184ce347b91316d23cd7f69a36?s=96&d=mm&r=g\",\"url\":\"https:\\\/\\\/secure.gravatar.com\\\/avatar\\\/78a7f90c01fc2bfc875782a0d4922b37cde2cf184ce347b91316d23cd7f69a36?s=96&d=mm&r=g\",\"contentUrl\":\"https:\\\/\\\/secure.gravatar.com\\\/avatar\\\/78a7f90c01fc2bfc875782a0d4922b37cde2cf184ce347b91316d23cd7f69a36?s=96&d=mm&r=g\",\"caption\":\"galledia\"},\"sameAs\":[\"https:\\\/\\\/x.com\\\/admin\"],\"url\":\"https:\\\/\\\/www.organisator.ch\\\/it\\\/author\\\/galledia\\\/\"}]}<\/script>\n<!-- \/ Yoast SEO plugin. -->","yoast_head_json":{"title":"La Fondazione Br\u00e4ndi con la nuova veste di A4 - Organizzatore","description":"Br\u00e4ndi presenta una nuova identit\u00e0 visiva per promuovere l'inclusione in Svizzera. Strategia e branding orientati al futuro.","robots":{"index":"index","follow":"follow","max-snippet":"max-snippet:-1","max-image-preview":"max-image-preview:large","max-video-preview":"max-video-preview:-1"},"canonical":"https:\/\/www.organisator.ch\/it\/marketing\/2024-05-13\/stiftung-braendi-mit-neuem-auftritt-von-a4\/","og_locale":"it_IT","og_type":"article","og_title":"Stiftung Br\u00e4ndi mit neuem Auftritt von A4 - Organisator","og_description":"Br\u00e4ndi pr\u00e4sentiert neuen visuellen Auftritt zur F\u00f6rderung der Inklusion in der Schweiz. Zukunftsorientierte Strategie und Branding.","og_url":"https:\/\/www.organisator.ch\/it\/marketing\/2024-05-13\/stiftung-braendi-mit-neuem-auftritt-von-a4\/","og_site_name":"Organisator","article_publisher":"https:\/\/www.facebook.com\/OrganisatorFachmagazin","article_published_time":"2024-05-13T09:14:49+00:00","article_modified_time":"2024-11-11T05:11:49+00:00","og_image":[{"url":"https:\/\/www.werbewoche.ch\/wp-content\/uploads\/2024\/05\/Braendi3.jpg","type":"","width":"","height":""}],"author":"galledia","twitter_card":"summary_large_image","twitter_creator":"@admin","schema":{"@context":"https:\/\/schema.org","@graph":[{"@type":"Article","@id":"https:\/\/www.organisator.ch\/marketing\/2024-05-13\/stiftung-braendi-mit-neuem-auftritt-von-a4\/#article","isPartOf":{"@id":"https:\/\/www.organisator.ch\/marketing\/2024-05-13\/stiftung-braendi-mit-neuem-auftritt-von-a4\/"},"author":{"name":"galledia","@id":"https:\/\/www.organisator.ch\/#\/schema\/person\/4e51799071cd2dd1232ac003643ef5f0"},"headline":"Stiftung Br\u00e4ndi mit neuem Auftritt von A4","datePublished":"2024-05-13T09:14:49+00:00","dateModified":"2024-11-11T05:11:49+00:00","mainEntityOfPage":{"@id":"https:\/\/www.organisator.ch\/marketing\/2024-05-13\/stiftung-braendi-mit-neuem-auftritt-von-a4\/"},"wordCount":241,"publisher":{"@id":"https:\/\/www.organisator.ch\/#organization"},"image":{"@id":"https:\/\/www.organisator.ch\/marketing\/2024-05-13\/stiftung-braendi-mit-neuem-auftritt-von-a4\/#primaryimage"},"thumbnailUrl":"https:\/\/www.werbewoche.ch\/wp-content\/uploads\/2024\/05\/Braendi3.jpg","keywords":["A4","Marken"],"articleSection":["MARKETING"],"inLanguage":"it-IT"},{"@type":"WebPage","@id":"https:\/\/www.organisator.ch\/marketing\/2024-05-13\/stiftung-braendi-mit-neuem-auftritt-von-a4\/","url":"https:\/\/www.organisator.ch\/marketing\/2024-05-13\/stiftung-braendi-mit-neuem-auftritt-von-a4\/","name":"La Fondazione Br\u00e4ndi con la nuova veste di A4 - Organizzatore","isPartOf":{"@id":"https:\/\/www.organisator.ch\/#website"},"primaryImageOfPage":{"@id":"https:\/\/www.organisator.ch\/marketing\/2024-05-13\/stiftung-braendi-mit-neuem-auftritt-von-a4\/#primaryimage"},"image":{"@id":"https:\/\/www.organisator.ch\/marketing\/2024-05-13\/stiftung-braendi-mit-neuem-auftritt-von-a4\/#primaryimage"},"thumbnailUrl":"https:\/\/www.werbewoche.ch\/wp-content\/uploads\/2024\/05\/Braendi3.jpg","datePublished":"2024-05-13T09:14:49+00:00","dateModified":"2024-11-11T05:11:49+00:00","description":"Br\u00e4ndi presenta una nuova identit\u00e0 visiva per promuovere l'inclusione in Svizzera. Strategia e branding orientati al futuro.","breadcrumb":{"@id":"https:\/\/www.organisator.ch\/marketing\/2024-05-13\/stiftung-braendi-mit-neuem-auftritt-von-a4\/#breadcrumb"},"inLanguage":"it-IT","potentialAction":[{"@type":"ReadAction","target":["https:\/\/www.organisator.ch\/marketing\/2024-05-13\/stiftung-braendi-mit-neuem-auftritt-von-a4\/"]}]},{"@type":"ImageObject","inLanguage":"it-IT","@id":"https:\/\/www.organisator.ch\/marketing\/2024-05-13\/stiftung-braendi-mit-neuem-auftritt-von-a4\/#primaryimage","url":"https:\/\/www.werbewoche.ch\/wp-content\/uploads\/2024\/05\/Braendi3.jpg","contentUrl":"https:\/\/www.werbewoche.ch\/wp-content\/uploads\/2024\/05\/Braendi3.jpg"},{"@type":"BreadcrumbList","@id":"https:\/\/www.organisator.ch\/marketing\/2024-05-13\/stiftung-braendi-mit-neuem-auftritt-von-a4\/#breadcrumb","itemListElement":[{"@type":"ListItem","position":1,"name":"Home","item":"https:\/\/www.organisator.ch\/"},{"@type":"ListItem","position":2,"name":"Stiftung Br\u00e4ndi mit neuem Auftritt von A4"}]},{"@type":"WebSite","@id":"https:\/\/www.organisator.ch\/#website","url":"https:\/\/www.organisator.ch\/","name":"Organizzatore","description":"Competente. Pratico. In 10 numeri all'anno, ORGANISATOR presenta i temi essenziali per i manager delle PMI.","publisher":{"@id":"https:\/\/www.organisator.ch\/#organization"},"potentialAction":[{"@type":"SearchAction","target":{"@type":"EntryPoint","urlTemplate":"https:\/\/www.organisator.ch\/?s={search_term_string}"},"query-input":{"@type":"PropertyValueSpecification","valueRequired":true,"valueName":"search_term_string"}}],"inLanguage":"it-IT"},{"@type":"Organization","@id":"https:\/\/www.organisator.ch\/#organization","name":"Organizzatore","url":"https:\/\/www.organisator.ch\/","logo":{"@type":"ImageObject","inLanguage":"it-IT","@id":"https:\/\/www.organisator.ch\/#\/schema\/logo\/image\/","url":"https:\/\/www.organisator.ch\/wp-content\/uploads\/2022\/01\/Logo_Organisator_Website.png","contentUrl":"https:\/\/www.organisator.ch\/wp-content\/uploads\/2022\/01\/Logo_Organisator_Website.png","width":800,"height":77,"caption":"Organisator"},"image":{"@id":"https:\/\/www.organisator.ch\/#\/schema\/logo\/image\/"},"sameAs":["https:\/\/www.facebook.com\/OrganisatorFachmagazin","https:\/\/www.linkedin.com\/showcase\/organisator-das-magazin-fr-kmu","https:\/\/www.xing.com\/news\/pages\/organisator-ch-695","https:\/\/www.youtube.com\/channel\/UCGP2Sq0iWaZwT3BdIAQFYpw"]},{"@type":"Person","@id":"https:\/\/www.organisator.ch\/#\/schema\/person\/4e51799071cd2dd1232ac003643ef5f0","name":"galledia","image":{"@type":"ImageObject","inLanguage":"it-IT","@id":"https:\/\/secure.gravatar.com\/avatar\/78a7f90c01fc2bfc875782a0d4922b37cde2cf184ce347b91316d23cd7f69a36?s=96&d=mm&r=g","url":"https:\/\/secure.gravatar.com\/avatar\/78a7f90c01fc2bfc875782a0d4922b37cde2cf184ce347b91316d23cd7f69a36?s=96&d=mm&r=g","contentUrl":"https:\/\/secure.gravatar.com\/avatar\/78a7f90c01fc2bfc875782a0d4922b37cde2cf184ce347b91316d23cd7f69a36?s=96&d=mm&r=g","caption":"galledia"},"sameAs":["https:\/\/x.com\/admin"],"url":"https:\/\/www.organisator.ch\/it\/author\/galledia\/"}]}},"_links":{"self":[{"href":"https:\/\/www.organisator.ch\/it\/wp-json\/wp\/v2\/posts\/27065","targetHints":{"allow":["GET"]}}],"collection":[{"href":"https:\/\/www.organisator.ch\/it\/wp-json\/wp\/v2\/posts"}],"about":[{"href":"https:\/\/www.organisator.ch\/it\/wp-json\/wp\/v2\/types\/post"}],"author":[{"embeddable":true,"href":"https:\/\/www.organisator.ch\/it\/wp-json\/wp\/v2\/users\/8"}],"replies":[{"embeddable":true,"href":"https:\/\/www.organisator.ch\/it\/wp-json\/wp\/v2\/comments?post=27065"}],"version-history":[{"count":3,"href":"https:\/\/www.organisator.ch\/it\/wp-json\/wp\/v2\/posts\/27065\/revisions"}],"predecessor-version":[{"id":32260,"href":"https:\/\/www.organisator.ch\/it\/wp-json\/wp\/v2\/posts\/27065\/revisions\/32260"}],"wp:attachment":[{"href":"https:\/\/www.organisator.ch\/it\/wp-json\/wp\/v2\/media?parent=27065"}],"wp:term":[{"taxonomy":"category","embeddable":true,"href":"https:\/\/www.organisator.ch\/it\/wp-json\/wp\/v2\/categories?post=27065"},{"taxonomy":"post_tag","embeddable":true,"href":"https:\/\/www.organisator.ch\/it\/wp-json\/wp\/v2\/tags?post=27065"}],"curies":[{"name":"wp","href":"https:\/\/api.w.org\/{rel}","templated":true}]}}