{"id":27071,"date":"2024-05-14T08:14:06","date_gmt":"2024-05-14T06:14:06","guid":{"rendered":"https:\/\/www.m-q.ch\/?p=19743"},"modified":"2024-11-11T06:10:10","modified_gmt":"2024-11-11T05:10:10","slug":"eraneos-group-ernennt-stefan-tijsinger-zum-cfo","status":"publish","type":"post","link":"https:\/\/www.organisator.ch\/it\/operational-excellence\/2024-05-14\/eraneos-group-ernennt-stefan-tijsinger-zum-cfo\/","title":{"rendered":"Il Gruppo Eraneos nomina Stefan Tijsinger come direttore finanziario"},"content":{"rendered":"<figure id=\"attachment_19745\" class=\"wp-caption alignnone\" style=\"width: 680px\" aria-describedby=\"caption-attachment-19745\"><img class=\"alignnone wp-image-19745 size-full\" src=\"https:\/\/www.m-q.ch\/wp-content\/uploads\/2024\/05\/Eraneos-Group-ernennt-Stefan-Tijsinger-zum-CFO_MQ.png\" alt=\"Stefan Tijsinger\" width=\"680\" height=\"453\" \/>\r\n<figcaption id=\"caption-attachment-19745\" class=\"wp-caption-text\">Oliver Vaterlaus (a sinistra) con Stefan Tijsinger, nuovo direttore finanziario del Gruppo Eraneos. (Immagine: zVg \/ Eraneos)<\/figcaption>\r\n<\/figure>\r\n<p>Il Gruppo Eraneos \u00e8 un gruppo internazionale di consulenza gestionale e tecnologica che offre servizi nel campo della digitalizzazione e della trasformazione, dallo sviluppo della strategia all'implementazione. \u00c8 nato dalla fusione di Ginkgo Management Consulting, Quint Group e AWK Group annunciata nel 2021. DCP \u00e8 stata aggiunta nel 2022 e anche SMP e Convalid fanno parte del gruppo dal 2023. Il gruppo serve clienti in tre continenti e conta 1075 dipendenti.<\/p>\r\n<h3>Sostenere la crescita<\/h3>\r\n<p>Stefan Tijsinger sar\u00e0 il nuovo CFO del Gruppo. Tijsinger vanta un'esperienza pluriennale nei settori della finanza, dell'IT e della digitalizzazione e porta con s\u00e9 una vasta esperienza in materia di controlling, contabilit\u00e0, rischio e conformit\u00e0, tesoreria e M&amp;A. Oliver Vaterlaus, CEO del Gruppo Eraneos, commenta cos\u00ec il nuovo ingresso: \"Eraneos continua a crescere e la collaborazione tra le varie societ\u00e0 nazionali \u00e8 in costante aumento. Il profilo di Stefan Tijsinger si adatta perfettamente a Eraneos e alla nostra direzione strategica. Non solo ha una vasta esperienza come CFO, ma ha anche una conoscenza approfondita di come gestire un gruppo di consulenza internazionale in modo da massimizzare i vantaggi per i clienti. Sono convinto che sar\u00e0 un'aggiunta preziosa al nostro team\".<\/p>\r\n<h3>Molti anni di esperienza nel settore della consulenza<\/h3>\r\n<p>Stefan Tijsinger succede a Uwe Schiller, che \u00e8 entrato in Eraneos nel gennaio 2022 e da allora ha creato un'organizzazione finanziaria internazionale per l'azienda. Schiller affiancher\u00e0 Stefan Tijsinger durante una fase di transizione e lascer\u00e0 Eraneos su sua richiesta il 30 settembre 2024.<\/p>\r\n<p>Stefan Tijsinger - che ha sempre lavorato nel settore della consulenza - ha lavorato di recente presso Xebia, dove ha ricoperto il ruolo di Group CFO. \u00c8 entrato in azienda nel 2016 come CFO di Xebia Consultancy Services. Tra le altre cose, \u00e8 stato responsabile della creazione di un'organizzazione finanziaria globale, dei piani finanziari strategici, delle attivit\u00e0 di M&amp;A, delle relazioni con gli investitori e delle aree legali e di rischio e conformit\u00e0.<\/p>\r\n<p><a href=\"https:\/\/www.eraneos.com\/\"><em>Fonte e ulteriori informazioni<\/em><\/a><\/p>\n<p class=\"syndicated-attribution\">Questo articolo \u00e8 apparso originariamente su m-q.ch - <a href=\"https:\/\/www.m-q.ch\/de\/eraneos-group-ernennt-stefan-tijsinger-zum-cfo\/\" target=\"_blank\">https:\/\/www.m-q.ch\/de\/eraneos-group-ernennt-stefan-tijsinger-zum-cfo\/<\/a><\/p>","protected":false},"excerpt":{"rendered":"<p>Il Gruppo Eraneos, societ\u00e0 internazionale di consulenza per la tecnologia e la trasformazione digitale, ha nominato Stefan Tijsinger Chief Financial Officer (CFO) e membro del Comitato esecutivo. Sar\u00e0 responsabile della crescita redditizia e dell'internazionalizzazione dell'azienda.<\/p>","protected":false},"author":8,"featured_media":0,"comment_status":"closed","ping_status":"closed","sticky":false,"template":"","format":"standard","meta":{"_acf_changed":false,"_yoast_wpseo_focuskw":"Stefan Tijsinger","_yoast_wpseo_metadesc":"Stefan Tijsinger wird neuer CFO der Eraneos Group. Unterst\u00fctzung des Wachstumskurses und St\u00e4rkung der internationalen Zusammenarbeit.","articlekey":"","footnotes":""},"categories":[582],"tags":[103,128,335,381,492],"class_list":["post-27071","post","type-post","status-publish","format-standard","hentry","category-operational-excellence","tag-business-excellence","tag-consulting","tag-management-und-unternehmensfuehrung","tag-personalia","tag-unternehmen"],"acf":[],"yoast_head":"<!-- This site is optimized with the Yoast SEO plugin v27.4 - https:\/\/yoast.com\/product\/yoast-seo-wordpress\/ -->\n<title>Eraneos Group ernennt Stefan Tijsinger zum CFO - Organisator<\/title>\n<meta name=\"description\" content=\"Stefan Tijsinger wird neuer CFO der Eraneos Group. Unterst\u00fctzung des Wachstumskurses und St\u00e4rkung der internationalen Zusammenarbeit.\" \/>\n<meta name=\"robots\" content=\"index, follow, max-snippet:-1, max-image-preview:large, max-video-preview:-1\" \/>\n<link rel=\"canonical\" href=\"https:\/\/www.organisator.ch\/it\/eccellenza-operativa\/2024-05-14\/eraneos-group-ernennt-stefan-tijsinger-zum-cfo\/\" \/>\n<meta property=\"og:locale\" content=\"it_IT\" \/>\n<meta property=\"og:type\" content=\"article\" \/>\n<meta property=\"og:title\" content=\"Eraneos Group ernennt Stefan Tijsinger zum CFO - Organisator\" \/>\n<meta property=\"og:description\" content=\"Stefan Tijsinger wird neuer CFO der Eraneos Group. Unterst\u00fctzung des Wachstumskurses und St\u00e4rkung der internationalen Zusammenarbeit.\" \/>\n<meta property=\"og:url\" content=\"https:\/\/www.organisator.ch\/it\/eccellenza-operativa\/2024-05-14\/eraneos-group-ernennt-stefan-tijsinger-zum-cfo\/\" \/>\n<meta property=\"og:site_name\" content=\"Organisator\" \/>\n<meta property=\"article:publisher\" content=\"https:\/\/www.facebook.com\/OrganisatorFachmagazin\" \/>\n<meta property=\"article:published_time\" content=\"2024-05-14T06:14:06+00:00\" \/>\n<meta property=\"article:modified_time\" content=\"2024-11-11T05:10:10+00:00\" \/>\n<meta property=\"og:image\" content=\"https:\/\/www.m-q.ch\/wp-content\/uploads\/2024\/05\/Eraneos-Group-ernennt-Stefan-Tijsinger-zum-CFO_MQ.png\" \/>\n<meta name=\"author\" content=\"galledia\" \/>\n<meta name=\"twitter:card\" content=\"summary_large_image\" \/>\n<meta name=\"twitter:creator\" content=\"@admin\" \/>\n<script type=\"application\/ld+json\" class=\"yoast-schema-graph\">{\"@context\":\"https:\\\/\\\/schema.org\",\"@graph\":[{\"@type\":\"Article\",\"@id\":\"https:\\\/\\\/www.organisator.ch\\\/operational-excellence\\\/2024-05-14\\\/eraneos-group-ernennt-stefan-tijsinger-zum-cfo\\\/#article\",\"isPartOf\":{\"@id\":\"https:\\\/\\\/www.organisator.ch\\\/operational-excellence\\\/2024-05-14\\\/eraneos-group-ernennt-stefan-tijsinger-zum-cfo\\\/\"},\"author\":{\"name\":\"galledia\",\"@id\":\"https:\\\/\\\/www.organisator.ch\\\/#\\\/schema\\\/person\\\/4e51799071cd2dd1232ac003643ef5f0\"},\"headline\":\"Eraneos Group ernennt Stefan Tijsinger zum CFO\",\"datePublished\":\"2024-05-14T06:14:06+00:00\",\"dateModified\":\"2024-11-11T05:10:10+00:00\",\"mainEntityOfPage\":{\"@id\":\"https:\\\/\\\/www.organisator.ch\\\/operational-excellence\\\/2024-05-14\\\/eraneos-group-ernennt-stefan-tijsinger-zum-cfo\\\/\"},\"wordCount\":333,\"publisher\":{\"@id\":\"https:\\\/\\\/www.organisator.ch\\\/#organization\"},\"image\":{\"@id\":\"https:\\\/\\\/www.organisator.ch\\\/operational-excellence\\\/2024-05-14\\\/eraneos-group-ernennt-stefan-tijsinger-zum-cfo\\\/#primaryimage\"},\"thumbnailUrl\":\"https:\\\/\\\/www.m-q.ch\\\/wp-content\\\/uploads\\\/2024\\\/05\\\/Eraneos-Group-ernennt-Stefan-Tijsinger-zum-CFO_MQ.png\",\"keywords\":[\"Business Excellence\",\"Consulting\",\"Management und Unternehmensf\u00fchrung\",\"Personalia\",\"Unternehmen\"],\"articleSection\":[\"OPERATIONAL EXCELLENCE\"],\"inLanguage\":\"it-IT\"},{\"@type\":\"WebPage\",\"@id\":\"https:\\\/\\\/www.organisator.ch\\\/operational-excellence\\\/2024-05-14\\\/eraneos-group-ernennt-stefan-tijsinger-zum-cfo\\\/\",\"url\":\"https:\\\/\\\/www.organisator.ch\\\/operational-excellence\\\/2024-05-14\\\/eraneos-group-ernennt-stefan-tijsinger-zum-cfo\\\/\",\"name\":\"Eraneos Group ernennt Stefan Tijsinger zum CFO - Organisator\",\"isPartOf\":{\"@id\":\"https:\\\/\\\/www.organisator.ch\\\/#website\"},\"primaryImageOfPage\":{\"@id\":\"https:\\\/\\\/www.organisator.ch\\\/operational-excellence\\\/2024-05-14\\\/eraneos-group-ernennt-stefan-tijsinger-zum-cfo\\\/#primaryimage\"},\"image\":{\"@id\":\"https:\\\/\\\/www.organisator.ch\\\/operational-excellence\\\/2024-05-14\\\/eraneos-group-ernennt-stefan-tijsinger-zum-cfo\\\/#primaryimage\"},\"thumbnailUrl\":\"https:\\\/\\\/www.m-q.ch\\\/wp-content\\\/uploads\\\/2024\\\/05\\\/Eraneos-Group-ernennt-Stefan-Tijsinger-zum-CFO_MQ.png\",\"datePublished\":\"2024-05-14T06:14:06+00:00\",\"dateModified\":\"2024-11-11T05:10:10+00:00\",\"description\":\"Stefan Tijsinger wird neuer CFO der Eraneos Group. Unterst\u00fctzung des Wachstumskurses und St\u00e4rkung der internationalen Zusammenarbeit.\",\"breadcrumb\":{\"@id\":\"https:\\\/\\\/www.organisator.ch\\\/operational-excellence\\\/2024-05-14\\\/eraneos-group-ernennt-stefan-tijsinger-zum-cfo\\\/#breadcrumb\"},\"inLanguage\":\"it-IT\",\"potentialAction\":[{\"@type\":\"ReadAction\",\"target\":[\"https:\\\/\\\/www.organisator.ch\\\/operational-excellence\\\/2024-05-14\\\/eraneos-group-ernennt-stefan-tijsinger-zum-cfo\\\/\"]}]},{\"@type\":\"ImageObject\",\"inLanguage\":\"it-IT\",\"@id\":\"https:\\\/\\\/www.organisator.ch\\\/operational-excellence\\\/2024-05-14\\\/eraneos-group-ernennt-stefan-tijsinger-zum-cfo\\\/#primaryimage\",\"url\":\"https:\\\/\\\/www.m-q.ch\\\/wp-content\\\/uploads\\\/2024\\\/05\\\/Eraneos-Group-ernennt-Stefan-Tijsinger-zum-CFO_MQ.png\",\"contentUrl\":\"https:\\\/\\\/www.m-q.ch\\\/wp-content\\\/uploads\\\/2024\\\/05\\\/Eraneos-Group-ernennt-Stefan-Tijsinger-zum-CFO_MQ.png\"},{\"@type\":\"BreadcrumbList\",\"@id\":\"https:\\\/\\\/www.organisator.ch\\\/operational-excellence\\\/2024-05-14\\\/eraneos-group-ernennt-stefan-tijsinger-zum-cfo\\\/#breadcrumb\",\"itemListElement\":[{\"@type\":\"ListItem\",\"position\":1,\"name\":\"Home\",\"item\":\"https:\\\/\\\/www.organisator.ch\\\/\"},{\"@type\":\"ListItem\",\"position\":2,\"name\":\"Eraneos Group ernennt Stefan Tijsinger zum CFO\"}]},{\"@type\":\"WebSite\",\"@id\":\"https:\\\/\\\/www.organisator.ch\\\/#website\",\"url\":\"https:\\\/\\\/www.organisator.ch\\\/\",\"name\":\"Organisator\",\"description\":\"Kompetent. Praxisnah. Der ORGANISATOR bereitet in 10 Ausgaben pro Jahr die wesentlichen Themen f\u00fcr F\u00fchrungskr\u00e4fte von KMU auf.\",\"publisher\":{\"@id\":\"https:\\\/\\\/www.organisator.ch\\\/#organization\"},\"potentialAction\":[{\"@type\":\"SearchAction\",\"target\":{\"@type\":\"EntryPoint\",\"urlTemplate\":\"https:\\\/\\\/www.organisator.ch\\\/?s={search_term_string}\"},\"query-input\":{\"@type\":\"PropertyValueSpecification\",\"valueRequired\":true,\"valueName\":\"search_term_string\"}}],\"inLanguage\":\"it-IT\"},{\"@type\":\"Organization\",\"@id\":\"https:\\\/\\\/www.organisator.ch\\\/#organization\",\"name\":\"Organisator\",\"url\":\"https:\\\/\\\/www.organisator.ch\\\/\",\"logo\":{\"@type\":\"ImageObject\",\"inLanguage\":\"it-IT\",\"@id\":\"https:\\\/\\\/www.organisator.ch\\\/#\\\/schema\\\/logo\\\/image\\\/\",\"url\":\"https:\\\/\\\/www.organisator.ch\\\/wp-content\\\/uploads\\\/2022\\\/01\\\/Logo_Organisator_Website.png\",\"contentUrl\":\"https:\\\/\\\/www.organisator.ch\\\/wp-content\\\/uploads\\\/2022\\\/01\\\/Logo_Organisator_Website.png\",\"width\":800,\"height\":77,\"caption\":\"Organisator\"},\"image\":{\"@id\":\"https:\\\/\\\/www.organisator.ch\\\/#\\\/schema\\\/logo\\\/image\\\/\"},\"sameAs\":[\"https:\\\/\\\/www.facebook.com\\\/OrganisatorFachmagazin\",\"https:\\\/\\\/www.linkedin.com\\\/showcase\\\/organisator-das-magazin-fr-kmu\",\"https:\\\/\\\/www.xing.com\\\/news\\\/pages\\\/organisator-ch-695\",\"https:\\\/\\\/www.youtube.com\\\/channel\\\/UCGP2Sq0iWaZwT3BdIAQFYpw\"]},{\"@type\":\"Person\",\"@id\":\"https:\\\/\\\/www.organisator.ch\\\/#\\\/schema\\\/person\\\/4e51799071cd2dd1232ac003643ef5f0\",\"name\":\"galledia\",\"image\":{\"@type\":\"ImageObject\",\"inLanguage\":\"it-IT\",\"@id\":\"https:\\\/\\\/secure.gravatar.com\\\/avatar\\\/78a7f90c01fc2bfc875782a0d4922b37cde2cf184ce347b91316d23cd7f69a36?s=96&d=mm&r=g\",\"url\":\"https:\\\/\\\/secure.gravatar.com\\\/avatar\\\/78a7f90c01fc2bfc875782a0d4922b37cde2cf184ce347b91316d23cd7f69a36?s=96&d=mm&r=g\",\"contentUrl\":\"https:\\\/\\\/secure.gravatar.com\\\/avatar\\\/78a7f90c01fc2bfc875782a0d4922b37cde2cf184ce347b91316d23cd7f69a36?s=96&d=mm&r=g\",\"caption\":\"galledia\"},\"sameAs\":[\"https:\\\/\\\/x.com\\\/admin\"],\"url\":\"https:\\\/\\\/www.organisator.ch\\\/it\\\/author\\\/galledia\\\/\"}]}<\/script>\n<!-- \/ Yoast SEO plugin. -->","yoast_head_json":{"title":"Il Gruppo Eraneos nomina Stefan Tijsinger direttore finanziario - Organizzatore","description":"Stefan Tijsinger diventa il nuovo direttore finanziario del Gruppo Eraneos. Sostenere il percorso di crescita e rafforzare la cooperazione internazionale.","robots":{"index":"index","follow":"follow","max-snippet":"max-snippet:-1","max-image-preview":"max-image-preview:large","max-video-preview":"max-video-preview:-1"},"canonical":"https:\/\/www.organisator.ch\/it\/eccellenza-operativa\/2024-05-14\/eraneos-group-ernennt-stefan-tijsinger-zum-cfo\/","og_locale":"it_IT","og_type":"article","og_title":"Eraneos Group ernennt Stefan Tijsinger zum CFO - Organisator","og_description":"Stefan Tijsinger wird neuer CFO der Eraneos Group. Unterst\u00fctzung des Wachstumskurses und St\u00e4rkung der internationalen Zusammenarbeit.","og_url":"https:\/\/www.organisator.ch\/it\/eccellenza-operativa\/2024-05-14\/eraneos-group-ernennt-stefan-tijsinger-zum-cfo\/","og_site_name":"Organisator","article_publisher":"https:\/\/www.facebook.com\/OrganisatorFachmagazin","article_published_time":"2024-05-14T06:14:06+00:00","article_modified_time":"2024-11-11T05:10:10+00:00","og_image":[{"url":"https:\/\/www.m-q.ch\/wp-content\/uploads\/2024\/05\/Eraneos-Group-ernennt-Stefan-Tijsinger-zum-CFO_MQ.png","type":"","width":"","height":""}],"author":"galledia","twitter_card":"summary_large_image","twitter_creator":"@admin","schema":{"@context":"https:\/\/schema.org","@graph":[{"@type":"Article","@id":"https:\/\/www.organisator.ch\/operational-excellence\/2024-05-14\/eraneos-group-ernennt-stefan-tijsinger-zum-cfo\/#article","isPartOf":{"@id":"https:\/\/www.organisator.ch\/operational-excellence\/2024-05-14\/eraneos-group-ernennt-stefan-tijsinger-zum-cfo\/"},"author":{"name":"galledia","@id":"https:\/\/www.organisator.ch\/#\/schema\/person\/4e51799071cd2dd1232ac003643ef5f0"},"headline":"Eraneos Group ernennt Stefan Tijsinger zum CFO","datePublished":"2024-05-14T06:14:06+00:00","dateModified":"2024-11-11T05:10:10+00:00","mainEntityOfPage":{"@id":"https:\/\/www.organisator.ch\/operational-excellence\/2024-05-14\/eraneos-group-ernennt-stefan-tijsinger-zum-cfo\/"},"wordCount":333,"publisher":{"@id":"https:\/\/www.organisator.ch\/#organization"},"image":{"@id":"https:\/\/www.organisator.ch\/operational-excellence\/2024-05-14\/eraneos-group-ernennt-stefan-tijsinger-zum-cfo\/#primaryimage"},"thumbnailUrl":"https:\/\/www.m-q.ch\/wp-content\/uploads\/2024\/05\/Eraneos-Group-ernennt-Stefan-Tijsinger-zum-CFO_MQ.png","keywords":["Business Excellence","Consulting","Management und Unternehmensf\u00fchrung","Personalia","Unternehmen"],"articleSection":["OPERATIONAL EXCELLENCE"],"inLanguage":"it-IT"},{"@type":"WebPage","@id":"https:\/\/www.organisator.ch\/operational-excellence\/2024-05-14\/eraneos-group-ernennt-stefan-tijsinger-zum-cfo\/","url":"https:\/\/www.organisator.ch\/operational-excellence\/2024-05-14\/eraneos-group-ernennt-stefan-tijsinger-zum-cfo\/","name":"Il Gruppo Eraneos nomina Stefan Tijsinger direttore finanziario - Organizzatore","isPartOf":{"@id":"https:\/\/www.organisator.ch\/#website"},"primaryImageOfPage":{"@id":"https:\/\/www.organisator.ch\/operational-excellence\/2024-05-14\/eraneos-group-ernennt-stefan-tijsinger-zum-cfo\/#primaryimage"},"image":{"@id":"https:\/\/www.organisator.ch\/operational-excellence\/2024-05-14\/eraneos-group-ernennt-stefan-tijsinger-zum-cfo\/#primaryimage"},"thumbnailUrl":"https:\/\/www.m-q.ch\/wp-content\/uploads\/2024\/05\/Eraneos-Group-ernennt-Stefan-Tijsinger-zum-CFO_MQ.png","datePublished":"2024-05-14T06:14:06+00:00","dateModified":"2024-11-11T05:10:10+00:00","description":"Stefan Tijsinger diventa il nuovo direttore finanziario del Gruppo Eraneos. Sostenere il percorso di crescita e rafforzare la cooperazione internazionale.","breadcrumb":{"@id":"https:\/\/www.organisator.ch\/operational-excellence\/2024-05-14\/eraneos-group-ernennt-stefan-tijsinger-zum-cfo\/#breadcrumb"},"inLanguage":"it-IT","potentialAction":[{"@type":"ReadAction","target":["https:\/\/www.organisator.ch\/operational-excellence\/2024-05-14\/eraneos-group-ernennt-stefan-tijsinger-zum-cfo\/"]}]},{"@type":"ImageObject","inLanguage":"it-IT","@id":"https:\/\/www.organisator.ch\/operational-excellence\/2024-05-14\/eraneos-group-ernennt-stefan-tijsinger-zum-cfo\/#primaryimage","url":"https:\/\/www.m-q.ch\/wp-content\/uploads\/2024\/05\/Eraneos-Group-ernennt-Stefan-Tijsinger-zum-CFO_MQ.png","contentUrl":"https:\/\/www.m-q.ch\/wp-content\/uploads\/2024\/05\/Eraneos-Group-ernennt-Stefan-Tijsinger-zum-CFO_MQ.png"},{"@type":"BreadcrumbList","@id":"https:\/\/www.organisator.ch\/operational-excellence\/2024-05-14\/eraneos-group-ernennt-stefan-tijsinger-zum-cfo\/#breadcrumb","itemListElement":[{"@type":"ListItem","position":1,"name":"Home","item":"https:\/\/www.organisator.ch\/"},{"@type":"ListItem","position":2,"name":"Eraneos Group ernennt Stefan Tijsinger zum CFO"}]},{"@type":"WebSite","@id":"https:\/\/www.organisator.ch\/#website","url":"https:\/\/www.organisator.ch\/","name":"Organizzatore","description":"Competente. Pratico. In 10 numeri all'anno, ORGANISATOR presenta i temi essenziali per i manager delle PMI.","publisher":{"@id":"https:\/\/www.organisator.ch\/#organization"},"potentialAction":[{"@type":"SearchAction","target":{"@type":"EntryPoint","urlTemplate":"https:\/\/www.organisator.ch\/?s={search_term_string}"},"query-input":{"@type":"PropertyValueSpecification","valueRequired":true,"valueName":"search_term_string"}}],"inLanguage":"it-IT"},{"@type":"Organization","@id":"https:\/\/www.organisator.ch\/#organization","name":"Organizzatore","url":"https:\/\/www.organisator.ch\/","logo":{"@type":"ImageObject","inLanguage":"it-IT","@id":"https:\/\/www.organisator.ch\/#\/schema\/logo\/image\/","url":"https:\/\/www.organisator.ch\/wp-content\/uploads\/2022\/01\/Logo_Organisator_Website.png","contentUrl":"https:\/\/www.organisator.ch\/wp-content\/uploads\/2022\/01\/Logo_Organisator_Website.png","width":800,"height":77,"caption":"Organisator"},"image":{"@id":"https:\/\/www.organisator.ch\/#\/schema\/logo\/image\/"},"sameAs":["https:\/\/www.facebook.com\/OrganisatorFachmagazin","https:\/\/www.linkedin.com\/showcase\/organisator-das-magazin-fr-kmu","https:\/\/www.xing.com\/news\/pages\/organisator-ch-695","https:\/\/www.youtube.com\/channel\/UCGP2Sq0iWaZwT3BdIAQFYpw"]},{"@type":"Person","@id":"https:\/\/www.organisator.ch\/#\/schema\/person\/4e51799071cd2dd1232ac003643ef5f0","name":"galledia","image":{"@type":"ImageObject","inLanguage":"it-IT","@id":"https:\/\/secure.gravatar.com\/avatar\/78a7f90c01fc2bfc875782a0d4922b37cde2cf184ce347b91316d23cd7f69a36?s=96&d=mm&r=g","url":"https:\/\/secure.gravatar.com\/avatar\/78a7f90c01fc2bfc875782a0d4922b37cde2cf184ce347b91316d23cd7f69a36?s=96&d=mm&r=g","contentUrl":"https:\/\/secure.gravatar.com\/avatar\/78a7f90c01fc2bfc875782a0d4922b37cde2cf184ce347b91316d23cd7f69a36?s=96&d=mm&r=g","caption":"galledia"},"sameAs":["https:\/\/x.com\/admin"],"url":"https:\/\/www.organisator.ch\/it\/author\/galledia\/"}]}},"_links":{"self":[{"href":"https:\/\/www.organisator.ch\/it\/wp-json\/wp\/v2\/posts\/27071","targetHints":{"allow":["GET"]}}],"collection":[{"href":"https:\/\/www.organisator.ch\/it\/wp-json\/wp\/v2\/posts"}],"about":[{"href":"https:\/\/www.organisator.ch\/it\/wp-json\/wp\/v2\/types\/post"}],"author":[{"embeddable":true,"href":"https:\/\/www.organisator.ch\/it\/wp-json\/wp\/v2\/users\/8"}],"replies":[{"embeddable":true,"href":"https:\/\/www.organisator.ch\/it\/wp-json\/wp\/v2\/comments?post=27071"}],"version-history":[{"count":5,"href":"https:\/\/www.organisator.ch\/it\/wp-json\/wp\/v2\/posts\/27071\/revisions"}],"predecessor-version":[{"id":32257,"href":"https:\/\/www.organisator.ch\/it\/wp-json\/wp\/v2\/posts\/27071\/revisions\/32257"}],"wp:attachment":[{"href":"https:\/\/www.organisator.ch\/it\/wp-json\/wp\/v2\/media?parent=27071"}],"wp:term":[{"taxonomy":"category","embeddable":true,"href":"https:\/\/www.organisator.ch\/it\/wp-json\/wp\/v2\/categories?post=27071"},{"taxonomy":"post_tag","embeddable":true,"href":"https:\/\/www.organisator.ch\/it\/wp-json\/wp\/v2\/tags?post=27071"}],"curies":[{"name":"wp","href":"https:\/\/api.w.org\/{rel}","templated":true}]}}