{"id":27087,"date":"2024-05-14T13:25:18","date_gmt":"2024-05-14T11:25:18","guid":{"rendered":"https:\/\/www.organisator.ch\/?p=27087"},"modified":"2024-05-14T13:25:18","modified_gmt":"2024-05-14T11:25:18","slug":"ki-ist-kein-qualitaetsmerkmal","status":"publish","type":"post","link":"https:\/\/www.organisator.ch\/it\/operational-excellence\/2024-05-14\/ki-ist-kein-qualitaetsmerkmal\/","title":{"rendered":"\"L'intelligenza artificiale non \u00e8 una caratteristica di qualit\u00e0\""},"content":{"rendered":"<figure id=\"attachment_27088\" aria-describedby=\"caption-attachment-27088\" style=\"width: 680px\" class=\"wp-caption alignnone\"><img loading=\"lazy\" decoding=\"async\" class=\"size-full wp-image-27088\" src=\"https:\/\/www.organisator.ch\/wp-content\/uploads\/2024\/05\/KI-ist-kein-Qualitaetsmerkmal_MQ.jpg\" alt=\"\" width=\"680\" height=\"453\" srcset=\"https:\/\/www.organisator.ch\/wp-content\/uploads\/2024\/05\/KI-ist-kein-Qualitaetsmerkmal_MQ.jpg 680w, https:\/\/www.organisator.ch\/wp-content\/uploads\/2024\/05\/KI-ist-kein-Qualitaetsmerkmal_MQ-18x12.jpg 18w, https:\/\/www.organisator.ch\/wp-content\/uploads\/2024\/05\/KI-ist-kein-Qualitaetsmerkmal_MQ-375x250.jpg 375w, https:\/\/www.organisator.ch\/wp-content\/uploads\/2024\/05\/KI-ist-kein-Qualitaetsmerkmal_MQ-525x350.jpg 525w\" sizes=\"auto, (max-width: 680px) 100vw, 680px\" \/><figcaption id=\"caption-attachment-27088\" class=\"wp-caption-text\">Il project manager e interim manager Thomas Pf\u00f6rtner non vede l'intelligenza artificiale come una caratteristica di qualit\u00e0. (Immagine: zVg \/ pfoertner-net.de)<\/figcaption><\/figure>\n<p>ChatGPT e altri strumenti hanno scatenato il clamore intorno al tema dell'IA. Le promesse pubblicitarie sull'intelligenza artificiale sono ormai onnipresenti. L'IA \u00e8 presente, presente o almeno coinvolta ovunque. L'IA \u00e8 diventata un successo di marketing. Tuttavia, l'IA non \u00e8 affatto un segno di qualit\u00e0. Anche se \u00e8 positivo che l'argomento stia attirando molta attenzione grazie a ChatGPT e simili, i grandi modelli linguistici sono solo una piccola parte delle possibili applicazioni. Se non si sta attenti e non si \u00e8 adeguatamente preparati, si rischia di cadere nel vuoto a causa di tutte le promesse pubblicitarie.<\/p>\n<h3>L'intelligenza artificiale non \u00e8 necessaria ovunque<\/h3>\n<p>\"Non tutto ci\u00f2 che \u00e8 scritto AI sull'etichetta \u00e8 anche AI all'interno\", afferma Thomas Pf\u00f6rtner. \u00c8 un manager ad interim e di progetto, nonch\u00e9 un esperto di IT, sviluppo aziendale e nuovi modelli di business. \"L'IA svolge naturalmente un ruolo importante. Ma non tutto ha bisogno dell'IA. Le aziende non dovrebbero lasciarsi abbagliare\". Il ChatGPT e altre applicazioni sono solo una piccola parte delle possibilit\u00e0 dell'IA generativa. La maggior parte dell'IA si occupa gi\u00e0 dell'elaborazione di dati strutturati. Ed \u00e8 qui che molte aziende sono ancora mal posizionate. \"Anche le promesse pubblicitarie non aiutano. Solo chi ha dati puliti e ha digitalizzato i propri processi pu\u00f2 trarne vantaggio\", afferma Thomas Pf\u00f6rtner. In caso contrario, c'\u00e8 il rischio di errori costosi e di investimenti sbagliati.<\/p>\n<p>\"N\u00e9 i chatbot n\u00e9 i processi di gestione dei documenti richiedono necessariamente l'intelligenza artificiale. Molte soluzioni sono semplicemente basate su regole. Non tutti gli algoritmi sono anche AI. Attualmente c'\u00e8 molta confusione\", \u00e8 convinto Pf\u00f6rtner. Sebbene l'IA possa migliorare molte applicazioni, non \u00e8 essenziale per molti casi d'uso.<\/p>\n<h3>AI: statistiche auto-miglioranti<\/h3>\n<p>\"L'intelligenza artificiale \u00e8 statistica\", spiega Pf\u00f6rtner. \"Statistiche che si migliorano traendo conclusioni sempre migliori dalle conoscenze acquisite. Gli algoritmi, invece, sono regole basate su 'semplici' processi if-then, dove 'semplice' pu\u00f2 anche significare che vengono eseguite migliaia di formule e calcoli\". L'IA ha sempre un elemento di auto-ottimizzazione, riconoscimento e apprendimento. Tuttavia, questo non \u00e8 necessario per molte applicazioni. Dopotutto, l'online banking, i controlli dei call center, le biglietterie automatiche, i terminali per le ordinazioni e i motori di ricerca hanno finora fatto a meno dell'IA. Secondo Pf\u00f6rtner, non tutto ci\u00f2 che \u00e8 mappato digitalmente o che semplifica la vita \u00e8 AI. Ma: \"Vedremo l'IA farsi strada in questi processi\". C'\u00e8 ancora molto da fare per le persone e le aziende.<\/p>\n<p>Secondo l'esperto di IT e infrastrutture, \u00e8 importante capire dove l'uso dell'intelligenza artificiale ha effettivamente senso. \u00c8 necessario chiarire anche il tipo di intelligenza artificiale. Ad esempio, i modelli linguistici come ChatGPT non hanno praticamente alcuna utilit\u00e0 nel contesto dei calcoli, delle formule e dei loro collegamenti, ma lo sono nel contesto dell'elaborazione dei testi. \"L'intelligenza artificiale ha senso quando il servizio viene migliorato. Oggi il servizio richiede dati. Se questi dati sono disponibili in forma digitale e strutturata, l'IA pu\u00f2 aiutare a utilizzarli e a convertirli in servizi, nonch\u00e9 a ottimizzare i dati stessi e i servizi in modo autoapprendente\". Le aziende dovrebbero concentrarsi su ci\u00f2 che \u00e8 attualmente possibile e ha senso per loro. L'entusiasmo per l'IA \u00e8 fondamentalmente giustificato, ma non deve accecare nessuno. Le promesse da sole non risolvono i problemi.<\/p>\n<p><em>Ulteriori informazioni sui temi dello sviluppo del business, della digitalizzazione e dell'infrastruttura tecnologica sono disponibili all'indirizzo <a href=\"https:\/\/pfoertner-net.de\/\">https:\/\/pfoertner-net.de<\/a>.<\/em><\/p>","protected":false},"excerpt":{"rendered":"<p>L'intelligenza artificiale \u00e8 sulla bocca di tutti ed \u00e8 destinata a cambiare in meglio molti settori lavorativi. Tuttavia, l'AI non \u00e8 presente in tutto ci\u00f2 che viene etichettato come tale. Secondo il project manager tedesco e interim manager Thomas Pf\u00f6rtner, il tema dell'IA viene attualmente enfatizzato soprattutto nel marketing.<\/p>","protected":false},"author":4,"featured_media":27088,"comment_status":"closed","ping_status":"closed","sticky":false,"template":"","format":"standard","meta":{"_acf_changed":false,"_yoast_wpseo_focuskw":"Qualit\u00e4tsmerkmal","_yoast_wpseo_metadesc":"Das Thema KI wird vor allem im Marketing gehypt, ist aber noch kein Qualit\u00e4tsmerkmal, meint der Projekt- und Interim Manager Thomas Pf\u00f6rtner.","articlekey":"","footnotes":""},"categories":[582],"tags":[156,319,339,605],"class_list":["post-27087","post","type-post","status-publish","format-standard","has-post-thumbnail","hentry","category-operational-excellence","tag-digitalisierung","tag-kuenstliche-intelligenz","tag-marketing","tag-qualitaetsmanagement"],"acf":[],"yoast_head":"<!-- This site is optimized with the Yoast SEO plugin v27.5 - https:\/\/yoast.com\/product\/yoast-seo-wordpress\/ -->\n<title>\u201eKI ist kein Qualit\u00e4tsmerkmal\u201c - Organisator<\/title>\n<meta name=\"description\" content=\"Das Thema KI wird vor allem im Marketing gehypt, ist aber noch kein Qualit\u00e4tsmerkmal, meint der Projekt- und Interim Manager Thomas Pf\u00f6rtner.\" \/>\n<meta name=\"robots\" content=\"index, follow, max-snippet:-1, max-image-preview:large, max-video-preview:-1\" \/>\n<link rel=\"canonical\" href=\"https:\/\/www.organisator.ch\/it\/eccellenza-operativa\/2024-05-14\/ki-ist-kein-qualitaetsmerkmal\/\" \/>\n<meta property=\"og:locale\" content=\"it_IT\" \/>\n<meta property=\"og:type\" content=\"article\" \/>\n<meta property=\"og:title\" content=\"\u201eKI ist kein Qualit\u00e4tsmerkmal\u201c\" \/>\n<meta property=\"og:description\" content=\"Das Thema KI wird vor allem im Marketing gehypt, ist aber noch kein Qualit\u00e4tsmerkmal, meint der Projekt- und Interim Manager Thomas Pf\u00f6rtner.\" \/>\n<meta property=\"og:url\" content=\"https:\/\/www.organisator.ch\/it\/eccellenza-operativa\/2024-05-14\/ki-ist-kein-qualitaetsmerkmal\/\" \/>\n<meta property=\"og:site_name\" content=\"Organisator\" \/>\n<meta property=\"article:publisher\" content=\"https:\/\/www.facebook.com\/OrganisatorFachmagazin\" \/>\n<meta property=\"article:published_time\" content=\"2024-05-14T11:25:18+00:00\" \/>\n<meta property=\"og:image\" content=\"https:\/\/www.organisator.ch\/wp-content\/uploads\/2024\/05\/KI-ist-kein-Qualitaetsmerkmal_MQ.jpg\" \/>\n\t<meta property=\"og:image:width\" content=\"680\" \/>\n\t<meta property=\"og:image:height\" content=\"453\" \/>\n\t<meta property=\"og:image:type\" content=\"image\/jpeg\" \/>\n<meta name=\"author\" content=\"thomas.berner\" \/>\n<meta name=\"twitter:card\" content=\"summary_large_image\" \/>\n<meta name=\"twitter:title\" content=\"\u201eKI ist kein #Qualit\u00e4tsmerkmal\u201c\" \/>\n<meta name=\"twitter:description\" content=\"Das Thema KI wird vor allem im Marketing gehypt, ist aber noch kein #Qualit\u00e4tsmerkmal, meint der Projekt- und Interim Manager Thomas #Pf\u00f6rtner.\" \/>\n<meta name=\"twitter:image\" content=\"https:\/\/www.organisator.ch\/wp-content\/uploads\/2024\/05\/KI-ist-kein-Qualitaetsmerkmal_MQ.jpg\" \/>\n<script type=\"application\/ld+json\" class=\"yoast-schema-graph\">{\"@context\":\"https:\\\/\\\/schema.org\",\"@graph\":[{\"@type\":\"Article\",\"@id\":\"https:\\\/\\\/www.organisator.ch\\\/operational-excellence\\\/2024-05-14\\\/ki-ist-kein-qualitaetsmerkmal\\\/#article\",\"isPartOf\":{\"@id\":\"https:\\\/\\\/www.organisator.ch\\\/operational-excellence\\\/2024-05-14\\\/ki-ist-kein-qualitaetsmerkmal\\\/\"},\"author\":{\"name\":\"thomas.berner\",\"@id\":\"https:\\\/\\\/www.organisator.ch\\\/#\\\/schema\\\/person\\\/6f650f90b2842cd4c0cc334b4e36f67e\"},\"headline\":\"\u201eKI ist kein Qualit\u00e4tsmerkmal\u201c\",\"datePublished\":\"2024-05-14T11:25:18+00:00\",\"mainEntityOfPage\":{\"@id\":\"https:\\\/\\\/www.organisator.ch\\\/operational-excellence\\\/2024-05-14\\\/ki-ist-kein-qualitaetsmerkmal\\\/\"},\"wordCount\":569,\"publisher\":{\"@id\":\"https:\\\/\\\/www.organisator.ch\\\/#organization\"},\"image\":{\"@id\":\"https:\\\/\\\/www.organisator.ch\\\/operational-excellence\\\/2024-05-14\\\/ki-ist-kein-qualitaetsmerkmal\\\/#primaryimage\"},\"thumbnailUrl\":\"https:\\\/\\\/www.organisator.ch\\\/wp-content\\\/uploads\\\/2024\\\/05\\\/KI-ist-kein-Qualitaetsmerkmal_MQ.jpg\",\"keywords\":[\"Digitalisierung\",\"K\u00fcnstliche Intelligenz\",\"Marketing\",\"Qualit\u00e4tsmanagement\"],\"articleSection\":[\"OPERATIONAL EXCELLENCE\"],\"inLanguage\":\"it-IT\"},{\"@type\":\"WebPage\",\"@id\":\"https:\\\/\\\/www.organisator.ch\\\/operational-excellence\\\/2024-05-14\\\/ki-ist-kein-qualitaetsmerkmal\\\/\",\"url\":\"https:\\\/\\\/www.organisator.ch\\\/operational-excellence\\\/2024-05-14\\\/ki-ist-kein-qualitaetsmerkmal\\\/\",\"name\":\"\u201eKI ist kein Qualit\u00e4tsmerkmal\u201c - Organisator\",\"isPartOf\":{\"@id\":\"https:\\\/\\\/www.organisator.ch\\\/#website\"},\"primaryImageOfPage\":{\"@id\":\"https:\\\/\\\/www.organisator.ch\\\/operational-excellence\\\/2024-05-14\\\/ki-ist-kein-qualitaetsmerkmal\\\/#primaryimage\"},\"image\":{\"@id\":\"https:\\\/\\\/www.organisator.ch\\\/operational-excellence\\\/2024-05-14\\\/ki-ist-kein-qualitaetsmerkmal\\\/#primaryimage\"},\"thumbnailUrl\":\"https:\\\/\\\/www.organisator.ch\\\/wp-content\\\/uploads\\\/2024\\\/05\\\/KI-ist-kein-Qualitaetsmerkmal_MQ.jpg\",\"datePublished\":\"2024-05-14T11:25:18+00:00\",\"description\":\"Das Thema KI wird vor allem im Marketing gehypt, ist aber noch kein Qualit\u00e4tsmerkmal, meint der Projekt- und Interim Manager Thomas Pf\u00f6rtner.\",\"breadcrumb\":{\"@id\":\"https:\\\/\\\/www.organisator.ch\\\/operational-excellence\\\/2024-05-14\\\/ki-ist-kein-qualitaetsmerkmal\\\/#breadcrumb\"},\"inLanguage\":\"it-IT\",\"potentialAction\":[{\"@type\":\"ReadAction\",\"target\":[\"https:\\\/\\\/www.organisator.ch\\\/operational-excellence\\\/2024-05-14\\\/ki-ist-kein-qualitaetsmerkmal\\\/\"]}]},{\"@type\":\"ImageObject\",\"inLanguage\":\"it-IT\",\"@id\":\"https:\\\/\\\/www.organisator.ch\\\/operational-excellence\\\/2024-05-14\\\/ki-ist-kein-qualitaetsmerkmal\\\/#primaryimage\",\"url\":\"https:\\\/\\\/www.organisator.ch\\\/wp-content\\\/uploads\\\/2024\\\/05\\\/KI-ist-kein-Qualitaetsmerkmal_MQ.jpg\",\"contentUrl\":\"https:\\\/\\\/www.organisator.ch\\\/wp-content\\\/uploads\\\/2024\\\/05\\\/KI-ist-kein-Qualitaetsmerkmal_MQ.jpg\",\"width\":680,\"height\":453,\"caption\":\"Projekt- und Interim-Manager Thomas Pf\u00f6rtner sieht KI nicht als Qualit\u00e4tsmerkmal. (Bild: zVg \\\/ pfoertner-net.de)\"},{\"@type\":\"BreadcrumbList\",\"@id\":\"https:\\\/\\\/www.organisator.ch\\\/operational-excellence\\\/2024-05-14\\\/ki-ist-kein-qualitaetsmerkmal\\\/#breadcrumb\",\"itemListElement\":[{\"@type\":\"ListItem\",\"position\":1,\"name\":\"Home\",\"item\":\"https:\\\/\\\/www.organisator.ch\\\/\"},{\"@type\":\"ListItem\",\"position\":2,\"name\":\"\u201eKI ist kein Qualit\u00e4tsmerkmal\u201c\"}]},{\"@type\":\"WebSite\",\"@id\":\"https:\\\/\\\/www.organisator.ch\\\/#website\",\"url\":\"https:\\\/\\\/www.organisator.ch\\\/\",\"name\":\"Organisator\",\"description\":\"Kompetent. Praxisnah. Der ORGANISATOR bereitet in 10 Ausgaben pro Jahr die wesentlichen Themen f\u00fcr F\u00fchrungskr\u00e4fte von KMU auf.\",\"publisher\":{\"@id\":\"https:\\\/\\\/www.organisator.ch\\\/#organization\"},\"potentialAction\":[{\"@type\":\"SearchAction\",\"target\":{\"@type\":\"EntryPoint\",\"urlTemplate\":\"https:\\\/\\\/www.organisator.ch\\\/?s={search_term_string}\"},\"query-input\":{\"@type\":\"PropertyValueSpecification\",\"valueRequired\":true,\"valueName\":\"search_term_string\"}}],\"inLanguage\":\"it-IT\"},{\"@type\":\"Organization\",\"@id\":\"https:\\\/\\\/www.organisator.ch\\\/#organization\",\"name\":\"Organisator\",\"url\":\"https:\\\/\\\/www.organisator.ch\\\/\",\"logo\":{\"@type\":\"ImageObject\",\"inLanguage\":\"it-IT\",\"@id\":\"https:\\\/\\\/www.organisator.ch\\\/#\\\/schema\\\/logo\\\/image\\\/\",\"url\":\"https:\\\/\\\/www.organisator.ch\\\/wp-content\\\/uploads\\\/2022\\\/01\\\/Logo_Organisator_Website.png\",\"contentUrl\":\"https:\\\/\\\/www.organisator.ch\\\/wp-content\\\/uploads\\\/2022\\\/01\\\/Logo_Organisator_Website.png\",\"width\":800,\"height\":77,\"caption\":\"Organisator\"},\"image\":{\"@id\":\"https:\\\/\\\/www.organisator.ch\\\/#\\\/schema\\\/logo\\\/image\\\/\"},\"sameAs\":[\"https:\\\/\\\/www.facebook.com\\\/OrganisatorFachmagazin\",\"https:\\\/\\\/www.linkedin.com\\\/showcase\\\/organisator-das-magazin-fr-kmu\",\"https:\\\/\\\/www.xing.com\\\/news\\\/pages\\\/organisator-ch-695\",\"https:\\\/\\\/www.youtube.com\\\/channel\\\/UCGP2Sq0iWaZwT3BdIAQFYpw\"]},{\"@type\":\"Person\",\"@id\":\"https:\\\/\\\/www.organisator.ch\\\/#\\\/schema\\\/person\\\/6f650f90b2842cd4c0cc334b4e36f67e\",\"name\":\"thomas.berner\",\"image\":{\"@type\":\"ImageObject\",\"inLanguage\":\"it-IT\",\"@id\":\"https:\\\/\\\/secure.gravatar.com\\\/avatar\\\/ac5001d2a36cb6c6cd3e50789007ffca834b477b74a2144564522e944eabff61?s=96&d=mm&r=g\",\"url\":\"https:\\\/\\\/secure.gravatar.com\\\/avatar\\\/ac5001d2a36cb6c6cd3e50789007ffca834b477b74a2144564522e944eabff61?s=96&d=mm&r=g\",\"contentUrl\":\"https:\\\/\\\/secure.gravatar.com\\\/avatar\\\/ac5001d2a36cb6c6cd3e50789007ffca834b477b74a2144564522e944eabff61?s=96&d=mm&r=g\",\"caption\":\"thomas.berner\"},\"url\":\"https:\\\/\\\/www.organisator.ch\\\/it\\\/author\\\/thomas-berner\\\/\"}]}<\/script>\n<!-- \/ Yoast SEO plugin. -->","yoast_head_json":{"title":"\"L'intelligenza artificiale non \u00e8 una caratteristica di qualit\u00e0\" - organizzatore","description":"Il tema dell'IA viene enfatizzato, soprattutto nel marketing, ma non \u00e8 ancora un segno di qualit\u00e0, afferma il project and interim manager Thomas Pf\u00f6rtner.","robots":{"index":"index","follow":"follow","max-snippet":"max-snippet:-1","max-image-preview":"max-image-preview:large","max-video-preview":"max-video-preview:-1"},"canonical":"https:\/\/www.organisator.ch\/it\/eccellenza-operativa\/2024-05-14\/ki-ist-kein-qualitaetsmerkmal\/","og_locale":"it_IT","og_type":"article","og_title":"\u201eKI ist kein Qualit\u00e4tsmerkmal\u201c","og_description":"Das Thema KI wird vor allem im Marketing gehypt, ist aber noch kein Qualit\u00e4tsmerkmal, meint der Projekt- und Interim Manager Thomas Pf\u00f6rtner.","og_url":"https:\/\/www.organisator.ch\/it\/eccellenza-operativa\/2024-05-14\/ki-ist-kein-qualitaetsmerkmal\/","og_site_name":"Organisator","article_publisher":"https:\/\/www.facebook.com\/OrganisatorFachmagazin","article_published_time":"2024-05-14T11:25:18+00:00","og_image":[{"width":680,"height":453,"url":"https:\/\/www.organisator.ch\/wp-content\/uploads\/2024\/05\/KI-ist-kein-Qualitaetsmerkmal_MQ.jpg","type":"image\/jpeg"}],"author":"thomas.berner","twitter_card":"summary_large_image","twitter_title":"\u201eKI ist kein #Qualit\u00e4tsmerkmal\u201c","twitter_description":"Das Thema KI wird vor allem im Marketing gehypt, ist aber noch kein #Qualit\u00e4tsmerkmal, meint der Projekt- und Interim Manager Thomas #Pf\u00f6rtner.","twitter_image":"https:\/\/www.organisator.ch\/wp-content\/uploads\/2024\/05\/KI-ist-kein-Qualitaetsmerkmal_MQ.jpg","schema":{"@context":"https:\/\/schema.org","@graph":[{"@type":"Article","@id":"https:\/\/www.organisator.ch\/operational-excellence\/2024-05-14\/ki-ist-kein-qualitaetsmerkmal\/#article","isPartOf":{"@id":"https:\/\/www.organisator.ch\/operational-excellence\/2024-05-14\/ki-ist-kein-qualitaetsmerkmal\/"},"author":{"name":"thomas.berner","@id":"https:\/\/www.organisator.ch\/#\/schema\/person\/6f650f90b2842cd4c0cc334b4e36f67e"},"headline":"\u201eKI ist kein Qualit\u00e4tsmerkmal\u201c","datePublished":"2024-05-14T11:25:18+00:00","mainEntityOfPage":{"@id":"https:\/\/www.organisator.ch\/operational-excellence\/2024-05-14\/ki-ist-kein-qualitaetsmerkmal\/"},"wordCount":569,"publisher":{"@id":"https:\/\/www.organisator.ch\/#organization"},"image":{"@id":"https:\/\/www.organisator.ch\/operational-excellence\/2024-05-14\/ki-ist-kein-qualitaetsmerkmal\/#primaryimage"},"thumbnailUrl":"https:\/\/www.organisator.ch\/wp-content\/uploads\/2024\/05\/KI-ist-kein-Qualitaetsmerkmal_MQ.jpg","keywords":["Digitalisierung","K\u00fcnstliche Intelligenz","Marketing","Qualit\u00e4tsmanagement"],"articleSection":["OPERATIONAL EXCELLENCE"],"inLanguage":"it-IT"},{"@type":"WebPage","@id":"https:\/\/www.organisator.ch\/operational-excellence\/2024-05-14\/ki-ist-kein-qualitaetsmerkmal\/","url":"https:\/\/www.organisator.ch\/operational-excellence\/2024-05-14\/ki-ist-kein-qualitaetsmerkmal\/","name":"\"L'intelligenza artificiale non \u00e8 una caratteristica di qualit\u00e0\" - organizzatore","isPartOf":{"@id":"https:\/\/www.organisator.ch\/#website"},"primaryImageOfPage":{"@id":"https:\/\/www.organisator.ch\/operational-excellence\/2024-05-14\/ki-ist-kein-qualitaetsmerkmal\/#primaryimage"},"image":{"@id":"https:\/\/www.organisator.ch\/operational-excellence\/2024-05-14\/ki-ist-kein-qualitaetsmerkmal\/#primaryimage"},"thumbnailUrl":"https:\/\/www.organisator.ch\/wp-content\/uploads\/2024\/05\/KI-ist-kein-Qualitaetsmerkmal_MQ.jpg","datePublished":"2024-05-14T11:25:18+00:00","description":"Il tema dell'IA viene enfatizzato, soprattutto nel marketing, ma non \u00e8 ancora un segno di qualit\u00e0, afferma il project and interim manager Thomas Pf\u00f6rtner.","breadcrumb":{"@id":"https:\/\/www.organisator.ch\/operational-excellence\/2024-05-14\/ki-ist-kein-qualitaetsmerkmal\/#breadcrumb"},"inLanguage":"it-IT","potentialAction":[{"@type":"ReadAction","target":["https:\/\/www.organisator.ch\/operational-excellence\/2024-05-14\/ki-ist-kein-qualitaetsmerkmal\/"]}]},{"@type":"ImageObject","inLanguage":"it-IT","@id":"https:\/\/www.organisator.ch\/operational-excellence\/2024-05-14\/ki-ist-kein-qualitaetsmerkmal\/#primaryimage","url":"https:\/\/www.organisator.ch\/wp-content\/uploads\/2024\/05\/KI-ist-kein-Qualitaetsmerkmal_MQ.jpg","contentUrl":"https:\/\/www.organisator.ch\/wp-content\/uploads\/2024\/05\/KI-ist-kein-Qualitaetsmerkmal_MQ.jpg","width":680,"height":453,"caption":"Projekt- und Interim-Manager Thomas Pf\u00f6rtner sieht KI nicht als Qualit\u00e4tsmerkmal. (Bild: zVg \/ pfoertner-net.de)"},{"@type":"BreadcrumbList","@id":"https:\/\/www.organisator.ch\/operational-excellence\/2024-05-14\/ki-ist-kein-qualitaetsmerkmal\/#breadcrumb","itemListElement":[{"@type":"ListItem","position":1,"name":"Home","item":"https:\/\/www.organisator.ch\/"},{"@type":"ListItem","position":2,"name":"\u201eKI ist kein Qualit\u00e4tsmerkmal\u201c"}]},{"@type":"WebSite","@id":"https:\/\/www.organisator.ch\/#website","url":"https:\/\/www.organisator.ch\/","name":"Organizzatore","description":"Competente. Pratico. In 10 numeri all'anno, ORGANISATOR presenta i temi essenziali per i manager delle PMI.","publisher":{"@id":"https:\/\/www.organisator.ch\/#organization"},"potentialAction":[{"@type":"SearchAction","target":{"@type":"EntryPoint","urlTemplate":"https:\/\/www.organisator.ch\/?s={search_term_string}"},"query-input":{"@type":"PropertyValueSpecification","valueRequired":true,"valueName":"search_term_string"}}],"inLanguage":"it-IT"},{"@type":"Organization","@id":"https:\/\/www.organisator.ch\/#organization","name":"Organizzatore","url":"https:\/\/www.organisator.ch\/","logo":{"@type":"ImageObject","inLanguage":"it-IT","@id":"https:\/\/www.organisator.ch\/#\/schema\/logo\/image\/","url":"https:\/\/www.organisator.ch\/wp-content\/uploads\/2022\/01\/Logo_Organisator_Website.png","contentUrl":"https:\/\/www.organisator.ch\/wp-content\/uploads\/2022\/01\/Logo_Organisator_Website.png","width":800,"height":77,"caption":"Organisator"},"image":{"@id":"https:\/\/www.organisator.ch\/#\/schema\/logo\/image\/"},"sameAs":["https:\/\/www.facebook.com\/OrganisatorFachmagazin","https:\/\/www.linkedin.com\/showcase\/organisator-das-magazin-fr-kmu","https:\/\/www.xing.com\/news\/pages\/organisator-ch-695","https:\/\/www.youtube.com\/channel\/UCGP2Sq0iWaZwT3BdIAQFYpw"]},{"@type":"Person","@id":"https:\/\/www.organisator.ch\/#\/schema\/person\/6f650f90b2842cd4c0cc334b4e36f67e","name":"Tommaso.berner","image":{"@type":"ImageObject","inLanguage":"it-IT","@id":"https:\/\/secure.gravatar.com\/avatar\/ac5001d2a36cb6c6cd3e50789007ffca834b477b74a2144564522e944eabff61?s=96&d=mm&r=g","url":"https:\/\/secure.gravatar.com\/avatar\/ac5001d2a36cb6c6cd3e50789007ffca834b477b74a2144564522e944eabff61?s=96&d=mm&r=g","contentUrl":"https:\/\/secure.gravatar.com\/avatar\/ac5001d2a36cb6c6cd3e50789007ffca834b477b74a2144564522e944eabff61?s=96&d=mm&r=g","caption":"thomas.berner"},"url":"https:\/\/www.organisator.ch\/it\/author\/thomas-berner\/"}]}},"_links":{"self":[{"href":"https:\/\/www.organisator.ch\/it\/wp-json\/wp\/v2\/posts\/27087","targetHints":{"allow":["GET"]}}],"collection":[{"href":"https:\/\/www.organisator.ch\/it\/wp-json\/wp\/v2\/posts"}],"about":[{"href":"https:\/\/www.organisator.ch\/it\/wp-json\/wp\/v2\/types\/post"}],"author":[{"embeddable":true,"href":"https:\/\/www.organisator.ch\/it\/wp-json\/wp\/v2\/users\/4"}],"replies":[{"embeddable":true,"href":"https:\/\/www.organisator.ch\/it\/wp-json\/wp\/v2\/comments?post=27087"}],"version-history":[{"count":4,"href":"https:\/\/www.organisator.ch\/it\/wp-json\/wp\/v2\/posts\/27087\/revisions"}],"predecessor-version":[{"id":27121,"href":"https:\/\/www.organisator.ch\/it\/wp-json\/wp\/v2\/posts\/27087\/revisions\/27121"}],"wp:featuredmedia":[{"embeddable":true,"href":"https:\/\/www.organisator.ch\/it\/wp-json\/wp\/v2\/media\/27088"}],"wp:attachment":[{"href":"https:\/\/www.organisator.ch\/it\/wp-json\/wp\/v2\/media?parent=27087"}],"wp:term":[{"taxonomy":"category","embeddable":true,"href":"https:\/\/www.organisator.ch\/it\/wp-json\/wp\/v2\/categories?post=27087"},{"taxonomy":"post_tag","embeddable":true,"href":"https:\/\/www.organisator.ch\/it\/wp-json\/wp\/v2\/tags?post=27087"}],"curies":[{"name":"wp","href":"https:\/\/api.w.org\/{rel}","templated":true}]}}