{"id":27157,"date":"2024-05-17T13:35:13","date_gmt":"2024-05-17T11:35:13","guid":{"rendered":"https:\/\/www.organisator.ch\/?p=27157"},"modified":"2024-05-17T13:35:13","modified_gmt":"2024-05-17T11:35:13","slug":"jeder-zehnte-neue-lastwagen-mit-alternativ-antrieb","status":"publish","type":"post","link":"https:\/\/www.organisator.ch\/it\/sustainability\/2024-05-17\/jeder-zehnte-neue-lastwagen-mit-alternativ-antrieb\/","title":{"rendered":"Un camion nuovo su dieci con sistemi di trazione alternativi"},"content":{"rendered":"<figure id=\"attachment_27158\" aria-describedby=\"caption-attachment-27158\" style=\"width: 680px\" class=\"wp-caption alignnone\"><img loading=\"lazy\" decoding=\"async\" class=\"size-full wp-image-27158\" src=\"https:\/\/www.organisator.ch\/wp-content\/uploads\/2024\/05\/Auto-Schweiz_Bild1_ps.jpg\" alt=\"\" width=\"680\" height=\"452\" srcset=\"https:\/\/www.organisator.ch\/wp-content\/uploads\/2024\/05\/Auto-Schweiz_Bild1_ps.jpg 680w, https:\/\/www.organisator.ch\/wp-content\/uploads\/2024\/05\/Auto-Schweiz_Bild1_ps-18x12.jpg 18w, https:\/\/www.organisator.ch\/wp-content\/uploads\/2024\/05\/Auto-Schweiz_Bild1_ps-375x249.jpg 375w, https:\/\/www.organisator.ch\/wp-content\/uploads\/2024\/05\/Auto-Schweiz_Bild1_ps-527x350.jpg 527w\" sizes=\"auto, (max-width: 680px) 100vw, 680px\" \/><figcaption id=\"caption-attachment-27158\" class=\"wp-caption-text\">Nonostante la difficile situazione economica, la domanda di servizi di trasporto e di veicoli aggiuntivi sembra attualmente ininterrotta. (Immagine: www.depositphotos.com)<\/figcaption><\/figure>\n<p>I veicoli commerciali pesanti hanno raggiunto 1.607 nuove immatricolazioni nei primi quattro mesi dell'anno, 202 o il 14,4% in pi\u00f9 rispetto allo stesso periodo dell'anno precedente. Come mostrano le analisi di auto-schweiz, la percentuale di sistemi di trazione alternativi sta crescendo sensibilmente. Ad esempio, 20 di questi nuovi camion hanno un motore a gas e ben 133 sono completamente elettrici, con una quota dell'8,3%. A titolo di confronto: nel 2023 gli autocarri elettrici avevano una quota di mercato dell'8,8% (383 su 4.369), che dovrebbe essere superata entro la fine del 2024.<\/p>\n<p>Christoph Wolnik, vicedirettore di auto-schweiz, descrive lo sviluppo: \"I camion a trazione elettrica sono un fenomeno in crescita sulle nostre strade. C'\u00e8 una crescente domanda da parte delle aziende di trasporto per gli importatori di veicoli commerciali e sempre pi\u00f9 clienti richiedono una logistica senza emissioni. Affinch\u00e9 questa piacevole crescita continui, la rete di ricarica rapida disponibile per i camion elettrici deve essere urgentemente ampliata. Lo dimostra anche lo studio EBP presentato da auto-schweiz nell'ambito di un gruppo di progetto nel novembre 2023. Lo studio ha evidenziato la necessit\u00e0 a medio termine di 15 hub di ricarica rapida lungo le principali vie di trasporto\". auto-schweiz \u00e8 in trattativa con numerosi partner per realizzare il pi\u00f9 rapidamente possibile un progetto pilota, ha dichiarato Christoph Wolnik.<\/p>\n<p>Nei primi quattro mesi del 2024 si \u00e8 registrato un notevole aumento della domanda di veicoli commerciali leggeri (furgoni e autoarticolati leggeri). Dopo le 9.248 immatricolazioni del primo trimestre del 2023, il numero \u00e8 salito del 15% a 10.634. 658 furgoni a trazione elettrica hanno rappresentato il 6,2% di tutte le nuove immatricolazioni, con un leggero calo rispetto all'anno precedente (2023: 981).<\/p>\n<p>Il numero di nuovi veicoli per il trasporto di persone alla fine di aprile era di 2.533, con un aumento di 51 unit\u00e0 o del 2,1% rispetto all'anno precedente. I camper rappresentano da soli 2.227 di queste nuove immatricolazioni, con un aumento del 5,1% rispetto all'anno precedente, e rimangono quindi molto richiesti anche dopo la pandemia Covid.<\/p>\n<p>Insieme alle 77.264 nuove autovetture, tra gennaio e aprile 2024 sono stati immatricolati in Svizzera e nel Principato del Liechtenstein un totale di 92.038 nuovi veicoli a motore. Rispetto ai 90.104 dell'anno precedente, questo dato rappresenta un aumento di 1.934 nuove immatricolazioni, pari al 2,1%.<\/p>\n<p><em>Fonte: <a href=\"https:\/\/www.auto.swiss\/\">www.auto.swiss<\/a><\/em><\/p>","protected":false},"excerpt":{"rendered":"<p>Il mercato svizzero dei nuovi veicoli commerciali \u00e8 ancora in corsia di sorpasso. Tra gennaio e aprile, le nuove immatricolazioni di veicoli per il trasporto merci e passeggeri in Svizzera e nel Principato del Liechtenstein sono aumentate del 12,4%, raggiungendo quota 14.774. <\/p>","protected":false},"author":58,"featured_media":27158,"comment_status":"closed","ping_status":"closed","sticky":false,"template":"","format":"standard","meta":{"_acf_changed":false,"_yoast_wpseo_focuskw":"Alternativ-Antrieb","_yoast_wpseo_metadesc":"Zwischen Januar und April sind die Neuimmatrikulationen von Sachen- und Personen-Transportfahrzeugen in der Schweiz und im F\u00fcrstentum Liechtenstein um 12,4 Prozent auf 14'774 gestiegen.","articlekey":"","footnotes":""},"categories":[580],"tags":[697,1787,424],"class_list":["post-27157","post","type-post","status-publish","format-standard","has-post-thumbnail","hentry","category-sustainability","tag-alternative-antriebe","tag-nachhaltigkeit","tag-schweiz"],"acf":[],"yoast_head":"<!-- This site is optimized with the Yoast SEO plugin v27.5 - https:\/\/yoast.com\/product\/yoast-seo-wordpress\/ -->\n<title>Jeder zehnte neue Lastwagen mit Alternativ-Antrieb - Organisator<\/title>\n<meta name=\"description\" content=\"Zwischen Januar und April sind die Neuimmatrikulationen von Sachen- und Personen-Transportfahrzeugen in der Schweiz und im F\u00fcrstentum Liechtenstein um 12,4 Prozent auf 14&#039;774 gestiegen.\" \/>\n<meta name=\"robots\" content=\"index, follow, max-snippet:-1, max-image-preview:large, max-video-preview:-1\" \/>\n<link rel=\"canonical\" href=\"https:\/\/www.organisator.ch\/it\/sostenibilita\/2024-05-17\/jeder-zehnte-neue-lastwagen-mit-alternativ-antrieb\/\" \/>\n<meta property=\"og:locale\" content=\"it_IT\" \/>\n<meta property=\"og:type\" content=\"article\" \/>\n<meta property=\"og:title\" content=\"Jeder zehnte neue Lastwagen mit Alternativ-Antrieb\" \/>\n<meta property=\"og:description\" content=\"Zwischen Januar und April sind die Neuimmatrikulationen von Sachen- und Personen-Transportfahrzeugen in der Schweiz und im F\u00fcrstentum Liechtenstein um 12,4 Prozent auf 14&#039;774 gestiegen.\" \/>\n<meta property=\"og:url\" content=\"https:\/\/www.organisator.ch\/it\/sostenibilita\/2024-05-17\/jeder-zehnte-neue-lastwagen-mit-alternativ-antrieb\/\" \/>\n<meta property=\"og:site_name\" content=\"Organisator\" \/>\n<meta property=\"article:publisher\" content=\"https:\/\/www.facebook.com\/OrganisatorFachmagazin\" \/>\n<meta property=\"article:published_time\" content=\"2024-05-17T11:35:13+00:00\" \/>\n<meta property=\"og:image\" content=\"https:\/\/www.organisator.ch\/wp-content\/uploads\/2024\/05\/Auto-Schweiz_Bild1_ps.jpg\" \/>\n\t<meta property=\"og:image:width\" content=\"680\" \/>\n\t<meta property=\"og:image:height\" content=\"452\" \/>\n\t<meta property=\"og:image:type\" content=\"image\/jpeg\" \/>\n<meta name=\"author\" content=\"Adelisa Kalajdzini\" \/>\n<meta name=\"twitter:card\" content=\"summary_large_image\" \/>\n<meta name=\"twitter:title\" content=\"Jeder zehnte neue Lastwagen mit Alternativ-Antrieb\" \/>\n<meta name=\"twitter:description\" content=\"Zwischen Januar und April sind die #Neuimmatrikulationen von Sachen- und Personen-#Transportfahrzeugen in der #Schweiz und im F\u00fcrstentum Liechtenstein um 12,4 Prozent auf 14&#039;774 #gestiegen.\" \/>\n<meta name=\"twitter:image\" content=\"https:\/\/www.organisator.ch\/wp-content\/uploads\/2024\/05\/Auto-Schweiz_Bild1_ps.jpg\" \/>\n<script type=\"application\/ld+json\" class=\"yoast-schema-graph\">{\"@context\":\"https:\\\/\\\/schema.org\",\"@graph\":[{\"@type\":\"Article\",\"@id\":\"https:\\\/\\\/www.organisator.ch\\\/sustainability\\\/2024-05-17\\\/jeder-zehnte-neue-lastwagen-mit-alternativ-antrieb\\\/#article\",\"isPartOf\":{\"@id\":\"https:\\\/\\\/www.organisator.ch\\\/sustainability\\\/2024-05-17\\\/jeder-zehnte-neue-lastwagen-mit-alternativ-antrieb\\\/\"},\"author\":{\"name\":\"Adelisa Kalajdzini\",\"@id\":\"https:\\\/\\\/www.organisator.ch\\\/#\\\/schema\\\/person\\\/2e1314a2172123f874db408d8911d3f3\"},\"headline\":\"Jeder zehnte neue Lastwagen mit Alternativ-Antrieb\",\"datePublished\":\"2024-05-17T11:35:13+00:00\",\"mainEntityOfPage\":{\"@id\":\"https:\\\/\\\/www.organisator.ch\\\/sustainability\\\/2024-05-17\\\/jeder-zehnte-neue-lastwagen-mit-alternativ-antrieb\\\/\"},\"wordCount\":369,\"publisher\":{\"@id\":\"https:\\\/\\\/www.organisator.ch\\\/#organization\"},\"image\":{\"@id\":\"https:\\\/\\\/www.organisator.ch\\\/sustainability\\\/2024-05-17\\\/jeder-zehnte-neue-lastwagen-mit-alternativ-antrieb\\\/#primaryimage\"},\"thumbnailUrl\":\"https:\\\/\\\/www.organisator.ch\\\/wp-content\\\/uploads\\\/2024\\\/05\\\/Auto-Schweiz_Bild1_ps.jpg\",\"keywords\":[\"Alternative Antriebe\",\"Nachhaltigkeit\",\"Schweiz\"],\"articleSection\":[\"SUSTAINABILITY\"],\"inLanguage\":\"it-IT\"},{\"@type\":\"WebPage\",\"@id\":\"https:\\\/\\\/www.organisator.ch\\\/sustainability\\\/2024-05-17\\\/jeder-zehnte-neue-lastwagen-mit-alternativ-antrieb\\\/\",\"url\":\"https:\\\/\\\/www.organisator.ch\\\/sustainability\\\/2024-05-17\\\/jeder-zehnte-neue-lastwagen-mit-alternativ-antrieb\\\/\",\"name\":\"Jeder zehnte neue Lastwagen mit Alternativ-Antrieb - Organisator\",\"isPartOf\":{\"@id\":\"https:\\\/\\\/www.organisator.ch\\\/#website\"},\"primaryImageOfPage\":{\"@id\":\"https:\\\/\\\/www.organisator.ch\\\/sustainability\\\/2024-05-17\\\/jeder-zehnte-neue-lastwagen-mit-alternativ-antrieb\\\/#primaryimage\"},\"image\":{\"@id\":\"https:\\\/\\\/www.organisator.ch\\\/sustainability\\\/2024-05-17\\\/jeder-zehnte-neue-lastwagen-mit-alternativ-antrieb\\\/#primaryimage\"},\"thumbnailUrl\":\"https:\\\/\\\/www.organisator.ch\\\/wp-content\\\/uploads\\\/2024\\\/05\\\/Auto-Schweiz_Bild1_ps.jpg\",\"datePublished\":\"2024-05-17T11:35:13+00:00\",\"description\":\"Zwischen Januar und April sind die Neuimmatrikulationen von Sachen- und Personen-Transportfahrzeugen in der Schweiz und im F\u00fcrstentum Liechtenstein um 12,4 Prozent auf 14'774 gestiegen.\",\"breadcrumb\":{\"@id\":\"https:\\\/\\\/www.organisator.ch\\\/sustainability\\\/2024-05-17\\\/jeder-zehnte-neue-lastwagen-mit-alternativ-antrieb\\\/#breadcrumb\"},\"inLanguage\":\"it-IT\",\"potentialAction\":[{\"@type\":\"ReadAction\",\"target\":[\"https:\\\/\\\/www.organisator.ch\\\/sustainability\\\/2024-05-17\\\/jeder-zehnte-neue-lastwagen-mit-alternativ-antrieb\\\/\"]}]},{\"@type\":\"ImageObject\",\"inLanguage\":\"it-IT\",\"@id\":\"https:\\\/\\\/www.organisator.ch\\\/sustainability\\\/2024-05-17\\\/jeder-zehnte-neue-lastwagen-mit-alternativ-antrieb\\\/#primaryimage\",\"url\":\"https:\\\/\\\/www.organisator.ch\\\/wp-content\\\/uploads\\\/2024\\\/05\\\/Auto-Schweiz_Bild1_ps.jpg\",\"contentUrl\":\"https:\\\/\\\/www.organisator.ch\\\/wp-content\\\/uploads\\\/2024\\\/05\\\/Auto-Schweiz_Bild1_ps.jpg\",\"width\":680,\"height\":452,\"caption\":\"Trotz der konjunkturell schwierigen Lage scheint der Bedarf nach Transportleistung und zus\u00e4tzlichen Fahrzeugen derzeit ungebrochen. (Bild: www.depositphotos.com)\"},{\"@type\":\"BreadcrumbList\",\"@id\":\"https:\\\/\\\/www.organisator.ch\\\/sustainability\\\/2024-05-17\\\/jeder-zehnte-neue-lastwagen-mit-alternativ-antrieb\\\/#breadcrumb\",\"itemListElement\":[{\"@type\":\"ListItem\",\"position\":1,\"name\":\"Home\",\"item\":\"https:\\\/\\\/www.organisator.ch\\\/\"},{\"@type\":\"ListItem\",\"position\":2,\"name\":\"Jeder zehnte neue Lastwagen mit Alternativ-Antrieb\"}]},{\"@type\":\"WebSite\",\"@id\":\"https:\\\/\\\/www.organisator.ch\\\/#website\",\"url\":\"https:\\\/\\\/www.organisator.ch\\\/\",\"name\":\"Organisator\",\"description\":\"Kompetent. Praxisnah. Der ORGANISATOR bereitet in 10 Ausgaben pro Jahr die wesentlichen Themen f\u00fcr F\u00fchrungskr\u00e4fte von KMU auf.\",\"publisher\":{\"@id\":\"https:\\\/\\\/www.organisator.ch\\\/#organization\"},\"potentialAction\":[{\"@type\":\"SearchAction\",\"target\":{\"@type\":\"EntryPoint\",\"urlTemplate\":\"https:\\\/\\\/www.organisator.ch\\\/?s={search_term_string}\"},\"query-input\":{\"@type\":\"PropertyValueSpecification\",\"valueRequired\":true,\"valueName\":\"search_term_string\"}}],\"inLanguage\":\"it-IT\"},{\"@type\":\"Organization\",\"@id\":\"https:\\\/\\\/www.organisator.ch\\\/#organization\",\"name\":\"Organisator\",\"url\":\"https:\\\/\\\/www.organisator.ch\\\/\",\"logo\":{\"@type\":\"ImageObject\",\"inLanguage\":\"it-IT\",\"@id\":\"https:\\\/\\\/www.organisator.ch\\\/#\\\/schema\\\/logo\\\/image\\\/\",\"url\":\"https:\\\/\\\/www.organisator.ch\\\/wp-content\\\/uploads\\\/2022\\\/01\\\/Logo_Organisator_Website.png\",\"contentUrl\":\"https:\\\/\\\/www.organisator.ch\\\/wp-content\\\/uploads\\\/2022\\\/01\\\/Logo_Organisator_Website.png\",\"width\":800,\"height\":77,\"caption\":\"Organisator\"},\"image\":{\"@id\":\"https:\\\/\\\/www.organisator.ch\\\/#\\\/schema\\\/logo\\\/image\\\/\"},\"sameAs\":[\"https:\\\/\\\/www.facebook.com\\\/OrganisatorFachmagazin\",\"https:\\\/\\\/www.linkedin.com\\\/showcase\\\/organisator-das-magazin-fr-kmu\",\"https:\\\/\\\/www.xing.com\\\/news\\\/pages\\\/organisator-ch-695\",\"https:\\\/\\\/www.youtube.com\\\/channel\\\/UCGP2Sq0iWaZwT3BdIAQFYpw\"]},{\"@type\":\"Person\",\"@id\":\"https:\\\/\\\/www.organisator.ch\\\/#\\\/schema\\\/person\\\/2e1314a2172123f874db408d8911d3f3\",\"name\":\"Adelisa Kalajdzini\",\"image\":{\"@type\":\"ImageObject\",\"inLanguage\":\"it-IT\",\"@id\":\"https:\\\/\\\/secure.gravatar.com\\\/avatar\\\/09a397c22ac58cad6f160ee8306348599df9df58a8ede73696226897b9fa4b24?s=96&d=mm&r=g\",\"url\":\"https:\\\/\\\/secure.gravatar.com\\\/avatar\\\/09a397c22ac58cad6f160ee8306348599df9df58a8ede73696226897b9fa4b24?s=96&d=mm&r=g\",\"contentUrl\":\"https:\\\/\\\/secure.gravatar.com\\\/avatar\\\/09a397c22ac58cad6f160ee8306348599df9df58a8ede73696226897b9fa4b24?s=96&d=mm&r=g\",\"caption\":\"Adelisa Kalajdzini\"},\"url\":\"https:\\\/\\\/www.organisator.ch\\\/it\\\/author\\\/adelisa-kalajdzini\\\/\"}]}<\/script>\n<!-- \/ Yoast SEO plugin. -->","yoast_head_json":{"title":"Un camion nuovo su dieci con trazione alternativa - organizzatore","description":"Tra gennaio e aprile, le nuove immatricolazioni di veicoli per il trasporto di merci e persone in Svizzera e nel Principato del Liechtenstein sono aumentate del 12,4%, raggiungendo le 14.774 unit\u00e0.","robots":{"index":"index","follow":"follow","max-snippet":"max-snippet:-1","max-image-preview":"max-image-preview:large","max-video-preview":"max-video-preview:-1"},"canonical":"https:\/\/www.organisator.ch\/it\/sostenibilita\/2024-05-17\/jeder-zehnte-neue-lastwagen-mit-alternativ-antrieb\/","og_locale":"it_IT","og_type":"article","og_title":"Jeder zehnte neue Lastwagen mit Alternativ-Antrieb","og_description":"Zwischen Januar und April sind die Neuimmatrikulationen von Sachen- und Personen-Transportfahrzeugen in der Schweiz und im F\u00fcrstentum Liechtenstein um 12,4 Prozent auf 14'774 gestiegen.","og_url":"https:\/\/www.organisator.ch\/it\/sostenibilita\/2024-05-17\/jeder-zehnte-neue-lastwagen-mit-alternativ-antrieb\/","og_site_name":"Organisator","article_publisher":"https:\/\/www.facebook.com\/OrganisatorFachmagazin","article_published_time":"2024-05-17T11:35:13+00:00","og_image":[{"width":680,"height":452,"url":"https:\/\/www.organisator.ch\/wp-content\/uploads\/2024\/05\/Auto-Schweiz_Bild1_ps.jpg","type":"image\/jpeg"}],"author":"Adelisa Kalajdzini","twitter_card":"summary_large_image","twitter_title":"Jeder zehnte neue Lastwagen mit Alternativ-Antrieb","twitter_description":"Zwischen Januar und April sind die #Neuimmatrikulationen von Sachen- und Personen-#Transportfahrzeugen in der #Schweiz und im F\u00fcrstentum Liechtenstein um 12,4 Prozent auf 14'774 #gestiegen.","twitter_image":"https:\/\/www.organisator.ch\/wp-content\/uploads\/2024\/05\/Auto-Schweiz_Bild1_ps.jpg","schema":{"@context":"https:\/\/schema.org","@graph":[{"@type":"Article","@id":"https:\/\/www.organisator.ch\/sustainability\/2024-05-17\/jeder-zehnte-neue-lastwagen-mit-alternativ-antrieb\/#article","isPartOf":{"@id":"https:\/\/www.organisator.ch\/sustainability\/2024-05-17\/jeder-zehnte-neue-lastwagen-mit-alternativ-antrieb\/"},"author":{"name":"Adelisa Kalajdzini","@id":"https:\/\/www.organisator.ch\/#\/schema\/person\/2e1314a2172123f874db408d8911d3f3"},"headline":"Jeder zehnte neue Lastwagen mit Alternativ-Antrieb","datePublished":"2024-05-17T11:35:13+00:00","mainEntityOfPage":{"@id":"https:\/\/www.organisator.ch\/sustainability\/2024-05-17\/jeder-zehnte-neue-lastwagen-mit-alternativ-antrieb\/"},"wordCount":369,"publisher":{"@id":"https:\/\/www.organisator.ch\/#organization"},"image":{"@id":"https:\/\/www.organisator.ch\/sustainability\/2024-05-17\/jeder-zehnte-neue-lastwagen-mit-alternativ-antrieb\/#primaryimage"},"thumbnailUrl":"https:\/\/www.organisator.ch\/wp-content\/uploads\/2024\/05\/Auto-Schweiz_Bild1_ps.jpg","keywords":["Alternative Antriebe","Nachhaltigkeit","Schweiz"],"articleSection":["SUSTAINABILITY"],"inLanguage":"it-IT"},{"@type":"WebPage","@id":"https:\/\/www.organisator.ch\/sustainability\/2024-05-17\/jeder-zehnte-neue-lastwagen-mit-alternativ-antrieb\/","url":"https:\/\/www.organisator.ch\/sustainability\/2024-05-17\/jeder-zehnte-neue-lastwagen-mit-alternativ-antrieb\/","name":"Un camion nuovo su dieci con trazione alternativa - organizzatore","isPartOf":{"@id":"https:\/\/www.organisator.ch\/#website"},"primaryImageOfPage":{"@id":"https:\/\/www.organisator.ch\/sustainability\/2024-05-17\/jeder-zehnte-neue-lastwagen-mit-alternativ-antrieb\/#primaryimage"},"image":{"@id":"https:\/\/www.organisator.ch\/sustainability\/2024-05-17\/jeder-zehnte-neue-lastwagen-mit-alternativ-antrieb\/#primaryimage"},"thumbnailUrl":"https:\/\/www.organisator.ch\/wp-content\/uploads\/2024\/05\/Auto-Schweiz_Bild1_ps.jpg","datePublished":"2024-05-17T11:35:13+00:00","description":"Tra gennaio e aprile, le nuove immatricolazioni di veicoli per il trasporto di merci e persone in Svizzera e nel Principato del Liechtenstein sono aumentate del 12,4%, raggiungendo le 14.774 unit\u00e0.","breadcrumb":{"@id":"https:\/\/www.organisator.ch\/sustainability\/2024-05-17\/jeder-zehnte-neue-lastwagen-mit-alternativ-antrieb\/#breadcrumb"},"inLanguage":"it-IT","potentialAction":[{"@type":"ReadAction","target":["https:\/\/www.organisator.ch\/sustainability\/2024-05-17\/jeder-zehnte-neue-lastwagen-mit-alternativ-antrieb\/"]}]},{"@type":"ImageObject","inLanguage":"it-IT","@id":"https:\/\/www.organisator.ch\/sustainability\/2024-05-17\/jeder-zehnte-neue-lastwagen-mit-alternativ-antrieb\/#primaryimage","url":"https:\/\/www.organisator.ch\/wp-content\/uploads\/2024\/05\/Auto-Schweiz_Bild1_ps.jpg","contentUrl":"https:\/\/www.organisator.ch\/wp-content\/uploads\/2024\/05\/Auto-Schweiz_Bild1_ps.jpg","width":680,"height":452,"caption":"Trotz der konjunkturell schwierigen Lage scheint der Bedarf nach Transportleistung und zus\u00e4tzlichen Fahrzeugen derzeit ungebrochen. (Bild: www.depositphotos.com)"},{"@type":"BreadcrumbList","@id":"https:\/\/www.organisator.ch\/sustainability\/2024-05-17\/jeder-zehnte-neue-lastwagen-mit-alternativ-antrieb\/#breadcrumb","itemListElement":[{"@type":"ListItem","position":1,"name":"Home","item":"https:\/\/www.organisator.ch\/"},{"@type":"ListItem","position":2,"name":"Jeder zehnte neue Lastwagen mit Alternativ-Antrieb"}]},{"@type":"WebSite","@id":"https:\/\/www.organisator.ch\/#website","url":"https:\/\/www.organisator.ch\/","name":"Organizzatore","description":"Competente. Pratico. In 10 numeri all'anno, ORGANISATOR presenta i temi essenziali per i manager delle PMI.","publisher":{"@id":"https:\/\/www.organisator.ch\/#organization"},"potentialAction":[{"@type":"SearchAction","target":{"@type":"EntryPoint","urlTemplate":"https:\/\/www.organisator.ch\/?s={search_term_string}"},"query-input":{"@type":"PropertyValueSpecification","valueRequired":true,"valueName":"search_term_string"}}],"inLanguage":"it-IT"},{"@type":"Organization","@id":"https:\/\/www.organisator.ch\/#organization","name":"Organizzatore","url":"https:\/\/www.organisator.ch\/","logo":{"@type":"ImageObject","inLanguage":"it-IT","@id":"https:\/\/www.organisator.ch\/#\/schema\/logo\/image\/","url":"https:\/\/www.organisator.ch\/wp-content\/uploads\/2022\/01\/Logo_Organisator_Website.png","contentUrl":"https:\/\/www.organisator.ch\/wp-content\/uploads\/2022\/01\/Logo_Organisator_Website.png","width":800,"height":77,"caption":"Organisator"},"image":{"@id":"https:\/\/www.organisator.ch\/#\/schema\/logo\/image\/"},"sameAs":["https:\/\/www.facebook.com\/OrganisatorFachmagazin","https:\/\/www.linkedin.com\/showcase\/organisator-das-magazin-fr-kmu","https:\/\/www.xing.com\/news\/pages\/organisator-ch-695","https:\/\/www.youtube.com\/channel\/UCGP2Sq0iWaZwT3BdIAQFYpw"]},{"@type":"Person","@id":"https:\/\/www.organisator.ch\/#\/schema\/person\/2e1314a2172123f874db408d8911d3f3","name":"Adelisa Kalajdzini","image":{"@type":"ImageObject","inLanguage":"it-IT","@id":"https:\/\/secure.gravatar.com\/avatar\/09a397c22ac58cad6f160ee8306348599df9df58a8ede73696226897b9fa4b24?s=96&d=mm&r=g","url":"https:\/\/secure.gravatar.com\/avatar\/09a397c22ac58cad6f160ee8306348599df9df58a8ede73696226897b9fa4b24?s=96&d=mm&r=g","contentUrl":"https:\/\/secure.gravatar.com\/avatar\/09a397c22ac58cad6f160ee8306348599df9df58a8ede73696226897b9fa4b24?s=96&d=mm&r=g","caption":"Adelisa Kalajdzini"},"url":"https:\/\/www.organisator.ch\/it\/author\/adelisa-kalajdzini\/"}]}},"_links":{"self":[{"href":"https:\/\/www.organisator.ch\/it\/wp-json\/wp\/v2\/posts\/27157","targetHints":{"allow":["GET"]}}],"collection":[{"href":"https:\/\/www.organisator.ch\/it\/wp-json\/wp\/v2\/posts"}],"about":[{"href":"https:\/\/www.organisator.ch\/it\/wp-json\/wp\/v2\/types\/post"}],"author":[{"embeddable":true,"href":"https:\/\/www.organisator.ch\/it\/wp-json\/wp\/v2\/users\/58"}],"replies":[{"embeddable":true,"href":"https:\/\/www.organisator.ch\/it\/wp-json\/wp\/v2\/comments?post=27157"}],"version-history":[{"count":4,"href":"https:\/\/www.organisator.ch\/it\/wp-json\/wp\/v2\/posts\/27157\/revisions"}],"predecessor-version":[{"id":27174,"href":"https:\/\/www.organisator.ch\/it\/wp-json\/wp\/v2\/posts\/27157\/revisions\/27174"}],"wp:featuredmedia":[{"embeddable":true,"href":"https:\/\/www.organisator.ch\/it\/wp-json\/wp\/v2\/media\/27158"}],"wp:attachment":[{"href":"https:\/\/www.organisator.ch\/it\/wp-json\/wp\/v2\/media?parent=27157"}],"wp:term":[{"taxonomy":"category","embeddable":true,"href":"https:\/\/www.organisator.ch\/it\/wp-json\/wp\/v2\/categories?post=27157"},{"taxonomy":"post_tag","embeddable":true,"href":"https:\/\/www.organisator.ch\/it\/wp-json\/wp\/v2\/tags?post=27157"}],"curies":[{"name":"wp","href":"https:\/\/api.w.org\/{rel}","templated":true}]}}