{"id":27179,"date":"2024-05-21T10:18:48","date_gmt":"2024-05-21T08:18:48","guid":{"rendered":"https:\/\/www.werbewoche.ch\/?p=215268"},"modified":"2024-11-11T05:55:32","modified_gmt":"2024-11-11T04:55:32","slug":"migros-spricht-wegen-konzernumbau-erste-kuendigungen-aus","status":"publish","type":"post","link":"https:\/\/www.organisator.ch\/it\/marketing\/2024-05-21\/migros-spricht-wegen-konzernumbau-erste-kuendigungen-aus\/","title":{"rendered":"Migros annuncia i primi licenziamenti dovuti alla riorganizzazione del gruppo"},"content":{"rendered":"<p><img class=\"aligncenter wp-image-192354 size-full\" src=\"https:\/\/www.werbewoche.ch\/wp-content\/uploads\/2023\/01\/Migros.jpg\" alt=\"Supermercato Migros\" width=\"1200\" height=\"677\" \/><\/p>\r\n<p>I tagli ai posti di lavoro presso il Supermarkt AG sono stati annunciati da Migros, secondo quanto riporta il portale <em>All'interno di Paradeplatz<\/em> ha confermato venerd\u00ec. Secondo il comunicato stampa, i dipendenti della sede Migros di Limmatplatz a Zurigo saranno interessati dai licenziamenti. In questa sede si trovano principalmente gli uffici amministrativi.<\/p>\r\n<p>Tutte le direzioni di Supermarkt AG sono interessate, comprese le direzioni prodotti freschi, alimentari e non alimentari, nonch\u00e9 i dipartimenti di comunicazione di marketing, finanza, operazioni, vendite e personale, ha spiegato un portavoce su richiesta. \"In termini assoluti, il maggior numero di posti di lavoro sar\u00e0 perso nelle comunicazioni di marketing\", ha dichiarato. Il personale dei negozi, tuttavia, non \u00e8 interessato dalle misure.<\/p>\r\n<p>Secondo il comunicato stampa, i licenziati saranno sostenuti nel loro riorientamento professionale. Come gi\u00e0 annunciato, Migros ha introdotto un nuovo piano sociale a partire dal 1\u00b0 maggio in vista dei prossimi licenziamenti. Nel corso della riorganizzazione, l'azienda taglier\u00e0 complessivamente circa 1500 posti di lavoro.<\/p>\r\n<h3>Nuova struttura<\/h3>\r\n<p>La direzione di Supermarkt AG ha ridisegnato la struttura organizzativa insieme a un team di progetto di tutte le direzioni e a consulenti esterni - secondo quanto riportato dai media, si tratta di un team della societ\u00e0 di consulenza McKinsey. La nuova struttura \u00e8 stata approvata dal Consiglio di amministrazione di Supermarkt AG e sar\u00e0 attuata a partire dal 1\u00b0 luglio 2024.<\/p>\r\n<p>L'obiettivo della riorganizzazione \u00e8 \"processi semplificati, strutture snelle e ruoli chiari\". Il contesto \u00e8 che Migros vuole risparmiare con i suoi nuovi capi Mario Irminger, capo della Federazione delle Cooperative Migros, e Peter Diethelm, capo di Migros Supermarkt AG.<\/p>\r\n<p>Nel corso di questa operazione, l'azienda intende anche vendere diversi negozi specializzati e filiali, tra cui il rivenditore di elettronica Melectronics. Secondo il portavoce, la vendita sta procedendo \"secondo i piani\".<\/p>\r\n<p>Tuttavia, come scrive Migros nel suo ultimo comunicato stampa, la prevista vendita di Melectronics porter\u00e0 a cambiamenti in circa 50 filiali dei supermercati pi\u00f9 grandi di Migros. \"Questo si riferisce alle aree di vendita di Melectronics all'interno dei supermercati Migros, simili ai formati shop-in-shop\", ha dichiarato il portavoce.<\/p>\r\n<p>In futuro, in questi punti vendita Melectronics vender\u00e0 solo una \"gamma di base di prodotti elettronici\". A differenza dei negozi Melectronics indipendenti, queste aree di vendita all'interno dei supermercati Migros non saranno in vendita.<\/p>\r\n<h3>Migros rinuncia a Nutri-Score e al servizio di consegna di cibo a domicilio<\/h3>\r\n<p>Oltre ai licenziamenti, Migros Supermarkt AG sta attuando diverse altre misure di riduzione dei costi. Una di queste riguarda l'etichetta alimentare volontaria Nutri-Score. Migros intende eliminare gradualmente l'etichetta Nutri-Score dai suoi prodotti.<\/p>\r\n<p>Il motivo addotto dall'azienda \u00e8 che il marchio apporta troppo poco e costa troppo. \"L'esperienza maturata dalla sua introduzione tre anni fa ha dimostrato che i benefici sono troppo limitati rispetto ai costi elevati\", si legge nel comunicato stampa. Tuttavia, Migros non vuole indicare i costi attuali del marchio. \"Quello che possiamo dire \u00e8 che i costi per l'eliminazione graduale sono significativamente inferiori rispetto all'ulteriore passaggio e agli eventuali adeguamenti futuri di tutti i prodotti\", ha dichiarato un portavoce.<\/p>\r\n<p>Il Nutri-Score \u00e8 un sistema di etichettatura degli alimenti utilizzato in diversi Paesi europei che utilizza un sistema di colori e lettere per confrontare gli alimenti della stessa categoria in termini di equilibrio. Il governo federale sostiene l'iniziativa, sviluppata dal Ministero della Salute francese.<\/p>\r\n<p>Migros ha inoltre annunciato che alla fine di maggio interromper\u00e0 il servizio di consegna di cibo Foodnow. Il servizio di consegna, lanciato nel 2020, \u00e8 paragonabile a servizi come Eat.ch o Uber Eats e consegna cibo dai ristoranti ai clienti. \"Nonostante i circa 600 ristoranti partner, la considerevole crescita degli ordini e l'espansione dell'area di consegna, non \u00e8 stato purtroppo possibile raggiungere gli obiettivi commerciali\", spiega Migros, spiegando la decisione di interrompere Foodnow.<\/p>\r\n<h3>Foglie di capo fresche<\/h3>\r\n<p>Anche il team dirigenziale di Migros Supermarkt AG si allontana. Sandra St\u00f6ckli, che dall'estate scorsa era responsabile della Direzione Prodotti Freschi e fungeva da vice del capo di Migros Supermercati Peter Diethelm, ceder\u00e0 le redini alla fine di giugno.<\/p>\r\n<p>Lascer\u00e0 completamente l'azienda alla fine di agosto. Secondo il comunicato stampa, non \u00e8 previsto un successore alla guida della Direzione Prodotti freschi. Al contrario, le direzioni Prodotti alimentari e Prodotti freschi saranno fuse in un'unica direzione. Miriam Richter, che da marzo \u00e8 responsabile della divisione Food &amp; Procurement Management, sar\u00e0 in futuro a capo della direzione combinata. <em>(SDA)<\/em><\/p>","protected":false},"excerpt":{"rendered":"<p>La nuova Migros Supermarkt AG sta tagliando i suoi primi posti di lavoro, come annunciato. Marted\u00ec la direzione ha informato i dipendenti dei licenziamenti con un livestream, come annunciato da Migros lo stesso giorno. Circa 150 dipendenti perderanno il posto di lavoro e altri 100 riceveranno un preavviso di licenziamento.<\/p>","protected":false},"author":8,"featured_media":0,"comment_status":"closed","ping_status":"closed","sticky":false,"template":"","format":"standard","meta":{"_acf_changed":false,"_yoast_wpseo_focuskw":"Migros Supermarkt","_yoast_wpseo_metadesc":"Migros Supermarkt AG plant Sparma\u00dfnahmen, Entlassungen und gibt Nutri-Score sowie Essenslieferdienst Foodnow auf.","articlekey":"","footnotes":""},"categories":[29],"tags":[339,1708],"class_list":["post-27179","post","type-post","status-publish","format-standard","hentry","category-marketing","tag-marketing","tag-migros"],"acf":[],"yoast_head":"<!-- This site is optimized with the Yoast SEO plugin v27.5 - https:\/\/yoast.com\/product\/yoast-seo-wordpress\/ -->\n<title>Migros spricht wegen Konzernumbau erste K\u00fcndigungen aus - Organisator<\/title>\n<meta name=\"description\" content=\"Migros Supermarkt AG plant Sparma\u00dfnahmen, Entlassungen und gibt Nutri-Score sowie Essenslieferdienst Foodnow auf.\" \/>\n<meta name=\"robots\" content=\"index, follow, max-snippet:-1, max-image-preview:large, max-video-preview:-1\" \/>\n<link rel=\"canonical\" href=\"https:\/\/www.organisator.ch\/it\/marketing\/2024-05-21\/migros-spricht-wegen-konzernumbau-erste-kuendigungen-aus\/\" \/>\n<meta property=\"og:locale\" content=\"it_IT\" \/>\n<meta property=\"og:type\" content=\"article\" \/>\n<meta property=\"og:title\" content=\"Migros spricht wegen Konzernumbau erste K\u00fcndigungen aus - Organisator\" \/>\n<meta property=\"og:description\" content=\"Migros Supermarkt AG plant Sparma\u00dfnahmen, Entlassungen und gibt Nutri-Score sowie Essenslieferdienst Foodnow auf.\" \/>\n<meta property=\"og:url\" content=\"https:\/\/www.organisator.ch\/it\/marketing\/2024-05-21\/migros-spricht-wegen-konzernumbau-erste-kuendigungen-aus\/\" \/>\n<meta property=\"og:site_name\" content=\"Organisator\" \/>\n<meta property=\"article:publisher\" content=\"https:\/\/www.facebook.com\/OrganisatorFachmagazin\" \/>\n<meta property=\"article:published_time\" content=\"2024-05-21T08:18:48+00:00\" \/>\n<meta property=\"article:modified_time\" content=\"2024-11-11T04:55:32+00:00\" \/>\n<meta property=\"og:image\" content=\"https:\/\/www.werbewoche.ch\/wp-content\/uploads\/2023\/01\/Migros.jpg\" \/>\n<meta name=\"author\" content=\"galledia\" \/>\n<meta name=\"twitter:card\" content=\"summary_large_image\" \/>\n<meta name=\"twitter:creator\" content=\"@admin\" \/>\n<script type=\"application\/ld+json\" class=\"yoast-schema-graph\">{\"@context\":\"https:\\\/\\\/schema.org\",\"@graph\":[{\"@type\":\"Article\",\"@id\":\"https:\\\/\\\/www.organisator.ch\\\/marketing\\\/2024-05-21\\\/migros-spricht-wegen-konzernumbau-erste-kuendigungen-aus\\\/#article\",\"isPartOf\":{\"@id\":\"https:\\\/\\\/www.organisator.ch\\\/marketing\\\/2024-05-21\\\/migros-spricht-wegen-konzernumbau-erste-kuendigungen-aus\\\/\"},\"author\":{\"name\":\"galledia\",\"@id\":\"https:\\\/\\\/www.organisator.ch\\\/#\\\/schema\\\/person\\\/4e51799071cd2dd1232ac003643ef5f0\"},\"headline\":\"Migros spricht wegen Konzernumbau erste K\u00fcndigungen aus\",\"datePublished\":\"2024-05-21T08:18:48+00:00\",\"dateModified\":\"2024-11-11T04:55:32+00:00\",\"mainEntityOfPage\":{\"@id\":\"https:\\\/\\\/www.organisator.ch\\\/marketing\\\/2024-05-21\\\/migros-spricht-wegen-konzernumbau-erste-kuendigungen-aus\\\/\"},\"wordCount\":672,\"publisher\":{\"@id\":\"https:\\\/\\\/www.organisator.ch\\\/#organization\"},\"image\":{\"@id\":\"https:\\\/\\\/www.organisator.ch\\\/marketing\\\/2024-05-21\\\/migros-spricht-wegen-konzernumbau-erste-kuendigungen-aus\\\/#primaryimage\"},\"thumbnailUrl\":\"https:\\\/\\\/www.werbewoche.ch\\\/wp-content\\\/uploads\\\/2023\\\/01\\\/Migros.jpg\",\"keywords\":[\"Marketing\",\"Migros\"],\"articleSection\":[\"MARKETING\"],\"inLanguage\":\"it-IT\"},{\"@type\":\"WebPage\",\"@id\":\"https:\\\/\\\/www.organisator.ch\\\/marketing\\\/2024-05-21\\\/migros-spricht-wegen-konzernumbau-erste-kuendigungen-aus\\\/\",\"url\":\"https:\\\/\\\/www.organisator.ch\\\/marketing\\\/2024-05-21\\\/migros-spricht-wegen-konzernumbau-erste-kuendigungen-aus\\\/\",\"name\":\"Migros spricht wegen Konzernumbau erste K\u00fcndigungen aus - Organisator\",\"isPartOf\":{\"@id\":\"https:\\\/\\\/www.organisator.ch\\\/#website\"},\"primaryImageOfPage\":{\"@id\":\"https:\\\/\\\/www.organisator.ch\\\/marketing\\\/2024-05-21\\\/migros-spricht-wegen-konzernumbau-erste-kuendigungen-aus\\\/#primaryimage\"},\"image\":{\"@id\":\"https:\\\/\\\/www.organisator.ch\\\/marketing\\\/2024-05-21\\\/migros-spricht-wegen-konzernumbau-erste-kuendigungen-aus\\\/#primaryimage\"},\"thumbnailUrl\":\"https:\\\/\\\/www.werbewoche.ch\\\/wp-content\\\/uploads\\\/2023\\\/01\\\/Migros.jpg\",\"datePublished\":\"2024-05-21T08:18:48+00:00\",\"dateModified\":\"2024-11-11T04:55:32+00:00\",\"description\":\"Migros Supermarkt AG plant Sparma\u00dfnahmen, Entlassungen und gibt Nutri-Score sowie Essenslieferdienst Foodnow auf.\",\"breadcrumb\":{\"@id\":\"https:\\\/\\\/www.organisator.ch\\\/marketing\\\/2024-05-21\\\/migros-spricht-wegen-konzernumbau-erste-kuendigungen-aus\\\/#breadcrumb\"},\"inLanguage\":\"it-IT\",\"potentialAction\":[{\"@type\":\"ReadAction\",\"target\":[\"https:\\\/\\\/www.organisator.ch\\\/marketing\\\/2024-05-21\\\/migros-spricht-wegen-konzernumbau-erste-kuendigungen-aus\\\/\"]}]},{\"@type\":\"ImageObject\",\"inLanguage\":\"it-IT\",\"@id\":\"https:\\\/\\\/www.organisator.ch\\\/marketing\\\/2024-05-21\\\/migros-spricht-wegen-konzernumbau-erste-kuendigungen-aus\\\/#primaryimage\",\"url\":\"https:\\\/\\\/www.werbewoche.ch\\\/wp-content\\\/uploads\\\/2023\\\/01\\\/Migros.jpg\",\"contentUrl\":\"https:\\\/\\\/www.werbewoche.ch\\\/wp-content\\\/uploads\\\/2023\\\/01\\\/Migros.jpg\"},{\"@type\":\"BreadcrumbList\",\"@id\":\"https:\\\/\\\/www.organisator.ch\\\/marketing\\\/2024-05-21\\\/migros-spricht-wegen-konzernumbau-erste-kuendigungen-aus\\\/#breadcrumb\",\"itemListElement\":[{\"@type\":\"ListItem\",\"position\":1,\"name\":\"Home\",\"item\":\"https:\\\/\\\/www.organisator.ch\\\/\"},{\"@type\":\"ListItem\",\"position\":2,\"name\":\"Migros spricht wegen Konzernumbau erste K\u00fcndigungen aus\"}]},{\"@type\":\"WebSite\",\"@id\":\"https:\\\/\\\/www.organisator.ch\\\/#website\",\"url\":\"https:\\\/\\\/www.organisator.ch\\\/\",\"name\":\"Organisator\",\"description\":\"Kompetent. Praxisnah. Der ORGANISATOR bereitet in 10 Ausgaben pro Jahr die wesentlichen Themen f\u00fcr F\u00fchrungskr\u00e4fte von KMU auf.\",\"publisher\":{\"@id\":\"https:\\\/\\\/www.organisator.ch\\\/#organization\"},\"potentialAction\":[{\"@type\":\"SearchAction\",\"target\":{\"@type\":\"EntryPoint\",\"urlTemplate\":\"https:\\\/\\\/www.organisator.ch\\\/?s={search_term_string}\"},\"query-input\":{\"@type\":\"PropertyValueSpecification\",\"valueRequired\":true,\"valueName\":\"search_term_string\"}}],\"inLanguage\":\"it-IT\"},{\"@type\":\"Organization\",\"@id\":\"https:\\\/\\\/www.organisator.ch\\\/#organization\",\"name\":\"Organisator\",\"url\":\"https:\\\/\\\/www.organisator.ch\\\/\",\"logo\":{\"@type\":\"ImageObject\",\"inLanguage\":\"it-IT\",\"@id\":\"https:\\\/\\\/www.organisator.ch\\\/#\\\/schema\\\/logo\\\/image\\\/\",\"url\":\"https:\\\/\\\/www.organisator.ch\\\/wp-content\\\/uploads\\\/2022\\\/01\\\/Logo_Organisator_Website.png\",\"contentUrl\":\"https:\\\/\\\/www.organisator.ch\\\/wp-content\\\/uploads\\\/2022\\\/01\\\/Logo_Organisator_Website.png\",\"width\":800,\"height\":77,\"caption\":\"Organisator\"},\"image\":{\"@id\":\"https:\\\/\\\/www.organisator.ch\\\/#\\\/schema\\\/logo\\\/image\\\/\"},\"sameAs\":[\"https:\\\/\\\/www.facebook.com\\\/OrganisatorFachmagazin\",\"https:\\\/\\\/www.linkedin.com\\\/showcase\\\/organisator-das-magazin-fr-kmu\",\"https:\\\/\\\/www.xing.com\\\/news\\\/pages\\\/organisator-ch-695\",\"https:\\\/\\\/www.youtube.com\\\/channel\\\/UCGP2Sq0iWaZwT3BdIAQFYpw\"]},{\"@type\":\"Person\",\"@id\":\"https:\\\/\\\/www.organisator.ch\\\/#\\\/schema\\\/person\\\/4e51799071cd2dd1232ac003643ef5f0\",\"name\":\"galledia\",\"image\":{\"@type\":\"ImageObject\",\"inLanguage\":\"it-IT\",\"@id\":\"https:\\\/\\\/secure.gravatar.com\\\/avatar\\\/78a7f90c01fc2bfc875782a0d4922b37cde2cf184ce347b91316d23cd7f69a36?s=96&d=mm&r=g\",\"url\":\"https:\\\/\\\/secure.gravatar.com\\\/avatar\\\/78a7f90c01fc2bfc875782a0d4922b37cde2cf184ce347b91316d23cd7f69a36?s=96&d=mm&r=g\",\"contentUrl\":\"https:\\\/\\\/secure.gravatar.com\\\/avatar\\\/78a7f90c01fc2bfc875782a0d4922b37cde2cf184ce347b91316d23cd7f69a36?s=96&d=mm&r=g\",\"caption\":\"galledia\"},\"sameAs\":[\"https:\\\/\\\/x.com\\\/admin\"],\"url\":\"https:\\\/\\\/www.organisator.ch\\\/it\\\/author\\\/galledia\\\/\"}]}<\/script>\n<!-- \/ Yoast SEO plugin. -->","yoast_head_json":{"title":"Migros annuncia i primi licenziamenti dovuti alla ristrutturazione del Gruppo - Organizzatore","description":"Migros Supermarkt AG prevede misure di riduzione dei costi, licenziamenti e l'interruzione di Nutri-Score e del servizio di consegna di cibo Foodnow.","robots":{"index":"index","follow":"follow","max-snippet":"max-snippet:-1","max-image-preview":"max-image-preview:large","max-video-preview":"max-video-preview:-1"},"canonical":"https:\/\/www.organisator.ch\/it\/marketing\/2024-05-21\/migros-spricht-wegen-konzernumbau-erste-kuendigungen-aus\/","og_locale":"it_IT","og_type":"article","og_title":"Migros spricht wegen Konzernumbau erste K\u00fcndigungen aus - Organisator","og_description":"Migros Supermarkt AG plant Sparma\u00dfnahmen, Entlassungen und gibt Nutri-Score sowie Essenslieferdienst Foodnow auf.","og_url":"https:\/\/www.organisator.ch\/it\/marketing\/2024-05-21\/migros-spricht-wegen-konzernumbau-erste-kuendigungen-aus\/","og_site_name":"Organisator","article_publisher":"https:\/\/www.facebook.com\/OrganisatorFachmagazin","article_published_time":"2024-05-21T08:18:48+00:00","article_modified_time":"2024-11-11T04:55:32+00:00","og_image":[{"url":"https:\/\/www.werbewoche.ch\/wp-content\/uploads\/2023\/01\/Migros.jpg","type":"","width":"","height":""}],"author":"galledia","twitter_card":"summary_large_image","twitter_creator":"@admin","schema":{"@context":"https:\/\/schema.org","@graph":[{"@type":"Article","@id":"https:\/\/www.organisator.ch\/marketing\/2024-05-21\/migros-spricht-wegen-konzernumbau-erste-kuendigungen-aus\/#article","isPartOf":{"@id":"https:\/\/www.organisator.ch\/marketing\/2024-05-21\/migros-spricht-wegen-konzernumbau-erste-kuendigungen-aus\/"},"author":{"name":"galledia","@id":"https:\/\/www.organisator.ch\/#\/schema\/person\/4e51799071cd2dd1232ac003643ef5f0"},"headline":"Migros spricht wegen Konzernumbau erste K\u00fcndigungen aus","datePublished":"2024-05-21T08:18:48+00:00","dateModified":"2024-11-11T04:55:32+00:00","mainEntityOfPage":{"@id":"https:\/\/www.organisator.ch\/marketing\/2024-05-21\/migros-spricht-wegen-konzernumbau-erste-kuendigungen-aus\/"},"wordCount":672,"publisher":{"@id":"https:\/\/www.organisator.ch\/#organization"},"image":{"@id":"https:\/\/www.organisator.ch\/marketing\/2024-05-21\/migros-spricht-wegen-konzernumbau-erste-kuendigungen-aus\/#primaryimage"},"thumbnailUrl":"https:\/\/www.werbewoche.ch\/wp-content\/uploads\/2023\/01\/Migros.jpg","keywords":["Marketing","Migros"],"articleSection":["MARKETING"],"inLanguage":"it-IT"},{"@type":"WebPage","@id":"https:\/\/www.organisator.ch\/marketing\/2024-05-21\/migros-spricht-wegen-konzernumbau-erste-kuendigungen-aus\/","url":"https:\/\/www.organisator.ch\/marketing\/2024-05-21\/migros-spricht-wegen-konzernumbau-erste-kuendigungen-aus\/","name":"Migros annuncia i primi licenziamenti dovuti alla ristrutturazione del Gruppo - Organizzatore","isPartOf":{"@id":"https:\/\/www.organisator.ch\/#website"},"primaryImageOfPage":{"@id":"https:\/\/www.organisator.ch\/marketing\/2024-05-21\/migros-spricht-wegen-konzernumbau-erste-kuendigungen-aus\/#primaryimage"},"image":{"@id":"https:\/\/www.organisator.ch\/marketing\/2024-05-21\/migros-spricht-wegen-konzernumbau-erste-kuendigungen-aus\/#primaryimage"},"thumbnailUrl":"https:\/\/www.werbewoche.ch\/wp-content\/uploads\/2023\/01\/Migros.jpg","datePublished":"2024-05-21T08:18:48+00:00","dateModified":"2024-11-11T04:55:32+00:00","description":"Migros Supermarkt AG prevede misure di riduzione dei costi, licenziamenti e l'interruzione di Nutri-Score e del servizio di consegna di cibo Foodnow.","breadcrumb":{"@id":"https:\/\/www.organisator.ch\/marketing\/2024-05-21\/migros-spricht-wegen-konzernumbau-erste-kuendigungen-aus\/#breadcrumb"},"inLanguage":"it-IT","potentialAction":[{"@type":"ReadAction","target":["https:\/\/www.organisator.ch\/marketing\/2024-05-21\/migros-spricht-wegen-konzernumbau-erste-kuendigungen-aus\/"]}]},{"@type":"ImageObject","inLanguage":"it-IT","@id":"https:\/\/www.organisator.ch\/marketing\/2024-05-21\/migros-spricht-wegen-konzernumbau-erste-kuendigungen-aus\/#primaryimage","url":"https:\/\/www.werbewoche.ch\/wp-content\/uploads\/2023\/01\/Migros.jpg","contentUrl":"https:\/\/www.werbewoche.ch\/wp-content\/uploads\/2023\/01\/Migros.jpg"},{"@type":"BreadcrumbList","@id":"https:\/\/www.organisator.ch\/marketing\/2024-05-21\/migros-spricht-wegen-konzernumbau-erste-kuendigungen-aus\/#breadcrumb","itemListElement":[{"@type":"ListItem","position":1,"name":"Home","item":"https:\/\/www.organisator.ch\/"},{"@type":"ListItem","position":2,"name":"Migros spricht wegen Konzernumbau erste K\u00fcndigungen aus"}]},{"@type":"WebSite","@id":"https:\/\/www.organisator.ch\/#website","url":"https:\/\/www.organisator.ch\/","name":"Organizzatore","description":"Competente. Pratico. In 10 numeri all'anno, ORGANISATOR presenta i temi essenziali per i manager delle PMI.","publisher":{"@id":"https:\/\/www.organisator.ch\/#organization"},"potentialAction":[{"@type":"SearchAction","target":{"@type":"EntryPoint","urlTemplate":"https:\/\/www.organisator.ch\/?s={search_term_string}"},"query-input":{"@type":"PropertyValueSpecification","valueRequired":true,"valueName":"search_term_string"}}],"inLanguage":"it-IT"},{"@type":"Organization","@id":"https:\/\/www.organisator.ch\/#organization","name":"Organizzatore","url":"https:\/\/www.organisator.ch\/","logo":{"@type":"ImageObject","inLanguage":"it-IT","@id":"https:\/\/www.organisator.ch\/#\/schema\/logo\/image\/","url":"https:\/\/www.organisator.ch\/wp-content\/uploads\/2022\/01\/Logo_Organisator_Website.png","contentUrl":"https:\/\/www.organisator.ch\/wp-content\/uploads\/2022\/01\/Logo_Organisator_Website.png","width":800,"height":77,"caption":"Organisator"},"image":{"@id":"https:\/\/www.organisator.ch\/#\/schema\/logo\/image\/"},"sameAs":["https:\/\/www.facebook.com\/OrganisatorFachmagazin","https:\/\/www.linkedin.com\/showcase\/organisator-das-magazin-fr-kmu","https:\/\/www.xing.com\/news\/pages\/organisator-ch-695","https:\/\/www.youtube.com\/channel\/UCGP2Sq0iWaZwT3BdIAQFYpw"]},{"@type":"Person","@id":"https:\/\/www.organisator.ch\/#\/schema\/person\/4e51799071cd2dd1232ac003643ef5f0","name":"galledia","image":{"@type":"ImageObject","inLanguage":"it-IT","@id":"https:\/\/secure.gravatar.com\/avatar\/78a7f90c01fc2bfc875782a0d4922b37cde2cf184ce347b91316d23cd7f69a36?s=96&d=mm&r=g","url":"https:\/\/secure.gravatar.com\/avatar\/78a7f90c01fc2bfc875782a0d4922b37cde2cf184ce347b91316d23cd7f69a36?s=96&d=mm&r=g","contentUrl":"https:\/\/secure.gravatar.com\/avatar\/78a7f90c01fc2bfc875782a0d4922b37cde2cf184ce347b91316d23cd7f69a36?s=96&d=mm&r=g","caption":"galledia"},"sameAs":["https:\/\/x.com\/admin"],"url":"https:\/\/www.organisator.ch\/it\/author\/galledia\/"}]}},"_links":{"self":[{"href":"https:\/\/www.organisator.ch\/it\/wp-json\/wp\/v2\/posts\/27179","targetHints":{"allow":["GET"]}}],"collection":[{"href":"https:\/\/www.organisator.ch\/it\/wp-json\/wp\/v2\/posts"}],"about":[{"href":"https:\/\/www.organisator.ch\/it\/wp-json\/wp\/v2\/types\/post"}],"author":[{"embeddable":true,"href":"https:\/\/www.organisator.ch\/it\/wp-json\/wp\/v2\/users\/8"}],"replies":[{"embeddable":true,"href":"https:\/\/www.organisator.ch\/it\/wp-json\/wp\/v2\/comments?post=27179"}],"version-history":[{"count":5,"href":"https:\/\/www.organisator.ch\/it\/wp-json\/wp\/v2\/posts\/27179\/revisions"}],"predecessor-version":[{"id":32246,"href":"https:\/\/www.organisator.ch\/it\/wp-json\/wp\/v2\/posts\/27179\/revisions\/32246"}],"wp:attachment":[{"href":"https:\/\/www.organisator.ch\/it\/wp-json\/wp\/v2\/media?parent=27179"}],"wp:term":[{"taxonomy":"category","embeddable":true,"href":"https:\/\/www.organisator.ch\/it\/wp-json\/wp\/v2\/categories?post=27179"},{"taxonomy":"post_tag","embeddable":true,"href":"https:\/\/www.organisator.ch\/it\/wp-json\/wp\/v2\/tags?post=27179"}],"curies":[{"name":"wp","href":"https:\/\/api.w.org\/{rel}","templated":true}]}}