{"id":27310,"date":"2024-05-30T13:33:21","date_gmt":"2024-05-30T11:33:21","guid":{"rendered":"https:\/\/www.organisator.ch\/?p=27310"},"modified":"2024-05-30T08:34:23","modified_gmt":"2024-05-30T06:34:23","slug":"heig-vd-gibt-die-gewinner-innen-des-schweizer-ethikpreises-2024-bekannt","status":"publish","type":"post","link":"https:\/\/www.organisator.ch\/it\/sustainability\/2024-05-30\/heig-vd-gibt-die-gewinner-innen-des-schweizer-ethikpreises-2024-bekannt\/","title":{"rendered":"L'HEIG-VD annuncia i vincitori del Premio svizzero di etica 2024"},"content":{"rendered":"<figure id=\"attachment_27355\" aria-describedby=\"caption-attachment-27355\" style=\"width: 680px\" class=\"wp-caption alignnone\"><img loading=\"lazy\" decoding=\"async\" class=\"wp-image-27355 size-full\" src=\"https:\/\/www.organisator.ch\/wp-content\/uploads\/2024\/05\/Ethikpreis_Bild_ps.jpg\" alt=\"\" width=\"680\" height=\"509\" srcset=\"https:\/\/www.organisator.ch\/wp-content\/uploads\/2024\/05\/Ethikpreis_Bild_ps.jpg 680w, https:\/\/www.organisator.ch\/wp-content\/uploads\/2024\/05\/Ethikpreis_Bild_ps-16x12.jpg 16w, https:\/\/www.organisator.ch\/wp-content\/uploads\/2024\/05\/Ethikpreis_Bild_ps-375x281.jpg 375w, https:\/\/www.organisator.ch\/wp-content\/uploads\/2024\/05\/Ethikpreis_Bild_ps-468x350.jpg 468w\" sizes=\"auto, (max-width: 680px) 100vw, 680px\" \/><figcaption id=\"caption-attachment-27355\" class=\"wp-caption-text\">Panatere a Saignel\u00e9gier \u00e8 il vincitore del Premio Etico Svizzero per il suo impegno nell'economia circolare. (Immagine: www.heig-vd.ch)<\/figcaption><\/figure>\n<p>La giuria dello Swiss Ethics Award era composta da rappresentanti di organizzazioni professionali, private, studentesche e non profit. I suoi membri sono stati selezionati dal comitato organizzatore in base al loro impegno per la sostenibilit\u00e0 e l'etica negli affari.<\/p>\n<p>Quest'anno la giuria ha premiato i seguenti progetti:<\/p>\n<ul>\n<li><strong>Panatere a Saignel\u00e9gier - e<\/strong>Panatere ha ricevuto un premio per il suo impegno nell'economia circolare. Panatere raccoglie gli scarti della produzione di componenti per l'industria medica e orologiera per dare loro una seconda vita. Attraverso l'etica e la sostenibilit\u00e0, il progetto mira a un'economia circolare nella produzione con un riciclo e un riutilizzo del 100 %.<\/li>\n<\/ul>\n<p><strong>\u00a0<\/strong><\/p>\n<ul>\n<li><strong>Kompotoi a Winterthur <\/strong>- ha vinto dei premi per le sue soluzioni di toilette a compostaggio estetiche, ecologiche e completamente inodori per capanni da giardino, festival e rifugi di montagna. Kompotoi noleggia \"accoglienti\" toilette in legno che sono molto pi\u00f9 piacevoli delle tradizionali toilette in plastica\/chimica. I Kompotoi sono realizzati a mano in Svizzera con grande attenzione ai dettagli.<\/li>\n<\/ul>\n<p><strong>\u00a0<\/strong><\/p>\n<ul>\n<li><strong>Rielaborazione a Berna - ricevuta<\/strong> Rework ha vinto un premio per i suoi obiettivi sociali ed ecologici e per l'offerta di capi alla moda, estetici e confortevoli che utilizzano il concetto di upcycling. Rework trasforma la catena tessile in un ciclo. Le collezioni sono prodotte in modo ecologico a partire da abiti di seconda mano, che vengono tagliati e ricuciti.<\/li>\n<\/ul>\n<p><strong>Il \"Coup de coeur\" come premio speciale per gli studenti<\/strong><\/p>\n<p><strong>AgroSustain a Renens<\/strong> - Il premio aggiuntivo di questo evento, il \"Coup de Coeur\" degli studenti, \u00e8 andato ad AgroSustain per lo sviluppo e la commercializzazione di un rivestimento naturale che pu\u00f2 essere utilizzato per mantenere la qualit\u00e0 di frutta e verdura fresca e fiori recisi direttamente dopo la raccolta fino al consumatore finale.<\/p>\n<p>Il premio ha due obiettivi: Mettere in luce progetti innovativi che fungano da modello per un futuro pi\u00f9 responsabile e sensibilizzare gli studenti dell'universit\u00e0 su questi temi.<\/p>\n<p><em>Fonte: <a href=\"http:\/\/www.heig-vd.ch\">www.heig-vd.ch<\/a><\/em><\/p>","protected":false},"excerpt":{"rendered":"<p>Il Premio svizzero di etica viene assegnato a organizzazioni svizzere impegnate in progetti nel campo della responsabilit\u00e0 sociale o dello sviluppo sostenibile. \u00c8 organizzato dagli studenti della HEIG-VD dal 2005. Il 19\u00b0 Premio Etico \u00e8 stato assegnato il 28 maggio nell'Aula Magna del Castello di Yverdon-les-Bains. <\/p>","protected":false},"author":58,"featured_media":27355,"comment_status":"closed","ping_status":"closed","sticky":false,"template":"","format":"standard","meta":{"_acf_changed":false,"_yoast_wpseo_focuskw":"Ethikpreis","_yoast_wpseo_metadesc":"Der Schweizer Ethikpreis zeichnet Organisationen aus, die sich f\u00fcr Projekte im Bereich der sozialen Verantwortung oder der nachhaltigen Entwicklung engagieren.","articlekey":"","footnotes":""},"categories":[580],"tags":[4236,424,4207,492],"class_list":["post-27310","post","type-post","status-publish","format-standard","has-post-thumbnail","hentry","category-sustainability","tag-ethikpreis","tag-schweiz","tag-studierende","tag-unternehmen"],"acf":[],"yoast_head":"<!-- This site is optimized with the Yoast SEO plugin v27.5 - https:\/\/yoast.com\/product\/yoast-seo-wordpress\/ -->\n<title>HEIG-VD gibt die Gewinner\/innen des Schweizer Ethikpreises 2024 bekannt - Organisator<\/title>\n<meta name=\"description\" content=\"Der Schweizer Ethikpreis zeichnet Organisationen aus, die sich f\u00fcr Projekte im Bereich der sozialen Verantwortung oder der nachhaltigen Entwicklung engagieren.\" \/>\n<meta name=\"robots\" content=\"index, follow, max-snippet:-1, max-image-preview:large, max-video-preview:-1\" \/>\n<link rel=\"canonical\" href=\"https:\/\/www.organisator.ch\/it\/sostenibilita\/2024-05-30\/heig-vd-gibt-die-gewinner-innen-des-schweizer-ethikpreises-2024-bekannt\/\" \/>\n<meta property=\"og:locale\" content=\"it_IT\" \/>\n<meta property=\"og:type\" content=\"article\" \/>\n<meta property=\"og:title\" content=\"HEIG-VD gibt die Gewinner\/innen des Schweizer Ethikpreises 2024 bekannt\" \/>\n<meta property=\"og:description\" content=\"Der Schweizer Ethikpreis zeichnet Organisationen aus, die sich f\u00fcr Projekte im Bereich der sozialen Verantwortung oder der nachhaltigen Entwicklung engagieren.\" \/>\n<meta property=\"og:url\" content=\"https:\/\/www.organisator.ch\/it\/sostenibilita\/2024-05-30\/heig-vd-gibt-die-gewinner-innen-des-schweizer-ethikpreises-2024-bekannt\/\" \/>\n<meta property=\"og:site_name\" content=\"Organisator\" \/>\n<meta property=\"article:publisher\" content=\"https:\/\/www.facebook.com\/OrganisatorFachmagazin\" \/>\n<meta property=\"article:published_time\" content=\"2024-05-30T11:33:21+00:00\" \/>\n<meta property=\"og:image\" content=\"https:\/\/www.organisator.ch\/wp-content\/uploads\/2024\/05\/Ethikpreis_Bild_ps.jpg\" \/>\n\t<meta property=\"og:image:width\" content=\"680\" \/>\n\t<meta property=\"og:image:height\" content=\"509\" \/>\n\t<meta property=\"og:image:type\" content=\"image\/jpeg\" \/>\n<meta name=\"author\" content=\"Adelisa Kalajdzini\" \/>\n<meta name=\"twitter:card\" content=\"summary_large_image\" \/>\n<meta name=\"twitter:title\" content=\"HEIG-VD gibt die Gewinner\/innen des Schweizer Ethikpreises 2024 bekannt\" \/>\n<meta name=\"twitter:description\" content=\"Der #Schweizer #Ethikpreis zeichnet #Organisationen aus, die sich f\u00fcr #Projekte im Bereich der sozialen Verantwortung oder der nachhaltigen Entwicklung engagieren.\" \/>\n<meta name=\"twitter:image\" content=\"https:\/\/www.organisator.ch\/wp-content\/uploads\/2024\/05\/Ethikpreis_Bild_ps.jpg\" \/>\n<script type=\"application\/ld+json\" class=\"yoast-schema-graph\">{\"@context\":\"https:\\\/\\\/schema.org\",\"@graph\":[{\"@type\":\"Article\",\"@id\":\"https:\\\/\\\/www.organisator.ch\\\/sustainability\\\/2024-05-30\\\/heig-vd-gibt-die-gewinner-innen-des-schweizer-ethikpreises-2024-bekannt\\\/#article\",\"isPartOf\":{\"@id\":\"https:\\\/\\\/www.organisator.ch\\\/sustainability\\\/2024-05-30\\\/heig-vd-gibt-die-gewinner-innen-des-schweizer-ethikpreises-2024-bekannt\\\/\"},\"author\":{\"name\":\"Adelisa Kalajdzini\",\"@id\":\"https:\\\/\\\/www.organisator.ch\\\/#\\\/schema\\\/person\\\/2e1314a2172123f874db408d8911d3f3\"},\"headline\":\"HEIG-VD gibt die Gewinner\\\/innen des Schweizer Ethikpreises 2024 bekannt\",\"datePublished\":\"2024-05-30T11:33:21+00:00\",\"mainEntityOfPage\":{\"@id\":\"https:\\\/\\\/www.organisator.ch\\\/sustainability\\\/2024-05-30\\\/heig-vd-gibt-die-gewinner-innen-des-schweizer-ethikpreises-2024-bekannt\\\/\"},\"wordCount\":336,\"publisher\":{\"@id\":\"https:\\\/\\\/www.organisator.ch\\\/#organization\"},\"image\":{\"@id\":\"https:\\\/\\\/www.organisator.ch\\\/sustainability\\\/2024-05-30\\\/heig-vd-gibt-die-gewinner-innen-des-schweizer-ethikpreises-2024-bekannt\\\/#primaryimage\"},\"thumbnailUrl\":\"https:\\\/\\\/www.organisator.ch\\\/wp-content\\\/uploads\\\/2024\\\/05\\\/Ethikpreis_Bild_ps.jpg\",\"keywords\":[\"Ethikpreis\",\"Schweiz\",\"Studierende\",\"Unternehmen\"],\"articleSection\":[\"SUSTAINABILITY\"],\"inLanguage\":\"it-IT\"},{\"@type\":\"WebPage\",\"@id\":\"https:\\\/\\\/www.organisator.ch\\\/sustainability\\\/2024-05-30\\\/heig-vd-gibt-die-gewinner-innen-des-schweizer-ethikpreises-2024-bekannt\\\/\",\"url\":\"https:\\\/\\\/www.organisator.ch\\\/sustainability\\\/2024-05-30\\\/heig-vd-gibt-die-gewinner-innen-des-schweizer-ethikpreises-2024-bekannt\\\/\",\"name\":\"HEIG-VD gibt die Gewinner\\\/innen des Schweizer Ethikpreises 2024 bekannt - Organisator\",\"isPartOf\":{\"@id\":\"https:\\\/\\\/www.organisator.ch\\\/#website\"},\"primaryImageOfPage\":{\"@id\":\"https:\\\/\\\/www.organisator.ch\\\/sustainability\\\/2024-05-30\\\/heig-vd-gibt-die-gewinner-innen-des-schweizer-ethikpreises-2024-bekannt\\\/#primaryimage\"},\"image\":{\"@id\":\"https:\\\/\\\/www.organisator.ch\\\/sustainability\\\/2024-05-30\\\/heig-vd-gibt-die-gewinner-innen-des-schweizer-ethikpreises-2024-bekannt\\\/#primaryimage\"},\"thumbnailUrl\":\"https:\\\/\\\/www.organisator.ch\\\/wp-content\\\/uploads\\\/2024\\\/05\\\/Ethikpreis_Bild_ps.jpg\",\"datePublished\":\"2024-05-30T11:33:21+00:00\",\"description\":\"Der Schweizer Ethikpreis zeichnet Organisationen aus, die sich f\u00fcr Projekte im Bereich der sozialen Verantwortung oder der nachhaltigen Entwicklung engagieren.\",\"breadcrumb\":{\"@id\":\"https:\\\/\\\/www.organisator.ch\\\/sustainability\\\/2024-05-30\\\/heig-vd-gibt-die-gewinner-innen-des-schweizer-ethikpreises-2024-bekannt\\\/#breadcrumb\"},\"inLanguage\":\"it-IT\",\"potentialAction\":[{\"@type\":\"ReadAction\",\"target\":[\"https:\\\/\\\/www.organisator.ch\\\/sustainability\\\/2024-05-30\\\/heig-vd-gibt-die-gewinner-innen-des-schweizer-ethikpreises-2024-bekannt\\\/\"]}]},{\"@type\":\"ImageObject\",\"inLanguage\":\"it-IT\",\"@id\":\"https:\\\/\\\/www.organisator.ch\\\/sustainability\\\/2024-05-30\\\/heig-vd-gibt-die-gewinner-innen-des-schweizer-ethikpreises-2024-bekannt\\\/#primaryimage\",\"url\":\"https:\\\/\\\/www.organisator.ch\\\/wp-content\\\/uploads\\\/2024\\\/05\\\/Ethikpreis_Bild_ps.jpg\",\"contentUrl\":\"https:\\\/\\\/www.organisator.ch\\\/wp-content\\\/uploads\\\/2024\\\/05\\\/Ethikpreis_Bild_ps.jpg\",\"width\":680,\"height\":509,\"caption\":\"Panatere in Saignel\u00e9gier ist gewinner des Schweizer Ethikpreises f\u00fcr das Engagement f\u00fcr die Kreislaufwirtschaft. (Bild: www.heig-vd.ch)\"},{\"@type\":\"BreadcrumbList\",\"@id\":\"https:\\\/\\\/www.organisator.ch\\\/sustainability\\\/2024-05-30\\\/heig-vd-gibt-die-gewinner-innen-des-schweizer-ethikpreises-2024-bekannt\\\/#breadcrumb\",\"itemListElement\":[{\"@type\":\"ListItem\",\"position\":1,\"name\":\"Home\",\"item\":\"https:\\\/\\\/www.organisator.ch\\\/\"},{\"@type\":\"ListItem\",\"position\":2,\"name\":\"HEIG-VD gibt die Gewinner\\\/innen des Schweizer Ethikpreises 2024 bekannt\"}]},{\"@type\":\"WebSite\",\"@id\":\"https:\\\/\\\/www.organisator.ch\\\/#website\",\"url\":\"https:\\\/\\\/www.organisator.ch\\\/\",\"name\":\"Organisator\",\"description\":\"Kompetent. Praxisnah. Der ORGANISATOR bereitet in 10 Ausgaben pro Jahr die wesentlichen Themen f\u00fcr F\u00fchrungskr\u00e4fte von KMU auf.\",\"publisher\":{\"@id\":\"https:\\\/\\\/www.organisator.ch\\\/#organization\"},\"potentialAction\":[{\"@type\":\"SearchAction\",\"target\":{\"@type\":\"EntryPoint\",\"urlTemplate\":\"https:\\\/\\\/www.organisator.ch\\\/?s={search_term_string}\"},\"query-input\":{\"@type\":\"PropertyValueSpecification\",\"valueRequired\":true,\"valueName\":\"search_term_string\"}}],\"inLanguage\":\"it-IT\"},{\"@type\":\"Organization\",\"@id\":\"https:\\\/\\\/www.organisator.ch\\\/#organization\",\"name\":\"Organisator\",\"url\":\"https:\\\/\\\/www.organisator.ch\\\/\",\"logo\":{\"@type\":\"ImageObject\",\"inLanguage\":\"it-IT\",\"@id\":\"https:\\\/\\\/www.organisator.ch\\\/#\\\/schema\\\/logo\\\/image\\\/\",\"url\":\"https:\\\/\\\/www.organisator.ch\\\/wp-content\\\/uploads\\\/2022\\\/01\\\/Logo_Organisator_Website.png\",\"contentUrl\":\"https:\\\/\\\/www.organisator.ch\\\/wp-content\\\/uploads\\\/2022\\\/01\\\/Logo_Organisator_Website.png\",\"width\":800,\"height\":77,\"caption\":\"Organisator\"},\"image\":{\"@id\":\"https:\\\/\\\/www.organisator.ch\\\/#\\\/schema\\\/logo\\\/image\\\/\"},\"sameAs\":[\"https:\\\/\\\/www.facebook.com\\\/OrganisatorFachmagazin\",\"https:\\\/\\\/www.linkedin.com\\\/showcase\\\/organisator-das-magazin-fr-kmu\",\"https:\\\/\\\/www.xing.com\\\/news\\\/pages\\\/organisator-ch-695\",\"https:\\\/\\\/www.youtube.com\\\/channel\\\/UCGP2Sq0iWaZwT3BdIAQFYpw\"]},{\"@type\":\"Person\",\"@id\":\"https:\\\/\\\/www.organisator.ch\\\/#\\\/schema\\\/person\\\/2e1314a2172123f874db408d8911d3f3\",\"name\":\"Adelisa Kalajdzini\",\"image\":{\"@type\":\"ImageObject\",\"inLanguage\":\"it-IT\",\"@id\":\"https:\\\/\\\/secure.gravatar.com\\\/avatar\\\/09a397c22ac58cad6f160ee8306348599df9df58a8ede73696226897b9fa4b24?s=96&d=mm&r=g\",\"url\":\"https:\\\/\\\/secure.gravatar.com\\\/avatar\\\/09a397c22ac58cad6f160ee8306348599df9df58a8ede73696226897b9fa4b24?s=96&d=mm&r=g\",\"contentUrl\":\"https:\\\/\\\/secure.gravatar.com\\\/avatar\\\/09a397c22ac58cad6f160ee8306348599df9df58a8ede73696226897b9fa4b24?s=96&d=mm&r=g\",\"caption\":\"Adelisa Kalajdzini\"},\"url\":\"https:\\\/\\\/www.organisator.ch\\\/it\\\/author\\\/adelisa-kalajdzini\\\/\"}]}<\/script>\n<!-- \/ Yoast SEO plugin. -->","yoast_head_json":{"title":"L'HEIG-VD annuncia i vincitori del Premio svizzero di etica 2024 - Organizzatore","description":"Il Premio Etico Svizzero premia le organizzazioni che si impegnano in progetti di responsabilit\u00e0 sociale o di sviluppo sostenibile.","robots":{"index":"index","follow":"follow","max-snippet":"max-snippet:-1","max-image-preview":"max-image-preview:large","max-video-preview":"max-video-preview:-1"},"canonical":"https:\/\/www.organisator.ch\/it\/sostenibilita\/2024-05-30\/heig-vd-gibt-die-gewinner-innen-des-schweizer-ethikpreises-2024-bekannt\/","og_locale":"it_IT","og_type":"article","og_title":"HEIG-VD gibt die Gewinner\/innen des Schweizer Ethikpreises 2024 bekannt","og_description":"Der Schweizer Ethikpreis zeichnet Organisationen aus, die sich f\u00fcr Projekte im Bereich der sozialen Verantwortung oder der nachhaltigen Entwicklung engagieren.","og_url":"https:\/\/www.organisator.ch\/it\/sostenibilita\/2024-05-30\/heig-vd-gibt-die-gewinner-innen-des-schweizer-ethikpreises-2024-bekannt\/","og_site_name":"Organisator","article_publisher":"https:\/\/www.facebook.com\/OrganisatorFachmagazin","article_published_time":"2024-05-30T11:33:21+00:00","og_image":[{"width":680,"height":509,"url":"https:\/\/www.organisator.ch\/wp-content\/uploads\/2024\/05\/Ethikpreis_Bild_ps.jpg","type":"image\/jpeg"}],"author":"Adelisa Kalajdzini","twitter_card":"summary_large_image","twitter_title":"HEIG-VD gibt die Gewinner\/innen des Schweizer Ethikpreises 2024 bekannt","twitter_description":"Der #Schweizer #Ethikpreis zeichnet #Organisationen aus, die sich f\u00fcr #Projekte im Bereich der sozialen Verantwortung oder der nachhaltigen Entwicklung engagieren.","twitter_image":"https:\/\/www.organisator.ch\/wp-content\/uploads\/2024\/05\/Ethikpreis_Bild_ps.jpg","schema":{"@context":"https:\/\/schema.org","@graph":[{"@type":"Article","@id":"https:\/\/www.organisator.ch\/sustainability\/2024-05-30\/heig-vd-gibt-die-gewinner-innen-des-schweizer-ethikpreises-2024-bekannt\/#article","isPartOf":{"@id":"https:\/\/www.organisator.ch\/sustainability\/2024-05-30\/heig-vd-gibt-die-gewinner-innen-des-schweizer-ethikpreises-2024-bekannt\/"},"author":{"name":"Adelisa Kalajdzini","@id":"https:\/\/www.organisator.ch\/#\/schema\/person\/2e1314a2172123f874db408d8911d3f3"},"headline":"HEIG-VD gibt die Gewinner\/innen des Schweizer Ethikpreises 2024 bekannt","datePublished":"2024-05-30T11:33:21+00:00","mainEntityOfPage":{"@id":"https:\/\/www.organisator.ch\/sustainability\/2024-05-30\/heig-vd-gibt-die-gewinner-innen-des-schweizer-ethikpreises-2024-bekannt\/"},"wordCount":336,"publisher":{"@id":"https:\/\/www.organisator.ch\/#organization"},"image":{"@id":"https:\/\/www.organisator.ch\/sustainability\/2024-05-30\/heig-vd-gibt-die-gewinner-innen-des-schweizer-ethikpreises-2024-bekannt\/#primaryimage"},"thumbnailUrl":"https:\/\/www.organisator.ch\/wp-content\/uploads\/2024\/05\/Ethikpreis_Bild_ps.jpg","keywords":["Ethikpreis","Schweiz","Studierende","Unternehmen"],"articleSection":["SUSTAINABILITY"],"inLanguage":"it-IT"},{"@type":"WebPage","@id":"https:\/\/www.organisator.ch\/sustainability\/2024-05-30\/heig-vd-gibt-die-gewinner-innen-des-schweizer-ethikpreises-2024-bekannt\/","url":"https:\/\/www.organisator.ch\/sustainability\/2024-05-30\/heig-vd-gibt-die-gewinner-innen-des-schweizer-ethikpreises-2024-bekannt\/","name":"L'HEIG-VD annuncia i vincitori del Premio svizzero di etica 2024 - Organizzatore","isPartOf":{"@id":"https:\/\/www.organisator.ch\/#website"},"primaryImageOfPage":{"@id":"https:\/\/www.organisator.ch\/sustainability\/2024-05-30\/heig-vd-gibt-die-gewinner-innen-des-schweizer-ethikpreises-2024-bekannt\/#primaryimage"},"image":{"@id":"https:\/\/www.organisator.ch\/sustainability\/2024-05-30\/heig-vd-gibt-die-gewinner-innen-des-schweizer-ethikpreises-2024-bekannt\/#primaryimage"},"thumbnailUrl":"https:\/\/www.organisator.ch\/wp-content\/uploads\/2024\/05\/Ethikpreis_Bild_ps.jpg","datePublished":"2024-05-30T11:33:21+00:00","description":"Il Premio Etico Svizzero premia le organizzazioni che si impegnano in progetti di responsabilit\u00e0 sociale o di sviluppo sostenibile.","breadcrumb":{"@id":"https:\/\/www.organisator.ch\/sustainability\/2024-05-30\/heig-vd-gibt-die-gewinner-innen-des-schweizer-ethikpreises-2024-bekannt\/#breadcrumb"},"inLanguage":"it-IT","potentialAction":[{"@type":"ReadAction","target":["https:\/\/www.organisator.ch\/sustainability\/2024-05-30\/heig-vd-gibt-die-gewinner-innen-des-schweizer-ethikpreises-2024-bekannt\/"]}]},{"@type":"ImageObject","inLanguage":"it-IT","@id":"https:\/\/www.organisator.ch\/sustainability\/2024-05-30\/heig-vd-gibt-die-gewinner-innen-des-schweizer-ethikpreises-2024-bekannt\/#primaryimage","url":"https:\/\/www.organisator.ch\/wp-content\/uploads\/2024\/05\/Ethikpreis_Bild_ps.jpg","contentUrl":"https:\/\/www.organisator.ch\/wp-content\/uploads\/2024\/05\/Ethikpreis_Bild_ps.jpg","width":680,"height":509,"caption":"Panatere in Saignel\u00e9gier ist gewinner des Schweizer Ethikpreises f\u00fcr das Engagement f\u00fcr die Kreislaufwirtschaft. (Bild: www.heig-vd.ch)"},{"@type":"BreadcrumbList","@id":"https:\/\/www.organisator.ch\/sustainability\/2024-05-30\/heig-vd-gibt-die-gewinner-innen-des-schweizer-ethikpreises-2024-bekannt\/#breadcrumb","itemListElement":[{"@type":"ListItem","position":1,"name":"Home","item":"https:\/\/www.organisator.ch\/"},{"@type":"ListItem","position":2,"name":"HEIG-VD gibt die Gewinner\/innen des Schweizer Ethikpreises 2024 bekannt"}]},{"@type":"WebSite","@id":"https:\/\/www.organisator.ch\/#website","url":"https:\/\/www.organisator.ch\/","name":"Organizzatore","description":"Competente. Pratico. In 10 numeri all'anno, ORGANISATOR presenta i temi essenziali per i manager delle PMI.","publisher":{"@id":"https:\/\/www.organisator.ch\/#organization"},"potentialAction":[{"@type":"SearchAction","target":{"@type":"EntryPoint","urlTemplate":"https:\/\/www.organisator.ch\/?s={search_term_string}"},"query-input":{"@type":"PropertyValueSpecification","valueRequired":true,"valueName":"search_term_string"}}],"inLanguage":"it-IT"},{"@type":"Organization","@id":"https:\/\/www.organisator.ch\/#organization","name":"Organizzatore","url":"https:\/\/www.organisator.ch\/","logo":{"@type":"ImageObject","inLanguage":"it-IT","@id":"https:\/\/www.organisator.ch\/#\/schema\/logo\/image\/","url":"https:\/\/www.organisator.ch\/wp-content\/uploads\/2022\/01\/Logo_Organisator_Website.png","contentUrl":"https:\/\/www.organisator.ch\/wp-content\/uploads\/2022\/01\/Logo_Organisator_Website.png","width":800,"height":77,"caption":"Organisator"},"image":{"@id":"https:\/\/www.organisator.ch\/#\/schema\/logo\/image\/"},"sameAs":["https:\/\/www.facebook.com\/OrganisatorFachmagazin","https:\/\/www.linkedin.com\/showcase\/organisator-das-magazin-fr-kmu","https:\/\/www.xing.com\/news\/pages\/organisator-ch-695","https:\/\/www.youtube.com\/channel\/UCGP2Sq0iWaZwT3BdIAQFYpw"]},{"@type":"Person","@id":"https:\/\/www.organisator.ch\/#\/schema\/person\/2e1314a2172123f874db408d8911d3f3","name":"Adelisa Kalajdzini","image":{"@type":"ImageObject","inLanguage":"it-IT","@id":"https:\/\/secure.gravatar.com\/avatar\/09a397c22ac58cad6f160ee8306348599df9df58a8ede73696226897b9fa4b24?s=96&d=mm&r=g","url":"https:\/\/secure.gravatar.com\/avatar\/09a397c22ac58cad6f160ee8306348599df9df58a8ede73696226897b9fa4b24?s=96&d=mm&r=g","contentUrl":"https:\/\/secure.gravatar.com\/avatar\/09a397c22ac58cad6f160ee8306348599df9df58a8ede73696226897b9fa4b24?s=96&d=mm&r=g","caption":"Adelisa Kalajdzini"},"url":"https:\/\/www.organisator.ch\/it\/author\/adelisa-kalajdzini\/"}]}},"_links":{"self":[{"href":"https:\/\/www.organisator.ch\/it\/wp-json\/wp\/v2\/posts\/27310","targetHints":{"allow":["GET"]}}],"collection":[{"href":"https:\/\/www.organisator.ch\/it\/wp-json\/wp\/v2\/posts"}],"about":[{"href":"https:\/\/www.organisator.ch\/it\/wp-json\/wp\/v2\/types\/post"}],"author":[{"embeddable":true,"href":"https:\/\/www.organisator.ch\/it\/wp-json\/wp\/v2\/users\/58"}],"replies":[{"embeddable":true,"href":"https:\/\/www.organisator.ch\/it\/wp-json\/wp\/v2\/comments?post=27310"}],"version-history":[{"count":5,"href":"https:\/\/www.organisator.ch\/it\/wp-json\/wp\/v2\/posts\/27310\/revisions"}],"predecessor-version":[{"id":27393,"href":"https:\/\/www.organisator.ch\/it\/wp-json\/wp\/v2\/posts\/27310\/revisions\/27393"}],"wp:featuredmedia":[{"embeddable":true,"href":"https:\/\/www.organisator.ch\/it\/wp-json\/wp\/v2\/media\/27355"}],"wp:attachment":[{"href":"https:\/\/www.organisator.ch\/it\/wp-json\/wp\/v2\/media?parent=27310"}],"wp:term":[{"taxonomy":"category","embeddable":true,"href":"https:\/\/www.organisator.ch\/it\/wp-json\/wp\/v2\/categories?post=27310"},{"taxonomy":"post_tag","embeddable":true,"href":"https:\/\/www.organisator.ch\/it\/wp-json\/wp\/v2\/tags?post=27310"}],"curies":[{"name":"wp","href":"https:\/\/api.w.org\/{rel}","templated":true}]}}