{"id":27362,"date":"2024-05-31T10:20:03","date_gmt":"2024-05-31T08:20:03","guid":{"rendered":"https:\/\/www.organisator.ch\/?p=27362"},"modified":"2024-05-30T10:43:20","modified_gmt":"2024-05-30T08:43:20","slug":"franziska-barmettler-wird-neue-ceo-von-digitalswitzerland","status":"publish","type":"post","link":"https:\/\/www.organisator.ch\/it\/management\/2024-05-31\/franziska-barmettler-wird-neue-ceo-von-digitalswitzerland\/","title":{"rendered":"Franziska Barmettler diventa il nuovo CEO di digitalswitzerland"},"content":{"rendered":"<figure id=\"attachment_27367\" aria-describedby=\"caption-attachment-27367\" style=\"width: 680px\" class=\"wp-caption alignnone\"><img loading=\"lazy\" decoding=\"async\" class=\"size-full wp-image-27367\" src=\"https:\/\/www.organisator.ch\/wp-content\/uploads\/2024\/05\/Digitalswitzerland_Bild1_ps.jpg\" alt=\"\" width=\"680\" height=\"453\" srcset=\"https:\/\/www.organisator.ch\/wp-content\/uploads\/2024\/05\/Digitalswitzerland_Bild1_ps.jpg 680w, https:\/\/www.organisator.ch\/wp-content\/uploads\/2024\/05\/Digitalswitzerland_Bild1_ps-18x12.jpg 18w, https:\/\/www.organisator.ch\/wp-content\/uploads\/2024\/05\/Digitalswitzerland_Bild1_ps-375x250.jpg 375w, https:\/\/www.organisator.ch\/wp-content\/uploads\/2024\/05\/Digitalswitzerland_Bild1_ps-525x350.jpg 525w\" sizes=\"auto, (max-width: 680px) 100vw, 680px\" \/><figcaption id=\"caption-attachment-27367\" class=\"wp-caption-text\">Da sinistra a destra: Franziska Barmettler, Andreas Meyer, Stefan Metzger. (Immagine: Liliana Lafranchi \/ www.digitalswitzerland.com)<\/figcaption><\/figure>\n<p>La serata \u00e8 iniziata con la presentazione del PD Dr Alexander Ilic, cofondatore e direttore esecutivo dell'ETH AI Center, che ha evidenziato uno dei pilastri centrali delle attivit\u00e0 di digitalswitzerland con il suo tema \"The Swift Progression of GenAI\".<\/p>\n<h3><strong>Doppio cambio di leadership<\/strong><\/h3>\n<p>L'Assemblea generale ha eletto oggi Andreas Meyer Presidente. Dopo aver lavorato in ABB e DB, ha portato avanti la digitalizzazione delle FFS in particolare come CEO fino al 2020. Gi\u00e0 nel 2015, in qualit\u00e0 di membro fondatore di \"digitalzurich 2025\", si \u00e8 adoperato per estendere l'iniziativa di localizzazione a tutta la Svizzera. Per circa tre anni ha inoltre coordinato il Comitato consultivo per la trasformazione digitale del Consiglio federale. Succede a Sascha Zahnd. In qualit\u00e0 di primo presidente dopo la fusione di digitalswitzerland e ICTswitzerland, Zahnd ha guidato l'organizzazione attraverso la trasformazione con impulsi strategicamente formativi.<\/p>\n<p>Stefan Metzger, CEO di digitalswitzerland, \u00e8 alla ricerca di una nuova direzione professionale. Ha completato l'integrazione operativa di digitalswitzerland e ICTswitzerland, dando forma all'organizzazione negli ultimi due anni e preparandola per il futuro. Rimarr\u00e0 CEO fino al 31 ottobre 2024.<\/p>\n<p>Franziska Barmettler assumer\u00e0 la carica di nuovo CEO il 1\u00b0 novembre 2024. Laureata in economia, da 15 anni lavora all'interfaccia tra economia, sostenibilit\u00e0 e politica. Ha dato forma agli sviluppi nel campo dell'innovazione e della sostenibilit\u00e0 presso l'associazione commerciale swisscleantech, Migros e attualmente presso IKEA. Oltre all'esperienza nella gestione di associazioni e alla comprensione dei problemi futuri e dei processi di cambiamento nell'economia, ha anche un'esperienza legislativa pratica come politico.\u00a0<\/p>\n<h3><strong>Partenze e aggiunte al Comitato esecutivo<\/strong><\/h3>\n<p>Anche la composizione del Comitato esecutivo \u00e8 stata modificata. Dopo la partenza di Anna Takihara, Jill K\u00fcmin e Philomena Colatrella, l'Assemblea generale annuale ha approvato la nomina di Christine Antlanger-Winter e Roger S\u00fcess come nuovi membri, mentre Colatrella \u00e8 rimasta nell'organizzazione come co-responsabile dell'area della salute digitale. Sia la conferma dei restanti membri del Comitato esecutivo e del Comitato direttivo che il discarico degli organi direttivi sono stati pienamente approvati.<\/p>\n<p>Digitalswitzerland desidera ringraziare Sascha Zahnd e Stefan Metzger e tutti gli altri funzionari uscenti, rimanenti e nuovi per il loro grande impegno.\u00a0<\/p>\n<p>La serata si \u00e8 conclusa con una tavola rotonda tra Pietro Supino, Presidente del Consiglio di Amministrazione ed editore del Gruppo TX, e Marc Walder, fondatore dell'iniziativa digitalswitzerland location e CEO di Ringier AG, che si sono confrontati sull'influenza radicale degli sviluppi attuali sul panorama dei media.<\/p>\n<p><em>Fonte: <a href=\"http:\/\/www.digitalswitzerland.com\">www.digitalswitzerland.com<\/a><\/em><\/p>","protected":false},"excerpt":{"rendered":"<p>In occasione dell'Assemblea generale annuale tenutasi presso la sede del Gruppo TX, l'iniziativa digitalswitzerland ha annunciato sia il cambio di presidenza a partire dal 1\u00b0 giugno 2020 sia il cambio di direzione a partire dal 1\u00b0 novembre 2020.<\/p>","protected":false},"author":58,"featured_media":27367,"comment_status":"closed","ping_status":"closed","sticky":false,"template":"","format":"standard","meta":{"_acf_changed":false,"_yoast_wpseo_focuskw":"Franziska Barmettler","_yoast_wpseo_metadesc":"An der in den R\u00e4umlichkeiten der TX-Group durchgef\u00fchrten Generalversammlung gab die Standortinitiative digitalswitzerland sowohl den Wechsel des Pr\u00e4sidiums per 1.6.24 als auch der Gesch\u00e4ftsf\u00fchrung per 1.11.24 bekannt.","articlekey":"","footnotes":""},"categories":[28],"tags":[904,335,424,492],"class_list":["post-27362","post","type-post","status-publish","format-standard","has-post-thumbnail","hentry","category-management","tag-ceo","tag-management-und-unternehmensfuehrung","tag-schweiz","tag-unternehmen"],"acf":[],"yoast_head":"<!-- This site is optimized with the Yoast SEO plugin v27.4 - https:\/\/yoast.com\/product\/yoast-seo-wordpress\/ -->\n<title>Franziska Barmettler wird neue CEO von digitalswitzerland - Organisator<\/title>\n<meta name=\"description\" content=\"An der in den R\u00e4umlichkeiten der TX-Group durchgef\u00fchrten Generalversammlung gab die Standortinitiative digitalswitzerland sowohl den Wechsel des Pr\u00e4sidiums per 1.6.24 als auch der Gesch\u00e4ftsf\u00fchrung per 1.11.24 bekannt.\" \/>\n<meta name=\"robots\" content=\"index, follow, max-snippet:-1, max-image-preview:large, max-video-preview:-1\" \/>\n<link rel=\"canonical\" href=\"https:\/\/www.organisator.ch\/it\/gestione-2\/2024-05-31\/franziska-barmettler-wird-neue-ceo-von-digitalswitzerland\/\" \/>\n<meta property=\"og:locale\" content=\"it_IT\" \/>\n<meta property=\"og:type\" content=\"article\" \/>\n<meta property=\"og:title\" content=\"Franziska Barmettler wird neue CEO von digitalswitzerland\" \/>\n<meta property=\"og:description\" content=\"An der in den R\u00e4umlichkeiten der TX-Group durchgef\u00fchrten Generalversammlung gab die Standortinitiative digitalswitzerland sowohl den Wechsel des Pr\u00e4sidiums per 1.6.24 als auch der Gesch\u00e4ftsf\u00fchrung per 1.11.24 bekannt.\" \/>\n<meta property=\"og:url\" content=\"https:\/\/www.organisator.ch\/it\/gestione-2\/2024-05-31\/franziska-barmettler-wird-neue-ceo-von-digitalswitzerland\/\" \/>\n<meta property=\"og:site_name\" content=\"Organisator\" \/>\n<meta property=\"article:publisher\" content=\"https:\/\/www.facebook.com\/OrganisatorFachmagazin\" \/>\n<meta property=\"article:published_time\" content=\"2024-05-31T08:20:03+00:00\" \/>\n<meta property=\"og:image\" content=\"https:\/\/www.organisator.ch\/wp-content\/uploads\/2024\/05\/Digitalswitzerland_Bild1_ps.jpg\" \/>\n\t<meta property=\"og:image:width\" content=\"680\" \/>\n\t<meta property=\"og:image:height\" content=\"453\" \/>\n\t<meta property=\"og:image:type\" content=\"image\/jpeg\" \/>\n<meta name=\"author\" content=\"Adelisa Kalajdzini\" \/>\n<meta name=\"twitter:card\" content=\"summary_large_image\" \/>\n<meta name=\"twitter:title\" content=\"Franziska Barmettler wird neue CEO von digitalswitzerland\" \/>\n<meta name=\"twitter:description\" content=\"An der in den R\u00e4umlichkeiten der TX-Group durchgef\u00fchrten #Generalversammlung gab die Standortinitiative #digitalswitzerland sowohl den #Wechsel des Pr\u00e4sidiums per 1.6.24 als auch der Gesch\u00e4ftsf\u00fchrung per 1.11.24 bekannt.\" \/>\n<meta name=\"twitter:image\" content=\"https:\/\/www.organisator.ch\/wp-content\/uploads\/2024\/05\/Digitalswitzerland_Bild1_ps.jpg\" \/>\n<script type=\"application\/ld+json\" class=\"yoast-schema-graph\">{\"@context\":\"https:\\\/\\\/schema.org\",\"@graph\":[{\"@type\":\"Article\",\"@id\":\"https:\\\/\\\/www.organisator.ch\\\/management\\\/2024-05-31\\\/franziska-barmettler-wird-neue-ceo-von-digitalswitzerland\\\/#article\",\"isPartOf\":{\"@id\":\"https:\\\/\\\/www.organisator.ch\\\/management\\\/2024-05-31\\\/franziska-barmettler-wird-neue-ceo-von-digitalswitzerland\\\/\"},\"author\":{\"name\":\"Adelisa Kalajdzini\",\"@id\":\"https:\\\/\\\/www.organisator.ch\\\/#\\\/schema\\\/person\\\/2e1314a2172123f874db408d8911d3f3\"},\"headline\":\"Franziska Barmettler wird neue CEO von digitalswitzerland\",\"datePublished\":\"2024-05-31T08:20:03+00:00\",\"mainEntityOfPage\":{\"@id\":\"https:\\\/\\\/www.organisator.ch\\\/management\\\/2024-05-31\\\/franziska-barmettler-wird-neue-ceo-von-digitalswitzerland\\\/\"},\"wordCount\":426,\"publisher\":{\"@id\":\"https:\\\/\\\/www.organisator.ch\\\/#organization\"},\"image\":{\"@id\":\"https:\\\/\\\/www.organisator.ch\\\/management\\\/2024-05-31\\\/franziska-barmettler-wird-neue-ceo-von-digitalswitzerland\\\/#primaryimage\"},\"thumbnailUrl\":\"https:\\\/\\\/www.organisator.ch\\\/wp-content\\\/uploads\\\/2024\\\/05\\\/Digitalswitzerland_Bild1_ps.jpg\",\"keywords\":[\"CEO\",\"Management und Unternehmensf\u00fchrung\",\"Schweiz\",\"Unternehmen\"],\"articleSection\":[\"MANAGEMENT\"],\"inLanguage\":\"it-IT\"},{\"@type\":\"WebPage\",\"@id\":\"https:\\\/\\\/www.organisator.ch\\\/management\\\/2024-05-31\\\/franziska-barmettler-wird-neue-ceo-von-digitalswitzerland\\\/\",\"url\":\"https:\\\/\\\/www.organisator.ch\\\/management\\\/2024-05-31\\\/franziska-barmettler-wird-neue-ceo-von-digitalswitzerland\\\/\",\"name\":\"Franziska Barmettler wird neue CEO von digitalswitzerland - Organisator\",\"isPartOf\":{\"@id\":\"https:\\\/\\\/www.organisator.ch\\\/#website\"},\"primaryImageOfPage\":{\"@id\":\"https:\\\/\\\/www.organisator.ch\\\/management\\\/2024-05-31\\\/franziska-barmettler-wird-neue-ceo-von-digitalswitzerland\\\/#primaryimage\"},\"image\":{\"@id\":\"https:\\\/\\\/www.organisator.ch\\\/management\\\/2024-05-31\\\/franziska-barmettler-wird-neue-ceo-von-digitalswitzerland\\\/#primaryimage\"},\"thumbnailUrl\":\"https:\\\/\\\/www.organisator.ch\\\/wp-content\\\/uploads\\\/2024\\\/05\\\/Digitalswitzerland_Bild1_ps.jpg\",\"datePublished\":\"2024-05-31T08:20:03+00:00\",\"description\":\"An der in den R\u00e4umlichkeiten der TX-Group durchgef\u00fchrten Generalversammlung gab die Standortinitiative digitalswitzerland sowohl den Wechsel des Pr\u00e4sidiums per 1.6.24 als auch der Gesch\u00e4ftsf\u00fchrung per 1.11.24 bekannt.\",\"breadcrumb\":{\"@id\":\"https:\\\/\\\/www.organisator.ch\\\/management\\\/2024-05-31\\\/franziska-barmettler-wird-neue-ceo-von-digitalswitzerland\\\/#breadcrumb\"},\"inLanguage\":\"it-IT\",\"potentialAction\":[{\"@type\":\"ReadAction\",\"target\":[\"https:\\\/\\\/www.organisator.ch\\\/management\\\/2024-05-31\\\/franziska-barmettler-wird-neue-ceo-von-digitalswitzerland\\\/\"]}]},{\"@type\":\"ImageObject\",\"inLanguage\":\"it-IT\",\"@id\":\"https:\\\/\\\/www.organisator.ch\\\/management\\\/2024-05-31\\\/franziska-barmettler-wird-neue-ceo-von-digitalswitzerland\\\/#primaryimage\",\"url\":\"https:\\\/\\\/www.organisator.ch\\\/wp-content\\\/uploads\\\/2024\\\/05\\\/Digitalswitzerland_Bild1_ps.jpg\",\"contentUrl\":\"https:\\\/\\\/www.organisator.ch\\\/wp-content\\\/uploads\\\/2024\\\/05\\\/Digitalswitzerland_Bild1_ps.jpg\",\"width\":680,\"height\":453,\"caption\":\"V.l.n.r.: Franziska Barmettler, Andreas Meyer, Stefan Metzger. (Bild: Liliana Lafranchi \\\/ www.digitalswitzerland.com)\"},{\"@type\":\"BreadcrumbList\",\"@id\":\"https:\\\/\\\/www.organisator.ch\\\/management\\\/2024-05-31\\\/franziska-barmettler-wird-neue-ceo-von-digitalswitzerland\\\/#breadcrumb\",\"itemListElement\":[{\"@type\":\"ListItem\",\"position\":1,\"name\":\"Home\",\"item\":\"https:\\\/\\\/www.organisator.ch\\\/\"},{\"@type\":\"ListItem\",\"position\":2,\"name\":\"Franziska Barmettler wird neue CEO von digitalswitzerland\"}]},{\"@type\":\"WebSite\",\"@id\":\"https:\\\/\\\/www.organisator.ch\\\/#website\",\"url\":\"https:\\\/\\\/www.organisator.ch\\\/\",\"name\":\"Organisator\",\"description\":\"Kompetent. Praxisnah. Der ORGANISATOR bereitet in 10 Ausgaben pro Jahr die wesentlichen Themen f\u00fcr F\u00fchrungskr\u00e4fte von KMU auf.\",\"publisher\":{\"@id\":\"https:\\\/\\\/www.organisator.ch\\\/#organization\"},\"potentialAction\":[{\"@type\":\"SearchAction\",\"target\":{\"@type\":\"EntryPoint\",\"urlTemplate\":\"https:\\\/\\\/www.organisator.ch\\\/?s={search_term_string}\"},\"query-input\":{\"@type\":\"PropertyValueSpecification\",\"valueRequired\":true,\"valueName\":\"search_term_string\"}}],\"inLanguage\":\"it-IT\"},{\"@type\":\"Organization\",\"@id\":\"https:\\\/\\\/www.organisator.ch\\\/#organization\",\"name\":\"Organisator\",\"url\":\"https:\\\/\\\/www.organisator.ch\\\/\",\"logo\":{\"@type\":\"ImageObject\",\"inLanguage\":\"it-IT\",\"@id\":\"https:\\\/\\\/www.organisator.ch\\\/#\\\/schema\\\/logo\\\/image\\\/\",\"url\":\"https:\\\/\\\/www.organisator.ch\\\/wp-content\\\/uploads\\\/2022\\\/01\\\/Logo_Organisator_Website.png\",\"contentUrl\":\"https:\\\/\\\/www.organisator.ch\\\/wp-content\\\/uploads\\\/2022\\\/01\\\/Logo_Organisator_Website.png\",\"width\":800,\"height\":77,\"caption\":\"Organisator\"},\"image\":{\"@id\":\"https:\\\/\\\/www.organisator.ch\\\/#\\\/schema\\\/logo\\\/image\\\/\"},\"sameAs\":[\"https:\\\/\\\/www.facebook.com\\\/OrganisatorFachmagazin\",\"https:\\\/\\\/www.linkedin.com\\\/showcase\\\/organisator-das-magazin-fr-kmu\",\"https:\\\/\\\/www.xing.com\\\/news\\\/pages\\\/organisator-ch-695\",\"https:\\\/\\\/www.youtube.com\\\/channel\\\/UCGP2Sq0iWaZwT3BdIAQFYpw\"]},{\"@type\":\"Person\",\"@id\":\"https:\\\/\\\/www.organisator.ch\\\/#\\\/schema\\\/person\\\/2e1314a2172123f874db408d8911d3f3\",\"name\":\"Adelisa Kalajdzini\",\"image\":{\"@type\":\"ImageObject\",\"inLanguage\":\"it-IT\",\"@id\":\"https:\\\/\\\/secure.gravatar.com\\\/avatar\\\/09a397c22ac58cad6f160ee8306348599df9df58a8ede73696226897b9fa4b24?s=96&d=mm&r=g\",\"url\":\"https:\\\/\\\/secure.gravatar.com\\\/avatar\\\/09a397c22ac58cad6f160ee8306348599df9df58a8ede73696226897b9fa4b24?s=96&d=mm&r=g\",\"contentUrl\":\"https:\\\/\\\/secure.gravatar.com\\\/avatar\\\/09a397c22ac58cad6f160ee8306348599df9df58a8ede73696226897b9fa4b24?s=96&d=mm&r=g\",\"caption\":\"Adelisa Kalajdzini\"},\"url\":\"https:\\\/\\\/www.organisator.ch\\\/it\\\/author\\\/adelisa-kalajdzini\\\/\"}]}<\/script>\n<!-- \/ Yoast SEO plugin. -->","yoast_head_json":{"title":"Franziska Barmettler diventa il nuovo CEO di digitalswitzerland - Organizzatore","description":"In occasione dell'Assemblea generale annuale tenutasi presso la sede del Gruppo TX, l'iniziativa digitalswitzerland ha annunciato sia il cambio di presidenza a partire dal 1\u00b0 giugno 2020 sia il cambio di direzione a partire dal 1\u00b0 novembre 2020.","robots":{"index":"index","follow":"follow","max-snippet":"max-snippet:-1","max-image-preview":"max-image-preview:large","max-video-preview":"max-video-preview:-1"},"canonical":"https:\/\/www.organisator.ch\/it\/gestione-2\/2024-05-31\/franziska-barmettler-wird-neue-ceo-von-digitalswitzerland\/","og_locale":"it_IT","og_type":"article","og_title":"Franziska Barmettler wird neue CEO von digitalswitzerland","og_description":"An der in den R\u00e4umlichkeiten der TX-Group durchgef\u00fchrten Generalversammlung gab die Standortinitiative digitalswitzerland sowohl den Wechsel des Pr\u00e4sidiums per 1.6.24 als auch der Gesch\u00e4ftsf\u00fchrung per 1.11.24 bekannt.","og_url":"https:\/\/www.organisator.ch\/it\/gestione-2\/2024-05-31\/franziska-barmettler-wird-neue-ceo-von-digitalswitzerland\/","og_site_name":"Organisator","article_publisher":"https:\/\/www.facebook.com\/OrganisatorFachmagazin","article_published_time":"2024-05-31T08:20:03+00:00","og_image":[{"width":680,"height":453,"url":"https:\/\/www.organisator.ch\/wp-content\/uploads\/2024\/05\/Digitalswitzerland_Bild1_ps.jpg","type":"image\/jpeg"}],"author":"Adelisa Kalajdzini","twitter_card":"summary_large_image","twitter_title":"Franziska Barmettler wird neue CEO von digitalswitzerland","twitter_description":"An der in den R\u00e4umlichkeiten der TX-Group durchgef\u00fchrten #Generalversammlung gab die Standortinitiative #digitalswitzerland sowohl den #Wechsel des Pr\u00e4sidiums per 1.6.24 als auch der Gesch\u00e4ftsf\u00fchrung per 1.11.24 bekannt.","twitter_image":"https:\/\/www.organisator.ch\/wp-content\/uploads\/2024\/05\/Digitalswitzerland_Bild1_ps.jpg","schema":{"@context":"https:\/\/schema.org","@graph":[{"@type":"Article","@id":"https:\/\/www.organisator.ch\/management\/2024-05-31\/franziska-barmettler-wird-neue-ceo-von-digitalswitzerland\/#article","isPartOf":{"@id":"https:\/\/www.organisator.ch\/management\/2024-05-31\/franziska-barmettler-wird-neue-ceo-von-digitalswitzerland\/"},"author":{"name":"Adelisa Kalajdzini","@id":"https:\/\/www.organisator.ch\/#\/schema\/person\/2e1314a2172123f874db408d8911d3f3"},"headline":"Franziska Barmettler wird neue CEO von digitalswitzerland","datePublished":"2024-05-31T08:20:03+00:00","mainEntityOfPage":{"@id":"https:\/\/www.organisator.ch\/management\/2024-05-31\/franziska-barmettler-wird-neue-ceo-von-digitalswitzerland\/"},"wordCount":426,"publisher":{"@id":"https:\/\/www.organisator.ch\/#organization"},"image":{"@id":"https:\/\/www.organisator.ch\/management\/2024-05-31\/franziska-barmettler-wird-neue-ceo-von-digitalswitzerland\/#primaryimage"},"thumbnailUrl":"https:\/\/www.organisator.ch\/wp-content\/uploads\/2024\/05\/Digitalswitzerland_Bild1_ps.jpg","keywords":["CEO","Management und Unternehmensf\u00fchrung","Schweiz","Unternehmen"],"articleSection":["MANAGEMENT"],"inLanguage":"it-IT"},{"@type":"WebPage","@id":"https:\/\/www.organisator.ch\/management\/2024-05-31\/franziska-barmettler-wird-neue-ceo-von-digitalswitzerland\/","url":"https:\/\/www.organisator.ch\/management\/2024-05-31\/franziska-barmettler-wird-neue-ceo-von-digitalswitzerland\/","name":"Franziska Barmettler diventa il nuovo CEO di digitalswitzerland - Organizzatore","isPartOf":{"@id":"https:\/\/www.organisator.ch\/#website"},"primaryImageOfPage":{"@id":"https:\/\/www.organisator.ch\/management\/2024-05-31\/franziska-barmettler-wird-neue-ceo-von-digitalswitzerland\/#primaryimage"},"image":{"@id":"https:\/\/www.organisator.ch\/management\/2024-05-31\/franziska-barmettler-wird-neue-ceo-von-digitalswitzerland\/#primaryimage"},"thumbnailUrl":"https:\/\/www.organisator.ch\/wp-content\/uploads\/2024\/05\/Digitalswitzerland_Bild1_ps.jpg","datePublished":"2024-05-31T08:20:03+00:00","description":"In occasione dell'Assemblea generale annuale tenutasi presso la sede del Gruppo TX, l'iniziativa digitalswitzerland ha annunciato sia il cambio di presidenza a partire dal 1\u00b0 giugno 2020 sia il cambio di direzione a partire dal 1\u00b0 novembre 2020.","breadcrumb":{"@id":"https:\/\/www.organisator.ch\/management\/2024-05-31\/franziska-barmettler-wird-neue-ceo-von-digitalswitzerland\/#breadcrumb"},"inLanguage":"it-IT","potentialAction":[{"@type":"ReadAction","target":["https:\/\/www.organisator.ch\/management\/2024-05-31\/franziska-barmettler-wird-neue-ceo-von-digitalswitzerland\/"]}]},{"@type":"ImageObject","inLanguage":"it-IT","@id":"https:\/\/www.organisator.ch\/management\/2024-05-31\/franziska-barmettler-wird-neue-ceo-von-digitalswitzerland\/#primaryimage","url":"https:\/\/www.organisator.ch\/wp-content\/uploads\/2024\/05\/Digitalswitzerland_Bild1_ps.jpg","contentUrl":"https:\/\/www.organisator.ch\/wp-content\/uploads\/2024\/05\/Digitalswitzerland_Bild1_ps.jpg","width":680,"height":453,"caption":"V.l.n.r.: Franziska Barmettler, Andreas Meyer, Stefan Metzger. (Bild: Liliana Lafranchi \/ www.digitalswitzerland.com)"},{"@type":"BreadcrumbList","@id":"https:\/\/www.organisator.ch\/management\/2024-05-31\/franziska-barmettler-wird-neue-ceo-von-digitalswitzerland\/#breadcrumb","itemListElement":[{"@type":"ListItem","position":1,"name":"Home","item":"https:\/\/www.organisator.ch\/"},{"@type":"ListItem","position":2,"name":"Franziska Barmettler wird neue CEO von digitalswitzerland"}]},{"@type":"WebSite","@id":"https:\/\/www.organisator.ch\/#website","url":"https:\/\/www.organisator.ch\/","name":"Organizzatore","description":"Competente. Pratico. In 10 numeri all'anno, ORGANISATOR presenta i temi essenziali per i manager delle PMI.","publisher":{"@id":"https:\/\/www.organisator.ch\/#organization"},"potentialAction":[{"@type":"SearchAction","target":{"@type":"EntryPoint","urlTemplate":"https:\/\/www.organisator.ch\/?s={search_term_string}"},"query-input":{"@type":"PropertyValueSpecification","valueRequired":true,"valueName":"search_term_string"}}],"inLanguage":"it-IT"},{"@type":"Organization","@id":"https:\/\/www.organisator.ch\/#organization","name":"Organizzatore","url":"https:\/\/www.organisator.ch\/","logo":{"@type":"ImageObject","inLanguage":"it-IT","@id":"https:\/\/www.organisator.ch\/#\/schema\/logo\/image\/","url":"https:\/\/www.organisator.ch\/wp-content\/uploads\/2022\/01\/Logo_Organisator_Website.png","contentUrl":"https:\/\/www.organisator.ch\/wp-content\/uploads\/2022\/01\/Logo_Organisator_Website.png","width":800,"height":77,"caption":"Organisator"},"image":{"@id":"https:\/\/www.organisator.ch\/#\/schema\/logo\/image\/"},"sameAs":["https:\/\/www.facebook.com\/OrganisatorFachmagazin","https:\/\/www.linkedin.com\/showcase\/organisator-das-magazin-fr-kmu","https:\/\/www.xing.com\/news\/pages\/organisator-ch-695","https:\/\/www.youtube.com\/channel\/UCGP2Sq0iWaZwT3BdIAQFYpw"]},{"@type":"Person","@id":"https:\/\/www.organisator.ch\/#\/schema\/person\/2e1314a2172123f874db408d8911d3f3","name":"Adelisa Kalajdzini","image":{"@type":"ImageObject","inLanguage":"it-IT","@id":"https:\/\/secure.gravatar.com\/avatar\/09a397c22ac58cad6f160ee8306348599df9df58a8ede73696226897b9fa4b24?s=96&d=mm&r=g","url":"https:\/\/secure.gravatar.com\/avatar\/09a397c22ac58cad6f160ee8306348599df9df58a8ede73696226897b9fa4b24?s=96&d=mm&r=g","contentUrl":"https:\/\/secure.gravatar.com\/avatar\/09a397c22ac58cad6f160ee8306348599df9df58a8ede73696226897b9fa4b24?s=96&d=mm&r=g","caption":"Adelisa Kalajdzini"},"url":"https:\/\/www.organisator.ch\/it\/author\/adelisa-kalajdzini\/"}]}},"_links":{"self":[{"href":"https:\/\/www.organisator.ch\/it\/wp-json\/wp\/v2\/posts\/27362","targetHints":{"allow":["GET"]}}],"collection":[{"href":"https:\/\/www.organisator.ch\/it\/wp-json\/wp\/v2\/posts"}],"about":[{"href":"https:\/\/www.organisator.ch\/it\/wp-json\/wp\/v2\/types\/post"}],"author":[{"embeddable":true,"href":"https:\/\/www.organisator.ch\/it\/wp-json\/wp\/v2\/users\/58"}],"replies":[{"embeddable":true,"href":"https:\/\/www.organisator.ch\/it\/wp-json\/wp\/v2\/comments?post=27362"}],"version-history":[{"count":5,"href":"https:\/\/www.organisator.ch\/it\/wp-json\/wp\/v2\/posts\/27362\/revisions"}],"predecessor-version":[{"id":27425,"href":"https:\/\/www.organisator.ch\/it\/wp-json\/wp\/v2\/posts\/27362\/revisions\/27425"}],"wp:featuredmedia":[{"embeddable":true,"href":"https:\/\/www.organisator.ch\/it\/wp-json\/wp\/v2\/media\/27367"}],"wp:attachment":[{"href":"https:\/\/www.organisator.ch\/it\/wp-json\/wp\/v2\/media?parent=27362"}],"wp:term":[{"taxonomy":"category","embeddable":true,"href":"https:\/\/www.organisator.ch\/it\/wp-json\/wp\/v2\/categories?post=27362"},{"taxonomy":"post_tag","embeddable":true,"href":"https:\/\/www.organisator.ch\/it\/wp-json\/wp\/v2\/tags?post=27362"}],"curies":[{"name":"wp","href":"https:\/\/api.w.org\/{rel}","templated":true}]}}