{"id":27409,"date":"2024-06-03T12:35:32","date_gmt":"2024-06-03T10:35:32","guid":{"rendered":"https:\/\/www.organisator.ch\/?p=27409"},"modified":"2024-06-03T11:06:27","modified_gmt":"2024-06-03T09:06:27","slug":"powertage-2024-mit-spannenden-einblicken-in-die-energiezukunft","status":"publish","type":"post","link":"https:\/\/www.organisator.ch\/it\/sustainability\/2024-06-03\/powertage-2024-mit-spannenden-einblicken-in-die-energiezukunft\/","title":{"rendered":"Powertage 2024: con interessanti approfondimenti sul futuro dell'energia"},"content":{"rendered":"<figure id=\"attachment_27410\" aria-describedby=\"caption-attachment-27410\" style=\"width: 680px\" class=\"wp-caption alignnone\"><img loading=\"lazy\" decoding=\"async\" class=\"size-full wp-image-27410\" src=\"https:\/\/www.organisator.ch\/wp-content\/uploads\/2024\/06\/Powertage_Bild1_ps.jpg\" alt=\"\" width=\"680\" height=\"453\" srcset=\"https:\/\/www.organisator.ch\/wp-content\/uploads\/2024\/06\/Powertage_Bild1_ps.jpg 680w, https:\/\/www.organisator.ch\/wp-content\/uploads\/2024\/06\/Powertage_Bild1_ps-18x12.jpg 18w, https:\/\/www.organisator.ch\/wp-content\/uploads\/2024\/06\/Powertage_Bild1_ps-375x250.jpg 375w, https:\/\/www.organisator.ch\/wp-content\/uploads\/2024\/06\/Powertage_Bild1_ps-525x350.jpg 525w\" sizes=\"auto, (max-width: 680px) 100vw, 680px\" \/><figcaption id=\"caption-attachment-27410\" class=\"wp-caption-text\">Circa 150 fornitori leader del settore presenteranno i loro prodotti, tecnologie e servizi in vari settori dell'industria elettrica alla fiera Powertage. (Immagine: Powertage \/ MCH Group \/ Sara Barth)<\/figcaption><\/figure>\n<p>Ogni due anni, le Giornate dell'energia riuniscono esperti, decisori, specialisti e aziende innovative dell'industria elettrica ed energetica svizzera. In collaborazione con l'Associazione delle aziende elettriche svizzere (VSE), Electrosuisse, l'Ufficio federale dell'energia (UFE) e swissmig, le Giornate dell'energia promuovono il dialogo su temi attuali e complessi e lo scambio di conoscenze.<\/p>\n<h3><strong>Focus su argomenti chiave del settore<\/strong><\/h3>\n<p>La decima edizione del punto d'incontro dell'industria elettrica svizzera si terr\u00e0 alla Messe Z\u00fcrich dal 4 al 6 giugno 2024, proprio nella settimana in cui in Svizzera si voter\u00e0 la nuova legge sull'elettricit\u00e0, destinata a tracciare la strada per una trasformazione di successo del sistema energetico. Sotto il tema guida \"Conversione verso un sistema energetico sostenibile\", tre forum specialistici e la mostra metteranno in evidenza argomenti chiave: l'approvvigionamento di energia elettrica da fonti rinnovabili, la sicurezza dell'approvvigionamento in Svizzera, la digitalizzazione e l'intelligenza artificiale, nonch\u00e9 il cambiamento delle competenze - tutte questioni trasversali per l'economia e la societ\u00e0.<\/p>\n<h3><strong>I punti salienti del forum specialistico Powertage<\/strong><\/h3>\n<p>Il forum di esperti Powertage, organizzato con il patrocinio della VSE, inizier\u00e0 il 4 giugno 2024 con un focus sul corso politico e sulle condizioni quadro della transizione energetica. Konrad Z\u00f6schg, responsabile del settore tecnologico di Swissgrid, aprir\u00e0 il forum con il suo discorso programmatico \"Innovazione e digitalizzazione nella rete di trasmissione\", in cui presenter\u00e0 esempi concreti di ulteriore sviluppo innovativo e digitalizzato della rete. Successivamente, il direttore dell'UFE Beno\u00eet Revaz, il segretario generale dell'EnDK Jan Fl\u00fcckiger, il direttore della VSE Michael Frank e Konrad Z\u00f6schg discuteranno del percorso necessario per il progresso della transizione energetica.<\/p>\n<p>La seconda giornata, sotto il patrocinio di Electrosuisse, si concentrer\u00e0 sugli elementi tecnologici fondamentali. Rudolf Meier, Presidente di CIGRE CH, Amministratore Delegato di EnerTrans e Responsabile EVT di Bouygues Energies &amp; Services, fornir\u00e0 una panoramica di CIGRE.org e mostrer\u00e0 esempi pratici di come la piattaforma di gestione della conoscenza possa essere utilizzata in modo efficiente per creare e condividere competenze sui sistemi energetici. Seguiranno presentazioni su importanti tendenze come l'intelligenza artificiale, la sicurezza informatica, l'integrazione dell'elettromobilit\u00e0 e l'elettronica di potenza nelle reti elettriche.<\/p>\n<p>L'ultimo giorno, gioved\u00ec 6 giugno 2024, \u00e8 dedicato alla trasformazione e alla collaborazione. Nel suo discorso programmatico \"The Power of Imagineering - A Guide to Shaping the Future\", lo studioso di trasformazione J\u00f6rg Metelmann sottolinea che un vero cambiamento non richiede solo conoscenze e competenze, ma anche partecipazione sociale. Seguiranno <a href=\"https:\/\/www.organisator.ch\/de\/management\/2024-05-31\/franziska-barmettler-wird-neue-ceo-von-digitalswitzerland\/\">Franziska Barmettler (Consigliera cantonale di Zurigo e responsabile della sostenibilit\u00e0 di IKEA Svizzera)<\/a>Alexander Keberle (membro del Comitato esecutivo e responsabile del dossier energia di economiesuisse) e Alena Weibel (responsabile della comunicazione aziendale di Axpo) saliranno sul podio per discutere le sfide della transizione energetica, le lezioni apprese negli ultimi anni e i percorsi futuri.<\/p>\n<h3><strong>I principali fornitori sotto lo stesso tetto<\/strong><\/h3>\n<p>Circa 150 fornitori leader del settore presenteranno i loro prodotti, tecnologie e servizi in vari settori dell'industria elettrica alla fiera Powertage. Anche le start-up del settore energetico daranno un impulso entusiasmante presentando le loro innovazioni nell'xplor Startup Village. L'esposizione classica sar\u00e0 completata dallo Speakers Corner, dove nel pomeriggio le start-up si sfideranno a colpi di innovazione e le aziende affermate presenteranno le loro soluzioni e i loro prodotti.<\/p>\n<p><em>Fonte: <a href=\"http:\/\/www.powertage.ch\">www.powertage.ch<\/a><\/em><\/p>","protected":false},"excerpt":{"rendered":"<p>Da marted\u00ec 4 giugno 2024, il Powertage riunir\u00e0 gli attori dell'industria svizzera dell'elettricit\u00e0 e dell'energia presso la Messe Z\u00fcrich e celebrer\u00e0 il suo 20\u00b0 anniversario. L'evento riunir\u00e0 circa 150 espositori e fornir\u00e0 una piattaforma di dialogo sulle sfide e le innovazioni attuali. Il momento clou \u00e8 il forum specialistico con discorsi programmatici, tavole rotonde e progetti in vetrina. Il tema principale: la transizione verso un sistema energetico sostenibile.<\/p>","protected":false},"author":58,"featured_media":27410,"comment_status":"closed","ping_status":"closed","sticky":false,"template":"","format":"standard","meta":{"_acf_changed":false,"_yoast_wpseo_focuskw":"Powertage","_yoast_wpseo_metadesc":"Ab Dienstag, dem 4. Juni 2024, versammeln die Powertage die Akteure der Schweizer Strom- und Energiewirtschaft in der Messe Z\u00fcrich.","articlekey":"","footnotes":""},"categories":[580],"tags":[156,584,4243,1787],"class_list":["post-27409","post","type-post","status-publish","format-standard","has-post-thumbnail","hentry","category-sustainability","tag-digitalisierung","tag-energie","tag-fachforum","tag-nachhaltigkeit"],"acf":[],"yoast_head":"<!-- This site is optimized with the Yoast SEO plugin v27.4 - https:\/\/yoast.com\/product\/yoast-seo-wordpress\/ -->\n<title>Powertage 2024: Mit spannenden Einblicken in die Energiezukunft - Organisator<\/title>\n<meta name=\"description\" content=\"Ab Dienstag, dem 4. Juni 2024, versammeln die Powertage die Akteure der Schweizer Strom- und Energiewirtschaft in der Messe Z\u00fcrich.\" \/>\n<meta name=\"robots\" content=\"index, follow, max-snippet:-1, max-image-preview:large, max-video-preview:-1\" \/>\n<link rel=\"canonical\" href=\"https:\/\/www.organisator.ch\/it\/sostenibilita\/2024-06-03\/powertage-2024-mit-spannenden-einblicken-in-die-energiezukunft\/\" \/>\n<meta property=\"og:locale\" content=\"it_IT\" \/>\n<meta property=\"og:type\" content=\"article\" \/>\n<meta property=\"og:title\" content=\"Powertage 2024: Mit spannenden Einblicken in die Energiezukunft\" \/>\n<meta property=\"og:description\" content=\"Ab Dienstag, dem 4. Juni 2024, versammeln die Powertage die Akteure der Schweizer Strom- und Energiewirtschaft in der Messe Z\u00fcrich.\" \/>\n<meta property=\"og:url\" content=\"https:\/\/www.organisator.ch\/it\/sostenibilita\/2024-06-03\/powertage-2024-mit-spannenden-einblicken-in-die-energiezukunft\/\" \/>\n<meta property=\"og:site_name\" content=\"Organisator\" \/>\n<meta property=\"article:publisher\" content=\"https:\/\/www.facebook.com\/OrganisatorFachmagazin\" \/>\n<meta property=\"article:published_time\" content=\"2024-06-03T10:35:32+00:00\" \/>\n<meta property=\"og:image\" content=\"https:\/\/www.organisator.ch\/wp-content\/uploads\/2024\/06\/Powertage_Bild1_ps.jpg\" \/>\n\t<meta property=\"og:image:width\" content=\"680\" \/>\n\t<meta property=\"og:image:height\" content=\"453\" \/>\n\t<meta property=\"og:image:type\" content=\"image\/jpeg\" \/>\n<meta name=\"author\" content=\"Adelisa Kalajdzini\" \/>\n<meta name=\"twitter:card\" content=\"summary_large_image\" \/>\n<meta name=\"twitter:title\" content=\"Powertage 2024: Mit spannenden Einblicken in die Energiezukunft\" \/>\n<meta name=\"twitter:description\" content=\"Ab Dienstag, dem 4. Juni 2024, versammeln die #Powertage die Akteure der Schweizer #Strom- und #Energiewirtschaft in der #Messe #Z\u00fcrich.\" \/>\n<meta name=\"twitter:image\" content=\"https:\/\/www.organisator.ch\/wp-content\/uploads\/2024\/06\/Powertage_Bild1_ps.jpg\" \/>\n<script type=\"application\/ld+json\" class=\"yoast-schema-graph\">{\"@context\":\"https:\\\/\\\/schema.org\",\"@graph\":[{\"@type\":\"Article\",\"@id\":\"https:\\\/\\\/www.organisator.ch\\\/sustainability\\\/2024-06-03\\\/powertage-2024-mit-spannenden-einblicken-in-die-energiezukunft\\\/#article\",\"isPartOf\":{\"@id\":\"https:\\\/\\\/www.organisator.ch\\\/sustainability\\\/2024-06-03\\\/powertage-2024-mit-spannenden-einblicken-in-die-energiezukunft\\\/\"},\"author\":{\"name\":\"Adelisa Kalajdzini\",\"@id\":\"https:\\\/\\\/www.organisator.ch\\\/#\\\/schema\\\/person\\\/2e1314a2172123f874db408d8911d3f3\"},\"headline\":\"Powertage 2024: Mit spannenden Einblicken in die Energiezukunft\",\"datePublished\":\"2024-06-03T10:35:32+00:00\",\"mainEntityOfPage\":{\"@id\":\"https:\\\/\\\/www.organisator.ch\\\/sustainability\\\/2024-06-03\\\/powertage-2024-mit-spannenden-einblicken-in-die-energiezukunft\\\/\"},\"wordCount\":536,\"publisher\":{\"@id\":\"https:\\\/\\\/www.organisator.ch\\\/#organization\"},\"image\":{\"@id\":\"https:\\\/\\\/www.organisator.ch\\\/sustainability\\\/2024-06-03\\\/powertage-2024-mit-spannenden-einblicken-in-die-energiezukunft\\\/#primaryimage\"},\"thumbnailUrl\":\"https:\\\/\\\/www.organisator.ch\\\/wp-content\\\/uploads\\\/2024\\\/06\\\/Powertage_Bild1_ps.jpg\",\"keywords\":[\"Digitalisierung\",\"ENERGIE\",\"Fachforum\",\"Nachhaltigkeit\"],\"articleSection\":[\"SUSTAINABILITY\"],\"inLanguage\":\"it-IT\"},{\"@type\":\"WebPage\",\"@id\":\"https:\\\/\\\/www.organisator.ch\\\/sustainability\\\/2024-06-03\\\/powertage-2024-mit-spannenden-einblicken-in-die-energiezukunft\\\/\",\"url\":\"https:\\\/\\\/www.organisator.ch\\\/sustainability\\\/2024-06-03\\\/powertage-2024-mit-spannenden-einblicken-in-die-energiezukunft\\\/\",\"name\":\"Powertage 2024: Mit spannenden Einblicken in die Energiezukunft - Organisator\",\"isPartOf\":{\"@id\":\"https:\\\/\\\/www.organisator.ch\\\/#website\"},\"primaryImageOfPage\":{\"@id\":\"https:\\\/\\\/www.organisator.ch\\\/sustainability\\\/2024-06-03\\\/powertage-2024-mit-spannenden-einblicken-in-die-energiezukunft\\\/#primaryimage\"},\"image\":{\"@id\":\"https:\\\/\\\/www.organisator.ch\\\/sustainability\\\/2024-06-03\\\/powertage-2024-mit-spannenden-einblicken-in-die-energiezukunft\\\/#primaryimage\"},\"thumbnailUrl\":\"https:\\\/\\\/www.organisator.ch\\\/wp-content\\\/uploads\\\/2024\\\/06\\\/Powertage_Bild1_ps.jpg\",\"datePublished\":\"2024-06-03T10:35:32+00:00\",\"description\":\"Ab Dienstag, dem 4. Juni 2024, versammeln die Powertage die Akteure der Schweizer Strom- und Energiewirtschaft in der Messe Z\u00fcrich.\",\"breadcrumb\":{\"@id\":\"https:\\\/\\\/www.organisator.ch\\\/sustainability\\\/2024-06-03\\\/powertage-2024-mit-spannenden-einblicken-in-die-energiezukunft\\\/#breadcrumb\"},\"inLanguage\":\"it-IT\",\"potentialAction\":[{\"@type\":\"ReadAction\",\"target\":[\"https:\\\/\\\/www.organisator.ch\\\/sustainability\\\/2024-06-03\\\/powertage-2024-mit-spannenden-einblicken-in-die-energiezukunft\\\/\"]}]},{\"@type\":\"ImageObject\",\"inLanguage\":\"it-IT\",\"@id\":\"https:\\\/\\\/www.organisator.ch\\\/sustainability\\\/2024-06-03\\\/powertage-2024-mit-spannenden-einblicken-in-die-energiezukunft\\\/#primaryimage\",\"url\":\"https:\\\/\\\/www.organisator.ch\\\/wp-content\\\/uploads\\\/2024\\\/06\\\/Powertage_Bild1_ps.jpg\",\"contentUrl\":\"https:\\\/\\\/www.organisator.ch\\\/wp-content\\\/uploads\\\/2024\\\/06\\\/Powertage_Bild1_ps.jpg\",\"width\":680,\"height\":453,\"caption\":\"In der Powertage-Ausstellung pr\u00e4sentieren sich rund 150 f\u00fchrende Anbieter der Branche und stellen ihre Produkte, Technologien und Dienstleistungen aus diversen Bereichen der Stromwirtschaft vor. (Bild: Powertage \\\/ MCH Group \\\/ Sara Barth)\"},{\"@type\":\"BreadcrumbList\",\"@id\":\"https:\\\/\\\/www.organisator.ch\\\/sustainability\\\/2024-06-03\\\/powertage-2024-mit-spannenden-einblicken-in-die-energiezukunft\\\/#breadcrumb\",\"itemListElement\":[{\"@type\":\"ListItem\",\"position\":1,\"name\":\"Home\",\"item\":\"https:\\\/\\\/www.organisator.ch\\\/\"},{\"@type\":\"ListItem\",\"position\":2,\"name\":\"Powertage 2024: Mit spannenden Einblicken in die Energiezukunft\"}]},{\"@type\":\"WebSite\",\"@id\":\"https:\\\/\\\/www.organisator.ch\\\/#website\",\"url\":\"https:\\\/\\\/www.organisator.ch\\\/\",\"name\":\"Organisator\",\"description\":\"Kompetent. Praxisnah. Der ORGANISATOR bereitet in 10 Ausgaben pro Jahr die wesentlichen Themen f\u00fcr F\u00fchrungskr\u00e4fte von KMU auf.\",\"publisher\":{\"@id\":\"https:\\\/\\\/www.organisator.ch\\\/#organization\"},\"potentialAction\":[{\"@type\":\"SearchAction\",\"target\":{\"@type\":\"EntryPoint\",\"urlTemplate\":\"https:\\\/\\\/www.organisator.ch\\\/?s={search_term_string}\"},\"query-input\":{\"@type\":\"PropertyValueSpecification\",\"valueRequired\":true,\"valueName\":\"search_term_string\"}}],\"inLanguage\":\"it-IT\"},{\"@type\":\"Organization\",\"@id\":\"https:\\\/\\\/www.organisator.ch\\\/#organization\",\"name\":\"Organisator\",\"url\":\"https:\\\/\\\/www.organisator.ch\\\/\",\"logo\":{\"@type\":\"ImageObject\",\"inLanguage\":\"it-IT\",\"@id\":\"https:\\\/\\\/www.organisator.ch\\\/#\\\/schema\\\/logo\\\/image\\\/\",\"url\":\"https:\\\/\\\/www.organisator.ch\\\/wp-content\\\/uploads\\\/2022\\\/01\\\/Logo_Organisator_Website.png\",\"contentUrl\":\"https:\\\/\\\/www.organisator.ch\\\/wp-content\\\/uploads\\\/2022\\\/01\\\/Logo_Organisator_Website.png\",\"width\":800,\"height\":77,\"caption\":\"Organisator\"},\"image\":{\"@id\":\"https:\\\/\\\/www.organisator.ch\\\/#\\\/schema\\\/logo\\\/image\\\/\"},\"sameAs\":[\"https:\\\/\\\/www.facebook.com\\\/OrganisatorFachmagazin\",\"https:\\\/\\\/www.linkedin.com\\\/showcase\\\/organisator-das-magazin-fr-kmu\",\"https:\\\/\\\/www.xing.com\\\/news\\\/pages\\\/organisator-ch-695\",\"https:\\\/\\\/www.youtube.com\\\/channel\\\/UCGP2Sq0iWaZwT3BdIAQFYpw\"]},{\"@type\":\"Person\",\"@id\":\"https:\\\/\\\/www.organisator.ch\\\/#\\\/schema\\\/person\\\/2e1314a2172123f874db408d8911d3f3\",\"name\":\"Adelisa Kalajdzini\",\"image\":{\"@type\":\"ImageObject\",\"inLanguage\":\"it-IT\",\"@id\":\"https:\\\/\\\/secure.gravatar.com\\\/avatar\\\/09a397c22ac58cad6f160ee8306348599df9df58a8ede73696226897b9fa4b24?s=96&d=mm&r=g\",\"url\":\"https:\\\/\\\/secure.gravatar.com\\\/avatar\\\/09a397c22ac58cad6f160ee8306348599df9df58a8ede73696226897b9fa4b24?s=96&d=mm&r=g\",\"contentUrl\":\"https:\\\/\\\/secure.gravatar.com\\\/avatar\\\/09a397c22ac58cad6f160ee8306348599df9df58a8ede73696226897b9fa4b24?s=96&d=mm&r=g\",\"caption\":\"Adelisa Kalajdzini\"},\"url\":\"https:\\\/\\\/www.organisator.ch\\\/it\\\/author\\\/adelisa-kalajdzini\\\/\"}]}<\/script>\n<!-- \/ Yoast SEO plugin. -->","yoast_head_json":{"title":"Powertage 2024: con interessanti approfondimenti sul futuro dell'energia - Organizzatore","description":"Da marted\u00ec 4 giugno 2024, i Power Days riuniranno gli attori dell'industria svizzera dell'elettricit\u00e0 e dell'energia alla Messe Z\u00fcrich.","robots":{"index":"index","follow":"follow","max-snippet":"max-snippet:-1","max-image-preview":"max-image-preview:large","max-video-preview":"max-video-preview:-1"},"canonical":"https:\/\/www.organisator.ch\/it\/sostenibilita\/2024-06-03\/powertage-2024-mit-spannenden-einblicken-in-die-energiezukunft\/","og_locale":"it_IT","og_type":"article","og_title":"Powertage 2024: Mit spannenden Einblicken in die Energiezukunft","og_description":"Ab Dienstag, dem 4. Juni 2024, versammeln die Powertage die Akteure der Schweizer Strom- und Energiewirtschaft in der Messe Z\u00fcrich.","og_url":"https:\/\/www.organisator.ch\/it\/sostenibilita\/2024-06-03\/powertage-2024-mit-spannenden-einblicken-in-die-energiezukunft\/","og_site_name":"Organisator","article_publisher":"https:\/\/www.facebook.com\/OrganisatorFachmagazin","article_published_time":"2024-06-03T10:35:32+00:00","og_image":[{"width":680,"height":453,"url":"https:\/\/www.organisator.ch\/wp-content\/uploads\/2024\/06\/Powertage_Bild1_ps.jpg","type":"image\/jpeg"}],"author":"Adelisa Kalajdzini","twitter_card":"summary_large_image","twitter_title":"Powertage 2024: Mit spannenden Einblicken in die Energiezukunft","twitter_description":"Ab Dienstag, dem 4. Juni 2024, versammeln die #Powertage die Akteure der Schweizer #Strom- und #Energiewirtschaft in der #Messe #Z\u00fcrich.","twitter_image":"https:\/\/www.organisator.ch\/wp-content\/uploads\/2024\/06\/Powertage_Bild1_ps.jpg","schema":{"@context":"https:\/\/schema.org","@graph":[{"@type":"Article","@id":"https:\/\/www.organisator.ch\/sustainability\/2024-06-03\/powertage-2024-mit-spannenden-einblicken-in-die-energiezukunft\/#article","isPartOf":{"@id":"https:\/\/www.organisator.ch\/sustainability\/2024-06-03\/powertage-2024-mit-spannenden-einblicken-in-die-energiezukunft\/"},"author":{"name":"Adelisa Kalajdzini","@id":"https:\/\/www.organisator.ch\/#\/schema\/person\/2e1314a2172123f874db408d8911d3f3"},"headline":"Powertage 2024: Mit spannenden Einblicken in die Energiezukunft","datePublished":"2024-06-03T10:35:32+00:00","mainEntityOfPage":{"@id":"https:\/\/www.organisator.ch\/sustainability\/2024-06-03\/powertage-2024-mit-spannenden-einblicken-in-die-energiezukunft\/"},"wordCount":536,"publisher":{"@id":"https:\/\/www.organisator.ch\/#organization"},"image":{"@id":"https:\/\/www.organisator.ch\/sustainability\/2024-06-03\/powertage-2024-mit-spannenden-einblicken-in-die-energiezukunft\/#primaryimage"},"thumbnailUrl":"https:\/\/www.organisator.ch\/wp-content\/uploads\/2024\/06\/Powertage_Bild1_ps.jpg","keywords":["Digitalisierung","ENERGIE","Fachforum","Nachhaltigkeit"],"articleSection":["SUSTAINABILITY"],"inLanguage":"it-IT"},{"@type":"WebPage","@id":"https:\/\/www.organisator.ch\/sustainability\/2024-06-03\/powertage-2024-mit-spannenden-einblicken-in-die-energiezukunft\/","url":"https:\/\/www.organisator.ch\/sustainability\/2024-06-03\/powertage-2024-mit-spannenden-einblicken-in-die-energiezukunft\/","name":"Powertage 2024: con interessanti approfondimenti sul futuro dell'energia - Organizzatore","isPartOf":{"@id":"https:\/\/www.organisator.ch\/#website"},"primaryImageOfPage":{"@id":"https:\/\/www.organisator.ch\/sustainability\/2024-06-03\/powertage-2024-mit-spannenden-einblicken-in-die-energiezukunft\/#primaryimage"},"image":{"@id":"https:\/\/www.organisator.ch\/sustainability\/2024-06-03\/powertage-2024-mit-spannenden-einblicken-in-die-energiezukunft\/#primaryimage"},"thumbnailUrl":"https:\/\/www.organisator.ch\/wp-content\/uploads\/2024\/06\/Powertage_Bild1_ps.jpg","datePublished":"2024-06-03T10:35:32+00:00","description":"Da marted\u00ec 4 giugno 2024, i Power Days riuniranno gli attori dell'industria svizzera dell'elettricit\u00e0 e dell'energia alla Messe Z\u00fcrich.","breadcrumb":{"@id":"https:\/\/www.organisator.ch\/sustainability\/2024-06-03\/powertage-2024-mit-spannenden-einblicken-in-die-energiezukunft\/#breadcrumb"},"inLanguage":"it-IT","potentialAction":[{"@type":"ReadAction","target":["https:\/\/www.organisator.ch\/sustainability\/2024-06-03\/powertage-2024-mit-spannenden-einblicken-in-die-energiezukunft\/"]}]},{"@type":"ImageObject","inLanguage":"it-IT","@id":"https:\/\/www.organisator.ch\/sustainability\/2024-06-03\/powertage-2024-mit-spannenden-einblicken-in-die-energiezukunft\/#primaryimage","url":"https:\/\/www.organisator.ch\/wp-content\/uploads\/2024\/06\/Powertage_Bild1_ps.jpg","contentUrl":"https:\/\/www.organisator.ch\/wp-content\/uploads\/2024\/06\/Powertage_Bild1_ps.jpg","width":680,"height":453,"caption":"In der Powertage-Ausstellung pr\u00e4sentieren sich rund 150 f\u00fchrende Anbieter der Branche und stellen ihre Produkte, Technologien und Dienstleistungen aus diversen Bereichen der Stromwirtschaft vor. (Bild: Powertage \/ MCH Group \/ Sara Barth)"},{"@type":"BreadcrumbList","@id":"https:\/\/www.organisator.ch\/sustainability\/2024-06-03\/powertage-2024-mit-spannenden-einblicken-in-die-energiezukunft\/#breadcrumb","itemListElement":[{"@type":"ListItem","position":1,"name":"Home","item":"https:\/\/www.organisator.ch\/"},{"@type":"ListItem","position":2,"name":"Powertage 2024: Mit spannenden Einblicken in die Energiezukunft"}]},{"@type":"WebSite","@id":"https:\/\/www.organisator.ch\/#website","url":"https:\/\/www.organisator.ch\/","name":"Organizzatore","description":"Competente. Pratico. In 10 numeri all'anno, ORGANISATOR presenta i temi essenziali per i manager delle PMI.","publisher":{"@id":"https:\/\/www.organisator.ch\/#organization"},"potentialAction":[{"@type":"SearchAction","target":{"@type":"EntryPoint","urlTemplate":"https:\/\/www.organisator.ch\/?s={search_term_string}"},"query-input":{"@type":"PropertyValueSpecification","valueRequired":true,"valueName":"search_term_string"}}],"inLanguage":"it-IT"},{"@type":"Organization","@id":"https:\/\/www.organisator.ch\/#organization","name":"Organizzatore","url":"https:\/\/www.organisator.ch\/","logo":{"@type":"ImageObject","inLanguage":"it-IT","@id":"https:\/\/www.organisator.ch\/#\/schema\/logo\/image\/","url":"https:\/\/www.organisator.ch\/wp-content\/uploads\/2022\/01\/Logo_Organisator_Website.png","contentUrl":"https:\/\/www.organisator.ch\/wp-content\/uploads\/2022\/01\/Logo_Organisator_Website.png","width":800,"height":77,"caption":"Organisator"},"image":{"@id":"https:\/\/www.organisator.ch\/#\/schema\/logo\/image\/"},"sameAs":["https:\/\/www.facebook.com\/OrganisatorFachmagazin","https:\/\/www.linkedin.com\/showcase\/organisator-das-magazin-fr-kmu","https:\/\/www.xing.com\/news\/pages\/organisator-ch-695","https:\/\/www.youtube.com\/channel\/UCGP2Sq0iWaZwT3BdIAQFYpw"]},{"@type":"Person","@id":"https:\/\/www.organisator.ch\/#\/schema\/person\/2e1314a2172123f874db408d8911d3f3","name":"Adelisa Kalajdzini","image":{"@type":"ImageObject","inLanguage":"it-IT","@id":"https:\/\/secure.gravatar.com\/avatar\/09a397c22ac58cad6f160ee8306348599df9df58a8ede73696226897b9fa4b24?s=96&d=mm&r=g","url":"https:\/\/secure.gravatar.com\/avatar\/09a397c22ac58cad6f160ee8306348599df9df58a8ede73696226897b9fa4b24?s=96&d=mm&r=g","contentUrl":"https:\/\/secure.gravatar.com\/avatar\/09a397c22ac58cad6f160ee8306348599df9df58a8ede73696226897b9fa4b24?s=96&d=mm&r=g","caption":"Adelisa Kalajdzini"},"url":"https:\/\/www.organisator.ch\/it\/author\/adelisa-kalajdzini\/"}]}},"_links":{"self":[{"href":"https:\/\/www.organisator.ch\/it\/wp-json\/wp\/v2\/posts\/27409","targetHints":{"allow":["GET"]}}],"collection":[{"href":"https:\/\/www.organisator.ch\/it\/wp-json\/wp\/v2\/posts"}],"about":[{"href":"https:\/\/www.organisator.ch\/it\/wp-json\/wp\/v2\/types\/post"}],"author":[{"embeddable":true,"href":"https:\/\/www.organisator.ch\/it\/wp-json\/wp\/v2\/users\/58"}],"replies":[{"embeddable":true,"href":"https:\/\/www.organisator.ch\/it\/wp-json\/wp\/v2\/comments?post=27409"}],"version-history":[{"count":4,"href":"https:\/\/www.organisator.ch\/it\/wp-json\/wp\/v2\/posts\/27409\/revisions"}],"predecessor-version":[{"id":27431,"href":"https:\/\/www.organisator.ch\/it\/wp-json\/wp\/v2\/posts\/27409\/revisions\/27431"}],"wp:featuredmedia":[{"embeddable":true,"href":"https:\/\/www.organisator.ch\/it\/wp-json\/wp\/v2\/media\/27410"}],"wp:attachment":[{"href":"https:\/\/www.organisator.ch\/it\/wp-json\/wp\/v2\/media?parent=27409"}],"wp:term":[{"taxonomy":"category","embeddable":true,"href":"https:\/\/www.organisator.ch\/it\/wp-json\/wp\/v2\/categories?post=27409"},{"taxonomy":"post_tag","embeddable":true,"href":"https:\/\/www.organisator.ch\/it\/wp-json\/wp\/v2\/tags?post=27409"}],"curies":[{"name":"wp","href":"https:\/\/api.w.org\/{rel}","templated":true}]}}