{"id":27417,"date":"2024-06-03T14:23:44","date_gmt":"2024-06-03T12:23:44","guid":{"rendered":"https:\/\/www.organisator.ch\/?p=27417"},"modified":"2024-06-03T13:24:07","modified_gmt":"2024-06-03T11:24:07","slug":"one-fachforum-fuer-kmu-smart-digital-business","status":"publish","type":"post","link":"https:\/\/www.organisator.ch\/it\/management\/2024-06-03\/one-fachforum-fuer-kmu-smart-digital-business\/","title":{"rendered":"Forum di esperti ONE per le PMI - Smart Digital Business"},"content":{"rendered":"<figure id=\"attachment_27419\" aria-describedby=\"caption-attachment-27419\" style=\"width: 680px\" class=\"wp-caption alignnone\"><img loading=\"lazy\" decoding=\"async\" class=\"size-full wp-image-27419\" src=\"https:\/\/www.organisator.ch\/wp-content\/uploads\/2024\/06\/ONE-Fachforum_Bild1_ps.jpg\" alt=\"\" width=\"680\" height=\"454\" srcset=\"https:\/\/www.organisator.ch\/wp-content\/uploads\/2024\/06\/ONE-Fachforum_Bild1_ps.jpg 680w, https:\/\/www.organisator.ch\/wp-content\/uploads\/2024\/06\/ONE-Fachforum_Bild1_ps-18x12.jpg 18w, https:\/\/www.organisator.ch\/wp-content\/uploads\/2024\/06\/ONE-Fachforum_Bild1_ps-375x250.jpg 375w, https:\/\/www.organisator.ch\/wp-content\/uploads\/2024\/06\/ONE-Fachforum_Bild1_ps-524x350.jpg 524w\" sizes=\"auto, (max-width: 680px) 100vw, 680px\" \/><figcaption id=\"caption-attachment-27419\" class=\"wp-caption-text\">Il Forum degli esperti di ONE si terr\u00e0 il 12 settembre a Heuboden. (Immagine: www.topsoft.ch \/ www.flickr.com)<\/figcaption><\/figure>\n<p>Le sfide della digitalizzazione e del cambiamento digitale non sfuggono a nessuna PMI svizzera. Spesso non \u00e8 facile mantenere una visione d'insieme, ed \u00e8 qui che l'esperienza degli altri pu\u00f2 essere d'aiuto.<\/p>\n<p>Alla seconda edizione del ONE Expert Forum, il 12 settembre 2024, i partecipanti potranno apprendere da esperti di aziende svizzere come hanno utilizzato strategie, idee e soluzioni informatiche adeguate per risolvere problemi specifici, aprire nuove aree di business e trasformare le sfide in opportunit\u00e0. Informazioni e competenze dalle PMI per le PMI - aggiornate, dirette, senza deviazioni.<\/p>\n<h3><strong>Posizione stimolante <\/strong><\/h3>\n<p>Il luogo \u00e8 unico: l'idilliaco fienile attende gli ospiti proprio ai margini della foresta e al tempo stesso nel centro della citt\u00e0.<\/p>\n<p>Il keynote intitolato \"Aiuto! Siamo stati hackerati!\" \u00e8 dedicata al tema scottante della cybersicurezza. Seguiranno due sessioni in cui i rappresentanti delle PMI svizzere parleranno delle loro iniziative digitali e saranno disponibili al dialogo.\u00a0<\/p>\n<p>Sawsan Studer di Belimed AG, ad esempio, spiega come la sua azienda ha affrontato l'ottimizzazione del customer journey. E Urs Rindlisbacher di Auditrium AG mostra, tra l'altro, i vantaggi di adattare i processi al sistema anzich\u00e9 il contrario.<\/p>\n<p>In un'atmosfera stimolante, verranno trasmessi ancora una volta impulsi e idee preziose per il successo nel futuro digitale. Anche il networking non sar\u00e0 trascurato. Le generose pause vi permetteranno di socializzare con gli altri ospiti. Il pomeriggio informativo si conclude con un aperitivo e una cena.<\/p>\n<p><em>Fonte e ulteriori informazioni sulla registrazione: <a href=\"http:\/\/www.one-fachforum.ch\">www.one-fachforum.ch<\/a><\/em><\/p>","protected":false},"excerpt":{"rendered":"<p>Dopo il successo dell'anteprima, i rappresentanti delle PMI svizzere si incontreranno nuovamente il 12 settembre 2024 al ONE Expert Forum di Holzh\u00e4usern ZG. Si aspettano impulsi e idee per il successo della loro azienda nel futuro digitale.<\/p>","protected":false},"author":58,"featured_media":27419,"comment_status":"closed","ping_status":"closed","sticky":false,"template":"","format":"standard","meta":{"_acf_changed":false,"_yoast_wpseo_focuskw":"ONE","_yoast_wpseo_metadesc":"Nach der erfolgreichen Premiere treffen sich Vertreterinnen und Vertreter aus Schweizer KMU am 12. September 2024 wieder am ONE Fachforum.","articlekey":"","footnotes":""},"categories":[28],"tags":[4243,286,301,334],"class_list":["post-27417","post","type-post","status-publish","format-standard","has-post-thumbnail","hentry","category-management","tag-fachforum","tag-it","tag-kmu","tag-management"],"acf":[],"yoast_head":"<!-- This site is optimized with the Yoast SEO plugin v27.5 - https:\/\/yoast.com\/product\/yoast-seo-wordpress\/ -->\n<title>ONE Fachforum f\u00fcr KMU \u2013 Smart Digital Business - Organisator<\/title>\n<meta name=\"description\" content=\"Nach der erfolgreichen Premiere treffen sich Vertreterinnen und Vertreter aus Schweizer KMU am 12. September 2024 wieder am ONE Fachforum.\" \/>\n<meta name=\"robots\" content=\"index, follow, max-snippet:-1, max-image-preview:large, max-video-preview:-1\" \/>\n<link rel=\"canonical\" href=\"https:\/\/www.organisator.ch\/it\/gestione-2\/2024-06-03\/one-fachforum-fuer-kmu-smart-digital-business\/\" \/>\n<meta property=\"og:locale\" content=\"it_IT\" \/>\n<meta property=\"og:type\" content=\"article\" \/>\n<meta property=\"og:title\" content=\"ONE Fachforum f\u00fcr KMU \u2013 Smart Digital Business\" \/>\n<meta property=\"og:description\" content=\"Nach der erfolgreichen Premiere treffen sich Vertreterinnen und Vertreter aus Schweizer KMU am 12. September 2024 wieder am ONE Fachforum.\" \/>\n<meta property=\"og:url\" content=\"https:\/\/www.organisator.ch\/it\/gestione-2\/2024-06-03\/one-fachforum-fuer-kmu-smart-digital-business\/\" \/>\n<meta property=\"og:site_name\" content=\"Organisator\" \/>\n<meta property=\"article:publisher\" content=\"https:\/\/www.facebook.com\/OrganisatorFachmagazin\" \/>\n<meta property=\"article:published_time\" content=\"2024-06-03T12:23:44+00:00\" \/>\n<meta property=\"og:image\" content=\"https:\/\/www.organisator.ch\/wp-content\/uploads\/2024\/06\/ONE-Fachforum_Bild1_ps.jpg\" \/>\n\t<meta property=\"og:image:width\" content=\"680\" \/>\n\t<meta property=\"og:image:height\" content=\"454\" \/>\n\t<meta property=\"og:image:type\" content=\"image\/jpeg\" \/>\n<meta name=\"author\" content=\"Adelisa Kalajdzini\" \/>\n<meta name=\"twitter:card\" content=\"summary_large_image\" \/>\n<meta name=\"twitter:title\" content=\"ONE Fachforum f\u00fcr KMU \u2013 Smart Digital Business\" \/>\n<meta name=\"twitter:description\" content=\"Nach der erfolgreichen Premiere treffen sich Vertreterinnen und Vertreter aus #Schweizer #KMU am 12. September 2024 wieder am #ONE #Fachforum.\" \/>\n<meta name=\"twitter:image\" content=\"https:\/\/www.organisator.ch\/wp-content\/uploads\/2024\/06\/ONE-Fachforum_Bild1_ps.jpg\" \/>\n<script type=\"application\/ld+json\" class=\"yoast-schema-graph\">{\"@context\":\"https:\\\/\\\/schema.org\",\"@graph\":[{\"@type\":\"Article\",\"@id\":\"https:\\\/\\\/www.organisator.ch\\\/management\\\/2024-06-03\\\/one-fachforum-fuer-kmu-smart-digital-business\\\/#article\",\"isPartOf\":{\"@id\":\"https:\\\/\\\/www.organisator.ch\\\/management\\\/2024-06-03\\\/one-fachforum-fuer-kmu-smart-digital-business\\\/\"},\"author\":{\"name\":\"Adelisa Kalajdzini\",\"@id\":\"https:\\\/\\\/www.organisator.ch\\\/#\\\/schema\\\/person\\\/2e1314a2172123f874db408d8911d3f3\"},\"headline\":\"ONE Fachforum f\u00fcr KMU \u2013 Smart Digital Business\",\"datePublished\":\"2024-06-03T12:23:44+00:00\",\"mainEntityOfPage\":{\"@id\":\"https:\\\/\\\/www.organisator.ch\\\/management\\\/2024-06-03\\\/one-fachforum-fuer-kmu-smart-digital-business\\\/\"},\"wordCount\":290,\"publisher\":{\"@id\":\"https:\\\/\\\/www.organisator.ch\\\/#organization\"},\"image\":{\"@id\":\"https:\\\/\\\/www.organisator.ch\\\/management\\\/2024-06-03\\\/one-fachforum-fuer-kmu-smart-digital-business\\\/#primaryimage\"},\"thumbnailUrl\":\"https:\\\/\\\/www.organisator.ch\\\/wp-content\\\/uploads\\\/2024\\\/06\\\/ONE-Fachforum_Bild1_ps.jpg\",\"keywords\":[\"Fachforum\",\"IT\",\"KMU\",\"Management\"],\"articleSection\":[\"MANAGEMENT\"],\"inLanguage\":\"it-IT\"},{\"@type\":\"WebPage\",\"@id\":\"https:\\\/\\\/www.organisator.ch\\\/management\\\/2024-06-03\\\/one-fachforum-fuer-kmu-smart-digital-business\\\/\",\"url\":\"https:\\\/\\\/www.organisator.ch\\\/management\\\/2024-06-03\\\/one-fachforum-fuer-kmu-smart-digital-business\\\/\",\"name\":\"ONE Fachforum f\u00fcr KMU \u2013 Smart Digital Business - Organisator\",\"isPartOf\":{\"@id\":\"https:\\\/\\\/www.organisator.ch\\\/#website\"},\"primaryImageOfPage\":{\"@id\":\"https:\\\/\\\/www.organisator.ch\\\/management\\\/2024-06-03\\\/one-fachforum-fuer-kmu-smart-digital-business\\\/#primaryimage\"},\"image\":{\"@id\":\"https:\\\/\\\/www.organisator.ch\\\/management\\\/2024-06-03\\\/one-fachforum-fuer-kmu-smart-digital-business\\\/#primaryimage\"},\"thumbnailUrl\":\"https:\\\/\\\/www.organisator.ch\\\/wp-content\\\/uploads\\\/2024\\\/06\\\/ONE-Fachforum_Bild1_ps.jpg\",\"datePublished\":\"2024-06-03T12:23:44+00:00\",\"description\":\"Nach der erfolgreichen Premiere treffen sich Vertreterinnen und Vertreter aus Schweizer KMU am 12. September 2024 wieder am ONE Fachforum.\",\"breadcrumb\":{\"@id\":\"https:\\\/\\\/www.organisator.ch\\\/management\\\/2024-06-03\\\/one-fachforum-fuer-kmu-smart-digital-business\\\/#breadcrumb\"},\"inLanguage\":\"it-IT\",\"potentialAction\":[{\"@type\":\"ReadAction\",\"target\":[\"https:\\\/\\\/www.organisator.ch\\\/management\\\/2024-06-03\\\/one-fachforum-fuer-kmu-smart-digital-business\\\/\"]}]},{\"@type\":\"ImageObject\",\"inLanguage\":\"it-IT\",\"@id\":\"https:\\\/\\\/www.organisator.ch\\\/management\\\/2024-06-03\\\/one-fachforum-fuer-kmu-smart-digital-business\\\/#primaryimage\",\"url\":\"https:\\\/\\\/www.organisator.ch\\\/wp-content\\\/uploads\\\/2024\\\/06\\\/ONE-Fachforum_Bild1_ps.jpg\",\"contentUrl\":\"https:\\\/\\\/www.organisator.ch\\\/wp-content\\\/uploads\\\/2024\\\/06\\\/ONE-Fachforum_Bild1_ps.jpg\",\"width\":680,\"height\":454,\"caption\":\"Das ONE Fachforum findet am 12. September in Heuboden statt. (Bild: www.topsoft.ch \\\/ www.flickr.com)\"},{\"@type\":\"BreadcrumbList\",\"@id\":\"https:\\\/\\\/www.organisator.ch\\\/management\\\/2024-06-03\\\/one-fachforum-fuer-kmu-smart-digital-business\\\/#breadcrumb\",\"itemListElement\":[{\"@type\":\"ListItem\",\"position\":1,\"name\":\"Home\",\"item\":\"https:\\\/\\\/www.organisator.ch\\\/\"},{\"@type\":\"ListItem\",\"position\":2,\"name\":\"ONE Fachforum f\u00fcr KMU \u2013 Smart Digital Business\"}]},{\"@type\":\"WebSite\",\"@id\":\"https:\\\/\\\/www.organisator.ch\\\/#website\",\"url\":\"https:\\\/\\\/www.organisator.ch\\\/\",\"name\":\"Organisator\",\"description\":\"Kompetent. Praxisnah. Der ORGANISATOR bereitet in 10 Ausgaben pro Jahr die wesentlichen Themen f\u00fcr F\u00fchrungskr\u00e4fte von KMU auf.\",\"publisher\":{\"@id\":\"https:\\\/\\\/www.organisator.ch\\\/#organization\"},\"potentialAction\":[{\"@type\":\"SearchAction\",\"target\":{\"@type\":\"EntryPoint\",\"urlTemplate\":\"https:\\\/\\\/www.organisator.ch\\\/?s={search_term_string}\"},\"query-input\":{\"@type\":\"PropertyValueSpecification\",\"valueRequired\":true,\"valueName\":\"search_term_string\"}}],\"inLanguage\":\"it-IT\"},{\"@type\":\"Organization\",\"@id\":\"https:\\\/\\\/www.organisator.ch\\\/#organization\",\"name\":\"Organisator\",\"url\":\"https:\\\/\\\/www.organisator.ch\\\/\",\"logo\":{\"@type\":\"ImageObject\",\"inLanguage\":\"it-IT\",\"@id\":\"https:\\\/\\\/www.organisator.ch\\\/#\\\/schema\\\/logo\\\/image\\\/\",\"url\":\"https:\\\/\\\/www.organisator.ch\\\/wp-content\\\/uploads\\\/2022\\\/01\\\/Logo_Organisator_Website.png\",\"contentUrl\":\"https:\\\/\\\/www.organisator.ch\\\/wp-content\\\/uploads\\\/2022\\\/01\\\/Logo_Organisator_Website.png\",\"width\":800,\"height\":77,\"caption\":\"Organisator\"},\"image\":{\"@id\":\"https:\\\/\\\/www.organisator.ch\\\/#\\\/schema\\\/logo\\\/image\\\/\"},\"sameAs\":[\"https:\\\/\\\/www.facebook.com\\\/OrganisatorFachmagazin\",\"https:\\\/\\\/www.linkedin.com\\\/showcase\\\/organisator-das-magazin-fr-kmu\",\"https:\\\/\\\/www.xing.com\\\/news\\\/pages\\\/organisator-ch-695\",\"https:\\\/\\\/www.youtube.com\\\/channel\\\/UCGP2Sq0iWaZwT3BdIAQFYpw\"]},{\"@type\":\"Person\",\"@id\":\"https:\\\/\\\/www.organisator.ch\\\/#\\\/schema\\\/person\\\/2e1314a2172123f874db408d8911d3f3\",\"name\":\"Adelisa Kalajdzini\",\"image\":{\"@type\":\"ImageObject\",\"inLanguage\":\"it-IT\",\"@id\":\"https:\\\/\\\/secure.gravatar.com\\\/avatar\\\/09a397c22ac58cad6f160ee8306348599df9df58a8ede73696226897b9fa4b24?s=96&d=mm&r=g\",\"url\":\"https:\\\/\\\/secure.gravatar.com\\\/avatar\\\/09a397c22ac58cad6f160ee8306348599df9df58a8ede73696226897b9fa4b24?s=96&d=mm&r=g\",\"contentUrl\":\"https:\\\/\\\/secure.gravatar.com\\\/avatar\\\/09a397c22ac58cad6f160ee8306348599df9df58a8ede73696226897b9fa4b24?s=96&d=mm&r=g\",\"caption\":\"Adelisa Kalajdzini\"},\"url\":\"https:\\\/\\\/www.organisator.ch\\\/it\\\/author\\\/adelisa-kalajdzini\\\/\"}]}<\/script>\n<!-- \/ Yoast SEO plugin. -->","yoast_head_json":{"title":"Forum di esperti ONE per le PMI - Smart Digital Business - Organizzatore","description":"Dopo il successo dell'anteprima, i rappresentanti delle PMI svizzere si incontreranno di nuovo al Forum degli esperti di ONE il 12 settembre 2024.","robots":{"index":"index","follow":"follow","max-snippet":"max-snippet:-1","max-image-preview":"max-image-preview:large","max-video-preview":"max-video-preview:-1"},"canonical":"https:\/\/www.organisator.ch\/it\/gestione-2\/2024-06-03\/one-fachforum-fuer-kmu-smart-digital-business\/","og_locale":"it_IT","og_type":"article","og_title":"ONE Fachforum f\u00fcr KMU \u2013 Smart Digital Business","og_description":"Nach der erfolgreichen Premiere treffen sich Vertreterinnen und Vertreter aus Schweizer KMU am 12. September 2024 wieder am ONE Fachforum.","og_url":"https:\/\/www.organisator.ch\/it\/gestione-2\/2024-06-03\/one-fachforum-fuer-kmu-smart-digital-business\/","og_site_name":"Organisator","article_publisher":"https:\/\/www.facebook.com\/OrganisatorFachmagazin","article_published_time":"2024-06-03T12:23:44+00:00","og_image":[{"width":680,"height":454,"url":"https:\/\/www.organisator.ch\/wp-content\/uploads\/2024\/06\/ONE-Fachforum_Bild1_ps.jpg","type":"image\/jpeg"}],"author":"Adelisa Kalajdzini","twitter_card":"summary_large_image","twitter_title":"ONE Fachforum f\u00fcr KMU \u2013 Smart Digital Business","twitter_description":"Nach der erfolgreichen Premiere treffen sich Vertreterinnen und Vertreter aus #Schweizer #KMU am 12. September 2024 wieder am #ONE #Fachforum.","twitter_image":"https:\/\/www.organisator.ch\/wp-content\/uploads\/2024\/06\/ONE-Fachforum_Bild1_ps.jpg","schema":{"@context":"https:\/\/schema.org","@graph":[{"@type":"Article","@id":"https:\/\/www.organisator.ch\/management\/2024-06-03\/one-fachforum-fuer-kmu-smart-digital-business\/#article","isPartOf":{"@id":"https:\/\/www.organisator.ch\/management\/2024-06-03\/one-fachforum-fuer-kmu-smart-digital-business\/"},"author":{"name":"Adelisa Kalajdzini","@id":"https:\/\/www.organisator.ch\/#\/schema\/person\/2e1314a2172123f874db408d8911d3f3"},"headline":"ONE Fachforum f\u00fcr KMU \u2013 Smart Digital Business","datePublished":"2024-06-03T12:23:44+00:00","mainEntityOfPage":{"@id":"https:\/\/www.organisator.ch\/management\/2024-06-03\/one-fachforum-fuer-kmu-smart-digital-business\/"},"wordCount":290,"publisher":{"@id":"https:\/\/www.organisator.ch\/#organization"},"image":{"@id":"https:\/\/www.organisator.ch\/management\/2024-06-03\/one-fachforum-fuer-kmu-smart-digital-business\/#primaryimage"},"thumbnailUrl":"https:\/\/www.organisator.ch\/wp-content\/uploads\/2024\/06\/ONE-Fachforum_Bild1_ps.jpg","keywords":["Fachforum","IT","KMU","Management"],"articleSection":["MANAGEMENT"],"inLanguage":"it-IT"},{"@type":"WebPage","@id":"https:\/\/www.organisator.ch\/management\/2024-06-03\/one-fachforum-fuer-kmu-smart-digital-business\/","url":"https:\/\/www.organisator.ch\/management\/2024-06-03\/one-fachforum-fuer-kmu-smart-digital-business\/","name":"Forum di esperti ONE per le PMI - Smart Digital Business - Organizzatore","isPartOf":{"@id":"https:\/\/www.organisator.ch\/#website"},"primaryImageOfPage":{"@id":"https:\/\/www.organisator.ch\/management\/2024-06-03\/one-fachforum-fuer-kmu-smart-digital-business\/#primaryimage"},"image":{"@id":"https:\/\/www.organisator.ch\/management\/2024-06-03\/one-fachforum-fuer-kmu-smart-digital-business\/#primaryimage"},"thumbnailUrl":"https:\/\/www.organisator.ch\/wp-content\/uploads\/2024\/06\/ONE-Fachforum_Bild1_ps.jpg","datePublished":"2024-06-03T12:23:44+00:00","description":"Dopo il successo dell'anteprima, i rappresentanti delle PMI svizzere si incontreranno di nuovo al Forum degli esperti di ONE il 12 settembre 2024.","breadcrumb":{"@id":"https:\/\/www.organisator.ch\/management\/2024-06-03\/one-fachforum-fuer-kmu-smart-digital-business\/#breadcrumb"},"inLanguage":"it-IT","potentialAction":[{"@type":"ReadAction","target":["https:\/\/www.organisator.ch\/management\/2024-06-03\/one-fachforum-fuer-kmu-smart-digital-business\/"]}]},{"@type":"ImageObject","inLanguage":"it-IT","@id":"https:\/\/www.organisator.ch\/management\/2024-06-03\/one-fachforum-fuer-kmu-smart-digital-business\/#primaryimage","url":"https:\/\/www.organisator.ch\/wp-content\/uploads\/2024\/06\/ONE-Fachforum_Bild1_ps.jpg","contentUrl":"https:\/\/www.organisator.ch\/wp-content\/uploads\/2024\/06\/ONE-Fachforum_Bild1_ps.jpg","width":680,"height":454,"caption":"Das ONE Fachforum findet am 12. September in Heuboden statt. (Bild: www.topsoft.ch \/ www.flickr.com)"},{"@type":"BreadcrumbList","@id":"https:\/\/www.organisator.ch\/management\/2024-06-03\/one-fachforum-fuer-kmu-smart-digital-business\/#breadcrumb","itemListElement":[{"@type":"ListItem","position":1,"name":"Home","item":"https:\/\/www.organisator.ch\/"},{"@type":"ListItem","position":2,"name":"ONE Fachforum f\u00fcr KMU \u2013 Smart Digital Business"}]},{"@type":"WebSite","@id":"https:\/\/www.organisator.ch\/#website","url":"https:\/\/www.organisator.ch\/","name":"Organizzatore","description":"Competente. Pratico. In 10 numeri all'anno, ORGANISATOR presenta i temi essenziali per i manager delle PMI.","publisher":{"@id":"https:\/\/www.organisator.ch\/#organization"},"potentialAction":[{"@type":"SearchAction","target":{"@type":"EntryPoint","urlTemplate":"https:\/\/www.organisator.ch\/?s={search_term_string}"},"query-input":{"@type":"PropertyValueSpecification","valueRequired":true,"valueName":"search_term_string"}}],"inLanguage":"it-IT"},{"@type":"Organization","@id":"https:\/\/www.organisator.ch\/#organization","name":"Organizzatore","url":"https:\/\/www.organisator.ch\/","logo":{"@type":"ImageObject","inLanguage":"it-IT","@id":"https:\/\/www.organisator.ch\/#\/schema\/logo\/image\/","url":"https:\/\/www.organisator.ch\/wp-content\/uploads\/2022\/01\/Logo_Organisator_Website.png","contentUrl":"https:\/\/www.organisator.ch\/wp-content\/uploads\/2022\/01\/Logo_Organisator_Website.png","width":800,"height":77,"caption":"Organisator"},"image":{"@id":"https:\/\/www.organisator.ch\/#\/schema\/logo\/image\/"},"sameAs":["https:\/\/www.facebook.com\/OrganisatorFachmagazin","https:\/\/www.linkedin.com\/showcase\/organisator-das-magazin-fr-kmu","https:\/\/www.xing.com\/news\/pages\/organisator-ch-695","https:\/\/www.youtube.com\/channel\/UCGP2Sq0iWaZwT3BdIAQFYpw"]},{"@type":"Person","@id":"https:\/\/www.organisator.ch\/#\/schema\/person\/2e1314a2172123f874db408d8911d3f3","name":"Adelisa Kalajdzini","image":{"@type":"ImageObject","inLanguage":"it-IT","@id":"https:\/\/secure.gravatar.com\/avatar\/09a397c22ac58cad6f160ee8306348599df9df58a8ede73696226897b9fa4b24?s=96&d=mm&r=g","url":"https:\/\/secure.gravatar.com\/avatar\/09a397c22ac58cad6f160ee8306348599df9df58a8ede73696226897b9fa4b24?s=96&d=mm&r=g","contentUrl":"https:\/\/secure.gravatar.com\/avatar\/09a397c22ac58cad6f160ee8306348599df9df58a8ede73696226897b9fa4b24?s=96&d=mm&r=g","caption":"Adelisa Kalajdzini"},"url":"https:\/\/www.organisator.ch\/it\/author\/adelisa-kalajdzini\/"}]}},"_links":{"self":[{"href":"https:\/\/www.organisator.ch\/it\/wp-json\/wp\/v2\/posts\/27417","targetHints":{"allow":["GET"]}}],"collection":[{"href":"https:\/\/www.organisator.ch\/it\/wp-json\/wp\/v2\/posts"}],"about":[{"href":"https:\/\/www.organisator.ch\/it\/wp-json\/wp\/v2\/types\/post"}],"author":[{"embeddable":true,"href":"https:\/\/www.organisator.ch\/it\/wp-json\/wp\/v2\/users\/58"}],"replies":[{"embeddable":true,"href":"https:\/\/www.organisator.ch\/it\/wp-json\/wp\/v2\/comments?post=27417"}],"version-history":[{"count":3,"href":"https:\/\/www.organisator.ch\/it\/wp-json\/wp\/v2\/posts\/27417\/revisions"}],"predecessor-version":[{"id":27430,"href":"https:\/\/www.organisator.ch\/it\/wp-json\/wp\/v2\/posts\/27417\/revisions\/27430"}],"wp:featuredmedia":[{"embeddable":true,"href":"https:\/\/www.organisator.ch\/it\/wp-json\/wp\/v2\/media\/27419"}],"wp:attachment":[{"href":"https:\/\/www.organisator.ch\/it\/wp-json\/wp\/v2\/media?parent=27417"}],"wp:term":[{"taxonomy":"category","embeddable":true,"href":"https:\/\/www.organisator.ch\/it\/wp-json\/wp\/v2\/categories?post=27417"},{"taxonomy":"post_tag","embeddable":true,"href":"https:\/\/www.organisator.ch\/it\/wp-json\/wp\/v2\/tags?post=27417"}],"curies":[{"name":"wp","href":"https:\/\/api.w.org\/{rel}","templated":true}]}}