{"id":27481,"date":"2024-06-06T09:31:14","date_gmt":"2024-06-06T07:31:14","guid":{"rendered":"https:\/\/www.werbewoche.ch\/?p=216142"},"modified":"2024-11-11T04:43:02","modified_gmt":"2024-11-11T03:43:02","slug":"heads-markenauftritt-voller-lebensfreude-fuer-tertianum-2","status":"publish","type":"post","link":"https:\/\/www.organisator.ch\/it\/marketing\/2024-06-06\/heads-markenauftritt-voller-lebensfreude-fuer-tertianum-2\/","title":{"rendered":"Teste: Un'identit\u00e0 di marca piena di gioia di vivere per Tertianum"},"content":{"rendered":"<p><img class=\"aligncenter wp-image-216148 size-full\" src=\"https:\/\/www.werbewoche.ch\/wp-content\/uploads\/2024\/06\/240531_Heads_Pressemitteilung_Tertianum_Branding_1.jpg\" alt=\"Vita da pensionati Terzianum \" width=\"1200\" height=\"857\" \/><\/p>\r\n<p>Nella sua ricerca sulla vita in pensione, Heads si \u00e8 concentrato intensamente sulle esigenze e sui desideri degli anziani. Il trasferimento in una casa di riposo o di cura \u00e8 spesso associato alla paura di essere sradicati e abbandonati a se stessi. Tuttavia, oltre alla salute e alla sicurezza, ci\u00f2 che si desidera \u00e8 lo sviluppo personale, il riconoscimento e l'interazione sociale. Il Gruppo Tertianum \u00e8 in grado di soddisfare in misura elevata proprio questi bisogni e desideri delle persone anziane e offre ai suoi ospiti uno \"spazio di gioia di vivere\" in due sensi: una casa sicura in cui sentirsi a proprio agio e uno spazio per lo sviluppo personale, l'indipendenza e l'interazione sociale.<\/p>\r\n<p><a href=\"https:\/\/www.werbewoche.ch\/wp-content\/uploads\/2024\/06\/240531_Heads_Pressemitteilung_Tertianum_Branding_2.jpg\"><img class=\"attachment-full size-full\" src=\"https:\/\/www.werbewoche.ch\/wp-content\/uploads\/2024\/06\/240531_Heads_Pressemitteilung_Tertianum_Branding_2.jpg\" alt=\"\" width=\"1200\" height=\"857\" \/><\/a> <a href=\"https:\/\/www.werbewoche.ch\/wp-content\/uploads\/2024\/06\/240531_Heads_Pressemitteilung_Tertianum_Branding_3.jpg\"><img class=\"attachment-full size-full\" src=\"https:\/\/www.werbewoche.ch\/wp-content\/uploads\/2024\/06\/240531_Heads_Pressemitteilung_Tertianum_Branding_3.jpg\" alt=\"\" width=\"1200\" height=\"857\" \/><\/a><\/p>\r\n<h3><strong>La visione del futuro crea fiducia<\/strong><\/h3>\r\n<p>Questa immagine di s\u00e9, che si riflette nella fiducia degli ospiti di Tertianum, ha portato allo sviluppo dell'immagine del marchio, che posiziona Tertianum come un attraente fornitore di servizi premium e sottolinea lo sforzo di offrire un ampio spettro di offerte residenziali di alta qualit\u00e0.<\/p>\r\n<p><a href=\"https:\/\/www.werbewoche.ch\/wp-content\/uploads\/2024\/06\/240531_Heads_Pressemitteilung_Tertianum_Branding_4.jpg\"><img class=\"attachment-full size-full\" src=\"https:\/\/www.werbewoche.ch\/wp-content\/uploads\/2024\/06\/240531_Heads_Pressemitteilung_Tertianum_Branding_4.jpg\" alt=\"\" width=\"1200\" height=\"857\" \/><\/a> <a href=\"https:\/\/www.werbewoche.ch\/wp-content\/uploads\/2024\/06\/240531_Heads_Pressemitteilung_Tertianum_Branding_5.jpg\"><img class=\"attachment-full size-full\" src=\"https:\/\/www.werbewoche.ch\/wp-content\/uploads\/2024\/06\/240531_Heads_Pressemitteilung_Tertianum_Branding_5.jpg\" alt=\"\" width=\"1200\" height=\"857\" \/><\/a><\/p>\r\n<h3><strong>Un design che trasmette gioia di vivere<\/strong><\/h3>\r\n<p>Al centro dell'identit\u00e0 visiva e comunicativa del marchio Tertianum c'\u00e8 il logo consolidato con la caratteristica \"A\", che funge simbolicamente da tetto protettivo. Sotto questo tetto si trova l'elemento centrale del marchio, la persona, rappresentata da un semplice punto, che rappresenta la sicurezza all'interno dello spazio sicuro di Tertianum.<\/p>\r\n<p>I \"raggi di Tertianum\", che derivano dal monogramma \"A\" e rappresentano un'estensione del logo esistente, sono una nuova aggiunta al design. I raggi vogliono simboleggiare la fiducia e la gioia di vivere che Tertianum rende possibile. La delicata sfumatura di colore dei raggi trasmette l'energia e il dinamismo dell'ambiente di vita. Una palette cromatica ampliata con colori freschi e uno stile d'immagine nuovo e autentico sono destinati ad avere un effetto invitante e ad aumentare il valore positivo di riconoscimento del marchio.<\/p>\r\n<p>La nuova identit\u00e0 del marchio viene introdotta gradualmente in tutti i canali di comunicazione, a partire dal sito web dell'azienda, dalla presenza sul sito dei datori di lavoro e dalla relazione annuale, per poi passare alla stampa e ai media digitali.<\/p>\r\n<p><a href=\"https:\/\/www.werbewoche.ch\/wp-content\/uploads\/2024\/06\/240531_Heads_Pressemitteilung_Tertianum_Branding_6.jpg\"><img class=\"attachment-full size-full\" src=\"https:\/\/www.werbewoche.ch\/wp-content\/uploads\/2024\/06\/240531_Heads_Pressemitteilung_Tertianum_Branding_6.jpg\" alt=\"\" width=\"1200\" height=\"900\" \/><\/a> <a href=\"https:\/\/www.werbewoche.ch\/wp-content\/uploads\/2024\/06\/240531_Heads_Pressemitteilung_Tertianum_Branding_7.jpg\"><img class=\"attachment-full size-full\" src=\"https:\/\/www.werbewoche.ch\/wp-content\/uploads\/2024\/06\/240531_Heads_Pressemitteilung_Tertianum_Branding_7.jpg\" alt=\"\" width=\"1200\" height=\"857\" \/><\/a><\/p>\r\n<hr \/>\r\n<p><strong>Responsabile di Tertianum:<\/strong> Frank Nehlig (responsabile comunicazione, marketing e affari pubblici), Tania Rodriguez (responsabile servizi di marketing e marchio). <strong>Responsabile del Corporate Branding Heads: <\/strong>Ralph Hermann (responsabilit\u00e0 generale), Simone Raubach (strategia), Sina Frank (consulenza), Natascha Almeida, Samira Ciraci (gestione del progetto), Marco Simonetti (design), Roman von Arx (grafica\/produzione).<\/p>","protected":false},"excerpt":{"rendered":"<p>Tertianum, fornitore premium di residenze assistite, gestisce quasi 100 residenze, centri residenziali e di assistenza. Heads Corporate Branding ha sviluppato la nuova identit\u00e0 del marchio per il gruppo. Il nuovo claim del marchio \"Space for joie de vivre\" deriva direttamente dall'obiettivo aziendale e costituisce il nucleo del marchio.<\/p>","protected":false},"author":8,"featured_media":0,"comment_status":"closed","ping_status":"closed","sticky":false,"template":"","format":"standard","meta":{"_acf_changed":false,"_yoast_wpseo_focuskw":"Alterswohnen Tertianum","_yoast_wpseo_metadesc":"Tertianum bietet \u00e4lteren Menschen Raum f\u00fcr Lebensfreude: Gesundheit, Sicherheit, Selbstentfaltung und sozialer Austausch.","articlekey":"","footnotes":""},"categories":[29],"tags":[3523,2617,2851],"class_list":["post-27481","post","type-post","status-publish","format-standard","hentry","category-marketing","tag-heads","tag-marken","tag-rebranding"],"acf":[],"yoast_head":"<!-- This site is optimized with the Yoast SEO plugin v27.5 - https:\/\/yoast.com\/product\/yoast-seo-wordpress\/ -->\n<title>Heads: Markenauftritt voller Lebensfreude f\u00fcr Tertianum - Organisator<\/title>\n<meta name=\"description\" content=\"Tertianum bietet \u00e4lteren Menschen Raum f\u00fcr Lebensfreude: Gesundheit, Sicherheit, Selbstentfaltung und sozialer Austausch.\" \/>\n<meta name=\"robots\" content=\"index, follow, max-snippet:-1, max-image-preview:large, max-video-preview:-1\" \/>\n<link rel=\"canonical\" href=\"https:\/\/www.organisator.ch\/it\/marketing\/2024-06-06\/heads-markenauftritt-voller-lebensfreude-fuer-tertianum-2\/\" \/>\n<meta property=\"og:locale\" content=\"it_IT\" \/>\n<meta property=\"og:type\" content=\"article\" \/>\n<meta property=\"og:title\" content=\"Heads: Markenauftritt voller Lebensfreude f\u00fcr Tertianum - Organisator\" \/>\n<meta property=\"og:description\" content=\"Tertianum bietet \u00e4lteren Menschen Raum f\u00fcr Lebensfreude: Gesundheit, Sicherheit, Selbstentfaltung und sozialer Austausch.\" \/>\n<meta property=\"og:url\" content=\"https:\/\/www.organisator.ch\/it\/marketing\/2024-06-06\/heads-markenauftritt-voller-lebensfreude-fuer-tertianum-2\/\" \/>\n<meta property=\"og:site_name\" content=\"Organisator\" \/>\n<meta property=\"article:publisher\" content=\"https:\/\/www.facebook.com\/OrganisatorFachmagazin\" \/>\n<meta property=\"article:published_time\" content=\"2024-06-06T07:31:14+00:00\" \/>\n<meta property=\"article:modified_time\" content=\"2024-11-11T03:43:02+00:00\" \/>\n<meta property=\"og:image\" content=\"https:\/\/www.werbewoche.ch\/wp-content\/uploads\/2024\/06\/240531_Heads_Pressemitteilung_Tertianum_Branding_1.jpg\" \/>\n<meta name=\"author\" content=\"galledia\" \/>\n<meta name=\"twitter:card\" content=\"summary_large_image\" \/>\n<meta name=\"twitter:creator\" content=\"@admin\" \/>\n<script type=\"application\/ld+json\" class=\"yoast-schema-graph\">{\"@context\":\"https:\\\/\\\/schema.org\",\"@graph\":[{\"@type\":\"Article\",\"@id\":\"https:\\\/\\\/www.organisator.ch\\\/marketing\\\/2024-06-06\\\/heads-markenauftritt-voller-lebensfreude-fuer-tertianum-2\\\/#article\",\"isPartOf\":{\"@id\":\"https:\\\/\\\/www.organisator.ch\\\/marketing\\\/2024-06-06\\\/heads-markenauftritt-voller-lebensfreude-fuer-tertianum-2\\\/\"},\"author\":{\"name\":\"galledia\",\"@id\":\"https:\\\/\\\/www.organisator.ch\\\/#\\\/schema\\\/person\\\/4e51799071cd2dd1232ac003643ef5f0\"},\"headline\":\"Heads: Markenauftritt voller Lebensfreude f\u00fcr Tertianum\",\"datePublished\":\"2024-06-06T07:31:14+00:00\",\"dateModified\":\"2024-11-11T03:43:02+00:00\",\"mainEntityOfPage\":{\"@id\":\"https:\\\/\\\/www.organisator.ch\\\/marketing\\\/2024-06-06\\\/heads-markenauftritt-voller-lebensfreude-fuer-tertianum-2\\\/\"},\"wordCount\":343,\"publisher\":{\"@id\":\"https:\\\/\\\/www.organisator.ch\\\/#organization\"},\"image\":{\"@id\":\"https:\\\/\\\/www.organisator.ch\\\/marketing\\\/2024-06-06\\\/heads-markenauftritt-voller-lebensfreude-fuer-tertianum-2\\\/#primaryimage\"},\"thumbnailUrl\":\"https:\\\/\\\/www.werbewoche.ch\\\/wp-content\\\/uploads\\\/2024\\\/06\\\/240531_Heads_Pressemitteilung_Tertianum_Branding_1.jpg\",\"keywords\":[\"Heads\",\"Marken\",\"Rebranding\"],\"articleSection\":[\"MARKETING\"],\"inLanguage\":\"it-IT\"},{\"@type\":\"WebPage\",\"@id\":\"https:\\\/\\\/www.organisator.ch\\\/marketing\\\/2024-06-06\\\/heads-markenauftritt-voller-lebensfreude-fuer-tertianum-2\\\/\",\"url\":\"https:\\\/\\\/www.organisator.ch\\\/marketing\\\/2024-06-06\\\/heads-markenauftritt-voller-lebensfreude-fuer-tertianum-2\\\/\",\"name\":\"Heads: Markenauftritt voller Lebensfreude f\u00fcr Tertianum - Organisator\",\"isPartOf\":{\"@id\":\"https:\\\/\\\/www.organisator.ch\\\/#website\"},\"primaryImageOfPage\":{\"@id\":\"https:\\\/\\\/www.organisator.ch\\\/marketing\\\/2024-06-06\\\/heads-markenauftritt-voller-lebensfreude-fuer-tertianum-2\\\/#primaryimage\"},\"image\":{\"@id\":\"https:\\\/\\\/www.organisator.ch\\\/marketing\\\/2024-06-06\\\/heads-markenauftritt-voller-lebensfreude-fuer-tertianum-2\\\/#primaryimage\"},\"thumbnailUrl\":\"https:\\\/\\\/www.werbewoche.ch\\\/wp-content\\\/uploads\\\/2024\\\/06\\\/240531_Heads_Pressemitteilung_Tertianum_Branding_1.jpg\",\"datePublished\":\"2024-06-06T07:31:14+00:00\",\"dateModified\":\"2024-11-11T03:43:02+00:00\",\"description\":\"Tertianum bietet \u00e4lteren Menschen Raum f\u00fcr Lebensfreude: Gesundheit, Sicherheit, Selbstentfaltung und sozialer Austausch.\",\"breadcrumb\":{\"@id\":\"https:\\\/\\\/www.organisator.ch\\\/marketing\\\/2024-06-06\\\/heads-markenauftritt-voller-lebensfreude-fuer-tertianum-2\\\/#breadcrumb\"},\"inLanguage\":\"it-IT\",\"potentialAction\":[{\"@type\":\"ReadAction\",\"target\":[\"https:\\\/\\\/www.organisator.ch\\\/marketing\\\/2024-06-06\\\/heads-markenauftritt-voller-lebensfreude-fuer-tertianum-2\\\/\"]}]},{\"@type\":\"ImageObject\",\"inLanguage\":\"it-IT\",\"@id\":\"https:\\\/\\\/www.organisator.ch\\\/marketing\\\/2024-06-06\\\/heads-markenauftritt-voller-lebensfreude-fuer-tertianum-2\\\/#primaryimage\",\"url\":\"https:\\\/\\\/www.werbewoche.ch\\\/wp-content\\\/uploads\\\/2024\\\/06\\\/240531_Heads_Pressemitteilung_Tertianum_Branding_1.jpg\",\"contentUrl\":\"https:\\\/\\\/www.werbewoche.ch\\\/wp-content\\\/uploads\\\/2024\\\/06\\\/240531_Heads_Pressemitteilung_Tertianum_Branding_1.jpg\"},{\"@type\":\"BreadcrumbList\",\"@id\":\"https:\\\/\\\/www.organisator.ch\\\/marketing\\\/2024-06-06\\\/heads-markenauftritt-voller-lebensfreude-fuer-tertianum-2\\\/#breadcrumb\",\"itemListElement\":[{\"@type\":\"ListItem\",\"position\":1,\"name\":\"Home\",\"item\":\"https:\\\/\\\/www.organisator.ch\\\/\"},{\"@type\":\"ListItem\",\"position\":2,\"name\":\"Heads: Markenauftritt voller Lebensfreude f\u00fcr Tertianum\"}]},{\"@type\":\"WebSite\",\"@id\":\"https:\\\/\\\/www.organisator.ch\\\/#website\",\"url\":\"https:\\\/\\\/www.organisator.ch\\\/\",\"name\":\"Organisator\",\"description\":\"Kompetent. Praxisnah. Der ORGANISATOR bereitet in 10 Ausgaben pro Jahr die wesentlichen Themen f\u00fcr F\u00fchrungskr\u00e4fte von KMU auf.\",\"publisher\":{\"@id\":\"https:\\\/\\\/www.organisator.ch\\\/#organization\"},\"potentialAction\":[{\"@type\":\"SearchAction\",\"target\":{\"@type\":\"EntryPoint\",\"urlTemplate\":\"https:\\\/\\\/www.organisator.ch\\\/?s={search_term_string}\"},\"query-input\":{\"@type\":\"PropertyValueSpecification\",\"valueRequired\":true,\"valueName\":\"search_term_string\"}}],\"inLanguage\":\"it-IT\"},{\"@type\":\"Organization\",\"@id\":\"https:\\\/\\\/www.organisator.ch\\\/#organization\",\"name\":\"Organisator\",\"url\":\"https:\\\/\\\/www.organisator.ch\\\/\",\"logo\":{\"@type\":\"ImageObject\",\"inLanguage\":\"it-IT\",\"@id\":\"https:\\\/\\\/www.organisator.ch\\\/#\\\/schema\\\/logo\\\/image\\\/\",\"url\":\"https:\\\/\\\/www.organisator.ch\\\/wp-content\\\/uploads\\\/2022\\\/01\\\/Logo_Organisator_Website.png\",\"contentUrl\":\"https:\\\/\\\/www.organisator.ch\\\/wp-content\\\/uploads\\\/2022\\\/01\\\/Logo_Organisator_Website.png\",\"width\":800,\"height\":77,\"caption\":\"Organisator\"},\"image\":{\"@id\":\"https:\\\/\\\/www.organisator.ch\\\/#\\\/schema\\\/logo\\\/image\\\/\"},\"sameAs\":[\"https:\\\/\\\/www.facebook.com\\\/OrganisatorFachmagazin\",\"https:\\\/\\\/www.linkedin.com\\\/showcase\\\/organisator-das-magazin-fr-kmu\",\"https:\\\/\\\/www.xing.com\\\/news\\\/pages\\\/organisator-ch-695\",\"https:\\\/\\\/www.youtube.com\\\/channel\\\/UCGP2Sq0iWaZwT3BdIAQFYpw\"]},{\"@type\":\"Person\",\"@id\":\"https:\\\/\\\/www.organisator.ch\\\/#\\\/schema\\\/person\\\/4e51799071cd2dd1232ac003643ef5f0\",\"name\":\"galledia\",\"image\":{\"@type\":\"ImageObject\",\"inLanguage\":\"it-IT\",\"@id\":\"https:\\\/\\\/secure.gravatar.com\\\/avatar\\\/78a7f90c01fc2bfc875782a0d4922b37cde2cf184ce347b91316d23cd7f69a36?s=96&d=mm&r=g\",\"url\":\"https:\\\/\\\/secure.gravatar.com\\\/avatar\\\/78a7f90c01fc2bfc875782a0d4922b37cde2cf184ce347b91316d23cd7f69a36?s=96&d=mm&r=g\",\"contentUrl\":\"https:\\\/\\\/secure.gravatar.com\\\/avatar\\\/78a7f90c01fc2bfc875782a0d4922b37cde2cf184ce347b91316d23cd7f69a36?s=96&d=mm&r=g\",\"caption\":\"galledia\"},\"sameAs\":[\"https:\\\/\\\/x.com\\\/admin\"],\"url\":\"https:\\\/\\\/www.organisator.ch\\\/it\\\/author\\\/galledia\\\/\"}]}<\/script>\n<!-- \/ Yoast SEO plugin. -->","yoast_head_json":{"title":"Teste: Immagine del marchio piena di gioia di vivere per Tertianum - Organizzatore","description":"Tertianum offre agli anziani uno spazio per godersi la vita: salute, sicurezza, sviluppo personale e interazione sociale.","robots":{"index":"index","follow":"follow","max-snippet":"max-snippet:-1","max-image-preview":"max-image-preview:large","max-video-preview":"max-video-preview:-1"},"canonical":"https:\/\/www.organisator.ch\/it\/marketing\/2024-06-06\/heads-markenauftritt-voller-lebensfreude-fuer-tertianum-2\/","og_locale":"it_IT","og_type":"article","og_title":"Heads: Markenauftritt voller Lebensfreude f\u00fcr Tertianum - Organisator","og_description":"Tertianum bietet \u00e4lteren Menschen Raum f\u00fcr Lebensfreude: Gesundheit, Sicherheit, Selbstentfaltung und sozialer Austausch.","og_url":"https:\/\/www.organisator.ch\/it\/marketing\/2024-06-06\/heads-markenauftritt-voller-lebensfreude-fuer-tertianum-2\/","og_site_name":"Organisator","article_publisher":"https:\/\/www.facebook.com\/OrganisatorFachmagazin","article_published_time":"2024-06-06T07:31:14+00:00","article_modified_time":"2024-11-11T03:43:02+00:00","og_image":[{"url":"https:\/\/www.werbewoche.ch\/wp-content\/uploads\/2024\/06\/240531_Heads_Pressemitteilung_Tertianum_Branding_1.jpg","type":"","width":"","height":""}],"author":"galledia","twitter_card":"summary_large_image","twitter_creator":"@admin","schema":{"@context":"https:\/\/schema.org","@graph":[{"@type":"Article","@id":"https:\/\/www.organisator.ch\/marketing\/2024-06-06\/heads-markenauftritt-voller-lebensfreude-fuer-tertianum-2\/#article","isPartOf":{"@id":"https:\/\/www.organisator.ch\/marketing\/2024-06-06\/heads-markenauftritt-voller-lebensfreude-fuer-tertianum-2\/"},"author":{"name":"galledia","@id":"https:\/\/www.organisator.ch\/#\/schema\/person\/4e51799071cd2dd1232ac003643ef5f0"},"headline":"Heads: Markenauftritt voller Lebensfreude f\u00fcr Tertianum","datePublished":"2024-06-06T07:31:14+00:00","dateModified":"2024-11-11T03:43:02+00:00","mainEntityOfPage":{"@id":"https:\/\/www.organisator.ch\/marketing\/2024-06-06\/heads-markenauftritt-voller-lebensfreude-fuer-tertianum-2\/"},"wordCount":343,"publisher":{"@id":"https:\/\/www.organisator.ch\/#organization"},"image":{"@id":"https:\/\/www.organisator.ch\/marketing\/2024-06-06\/heads-markenauftritt-voller-lebensfreude-fuer-tertianum-2\/#primaryimage"},"thumbnailUrl":"https:\/\/www.werbewoche.ch\/wp-content\/uploads\/2024\/06\/240531_Heads_Pressemitteilung_Tertianum_Branding_1.jpg","keywords":["Heads","Marken","Rebranding"],"articleSection":["MARKETING"],"inLanguage":"it-IT"},{"@type":"WebPage","@id":"https:\/\/www.organisator.ch\/marketing\/2024-06-06\/heads-markenauftritt-voller-lebensfreude-fuer-tertianum-2\/","url":"https:\/\/www.organisator.ch\/marketing\/2024-06-06\/heads-markenauftritt-voller-lebensfreude-fuer-tertianum-2\/","name":"Teste: Immagine del marchio piena di gioia di vivere per Tertianum - Organizzatore","isPartOf":{"@id":"https:\/\/www.organisator.ch\/#website"},"primaryImageOfPage":{"@id":"https:\/\/www.organisator.ch\/marketing\/2024-06-06\/heads-markenauftritt-voller-lebensfreude-fuer-tertianum-2\/#primaryimage"},"image":{"@id":"https:\/\/www.organisator.ch\/marketing\/2024-06-06\/heads-markenauftritt-voller-lebensfreude-fuer-tertianum-2\/#primaryimage"},"thumbnailUrl":"https:\/\/www.werbewoche.ch\/wp-content\/uploads\/2024\/06\/240531_Heads_Pressemitteilung_Tertianum_Branding_1.jpg","datePublished":"2024-06-06T07:31:14+00:00","dateModified":"2024-11-11T03:43:02+00:00","description":"Tertianum offre agli anziani uno spazio per godersi la vita: salute, sicurezza, sviluppo personale e interazione sociale.","breadcrumb":{"@id":"https:\/\/www.organisator.ch\/marketing\/2024-06-06\/heads-markenauftritt-voller-lebensfreude-fuer-tertianum-2\/#breadcrumb"},"inLanguage":"it-IT","potentialAction":[{"@type":"ReadAction","target":["https:\/\/www.organisator.ch\/marketing\/2024-06-06\/heads-markenauftritt-voller-lebensfreude-fuer-tertianum-2\/"]}]},{"@type":"ImageObject","inLanguage":"it-IT","@id":"https:\/\/www.organisator.ch\/marketing\/2024-06-06\/heads-markenauftritt-voller-lebensfreude-fuer-tertianum-2\/#primaryimage","url":"https:\/\/www.werbewoche.ch\/wp-content\/uploads\/2024\/06\/240531_Heads_Pressemitteilung_Tertianum_Branding_1.jpg","contentUrl":"https:\/\/www.werbewoche.ch\/wp-content\/uploads\/2024\/06\/240531_Heads_Pressemitteilung_Tertianum_Branding_1.jpg"},{"@type":"BreadcrumbList","@id":"https:\/\/www.organisator.ch\/marketing\/2024-06-06\/heads-markenauftritt-voller-lebensfreude-fuer-tertianum-2\/#breadcrumb","itemListElement":[{"@type":"ListItem","position":1,"name":"Home","item":"https:\/\/www.organisator.ch\/"},{"@type":"ListItem","position":2,"name":"Heads: Markenauftritt voller Lebensfreude f\u00fcr Tertianum"}]},{"@type":"WebSite","@id":"https:\/\/www.organisator.ch\/#website","url":"https:\/\/www.organisator.ch\/","name":"Organizzatore","description":"Competente. Pratico. In 10 numeri all'anno, ORGANISATOR presenta i temi essenziali per i manager delle PMI.","publisher":{"@id":"https:\/\/www.organisator.ch\/#organization"},"potentialAction":[{"@type":"SearchAction","target":{"@type":"EntryPoint","urlTemplate":"https:\/\/www.organisator.ch\/?s={search_term_string}"},"query-input":{"@type":"PropertyValueSpecification","valueRequired":true,"valueName":"search_term_string"}}],"inLanguage":"it-IT"},{"@type":"Organization","@id":"https:\/\/www.organisator.ch\/#organization","name":"Organizzatore","url":"https:\/\/www.organisator.ch\/","logo":{"@type":"ImageObject","inLanguage":"it-IT","@id":"https:\/\/www.organisator.ch\/#\/schema\/logo\/image\/","url":"https:\/\/www.organisator.ch\/wp-content\/uploads\/2022\/01\/Logo_Organisator_Website.png","contentUrl":"https:\/\/www.organisator.ch\/wp-content\/uploads\/2022\/01\/Logo_Organisator_Website.png","width":800,"height":77,"caption":"Organisator"},"image":{"@id":"https:\/\/www.organisator.ch\/#\/schema\/logo\/image\/"},"sameAs":["https:\/\/www.facebook.com\/OrganisatorFachmagazin","https:\/\/www.linkedin.com\/showcase\/organisator-das-magazin-fr-kmu","https:\/\/www.xing.com\/news\/pages\/organisator-ch-695","https:\/\/www.youtube.com\/channel\/UCGP2Sq0iWaZwT3BdIAQFYpw"]},{"@type":"Person","@id":"https:\/\/www.organisator.ch\/#\/schema\/person\/4e51799071cd2dd1232ac003643ef5f0","name":"galledia","image":{"@type":"ImageObject","inLanguage":"it-IT","@id":"https:\/\/secure.gravatar.com\/avatar\/78a7f90c01fc2bfc875782a0d4922b37cde2cf184ce347b91316d23cd7f69a36?s=96&d=mm&r=g","url":"https:\/\/secure.gravatar.com\/avatar\/78a7f90c01fc2bfc875782a0d4922b37cde2cf184ce347b91316d23cd7f69a36?s=96&d=mm&r=g","contentUrl":"https:\/\/secure.gravatar.com\/avatar\/78a7f90c01fc2bfc875782a0d4922b37cde2cf184ce347b91316d23cd7f69a36?s=96&d=mm&r=g","caption":"galledia"},"sameAs":["https:\/\/x.com\/admin"],"url":"https:\/\/www.organisator.ch\/it\/author\/galledia\/"}]}},"_links":{"self":[{"href":"https:\/\/www.organisator.ch\/it\/wp-json\/wp\/v2\/posts\/27481","targetHints":{"allow":["GET"]}}],"collection":[{"href":"https:\/\/www.organisator.ch\/it\/wp-json\/wp\/v2\/posts"}],"about":[{"href":"https:\/\/www.organisator.ch\/it\/wp-json\/wp\/v2\/types\/post"}],"author":[{"embeddable":true,"href":"https:\/\/www.organisator.ch\/it\/wp-json\/wp\/v2\/users\/8"}],"replies":[{"embeddable":true,"href":"https:\/\/www.organisator.ch\/it\/wp-json\/wp\/v2\/comments?post=27481"}],"version-history":[{"count":7,"href":"https:\/\/www.organisator.ch\/it\/wp-json\/wp\/v2\/posts\/27481\/revisions"}],"predecessor-version":[{"id":32215,"href":"https:\/\/www.organisator.ch\/it\/wp-json\/wp\/v2\/posts\/27481\/revisions\/32215"}],"wp:attachment":[{"href":"https:\/\/www.organisator.ch\/it\/wp-json\/wp\/v2\/media?parent=27481"}],"wp:term":[{"taxonomy":"category","embeddable":true,"href":"https:\/\/www.organisator.ch\/it\/wp-json\/wp\/v2\/categories?post=27481"},{"taxonomy":"post_tag","embeddable":true,"href":"https:\/\/www.organisator.ch\/it\/wp-json\/wp\/v2\/tags?post=27481"}],"curies":[{"name":"wp","href":"https:\/\/api.w.org\/{rel}","templated":true}]}}