{"id":2751,"date":"2017-11-22T07:27:37","date_gmt":"2017-11-22T06:27:37","guid":{"rendered":"https:\/\/www.organisator.ch\/?p=2751"},"modified":"2017-11-22T07:27:37","modified_gmt":"2017-11-22T06:27:37","slug":"weiterbildung-steigert-die-wettbewerbsfaehigkeit","status":"publish","type":"post","link":"https:\/\/www.organisator.ch\/it\/human-resources\/hrm\/2017-11-22\/weiterbildung-steigert-die-wettbewerbsfaehigkeit\/","title":{"rendered":"La formazione continua aumenta la competitivit\u00e0"},"content":{"rendered":"<figure id=\"attachment_2752\" aria-describedby=\"caption-attachment-2752\" style=\"width: 640px\" class=\"wp-caption alignnone\"><img loading=\"lazy\" decoding=\"async\" class=\"size-full wp-image-2752\" src=\"https:\/\/www.organisator.ch\/wp-content\/uploads\/2017\/11\/Weiterbildung-steigert-die-Wettbewerbsfaehigkeit_Organisator.jpg\" alt=\"\" width=\"640\" height=\"427\" srcset=\"https:\/\/www.organisator.ch\/wp-content\/uploads\/2017\/11\/Weiterbildung-steigert-die-Wettbewerbsfaehigkeit_Organisator.jpg 640w, https:\/\/www.organisator.ch\/wp-content\/uploads\/2017\/11\/Weiterbildung-steigert-die-Wettbewerbsfaehigkeit_Organisator-16x12.jpg 16w, https:\/\/www.organisator.ch\/wp-content\/uploads\/2017\/11\/Weiterbildung-steigert-die-Wettbewerbsfaehigkeit_Organisator-262x175.jpg 262w, https:\/\/www.organisator.ch\/wp-content\/uploads\/2017\/11\/Weiterbildung-steigert-die-Wettbewerbsfaehigkeit_Organisator-525x350.jpg 525w, https:\/\/www.organisator.ch\/wp-content\/uploads\/2017\/11\/Weiterbildung-steigert-die-Wettbewerbsfaehigkeit_Organisator-300x200.jpg 300w\" sizes=\"auto, (max-width: 640px) 100vw, 640px\" \/><figcaption id=\"caption-attachment-2752\" class=\"wp-caption-text\">Gli svizzeri concordano sul fatto che la formazione continua \u00e8 importante e che tutti ne sono responsabili. La maggioranza \u00e8 persino disposta a pagare di tasca propria la formazione continua. (Immagine: Fotolia.com)<\/figcaption><\/figure>\n<p>L'azienda di reclutamento Randstad interroga regolarmente i dipendenti sui loro piani di carriera e sulla loro soddisfazione lavorativa. I risultati di questo ultimo barometro del lavoro mostrano che solo il 63 % dei dipendenti svizzeri ritiene di poter sviluppare appieno il proprio potenziale nel lavoro attuale. Questo dato colloca la Svizzera ben al di sotto della media mondiale (74 %) e all'ultimo posto in Europa, secondo il verdetto. Le giovani donne di et\u00e0 compresa tra i 25 e i 34 anni, in particolare, si sentono poco stimolate sul lavoro e solo 49 % sfruttano appieno il loro potenziale, secondo gli ulteriori risultati dell'indagine, condotta nel terzo trimestre.<\/p>\n<h2>Ognuno \u00e8 responsabile della propria occupabilit\u00e0<\/h2>\n<p>Tuttavia, con l'accordo 94 %, gli svizzeri concordano: \u00e8 responsabilit\u00e0 di ciascuno mantenere aggiornate le proprie competenze e abilit\u00e0 professionali. Con questo risultato, la Svizzera - insieme a Italia, Norvegia e Austria - guida la classifica in Europa.<\/p>\n<h2>Gli svizzeri si fanno i conti in tasca per la propria formazione continua<\/h2>\n<p>Ben tre quarti (76 %) degli intervistati ritiene di aver bisogno di maggiore formazione e istruzione per rimanere al passo con gli sviluppi. Con 77 %, la stragrande maggioranza dei dipendenti svizzeri \u00e8 addirittura disposta a pagare di tasca propria. In Europa, con questo risultato la Svizzera si colloca al secondo posto dopo la Grecia. In tutto il mondo, una media di 67 % pagherebbe da s\u00e9 per la formazione continua.<\/p>\n<p><em>Fonte e ulteriori informazioni: <a href=\"http:\/\/www.randstad.ch\">Randstad<\/a><\/em><\/p>","protected":false},"excerpt":{"rendered":"<p>Regelm\u00e4ssig befragt der Personaldienstleister Randstad\u00a0Arbeitnehmende nach ihren beruflichen Pl\u00e4nen und ihrer Zufriedenheit am Arbeitsplatz. Die Ergebnisse dieses j\u00fcngsten Arbeitsbarometers zeigen, dass nur 63 % der Schweizer Arbeitnehmenden der Ansicht sind, sie k\u00f6nnten ihr volles Potenzial in ihrem aktuellen Job entfalten. Damit liege die Schweiz deutlich unter dem globalen Schnitt (74 %) und europaweit auf dem [&hellip;]<\/p>\n","protected":false},"author":4,"featured_media":2752,"comment_status":"open","ping_status":"open","sticky":false,"template":"","format":"standard","meta":{"_acf_changed":false,"_yoast_wpseo_focuskw":"Weiterbildung","_yoast_wpseo_metadesc":"Weiterbildungen erh\u00f6hen die Chancen auf dem Arbeitsmarkt. Doch f\u00fchrt Weiterbildung auch dazu, dass Arbeitnehmende ihr Potenzial optimal aussch\u00f6pfen k\u00f6nnen?","articlekey":"","footnotes":""},"categories":[26],"tags":[62,254,294,459],"class_list":["post-2751","post","type-post","status-publish","format-standard","has-post-thumbnail","hentry","category-hrm","tag-aus-weiterbildung","tag-hrm","tag-karriere","tag-studie"],"acf":[],"yoast_head":"<!-- This site is optimized with the Yoast SEO plugin v27.5 - https:\/\/yoast.com\/product\/yoast-seo-wordpress\/ -->\n<title>Weiterbildung steigert die Wettbewerbsf\u00e4higkeit - Organisator<\/title>\n<meta name=\"description\" content=\"Weiterbildungen erh\u00f6hen die Chancen auf dem Arbeitsmarkt. Doch f\u00fchrt Weiterbildung auch dazu, dass Arbeitnehmende ihr Potenzial optimal aussch\u00f6pfen k\u00f6nnen?\" \/>\n<meta name=\"robots\" content=\"index, follow, max-snippet:-1, max-image-preview:large, max-video-preview:-1\" \/>\n<link rel=\"canonical\" href=\"https:\/\/www.organisator.ch\/it\/risorse-umane\/hrm\/2017-11-22\/weiterbildung-steigert-die-wettbewerbsfaehigkeit\/\" \/>\n<meta property=\"og:locale\" content=\"it_IT\" \/>\n<meta property=\"og:type\" content=\"article\" \/>\n<meta property=\"og:title\" content=\"Weiterbildung steigert die Wettbewerbsf\u00e4higkeit\" \/>\n<meta property=\"og:description\" content=\"#Weiterbildungen erh\u00f6hen die Chancen auf dem #Arbeitsmarkt. Doch f\u00fchrt Weiterbildung auch dazu, dass Arbeitnehmende ihr Potenzial optimal aussch\u00f6pfen k\u00f6nnen?\" \/>\n<meta property=\"og:url\" content=\"https:\/\/www.organisator.ch\/it\/risorse-umane\/hrm\/2017-11-22\/weiterbildung-steigert-die-wettbewerbsfaehigkeit\/\" \/>\n<meta property=\"og:site_name\" content=\"Organisator\" \/>\n<meta property=\"article:publisher\" content=\"https:\/\/www.facebook.com\/OrganisatorFachmagazin\" \/>\n<meta property=\"article:published_time\" content=\"2017-11-22T06:27:37+00:00\" \/>\n<meta property=\"og:image\" content=\"https:\/\/www.organisator.ch\/wp-content\/uploads\/2017\/11\/Weiterbildung-steigert-die-Wettbewerbsfaehigkeit_Organisator.jpg\" \/>\n\t<meta property=\"og:image:width\" content=\"640\" \/>\n\t<meta property=\"og:image:height\" content=\"427\" \/>\n\t<meta property=\"og:image:type\" content=\"image\/jpeg\" \/>\n<meta name=\"author\" content=\"thomas.berner\" \/>\n<meta name=\"twitter:card\" content=\"summary_large_image\" \/>\n<meta name=\"twitter:title\" content=\"#Weiterbildung steigert die #Wettbewerbsf\u00e4higkeit\" \/>\n<meta name=\"twitter:description\" content=\"#Weiterbildungen erh\u00f6hen die Chancen auf dem #Arbeitsmarkt. Doch f\u00fchrt Weiterbildung auch dazu, dass Arbeitnehmende ihr Potenzial optimal aussch\u00f6pfen k\u00f6nnen?\" \/>\n<meta name=\"twitter:image\" content=\"https:\/\/www.organisator.ch\/wp-content\/uploads\/2017\/11\/Weiterbildung-steigert-die-Wettbewerbsf\u00e4higkeit_Organisator.jpg\" \/>\n<script type=\"application\/ld+json\" class=\"yoast-schema-graph\">{\"@context\":\"https:\\\/\\\/schema.org\",\"@graph\":[{\"@type\":\"Article\",\"@id\":\"https:\\\/\\\/www.organisator.ch\\\/human-resources\\\/hrm\\\/2017-11-22\\\/weiterbildung-steigert-die-wettbewerbsfaehigkeit\\\/#article\",\"isPartOf\":{\"@id\":\"https:\\\/\\\/www.organisator.ch\\\/human-resources\\\/hrm\\\/2017-11-22\\\/weiterbildung-steigert-die-wettbewerbsfaehigkeit\\\/\"},\"author\":{\"name\":\"thomas.berner\",\"@id\":\"https:\\\/\\\/www.organisator.ch\\\/#\\\/schema\\\/person\\\/6f650f90b2842cd4c0cc334b4e36f67e\"},\"headline\":\"Weiterbildung steigert die Wettbewerbsf\u00e4higkeit\",\"datePublished\":\"2017-11-22T06:27:37+00:00\",\"mainEntityOfPage\":{\"@id\":\"https:\\\/\\\/www.organisator.ch\\\/human-resources\\\/hrm\\\/2017-11-22\\\/weiterbildung-steigert-die-wettbewerbsfaehigkeit\\\/\"},\"wordCount\":265,\"commentCount\":0,\"publisher\":{\"@id\":\"https:\\\/\\\/www.organisator.ch\\\/#organization\"},\"image\":{\"@id\":\"https:\\\/\\\/www.organisator.ch\\\/human-resources\\\/hrm\\\/2017-11-22\\\/weiterbildung-steigert-die-wettbewerbsfaehigkeit\\\/#primaryimage\"},\"thumbnailUrl\":\"https:\\\/\\\/www.organisator.ch\\\/wp-content\\\/uploads\\\/2017\\\/11\\\/Weiterbildung-steigert-die-Wettbewerbsfaehigkeit_Organisator.jpg\",\"keywords\":[\"Aus-\\\/Weiterbildung\",\"HRM\",\"Karriere\",\"Studie\"],\"articleSection\":[\"HRM\"],\"inLanguage\":\"it-IT\"},{\"@type\":\"WebPage\",\"@id\":\"https:\\\/\\\/www.organisator.ch\\\/human-resources\\\/hrm\\\/2017-11-22\\\/weiterbildung-steigert-die-wettbewerbsfaehigkeit\\\/\",\"url\":\"https:\\\/\\\/www.organisator.ch\\\/human-resources\\\/hrm\\\/2017-11-22\\\/weiterbildung-steigert-die-wettbewerbsfaehigkeit\\\/\",\"name\":\"Weiterbildung steigert die Wettbewerbsf\u00e4higkeit - Organisator\",\"isPartOf\":{\"@id\":\"https:\\\/\\\/www.organisator.ch\\\/#website\"},\"primaryImageOfPage\":{\"@id\":\"https:\\\/\\\/www.organisator.ch\\\/human-resources\\\/hrm\\\/2017-11-22\\\/weiterbildung-steigert-die-wettbewerbsfaehigkeit\\\/#primaryimage\"},\"image\":{\"@id\":\"https:\\\/\\\/www.organisator.ch\\\/human-resources\\\/hrm\\\/2017-11-22\\\/weiterbildung-steigert-die-wettbewerbsfaehigkeit\\\/#primaryimage\"},\"thumbnailUrl\":\"https:\\\/\\\/www.organisator.ch\\\/wp-content\\\/uploads\\\/2017\\\/11\\\/Weiterbildung-steigert-die-Wettbewerbsfaehigkeit_Organisator.jpg\",\"datePublished\":\"2017-11-22T06:27:37+00:00\",\"description\":\"Weiterbildungen erh\u00f6hen die Chancen auf dem Arbeitsmarkt. Doch f\u00fchrt Weiterbildung auch dazu, dass Arbeitnehmende ihr Potenzial optimal aussch\u00f6pfen k\u00f6nnen?\",\"breadcrumb\":{\"@id\":\"https:\\\/\\\/www.organisator.ch\\\/human-resources\\\/hrm\\\/2017-11-22\\\/weiterbildung-steigert-die-wettbewerbsfaehigkeit\\\/#breadcrumb\"},\"inLanguage\":\"it-IT\",\"potentialAction\":[{\"@type\":\"ReadAction\",\"target\":[\"https:\\\/\\\/www.organisator.ch\\\/human-resources\\\/hrm\\\/2017-11-22\\\/weiterbildung-steigert-die-wettbewerbsfaehigkeit\\\/\"]}]},{\"@type\":\"ImageObject\",\"inLanguage\":\"it-IT\",\"@id\":\"https:\\\/\\\/www.organisator.ch\\\/human-resources\\\/hrm\\\/2017-11-22\\\/weiterbildung-steigert-die-wettbewerbsfaehigkeit\\\/#primaryimage\",\"url\":\"https:\\\/\\\/www.organisator.ch\\\/wp-content\\\/uploads\\\/2017\\\/11\\\/Weiterbildung-steigert-die-Wettbewerbsfaehigkeit_Organisator.jpg\",\"contentUrl\":\"https:\\\/\\\/www.organisator.ch\\\/wp-content\\\/uploads\\\/2017\\\/11\\\/Weiterbildung-steigert-die-Wettbewerbsfaehigkeit_Organisator.jpg\",\"width\":640,\"height\":427,\"caption\":\"Die Schweizer sind sich einig, dass Weiterbildung wichtig und jeder daf\u00fcr selbst verantwortlich ist. Eine Mehrheit ist sogar bereit, Weiterbildung aus der eigenen Tasche zu bezahlen. (Bild: Fotolia.com)\"},{\"@type\":\"BreadcrumbList\",\"@id\":\"https:\\\/\\\/www.organisator.ch\\\/human-resources\\\/hrm\\\/2017-11-22\\\/weiterbildung-steigert-die-wettbewerbsfaehigkeit\\\/#breadcrumb\",\"itemListElement\":[{\"@type\":\"ListItem\",\"position\":1,\"name\":\"Home\",\"item\":\"https:\\\/\\\/www.organisator.ch\\\/\"},{\"@type\":\"ListItem\",\"position\":2,\"name\":\"Weiterbildung steigert die Wettbewerbsf\u00e4higkeit\"}]},{\"@type\":\"WebSite\",\"@id\":\"https:\\\/\\\/www.organisator.ch\\\/#website\",\"url\":\"https:\\\/\\\/www.organisator.ch\\\/\",\"name\":\"Organisator\",\"description\":\"Kompetent. Praxisnah. Der ORGANISATOR bereitet in 10 Ausgaben pro Jahr die wesentlichen Themen f\u00fcr F\u00fchrungskr\u00e4fte von KMU auf.\",\"publisher\":{\"@id\":\"https:\\\/\\\/www.organisator.ch\\\/#organization\"},\"potentialAction\":[{\"@type\":\"SearchAction\",\"target\":{\"@type\":\"EntryPoint\",\"urlTemplate\":\"https:\\\/\\\/www.organisator.ch\\\/?s={search_term_string}\"},\"query-input\":{\"@type\":\"PropertyValueSpecification\",\"valueRequired\":true,\"valueName\":\"search_term_string\"}}],\"inLanguage\":\"it-IT\"},{\"@type\":\"Organization\",\"@id\":\"https:\\\/\\\/www.organisator.ch\\\/#organization\",\"name\":\"Organisator\",\"url\":\"https:\\\/\\\/www.organisator.ch\\\/\",\"logo\":{\"@type\":\"ImageObject\",\"inLanguage\":\"it-IT\",\"@id\":\"https:\\\/\\\/www.organisator.ch\\\/#\\\/schema\\\/logo\\\/image\\\/\",\"url\":\"https:\\\/\\\/www.organisator.ch\\\/wp-content\\\/uploads\\\/2022\\\/01\\\/Logo_Organisator_Website.png\",\"contentUrl\":\"https:\\\/\\\/www.organisator.ch\\\/wp-content\\\/uploads\\\/2022\\\/01\\\/Logo_Organisator_Website.png\",\"width\":800,\"height\":77,\"caption\":\"Organisator\"},\"image\":{\"@id\":\"https:\\\/\\\/www.organisator.ch\\\/#\\\/schema\\\/logo\\\/image\\\/\"},\"sameAs\":[\"https:\\\/\\\/www.facebook.com\\\/OrganisatorFachmagazin\",\"https:\\\/\\\/www.linkedin.com\\\/showcase\\\/organisator-das-magazin-fr-kmu\",\"https:\\\/\\\/www.xing.com\\\/news\\\/pages\\\/organisator-ch-695\",\"https:\\\/\\\/www.youtube.com\\\/channel\\\/UCGP2Sq0iWaZwT3BdIAQFYpw\"]},{\"@type\":\"Person\",\"@id\":\"https:\\\/\\\/www.organisator.ch\\\/#\\\/schema\\\/person\\\/6f650f90b2842cd4c0cc334b4e36f67e\",\"name\":\"thomas.berner\",\"image\":{\"@type\":\"ImageObject\",\"inLanguage\":\"it-IT\",\"@id\":\"https:\\\/\\\/secure.gravatar.com\\\/avatar\\\/ac5001d2a36cb6c6cd3e50789007ffca834b477b74a2144564522e944eabff61?s=96&d=mm&r=g\",\"url\":\"https:\\\/\\\/secure.gravatar.com\\\/avatar\\\/ac5001d2a36cb6c6cd3e50789007ffca834b477b74a2144564522e944eabff61?s=96&d=mm&r=g\",\"contentUrl\":\"https:\\\/\\\/secure.gravatar.com\\\/avatar\\\/ac5001d2a36cb6c6cd3e50789007ffca834b477b74a2144564522e944eabff61?s=96&d=mm&r=g\",\"caption\":\"thomas.berner\"},\"url\":\"https:\\\/\\\/www.organisator.ch\\\/it\\\/author\\\/thomas-berner\\\/\"}]}<\/script>\n<!-- \/ Yoast SEO plugin. -->","yoast_head_json":{"title":"La formazione continua aumenta la competitivit\u00e0 - Organizzatore","description":"La formazione continua aumenta le opportunit\u00e0 sul mercato del lavoro. Ma la formazione continua porta anche i dipendenti a sfruttare al meglio il loro potenziale?","robots":{"index":"index","follow":"follow","max-snippet":"max-snippet:-1","max-image-preview":"max-image-preview:large","max-video-preview":"max-video-preview:-1"},"canonical":"https:\/\/www.organisator.ch\/it\/risorse-umane\/hrm\/2017-11-22\/weiterbildung-steigert-die-wettbewerbsfaehigkeit\/","og_locale":"it_IT","og_type":"article","og_title":"Weiterbildung steigert die Wettbewerbsf\u00e4higkeit","og_description":"#Weiterbildungen erh\u00f6hen die Chancen auf dem #Arbeitsmarkt. Doch f\u00fchrt Weiterbildung auch dazu, dass Arbeitnehmende ihr Potenzial optimal aussch\u00f6pfen k\u00f6nnen?","og_url":"https:\/\/www.organisator.ch\/it\/risorse-umane\/hrm\/2017-11-22\/weiterbildung-steigert-die-wettbewerbsfaehigkeit\/","og_site_name":"Organisator","article_publisher":"https:\/\/www.facebook.com\/OrganisatorFachmagazin","article_published_time":"2017-11-22T06:27:37+00:00","og_image":[{"width":640,"height":427,"url":"https:\/\/www.organisator.ch\/wp-content\/uploads\/2017\/11\/Weiterbildung-steigert-die-Wettbewerbsfaehigkeit_Organisator.jpg","type":"image\/jpeg"}],"author":"thomas.berner","twitter_card":"summary_large_image","twitter_title":"#Weiterbildung steigert die #Wettbewerbsf\u00e4higkeit","twitter_description":"#Weiterbildungen erh\u00f6hen die Chancen auf dem #Arbeitsmarkt. Doch f\u00fchrt Weiterbildung auch dazu, dass Arbeitnehmende ihr Potenzial optimal aussch\u00f6pfen k\u00f6nnen?","twitter_image":"https:\/\/www.organisator.ch\/wp-content\/uploads\/2017\/11\/Weiterbildung-steigert-die-Wettbewerbsf\u00e4higkeit_Organisator.jpg","schema":{"@context":"https:\/\/schema.org","@graph":[{"@type":"Article","@id":"https:\/\/www.organisator.ch\/human-resources\/hrm\/2017-11-22\/weiterbildung-steigert-die-wettbewerbsfaehigkeit\/#article","isPartOf":{"@id":"https:\/\/www.organisator.ch\/human-resources\/hrm\/2017-11-22\/weiterbildung-steigert-die-wettbewerbsfaehigkeit\/"},"author":{"name":"thomas.berner","@id":"https:\/\/www.organisator.ch\/#\/schema\/person\/6f650f90b2842cd4c0cc334b4e36f67e"},"headline":"Weiterbildung steigert die Wettbewerbsf\u00e4higkeit","datePublished":"2017-11-22T06:27:37+00:00","mainEntityOfPage":{"@id":"https:\/\/www.organisator.ch\/human-resources\/hrm\/2017-11-22\/weiterbildung-steigert-die-wettbewerbsfaehigkeit\/"},"wordCount":265,"commentCount":0,"publisher":{"@id":"https:\/\/www.organisator.ch\/#organization"},"image":{"@id":"https:\/\/www.organisator.ch\/human-resources\/hrm\/2017-11-22\/weiterbildung-steigert-die-wettbewerbsfaehigkeit\/#primaryimage"},"thumbnailUrl":"https:\/\/www.organisator.ch\/wp-content\/uploads\/2017\/11\/Weiterbildung-steigert-die-Wettbewerbsfaehigkeit_Organisator.jpg","keywords":["Aus-\/Weiterbildung","HRM","Karriere","Studie"],"articleSection":["HRM"],"inLanguage":"it-IT"},{"@type":"WebPage","@id":"https:\/\/www.organisator.ch\/human-resources\/hrm\/2017-11-22\/weiterbildung-steigert-die-wettbewerbsfaehigkeit\/","url":"https:\/\/www.organisator.ch\/human-resources\/hrm\/2017-11-22\/weiterbildung-steigert-die-wettbewerbsfaehigkeit\/","name":"La formazione continua aumenta la competitivit\u00e0 - Organizzatore","isPartOf":{"@id":"https:\/\/www.organisator.ch\/#website"},"primaryImageOfPage":{"@id":"https:\/\/www.organisator.ch\/human-resources\/hrm\/2017-11-22\/weiterbildung-steigert-die-wettbewerbsfaehigkeit\/#primaryimage"},"image":{"@id":"https:\/\/www.organisator.ch\/human-resources\/hrm\/2017-11-22\/weiterbildung-steigert-die-wettbewerbsfaehigkeit\/#primaryimage"},"thumbnailUrl":"https:\/\/www.organisator.ch\/wp-content\/uploads\/2017\/11\/Weiterbildung-steigert-die-Wettbewerbsfaehigkeit_Organisator.jpg","datePublished":"2017-11-22T06:27:37+00:00","description":"La formazione continua aumenta le opportunit\u00e0 sul mercato del lavoro. Ma la formazione continua porta anche i dipendenti a sfruttare al meglio il loro potenziale?","breadcrumb":{"@id":"https:\/\/www.organisator.ch\/human-resources\/hrm\/2017-11-22\/weiterbildung-steigert-die-wettbewerbsfaehigkeit\/#breadcrumb"},"inLanguage":"it-IT","potentialAction":[{"@type":"ReadAction","target":["https:\/\/www.organisator.ch\/human-resources\/hrm\/2017-11-22\/weiterbildung-steigert-die-wettbewerbsfaehigkeit\/"]}]},{"@type":"ImageObject","inLanguage":"it-IT","@id":"https:\/\/www.organisator.ch\/human-resources\/hrm\/2017-11-22\/weiterbildung-steigert-die-wettbewerbsfaehigkeit\/#primaryimage","url":"https:\/\/www.organisator.ch\/wp-content\/uploads\/2017\/11\/Weiterbildung-steigert-die-Wettbewerbsfaehigkeit_Organisator.jpg","contentUrl":"https:\/\/www.organisator.ch\/wp-content\/uploads\/2017\/11\/Weiterbildung-steigert-die-Wettbewerbsfaehigkeit_Organisator.jpg","width":640,"height":427,"caption":"Die Schweizer sind sich einig, dass Weiterbildung wichtig und jeder daf\u00fcr selbst verantwortlich ist. Eine Mehrheit ist sogar bereit, Weiterbildung aus der eigenen Tasche zu bezahlen. (Bild: Fotolia.com)"},{"@type":"BreadcrumbList","@id":"https:\/\/www.organisator.ch\/human-resources\/hrm\/2017-11-22\/weiterbildung-steigert-die-wettbewerbsfaehigkeit\/#breadcrumb","itemListElement":[{"@type":"ListItem","position":1,"name":"Home","item":"https:\/\/www.organisator.ch\/"},{"@type":"ListItem","position":2,"name":"Weiterbildung steigert die Wettbewerbsf\u00e4higkeit"}]},{"@type":"WebSite","@id":"https:\/\/www.organisator.ch\/#website","url":"https:\/\/www.organisator.ch\/","name":"Organizzatore","description":"Competente. Pratico. In 10 numeri all'anno, ORGANISATOR presenta i temi essenziali per i manager delle PMI.","publisher":{"@id":"https:\/\/www.organisator.ch\/#organization"},"potentialAction":[{"@type":"SearchAction","target":{"@type":"EntryPoint","urlTemplate":"https:\/\/www.organisator.ch\/?s={search_term_string}"},"query-input":{"@type":"PropertyValueSpecification","valueRequired":true,"valueName":"search_term_string"}}],"inLanguage":"it-IT"},{"@type":"Organization","@id":"https:\/\/www.organisator.ch\/#organization","name":"Organizzatore","url":"https:\/\/www.organisator.ch\/","logo":{"@type":"ImageObject","inLanguage":"it-IT","@id":"https:\/\/www.organisator.ch\/#\/schema\/logo\/image\/","url":"https:\/\/www.organisator.ch\/wp-content\/uploads\/2022\/01\/Logo_Organisator_Website.png","contentUrl":"https:\/\/www.organisator.ch\/wp-content\/uploads\/2022\/01\/Logo_Organisator_Website.png","width":800,"height":77,"caption":"Organisator"},"image":{"@id":"https:\/\/www.organisator.ch\/#\/schema\/logo\/image\/"},"sameAs":["https:\/\/www.facebook.com\/OrganisatorFachmagazin","https:\/\/www.linkedin.com\/showcase\/organisator-das-magazin-fr-kmu","https:\/\/www.xing.com\/news\/pages\/organisator-ch-695","https:\/\/www.youtube.com\/channel\/UCGP2Sq0iWaZwT3BdIAQFYpw"]},{"@type":"Person","@id":"https:\/\/www.organisator.ch\/#\/schema\/person\/6f650f90b2842cd4c0cc334b4e36f67e","name":"Tommaso.berner","image":{"@type":"ImageObject","inLanguage":"it-IT","@id":"https:\/\/secure.gravatar.com\/avatar\/ac5001d2a36cb6c6cd3e50789007ffca834b477b74a2144564522e944eabff61?s=96&d=mm&r=g","url":"https:\/\/secure.gravatar.com\/avatar\/ac5001d2a36cb6c6cd3e50789007ffca834b477b74a2144564522e944eabff61?s=96&d=mm&r=g","contentUrl":"https:\/\/secure.gravatar.com\/avatar\/ac5001d2a36cb6c6cd3e50789007ffca834b477b74a2144564522e944eabff61?s=96&d=mm&r=g","caption":"thomas.berner"},"url":"https:\/\/www.organisator.ch\/it\/author\/thomas-berner\/"}]}},"_links":{"self":[{"href":"https:\/\/www.organisator.ch\/it\/wp-json\/wp\/v2\/posts\/2751","targetHints":{"allow":["GET"]}}],"collection":[{"href":"https:\/\/www.organisator.ch\/it\/wp-json\/wp\/v2\/posts"}],"about":[{"href":"https:\/\/www.organisator.ch\/it\/wp-json\/wp\/v2\/types\/post"}],"author":[{"embeddable":true,"href":"https:\/\/www.organisator.ch\/it\/wp-json\/wp\/v2\/users\/4"}],"replies":[{"embeddable":true,"href":"https:\/\/www.organisator.ch\/it\/wp-json\/wp\/v2\/comments?post=2751"}],"version-history":[{"count":0,"href":"https:\/\/www.organisator.ch\/it\/wp-json\/wp\/v2\/posts\/2751\/revisions"}],"wp:featuredmedia":[{"embeddable":true,"href":"https:\/\/www.organisator.ch\/it\/wp-json\/wp\/v2\/media\/2752"}],"wp:attachment":[{"href":"https:\/\/www.organisator.ch\/it\/wp-json\/wp\/v2\/media?parent=2751"}],"wp:term":[{"taxonomy":"category","embeddable":true,"href":"https:\/\/www.organisator.ch\/it\/wp-json\/wp\/v2\/categories?post=2751"},{"taxonomy":"post_tag","embeddable":true,"href":"https:\/\/www.organisator.ch\/it\/wp-json\/wp\/v2\/tags?post=2751"}],"curies":[{"name":"wp","href":"https:\/\/api.w.org\/{rel}","templated":true}]}}