{"id":27523,"date":"2024-06-09T13:40:12","date_gmt":"2024-06-09T11:40:12","guid":{"rendered":"https:\/\/www.werbewoche.ch\/?p=216246"},"modified":"2024-11-11T04:28:40","modified_gmt":"2024-11-11T03:28:40","slug":"marken-brauchen-flexiblere-schnittstellen-an-der-kreative-menschen-leichter-andocken-koennen","status":"publish","type":"post","link":"https:\/\/www.organisator.ch\/it\/marketing\/2024-06-09\/marken-brauchen-flexiblere-schnittstellen-an-der-kreative-menschen-leichter-andocken-koennen\/","title":{"rendered":"\"I brand hanno bisogno di interfacce pi\u00f9 flessibili, dove i creativi possano agganciarsi pi\u00f9 facilmente\"."},"content":{"rendered":"<figure id=\"attachment_216247\" class=\"wp-caption aligncenter\" style=\"width: 1200px\" aria-describedby=\"caption-attachment-216247\"><img class=\"aligncenter wp-image-216247 size-full\" src=\"https:\/\/www.werbewoche.ch\/wp-content\/uploads\/2024\/06\/Goetz-Ulmer-Markenkongress.jpg\" alt=\"Goetz Ulmer\" width=\"1200\" height=\"900\" \/>\r\n<figcaption id=\"caption-attachment-216247\" class=\"wp-caption-text\">(Foto: zVg. G\u00f6tz Ulmer)<\/figcaption>\r\n<\/figure>\r\n<p><strong>G\u00f6tz Ulmer, lei dice che se si crede nel pensiero fuori dagli schemi, si \u00e8 gi\u00e0 perso. Cosa intende esattamente e come potrebbe essere un approccio migliore?<\/strong><\/p>\r\n<p><strong>G\u00f6tz Ulmer:<\/strong> \"Il pensiero fuori dagli schemi \u00e8 di solito utilizzato da persone abituate a selezionare le caselle giuste invece di non farlo. Non servono workshop, presentazioni o formazione di pacchetti e, soprattutto, non serve un approccio lineare e logico. Non fare i conti con le caselle giuste, in senso positivo, non solo richiede coraggio, ma \u00e8 il prerequisito fondamentale per qualcosa di veramente nuovo.<\/p>\r\n<p>&nbsp;<\/p>\r\n<p><strong>Cosa ne pensa dell'intelligenza artificiale?<\/strong><\/p>\r\n<p>In futuro, la mediocrit\u00e0 creativa sar\u00e0 completamente sostituita dall'IA. Allo stesso tempo, diventer\u00e0 uno strumento ancora pi\u00f9 prezioso per accelerare i processi, promuovere idee stimolanti e mettere a tacere la paura dello schermo bianco. Tuttavia, non sar\u00e0 mai in grado di sostituire la creazione all'avanguardia, poich\u00e9 questa non \u00e8 stata formata dal precedente bacino di conoscenze dell'umanit\u00e0, ma \u00e8 sempre nuova e unica.<\/p>\r\n<p>&nbsp;<\/p>\r\n<p><strong>Lei consiglia alle persone di diffidare di qualsiasi idea che ritengono davvero valida. Perch\u00e9 \u00e8 cos\u00ec?<\/strong><\/p>\r\n<p>Con poche eccezioni, raramente la prima idea \u00e8 buona. Le prime idee devono semplicemente uscire per prime. A un certo punto, lasciano spazio a quelle buone, a quelle speciali, a quelle che sono state coltivate inconsciamente per molto tempo. Tra l'altro, le idee migliori sono anche quelle che non vengono richieste. Questo \u00e8 in linea con l'esperienza di musicisti che hanno scritto hit mondiali in cinque minuti. Spesso \u00e8 l'idea a cercare il creativo e non il contrario. Purtroppo, questo non rende le cose pi\u00f9 facili.<\/p>\r\n<p>&nbsp;<\/p>\r\n<p><strong>Quali sono le fonti o i metodi che utilizzate per avere sempre idee nuove e insolite e per stimolare la vostra creativit\u00e0?<\/strong><\/p>\r\n<p>Input, input, input. Musei, podcast, letteratura da premio Pulitzer, stupidi Snapchat, fotografie in argento, giochi indie, fumetti, video di reazione, film d'essai, musica di tutti i tipi... mi immergo in tutto questo. A un certo punto, la cosa si ripaga e il mio cervello tira fuori qualcosa di adatto.<\/p>\r\n<p>&nbsp;<\/p>\r\n<p><strong>Lei ha ricoperto posizioni di rilievo presso Jung von Matt e McCann e ora lavora presso David+Martin. Come \u00e8 cambiato il suo approccio personale alla creativit\u00e0 in questo periodo?<\/strong><\/p>\r\n<p>In realt\u00e0, \u00e8 sempre rimasta la stessa. Mi piace avere idee audaci o essere presente quando nascono. Sperimentare i limiti. \u00c8 una droga meravigliosa. Con David + Martin ho finalmente incontrato di nuovo un gruppo folle di persone che la pensano come me.<\/p>\r\n<p>&nbsp;<\/p>\r\n<p><strong>Quali strategie consiglierebbe ai marchi per mantenere e rafforzare la loro capacit\u00e0 di innovare?<\/strong><\/p>\r\n<p>Sarebbe opportuno che i marchi creassero un'interfaccia pi\u00f9 flessibile in cui i creativi possano agganciarsi pi\u00f9 facilmente al loro sistema. Spesso le strutture aziendali non sono abbastanza flessibili da sopportare i disadattati. Ma dovrebbero. In questo modo non \u00e8 necessario organizzare workshop sul pensiero fuori dagli schemi.<\/p>\r\n<p>&nbsp;<\/p>\r\n<p><strong>Dove vede l'industria creativa tra cinque o dieci anni? Quali cambiamenti si aspetta?<\/strong><\/p>\r\n<p>Per i creativi non far\u00e0 pi\u00f9 differenza essere influencer, creatori o \"pubblicitari\". Saranno in grado di giocare senza sforzo in tutti i canali. I confini tra le discipline si confonderanno. Proprio come le strutture rigide. Saranno pi\u00f9 simili a collettivi estremamente flessibili che ad aziende organizzate.<\/p>\r\n<hr \/>\r\n<p><em>G\u00f6tz Ulmer parla di <a href=\"https:\/\/www.marken-kongress.ch\/\">Congresso del marchio svizzero<\/a> alle 14:05 sul tema \"Il potere del diverso - nonostante o proprio grazie all'IA\".<\/em><\/p>","protected":false},"excerpt":{"rendered":"<p>G\u00f6tz Ulmer di David+Martin interverr\u00e0 mercoled\u00ec allo Swiss Brand Congress. In un'intervista in anteprima, ci spiega perch\u00e9 il \"pensiero fuori dagli schemi\" spesso fallisce e come si creano le vere innovazioni.<\/p>","protected":false},"author":8,"featured_media":0,"comment_status":"closed","ping_status":"closed","sticky":false,"template":"","format":"standard","meta":{"_acf_changed":false,"_yoast_wpseo_focuskw":"G\u00f6tz Ulmer","_yoast_wpseo_metadesc":"G\u00f6tz Ulmer \u00fcber Kreativstrategie: Mut statt \u00abOutside-the-box-Thinking\u00bb, KI als Tool, Misstrauen gegen\u00fcber ersten Ideen.","articlekey":"","footnotes":""},"categories":[29],"tags":[2617,2817],"class_list":["post-27523","post","type-post","status-publish","format-standard","hentry","category-marketing","tag-marken","tag-schweizer-markenkongress"],"acf":[],"yoast_head":"<!-- This site is optimized with the Yoast SEO plugin v27.4 - https:\/\/yoast.com\/product\/yoast-seo-wordpress\/ -->\n<title>\u00abMarken brauchen flexiblere Schnittstellen, an der kreative Menschen leichter andocken k\u00f6nnen\u00bb - Organisator<\/title>\n<meta name=\"description\" content=\"G\u00f6tz Ulmer \u00fcber Kreativstrategie: Mut statt \u00abOutside-the-box-Thinking\u00bb, KI als Tool, Misstrauen gegen\u00fcber ersten Ideen.\" \/>\n<meta name=\"robots\" content=\"index, follow, max-snippet:-1, max-image-preview:large, max-video-preview:-1\" \/>\n<link rel=\"canonical\" href=\"https:\/\/www.organisator.ch\/it\/marketing\/2024-06-09\/marken-brauchen-flexiblere-schnittstellen-an-der-kreative-menschen-leichter-andocken-koennen\/\" \/>\n<meta property=\"og:locale\" content=\"it_IT\" \/>\n<meta property=\"og:type\" content=\"article\" \/>\n<meta property=\"og:title\" content=\"\u00abMarken brauchen flexiblere Schnittstellen, an der kreative Menschen leichter andocken k\u00f6nnen\u00bb - Organisator\" \/>\n<meta property=\"og:description\" content=\"G\u00f6tz Ulmer \u00fcber Kreativstrategie: Mut statt \u00abOutside-the-box-Thinking\u00bb, KI als Tool, Misstrauen gegen\u00fcber ersten Ideen.\" \/>\n<meta property=\"og:url\" content=\"https:\/\/www.organisator.ch\/it\/marketing\/2024-06-09\/marken-brauchen-flexiblere-schnittstellen-an-der-kreative-menschen-leichter-andocken-koennen\/\" \/>\n<meta property=\"og:site_name\" content=\"Organisator\" \/>\n<meta property=\"article:publisher\" content=\"https:\/\/www.facebook.com\/OrganisatorFachmagazin\" \/>\n<meta property=\"article:published_time\" content=\"2024-06-09T11:40:12+00:00\" \/>\n<meta property=\"article:modified_time\" content=\"2024-11-11T03:28:40+00:00\" \/>\n<meta property=\"og:image\" content=\"https:\/\/www.werbewoche.ch\/wp-content\/uploads\/2024\/06\/Goetz-Ulmer-Markenkongress.jpg\" \/>\n<meta name=\"author\" content=\"galledia\" \/>\n<meta name=\"twitter:card\" content=\"summary_large_image\" \/>\n<meta name=\"twitter:creator\" content=\"@admin\" \/>\n<script type=\"application\/ld+json\" class=\"yoast-schema-graph\">{\"@context\":\"https:\\\/\\\/schema.org\",\"@graph\":[{\"@type\":\"Article\",\"@id\":\"https:\\\/\\\/www.organisator.ch\\\/marketing\\\/2024-06-09\\\/marken-brauchen-flexiblere-schnittstellen-an-der-kreative-menschen-leichter-andocken-koennen\\\/#article\",\"isPartOf\":{\"@id\":\"https:\\\/\\\/www.organisator.ch\\\/marketing\\\/2024-06-09\\\/marken-brauchen-flexiblere-schnittstellen-an-der-kreative-menschen-leichter-andocken-koennen\\\/\"},\"author\":{\"name\":\"galledia\",\"@id\":\"https:\\\/\\\/www.organisator.ch\\\/#\\\/schema\\\/person\\\/4e51799071cd2dd1232ac003643ef5f0\"},\"headline\":\"\u00abMarken brauchen flexiblere Schnittstellen, an der kreative Menschen leichter andocken k\u00f6nnen\u00bb\",\"datePublished\":\"2024-06-09T11:40:12+00:00\",\"dateModified\":\"2024-11-11T03:28:40+00:00\",\"mainEntityOfPage\":{\"@id\":\"https:\\\/\\\/www.organisator.ch\\\/marketing\\\/2024-06-09\\\/marken-brauchen-flexiblere-schnittstellen-an-der-kreative-menschen-leichter-andocken-koennen\\\/\"},\"wordCount\":543,\"publisher\":{\"@id\":\"https:\\\/\\\/www.organisator.ch\\\/#organization\"},\"image\":{\"@id\":\"https:\\\/\\\/www.organisator.ch\\\/marketing\\\/2024-06-09\\\/marken-brauchen-flexiblere-schnittstellen-an-der-kreative-menschen-leichter-andocken-koennen\\\/#primaryimage\"},\"thumbnailUrl\":\"https:\\\/\\\/www.werbewoche.ch\\\/wp-content\\\/uploads\\\/2024\\\/06\\\/Goetz-Ulmer-Markenkongress.jpg\",\"keywords\":[\"Marken\",\"Schweizer Markenkongress\"],\"articleSection\":[\"MARKETING\"],\"inLanguage\":\"it-IT\"},{\"@type\":\"WebPage\",\"@id\":\"https:\\\/\\\/www.organisator.ch\\\/marketing\\\/2024-06-09\\\/marken-brauchen-flexiblere-schnittstellen-an-der-kreative-menschen-leichter-andocken-koennen\\\/\",\"url\":\"https:\\\/\\\/www.organisator.ch\\\/marketing\\\/2024-06-09\\\/marken-brauchen-flexiblere-schnittstellen-an-der-kreative-menschen-leichter-andocken-koennen\\\/\",\"name\":\"\u00abMarken brauchen flexiblere Schnittstellen, an der kreative Menschen leichter andocken k\u00f6nnen\u00bb - Organisator\",\"isPartOf\":{\"@id\":\"https:\\\/\\\/www.organisator.ch\\\/#website\"},\"primaryImageOfPage\":{\"@id\":\"https:\\\/\\\/www.organisator.ch\\\/marketing\\\/2024-06-09\\\/marken-brauchen-flexiblere-schnittstellen-an-der-kreative-menschen-leichter-andocken-koennen\\\/#primaryimage\"},\"image\":{\"@id\":\"https:\\\/\\\/www.organisator.ch\\\/marketing\\\/2024-06-09\\\/marken-brauchen-flexiblere-schnittstellen-an-der-kreative-menschen-leichter-andocken-koennen\\\/#primaryimage\"},\"thumbnailUrl\":\"https:\\\/\\\/www.werbewoche.ch\\\/wp-content\\\/uploads\\\/2024\\\/06\\\/Goetz-Ulmer-Markenkongress.jpg\",\"datePublished\":\"2024-06-09T11:40:12+00:00\",\"dateModified\":\"2024-11-11T03:28:40+00:00\",\"description\":\"G\u00f6tz Ulmer \u00fcber Kreativstrategie: Mut statt \u00abOutside-the-box-Thinking\u00bb, KI als Tool, Misstrauen gegen\u00fcber ersten Ideen.\",\"breadcrumb\":{\"@id\":\"https:\\\/\\\/www.organisator.ch\\\/marketing\\\/2024-06-09\\\/marken-brauchen-flexiblere-schnittstellen-an-der-kreative-menschen-leichter-andocken-koennen\\\/#breadcrumb\"},\"inLanguage\":\"it-IT\",\"potentialAction\":[{\"@type\":\"ReadAction\",\"target\":[\"https:\\\/\\\/www.organisator.ch\\\/marketing\\\/2024-06-09\\\/marken-brauchen-flexiblere-schnittstellen-an-der-kreative-menschen-leichter-andocken-koennen\\\/\"]}]},{\"@type\":\"ImageObject\",\"inLanguage\":\"it-IT\",\"@id\":\"https:\\\/\\\/www.organisator.ch\\\/marketing\\\/2024-06-09\\\/marken-brauchen-flexiblere-schnittstellen-an-der-kreative-menschen-leichter-andocken-koennen\\\/#primaryimage\",\"url\":\"https:\\\/\\\/www.werbewoche.ch\\\/wp-content\\\/uploads\\\/2024\\\/06\\\/Goetz-Ulmer-Markenkongress.jpg\",\"contentUrl\":\"https:\\\/\\\/www.werbewoche.ch\\\/wp-content\\\/uploads\\\/2024\\\/06\\\/Goetz-Ulmer-Markenkongress.jpg\"},{\"@type\":\"BreadcrumbList\",\"@id\":\"https:\\\/\\\/www.organisator.ch\\\/marketing\\\/2024-06-09\\\/marken-brauchen-flexiblere-schnittstellen-an-der-kreative-menschen-leichter-andocken-koennen\\\/#breadcrumb\",\"itemListElement\":[{\"@type\":\"ListItem\",\"position\":1,\"name\":\"Home\",\"item\":\"https:\\\/\\\/www.organisator.ch\\\/\"},{\"@type\":\"ListItem\",\"position\":2,\"name\":\"\u00abMarken brauchen flexiblere Schnittstellen, an der kreative Menschen leichter andocken k\u00f6nnen\u00bb\"}]},{\"@type\":\"WebSite\",\"@id\":\"https:\\\/\\\/www.organisator.ch\\\/#website\",\"url\":\"https:\\\/\\\/www.organisator.ch\\\/\",\"name\":\"Organisator\",\"description\":\"Kompetent. Praxisnah. Der ORGANISATOR bereitet in 10 Ausgaben pro Jahr die wesentlichen Themen f\u00fcr F\u00fchrungskr\u00e4fte von KMU auf.\",\"publisher\":{\"@id\":\"https:\\\/\\\/www.organisator.ch\\\/#organization\"},\"potentialAction\":[{\"@type\":\"SearchAction\",\"target\":{\"@type\":\"EntryPoint\",\"urlTemplate\":\"https:\\\/\\\/www.organisator.ch\\\/?s={search_term_string}\"},\"query-input\":{\"@type\":\"PropertyValueSpecification\",\"valueRequired\":true,\"valueName\":\"search_term_string\"}}],\"inLanguage\":\"it-IT\"},{\"@type\":\"Organization\",\"@id\":\"https:\\\/\\\/www.organisator.ch\\\/#organization\",\"name\":\"Organisator\",\"url\":\"https:\\\/\\\/www.organisator.ch\\\/\",\"logo\":{\"@type\":\"ImageObject\",\"inLanguage\":\"it-IT\",\"@id\":\"https:\\\/\\\/www.organisator.ch\\\/#\\\/schema\\\/logo\\\/image\\\/\",\"url\":\"https:\\\/\\\/www.organisator.ch\\\/wp-content\\\/uploads\\\/2022\\\/01\\\/Logo_Organisator_Website.png\",\"contentUrl\":\"https:\\\/\\\/www.organisator.ch\\\/wp-content\\\/uploads\\\/2022\\\/01\\\/Logo_Organisator_Website.png\",\"width\":800,\"height\":77,\"caption\":\"Organisator\"},\"image\":{\"@id\":\"https:\\\/\\\/www.organisator.ch\\\/#\\\/schema\\\/logo\\\/image\\\/\"},\"sameAs\":[\"https:\\\/\\\/www.facebook.com\\\/OrganisatorFachmagazin\",\"https:\\\/\\\/www.linkedin.com\\\/showcase\\\/organisator-das-magazin-fr-kmu\",\"https:\\\/\\\/www.xing.com\\\/news\\\/pages\\\/organisator-ch-695\",\"https:\\\/\\\/www.youtube.com\\\/channel\\\/UCGP2Sq0iWaZwT3BdIAQFYpw\"]},{\"@type\":\"Person\",\"@id\":\"https:\\\/\\\/www.organisator.ch\\\/#\\\/schema\\\/person\\\/4e51799071cd2dd1232ac003643ef5f0\",\"name\":\"galledia\",\"image\":{\"@type\":\"ImageObject\",\"inLanguage\":\"it-IT\",\"@id\":\"https:\\\/\\\/secure.gravatar.com\\\/avatar\\\/78a7f90c01fc2bfc875782a0d4922b37cde2cf184ce347b91316d23cd7f69a36?s=96&d=mm&r=g\",\"url\":\"https:\\\/\\\/secure.gravatar.com\\\/avatar\\\/78a7f90c01fc2bfc875782a0d4922b37cde2cf184ce347b91316d23cd7f69a36?s=96&d=mm&r=g\",\"contentUrl\":\"https:\\\/\\\/secure.gravatar.com\\\/avatar\\\/78a7f90c01fc2bfc875782a0d4922b37cde2cf184ce347b91316d23cd7f69a36?s=96&d=mm&r=g\",\"caption\":\"galledia\"},\"sameAs\":[\"https:\\\/\\\/x.com\\\/admin\"],\"url\":\"https:\\\/\\\/www.organisator.ch\\\/it\\\/author\\\/galledia\\\/\"}]}<\/script>\n<!-- \/ Yoast SEO plugin. -->","yoast_head_json":{"title":"\"I brand hanno bisogno di interfacce pi\u00f9 flessibili in cui i creativi possano agganciarsi pi\u00f9 facilmente\" - Organizzatore","description":"G\u00f6tz Ulmer sulla strategia creativa: coraggio invece di pensare fuori dagli schemi, IA come strumento, diffidenza verso le idee iniziali.","robots":{"index":"index","follow":"follow","max-snippet":"max-snippet:-1","max-image-preview":"max-image-preview:large","max-video-preview":"max-video-preview:-1"},"canonical":"https:\/\/www.organisator.ch\/it\/marketing\/2024-06-09\/marken-brauchen-flexiblere-schnittstellen-an-der-kreative-menschen-leichter-andocken-koennen\/","og_locale":"it_IT","og_type":"article","og_title":"\u00abMarken brauchen flexiblere Schnittstellen, an der kreative Menschen leichter andocken k\u00f6nnen\u00bb - Organisator","og_description":"G\u00f6tz Ulmer \u00fcber Kreativstrategie: Mut statt \u00abOutside-the-box-Thinking\u00bb, KI als Tool, Misstrauen gegen\u00fcber ersten Ideen.","og_url":"https:\/\/www.organisator.ch\/it\/marketing\/2024-06-09\/marken-brauchen-flexiblere-schnittstellen-an-der-kreative-menschen-leichter-andocken-koennen\/","og_site_name":"Organisator","article_publisher":"https:\/\/www.facebook.com\/OrganisatorFachmagazin","article_published_time":"2024-06-09T11:40:12+00:00","article_modified_time":"2024-11-11T03:28:40+00:00","og_image":[{"url":"https:\/\/www.werbewoche.ch\/wp-content\/uploads\/2024\/06\/Goetz-Ulmer-Markenkongress.jpg","type":"","width":"","height":""}],"author":"galledia","twitter_card":"summary_large_image","twitter_creator":"@admin","schema":{"@context":"https:\/\/schema.org","@graph":[{"@type":"Article","@id":"https:\/\/www.organisator.ch\/marketing\/2024-06-09\/marken-brauchen-flexiblere-schnittstellen-an-der-kreative-menschen-leichter-andocken-koennen\/#article","isPartOf":{"@id":"https:\/\/www.organisator.ch\/marketing\/2024-06-09\/marken-brauchen-flexiblere-schnittstellen-an-der-kreative-menschen-leichter-andocken-koennen\/"},"author":{"name":"galledia","@id":"https:\/\/www.organisator.ch\/#\/schema\/person\/4e51799071cd2dd1232ac003643ef5f0"},"headline":"\u00abMarken brauchen flexiblere Schnittstellen, an der kreative Menschen leichter andocken k\u00f6nnen\u00bb","datePublished":"2024-06-09T11:40:12+00:00","dateModified":"2024-11-11T03:28:40+00:00","mainEntityOfPage":{"@id":"https:\/\/www.organisator.ch\/marketing\/2024-06-09\/marken-brauchen-flexiblere-schnittstellen-an-der-kreative-menschen-leichter-andocken-koennen\/"},"wordCount":543,"publisher":{"@id":"https:\/\/www.organisator.ch\/#organization"},"image":{"@id":"https:\/\/www.organisator.ch\/marketing\/2024-06-09\/marken-brauchen-flexiblere-schnittstellen-an-der-kreative-menschen-leichter-andocken-koennen\/#primaryimage"},"thumbnailUrl":"https:\/\/www.werbewoche.ch\/wp-content\/uploads\/2024\/06\/Goetz-Ulmer-Markenkongress.jpg","keywords":["Marken","Schweizer Markenkongress"],"articleSection":["MARKETING"],"inLanguage":"it-IT"},{"@type":"WebPage","@id":"https:\/\/www.organisator.ch\/marketing\/2024-06-09\/marken-brauchen-flexiblere-schnittstellen-an-der-kreative-menschen-leichter-andocken-koennen\/","url":"https:\/\/www.organisator.ch\/marketing\/2024-06-09\/marken-brauchen-flexiblere-schnittstellen-an-der-kreative-menschen-leichter-andocken-koennen\/","name":"\"I brand hanno bisogno di interfacce pi\u00f9 flessibili in cui i creativi possano agganciarsi pi\u00f9 facilmente\" - Organizzatore","isPartOf":{"@id":"https:\/\/www.organisator.ch\/#website"},"primaryImageOfPage":{"@id":"https:\/\/www.organisator.ch\/marketing\/2024-06-09\/marken-brauchen-flexiblere-schnittstellen-an-der-kreative-menschen-leichter-andocken-koennen\/#primaryimage"},"image":{"@id":"https:\/\/www.organisator.ch\/marketing\/2024-06-09\/marken-brauchen-flexiblere-schnittstellen-an-der-kreative-menschen-leichter-andocken-koennen\/#primaryimage"},"thumbnailUrl":"https:\/\/www.werbewoche.ch\/wp-content\/uploads\/2024\/06\/Goetz-Ulmer-Markenkongress.jpg","datePublished":"2024-06-09T11:40:12+00:00","dateModified":"2024-11-11T03:28:40+00:00","description":"G\u00f6tz Ulmer sulla strategia creativa: coraggio invece di pensare fuori dagli schemi, IA come strumento, diffidenza verso le idee iniziali.","breadcrumb":{"@id":"https:\/\/www.organisator.ch\/marketing\/2024-06-09\/marken-brauchen-flexiblere-schnittstellen-an-der-kreative-menschen-leichter-andocken-koennen\/#breadcrumb"},"inLanguage":"it-IT","potentialAction":[{"@type":"ReadAction","target":["https:\/\/www.organisator.ch\/marketing\/2024-06-09\/marken-brauchen-flexiblere-schnittstellen-an-der-kreative-menschen-leichter-andocken-koennen\/"]}]},{"@type":"ImageObject","inLanguage":"it-IT","@id":"https:\/\/www.organisator.ch\/marketing\/2024-06-09\/marken-brauchen-flexiblere-schnittstellen-an-der-kreative-menschen-leichter-andocken-koennen\/#primaryimage","url":"https:\/\/www.werbewoche.ch\/wp-content\/uploads\/2024\/06\/Goetz-Ulmer-Markenkongress.jpg","contentUrl":"https:\/\/www.werbewoche.ch\/wp-content\/uploads\/2024\/06\/Goetz-Ulmer-Markenkongress.jpg"},{"@type":"BreadcrumbList","@id":"https:\/\/www.organisator.ch\/marketing\/2024-06-09\/marken-brauchen-flexiblere-schnittstellen-an-der-kreative-menschen-leichter-andocken-koennen\/#breadcrumb","itemListElement":[{"@type":"ListItem","position":1,"name":"Home","item":"https:\/\/www.organisator.ch\/"},{"@type":"ListItem","position":2,"name":"\u00abMarken brauchen flexiblere Schnittstellen, an der kreative Menschen leichter andocken k\u00f6nnen\u00bb"}]},{"@type":"WebSite","@id":"https:\/\/www.organisator.ch\/#website","url":"https:\/\/www.organisator.ch\/","name":"Organizzatore","description":"Competente. Pratico. In 10 numeri all'anno, ORGANISATOR presenta i temi essenziali per i manager delle PMI.","publisher":{"@id":"https:\/\/www.organisator.ch\/#organization"},"potentialAction":[{"@type":"SearchAction","target":{"@type":"EntryPoint","urlTemplate":"https:\/\/www.organisator.ch\/?s={search_term_string}"},"query-input":{"@type":"PropertyValueSpecification","valueRequired":true,"valueName":"search_term_string"}}],"inLanguage":"it-IT"},{"@type":"Organization","@id":"https:\/\/www.organisator.ch\/#organization","name":"Organizzatore","url":"https:\/\/www.organisator.ch\/","logo":{"@type":"ImageObject","inLanguage":"it-IT","@id":"https:\/\/www.organisator.ch\/#\/schema\/logo\/image\/","url":"https:\/\/www.organisator.ch\/wp-content\/uploads\/2022\/01\/Logo_Organisator_Website.png","contentUrl":"https:\/\/www.organisator.ch\/wp-content\/uploads\/2022\/01\/Logo_Organisator_Website.png","width":800,"height":77,"caption":"Organisator"},"image":{"@id":"https:\/\/www.organisator.ch\/#\/schema\/logo\/image\/"},"sameAs":["https:\/\/www.facebook.com\/OrganisatorFachmagazin","https:\/\/www.linkedin.com\/showcase\/organisator-das-magazin-fr-kmu","https:\/\/www.xing.com\/news\/pages\/organisator-ch-695","https:\/\/www.youtube.com\/channel\/UCGP2Sq0iWaZwT3BdIAQFYpw"]},{"@type":"Person","@id":"https:\/\/www.organisator.ch\/#\/schema\/person\/4e51799071cd2dd1232ac003643ef5f0","name":"galledia","image":{"@type":"ImageObject","inLanguage":"it-IT","@id":"https:\/\/secure.gravatar.com\/avatar\/78a7f90c01fc2bfc875782a0d4922b37cde2cf184ce347b91316d23cd7f69a36?s=96&d=mm&r=g","url":"https:\/\/secure.gravatar.com\/avatar\/78a7f90c01fc2bfc875782a0d4922b37cde2cf184ce347b91316d23cd7f69a36?s=96&d=mm&r=g","contentUrl":"https:\/\/secure.gravatar.com\/avatar\/78a7f90c01fc2bfc875782a0d4922b37cde2cf184ce347b91316d23cd7f69a36?s=96&d=mm&r=g","caption":"galledia"},"sameAs":["https:\/\/x.com\/admin"],"url":"https:\/\/www.organisator.ch\/it\/author\/galledia\/"}]}},"_links":{"self":[{"href":"https:\/\/www.organisator.ch\/it\/wp-json\/wp\/v2\/posts\/27523","targetHints":{"allow":["GET"]}}],"collection":[{"href":"https:\/\/www.organisator.ch\/it\/wp-json\/wp\/v2\/posts"}],"about":[{"href":"https:\/\/www.organisator.ch\/it\/wp-json\/wp\/v2\/types\/post"}],"author":[{"embeddable":true,"href":"https:\/\/www.organisator.ch\/it\/wp-json\/wp\/v2\/users\/8"}],"replies":[{"embeddable":true,"href":"https:\/\/www.organisator.ch\/it\/wp-json\/wp\/v2\/comments?post=27523"}],"version-history":[{"count":5,"href":"https:\/\/www.organisator.ch\/it\/wp-json\/wp\/v2\/posts\/27523\/revisions"}],"predecessor-version":[{"id":32210,"href":"https:\/\/www.organisator.ch\/it\/wp-json\/wp\/v2\/posts\/27523\/revisions\/32210"}],"wp:attachment":[{"href":"https:\/\/www.organisator.ch\/it\/wp-json\/wp\/v2\/media?parent=27523"}],"wp:term":[{"taxonomy":"category","embeddable":true,"href":"https:\/\/www.organisator.ch\/it\/wp-json\/wp\/v2\/categories?post=27523"},{"taxonomy":"post_tag","embeddable":true,"href":"https:\/\/www.organisator.ch\/it\/wp-json\/wp\/v2\/tags?post=27523"}],"curies":[{"name":"wp","href":"https:\/\/api.w.org\/{rel}","templated":true}]}}