{"id":27528,"date":"2024-06-10T09:17:07","date_gmt":"2024-06-10T07:17:07","guid":{"rendered":"https:\/\/www.organisator.ch\/?p=27528"},"modified":"2024-06-24T09:10:21","modified_gmt":"2024-06-24T07:10:21","slug":"swiss-economic-forum-sef24-ein-rueckblick","status":"publish","type":"post","link":"https:\/\/www.organisator.ch\/it\/management\/2024-06-10\/swiss-economic-forum-sef24-ein-rueckblick\/","title":{"rendered":"Swiss Economic Forum SEF24: uno sguardo al passato"},"content":{"rendered":"<figure id=\"attachment_27529\" aria-describedby=\"caption-attachment-27529\" style=\"width: 680px\" class=\"wp-caption alignnone\"><img loading=\"lazy\" decoding=\"async\" class=\"size-full wp-image-27529\" src=\"https:\/\/www.organisator.ch\/wp-content\/uploads\/2024\/06\/Swiss-Economic-Forum-SEF24-Ein-Rueckblick_Organisator.jpg\" alt=\"\" width=\"680\" height=\"439\" srcset=\"https:\/\/www.organisator.ch\/wp-content\/uploads\/2024\/06\/Swiss-Economic-Forum-SEF24-Ein-Rueckblick_Organisator.jpg 680w, https:\/\/www.organisator.ch\/wp-content\/uploads\/2024\/06\/Swiss-Economic-Forum-SEF24-Ein-Rueckblick_Organisator-18x12.jpg 18w, https:\/\/www.organisator.ch\/wp-content\/uploads\/2024\/06\/Swiss-Economic-Forum-SEF24-Ein-Rueckblick_Organisator-375x242.jpg 375w, https:\/\/www.organisator.ch\/wp-content\/uploads\/2024\/06\/Swiss-Economic-Forum-SEF24-Ein-Rueckblick_Organisator-542x350.jpg 542w\" sizes=\"auto, (max-width: 680px) 100vw, 680px\" \/><figcaption id=\"caption-attachment-27529\" class=\"wp-caption-text\">L'ex primo ministro finlandese Sanna Marin durante la sua partecipazione a SEF24 (Immagine: SEF 2024)<\/figcaption><\/figure>\n<p>Il 6 e 7 giugno, Interlaken \u00e8 stata tutta dedicata all'economia svizzera: lo Swiss Economic Forum (SEF) si \u00e8 svolto per la 26a volta in questi due giorni. Circa 70 relatori provenienti dalla Svizzera e dall'estero hanno tenuto delle presentazioni. I 1350 partecipanti al forum, che ha registrato il tutto esaurito, hanno dimostrato di essere resilienti, tenaci e cautamente ottimisti. Corine Blesi, direttore generale di NZZ Connect, \u00e8 molto soddisfatta della 26a edizione del SEF: \"Siamo convinti che gli imprenditori guideranno l'economia svizzera verso un futuro pi\u00f9 positivo con la necessaria determinazione e resilienza.\"<\/p>\n<h3>Relatori di alto livello con argomenti di discussione interessanti<\/h3>\n<p>Il programma ha offerto una serie di personalit\u00e0 di spicco a livello nazionale e internazionale, provenienti dal mondo degli affari, della politica e della scienza. Come da tradizione, il Presidente Viola Amherd ha aperto il forum. La presidente \u00e8 attualmente sotto i riflettori a causa dell'instabile situazione della sicurezza globale. \"Dobbiamo prepararci a una crisi prolungata ed essere flessibili\", \u00e8 stata la sua sintetica valutazione della situazione. Il programma politico \u00e8 proseguito con Sanna Marin, ex Primo Ministro della Finlandia, e Micheal R. Pompeo, 70\u00b0 Segretario di Stato degli Stati Uniti. Sanna Marin ha gettato uno sguardo sul futuro: \"Il cambiamento del sistema \u00e8 alle porte e dobbiamo utilizzare nuove tecnologie come l'intelligenza artificiale o la quantistica\", ha affermato l'ex Primo Ministro finlandese. Michael R. Pompeo ha raccomandato di imparare dalla storia, anche in vista delle prossime elezioni presidenziali negli Stati Uniti: \"Credo nel nostro sistema costituzionale. Nel corso della storia, ha sempre prodotto buoni risultati\".<\/p>\n<p>Altri momenti salienti per i partecipanti sono stati l'emozionante performance dell'atleta di livello mondiale Dominic Lobalu e del suo allenatore Markus Hagmann. O la calciatrice professionista Lia W\u00e4lti, che ha spiegato la differenza tra il calcio maschile e quello femminile con un sorriso: \"Il calcio femminile \u00e8 pi\u00f9 onesto. Passiamo meno tempo a terra\".<\/p>\n<h3>Impulso per le PMI alla SEF24<\/h3>\n<p>Al Forum economico svizzero, l'economia e quindi le PMI sono naturalmente al centro dell'attenzione. Thomas Sch\u00e4fer, CEO del marchio Volkswagen Passenger Cars, ha esordito spiegando perch\u00e9 la collaborazione tra industria, politica e societ\u00e0 \u00e8 fondamentale per la transizione della mobilit\u00e0. Caspar Coppetti, cofondatore di On, e Daniel Gutenberg, presidente del consiglio di amministrazione di Hookipa, hanno parlato di cosa significhi la situazione attuale per le start-up e i giovani imprenditori: \"Il nostro obiettivo non \u00e8 pi\u00f9 \"sopravvivere\", ma \"creare\"\". Jeff Rowe, CEO del Gruppo Syngenta, ha esortato i dirigenti aziendali a continuare a lavorare come prima. Anche Georges Kern, CEO di Breitling, incoraggia i suoi colleghi: \"Per uscire dalla crisi pi\u00f9 forti, dobbiamo guadagnare quote di mercato, essere migliori della concorrenza e fare uno sforzo doppio e triplo\". Anche l'apparizione della giovane astronauta analogica Eleonore Poli, che un giorno potrebbe volare su Marte, \u00e8 stata impressionante e fuori dal comune. Ha dato a tutti il consiglio di essere aperti a provare cose nuove e a conoscere nuove persone.<\/p>\n<p>Infine, ma non per questo meno importante, alla SEF24 sono stati consegnati ancora una volta dei premi: Lo Swiss Economic Award premia ogni anno i risultati imprenditoriali pi\u00f9 significativi. I vincitori del 2024 sono Flowit AG (servizi), Voliro AG (deeptech\/scienze della vita) e Qumea AG (produzione\/commercio). <a href=\"https:\/\/www.organisator.ch\/de\/management\/2024-06-10\/swiss-economic-award-2024-die-gewinner-sind-bekannt\/\">Rapporto qui<\/a>.<\/p>\n<p><a href=\"https:\/\/www.swisseconomic.ch\/de\"><em>Fonte e ulteriori informazioni<\/em><\/a><\/p>","protected":false},"excerpt":{"rendered":"<p>Il 6 e 7 giugno 2024, 1.350 manager hanno discusso soluzioni e strategie per affrontare le sfide geopolitiche ed economiche al SEF24 di Interlaken, all'insegna del motto \"When the going gets tough\".<\/p>","protected":false},"author":4,"featured_media":27529,"comment_status":"closed","ping_status":"closed","sticky":false,"template":"","format":"standard","meta":{"_acf_changed":false,"_yoast_wpseo_focuskw":"SEF24","_yoast_wpseo_metadesc":"Am 6. und 7. Juni 2024 diskutierten am SEF24 1350 F\u00fchrungskr\u00e4fte in Interlaken unter dem Motto \u00abWhen the going gets tough\u00bb.","articlekey":"","footnotes":""},"categories":[28],"tags":[193,335,2255,502],"class_list":["post-27528","post","type-post","status-publish","format-standard","has-post-thumbnail","hentry","category-management","tag-fachkongressfachmesse","tag-management-und-unternehmensfuehrung","tag-swiss-economic-forum","tag-veranstaltungen"],"acf":[],"yoast_head":"<!-- This site is optimized with the Yoast SEO plugin v27.4 - https:\/\/yoast.com\/product\/yoast-seo-wordpress\/ -->\n<title>Swiss Economic Forum SEF24: Ein R\u00fcckblick - Organisator<\/title>\n<meta name=\"description\" content=\"Am 6. und 7. Juni 2024 diskutierten am SEF24 1350 F\u00fchrungskr\u00e4fte in Interlaken unter dem Motto \u00abWhen the going gets tough\u00bb.\" \/>\n<meta name=\"robots\" content=\"index, follow, max-snippet:-1, max-image-preview:large, max-video-preview:-1\" \/>\n<link rel=\"canonical\" href=\"https:\/\/www.organisator.ch\/it\/gestione-2\/2024-06-10\/swiss-economic-forum-sef24-ein-rueckblick\/\" \/>\n<meta property=\"og:locale\" content=\"it_IT\" \/>\n<meta property=\"og:type\" content=\"article\" \/>\n<meta property=\"og:title\" content=\"Swiss Economic Forum SEF24: Ein R\u00fcckblick\" \/>\n<meta property=\"og:description\" content=\"Am 6. und 7. Juni 2024 diskutierten am SEF24 1350 F\u00fchrungskr\u00e4fte in Interlaken unter dem Motto \u00abWhen the going gets tough\u00bb.\" \/>\n<meta property=\"og:url\" content=\"https:\/\/www.organisator.ch\/it\/gestione-2\/2024-06-10\/swiss-economic-forum-sef24-ein-rueckblick\/\" \/>\n<meta property=\"og:site_name\" content=\"Organisator\" \/>\n<meta property=\"article:publisher\" content=\"https:\/\/www.facebook.com\/OrganisatorFachmagazin\" \/>\n<meta property=\"article:published_time\" content=\"2024-06-10T07:17:07+00:00\" \/>\n<meta property=\"article:modified_time\" content=\"2024-06-24T07:10:21+00:00\" \/>\n<meta property=\"og:image\" content=\"https:\/\/www.organisator.ch\/wp-content\/uploads\/2024\/06\/Swiss-Economic-Forum-SEF24-Ein-Rueckblick_Organisator.jpg\" \/>\n\t<meta property=\"og:image:width\" content=\"680\" \/>\n\t<meta property=\"og:image:height\" content=\"439\" \/>\n\t<meta property=\"og:image:type\" content=\"image\/jpeg\" \/>\n<meta name=\"author\" content=\"thomas.berner\" \/>\n<meta name=\"twitter:card\" content=\"summary_large_image\" \/>\n<meta name=\"twitter:title\" content=\"Swiss Economic Forum #SEF24: Ein R\u00fcckblick\" \/>\n<meta name=\"twitter:description\" content=\"Am 6. und 7. Juni 2024 diskutierten am #SEF24 1350 F\u00fchrungskr\u00e4fte in #Interlaken unter dem Motto \u00abWhen the going gets tough\u00bb.\" \/>\n<meta name=\"twitter:image\" content=\"https:\/\/www.organisator.ch\/wp-content\/uploads\/2024\/06\/Swiss-Economic-Forum-SEF24-Ein-Rueckblick_Organisator.jpg\" \/>\n<script type=\"application\/ld+json\" class=\"yoast-schema-graph\">{\"@context\":\"https:\\\/\\\/schema.org\",\"@graph\":[{\"@type\":\"Article\",\"@id\":\"https:\\\/\\\/www.organisator.ch\\\/management\\\/2024-06-10\\\/swiss-economic-forum-sef24-ein-rueckblick\\\/#article\",\"isPartOf\":{\"@id\":\"https:\\\/\\\/www.organisator.ch\\\/management\\\/2024-06-10\\\/swiss-economic-forum-sef24-ein-rueckblick\\\/\"},\"author\":{\"name\":\"thomas.berner\",\"@id\":\"https:\\\/\\\/www.organisator.ch\\\/#\\\/schema\\\/person\\\/6f650f90b2842cd4c0cc334b4e36f67e\"},\"headline\":\"Swiss Economic Forum SEF24: Ein R\u00fcckblick\",\"datePublished\":\"2024-06-10T07:17:07+00:00\",\"dateModified\":\"2024-06-24T07:10:21+00:00\",\"mainEntityOfPage\":{\"@id\":\"https:\\\/\\\/www.organisator.ch\\\/management\\\/2024-06-10\\\/swiss-economic-forum-sef24-ein-rueckblick\\\/\"},\"wordCount\":528,\"publisher\":{\"@id\":\"https:\\\/\\\/www.organisator.ch\\\/#organization\"},\"image\":{\"@id\":\"https:\\\/\\\/www.organisator.ch\\\/management\\\/2024-06-10\\\/swiss-economic-forum-sef24-ein-rueckblick\\\/#primaryimage\"},\"thumbnailUrl\":\"https:\\\/\\\/www.organisator.ch\\\/wp-content\\\/uploads\\\/2024\\\/06\\\/Swiss-Economic-Forum-SEF24-Ein-Rueckblick_Organisator.jpg\",\"keywords\":[\"Fachkongress\\\/Fachmesse\",\"Management und Unternehmensf\u00fchrung\",\"Swiss Economic Forum\",\"Veranstaltungen\"],\"articleSection\":[\"MANAGEMENT\"],\"inLanguage\":\"it-IT\"},{\"@type\":\"WebPage\",\"@id\":\"https:\\\/\\\/www.organisator.ch\\\/management\\\/2024-06-10\\\/swiss-economic-forum-sef24-ein-rueckblick\\\/\",\"url\":\"https:\\\/\\\/www.organisator.ch\\\/management\\\/2024-06-10\\\/swiss-economic-forum-sef24-ein-rueckblick\\\/\",\"name\":\"Swiss Economic Forum SEF24: Ein R\u00fcckblick - Organisator\",\"isPartOf\":{\"@id\":\"https:\\\/\\\/www.organisator.ch\\\/#website\"},\"primaryImageOfPage\":{\"@id\":\"https:\\\/\\\/www.organisator.ch\\\/management\\\/2024-06-10\\\/swiss-economic-forum-sef24-ein-rueckblick\\\/#primaryimage\"},\"image\":{\"@id\":\"https:\\\/\\\/www.organisator.ch\\\/management\\\/2024-06-10\\\/swiss-economic-forum-sef24-ein-rueckblick\\\/#primaryimage\"},\"thumbnailUrl\":\"https:\\\/\\\/www.organisator.ch\\\/wp-content\\\/uploads\\\/2024\\\/06\\\/Swiss-Economic-Forum-SEF24-Ein-Rueckblick_Organisator.jpg\",\"datePublished\":\"2024-06-10T07:17:07+00:00\",\"dateModified\":\"2024-06-24T07:10:21+00:00\",\"description\":\"Am 6. und 7. Juni 2024 diskutierten am SEF24 1350 F\u00fchrungskr\u00e4fte in Interlaken unter dem Motto \u00abWhen the going gets tough\u00bb.\",\"breadcrumb\":{\"@id\":\"https:\\\/\\\/www.organisator.ch\\\/management\\\/2024-06-10\\\/swiss-economic-forum-sef24-ein-rueckblick\\\/#breadcrumb\"},\"inLanguage\":\"it-IT\",\"potentialAction\":[{\"@type\":\"ReadAction\",\"target\":[\"https:\\\/\\\/www.organisator.ch\\\/management\\\/2024-06-10\\\/swiss-economic-forum-sef24-ein-rueckblick\\\/\"]}]},{\"@type\":\"ImageObject\",\"inLanguage\":\"it-IT\",\"@id\":\"https:\\\/\\\/www.organisator.ch\\\/management\\\/2024-06-10\\\/swiss-economic-forum-sef24-ein-rueckblick\\\/#primaryimage\",\"url\":\"https:\\\/\\\/www.organisator.ch\\\/wp-content\\\/uploads\\\/2024\\\/06\\\/Swiss-Economic-Forum-SEF24-Ein-Rueckblick_Organisator.jpg\",\"contentUrl\":\"https:\\\/\\\/www.organisator.ch\\\/wp-content\\\/uploads\\\/2024\\\/06\\\/Swiss-Economic-Forum-SEF24-Ein-Rueckblick_Organisator.jpg\",\"width\":680,\"height\":439,\"caption\":\"Die ehemalige finnische Ministerpr\u00e4sidentin Sanna Marin bei ihrem Auftritt am SEF24. (Bild: SEF 2024)\"},{\"@type\":\"BreadcrumbList\",\"@id\":\"https:\\\/\\\/www.organisator.ch\\\/management\\\/2024-06-10\\\/swiss-economic-forum-sef24-ein-rueckblick\\\/#breadcrumb\",\"itemListElement\":[{\"@type\":\"ListItem\",\"position\":1,\"name\":\"Home\",\"item\":\"https:\\\/\\\/www.organisator.ch\\\/\"},{\"@type\":\"ListItem\",\"position\":2,\"name\":\"Swiss Economic Forum SEF24: Ein R\u00fcckblick\"}]},{\"@type\":\"WebSite\",\"@id\":\"https:\\\/\\\/www.organisator.ch\\\/#website\",\"url\":\"https:\\\/\\\/www.organisator.ch\\\/\",\"name\":\"Organisator\",\"description\":\"Kompetent. Praxisnah. Der ORGANISATOR bereitet in 10 Ausgaben pro Jahr die wesentlichen Themen f\u00fcr F\u00fchrungskr\u00e4fte von KMU auf.\",\"publisher\":{\"@id\":\"https:\\\/\\\/www.organisator.ch\\\/#organization\"},\"potentialAction\":[{\"@type\":\"SearchAction\",\"target\":{\"@type\":\"EntryPoint\",\"urlTemplate\":\"https:\\\/\\\/www.organisator.ch\\\/?s={search_term_string}\"},\"query-input\":{\"@type\":\"PropertyValueSpecification\",\"valueRequired\":true,\"valueName\":\"search_term_string\"}}],\"inLanguage\":\"it-IT\"},{\"@type\":\"Organization\",\"@id\":\"https:\\\/\\\/www.organisator.ch\\\/#organization\",\"name\":\"Organisator\",\"url\":\"https:\\\/\\\/www.organisator.ch\\\/\",\"logo\":{\"@type\":\"ImageObject\",\"inLanguage\":\"it-IT\",\"@id\":\"https:\\\/\\\/www.organisator.ch\\\/#\\\/schema\\\/logo\\\/image\\\/\",\"url\":\"https:\\\/\\\/www.organisator.ch\\\/wp-content\\\/uploads\\\/2022\\\/01\\\/Logo_Organisator_Website.png\",\"contentUrl\":\"https:\\\/\\\/www.organisator.ch\\\/wp-content\\\/uploads\\\/2022\\\/01\\\/Logo_Organisator_Website.png\",\"width\":800,\"height\":77,\"caption\":\"Organisator\"},\"image\":{\"@id\":\"https:\\\/\\\/www.organisator.ch\\\/#\\\/schema\\\/logo\\\/image\\\/\"},\"sameAs\":[\"https:\\\/\\\/www.facebook.com\\\/OrganisatorFachmagazin\",\"https:\\\/\\\/www.linkedin.com\\\/showcase\\\/organisator-das-magazin-fr-kmu\",\"https:\\\/\\\/www.xing.com\\\/news\\\/pages\\\/organisator-ch-695\",\"https:\\\/\\\/www.youtube.com\\\/channel\\\/UCGP2Sq0iWaZwT3BdIAQFYpw\"]},{\"@type\":\"Person\",\"@id\":\"https:\\\/\\\/www.organisator.ch\\\/#\\\/schema\\\/person\\\/6f650f90b2842cd4c0cc334b4e36f67e\",\"name\":\"thomas.berner\",\"image\":{\"@type\":\"ImageObject\",\"inLanguage\":\"it-IT\",\"@id\":\"https:\\\/\\\/secure.gravatar.com\\\/avatar\\\/ac5001d2a36cb6c6cd3e50789007ffca834b477b74a2144564522e944eabff61?s=96&d=mm&r=g\",\"url\":\"https:\\\/\\\/secure.gravatar.com\\\/avatar\\\/ac5001d2a36cb6c6cd3e50789007ffca834b477b74a2144564522e944eabff61?s=96&d=mm&r=g\",\"contentUrl\":\"https:\\\/\\\/secure.gravatar.com\\\/avatar\\\/ac5001d2a36cb6c6cd3e50789007ffca834b477b74a2144564522e944eabff61?s=96&d=mm&r=g\",\"caption\":\"thomas.berner\"},\"url\":\"https:\\\/\\\/www.organisator.ch\\\/it\\\/author\\\/thomas-berner\\\/\"}]}<\/script>\n<!-- \/ Yoast SEO plugin. -->","yoast_head_json":{"title":"Swiss Economic Forum SEF24: uno sguardo al passato - Organizzatore","description":"Il 6 e 7 giugno 2024, 1.350 manager si sono confrontati alla SEF24 di Interlaken con il motto \"Quando il gioco si fa duro\".","robots":{"index":"index","follow":"follow","max-snippet":"max-snippet:-1","max-image-preview":"max-image-preview:large","max-video-preview":"max-video-preview:-1"},"canonical":"https:\/\/www.organisator.ch\/it\/gestione-2\/2024-06-10\/swiss-economic-forum-sef24-ein-rueckblick\/","og_locale":"it_IT","og_type":"article","og_title":"Swiss Economic Forum SEF24: Ein R\u00fcckblick","og_description":"Am 6. und 7. Juni 2024 diskutierten am SEF24 1350 F\u00fchrungskr\u00e4fte in Interlaken unter dem Motto \u00abWhen the going gets tough\u00bb.","og_url":"https:\/\/www.organisator.ch\/it\/gestione-2\/2024-06-10\/swiss-economic-forum-sef24-ein-rueckblick\/","og_site_name":"Organisator","article_publisher":"https:\/\/www.facebook.com\/OrganisatorFachmagazin","article_published_time":"2024-06-10T07:17:07+00:00","article_modified_time":"2024-06-24T07:10:21+00:00","og_image":[{"width":680,"height":439,"url":"https:\/\/www.organisator.ch\/wp-content\/uploads\/2024\/06\/Swiss-Economic-Forum-SEF24-Ein-Rueckblick_Organisator.jpg","type":"image\/jpeg"}],"author":"thomas.berner","twitter_card":"summary_large_image","twitter_title":"Swiss Economic Forum #SEF24: Ein R\u00fcckblick","twitter_description":"Am 6. und 7. Juni 2024 diskutierten am #SEF24 1350 F\u00fchrungskr\u00e4fte in #Interlaken unter dem Motto \u00abWhen the going gets tough\u00bb.","twitter_image":"https:\/\/www.organisator.ch\/wp-content\/uploads\/2024\/06\/Swiss-Economic-Forum-SEF24-Ein-Rueckblick_Organisator.jpg","schema":{"@context":"https:\/\/schema.org","@graph":[{"@type":"Article","@id":"https:\/\/www.organisator.ch\/management\/2024-06-10\/swiss-economic-forum-sef24-ein-rueckblick\/#article","isPartOf":{"@id":"https:\/\/www.organisator.ch\/management\/2024-06-10\/swiss-economic-forum-sef24-ein-rueckblick\/"},"author":{"name":"thomas.berner","@id":"https:\/\/www.organisator.ch\/#\/schema\/person\/6f650f90b2842cd4c0cc334b4e36f67e"},"headline":"Swiss Economic Forum SEF24: Ein R\u00fcckblick","datePublished":"2024-06-10T07:17:07+00:00","dateModified":"2024-06-24T07:10:21+00:00","mainEntityOfPage":{"@id":"https:\/\/www.organisator.ch\/management\/2024-06-10\/swiss-economic-forum-sef24-ein-rueckblick\/"},"wordCount":528,"publisher":{"@id":"https:\/\/www.organisator.ch\/#organization"},"image":{"@id":"https:\/\/www.organisator.ch\/management\/2024-06-10\/swiss-economic-forum-sef24-ein-rueckblick\/#primaryimage"},"thumbnailUrl":"https:\/\/www.organisator.ch\/wp-content\/uploads\/2024\/06\/Swiss-Economic-Forum-SEF24-Ein-Rueckblick_Organisator.jpg","keywords":["Fachkongress\/Fachmesse","Management und Unternehmensf\u00fchrung","Swiss Economic Forum","Veranstaltungen"],"articleSection":["MANAGEMENT"],"inLanguage":"it-IT"},{"@type":"WebPage","@id":"https:\/\/www.organisator.ch\/management\/2024-06-10\/swiss-economic-forum-sef24-ein-rueckblick\/","url":"https:\/\/www.organisator.ch\/management\/2024-06-10\/swiss-economic-forum-sef24-ein-rueckblick\/","name":"Swiss Economic Forum SEF24: uno sguardo al passato - Organizzatore","isPartOf":{"@id":"https:\/\/www.organisator.ch\/#website"},"primaryImageOfPage":{"@id":"https:\/\/www.organisator.ch\/management\/2024-06-10\/swiss-economic-forum-sef24-ein-rueckblick\/#primaryimage"},"image":{"@id":"https:\/\/www.organisator.ch\/management\/2024-06-10\/swiss-economic-forum-sef24-ein-rueckblick\/#primaryimage"},"thumbnailUrl":"https:\/\/www.organisator.ch\/wp-content\/uploads\/2024\/06\/Swiss-Economic-Forum-SEF24-Ein-Rueckblick_Organisator.jpg","datePublished":"2024-06-10T07:17:07+00:00","dateModified":"2024-06-24T07:10:21+00:00","description":"Il 6 e 7 giugno 2024, 1.350 manager si sono confrontati alla SEF24 di Interlaken con il motto \"Quando il gioco si fa duro\".","breadcrumb":{"@id":"https:\/\/www.organisator.ch\/management\/2024-06-10\/swiss-economic-forum-sef24-ein-rueckblick\/#breadcrumb"},"inLanguage":"it-IT","potentialAction":[{"@type":"ReadAction","target":["https:\/\/www.organisator.ch\/management\/2024-06-10\/swiss-economic-forum-sef24-ein-rueckblick\/"]}]},{"@type":"ImageObject","inLanguage":"it-IT","@id":"https:\/\/www.organisator.ch\/management\/2024-06-10\/swiss-economic-forum-sef24-ein-rueckblick\/#primaryimage","url":"https:\/\/www.organisator.ch\/wp-content\/uploads\/2024\/06\/Swiss-Economic-Forum-SEF24-Ein-Rueckblick_Organisator.jpg","contentUrl":"https:\/\/www.organisator.ch\/wp-content\/uploads\/2024\/06\/Swiss-Economic-Forum-SEF24-Ein-Rueckblick_Organisator.jpg","width":680,"height":439,"caption":"Die ehemalige finnische Ministerpr\u00e4sidentin Sanna Marin bei ihrem Auftritt am SEF24. (Bild: SEF 2024)"},{"@type":"BreadcrumbList","@id":"https:\/\/www.organisator.ch\/management\/2024-06-10\/swiss-economic-forum-sef24-ein-rueckblick\/#breadcrumb","itemListElement":[{"@type":"ListItem","position":1,"name":"Home","item":"https:\/\/www.organisator.ch\/"},{"@type":"ListItem","position":2,"name":"Swiss Economic Forum SEF24: Ein R\u00fcckblick"}]},{"@type":"WebSite","@id":"https:\/\/www.organisator.ch\/#website","url":"https:\/\/www.organisator.ch\/","name":"Organizzatore","description":"Competente. Pratico. In 10 numeri all'anno, ORGANISATOR presenta i temi essenziali per i manager delle PMI.","publisher":{"@id":"https:\/\/www.organisator.ch\/#organization"},"potentialAction":[{"@type":"SearchAction","target":{"@type":"EntryPoint","urlTemplate":"https:\/\/www.organisator.ch\/?s={search_term_string}"},"query-input":{"@type":"PropertyValueSpecification","valueRequired":true,"valueName":"search_term_string"}}],"inLanguage":"it-IT"},{"@type":"Organization","@id":"https:\/\/www.organisator.ch\/#organization","name":"Organizzatore","url":"https:\/\/www.organisator.ch\/","logo":{"@type":"ImageObject","inLanguage":"it-IT","@id":"https:\/\/www.organisator.ch\/#\/schema\/logo\/image\/","url":"https:\/\/www.organisator.ch\/wp-content\/uploads\/2022\/01\/Logo_Organisator_Website.png","contentUrl":"https:\/\/www.organisator.ch\/wp-content\/uploads\/2022\/01\/Logo_Organisator_Website.png","width":800,"height":77,"caption":"Organisator"},"image":{"@id":"https:\/\/www.organisator.ch\/#\/schema\/logo\/image\/"},"sameAs":["https:\/\/www.facebook.com\/OrganisatorFachmagazin","https:\/\/www.linkedin.com\/showcase\/organisator-das-magazin-fr-kmu","https:\/\/www.xing.com\/news\/pages\/organisator-ch-695","https:\/\/www.youtube.com\/channel\/UCGP2Sq0iWaZwT3BdIAQFYpw"]},{"@type":"Person","@id":"https:\/\/www.organisator.ch\/#\/schema\/person\/6f650f90b2842cd4c0cc334b4e36f67e","name":"Tommaso.berner","image":{"@type":"ImageObject","inLanguage":"it-IT","@id":"https:\/\/secure.gravatar.com\/avatar\/ac5001d2a36cb6c6cd3e50789007ffca834b477b74a2144564522e944eabff61?s=96&d=mm&r=g","url":"https:\/\/secure.gravatar.com\/avatar\/ac5001d2a36cb6c6cd3e50789007ffca834b477b74a2144564522e944eabff61?s=96&d=mm&r=g","contentUrl":"https:\/\/secure.gravatar.com\/avatar\/ac5001d2a36cb6c6cd3e50789007ffca834b477b74a2144564522e944eabff61?s=96&d=mm&r=g","caption":"thomas.berner"},"url":"https:\/\/www.organisator.ch\/it\/author\/thomas-berner\/"}]}},"_links":{"self":[{"href":"https:\/\/www.organisator.ch\/it\/wp-json\/wp\/v2\/posts\/27528","targetHints":{"allow":["GET"]}}],"collection":[{"href":"https:\/\/www.organisator.ch\/it\/wp-json\/wp\/v2\/posts"}],"about":[{"href":"https:\/\/www.organisator.ch\/it\/wp-json\/wp\/v2\/types\/post"}],"author":[{"embeddable":true,"href":"https:\/\/www.organisator.ch\/it\/wp-json\/wp\/v2\/users\/4"}],"replies":[{"embeddable":true,"href":"https:\/\/www.organisator.ch\/it\/wp-json\/wp\/v2\/comments?post=27528"}],"version-history":[{"count":4,"href":"https:\/\/www.organisator.ch\/it\/wp-json\/wp\/v2\/posts\/27528\/revisions"}],"predecessor-version":[{"id":27955,"href":"https:\/\/www.organisator.ch\/it\/wp-json\/wp\/v2\/posts\/27528\/revisions\/27955"}],"wp:featuredmedia":[{"embeddable":true,"href":"https:\/\/www.organisator.ch\/it\/wp-json\/wp\/v2\/media\/27529"}],"wp:attachment":[{"href":"https:\/\/www.organisator.ch\/it\/wp-json\/wp\/v2\/media?parent=27528"}],"wp:term":[{"taxonomy":"category","embeddable":true,"href":"https:\/\/www.organisator.ch\/it\/wp-json\/wp\/v2\/categories?post=27528"},{"taxonomy":"post_tag","embeddable":true,"href":"https:\/\/www.organisator.ch\/it\/wp-json\/wp\/v2\/tags?post=27528"}],"curies":[{"name":"wp","href":"https:\/\/api.w.org\/{rel}","templated":true}]}}