{"id":27597,"date":"2024-06-12T13:40:38","date_gmt":"2024-06-12T11:40:38","guid":{"rendered":"https:\/\/www.organisator.ch\/?p=27597"},"modified":"2024-06-12T13:40:38","modified_gmt":"2024-06-12T11:40:38","slug":"nachhaltigkeits-auszeichnung-fuer-mobilezone-schweiz","status":"publish","type":"post","link":"https:\/\/www.organisator.ch\/it\/sustainability\/2024-06-12\/nachhaltigkeits-auszeichnung-fuer-mobilezone-schweiz\/","title":{"rendered":"Premio per la sostenibilit\u00e0 a mobilezone Svizzera"},"content":{"rendered":"<figure id=\"attachment_27606\" aria-describedby=\"caption-attachment-27606\" style=\"width: 680px\" class=\"wp-caption alignnone\"><img loading=\"lazy\" decoding=\"async\" class=\"size-full wp-image-27606\" src=\"https:\/\/www.organisator.ch\/wp-content\/uploads\/2024\/06\/Nachhaltigkeits-Auszeichnung-fuer-mobilezone-Schweiz-1_Organisator.jpg\" alt=\"\" width=\"680\" height=\"336\" srcset=\"https:\/\/www.organisator.ch\/wp-content\/uploads\/2024\/06\/Nachhaltigkeits-Auszeichnung-fuer-mobilezone-Schweiz-1_Organisator.jpg 680w, https:\/\/www.organisator.ch\/wp-content\/uploads\/2024\/06\/Nachhaltigkeits-Auszeichnung-fuer-mobilezone-Schweiz-1_Organisator-18x9.jpg 18w, https:\/\/www.organisator.ch\/wp-content\/uploads\/2024\/06\/Nachhaltigkeits-Auszeichnung-fuer-mobilezone-Schweiz-1_Organisator-375x185.jpg 375w\" sizes=\"auto, (max-width: 680px) 100vw, 680px\" \/><figcaption id=\"caption-attachment-27606\" class=\"wp-caption-text\">Il fornitore di servizi di telecomunicazione mobilezone riceve due premi per i suoi sforzi di sostenibilit\u00e0. (Immagine: <a href=\"https:\/\/www.mobilezoneholding.ch\/de\/ueber-uns\/nachhaltigkeit.html\">Screenshot mobilezone<\/a>)<\/figcaption><\/figure>\n<p>Il fornitore di servizi di telecomunicazione mobilezone ha ricevuto due premi per la sostenibilit\u00e0 da EcoVadis. Secondo il comunicato, questi premi dimostrano che l'iniziativa di sostenibilit\u00e0 dell'azienda sta dando i suoi frutti. Markus Bernhard, CEO del Gruppo mobilezone, ha dichiarato: \"Siamo molto soddisfatti dei premi, che riconoscono l'iniziativa di mobilezone nel campo della sostenibilit\u00e0 e dimostrano che siamo sulla strada giusta con la nostra strategia\".<\/p>\n<p>Secondo mobilezone, la sostenibilit\u00e0 \u00e8 una delle cinque pietre miliari della sua strategia aziendale. La strategia di sostenibilit\u00e0 dell'azienda \u00e8 stata introdotta nel 2020 e da allora \u00e8 stata costantemente sviluppata. Si basa sui temi della governance e della conformit\u00e0, dei dipendenti, dei clienti, del ciclo dello smartphone e della gestione ambientale. L'importanza della seconda vita e del ricondizionamento degli smartphone ha continuato a crescere: mobilezone si sta quindi concentrando su questo tema della sostenibilit\u00e0, aggiunge l'azienda. Nello scorso anno di riferimento, il Gruppo mobilezone ha calcolato per la prima volta l'impronta di CO2 a livello di Gruppo, includendo il consumo nella catena di fornitura a monte e a valle, per poter definire in futuro obiettivi di riduzione per l'intera azienda. Nell'ambito della sostenibilit\u00e0 sociale, mobilezone continuer\u00e0 a impegnarsi nella formazione degli apprendisti e nella promozione dei loro talenti anche in futuro e si impegner\u00e0 a mantenere un elevato livello di soddisfazione dei clienti. Per quanto riguarda la governance e la conformit\u00e0, mobilezone si concentra su una gestione aziendale responsabile, sul continuo sviluppo della trasparenza nel reporting di sostenibilit\u00e0 e sul rispetto degli standard legali ed etici.<\/p>\n<p>EcoVadis valuta e certifica le aziende di tutto il mondo nei settori dell'ecologia, delle questioni sociali e della sostenibilit\u00e0 sulla base di standard e linee guida stabiliti a livello internazionale.<\/p>\n<p><em>Fonte e ulteriori informazioni: <a href=\"http:\/\/www.mobilezoneholding.ch\">mobilezone<\/a><\/em><\/p>","protected":false},"excerpt":{"rendered":"<p>Due aree di business di mobilezone Svizzera sono state premiate con una medaglia dal fornitore di valutazioni di sostenibilit\u00e0 EcoVadis: Oro per la divisione business e argento per la divisione refurbished. <\/p>","protected":false},"author":4,"featured_media":27606,"comment_status":"closed","ping_status":"closed","sticky":false,"template":"","format":"standard","meta":{"_acf_changed":false,"_yoast_wpseo_focuskw":"Nachhaltigkeits-Auszeichnung","_yoast_wpseo_metadesc":"Zwei Gesch\u00e4ftsbereiche von mobilezone Schweiz haben von EcoVadis eine Nachhaltigkeits-Auszeichnung erhalten.","articlekey":"","footnotes":""},"categories":[580],"tags":[358,492,613],"class_list":["post-27597","post","type-post","status-publish","format-standard","has-post-thumbnail","hentry","category-sustainability","tag-nachhaltige-wirtschaft","tag-unternehmen","tag-zertifizierung"],"acf":[],"yoast_head":"<!-- This site is optimized with the Yoast SEO plugin v27.5 - https:\/\/yoast.com\/product\/yoast-seo-wordpress\/ -->\n<title>Nachhaltigkeits-Auszeichnung f\u00fcr mobilezone Schweiz - Organisator<\/title>\n<meta name=\"description\" content=\"Zwei Gesch\u00e4ftsbereiche von mobilezone Schweiz haben von EcoVadis eine Nachhaltigkeits-Auszeichnung erhalten.\" \/>\n<meta name=\"robots\" content=\"index, follow, max-snippet:-1, max-image-preview:large, max-video-preview:-1\" \/>\n<link rel=\"canonical\" href=\"https:\/\/www.organisator.ch\/it\/sostenibilita\/2024-06-12\/nachhaltigkeits-auszeichnung-fuer-mobilezone-schweiz\/\" \/>\n<meta property=\"og:locale\" content=\"it_IT\" \/>\n<meta property=\"og:type\" content=\"article\" \/>\n<meta property=\"og:title\" content=\"Nachhaltigkeits-Auszeichnung f\u00fcr mobilezone Schweiz\" \/>\n<meta property=\"og:description\" content=\"Zwei Gesch\u00e4ftsbereiche von mobilezone Schweiz haben von EcoVadis eine Nachhaltigkeits-Auszeichnung erhalten.\" \/>\n<meta property=\"og:url\" content=\"https:\/\/www.organisator.ch\/it\/sostenibilita\/2024-06-12\/nachhaltigkeits-auszeichnung-fuer-mobilezone-schweiz\/\" \/>\n<meta property=\"og:site_name\" content=\"Organisator\" \/>\n<meta property=\"article:publisher\" content=\"https:\/\/www.facebook.com\/OrganisatorFachmagazin\" \/>\n<meta property=\"article:published_time\" content=\"2024-06-12T11:40:38+00:00\" \/>\n<meta property=\"og:image\" content=\"https:\/\/www.organisator.ch\/wp-content\/uploads\/2024\/06\/Nachhaltigkeits-Auszeichnung-fuer-mobilezone-Schweiz-1_Organisator.jpg\" \/>\n\t<meta property=\"og:image:width\" content=\"680\" \/>\n\t<meta property=\"og:image:height\" content=\"336\" \/>\n\t<meta property=\"og:image:type\" content=\"image\/jpeg\" \/>\n<meta name=\"author\" content=\"thomas.berner\" \/>\n<meta name=\"twitter:card\" content=\"summary_large_image\" \/>\n<meta name=\"twitter:title\" content=\"#Nachhaltigkeits-Auszeichnung f\u00fcr #mobilezone Schweiz\" \/>\n<meta name=\"twitter:description\" content=\"Zwei #Gesch\u00e4ftsbereiche von #mobilezone Schweiz haben von #EcoVadis eine #Nachhaltigkeits-Auszeichnung erhalten.\" \/>\n<meta name=\"twitter:image\" content=\"https:\/\/www.organisator.ch\/wp-content\/uploads\/2024\/06\/Nachhaltigkeits-Auszeichnung-fuer-mobilezone-Schweiz-1_Organisator.jpg\" \/>\n<script type=\"application\/ld+json\" class=\"yoast-schema-graph\">{\"@context\":\"https:\\\/\\\/schema.org\",\"@graph\":[{\"@type\":\"Article\",\"@id\":\"https:\\\/\\\/www.organisator.ch\\\/sustainability\\\/2024-06-12\\\/nachhaltigkeits-auszeichnung-fuer-mobilezone-schweiz\\\/#article\",\"isPartOf\":{\"@id\":\"https:\\\/\\\/www.organisator.ch\\\/sustainability\\\/2024-06-12\\\/nachhaltigkeits-auszeichnung-fuer-mobilezone-schweiz\\\/\"},\"author\":{\"name\":\"thomas.berner\",\"@id\":\"https:\\\/\\\/www.organisator.ch\\\/#\\\/schema\\\/person\\\/6f650f90b2842cd4c0cc334b4e36f67e\"},\"headline\":\"Nachhaltigkeits-Auszeichnung f\u00fcr mobilezone Schweiz\",\"datePublished\":\"2024-06-12T11:40:38+00:00\",\"mainEntityOfPage\":{\"@id\":\"https:\\\/\\\/www.organisator.ch\\\/sustainability\\\/2024-06-12\\\/nachhaltigkeits-auszeichnung-fuer-mobilezone-schweiz\\\/\"},\"wordCount\":273,\"publisher\":{\"@id\":\"https:\\\/\\\/www.organisator.ch\\\/#organization\"},\"image\":{\"@id\":\"https:\\\/\\\/www.organisator.ch\\\/sustainability\\\/2024-06-12\\\/nachhaltigkeits-auszeichnung-fuer-mobilezone-schweiz\\\/#primaryimage\"},\"thumbnailUrl\":\"https:\\\/\\\/www.organisator.ch\\\/wp-content\\\/uploads\\\/2024\\\/06\\\/Nachhaltigkeits-Auszeichnung-fuer-mobilezone-Schweiz-1_Organisator.jpg\",\"keywords\":[\"Nachhaltige Wirtschaft\",\"Unternehmen\",\"Zertifizierung\"],\"articleSection\":[\"SUSTAINABILITY\"],\"inLanguage\":\"it-IT\"},{\"@type\":\"WebPage\",\"@id\":\"https:\\\/\\\/www.organisator.ch\\\/sustainability\\\/2024-06-12\\\/nachhaltigkeits-auszeichnung-fuer-mobilezone-schweiz\\\/\",\"url\":\"https:\\\/\\\/www.organisator.ch\\\/sustainability\\\/2024-06-12\\\/nachhaltigkeits-auszeichnung-fuer-mobilezone-schweiz\\\/\",\"name\":\"Nachhaltigkeits-Auszeichnung f\u00fcr mobilezone Schweiz - Organisator\",\"isPartOf\":{\"@id\":\"https:\\\/\\\/www.organisator.ch\\\/#website\"},\"primaryImageOfPage\":{\"@id\":\"https:\\\/\\\/www.organisator.ch\\\/sustainability\\\/2024-06-12\\\/nachhaltigkeits-auszeichnung-fuer-mobilezone-schweiz\\\/#primaryimage\"},\"image\":{\"@id\":\"https:\\\/\\\/www.organisator.ch\\\/sustainability\\\/2024-06-12\\\/nachhaltigkeits-auszeichnung-fuer-mobilezone-schweiz\\\/#primaryimage\"},\"thumbnailUrl\":\"https:\\\/\\\/www.organisator.ch\\\/wp-content\\\/uploads\\\/2024\\\/06\\\/Nachhaltigkeits-Auszeichnung-fuer-mobilezone-Schweiz-1_Organisator.jpg\",\"datePublished\":\"2024-06-12T11:40:38+00:00\",\"description\":\"Zwei Gesch\u00e4ftsbereiche von mobilezone Schweiz haben von EcoVadis eine Nachhaltigkeits-Auszeichnung erhalten.\",\"breadcrumb\":{\"@id\":\"https:\\\/\\\/www.organisator.ch\\\/sustainability\\\/2024-06-12\\\/nachhaltigkeits-auszeichnung-fuer-mobilezone-schweiz\\\/#breadcrumb\"},\"inLanguage\":\"it-IT\",\"potentialAction\":[{\"@type\":\"ReadAction\",\"target\":[\"https:\\\/\\\/www.organisator.ch\\\/sustainability\\\/2024-06-12\\\/nachhaltigkeits-auszeichnung-fuer-mobilezone-schweiz\\\/\"]}]},{\"@type\":\"ImageObject\",\"inLanguage\":\"it-IT\",\"@id\":\"https:\\\/\\\/www.organisator.ch\\\/sustainability\\\/2024-06-12\\\/nachhaltigkeits-auszeichnung-fuer-mobilezone-schweiz\\\/#primaryimage\",\"url\":\"https:\\\/\\\/www.organisator.ch\\\/wp-content\\\/uploads\\\/2024\\\/06\\\/Nachhaltigkeits-Auszeichnung-fuer-mobilezone-Schweiz-1_Organisator.jpg\",\"contentUrl\":\"https:\\\/\\\/www.organisator.ch\\\/wp-content\\\/uploads\\\/2024\\\/06\\\/Nachhaltigkeits-Auszeichnung-fuer-mobilezone-Schweiz-1_Organisator.jpg\",\"width\":680,\"height\":336,\"caption\":\"Der Telekomdienstleister mobilezone erh\u00e4lt f\u00fcr seine Nachhaltigkeitsbem\u00fchungen zwei Auszeichnungen. (Bild: Screenshot mobilezone)\"},{\"@type\":\"BreadcrumbList\",\"@id\":\"https:\\\/\\\/www.organisator.ch\\\/sustainability\\\/2024-06-12\\\/nachhaltigkeits-auszeichnung-fuer-mobilezone-schweiz\\\/#breadcrumb\",\"itemListElement\":[{\"@type\":\"ListItem\",\"position\":1,\"name\":\"Home\",\"item\":\"https:\\\/\\\/www.organisator.ch\\\/\"},{\"@type\":\"ListItem\",\"position\":2,\"name\":\"Nachhaltigkeits-Auszeichnung f\u00fcr mobilezone Schweiz\"}]},{\"@type\":\"WebSite\",\"@id\":\"https:\\\/\\\/www.organisator.ch\\\/#website\",\"url\":\"https:\\\/\\\/www.organisator.ch\\\/\",\"name\":\"Organisator\",\"description\":\"Kompetent. Praxisnah. Der ORGANISATOR bereitet in 10 Ausgaben pro Jahr die wesentlichen Themen f\u00fcr F\u00fchrungskr\u00e4fte von KMU auf.\",\"publisher\":{\"@id\":\"https:\\\/\\\/www.organisator.ch\\\/#organization\"},\"potentialAction\":[{\"@type\":\"SearchAction\",\"target\":{\"@type\":\"EntryPoint\",\"urlTemplate\":\"https:\\\/\\\/www.organisator.ch\\\/?s={search_term_string}\"},\"query-input\":{\"@type\":\"PropertyValueSpecification\",\"valueRequired\":true,\"valueName\":\"search_term_string\"}}],\"inLanguage\":\"it-IT\"},{\"@type\":\"Organization\",\"@id\":\"https:\\\/\\\/www.organisator.ch\\\/#organization\",\"name\":\"Organisator\",\"url\":\"https:\\\/\\\/www.organisator.ch\\\/\",\"logo\":{\"@type\":\"ImageObject\",\"inLanguage\":\"it-IT\",\"@id\":\"https:\\\/\\\/www.organisator.ch\\\/#\\\/schema\\\/logo\\\/image\\\/\",\"url\":\"https:\\\/\\\/www.organisator.ch\\\/wp-content\\\/uploads\\\/2022\\\/01\\\/Logo_Organisator_Website.png\",\"contentUrl\":\"https:\\\/\\\/www.organisator.ch\\\/wp-content\\\/uploads\\\/2022\\\/01\\\/Logo_Organisator_Website.png\",\"width\":800,\"height\":77,\"caption\":\"Organisator\"},\"image\":{\"@id\":\"https:\\\/\\\/www.organisator.ch\\\/#\\\/schema\\\/logo\\\/image\\\/\"},\"sameAs\":[\"https:\\\/\\\/www.facebook.com\\\/OrganisatorFachmagazin\",\"https:\\\/\\\/www.linkedin.com\\\/showcase\\\/organisator-das-magazin-fr-kmu\",\"https:\\\/\\\/www.xing.com\\\/news\\\/pages\\\/organisator-ch-695\",\"https:\\\/\\\/www.youtube.com\\\/channel\\\/UCGP2Sq0iWaZwT3BdIAQFYpw\"]},{\"@type\":\"Person\",\"@id\":\"https:\\\/\\\/www.organisator.ch\\\/#\\\/schema\\\/person\\\/6f650f90b2842cd4c0cc334b4e36f67e\",\"name\":\"thomas.berner\",\"image\":{\"@type\":\"ImageObject\",\"inLanguage\":\"it-IT\",\"@id\":\"https:\\\/\\\/secure.gravatar.com\\\/avatar\\\/ac5001d2a36cb6c6cd3e50789007ffca834b477b74a2144564522e944eabff61?s=96&d=mm&r=g\",\"url\":\"https:\\\/\\\/secure.gravatar.com\\\/avatar\\\/ac5001d2a36cb6c6cd3e50789007ffca834b477b74a2144564522e944eabff61?s=96&d=mm&r=g\",\"contentUrl\":\"https:\\\/\\\/secure.gravatar.com\\\/avatar\\\/ac5001d2a36cb6c6cd3e50789007ffca834b477b74a2144564522e944eabff61?s=96&d=mm&r=g\",\"caption\":\"thomas.berner\"},\"url\":\"https:\\\/\\\/www.organisator.ch\\\/it\\\/author\\\/thomas-berner\\\/\"}]}<\/script>\n<!-- \/ Yoast SEO plugin. -->","yoast_head_json":{"title":"Premio di sostenibilit\u00e0 per mobilezone Svizzera - Organizzatore","description":"Due divisioni di mobilezone Svizzera hanno ricevuto un premio per la sostenibilit\u00e0 da EcoVadis.","robots":{"index":"index","follow":"follow","max-snippet":"max-snippet:-1","max-image-preview":"max-image-preview:large","max-video-preview":"max-video-preview:-1"},"canonical":"https:\/\/www.organisator.ch\/it\/sostenibilita\/2024-06-12\/nachhaltigkeits-auszeichnung-fuer-mobilezone-schweiz\/","og_locale":"it_IT","og_type":"article","og_title":"Nachhaltigkeits-Auszeichnung f\u00fcr mobilezone Schweiz","og_description":"Zwei Gesch\u00e4ftsbereiche von mobilezone Schweiz haben von EcoVadis eine Nachhaltigkeits-Auszeichnung erhalten.","og_url":"https:\/\/www.organisator.ch\/it\/sostenibilita\/2024-06-12\/nachhaltigkeits-auszeichnung-fuer-mobilezone-schweiz\/","og_site_name":"Organisator","article_publisher":"https:\/\/www.facebook.com\/OrganisatorFachmagazin","article_published_time":"2024-06-12T11:40:38+00:00","og_image":[{"width":680,"height":336,"url":"https:\/\/www.organisator.ch\/wp-content\/uploads\/2024\/06\/Nachhaltigkeits-Auszeichnung-fuer-mobilezone-Schweiz-1_Organisator.jpg","type":"image\/jpeg"}],"author":"thomas.berner","twitter_card":"summary_large_image","twitter_title":"#Nachhaltigkeits-Auszeichnung f\u00fcr #mobilezone Schweiz","twitter_description":"Zwei #Gesch\u00e4ftsbereiche von #mobilezone Schweiz haben von #EcoVadis eine #Nachhaltigkeits-Auszeichnung erhalten.","twitter_image":"https:\/\/www.organisator.ch\/wp-content\/uploads\/2024\/06\/Nachhaltigkeits-Auszeichnung-fuer-mobilezone-Schweiz-1_Organisator.jpg","schema":{"@context":"https:\/\/schema.org","@graph":[{"@type":"Article","@id":"https:\/\/www.organisator.ch\/sustainability\/2024-06-12\/nachhaltigkeits-auszeichnung-fuer-mobilezone-schweiz\/#article","isPartOf":{"@id":"https:\/\/www.organisator.ch\/sustainability\/2024-06-12\/nachhaltigkeits-auszeichnung-fuer-mobilezone-schweiz\/"},"author":{"name":"thomas.berner","@id":"https:\/\/www.organisator.ch\/#\/schema\/person\/6f650f90b2842cd4c0cc334b4e36f67e"},"headline":"Nachhaltigkeits-Auszeichnung f\u00fcr mobilezone Schweiz","datePublished":"2024-06-12T11:40:38+00:00","mainEntityOfPage":{"@id":"https:\/\/www.organisator.ch\/sustainability\/2024-06-12\/nachhaltigkeits-auszeichnung-fuer-mobilezone-schweiz\/"},"wordCount":273,"publisher":{"@id":"https:\/\/www.organisator.ch\/#organization"},"image":{"@id":"https:\/\/www.organisator.ch\/sustainability\/2024-06-12\/nachhaltigkeits-auszeichnung-fuer-mobilezone-schweiz\/#primaryimage"},"thumbnailUrl":"https:\/\/www.organisator.ch\/wp-content\/uploads\/2024\/06\/Nachhaltigkeits-Auszeichnung-fuer-mobilezone-Schweiz-1_Organisator.jpg","keywords":["Nachhaltige Wirtschaft","Unternehmen","Zertifizierung"],"articleSection":["SUSTAINABILITY"],"inLanguage":"it-IT"},{"@type":"WebPage","@id":"https:\/\/www.organisator.ch\/sustainability\/2024-06-12\/nachhaltigkeits-auszeichnung-fuer-mobilezone-schweiz\/","url":"https:\/\/www.organisator.ch\/sustainability\/2024-06-12\/nachhaltigkeits-auszeichnung-fuer-mobilezone-schweiz\/","name":"Premio di sostenibilit\u00e0 per mobilezone Svizzera - Organizzatore","isPartOf":{"@id":"https:\/\/www.organisator.ch\/#website"},"primaryImageOfPage":{"@id":"https:\/\/www.organisator.ch\/sustainability\/2024-06-12\/nachhaltigkeits-auszeichnung-fuer-mobilezone-schweiz\/#primaryimage"},"image":{"@id":"https:\/\/www.organisator.ch\/sustainability\/2024-06-12\/nachhaltigkeits-auszeichnung-fuer-mobilezone-schweiz\/#primaryimage"},"thumbnailUrl":"https:\/\/www.organisator.ch\/wp-content\/uploads\/2024\/06\/Nachhaltigkeits-Auszeichnung-fuer-mobilezone-Schweiz-1_Organisator.jpg","datePublished":"2024-06-12T11:40:38+00:00","description":"Due divisioni di mobilezone Svizzera hanno ricevuto un premio per la sostenibilit\u00e0 da EcoVadis.","breadcrumb":{"@id":"https:\/\/www.organisator.ch\/sustainability\/2024-06-12\/nachhaltigkeits-auszeichnung-fuer-mobilezone-schweiz\/#breadcrumb"},"inLanguage":"it-IT","potentialAction":[{"@type":"ReadAction","target":["https:\/\/www.organisator.ch\/sustainability\/2024-06-12\/nachhaltigkeits-auszeichnung-fuer-mobilezone-schweiz\/"]}]},{"@type":"ImageObject","inLanguage":"it-IT","@id":"https:\/\/www.organisator.ch\/sustainability\/2024-06-12\/nachhaltigkeits-auszeichnung-fuer-mobilezone-schweiz\/#primaryimage","url":"https:\/\/www.organisator.ch\/wp-content\/uploads\/2024\/06\/Nachhaltigkeits-Auszeichnung-fuer-mobilezone-Schweiz-1_Organisator.jpg","contentUrl":"https:\/\/www.organisator.ch\/wp-content\/uploads\/2024\/06\/Nachhaltigkeits-Auszeichnung-fuer-mobilezone-Schweiz-1_Organisator.jpg","width":680,"height":336,"caption":"Der Telekomdienstleister mobilezone erh\u00e4lt f\u00fcr seine Nachhaltigkeitsbem\u00fchungen zwei Auszeichnungen. (Bild: Screenshot mobilezone)"},{"@type":"BreadcrumbList","@id":"https:\/\/www.organisator.ch\/sustainability\/2024-06-12\/nachhaltigkeits-auszeichnung-fuer-mobilezone-schweiz\/#breadcrumb","itemListElement":[{"@type":"ListItem","position":1,"name":"Home","item":"https:\/\/www.organisator.ch\/"},{"@type":"ListItem","position":2,"name":"Nachhaltigkeits-Auszeichnung f\u00fcr mobilezone Schweiz"}]},{"@type":"WebSite","@id":"https:\/\/www.organisator.ch\/#website","url":"https:\/\/www.organisator.ch\/","name":"Organizzatore","description":"Competente. Pratico. In 10 numeri all'anno, ORGANISATOR presenta i temi essenziali per i manager delle PMI.","publisher":{"@id":"https:\/\/www.organisator.ch\/#organization"},"potentialAction":[{"@type":"SearchAction","target":{"@type":"EntryPoint","urlTemplate":"https:\/\/www.organisator.ch\/?s={search_term_string}"},"query-input":{"@type":"PropertyValueSpecification","valueRequired":true,"valueName":"search_term_string"}}],"inLanguage":"it-IT"},{"@type":"Organization","@id":"https:\/\/www.organisator.ch\/#organization","name":"Organizzatore","url":"https:\/\/www.organisator.ch\/","logo":{"@type":"ImageObject","inLanguage":"it-IT","@id":"https:\/\/www.organisator.ch\/#\/schema\/logo\/image\/","url":"https:\/\/www.organisator.ch\/wp-content\/uploads\/2022\/01\/Logo_Organisator_Website.png","contentUrl":"https:\/\/www.organisator.ch\/wp-content\/uploads\/2022\/01\/Logo_Organisator_Website.png","width":800,"height":77,"caption":"Organisator"},"image":{"@id":"https:\/\/www.organisator.ch\/#\/schema\/logo\/image\/"},"sameAs":["https:\/\/www.facebook.com\/OrganisatorFachmagazin","https:\/\/www.linkedin.com\/showcase\/organisator-das-magazin-fr-kmu","https:\/\/www.xing.com\/news\/pages\/organisator-ch-695","https:\/\/www.youtube.com\/channel\/UCGP2Sq0iWaZwT3BdIAQFYpw"]},{"@type":"Person","@id":"https:\/\/www.organisator.ch\/#\/schema\/person\/6f650f90b2842cd4c0cc334b4e36f67e","name":"Tommaso.berner","image":{"@type":"ImageObject","inLanguage":"it-IT","@id":"https:\/\/secure.gravatar.com\/avatar\/ac5001d2a36cb6c6cd3e50789007ffca834b477b74a2144564522e944eabff61?s=96&d=mm&r=g","url":"https:\/\/secure.gravatar.com\/avatar\/ac5001d2a36cb6c6cd3e50789007ffca834b477b74a2144564522e944eabff61?s=96&d=mm&r=g","contentUrl":"https:\/\/secure.gravatar.com\/avatar\/ac5001d2a36cb6c6cd3e50789007ffca834b477b74a2144564522e944eabff61?s=96&d=mm&r=g","caption":"thomas.berner"},"url":"https:\/\/www.organisator.ch\/it\/author\/thomas-berner\/"}]}},"_links":{"self":[{"href":"https:\/\/www.organisator.ch\/it\/wp-json\/wp\/v2\/posts\/27597","targetHints":{"allow":["GET"]}}],"collection":[{"href":"https:\/\/www.organisator.ch\/it\/wp-json\/wp\/v2\/posts"}],"about":[{"href":"https:\/\/www.organisator.ch\/it\/wp-json\/wp\/v2\/types\/post"}],"author":[{"embeddable":true,"href":"https:\/\/www.organisator.ch\/it\/wp-json\/wp\/v2\/users\/4"}],"replies":[{"embeddable":true,"href":"https:\/\/www.organisator.ch\/it\/wp-json\/wp\/v2\/comments?post=27597"}],"version-history":[{"count":4,"href":"https:\/\/www.organisator.ch\/it\/wp-json\/wp\/v2\/posts\/27597\/revisions"}],"predecessor-version":[{"id":27663,"href":"https:\/\/www.organisator.ch\/it\/wp-json\/wp\/v2\/posts\/27597\/revisions\/27663"}],"wp:featuredmedia":[{"embeddable":true,"href":"https:\/\/www.organisator.ch\/it\/wp-json\/wp\/v2\/media\/27606"}],"wp:attachment":[{"href":"https:\/\/www.organisator.ch\/it\/wp-json\/wp\/v2\/media?parent=27597"}],"wp:term":[{"taxonomy":"category","embeddable":true,"href":"https:\/\/www.organisator.ch\/it\/wp-json\/wp\/v2\/categories?post=27597"},{"taxonomy":"post_tag","embeddable":true,"href":"https:\/\/www.organisator.ch\/it\/wp-json\/wp\/v2\/tags?post=27597"}],"curies":[{"name":"wp","href":"https:\/\/api.w.org\/{rel}","templated":true}]}}