{"id":2760,"date":"2020-01-20T14:34:20","date_gmt":"2020-01-20T13:34:20","guid":{"rendered":"https:\/\/www.umweltperspektiven.ch\/?p=2760"},"modified":"2022-02-09T11:10:00","modified_gmt":"2022-02-09T10:10:00","slug":"swissbau-2020-innovationsgeist-und-umbruchstimmung-in-der-baubranche","status":"publish","type":"post","link":"https:\/\/www.organisator.ch\/it\/sustainability\/2020-01-20\/swissbau-2020-innovationsgeist-und-umbruchstimmung-in-der-baubranche\/","title":{"rendered":"Swissbau 2020: spirito innovativo e atmosfera di cambiamento nel settore delle costruzioni"},"content":{"rendered":"<p>&nbsp;<\/p>\n<figure id=\"attachment_2761\" aria-describedby=\"caption-attachment-2761\" style=\"width: 680px\" class=\"wp-caption alignnone\"><img loading=\"lazy\" decoding=\"async\" class=\"size-medium wp-image-2761\" src=\"\/\/www.umweltperspektiven.ch\/wp-content\/uploads\/2020\/01\/Swissbau2020-UP_Umwelt-Perspektiven.jpg\" alt=\"\" width=\"680\" height=\"453\" \/><figcaption id=\"caption-attachment-2761\" class=\"wp-caption-text\">Cinque giorni di fiera, 902 espositori, 17 nazioni e 110.000 metri quadrati di spazio espositivo: Swissbau 2020 ha chiuso i battenti il 18 gennaio 2020 e ha entusiasmato 92.269 visitatori. (Immagine: Swissbau)<\/figcaption><\/figure>\n<p>&nbsp;<\/p>\n<p>Ogni due anni, Swissbau riunisce a Basilea i pi\u00f9 importanti operatori del settore della progettazione, dell'edilizia e dell'immobiliare. La Swissbau \u00e8 stata inaugurata marted\u00ec scorso alla presenza di parlamentari federali e rappresentanti del governo di Basilea. Un taglio del nastro di tipo diverso \u00e8 stato effettuato davanti alla Tour d'horizon dell'Associazione svizzera dei capomastri sulla Piazza dell'Esposizione: Hans St\u00f6ckli, Presidente del Consiglio degli Stati, ha tagliato con una sega un nastro di costruzione e ha inaugurato ufficialmente Swissbau 2020 con questo atto simbolico. Nei padiglioni espositivi, gli espositori hanno deliziato i visitatori con le loro presentazioni fieristiche creative e impressionanti in tutti i settori.<\/p>\n<p><strong>Trasferimento di conoscenze e sostenibilit\u00e0\u00a0\u00a0<\/strong><br \/>\nInsieme a 38 partner, Swissbau Focus ha offerto al pubblico interessato un evento di rilievo e una piattaforma di networking: le sfide attuali del settore sono state discusse in 80 eventi e le conoscenze su temi attuali sono state trasmesse da oltre 300 relatori. Anche il tema della sostenibilit\u00e0 nell'industria delle costruzioni \u00e8 stato onnipresente e discusso in molti modi diversi: Il riscaldamento rinnovabile \u00e8 stato solo uno degli argomenti pi\u00f9 interessanti della Swissbau Focus Arena. I partner principali Swissbau Focus, SwissEnergy e SIA sono estremamente soddisfatti del percorso di Swissbau Focus.<\/p>\n<p><strong>Piattaforma per la trasformazione digitale<\/strong><br \/>\nLo Swissbau Innovation Lab, lanciato nel 2018 insieme ai partner principali Bauen Digital Schweiz, Innosuisse e SIA, pone l'edilizia digitale al centro dell'attenzione. Insieme a 77 partner tra ricerca, progettazione, costruzione e gestione, \u00e8 stato realizzato un allestimento innovativo con un concetto architettonico inedito. Uno dei punti salienti dello Swissbau Innovation Lab \u00e8 stata la iRoom con uno spettacolo in 3D e lo Speakers Corner, lanciato per la prima volta: tutti i partner hanno presentato i loro casi d'uso digitali in brevi interventi sul palco dello Speakers Corner, mostrando cos\u00ec come la digitalizzazione si sta facendo strada nelle loro aziende.<\/p>\n<p><strong>Sviluppo tematico\u00a0<\/strong><br \/>\nCon l'integrazione delle due fiere Ineltec e Sicherheit, per la prima volta sono stati riuniti sotto lo stesso tetto i temi dell'automazione degli edifici, dell'installazione elettrica, dell'energia negli edifici, della luce e dell'illuminotecnica, nonch\u00e9 della sicurezza degli edifici. Sia gli espositori che i visitatori vedono in questa fusione un passo nella giusta direzione. In stretta collaborazione con i principali produttori e opinion leader, il concetto di fiera per il 2022 sar\u00e0 ulteriormente sviluppato in base alle esigenze del settore.<\/p>\n<p>In qualit\u00e0 di fiera leader per l'industria svizzera delle costruzioni e dell'immobiliare, con circa 80% di visitatori, Swissbau riunisce la competenza decisionale della Svizzera - compressa in un unico luogo. Ogni due anni, Swissbau \u00e8 una fonte di ispirazione, una piattaforma di scambio e un radar di innovazione per l'intero settore svizzero della progettazione, della costruzione e dell'immobiliare.<\/p>\n<p>La prossima edizione della Swissbau si terr\u00e0 per quattro giorni, da marted\u00ec 18 a venerd\u00ec 21 gennaio 2022 a Basilea.<\/p>\n<p><a href=\"\/\/www.swissbau.ch\/\">www.swissbau.ch\/<\/a><\/p>\n<p>&nbsp;<\/p>\n<p>&nbsp;<\/p>\n<p>&nbsp;<\/p>","protected":false},"excerpt":{"rendered":"<p>&nbsp; &nbsp; Alle zwei Jahre versammelt die Swissbau die wichtigsten Akteure der Planungs-, Bau- und Immobilienbranche in Basel. In Anwesenheit eidgen\u00f6ssischer Parlamentarierinnen und Parlamentariern sowie Regierungsvertretern beider Basel wurde die Swissbau letzten Dienstag feierlich er\u00f6ffnet. Vor dem Tour d&#8217;horizon des Schweizerischen Baumeisterverbandes auf dem Messeplatz wurde ein Ribbon-Cut der anderen Art vollzogen: Mit der S\u00e4ge [&hellip;]<\/p>\n","protected":false},"author":5,"featured_media":9674,"comment_status":"closed","ping_status":"closed","sticky":false,"template":"","format":"standard","meta":{"_acf_changed":false,"_yoast_wpseo_focuskw":"Swissbau","_yoast_wpseo_metadesc":"An der 26. Ausgabe der Swissbau stand der Dialog von Mensch zu Mensch im Zentrum. Die Protagonisten der Baubranche \u00fcber neue Bed\u00fcrfnisse.","articlekey":"","footnotes":""},"categories":[580],"tags":[772,1690,1753,2035],"class_list":["post-2760","post","type-post","status-publish","format-standard","has-post-thumbnail","hentry","category-sustainability","tag-basel","tag-messe","tag-nachhaltig-bauen","tag-rueckschau"],"acf":[],"yoast_head":"<!-- This site is optimized with the Yoast SEO plugin v27.4 - https:\/\/yoast.com\/product\/yoast-seo-wordpress\/ -->\n<title>Swissbau 2020: Innovationsgeist und Umbruchstimmung in der Baubranche - Organisator<\/title>\n<meta name=\"description\" content=\"An der 26. Ausgabe der Swissbau stand der Dialog von Mensch zu Mensch im Zentrum. Die Protagonisten der Baubranche \u00fcber neue Bed\u00fcrfnisse.\" \/>\n<meta name=\"robots\" content=\"index, follow, max-snippet:-1, max-image-preview:large, max-video-preview:-1\" \/>\n<link rel=\"canonical\" href=\"https:\/\/www.organisator.ch\/it\/sostenibilita\/2020-01-20\/swissbau-2020-innovationsgeist-und-umbruchstimmung-in-der-baubranche\/\" \/>\n<meta property=\"og:locale\" content=\"it_IT\" \/>\n<meta property=\"og:type\" content=\"article\" \/>\n<meta property=\"og:title\" content=\"Swissbau 2020: Innovationsgeist und Umbruchstimmung in der Baubranche - Organisator\" \/>\n<meta property=\"og:description\" content=\"An der 26. Ausgabe der Swissbau stand der Dialog von Mensch zu Mensch im Zentrum. Die Protagonisten der Baubranche \u00fcber neue Bed\u00fcrfnisse.\" \/>\n<meta property=\"og:url\" content=\"https:\/\/www.organisator.ch\/it\/sostenibilita\/2020-01-20\/swissbau-2020-innovationsgeist-und-umbruchstimmung-in-der-baubranche\/\" \/>\n<meta property=\"og:site_name\" content=\"Organisator\" \/>\n<meta property=\"article:publisher\" content=\"https:\/\/www.facebook.com\/OrganisatorFachmagazin\" \/>\n<meta property=\"article:published_time\" content=\"2020-01-20T13:34:20+00:00\" \/>\n<meta property=\"article:modified_time\" content=\"2022-02-09T10:10:00+00:00\" \/>\n<meta property=\"og:image\" content=\"https:\/\/www.organisator.ch\/wp-content\/uploads\/2020\/01\/Swissbau2020-UP_Umwelt-Perspektiven-1024x682.jpg\" \/>\n\t<meta property=\"og:image:width\" content=\"1024\" \/>\n\t<meta property=\"og:image:height\" content=\"682\" \/>\n\t<meta property=\"og:image:type\" content=\"image\/jpeg\" \/>\n<meta name=\"author\" content=\"michael.merz\" \/>\n<meta name=\"twitter:card\" content=\"summary_large_image\" \/>\n<script type=\"application\/ld+json\" class=\"yoast-schema-graph\">{\"@context\":\"https:\\\/\\\/schema.org\",\"@graph\":[{\"@type\":\"Article\",\"@id\":\"https:\\\/\\\/www.organisator.ch\\\/sustainability\\\/2020-01-20\\\/swissbau-2020-innovationsgeist-und-umbruchstimmung-in-der-baubranche\\\/#article\",\"isPartOf\":{\"@id\":\"https:\\\/\\\/www.organisator.ch\\\/sustainability\\\/2020-01-20\\\/swissbau-2020-innovationsgeist-und-umbruchstimmung-in-der-baubranche\\\/\"},\"author\":{\"name\":\"michael.merz\",\"@id\":\"https:\\\/\\\/www.organisator.ch\\\/#\\\/schema\\\/person\\\/134708ca9321c57b0362cceb7948ffbd\"},\"headline\":\"Swissbau 2020: Innovationsgeist und Umbruchstimmung in der Baubranche\",\"datePublished\":\"2020-01-20T13:34:20+00:00\",\"dateModified\":\"2022-02-09T10:10:00+00:00\",\"mainEntityOfPage\":{\"@id\":\"https:\\\/\\\/www.organisator.ch\\\/sustainability\\\/2020-01-20\\\/swissbau-2020-innovationsgeist-und-umbruchstimmung-in-der-baubranche\\\/\"},\"wordCount\":439,\"publisher\":{\"@id\":\"https:\\\/\\\/www.organisator.ch\\\/#organization\"},\"image\":{\"@id\":\"https:\\\/\\\/www.organisator.ch\\\/sustainability\\\/2020-01-20\\\/swissbau-2020-innovationsgeist-und-umbruchstimmung-in-der-baubranche\\\/#primaryimage\"},\"thumbnailUrl\":\"https:\\\/\\\/www.organisator.ch\\\/wp-content\\\/uploads\\\/2020\\\/01\\\/Swissbau2020-UP_Umwelt-Perspektiven.jpg\",\"keywords\":[\"Basel\",\"Messe\",\"Nachhaltig Bauen\",\"R\u00fcckschau\"],\"articleSection\":[\"SUSTAINABILITY\"],\"inLanguage\":\"it-IT\"},{\"@type\":\"WebPage\",\"@id\":\"https:\\\/\\\/www.organisator.ch\\\/sustainability\\\/2020-01-20\\\/swissbau-2020-innovationsgeist-und-umbruchstimmung-in-der-baubranche\\\/\",\"url\":\"https:\\\/\\\/www.organisator.ch\\\/sustainability\\\/2020-01-20\\\/swissbau-2020-innovationsgeist-und-umbruchstimmung-in-der-baubranche\\\/\",\"name\":\"Swissbau 2020: Innovationsgeist und Umbruchstimmung in der Baubranche - Organisator\",\"isPartOf\":{\"@id\":\"https:\\\/\\\/www.organisator.ch\\\/#website\"},\"primaryImageOfPage\":{\"@id\":\"https:\\\/\\\/www.organisator.ch\\\/sustainability\\\/2020-01-20\\\/swissbau-2020-innovationsgeist-und-umbruchstimmung-in-der-baubranche\\\/#primaryimage\"},\"image\":{\"@id\":\"https:\\\/\\\/www.organisator.ch\\\/sustainability\\\/2020-01-20\\\/swissbau-2020-innovationsgeist-und-umbruchstimmung-in-der-baubranche\\\/#primaryimage\"},\"thumbnailUrl\":\"https:\\\/\\\/www.organisator.ch\\\/wp-content\\\/uploads\\\/2020\\\/01\\\/Swissbau2020-UP_Umwelt-Perspektiven.jpg\",\"datePublished\":\"2020-01-20T13:34:20+00:00\",\"dateModified\":\"2022-02-09T10:10:00+00:00\",\"description\":\"An der 26. Ausgabe der Swissbau stand der Dialog von Mensch zu Mensch im Zentrum. Die Protagonisten der Baubranche \u00fcber neue Bed\u00fcrfnisse.\",\"breadcrumb\":{\"@id\":\"https:\\\/\\\/www.organisator.ch\\\/sustainability\\\/2020-01-20\\\/swissbau-2020-innovationsgeist-und-umbruchstimmung-in-der-baubranche\\\/#breadcrumb\"},\"inLanguage\":\"it-IT\",\"potentialAction\":[{\"@type\":\"ReadAction\",\"target\":[\"https:\\\/\\\/www.organisator.ch\\\/sustainability\\\/2020-01-20\\\/swissbau-2020-innovationsgeist-und-umbruchstimmung-in-der-baubranche\\\/\"]}]},{\"@type\":\"ImageObject\",\"inLanguage\":\"it-IT\",\"@id\":\"https:\\\/\\\/www.organisator.ch\\\/sustainability\\\/2020-01-20\\\/swissbau-2020-innovationsgeist-und-umbruchstimmung-in-der-baubranche\\\/#primaryimage\",\"url\":\"https:\\\/\\\/www.organisator.ch\\\/wp-content\\\/uploads\\\/2020\\\/01\\\/Swissbau2020-UP_Umwelt-Perspektiven.jpg\",\"contentUrl\":\"https:\\\/\\\/www.organisator.ch\\\/wp-content\\\/uploads\\\/2020\\\/01\\\/Swissbau2020-UP_Umwelt-Perspektiven.jpg\",\"width\":1732,\"height\":1154,\"caption\":\"5 Messetage, 902 Aussteller, 17 Nationen und 110 000m2 Ausstellungsfl\u00e4che: Die Swissbau 2020 hat letzten Samstag ihre T\u00fcren geschlossen und 92'269 Besucher begeistert. (Bild: Swissbau)\"},{\"@type\":\"BreadcrumbList\",\"@id\":\"https:\\\/\\\/www.organisator.ch\\\/sustainability\\\/2020-01-20\\\/swissbau-2020-innovationsgeist-und-umbruchstimmung-in-der-baubranche\\\/#breadcrumb\",\"itemListElement\":[{\"@type\":\"ListItem\",\"position\":1,\"name\":\"Home\",\"item\":\"https:\\\/\\\/www.organisator.ch\\\/\"},{\"@type\":\"ListItem\",\"position\":2,\"name\":\"Swissbau 2020: Innovationsgeist und Umbruchstimmung in der Baubranche\"}]},{\"@type\":\"WebSite\",\"@id\":\"https:\\\/\\\/www.organisator.ch\\\/#website\",\"url\":\"https:\\\/\\\/www.organisator.ch\\\/\",\"name\":\"Organisator\",\"description\":\"Kompetent. Praxisnah. Der ORGANISATOR bereitet in 10 Ausgaben pro Jahr die wesentlichen Themen f\u00fcr F\u00fchrungskr\u00e4fte von KMU auf.\",\"publisher\":{\"@id\":\"https:\\\/\\\/www.organisator.ch\\\/#organization\"},\"potentialAction\":[{\"@type\":\"SearchAction\",\"target\":{\"@type\":\"EntryPoint\",\"urlTemplate\":\"https:\\\/\\\/www.organisator.ch\\\/?s={search_term_string}\"},\"query-input\":{\"@type\":\"PropertyValueSpecification\",\"valueRequired\":true,\"valueName\":\"search_term_string\"}}],\"inLanguage\":\"it-IT\"},{\"@type\":\"Organization\",\"@id\":\"https:\\\/\\\/www.organisator.ch\\\/#organization\",\"name\":\"Organisator\",\"url\":\"https:\\\/\\\/www.organisator.ch\\\/\",\"logo\":{\"@type\":\"ImageObject\",\"inLanguage\":\"it-IT\",\"@id\":\"https:\\\/\\\/www.organisator.ch\\\/#\\\/schema\\\/logo\\\/image\\\/\",\"url\":\"https:\\\/\\\/www.organisator.ch\\\/wp-content\\\/uploads\\\/2022\\\/01\\\/Logo_Organisator_Website.png\",\"contentUrl\":\"https:\\\/\\\/www.organisator.ch\\\/wp-content\\\/uploads\\\/2022\\\/01\\\/Logo_Organisator_Website.png\",\"width\":800,\"height\":77,\"caption\":\"Organisator\"},\"image\":{\"@id\":\"https:\\\/\\\/www.organisator.ch\\\/#\\\/schema\\\/logo\\\/image\\\/\"},\"sameAs\":[\"https:\\\/\\\/www.facebook.com\\\/OrganisatorFachmagazin\",\"https:\\\/\\\/www.linkedin.com\\\/showcase\\\/organisator-das-magazin-fr-kmu\",\"https:\\\/\\\/www.xing.com\\\/news\\\/pages\\\/organisator-ch-695\",\"https:\\\/\\\/www.youtube.com\\\/channel\\\/UCGP2Sq0iWaZwT3BdIAQFYpw\"]},{\"@type\":\"Person\",\"@id\":\"https:\\\/\\\/www.organisator.ch\\\/#\\\/schema\\\/person\\\/134708ca9321c57b0362cceb7948ffbd\",\"name\":\"michael.merz\",\"image\":{\"@type\":\"ImageObject\",\"inLanguage\":\"it-IT\",\"@id\":\"https:\\\/\\\/secure.gravatar.com\\\/avatar\\\/?s=96&d=mm&r=g\",\"url\":\"https:\\\/\\\/secure.gravatar.com\\\/avatar\\\/?s=96&d=mm&r=g\",\"contentUrl\":\"https:\\\/\\\/secure.gravatar.com\\\/avatar\\\/?s=96&d=mm&r=g\",\"caption\":\"michael.merz\"},\"url\":\"https:\\\/\\\/www.organisator.ch\\\/it\\\/author\\\/michael-merz\\\/\"}]}<\/script>\n<!-- \/ Yoast SEO plugin. -->","yoast_head_json":{"title":"Swissbau 2020: spirito innovativo e spirito di cambiamento nell'industria delle costruzioni - Organizzatore","description":"La 26a edizione della Swissbau si \u00e8 concentrata sul dialogo tra le persone. I protagonisti dell'industria delle costruzioni sulle nuove esigenze.","robots":{"index":"index","follow":"follow","max-snippet":"max-snippet:-1","max-image-preview":"max-image-preview:large","max-video-preview":"max-video-preview:-1"},"canonical":"https:\/\/www.organisator.ch\/it\/sostenibilita\/2020-01-20\/swissbau-2020-innovationsgeist-und-umbruchstimmung-in-der-baubranche\/","og_locale":"it_IT","og_type":"article","og_title":"Swissbau 2020: Innovationsgeist und Umbruchstimmung in der Baubranche - Organisator","og_description":"An der 26. Ausgabe der Swissbau stand der Dialog von Mensch zu Mensch im Zentrum. Die Protagonisten der Baubranche \u00fcber neue Bed\u00fcrfnisse.","og_url":"https:\/\/www.organisator.ch\/it\/sostenibilita\/2020-01-20\/swissbau-2020-innovationsgeist-und-umbruchstimmung-in-der-baubranche\/","og_site_name":"Organisator","article_publisher":"https:\/\/www.facebook.com\/OrganisatorFachmagazin","article_published_time":"2020-01-20T13:34:20+00:00","article_modified_time":"2022-02-09T10:10:00+00:00","og_image":[{"width":1024,"height":682,"url":"https:\/\/www.organisator.ch\/wp-content\/uploads\/2020\/01\/Swissbau2020-UP_Umwelt-Perspektiven-1024x682.jpg","type":"image\/jpeg"}],"author":"michael.merz","twitter_card":"summary_large_image","schema":{"@context":"https:\/\/schema.org","@graph":[{"@type":"Article","@id":"https:\/\/www.organisator.ch\/sustainability\/2020-01-20\/swissbau-2020-innovationsgeist-und-umbruchstimmung-in-der-baubranche\/#article","isPartOf":{"@id":"https:\/\/www.organisator.ch\/sustainability\/2020-01-20\/swissbau-2020-innovationsgeist-und-umbruchstimmung-in-der-baubranche\/"},"author":{"name":"michael.merz","@id":"https:\/\/www.organisator.ch\/#\/schema\/person\/134708ca9321c57b0362cceb7948ffbd"},"headline":"Swissbau 2020: Innovationsgeist und Umbruchstimmung in der Baubranche","datePublished":"2020-01-20T13:34:20+00:00","dateModified":"2022-02-09T10:10:00+00:00","mainEntityOfPage":{"@id":"https:\/\/www.organisator.ch\/sustainability\/2020-01-20\/swissbau-2020-innovationsgeist-und-umbruchstimmung-in-der-baubranche\/"},"wordCount":439,"publisher":{"@id":"https:\/\/www.organisator.ch\/#organization"},"image":{"@id":"https:\/\/www.organisator.ch\/sustainability\/2020-01-20\/swissbau-2020-innovationsgeist-und-umbruchstimmung-in-der-baubranche\/#primaryimage"},"thumbnailUrl":"https:\/\/www.organisator.ch\/wp-content\/uploads\/2020\/01\/Swissbau2020-UP_Umwelt-Perspektiven.jpg","keywords":["Basel","Messe","Nachhaltig Bauen","R\u00fcckschau"],"articleSection":["SUSTAINABILITY"],"inLanguage":"it-IT"},{"@type":"WebPage","@id":"https:\/\/www.organisator.ch\/sustainability\/2020-01-20\/swissbau-2020-innovationsgeist-und-umbruchstimmung-in-der-baubranche\/","url":"https:\/\/www.organisator.ch\/sustainability\/2020-01-20\/swissbau-2020-innovationsgeist-und-umbruchstimmung-in-der-baubranche\/","name":"Swissbau 2020: spirito innovativo e spirito di cambiamento nell'industria delle costruzioni - Organizzatore","isPartOf":{"@id":"https:\/\/www.organisator.ch\/#website"},"primaryImageOfPage":{"@id":"https:\/\/www.organisator.ch\/sustainability\/2020-01-20\/swissbau-2020-innovationsgeist-und-umbruchstimmung-in-der-baubranche\/#primaryimage"},"image":{"@id":"https:\/\/www.organisator.ch\/sustainability\/2020-01-20\/swissbau-2020-innovationsgeist-und-umbruchstimmung-in-der-baubranche\/#primaryimage"},"thumbnailUrl":"https:\/\/www.organisator.ch\/wp-content\/uploads\/2020\/01\/Swissbau2020-UP_Umwelt-Perspektiven.jpg","datePublished":"2020-01-20T13:34:20+00:00","dateModified":"2022-02-09T10:10:00+00:00","description":"La 26a edizione della Swissbau si \u00e8 concentrata sul dialogo tra le persone. I protagonisti dell'industria delle costruzioni sulle nuove esigenze.","breadcrumb":{"@id":"https:\/\/www.organisator.ch\/sustainability\/2020-01-20\/swissbau-2020-innovationsgeist-und-umbruchstimmung-in-der-baubranche\/#breadcrumb"},"inLanguage":"it-IT","potentialAction":[{"@type":"ReadAction","target":["https:\/\/www.organisator.ch\/sustainability\/2020-01-20\/swissbau-2020-innovationsgeist-und-umbruchstimmung-in-der-baubranche\/"]}]},{"@type":"ImageObject","inLanguage":"it-IT","@id":"https:\/\/www.organisator.ch\/sustainability\/2020-01-20\/swissbau-2020-innovationsgeist-und-umbruchstimmung-in-der-baubranche\/#primaryimage","url":"https:\/\/www.organisator.ch\/wp-content\/uploads\/2020\/01\/Swissbau2020-UP_Umwelt-Perspektiven.jpg","contentUrl":"https:\/\/www.organisator.ch\/wp-content\/uploads\/2020\/01\/Swissbau2020-UP_Umwelt-Perspektiven.jpg","width":1732,"height":1154,"caption":"5 Messetage, 902 Aussteller, 17 Nationen und 110 000m2 Ausstellungsfl\u00e4che: Die Swissbau 2020 hat letzten Samstag ihre T\u00fcren geschlossen und 92'269 Besucher begeistert. (Bild: Swissbau)"},{"@type":"BreadcrumbList","@id":"https:\/\/www.organisator.ch\/sustainability\/2020-01-20\/swissbau-2020-innovationsgeist-und-umbruchstimmung-in-der-baubranche\/#breadcrumb","itemListElement":[{"@type":"ListItem","position":1,"name":"Home","item":"https:\/\/www.organisator.ch\/"},{"@type":"ListItem","position":2,"name":"Swissbau 2020: Innovationsgeist und Umbruchstimmung in der Baubranche"}]},{"@type":"WebSite","@id":"https:\/\/www.organisator.ch\/#website","url":"https:\/\/www.organisator.ch\/","name":"Organizzatore","description":"Competente. Pratico. In 10 numeri all'anno, ORGANISATOR presenta i temi essenziali per i manager delle PMI.","publisher":{"@id":"https:\/\/www.organisator.ch\/#organization"},"potentialAction":[{"@type":"SearchAction","target":{"@type":"EntryPoint","urlTemplate":"https:\/\/www.organisator.ch\/?s={search_term_string}"},"query-input":{"@type":"PropertyValueSpecification","valueRequired":true,"valueName":"search_term_string"}}],"inLanguage":"it-IT"},{"@type":"Organization","@id":"https:\/\/www.organisator.ch\/#organization","name":"Organizzatore","url":"https:\/\/www.organisator.ch\/","logo":{"@type":"ImageObject","inLanguage":"it-IT","@id":"https:\/\/www.organisator.ch\/#\/schema\/logo\/image\/","url":"https:\/\/www.organisator.ch\/wp-content\/uploads\/2022\/01\/Logo_Organisator_Website.png","contentUrl":"https:\/\/www.organisator.ch\/wp-content\/uploads\/2022\/01\/Logo_Organisator_Website.png","width":800,"height":77,"caption":"Organisator"},"image":{"@id":"https:\/\/www.organisator.ch\/#\/schema\/logo\/image\/"},"sameAs":["https:\/\/www.facebook.com\/OrganisatorFachmagazin","https:\/\/www.linkedin.com\/showcase\/organisator-das-magazin-fr-kmu","https:\/\/www.xing.com\/news\/pages\/organisator-ch-695","https:\/\/www.youtube.com\/channel\/UCGP2Sq0iWaZwT3BdIAQFYpw"]},{"@type":"Person","@id":"https:\/\/www.organisator.ch\/#\/schema\/person\/134708ca9321c57b0362cceb7948ffbd","name":"michael.merz","image":{"@type":"ImageObject","inLanguage":"it-IT","@id":"https:\/\/secure.gravatar.com\/avatar\/?s=96&d=mm&r=g","url":"https:\/\/secure.gravatar.com\/avatar\/?s=96&d=mm&r=g","contentUrl":"https:\/\/secure.gravatar.com\/avatar\/?s=96&d=mm&r=g","caption":"michael.merz"},"url":"https:\/\/www.organisator.ch\/it\/author\/michael-merz\/"}]}},"_links":{"self":[{"href":"https:\/\/www.organisator.ch\/it\/wp-json\/wp\/v2\/posts\/2760","targetHints":{"allow":["GET"]}}],"collection":[{"href":"https:\/\/www.organisator.ch\/it\/wp-json\/wp\/v2\/posts"}],"about":[{"href":"https:\/\/www.organisator.ch\/it\/wp-json\/wp\/v2\/types\/post"}],"author":[{"embeddable":true,"href":"https:\/\/www.organisator.ch\/it\/wp-json\/wp\/v2\/users\/5"}],"replies":[{"embeddable":true,"href":"https:\/\/www.organisator.ch\/it\/wp-json\/wp\/v2\/comments?post=2760"}],"version-history":[{"count":1,"href":"https:\/\/www.organisator.ch\/it\/wp-json\/wp\/v2\/posts\/2760\/revisions"}],"predecessor-version":[{"id":10854,"href":"https:\/\/www.organisator.ch\/it\/wp-json\/wp\/v2\/posts\/2760\/revisions\/10854"}],"wp:featuredmedia":[{"embeddable":true,"href":"https:\/\/www.organisator.ch\/it\/wp-json\/wp\/v2\/media\/9674"}],"wp:attachment":[{"href":"https:\/\/www.organisator.ch\/it\/wp-json\/wp\/v2\/media?parent=2760"}],"wp:term":[{"taxonomy":"category","embeddable":true,"href":"https:\/\/www.organisator.ch\/it\/wp-json\/wp\/v2\/categories?post=2760"},{"taxonomy":"post_tag","embeddable":true,"href":"https:\/\/www.organisator.ch\/it\/wp-json\/wp\/v2\/tags?post=2760"}],"curies":[{"name":"wp","href":"https:\/\/api.w.org\/{rel}","templated":true}]}}