{"id":27719,"date":"2024-06-14T11:24:53","date_gmt":"2024-06-14T09:24:53","guid":{"rendered":"https:\/\/www.m-q.ch\/?p=19927"},"modified":"2024-11-10T12:46:01","modified_gmt":"2024-11-10T11:46:01","slug":"155-vereinsversammlung-des-svti-richtet-blick-in-die-zukunft","status":"publish","type":"post","link":"https:\/\/www.organisator.ch\/it\/operational-excellence\/2024-06-14\/155-vereinsversammlung-des-svti-richtet-blick-in-die-zukunft\/","title":{"rendered":"La 155a Assemblea della SVTI guarda al futuro"},"content":{"rendered":"<figure id=\"attachment_19928\" class=\"wp-caption alignnone\" style=\"width: 680px\" aria-describedby=\"caption-attachment-19928\"><img class=\"alignnone wp-image-19928 size-full\" src=\"https:\/\/www.m-q.ch\/wp-content\/uploads\/2024\/06\/Vereinsversammlung-des-SVTI-richtet-Blick-in-die-Zukunft_MQpng.png\" alt=\"SVTI \" width=\"680\" height=\"383\" \/>\r\n<figcaption id=\"caption-attachment-19928\" class=\"wp-caption-text\">La Kayla Klarissa, generata dall'intelligenza artificiale, consente l'accesso alla <a href=\"https:\/\/www.youtube.com\/watch?v=WIX1Hfk0XHk\">Video<\/a> una panoramica dei punti salienti di SVTI per il 2023. (Immagine: Screenshot SVTI)<\/figcaption>\r\n<\/figure>\r\n<p>La 155a Assemblea generale della SVTI, l'Associazione svizzera per le ispezioni tecniche, \u00e8 stata all'insegna del futuro. Tuttavia, la SVTI pu\u00f2 anche guardare indietro a un anno di successo, come dimostra il rapporto annuale 2023.\u00a0<\/p>\r\n<h3><strong>2023 dal punto di vista della Direzione generale e del management<\/strong><\/h3>\r\n<p>L'SVTI pu\u00f2 quindi guardare al 2023 come a un anno finanziario soddisfacente. Secondo il rapporto annuale, tutti gli ispettorati hanno registrato una performance commerciale positiva e gli ispettori e gli esperti sono stati ben utilizzati. Gli ispettorati sono impostati con uno sguardo al futuro e soddisfano perfettamente le esigenze dei loro clienti, prosegue il rapporto. Anche lo sviluppo del Gruppo SVTI con il Centro Svizzero di Sicurezza e le filiali \u00e8 stato positivo. La strategia di consolidare tutte le attivit\u00e0 dei freelance nel Centro svizzero per la sicurezza si \u00e8 rivelata vincente e sar\u00e0 ulteriormente ampliata, hanno annunciato il Consiglio di amministrazione e la Direzione generale.<\/p>\r\n<h3><strong>Dagli ispettorati SVTI<\/strong><\/h3>\r\n<p>L'Ispettorato delle caldaie, sotto la nuova guida del Dr. Ren\u00e9 Burkhard, ha notato con piacere che ancora una volta sono stati registrati pi\u00f9 dispositivi che cancellati. La Giornata svizzera degli ascensori, la cui seconda edizione \u00e8 stata organizzata dall'Ispettorato federale degli ascensori (EIA) a Wallisellen nel giugno 2023, si \u00e8 affermata come evento e luogo di incontro per tutti gli interessati agli ascensori. Nell'Ispettorato federale degli oleodotti, un gruppo di lavoro ha esaminato le modifiche necessarie all'ordinanza sugli oleodotti (RLV) e all'ordinanza sulla sicurezza degli oleodotti (RLSV) al fine di creare i requisiti tecnici per i nuovi oleodotti. Nell'Ispettorato nucleare, il sistema \"echolyst - Impact-Echo-System\" \u00e8 stato promosso come priorit\u00e0 di sviluppo. Il Dipartimento per la sorveglianza del mercato delle apparecchiature a pressione ha svolto un programma di campionamento casuale per garantire l'emissione di richiami e avvertimenti per i prodotti gi\u00e0 presenti sul mercato.<\/p>\r\n<h3><strong>Sostenibilit\u00e0 e innovazione nel Gruppo SVTI<\/strong><\/h3>\r\n<p>Nel 2023 sono state attuate diverse misure sostenibili presso il Gruppo SVTI, tra cui l'installazione di stazioni di ricarica per auto elettriche. Nel 2024 \u00e8 prevista l'installazione di un impianto fotovoltaico sul tetto piano dell'edificio Richtistrasse 15 a Wallisellen. Nell'ambito dell'innovazione, l'attenzione si concentra su nuovi metodi di controllo non distruttivi e sul sostegno all'industria per la decarbonizzazione. Ad esempio, un progetto intitolato \"Uso delle tecnologie blockchain nei processi di collaudo\" \u00e8 finanziato dal fondo per l'innovazione. Sostenibilit\u00e0, innovazione e il nostro ruolo di datore di lavoro attraente sono valori che contribuiscono in modo significativo al nostro continuo successo.<\/p>\r\n<h3>Il tema dell'intelligenza artificiale \u00e8 arrivato anche alla SVTI<\/h3>\r\n<p>Una novit\u00e0 del rapporto annuale digitale della SVTI \u00e8 che Kayla Klarissa, generata dall'IA, fornisce una vivace analisi dell'anno. <a href=\"https:\/\/www.youtube.com\/watch?v=WIX1Hfk0XHk\">sotto forma di video<\/a> concesso sui punti salienti del 2023.<\/p>\r\n<p>Il Prof. Dr. Benjamin F. Grewe dell'ETH di Zurigo ha tenuto una relazione su \"Una breve storia dell'intelligenza artificiale e naturale\" in occasione del 155\u00b0 incontro dell'associazione, meno basata sull'IA e pi\u00f9 orientata all'IA e in linea con gli sviluppi attuali.<\/p>\r\n<p><em>Fonte e ulteriori informazioni: <a href=\"http:\/\/www.svti.ch\/\">www.svti.ch<\/a><\/em><\/p>\n<p class=\"syndicated-attribution\">Questo articolo \u00e8 apparso originariamente su m-q.ch - <a href=\"https:\/\/www.m-q.ch\/de\/155-vereinsversammlung-des-svti-richtet-blick-in-die-zukunft\/\" target=\"_blank\">https:\/\/www.m-q.ch\/de\/155-vereinsversammlung-des-svti-richtet-blick-in-die-zukunft\/<\/a><\/p>","protected":false},"excerpt":{"rendered":"<p>La SVTI, organizzazione leader nel settore delle ispezioni tecniche, ha presentato un risultato soddisfacente in occasione del suo 155\u00b0 incontro associativo e si sta concentrando su innovazione e sostenibilit\u00e0.<\/p>","protected":false},"author":8,"featured_media":0,"comment_status":"closed","ping_status":"closed","sticky":false,"template":"","format":"standard","meta":{"_acf_changed":false,"_yoast_wpseo_focuskw":"SVTI","_yoast_wpseo_metadesc":"SVTI blickt auf erfolgreiches Jahr 2023 zur\u00fcck. Nachhaltigkeit und Innovation im Fokus.","articlekey":"","footnotes":""},"categories":[582],"tags":[605,2252,603,540],"class_list":["post-27719","post","type-post","status-publish","format-standard","hentry","category-operational-excellence","tag-qualitaetsmanagement","tag-svti","tag-vereine-verbaende-institutionen","tag-zertifizierungs-pruefstellen"],"acf":[],"yoast_head":"<!-- This site is optimized with the Yoast SEO plugin v27.4 - https:\/\/yoast.com\/product\/yoast-seo-wordpress\/ -->\n<title>155. Vereinsversammlung des SVTI richtet Blick in die Zukunft - Organisator<\/title>\n<meta name=\"description\" content=\"SVTI blickt auf erfolgreiches Jahr 2023 zur\u00fcck. Nachhaltigkeit und Innovation im Fokus.\" \/>\n<meta name=\"robots\" content=\"index, follow, max-snippet:-1, max-image-preview:large, max-video-preview:-1\" \/>\n<link rel=\"canonical\" href=\"https:\/\/www.organisator.ch\/it\/eccellenza-operativa\/2024-06-14\/155-vereinsversammlung-des-svti-richtet-blick-in-die-zukunft\/\" \/>\n<meta property=\"og:locale\" content=\"it_IT\" \/>\n<meta property=\"og:type\" content=\"article\" \/>\n<meta property=\"og:title\" content=\"155. Vereinsversammlung des SVTI richtet Blick in die Zukunft - Organisator\" \/>\n<meta property=\"og:description\" content=\"SVTI blickt auf erfolgreiches Jahr 2023 zur\u00fcck. Nachhaltigkeit und Innovation im Fokus.\" \/>\n<meta property=\"og:url\" content=\"https:\/\/www.organisator.ch\/it\/eccellenza-operativa\/2024-06-14\/155-vereinsversammlung-des-svti-richtet-blick-in-die-zukunft\/\" \/>\n<meta property=\"og:site_name\" content=\"Organisator\" \/>\n<meta property=\"article:publisher\" content=\"https:\/\/www.facebook.com\/OrganisatorFachmagazin\" \/>\n<meta property=\"article:published_time\" content=\"2024-06-14T09:24:53+00:00\" \/>\n<meta property=\"article:modified_time\" content=\"2024-11-10T11:46:01+00:00\" \/>\n<meta property=\"og:image\" content=\"https:\/\/www.m-q.ch\/wp-content\/uploads\/2024\/06\/Vereinsversammlung-des-SVTI-richtet-Blick-in-die-Zukunft_MQpng.png\" \/>\n<meta name=\"author\" content=\"galledia\" \/>\n<meta name=\"twitter:card\" content=\"summary_large_image\" \/>\n<meta name=\"twitter:creator\" content=\"@admin\" \/>\n<script type=\"application\/ld+json\" class=\"yoast-schema-graph\">{\"@context\":\"https:\\\/\\\/schema.org\",\"@graph\":[{\"@type\":\"Article\",\"@id\":\"https:\\\/\\\/www.organisator.ch\\\/operational-excellence\\\/2024-06-14\\\/155-vereinsversammlung-des-svti-richtet-blick-in-die-zukunft\\\/#article\",\"isPartOf\":{\"@id\":\"https:\\\/\\\/www.organisator.ch\\\/operational-excellence\\\/2024-06-14\\\/155-vereinsversammlung-des-svti-richtet-blick-in-die-zukunft\\\/\"},\"author\":{\"name\":\"galledia\",\"@id\":\"https:\\\/\\\/www.organisator.ch\\\/#\\\/schema\\\/person\\\/4e51799071cd2dd1232ac003643ef5f0\"},\"headline\":\"155. Vereinsversammlung des SVTI richtet Blick in die Zukunft\",\"datePublished\":\"2024-06-14T09:24:53+00:00\",\"dateModified\":\"2024-11-10T11:46:01+00:00\",\"mainEntityOfPage\":{\"@id\":\"https:\\\/\\\/www.organisator.ch\\\/operational-excellence\\\/2024-06-14\\\/155-vereinsversammlung-des-svti-richtet-blick-in-die-zukunft\\\/\"},\"wordCount\":451,\"publisher\":{\"@id\":\"https:\\\/\\\/www.organisator.ch\\\/#organization\"},\"image\":{\"@id\":\"https:\\\/\\\/www.organisator.ch\\\/operational-excellence\\\/2024-06-14\\\/155-vereinsversammlung-des-svti-richtet-blick-in-die-zukunft\\\/#primaryimage\"},\"thumbnailUrl\":\"https:\\\/\\\/www.m-q.ch\\\/wp-content\\\/uploads\\\/2024\\\/06\\\/Vereinsversammlung-des-SVTI-richtet-Blick-in-die-Zukunft_MQpng.png\",\"keywords\":[\"Qualit\u00e4tsmanagement\",\"SVTI\",\"Vereine\\\/Verb\u00e4nde\\\/Institutionen\",\"Zertifizierungs-\\\/Pr\u00fcfstellen\"],\"articleSection\":[\"OPERATIONAL EXCELLENCE\"],\"inLanguage\":\"it-IT\"},{\"@type\":\"WebPage\",\"@id\":\"https:\\\/\\\/www.organisator.ch\\\/operational-excellence\\\/2024-06-14\\\/155-vereinsversammlung-des-svti-richtet-blick-in-die-zukunft\\\/\",\"url\":\"https:\\\/\\\/www.organisator.ch\\\/operational-excellence\\\/2024-06-14\\\/155-vereinsversammlung-des-svti-richtet-blick-in-die-zukunft\\\/\",\"name\":\"155. Vereinsversammlung des SVTI richtet Blick in die Zukunft - Organisator\",\"isPartOf\":{\"@id\":\"https:\\\/\\\/www.organisator.ch\\\/#website\"},\"primaryImageOfPage\":{\"@id\":\"https:\\\/\\\/www.organisator.ch\\\/operational-excellence\\\/2024-06-14\\\/155-vereinsversammlung-des-svti-richtet-blick-in-die-zukunft\\\/#primaryimage\"},\"image\":{\"@id\":\"https:\\\/\\\/www.organisator.ch\\\/operational-excellence\\\/2024-06-14\\\/155-vereinsversammlung-des-svti-richtet-blick-in-die-zukunft\\\/#primaryimage\"},\"thumbnailUrl\":\"https:\\\/\\\/www.m-q.ch\\\/wp-content\\\/uploads\\\/2024\\\/06\\\/Vereinsversammlung-des-SVTI-richtet-Blick-in-die-Zukunft_MQpng.png\",\"datePublished\":\"2024-06-14T09:24:53+00:00\",\"dateModified\":\"2024-11-10T11:46:01+00:00\",\"description\":\"SVTI blickt auf erfolgreiches Jahr 2023 zur\u00fcck. Nachhaltigkeit und Innovation im Fokus.\",\"breadcrumb\":{\"@id\":\"https:\\\/\\\/www.organisator.ch\\\/operational-excellence\\\/2024-06-14\\\/155-vereinsversammlung-des-svti-richtet-blick-in-die-zukunft\\\/#breadcrumb\"},\"inLanguage\":\"it-IT\",\"potentialAction\":[{\"@type\":\"ReadAction\",\"target\":[\"https:\\\/\\\/www.organisator.ch\\\/operational-excellence\\\/2024-06-14\\\/155-vereinsversammlung-des-svti-richtet-blick-in-die-zukunft\\\/\"]}]},{\"@type\":\"ImageObject\",\"inLanguage\":\"it-IT\",\"@id\":\"https:\\\/\\\/www.organisator.ch\\\/operational-excellence\\\/2024-06-14\\\/155-vereinsversammlung-des-svti-richtet-blick-in-die-zukunft\\\/#primaryimage\",\"url\":\"https:\\\/\\\/www.m-q.ch\\\/wp-content\\\/uploads\\\/2024\\\/06\\\/Vereinsversammlung-des-SVTI-richtet-Blick-in-die-Zukunft_MQpng.png\",\"contentUrl\":\"https:\\\/\\\/www.m-q.ch\\\/wp-content\\\/uploads\\\/2024\\\/06\\\/Vereinsversammlung-des-SVTI-richtet-Blick-in-die-Zukunft_MQpng.png\"},{\"@type\":\"BreadcrumbList\",\"@id\":\"https:\\\/\\\/www.organisator.ch\\\/operational-excellence\\\/2024-06-14\\\/155-vereinsversammlung-des-svti-richtet-blick-in-die-zukunft\\\/#breadcrumb\",\"itemListElement\":[{\"@type\":\"ListItem\",\"position\":1,\"name\":\"Home\",\"item\":\"https:\\\/\\\/www.organisator.ch\\\/\"},{\"@type\":\"ListItem\",\"position\":2,\"name\":\"155. Vereinsversammlung des SVTI richtet Blick in die Zukunft\"}]},{\"@type\":\"WebSite\",\"@id\":\"https:\\\/\\\/www.organisator.ch\\\/#website\",\"url\":\"https:\\\/\\\/www.organisator.ch\\\/\",\"name\":\"Organisator\",\"description\":\"Kompetent. Praxisnah. Der ORGANISATOR bereitet in 10 Ausgaben pro Jahr die wesentlichen Themen f\u00fcr F\u00fchrungskr\u00e4fte von KMU auf.\",\"publisher\":{\"@id\":\"https:\\\/\\\/www.organisator.ch\\\/#organization\"},\"potentialAction\":[{\"@type\":\"SearchAction\",\"target\":{\"@type\":\"EntryPoint\",\"urlTemplate\":\"https:\\\/\\\/www.organisator.ch\\\/?s={search_term_string}\"},\"query-input\":{\"@type\":\"PropertyValueSpecification\",\"valueRequired\":true,\"valueName\":\"search_term_string\"}}],\"inLanguage\":\"it-IT\"},{\"@type\":\"Organization\",\"@id\":\"https:\\\/\\\/www.organisator.ch\\\/#organization\",\"name\":\"Organisator\",\"url\":\"https:\\\/\\\/www.organisator.ch\\\/\",\"logo\":{\"@type\":\"ImageObject\",\"inLanguage\":\"it-IT\",\"@id\":\"https:\\\/\\\/www.organisator.ch\\\/#\\\/schema\\\/logo\\\/image\\\/\",\"url\":\"https:\\\/\\\/www.organisator.ch\\\/wp-content\\\/uploads\\\/2022\\\/01\\\/Logo_Organisator_Website.png\",\"contentUrl\":\"https:\\\/\\\/www.organisator.ch\\\/wp-content\\\/uploads\\\/2022\\\/01\\\/Logo_Organisator_Website.png\",\"width\":800,\"height\":77,\"caption\":\"Organisator\"},\"image\":{\"@id\":\"https:\\\/\\\/www.organisator.ch\\\/#\\\/schema\\\/logo\\\/image\\\/\"},\"sameAs\":[\"https:\\\/\\\/www.facebook.com\\\/OrganisatorFachmagazin\",\"https:\\\/\\\/www.linkedin.com\\\/showcase\\\/organisator-das-magazin-fr-kmu\",\"https:\\\/\\\/www.xing.com\\\/news\\\/pages\\\/organisator-ch-695\",\"https:\\\/\\\/www.youtube.com\\\/channel\\\/UCGP2Sq0iWaZwT3BdIAQFYpw\"]},{\"@type\":\"Person\",\"@id\":\"https:\\\/\\\/www.organisator.ch\\\/#\\\/schema\\\/person\\\/4e51799071cd2dd1232ac003643ef5f0\",\"name\":\"galledia\",\"image\":{\"@type\":\"ImageObject\",\"inLanguage\":\"it-IT\",\"@id\":\"https:\\\/\\\/secure.gravatar.com\\\/avatar\\\/78a7f90c01fc2bfc875782a0d4922b37cde2cf184ce347b91316d23cd7f69a36?s=96&d=mm&r=g\",\"url\":\"https:\\\/\\\/secure.gravatar.com\\\/avatar\\\/78a7f90c01fc2bfc875782a0d4922b37cde2cf184ce347b91316d23cd7f69a36?s=96&d=mm&r=g\",\"contentUrl\":\"https:\\\/\\\/secure.gravatar.com\\\/avatar\\\/78a7f90c01fc2bfc875782a0d4922b37cde2cf184ce347b91316d23cd7f69a36?s=96&d=mm&r=g\",\"caption\":\"galledia\"},\"sameAs\":[\"https:\\\/\\\/x.com\\\/admin\"],\"url\":\"https:\\\/\\\/www.organisator.ch\\\/it\\\/author\\\/galledia\\\/\"}]}<\/script>\n<!-- \/ Yoast SEO plugin. -->","yoast_head_json":{"title":"La 155\u00aa Assemblea della SVTI guarda al futuro - Organizzatore","description":"SVTI guarda al successo del 2023. Focus su sostenibilit\u00e0 e innovazione.","robots":{"index":"index","follow":"follow","max-snippet":"max-snippet:-1","max-image-preview":"max-image-preview:large","max-video-preview":"max-video-preview:-1"},"canonical":"https:\/\/www.organisator.ch\/it\/eccellenza-operativa\/2024-06-14\/155-vereinsversammlung-des-svti-richtet-blick-in-die-zukunft\/","og_locale":"it_IT","og_type":"article","og_title":"155. Vereinsversammlung des SVTI richtet Blick in die Zukunft - Organisator","og_description":"SVTI blickt auf erfolgreiches Jahr 2023 zur\u00fcck. Nachhaltigkeit und Innovation im Fokus.","og_url":"https:\/\/www.organisator.ch\/it\/eccellenza-operativa\/2024-06-14\/155-vereinsversammlung-des-svti-richtet-blick-in-die-zukunft\/","og_site_name":"Organisator","article_publisher":"https:\/\/www.facebook.com\/OrganisatorFachmagazin","article_published_time":"2024-06-14T09:24:53+00:00","article_modified_time":"2024-11-10T11:46:01+00:00","og_image":[{"url":"https:\/\/www.m-q.ch\/wp-content\/uploads\/2024\/06\/Vereinsversammlung-des-SVTI-richtet-Blick-in-die-Zukunft_MQpng.png","type":"","width":"","height":""}],"author":"galledia","twitter_card":"summary_large_image","twitter_creator":"@admin","schema":{"@context":"https:\/\/schema.org","@graph":[{"@type":"Article","@id":"https:\/\/www.organisator.ch\/operational-excellence\/2024-06-14\/155-vereinsversammlung-des-svti-richtet-blick-in-die-zukunft\/#article","isPartOf":{"@id":"https:\/\/www.organisator.ch\/operational-excellence\/2024-06-14\/155-vereinsversammlung-des-svti-richtet-blick-in-die-zukunft\/"},"author":{"name":"galledia","@id":"https:\/\/www.organisator.ch\/#\/schema\/person\/4e51799071cd2dd1232ac003643ef5f0"},"headline":"155. Vereinsversammlung des SVTI richtet Blick in die Zukunft","datePublished":"2024-06-14T09:24:53+00:00","dateModified":"2024-11-10T11:46:01+00:00","mainEntityOfPage":{"@id":"https:\/\/www.organisator.ch\/operational-excellence\/2024-06-14\/155-vereinsversammlung-des-svti-richtet-blick-in-die-zukunft\/"},"wordCount":451,"publisher":{"@id":"https:\/\/www.organisator.ch\/#organization"},"image":{"@id":"https:\/\/www.organisator.ch\/operational-excellence\/2024-06-14\/155-vereinsversammlung-des-svti-richtet-blick-in-die-zukunft\/#primaryimage"},"thumbnailUrl":"https:\/\/www.m-q.ch\/wp-content\/uploads\/2024\/06\/Vereinsversammlung-des-SVTI-richtet-Blick-in-die-Zukunft_MQpng.png","keywords":["Qualit\u00e4tsmanagement","SVTI","Vereine\/Verb\u00e4nde\/Institutionen","Zertifizierungs-\/Pr\u00fcfstellen"],"articleSection":["OPERATIONAL EXCELLENCE"],"inLanguage":"it-IT"},{"@type":"WebPage","@id":"https:\/\/www.organisator.ch\/operational-excellence\/2024-06-14\/155-vereinsversammlung-des-svti-richtet-blick-in-die-zukunft\/","url":"https:\/\/www.organisator.ch\/operational-excellence\/2024-06-14\/155-vereinsversammlung-des-svti-richtet-blick-in-die-zukunft\/","name":"La 155\u00aa Assemblea della SVTI guarda al futuro - Organizzatore","isPartOf":{"@id":"https:\/\/www.organisator.ch\/#website"},"primaryImageOfPage":{"@id":"https:\/\/www.organisator.ch\/operational-excellence\/2024-06-14\/155-vereinsversammlung-des-svti-richtet-blick-in-die-zukunft\/#primaryimage"},"image":{"@id":"https:\/\/www.organisator.ch\/operational-excellence\/2024-06-14\/155-vereinsversammlung-des-svti-richtet-blick-in-die-zukunft\/#primaryimage"},"thumbnailUrl":"https:\/\/www.m-q.ch\/wp-content\/uploads\/2024\/06\/Vereinsversammlung-des-SVTI-richtet-Blick-in-die-Zukunft_MQpng.png","datePublished":"2024-06-14T09:24:53+00:00","dateModified":"2024-11-10T11:46:01+00:00","description":"SVTI guarda al successo del 2023. Focus su sostenibilit\u00e0 e innovazione.","breadcrumb":{"@id":"https:\/\/www.organisator.ch\/operational-excellence\/2024-06-14\/155-vereinsversammlung-des-svti-richtet-blick-in-die-zukunft\/#breadcrumb"},"inLanguage":"it-IT","potentialAction":[{"@type":"ReadAction","target":["https:\/\/www.organisator.ch\/operational-excellence\/2024-06-14\/155-vereinsversammlung-des-svti-richtet-blick-in-die-zukunft\/"]}]},{"@type":"ImageObject","inLanguage":"it-IT","@id":"https:\/\/www.organisator.ch\/operational-excellence\/2024-06-14\/155-vereinsversammlung-des-svti-richtet-blick-in-die-zukunft\/#primaryimage","url":"https:\/\/www.m-q.ch\/wp-content\/uploads\/2024\/06\/Vereinsversammlung-des-SVTI-richtet-Blick-in-die-Zukunft_MQpng.png","contentUrl":"https:\/\/www.m-q.ch\/wp-content\/uploads\/2024\/06\/Vereinsversammlung-des-SVTI-richtet-Blick-in-die-Zukunft_MQpng.png"},{"@type":"BreadcrumbList","@id":"https:\/\/www.organisator.ch\/operational-excellence\/2024-06-14\/155-vereinsversammlung-des-svti-richtet-blick-in-die-zukunft\/#breadcrumb","itemListElement":[{"@type":"ListItem","position":1,"name":"Home","item":"https:\/\/www.organisator.ch\/"},{"@type":"ListItem","position":2,"name":"155. Vereinsversammlung des SVTI richtet Blick in die Zukunft"}]},{"@type":"WebSite","@id":"https:\/\/www.organisator.ch\/#website","url":"https:\/\/www.organisator.ch\/","name":"Organizzatore","description":"Competente. Pratico. In 10 numeri all'anno, ORGANISATOR presenta i temi essenziali per i manager delle PMI.","publisher":{"@id":"https:\/\/www.organisator.ch\/#organization"},"potentialAction":[{"@type":"SearchAction","target":{"@type":"EntryPoint","urlTemplate":"https:\/\/www.organisator.ch\/?s={search_term_string}"},"query-input":{"@type":"PropertyValueSpecification","valueRequired":true,"valueName":"search_term_string"}}],"inLanguage":"it-IT"},{"@type":"Organization","@id":"https:\/\/www.organisator.ch\/#organization","name":"Organizzatore","url":"https:\/\/www.organisator.ch\/","logo":{"@type":"ImageObject","inLanguage":"it-IT","@id":"https:\/\/www.organisator.ch\/#\/schema\/logo\/image\/","url":"https:\/\/www.organisator.ch\/wp-content\/uploads\/2022\/01\/Logo_Organisator_Website.png","contentUrl":"https:\/\/www.organisator.ch\/wp-content\/uploads\/2022\/01\/Logo_Organisator_Website.png","width":800,"height":77,"caption":"Organisator"},"image":{"@id":"https:\/\/www.organisator.ch\/#\/schema\/logo\/image\/"},"sameAs":["https:\/\/www.facebook.com\/OrganisatorFachmagazin","https:\/\/www.linkedin.com\/showcase\/organisator-das-magazin-fr-kmu","https:\/\/www.xing.com\/news\/pages\/organisator-ch-695","https:\/\/www.youtube.com\/channel\/UCGP2Sq0iWaZwT3BdIAQFYpw"]},{"@type":"Person","@id":"https:\/\/www.organisator.ch\/#\/schema\/person\/4e51799071cd2dd1232ac003643ef5f0","name":"galledia","image":{"@type":"ImageObject","inLanguage":"it-IT","@id":"https:\/\/secure.gravatar.com\/avatar\/78a7f90c01fc2bfc875782a0d4922b37cde2cf184ce347b91316d23cd7f69a36?s=96&d=mm&r=g","url":"https:\/\/secure.gravatar.com\/avatar\/78a7f90c01fc2bfc875782a0d4922b37cde2cf184ce347b91316d23cd7f69a36?s=96&d=mm&r=g","contentUrl":"https:\/\/secure.gravatar.com\/avatar\/78a7f90c01fc2bfc875782a0d4922b37cde2cf184ce347b91316d23cd7f69a36?s=96&d=mm&r=g","caption":"galledia"},"sameAs":["https:\/\/x.com\/admin"],"url":"https:\/\/www.organisator.ch\/it\/author\/galledia\/"}]}},"_links":{"self":[{"href":"https:\/\/www.organisator.ch\/it\/wp-json\/wp\/v2\/posts\/27719","targetHints":{"allow":["GET"]}}],"collection":[{"href":"https:\/\/www.organisator.ch\/it\/wp-json\/wp\/v2\/posts"}],"about":[{"href":"https:\/\/www.organisator.ch\/it\/wp-json\/wp\/v2\/types\/post"}],"author":[{"embeddable":true,"href":"https:\/\/www.organisator.ch\/it\/wp-json\/wp\/v2\/users\/8"}],"replies":[{"embeddable":true,"href":"https:\/\/www.organisator.ch\/it\/wp-json\/wp\/v2\/comments?post=27719"}],"version-history":[{"count":6,"href":"https:\/\/www.organisator.ch\/it\/wp-json\/wp\/v2\/posts\/27719\/revisions"}],"predecessor-version":[{"id":32189,"href":"https:\/\/www.organisator.ch\/it\/wp-json\/wp\/v2\/posts\/27719\/revisions\/32189"}],"wp:attachment":[{"href":"https:\/\/www.organisator.ch\/it\/wp-json\/wp\/v2\/media?parent=27719"}],"wp:term":[{"taxonomy":"category","embeddable":true,"href":"https:\/\/www.organisator.ch\/it\/wp-json\/wp\/v2\/categories?post=27719"},{"taxonomy":"post_tag","embeddable":true,"href":"https:\/\/www.organisator.ch\/it\/wp-json\/wp\/v2\/tags?post=27719"}],"curies":[{"name":"wp","href":"https:\/\/api.w.org\/{rel}","templated":true}]}}