{"id":27740,"date":"2024-06-17T09:48:36","date_gmt":"2024-06-17T07:48:36","guid":{"rendered":"https:\/\/www.organisator.ch\/?p=27740"},"modified":"2024-06-17T09:48:36","modified_gmt":"2024-06-17T07:48:36","slug":"digitalisierung-kann-bis-2030-einen-fuenftel-der-klimaluecke-schliessen","status":"publish","type":"post","link":"https:\/\/www.organisator.ch\/it\/sustainability\/2024-06-17\/digitalisierung-kann-bis-2030-einen-fuenftel-der-klimaluecke-schliessen\/","title":{"rendered":"La digitalizzazione pu\u00f2 colmare un quinto del \"gap climatico\" entro il 2030"},"content":{"rendered":"<figure id=\"attachment_27741\" aria-describedby=\"caption-attachment-27741\" style=\"width: 680px\" class=\"wp-caption alignnone\"><img loading=\"lazy\" decoding=\"async\" class=\"size-full wp-image-27741\" src=\"https:\/\/www.organisator.ch\/wp-content\/uploads\/2024\/06\/DigitalSwitzerland_Bild1_ps.jpg\" alt=\"\" width=\"680\" height=\"406\" srcset=\"https:\/\/www.organisator.ch\/wp-content\/uploads\/2024\/06\/DigitalSwitzerland_Bild1_ps.jpg 680w, https:\/\/www.organisator.ch\/wp-content\/uploads\/2024\/06\/DigitalSwitzerland_Bild1_ps-18x12.jpg 18w, https:\/\/www.organisator.ch\/wp-content\/uploads\/2024\/06\/DigitalSwitzerland_Bild1_ps-375x224.jpg 375w, https:\/\/www.organisator.ch\/wp-content\/uploads\/2024\/06\/DigitalSwitzerland_Bild1_ps-586x350.jpg 586w\" sizes=\"auto, (max-width: 680px) 100vw, 680px\" \/><figcaption id=\"caption-attachment-27741\" class=\"wp-caption-text\">La Svizzera si \u00e8 impegnata a ridurre le proprie emissioni annuali del 50% entro il 2030 rispetto ai livelli del 1990. (Immagine: www.depositphotos.com)<\/figcaption><\/figure>\n<p>Lo studio evidenzia l'importanza delle tecnologie digitali per il raggiungimento dell'obiettivo climatico svizzero e dimostra che la digitalizzazione rappresenta una leva significativa per colmare il \"gap climatico\" entro il 2030.<\/p>\n<h3><strong>Obiettivo climatico 2030: la Svizzera deve ridurre drasticamente le emissioni di CO2<\/strong><\/h3>\n<p>In conformit\u00e0 con l'Accordo di Parigi, la Svizzera si \u00e8 impegnata a ridurre le proprie emissioni annuali del 50% entro il 2030 rispetto ai livelli del 1990. Ci\u00f2 corrisponde a una riduzione da circa 55 a circa 28 milioni di tonnellate di CO2eq. Le emissioni sono gi\u00e0 in calo, ma una sfida sta diventando chiara: la Svizzera deve ridurre pi\u00f9 CO2eq nei prossimi sei anni di quanto abbia fatto negli ultimi 34 anni - e colmare un gap climatico annuale di circa 16 milioni di tonnellate di CO2eq. Un compito erculeo per il quale \u00e8 necessario fare il possibile.<\/p>\n<h3><strong>Le tecnologie digitali offrono un notevole potenziale di risparmio<\/strong><\/h3>\n<p>Lo studio analizza come le tecnologie digitali nei settori dell'edilizia, dei trasporti, dell'industria, dell'agricoltura e dell'energia possano contribuire a ridurre le emissioni di CO2eq. A tal fine, sono stati esaminati casi d'uso digitali specifici, come i sistemi di gestione intelligente degli edifici, l'ottimizzazione dei percorsi in tempo reale nel trasporto merci e i processi automatizzati nell'industria. A tal fine, sono state messe a confronto due velocit\u00e0 di digitalizzazione - la digitalizzazione standard e la digitalizzazione ambiziosa - che si differenziano per la velocit\u00e0 di adozione dei casi d'uso.<\/p>\n<p>L'utilizzo di tutti i casi d'uso analizzati potrebbe far risparmiare tra 1,2 e 3,2 milioni di tonnellate di CO2eq all'anno entro il 2030, il che corrisponde a circa il 7-20% dell'attuale gap climatico o a una-due volte le attuali emissioni del Canton Turgovia. La velocit\u00e0 della digitalizzazione \u00e8 decisiva per l'entit\u00e0 della leva: una digitalizzazione ambiziosa potrebbe pi\u00f9 che raddoppiare i risparmi rispetto alla digitalizzazione standard. Se non solo si continuer\u00e0 a seguire la tendenza attuale, ma si accelerer\u00e0 la penetrazione sul mercato delle tecnologie digitali, si potr\u00e0 sfruttare tutto il loro potenziale per la protezione del clima.<\/p>\n<h3><strong>Le imprese e la politica hanno una responsabilit\u00e0<\/strong><\/h3>\n<p>I risultati dello studio mostrano chiaramente che le aziende e i privati svizzeri stanno dando un importante contributo alla protezione del clima attraverso l'uso delle tecnologie digitali. Inoltre, mostra che il potenziale di risparmio tra la digitalizzazione standard e la digitalizzazione ambiziosa \u00e8 molto distante. Per sfruttare appieno il potenziale di risparmio, la politica \u00e8 chiamata a creare le condizioni quadro necessarie e a incrementare la digitalizzazione della Svizzera come sede dell'innovazione.<\/p>\n<p><em>Fonte: <a href=\"http:\/\/www.digitalswitzerland.com\">www.digitalswitzerland.com<\/a><\/em><\/p>","protected":false},"excerpt":{"rendered":"<p>Portando avanti la digitalizzazione, la Svizzera pu\u00f2 ridurre fino al 20% delle emissioni da tagliare per raggiungere l'obiettivo climatico entro il 2030 (climate gap). Questi sono i risultati di un nuovo studio condotto dall'iniziativa di localizzazione digitalswitzerland e dall'organizzazione mantello economiesuisse in collaborazione con Accenture. <\/p>","protected":false},"author":58,"featured_media":27741,"comment_status":"closed","ping_status":"closed","sticky":false,"template":"","format":"standard","meta":{"_acf_changed":false,"_yoast_wpseo_focuskw":"Klimal\u00fccke","_yoast_wpseo_metadesc":"Durch das Vorantreiben der Digitalisierung kann die Schweiz bis zu 20 Prozent der Emissionen, die f\u00fcr das Erreichen des Klimaziels bis 2030 eingespart werden m\u00fcssen, reduzieren.","articlekey":"","footnotes":""},"categories":[580],"tags":[3949,156,1533,2246],"class_list":["post-27740","post","type-post","status-publish","format-standard","has-post-thumbnail","hentry","category-sustainability","tag-co2-reduzierung","tag-digitalisierung","tag-klimaziel","tag-sustainability"],"acf":[],"yoast_head":"<!-- This site is optimized with the Yoast SEO plugin v27.5 - https:\/\/yoast.com\/product\/yoast-seo-wordpress\/ -->\n<title>Digitalisierung kann bis 2030 einen F\u00fcnftel der \u00abKlimal\u00fccke\u00bb schliessen - Organisator<\/title>\n<meta name=\"description\" content=\"Durch das Vorantreiben der Digitalisierung kann die Schweiz bis zu 20 Prozent der Emissionen, die f\u00fcr das Erreichen des Klimaziels bis 2030 eingespart werden m\u00fcssen, reduzieren.\" \/>\n<meta name=\"robots\" content=\"index, follow, max-snippet:-1, max-image-preview:large, max-video-preview:-1\" \/>\n<link rel=\"canonical\" href=\"https:\/\/www.organisator.ch\/it\/sostenibilita\/2024-06-17\/digitalisierung-kann-bis-2030-einen-fuenftel-der-klimaluecke-schliessen\/\" \/>\n<meta property=\"og:locale\" content=\"it_IT\" \/>\n<meta property=\"og:type\" content=\"article\" \/>\n<meta property=\"og:title\" content=\"Digitalisierung kann bis 2030 einen F\u00fcnftel der \u00abKlimal\u00fccke\u00bb schliessen\" \/>\n<meta property=\"og:description\" content=\"Durch das Vorantreiben der Digitalisierung kann die Schweiz bis zu 20 Prozent der Emissionen, die f\u00fcr das Erreichen des Klimaziels bis 2030 eingespart werden m\u00fcssen, reduzieren.\" \/>\n<meta property=\"og:url\" content=\"https:\/\/www.organisator.ch\/it\/sostenibilita\/2024-06-17\/digitalisierung-kann-bis-2030-einen-fuenftel-der-klimaluecke-schliessen\/\" \/>\n<meta property=\"og:site_name\" content=\"Organisator\" \/>\n<meta property=\"article:publisher\" content=\"https:\/\/www.facebook.com\/OrganisatorFachmagazin\" \/>\n<meta property=\"article:published_time\" content=\"2024-06-17T07:48:36+00:00\" \/>\n<meta property=\"og:image\" content=\"https:\/\/www.organisator.ch\/wp-content\/uploads\/2024\/06\/DigitalSwitzerland_Bild1_ps.jpg\" \/>\n\t<meta property=\"og:image:width\" content=\"680\" \/>\n\t<meta property=\"og:image:height\" content=\"406\" \/>\n\t<meta property=\"og:image:type\" content=\"image\/jpeg\" \/>\n<meta name=\"author\" content=\"Adelisa Kalajdzini\" \/>\n<meta name=\"twitter:card\" content=\"summary_large_image\" \/>\n<meta name=\"twitter:title\" content=\"Digitalisierung kann bis 2030 einen F\u00fcnftel der \u00abKlimal\u00fccke\u00bb schliessen\" \/>\n<meta name=\"twitter:description\" content=\"Durch das Vorantreiben der #Digitalisierung kann die #Schweiz bis zu 20 Prozent der #Emissionen, die f\u00fcr das Erreichen des #Klimaziels bis 2030 eingespart werden m\u00fcssen, reduzieren.\" \/>\n<meta name=\"twitter:image\" content=\"https:\/\/www.organisator.ch\/wp-content\/uploads\/2024\/06\/DigitalSwitzerland_Bild1_ps.jpg\" \/>\n<script type=\"application\/ld+json\" class=\"yoast-schema-graph\">{\"@context\":\"https:\\\/\\\/schema.org\",\"@graph\":[{\"@type\":\"Article\",\"@id\":\"https:\\\/\\\/www.organisator.ch\\\/sustainability\\\/2024-06-17\\\/digitalisierung-kann-bis-2030-einen-fuenftel-der-klimaluecke-schliessen\\\/#article\",\"isPartOf\":{\"@id\":\"https:\\\/\\\/www.organisator.ch\\\/sustainability\\\/2024-06-17\\\/digitalisierung-kann-bis-2030-einen-fuenftel-der-klimaluecke-schliessen\\\/\"},\"author\":{\"name\":\"Adelisa Kalajdzini\",\"@id\":\"https:\\\/\\\/www.organisator.ch\\\/#\\\/schema\\\/person\\\/2e1314a2172123f874db408d8911d3f3\"},\"headline\":\"Digitalisierung kann bis 2030 einen F\u00fcnftel der \u00abKlimal\u00fccke\u00bb schliessen\",\"datePublished\":\"2024-06-17T07:48:36+00:00\",\"mainEntityOfPage\":{\"@id\":\"https:\\\/\\\/www.organisator.ch\\\/sustainability\\\/2024-06-17\\\/digitalisierung-kann-bis-2030-einen-fuenftel-der-klimaluecke-schliessen\\\/\"},\"wordCount\":408,\"publisher\":{\"@id\":\"https:\\\/\\\/www.organisator.ch\\\/#organization\"},\"image\":{\"@id\":\"https:\\\/\\\/www.organisator.ch\\\/sustainability\\\/2024-06-17\\\/digitalisierung-kann-bis-2030-einen-fuenftel-der-klimaluecke-schliessen\\\/#primaryimage\"},\"thumbnailUrl\":\"https:\\\/\\\/www.organisator.ch\\\/wp-content\\\/uploads\\\/2024\\\/06\\\/DigitalSwitzerland_Bild1_ps.jpg\",\"keywords\":[\"CO2-Reduzierung\",\"Digitalisierung\",\"Klimaziel\",\"Sustainability\"],\"articleSection\":[\"SUSTAINABILITY\"],\"inLanguage\":\"it-IT\"},{\"@type\":\"WebPage\",\"@id\":\"https:\\\/\\\/www.organisator.ch\\\/sustainability\\\/2024-06-17\\\/digitalisierung-kann-bis-2030-einen-fuenftel-der-klimaluecke-schliessen\\\/\",\"url\":\"https:\\\/\\\/www.organisator.ch\\\/sustainability\\\/2024-06-17\\\/digitalisierung-kann-bis-2030-einen-fuenftel-der-klimaluecke-schliessen\\\/\",\"name\":\"Digitalisierung kann bis 2030 einen F\u00fcnftel der \u00abKlimal\u00fccke\u00bb schliessen - Organisator\",\"isPartOf\":{\"@id\":\"https:\\\/\\\/www.organisator.ch\\\/#website\"},\"primaryImageOfPage\":{\"@id\":\"https:\\\/\\\/www.organisator.ch\\\/sustainability\\\/2024-06-17\\\/digitalisierung-kann-bis-2030-einen-fuenftel-der-klimaluecke-schliessen\\\/#primaryimage\"},\"image\":{\"@id\":\"https:\\\/\\\/www.organisator.ch\\\/sustainability\\\/2024-06-17\\\/digitalisierung-kann-bis-2030-einen-fuenftel-der-klimaluecke-schliessen\\\/#primaryimage\"},\"thumbnailUrl\":\"https:\\\/\\\/www.organisator.ch\\\/wp-content\\\/uploads\\\/2024\\\/06\\\/DigitalSwitzerland_Bild1_ps.jpg\",\"datePublished\":\"2024-06-17T07:48:36+00:00\",\"description\":\"Durch das Vorantreiben der Digitalisierung kann die Schweiz bis zu 20 Prozent der Emissionen, die f\u00fcr das Erreichen des Klimaziels bis 2030 eingespart werden m\u00fcssen, reduzieren.\",\"breadcrumb\":{\"@id\":\"https:\\\/\\\/www.organisator.ch\\\/sustainability\\\/2024-06-17\\\/digitalisierung-kann-bis-2030-einen-fuenftel-der-klimaluecke-schliessen\\\/#breadcrumb\"},\"inLanguage\":\"it-IT\",\"potentialAction\":[{\"@type\":\"ReadAction\",\"target\":[\"https:\\\/\\\/www.organisator.ch\\\/sustainability\\\/2024-06-17\\\/digitalisierung-kann-bis-2030-einen-fuenftel-der-klimaluecke-schliessen\\\/\"]}]},{\"@type\":\"ImageObject\",\"inLanguage\":\"it-IT\",\"@id\":\"https:\\\/\\\/www.organisator.ch\\\/sustainability\\\/2024-06-17\\\/digitalisierung-kann-bis-2030-einen-fuenftel-der-klimaluecke-schliessen\\\/#primaryimage\",\"url\":\"https:\\\/\\\/www.organisator.ch\\\/wp-content\\\/uploads\\\/2024\\\/06\\\/DigitalSwitzerland_Bild1_ps.jpg\",\"contentUrl\":\"https:\\\/\\\/www.organisator.ch\\\/wp-content\\\/uploads\\\/2024\\\/06\\\/DigitalSwitzerland_Bild1_ps.jpg\",\"width\":680,\"height\":406,\"caption\":\"Die Schweiz hat sich verpflichtet, ihre j\u00e4hrlichen Emissionen bis 2030 um 50 Prozent gegen\u00fcber 1990 zu reduzieren. (Bild: www.depositphotos.com)\"},{\"@type\":\"BreadcrumbList\",\"@id\":\"https:\\\/\\\/www.organisator.ch\\\/sustainability\\\/2024-06-17\\\/digitalisierung-kann-bis-2030-einen-fuenftel-der-klimaluecke-schliessen\\\/#breadcrumb\",\"itemListElement\":[{\"@type\":\"ListItem\",\"position\":1,\"name\":\"Home\",\"item\":\"https:\\\/\\\/www.organisator.ch\\\/\"},{\"@type\":\"ListItem\",\"position\":2,\"name\":\"Digitalisierung kann bis 2030 einen F\u00fcnftel der \u00abKlimal\u00fccke\u00bb schliessen\"}]},{\"@type\":\"WebSite\",\"@id\":\"https:\\\/\\\/www.organisator.ch\\\/#website\",\"url\":\"https:\\\/\\\/www.organisator.ch\\\/\",\"name\":\"Organisator\",\"description\":\"Kompetent. Praxisnah. Der ORGANISATOR bereitet in 10 Ausgaben pro Jahr die wesentlichen Themen f\u00fcr F\u00fchrungskr\u00e4fte von KMU auf.\",\"publisher\":{\"@id\":\"https:\\\/\\\/www.organisator.ch\\\/#organization\"},\"potentialAction\":[{\"@type\":\"SearchAction\",\"target\":{\"@type\":\"EntryPoint\",\"urlTemplate\":\"https:\\\/\\\/www.organisator.ch\\\/?s={search_term_string}\"},\"query-input\":{\"@type\":\"PropertyValueSpecification\",\"valueRequired\":true,\"valueName\":\"search_term_string\"}}],\"inLanguage\":\"it-IT\"},{\"@type\":\"Organization\",\"@id\":\"https:\\\/\\\/www.organisator.ch\\\/#organization\",\"name\":\"Organisator\",\"url\":\"https:\\\/\\\/www.organisator.ch\\\/\",\"logo\":{\"@type\":\"ImageObject\",\"inLanguage\":\"it-IT\",\"@id\":\"https:\\\/\\\/www.organisator.ch\\\/#\\\/schema\\\/logo\\\/image\\\/\",\"url\":\"https:\\\/\\\/www.organisator.ch\\\/wp-content\\\/uploads\\\/2022\\\/01\\\/Logo_Organisator_Website.png\",\"contentUrl\":\"https:\\\/\\\/www.organisator.ch\\\/wp-content\\\/uploads\\\/2022\\\/01\\\/Logo_Organisator_Website.png\",\"width\":800,\"height\":77,\"caption\":\"Organisator\"},\"image\":{\"@id\":\"https:\\\/\\\/www.organisator.ch\\\/#\\\/schema\\\/logo\\\/image\\\/\"},\"sameAs\":[\"https:\\\/\\\/www.facebook.com\\\/OrganisatorFachmagazin\",\"https:\\\/\\\/www.linkedin.com\\\/showcase\\\/organisator-das-magazin-fr-kmu\",\"https:\\\/\\\/www.xing.com\\\/news\\\/pages\\\/organisator-ch-695\",\"https:\\\/\\\/www.youtube.com\\\/channel\\\/UCGP2Sq0iWaZwT3BdIAQFYpw\"]},{\"@type\":\"Person\",\"@id\":\"https:\\\/\\\/www.organisator.ch\\\/#\\\/schema\\\/person\\\/2e1314a2172123f874db408d8911d3f3\",\"name\":\"Adelisa Kalajdzini\",\"image\":{\"@type\":\"ImageObject\",\"inLanguage\":\"it-IT\",\"@id\":\"https:\\\/\\\/secure.gravatar.com\\\/avatar\\\/09a397c22ac58cad6f160ee8306348599df9df58a8ede73696226897b9fa4b24?s=96&d=mm&r=g\",\"url\":\"https:\\\/\\\/secure.gravatar.com\\\/avatar\\\/09a397c22ac58cad6f160ee8306348599df9df58a8ede73696226897b9fa4b24?s=96&d=mm&r=g\",\"contentUrl\":\"https:\\\/\\\/secure.gravatar.com\\\/avatar\\\/09a397c22ac58cad6f160ee8306348599df9df58a8ede73696226897b9fa4b24?s=96&d=mm&r=g\",\"caption\":\"Adelisa Kalajdzini\"},\"url\":\"https:\\\/\\\/www.organisator.ch\\\/it\\\/author\\\/adelisa-kalajdzini\\\/\"}]}<\/script>\n<!-- \/ Yoast SEO plugin. -->","yoast_head_json":{"title":"La digitalizzazione pu\u00f2 colmare un quinto del \"gap climatico\" entro il 2030 - Organizzatore","description":"Portando avanti la digitalizzazione, la Svizzera pu\u00f2 ridurre fino al 20% delle emissioni che devono essere tagliate per raggiungere l'obiettivo climatico entro il 2030.","robots":{"index":"index","follow":"follow","max-snippet":"max-snippet:-1","max-image-preview":"max-image-preview:large","max-video-preview":"max-video-preview:-1"},"canonical":"https:\/\/www.organisator.ch\/it\/sostenibilita\/2024-06-17\/digitalisierung-kann-bis-2030-einen-fuenftel-der-klimaluecke-schliessen\/","og_locale":"it_IT","og_type":"article","og_title":"Digitalisierung kann bis 2030 einen F\u00fcnftel der \u00abKlimal\u00fccke\u00bb schliessen","og_description":"Durch das Vorantreiben der Digitalisierung kann die Schweiz bis zu 20 Prozent der Emissionen, die f\u00fcr das Erreichen des Klimaziels bis 2030 eingespart werden m\u00fcssen, reduzieren.","og_url":"https:\/\/www.organisator.ch\/it\/sostenibilita\/2024-06-17\/digitalisierung-kann-bis-2030-einen-fuenftel-der-klimaluecke-schliessen\/","og_site_name":"Organisator","article_publisher":"https:\/\/www.facebook.com\/OrganisatorFachmagazin","article_published_time":"2024-06-17T07:48:36+00:00","og_image":[{"width":680,"height":406,"url":"https:\/\/www.organisator.ch\/wp-content\/uploads\/2024\/06\/DigitalSwitzerland_Bild1_ps.jpg","type":"image\/jpeg"}],"author":"Adelisa Kalajdzini","twitter_card":"summary_large_image","twitter_title":"Digitalisierung kann bis 2030 einen F\u00fcnftel der \u00abKlimal\u00fccke\u00bb schliessen","twitter_description":"Durch das Vorantreiben der #Digitalisierung kann die #Schweiz bis zu 20 Prozent der #Emissionen, die f\u00fcr das Erreichen des #Klimaziels bis 2030 eingespart werden m\u00fcssen, reduzieren.","twitter_image":"https:\/\/www.organisator.ch\/wp-content\/uploads\/2024\/06\/DigitalSwitzerland_Bild1_ps.jpg","schema":{"@context":"https:\/\/schema.org","@graph":[{"@type":"Article","@id":"https:\/\/www.organisator.ch\/sustainability\/2024-06-17\/digitalisierung-kann-bis-2030-einen-fuenftel-der-klimaluecke-schliessen\/#article","isPartOf":{"@id":"https:\/\/www.organisator.ch\/sustainability\/2024-06-17\/digitalisierung-kann-bis-2030-einen-fuenftel-der-klimaluecke-schliessen\/"},"author":{"name":"Adelisa Kalajdzini","@id":"https:\/\/www.organisator.ch\/#\/schema\/person\/2e1314a2172123f874db408d8911d3f3"},"headline":"Digitalisierung kann bis 2030 einen F\u00fcnftel der \u00abKlimal\u00fccke\u00bb schliessen","datePublished":"2024-06-17T07:48:36+00:00","mainEntityOfPage":{"@id":"https:\/\/www.organisator.ch\/sustainability\/2024-06-17\/digitalisierung-kann-bis-2030-einen-fuenftel-der-klimaluecke-schliessen\/"},"wordCount":408,"publisher":{"@id":"https:\/\/www.organisator.ch\/#organization"},"image":{"@id":"https:\/\/www.organisator.ch\/sustainability\/2024-06-17\/digitalisierung-kann-bis-2030-einen-fuenftel-der-klimaluecke-schliessen\/#primaryimage"},"thumbnailUrl":"https:\/\/www.organisator.ch\/wp-content\/uploads\/2024\/06\/DigitalSwitzerland_Bild1_ps.jpg","keywords":["CO2-Reduzierung","Digitalisierung","Klimaziel","Sustainability"],"articleSection":["SUSTAINABILITY"],"inLanguage":"it-IT"},{"@type":"WebPage","@id":"https:\/\/www.organisator.ch\/sustainability\/2024-06-17\/digitalisierung-kann-bis-2030-einen-fuenftel-der-klimaluecke-schliessen\/","url":"https:\/\/www.organisator.ch\/sustainability\/2024-06-17\/digitalisierung-kann-bis-2030-einen-fuenftel-der-klimaluecke-schliessen\/","name":"La digitalizzazione pu\u00f2 colmare un quinto del \"gap climatico\" entro il 2030 - Organizzatore","isPartOf":{"@id":"https:\/\/www.organisator.ch\/#website"},"primaryImageOfPage":{"@id":"https:\/\/www.organisator.ch\/sustainability\/2024-06-17\/digitalisierung-kann-bis-2030-einen-fuenftel-der-klimaluecke-schliessen\/#primaryimage"},"image":{"@id":"https:\/\/www.organisator.ch\/sustainability\/2024-06-17\/digitalisierung-kann-bis-2030-einen-fuenftel-der-klimaluecke-schliessen\/#primaryimage"},"thumbnailUrl":"https:\/\/www.organisator.ch\/wp-content\/uploads\/2024\/06\/DigitalSwitzerland_Bild1_ps.jpg","datePublished":"2024-06-17T07:48:36+00:00","description":"Portando avanti la digitalizzazione, la Svizzera pu\u00f2 ridurre fino al 20% delle emissioni che devono essere tagliate per raggiungere l'obiettivo climatico entro il 2030.","breadcrumb":{"@id":"https:\/\/www.organisator.ch\/sustainability\/2024-06-17\/digitalisierung-kann-bis-2030-einen-fuenftel-der-klimaluecke-schliessen\/#breadcrumb"},"inLanguage":"it-IT","potentialAction":[{"@type":"ReadAction","target":["https:\/\/www.organisator.ch\/sustainability\/2024-06-17\/digitalisierung-kann-bis-2030-einen-fuenftel-der-klimaluecke-schliessen\/"]}]},{"@type":"ImageObject","inLanguage":"it-IT","@id":"https:\/\/www.organisator.ch\/sustainability\/2024-06-17\/digitalisierung-kann-bis-2030-einen-fuenftel-der-klimaluecke-schliessen\/#primaryimage","url":"https:\/\/www.organisator.ch\/wp-content\/uploads\/2024\/06\/DigitalSwitzerland_Bild1_ps.jpg","contentUrl":"https:\/\/www.organisator.ch\/wp-content\/uploads\/2024\/06\/DigitalSwitzerland_Bild1_ps.jpg","width":680,"height":406,"caption":"Die Schweiz hat sich verpflichtet, ihre j\u00e4hrlichen Emissionen bis 2030 um 50 Prozent gegen\u00fcber 1990 zu reduzieren. (Bild: www.depositphotos.com)"},{"@type":"BreadcrumbList","@id":"https:\/\/www.organisator.ch\/sustainability\/2024-06-17\/digitalisierung-kann-bis-2030-einen-fuenftel-der-klimaluecke-schliessen\/#breadcrumb","itemListElement":[{"@type":"ListItem","position":1,"name":"Home","item":"https:\/\/www.organisator.ch\/"},{"@type":"ListItem","position":2,"name":"Digitalisierung kann bis 2030 einen F\u00fcnftel der \u00abKlimal\u00fccke\u00bb schliessen"}]},{"@type":"WebSite","@id":"https:\/\/www.organisator.ch\/#website","url":"https:\/\/www.organisator.ch\/","name":"Organizzatore","description":"Competente. Pratico. In 10 numeri all'anno, ORGANISATOR presenta i temi essenziali per i manager delle PMI.","publisher":{"@id":"https:\/\/www.organisator.ch\/#organization"},"potentialAction":[{"@type":"SearchAction","target":{"@type":"EntryPoint","urlTemplate":"https:\/\/www.organisator.ch\/?s={search_term_string}"},"query-input":{"@type":"PropertyValueSpecification","valueRequired":true,"valueName":"search_term_string"}}],"inLanguage":"it-IT"},{"@type":"Organization","@id":"https:\/\/www.organisator.ch\/#organization","name":"Organizzatore","url":"https:\/\/www.organisator.ch\/","logo":{"@type":"ImageObject","inLanguage":"it-IT","@id":"https:\/\/www.organisator.ch\/#\/schema\/logo\/image\/","url":"https:\/\/www.organisator.ch\/wp-content\/uploads\/2022\/01\/Logo_Organisator_Website.png","contentUrl":"https:\/\/www.organisator.ch\/wp-content\/uploads\/2022\/01\/Logo_Organisator_Website.png","width":800,"height":77,"caption":"Organisator"},"image":{"@id":"https:\/\/www.organisator.ch\/#\/schema\/logo\/image\/"},"sameAs":["https:\/\/www.facebook.com\/OrganisatorFachmagazin","https:\/\/www.linkedin.com\/showcase\/organisator-das-magazin-fr-kmu","https:\/\/www.xing.com\/news\/pages\/organisator-ch-695","https:\/\/www.youtube.com\/channel\/UCGP2Sq0iWaZwT3BdIAQFYpw"]},{"@type":"Person","@id":"https:\/\/www.organisator.ch\/#\/schema\/person\/2e1314a2172123f874db408d8911d3f3","name":"Adelisa Kalajdzini","image":{"@type":"ImageObject","inLanguage":"it-IT","@id":"https:\/\/secure.gravatar.com\/avatar\/09a397c22ac58cad6f160ee8306348599df9df58a8ede73696226897b9fa4b24?s=96&d=mm&r=g","url":"https:\/\/secure.gravatar.com\/avatar\/09a397c22ac58cad6f160ee8306348599df9df58a8ede73696226897b9fa4b24?s=96&d=mm&r=g","contentUrl":"https:\/\/secure.gravatar.com\/avatar\/09a397c22ac58cad6f160ee8306348599df9df58a8ede73696226897b9fa4b24?s=96&d=mm&r=g","caption":"Adelisa Kalajdzini"},"url":"https:\/\/www.organisator.ch\/it\/author\/adelisa-kalajdzini\/"}]}},"_links":{"self":[{"href":"https:\/\/www.organisator.ch\/it\/wp-json\/wp\/v2\/posts\/27740","targetHints":{"allow":["GET"]}}],"collection":[{"href":"https:\/\/www.organisator.ch\/it\/wp-json\/wp\/v2\/posts"}],"about":[{"href":"https:\/\/www.organisator.ch\/it\/wp-json\/wp\/v2\/types\/post"}],"author":[{"embeddable":true,"href":"https:\/\/www.organisator.ch\/it\/wp-json\/wp\/v2\/users\/58"}],"replies":[{"embeddable":true,"href":"https:\/\/www.organisator.ch\/it\/wp-json\/wp\/v2\/comments?post=27740"}],"version-history":[{"count":5,"href":"https:\/\/www.organisator.ch\/it\/wp-json\/wp\/v2\/posts\/27740\/revisions"}],"predecessor-version":[{"id":27783,"href":"https:\/\/www.organisator.ch\/it\/wp-json\/wp\/v2\/posts\/27740\/revisions\/27783"}],"wp:featuredmedia":[{"embeddable":true,"href":"https:\/\/www.organisator.ch\/it\/wp-json\/wp\/v2\/media\/27741"}],"wp:attachment":[{"href":"https:\/\/www.organisator.ch\/it\/wp-json\/wp\/v2\/media?parent=27740"}],"wp:term":[{"taxonomy":"category","embeddable":true,"href":"https:\/\/www.organisator.ch\/it\/wp-json\/wp\/v2\/categories?post=27740"},{"taxonomy":"post_tag","embeddable":true,"href":"https:\/\/www.organisator.ch\/it\/wp-json\/wp\/v2\/tags?post=27740"}],"curies":[{"name":"wp","href":"https:\/\/api.w.org\/{rel}","templated":true}]}}