{"id":27748,"date":"2024-06-17T11:31:03","date_gmt":"2024-06-17T09:31:03","guid":{"rendered":"https:\/\/www.werbewoche.ch\/?p=216744"},"modified":"2024-11-10T12:33:06","modified_gmt":"2024-11-10T11:33:06","slug":"ammarkt-vereinfacht-kommunikation-fuer-nahrin","status":"publish","type":"post","link":"https:\/\/www.organisator.ch\/it\/marketing\/2024-06-17\/ammarkt-vereinfacht-kommunikation-fuer-nahrin\/","title":{"rendered":"Ammarkt semplifica la comunicazione di Nahrin"},"content":{"rendered":"<p><img class=\"alignnone wp-image-216746 size-full\" src=\"https:\/\/www.werbewoche.ch\/wp-content\/uploads\/2024\/06\/Ammarkt.jpg\" alt=\"Cosmetici naturali Nahrin\" width=\"1200\" height=\"675\" \/>L'azienda familiare Nahrin \u00e8 conosciuta in Germania per gli alimenti naturali, come bouillon e miscele di condimenti, e per gli integratori alimentari. A livello internazionale, il marchio Nahrin \u00e8 anche sinonimo di cosmetici naturali. Finora, tuttavia, i partner di distribuzione internazionali avevano a disposizione solo strumenti di comunicazione limitati per la presenza del marchio nella gamma di cosmetici. Con l'espansione in nuovi mercati, \u00e8 aumentata la necessit\u00e0 di armonizzare l'aspetto visivo e comunicativo.<\/p>\r\n<p>La forza e la bellezza della nostra natura sono un forte punto di forza nei Paesi in cui Nahrin Cosmetics viene venduta. Soprattutto perch\u00e9 anche le formule e molte delle materie prime sono di origine naturale. Le sfide legate a un corporate design efficace a livello globale non sono state solo la diversit\u00e0 dei mercati, distribuiti nei continenti europeo e asiatico, ma anche il fatto che i rispettivi partner di distribuzione utilizzano una variet\u00e0 di canali di vendita diretti o al dettaglio (consulenti specializzati, negozio online, negozi fisici).<\/p>\r\n<h3>Effetto e naturalezza al centro<\/h3>\r\n<p>Sebbene le divisioni dei prodotti Nahrin siano diverse, sono unite dai valori fondamentali dell'azienda: Naturalezza, alta qualit\u00e0, efficacia, qualit\u00e0 e concretezza, in linea con il claim del marchio \"Closer to Nature\".  Il claim di nuova creazione \"Powerful Touch of Nature\" intende creare questo legame con i cosmetici.<\/p>\r\n<p>A tal fine, Ammarkt ha collaborato con il team di Nahrin Cosmetics per creare una cassetta degli attrezzi, tenendo conto dei vari canali di distribuzione e comunicazione, tra i quali i Paesi possono ora scegliere in base alle proprie esigenze e garantire un aspetto uniforme. Il semplice design delle piastrelle lascia abbastanza spazio per creare messaggi e varianti di design specifici per ogni Paese. C'\u00e8 anche un nuovo pool di immagini condivise, che \u00e8 stato riempito in stretta consultazione con i Paesi.<\/p>\r\n<p>&nbsp;<\/p>","protected":false},"excerpt":{"rendered":"<p>Nahrin \u00e8 nota per le miscele di condimenti e simili, ma meno per i cosmetici naturali. Per cambiare questa situazione, Ammarkt ha armonizzato il suo aspetto visivo e comunicativo con una cassetta degli attrezzi facile da usare.<\/p>","protected":false},"author":8,"featured_media":0,"comment_status":"closed","ping_status":"closed","sticky":false,"template":"","format":"standard","meta":{"_acf_changed":false,"_yoast_wpseo_focuskw":"Nahrin Naturkosmetik","_yoast_wpseo_metadesc":"Nahrin erweitert Naturkosmetik-Marke mit neuem Design und globaler Kommunikationsstrategie. St\u00e4rkung der nat\u00fcrlichen Werte.","articlekey":"","footnotes":""},"categories":[29],"tags":[3770,2617],"class_list":["post-27748","post","type-post","status-publish","format-standard","hentry","category-marketing","tag-ammarkt","tag-marken"],"acf":[],"yoast_head":"<!-- This site is optimized with the Yoast SEO plugin v27.5 - https:\/\/yoast.com\/product\/yoast-seo-wordpress\/ -->\n<title>Ammarkt vereinfacht Kommunikation f\u00fcr Nahrin - Organisator<\/title>\n<meta name=\"description\" content=\"Nahrin erweitert Naturkosmetik-Marke mit neuem Design und globaler Kommunikationsstrategie. St\u00e4rkung der nat\u00fcrlichen Werte.\" \/>\n<meta name=\"robots\" content=\"index, follow, max-snippet:-1, max-image-preview:large, max-video-preview:-1\" \/>\n<link rel=\"canonical\" href=\"https:\/\/www.organisator.ch\/it\/marketing\/2024-06-17\/ammarkt-vereinfacht-kommunikation-fuer-nahrin\/\" \/>\n<meta property=\"og:locale\" content=\"it_IT\" \/>\n<meta property=\"og:type\" content=\"article\" \/>\n<meta property=\"og:title\" content=\"Ammarkt vereinfacht Kommunikation f\u00fcr Nahrin - Organisator\" \/>\n<meta property=\"og:description\" content=\"Nahrin erweitert Naturkosmetik-Marke mit neuem Design und globaler Kommunikationsstrategie. St\u00e4rkung der nat\u00fcrlichen Werte.\" \/>\n<meta property=\"og:url\" content=\"https:\/\/www.organisator.ch\/it\/marketing\/2024-06-17\/ammarkt-vereinfacht-kommunikation-fuer-nahrin\/\" \/>\n<meta property=\"og:site_name\" content=\"Organisator\" \/>\n<meta property=\"article:publisher\" content=\"https:\/\/www.facebook.com\/OrganisatorFachmagazin\" \/>\n<meta property=\"article:published_time\" content=\"2024-06-17T09:31:03+00:00\" \/>\n<meta property=\"article:modified_time\" content=\"2024-11-10T11:33:06+00:00\" \/>\n<meta property=\"og:image\" content=\"https:\/\/www.werbewoche.ch\/wp-content\/uploads\/2024\/06\/Ammarkt.jpg\" \/>\n<meta name=\"author\" content=\"galledia\" \/>\n<meta name=\"twitter:card\" content=\"summary_large_image\" \/>\n<meta name=\"twitter:creator\" content=\"@admin\" \/>\n<script type=\"application\/ld+json\" class=\"yoast-schema-graph\">{\"@context\":\"https:\\\/\\\/schema.org\",\"@graph\":[{\"@type\":\"Article\",\"@id\":\"https:\\\/\\\/www.organisator.ch\\\/marketing\\\/2024-06-17\\\/ammarkt-vereinfacht-kommunikation-fuer-nahrin\\\/#article\",\"isPartOf\":{\"@id\":\"https:\\\/\\\/www.organisator.ch\\\/marketing\\\/2024-06-17\\\/ammarkt-vereinfacht-kommunikation-fuer-nahrin\\\/\"},\"author\":{\"name\":\"galledia\",\"@id\":\"https:\\\/\\\/www.organisator.ch\\\/#\\\/schema\\\/person\\\/4e51799071cd2dd1232ac003643ef5f0\"},\"headline\":\"Ammarkt vereinfacht Kommunikation f\u00fcr Nahrin\",\"datePublished\":\"2024-06-17T09:31:03+00:00\",\"dateModified\":\"2024-11-10T11:33:06+00:00\",\"mainEntityOfPage\":{\"@id\":\"https:\\\/\\\/www.organisator.ch\\\/marketing\\\/2024-06-17\\\/ammarkt-vereinfacht-kommunikation-fuer-nahrin\\\/\"},\"wordCount\":298,\"publisher\":{\"@id\":\"https:\\\/\\\/www.organisator.ch\\\/#organization\"},\"image\":{\"@id\":\"https:\\\/\\\/www.organisator.ch\\\/marketing\\\/2024-06-17\\\/ammarkt-vereinfacht-kommunikation-fuer-nahrin\\\/#primaryimage\"},\"thumbnailUrl\":\"https:\\\/\\\/www.werbewoche.ch\\\/wp-content\\\/uploads\\\/2024\\\/06\\\/Ammarkt.jpg\",\"keywords\":[\"Ammarkt\",\"Marken\"],\"articleSection\":[\"MARKETING\"],\"inLanguage\":\"it-IT\"},{\"@type\":\"WebPage\",\"@id\":\"https:\\\/\\\/www.organisator.ch\\\/marketing\\\/2024-06-17\\\/ammarkt-vereinfacht-kommunikation-fuer-nahrin\\\/\",\"url\":\"https:\\\/\\\/www.organisator.ch\\\/marketing\\\/2024-06-17\\\/ammarkt-vereinfacht-kommunikation-fuer-nahrin\\\/\",\"name\":\"Ammarkt vereinfacht Kommunikation f\u00fcr Nahrin - Organisator\",\"isPartOf\":{\"@id\":\"https:\\\/\\\/www.organisator.ch\\\/#website\"},\"primaryImageOfPage\":{\"@id\":\"https:\\\/\\\/www.organisator.ch\\\/marketing\\\/2024-06-17\\\/ammarkt-vereinfacht-kommunikation-fuer-nahrin\\\/#primaryimage\"},\"image\":{\"@id\":\"https:\\\/\\\/www.organisator.ch\\\/marketing\\\/2024-06-17\\\/ammarkt-vereinfacht-kommunikation-fuer-nahrin\\\/#primaryimage\"},\"thumbnailUrl\":\"https:\\\/\\\/www.werbewoche.ch\\\/wp-content\\\/uploads\\\/2024\\\/06\\\/Ammarkt.jpg\",\"datePublished\":\"2024-06-17T09:31:03+00:00\",\"dateModified\":\"2024-11-10T11:33:06+00:00\",\"description\":\"Nahrin erweitert Naturkosmetik-Marke mit neuem Design und globaler Kommunikationsstrategie. St\u00e4rkung der nat\u00fcrlichen Werte.\",\"breadcrumb\":{\"@id\":\"https:\\\/\\\/www.organisator.ch\\\/marketing\\\/2024-06-17\\\/ammarkt-vereinfacht-kommunikation-fuer-nahrin\\\/#breadcrumb\"},\"inLanguage\":\"it-IT\",\"potentialAction\":[{\"@type\":\"ReadAction\",\"target\":[\"https:\\\/\\\/www.organisator.ch\\\/marketing\\\/2024-06-17\\\/ammarkt-vereinfacht-kommunikation-fuer-nahrin\\\/\"]}]},{\"@type\":\"ImageObject\",\"inLanguage\":\"it-IT\",\"@id\":\"https:\\\/\\\/www.organisator.ch\\\/marketing\\\/2024-06-17\\\/ammarkt-vereinfacht-kommunikation-fuer-nahrin\\\/#primaryimage\",\"url\":\"https:\\\/\\\/www.werbewoche.ch\\\/wp-content\\\/uploads\\\/2024\\\/06\\\/Ammarkt.jpg\",\"contentUrl\":\"https:\\\/\\\/www.werbewoche.ch\\\/wp-content\\\/uploads\\\/2024\\\/06\\\/Ammarkt.jpg\"},{\"@type\":\"BreadcrumbList\",\"@id\":\"https:\\\/\\\/www.organisator.ch\\\/marketing\\\/2024-06-17\\\/ammarkt-vereinfacht-kommunikation-fuer-nahrin\\\/#breadcrumb\",\"itemListElement\":[{\"@type\":\"ListItem\",\"position\":1,\"name\":\"Home\",\"item\":\"https:\\\/\\\/www.organisator.ch\\\/\"},{\"@type\":\"ListItem\",\"position\":2,\"name\":\"Ammarkt vereinfacht Kommunikation f\u00fcr Nahrin\"}]},{\"@type\":\"WebSite\",\"@id\":\"https:\\\/\\\/www.organisator.ch\\\/#website\",\"url\":\"https:\\\/\\\/www.organisator.ch\\\/\",\"name\":\"Organisator\",\"description\":\"Kompetent. Praxisnah. Der ORGANISATOR bereitet in 10 Ausgaben pro Jahr die wesentlichen Themen f\u00fcr F\u00fchrungskr\u00e4fte von KMU auf.\",\"publisher\":{\"@id\":\"https:\\\/\\\/www.organisator.ch\\\/#organization\"},\"potentialAction\":[{\"@type\":\"SearchAction\",\"target\":{\"@type\":\"EntryPoint\",\"urlTemplate\":\"https:\\\/\\\/www.organisator.ch\\\/?s={search_term_string}\"},\"query-input\":{\"@type\":\"PropertyValueSpecification\",\"valueRequired\":true,\"valueName\":\"search_term_string\"}}],\"inLanguage\":\"it-IT\"},{\"@type\":\"Organization\",\"@id\":\"https:\\\/\\\/www.organisator.ch\\\/#organization\",\"name\":\"Organisator\",\"url\":\"https:\\\/\\\/www.organisator.ch\\\/\",\"logo\":{\"@type\":\"ImageObject\",\"inLanguage\":\"it-IT\",\"@id\":\"https:\\\/\\\/www.organisator.ch\\\/#\\\/schema\\\/logo\\\/image\\\/\",\"url\":\"https:\\\/\\\/www.organisator.ch\\\/wp-content\\\/uploads\\\/2022\\\/01\\\/Logo_Organisator_Website.png\",\"contentUrl\":\"https:\\\/\\\/www.organisator.ch\\\/wp-content\\\/uploads\\\/2022\\\/01\\\/Logo_Organisator_Website.png\",\"width\":800,\"height\":77,\"caption\":\"Organisator\"},\"image\":{\"@id\":\"https:\\\/\\\/www.organisator.ch\\\/#\\\/schema\\\/logo\\\/image\\\/\"},\"sameAs\":[\"https:\\\/\\\/www.facebook.com\\\/OrganisatorFachmagazin\",\"https:\\\/\\\/www.linkedin.com\\\/showcase\\\/organisator-das-magazin-fr-kmu\",\"https:\\\/\\\/www.xing.com\\\/news\\\/pages\\\/organisator-ch-695\",\"https:\\\/\\\/www.youtube.com\\\/channel\\\/UCGP2Sq0iWaZwT3BdIAQFYpw\"]},{\"@type\":\"Person\",\"@id\":\"https:\\\/\\\/www.organisator.ch\\\/#\\\/schema\\\/person\\\/4e51799071cd2dd1232ac003643ef5f0\",\"name\":\"galledia\",\"image\":{\"@type\":\"ImageObject\",\"inLanguage\":\"it-IT\",\"@id\":\"https:\\\/\\\/secure.gravatar.com\\\/avatar\\\/78a7f90c01fc2bfc875782a0d4922b37cde2cf184ce347b91316d23cd7f69a36?s=96&d=mm&r=g\",\"url\":\"https:\\\/\\\/secure.gravatar.com\\\/avatar\\\/78a7f90c01fc2bfc875782a0d4922b37cde2cf184ce347b91316d23cd7f69a36?s=96&d=mm&r=g\",\"contentUrl\":\"https:\\\/\\\/secure.gravatar.com\\\/avatar\\\/78a7f90c01fc2bfc875782a0d4922b37cde2cf184ce347b91316d23cd7f69a36?s=96&d=mm&r=g\",\"caption\":\"galledia\"},\"sameAs\":[\"https:\\\/\\\/x.com\\\/admin\"],\"url\":\"https:\\\/\\\/www.organisator.ch\\\/it\\\/author\\\/galledia\\\/\"}]}<\/script>\n<!-- \/ Yoast SEO plugin. -->","yoast_head_json":{"title":"Ammarkt semplifica la comunicazione per Nahrin - Organizzatore","description":"Nahrin amplia il marchio di cosmetici naturali con un nuovo design e una strategia di comunicazione globale. Rafforzare i valori naturali.","robots":{"index":"index","follow":"follow","max-snippet":"max-snippet:-1","max-image-preview":"max-image-preview:large","max-video-preview":"max-video-preview:-1"},"canonical":"https:\/\/www.organisator.ch\/it\/marketing\/2024-06-17\/ammarkt-vereinfacht-kommunikation-fuer-nahrin\/","og_locale":"it_IT","og_type":"article","og_title":"Ammarkt vereinfacht Kommunikation f\u00fcr Nahrin - Organisator","og_description":"Nahrin erweitert Naturkosmetik-Marke mit neuem Design und globaler Kommunikationsstrategie. St\u00e4rkung der nat\u00fcrlichen Werte.","og_url":"https:\/\/www.organisator.ch\/it\/marketing\/2024-06-17\/ammarkt-vereinfacht-kommunikation-fuer-nahrin\/","og_site_name":"Organisator","article_publisher":"https:\/\/www.facebook.com\/OrganisatorFachmagazin","article_published_time":"2024-06-17T09:31:03+00:00","article_modified_time":"2024-11-10T11:33:06+00:00","og_image":[{"url":"https:\/\/www.werbewoche.ch\/wp-content\/uploads\/2024\/06\/Ammarkt.jpg","type":"","width":"","height":""}],"author":"galledia","twitter_card":"summary_large_image","twitter_creator":"@admin","schema":{"@context":"https:\/\/schema.org","@graph":[{"@type":"Article","@id":"https:\/\/www.organisator.ch\/marketing\/2024-06-17\/ammarkt-vereinfacht-kommunikation-fuer-nahrin\/#article","isPartOf":{"@id":"https:\/\/www.organisator.ch\/marketing\/2024-06-17\/ammarkt-vereinfacht-kommunikation-fuer-nahrin\/"},"author":{"name":"galledia","@id":"https:\/\/www.organisator.ch\/#\/schema\/person\/4e51799071cd2dd1232ac003643ef5f0"},"headline":"Ammarkt vereinfacht Kommunikation f\u00fcr Nahrin","datePublished":"2024-06-17T09:31:03+00:00","dateModified":"2024-11-10T11:33:06+00:00","mainEntityOfPage":{"@id":"https:\/\/www.organisator.ch\/marketing\/2024-06-17\/ammarkt-vereinfacht-kommunikation-fuer-nahrin\/"},"wordCount":298,"publisher":{"@id":"https:\/\/www.organisator.ch\/#organization"},"image":{"@id":"https:\/\/www.organisator.ch\/marketing\/2024-06-17\/ammarkt-vereinfacht-kommunikation-fuer-nahrin\/#primaryimage"},"thumbnailUrl":"https:\/\/www.werbewoche.ch\/wp-content\/uploads\/2024\/06\/Ammarkt.jpg","keywords":["Ammarkt","Marken"],"articleSection":["MARKETING"],"inLanguage":"it-IT"},{"@type":"WebPage","@id":"https:\/\/www.organisator.ch\/marketing\/2024-06-17\/ammarkt-vereinfacht-kommunikation-fuer-nahrin\/","url":"https:\/\/www.organisator.ch\/marketing\/2024-06-17\/ammarkt-vereinfacht-kommunikation-fuer-nahrin\/","name":"Ammarkt semplifica la comunicazione per Nahrin - Organizzatore","isPartOf":{"@id":"https:\/\/www.organisator.ch\/#website"},"primaryImageOfPage":{"@id":"https:\/\/www.organisator.ch\/marketing\/2024-06-17\/ammarkt-vereinfacht-kommunikation-fuer-nahrin\/#primaryimage"},"image":{"@id":"https:\/\/www.organisator.ch\/marketing\/2024-06-17\/ammarkt-vereinfacht-kommunikation-fuer-nahrin\/#primaryimage"},"thumbnailUrl":"https:\/\/www.werbewoche.ch\/wp-content\/uploads\/2024\/06\/Ammarkt.jpg","datePublished":"2024-06-17T09:31:03+00:00","dateModified":"2024-11-10T11:33:06+00:00","description":"Nahrin amplia il marchio di cosmetici naturali con un nuovo design e una strategia di comunicazione globale. Rafforzare i valori naturali.","breadcrumb":{"@id":"https:\/\/www.organisator.ch\/marketing\/2024-06-17\/ammarkt-vereinfacht-kommunikation-fuer-nahrin\/#breadcrumb"},"inLanguage":"it-IT","potentialAction":[{"@type":"ReadAction","target":["https:\/\/www.organisator.ch\/marketing\/2024-06-17\/ammarkt-vereinfacht-kommunikation-fuer-nahrin\/"]}]},{"@type":"ImageObject","inLanguage":"it-IT","@id":"https:\/\/www.organisator.ch\/marketing\/2024-06-17\/ammarkt-vereinfacht-kommunikation-fuer-nahrin\/#primaryimage","url":"https:\/\/www.werbewoche.ch\/wp-content\/uploads\/2024\/06\/Ammarkt.jpg","contentUrl":"https:\/\/www.werbewoche.ch\/wp-content\/uploads\/2024\/06\/Ammarkt.jpg"},{"@type":"BreadcrumbList","@id":"https:\/\/www.organisator.ch\/marketing\/2024-06-17\/ammarkt-vereinfacht-kommunikation-fuer-nahrin\/#breadcrumb","itemListElement":[{"@type":"ListItem","position":1,"name":"Home","item":"https:\/\/www.organisator.ch\/"},{"@type":"ListItem","position":2,"name":"Ammarkt vereinfacht Kommunikation f\u00fcr Nahrin"}]},{"@type":"WebSite","@id":"https:\/\/www.organisator.ch\/#website","url":"https:\/\/www.organisator.ch\/","name":"Organizzatore","description":"Competente. Pratico. In 10 numeri all'anno, ORGANISATOR presenta i temi essenziali per i manager delle PMI.","publisher":{"@id":"https:\/\/www.organisator.ch\/#organization"},"potentialAction":[{"@type":"SearchAction","target":{"@type":"EntryPoint","urlTemplate":"https:\/\/www.organisator.ch\/?s={search_term_string}"},"query-input":{"@type":"PropertyValueSpecification","valueRequired":true,"valueName":"search_term_string"}}],"inLanguage":"it-IT"},{"@type":"Organization","@id":"https:\/\/www.organisator.ch\/#organization","name":"Organizzatore","url":"https:\/\/www.organisator.ch\/","logo":{"@type":"ImageObject","inLanguage":"it-IT","@id":"https:\/\/www.organisator.ch\/#\/schema\/logo\/image\/","url":"https:\/\/www.organisator.ch\/wp-content\/uploads\/2022\/01\/Logo_Organisator_Website.png","contentUrl":"https:\/\/www.organisator.ch\/wp-content\/uploads\/2022\/01\/Logo_Organisator_Website.png","width":800,"height":77,"caption":"Organisator"},"image":{"@id":"https:\/\/www.organisator.ch\/#\/schema\/logo\/image\/"},"sameAs":["https:\/\/www.facebook.com\/OrganisatorFachmagazin","https:\/\/www.linkedin.com\/showcase\/organisator-das-magazin-fr-kmu","https:\/\/www.xing.com\/news\/pages\/organisator-ch-695","https:\/\/www.youtube.com\/channel\/UCGP2Sq0iWaZwT3BdIAQFYpw"]},{"@type":"Person","@id":"https:\/\/www.organisator.ch\/#\/schema\/person\/4e51799071cd2dd1232ac003643ef5f0","name":"galledia","image":{"@type":"ImageObject","inLanguage":"it-IT","@id":"https:\/\/secure.gravatar.com\/avatar\/78a7f90c01fc2bfc875782a0d4922b37cde2cf184ce347b91316d23cd7f69a36?s=96&d=mm&r=g","url":"https:\/\/secure.gravatar.com\/avatar\/78a7f90c01fc2bfc875782a0d4922b37cde2cf184ce347b91316d23cd7f69a36?s=96&d=mm&r=g","contentUrl":"https:\/\/secure.gravatar.com\/avatar\/78a7f90c01fc2bfc875782a0d4922b37cde2cf184ce347b91316d23cd7f69a36?s=96&d=mm&r=g","caption":"galledia"},"sameAs":["https:\/\/x.com\/admin"],"url":"https:\/\/www.organisator.ch\/it\/author\/galledia\/"}]}},"_links":{"self":[{"href":"https:\/\/www.organisator.ch\/it\/wp-json\/wp\/v2\/posts\/27748","targetHints":{"allow":["GET"]}}],"collection":[{"href":"https:\/\/www.organisator.ch\/it\/wp-json\/wp\/v2\/posts"}],"about":[{"href":"https:\/\/www.organisator.ch\/it\/wp-json\/wp\/v2\/types\/post"}],"author":[{"embeddable":true,"href":"https:\/\/www.organisator.ch\/it\/wp-json\/wp\/v2\/users\/8"}],"replies":[{"embeddable":true,"href":"https:\/\/www.organisator.ch\/it\/wp-json\/wp\/v2\/comments?post=27748"}],"version-history":[{"count":4,"href":"https:\/\/www.organisator.ch\/it\/wp-json\/wp\/v2\/posts\/27748\/revisions"}],"predecessor-version":[{"id":32185,"href":"https:\/\/www.organisator.ch\/it\/wp-json\/wp\/v2\/posts\/27748\/revisions\/32185"}],"wp:attachment":[{"href":"https:\/\/www.organisator.ch\/it\/wp-json\/wp\/v2\/media?parent=27748"}],"wp:term":[{"taxonomy":"category","embeddable":true,"href":"https:\/\/www.organisator.ch\/it\/wp-json\/wp\/v2\/categories?post=27748"},{"taxonomy":"post_tag","embeddable":true,"href":"https:\/\/www.organisator.ch\/it\/wp-json\/wp\/v2\/tags?post=27748"}],"curies":[{"name":"wp","href":"https:\/\/api.w.org\/{rel}","templated":true}]}}