{"id":2775,"date":"2017-11-24T13:39:53","date_gmt":"2017-11-24T12:39:53","guid":{"rendered":"https:\/\/www.organisator.ch\/?p=2775"},"modified":"2017-11-24T13:39:53","modified_gmt":"2017-11-24T12:39:53","slug":"neuer-leiter-am-weiterbildungszentrum-der-fhs-st-gallen","status":"publish","type":"post","link":"https:\/\/www.organisator.ch\/it\/allgemein\/2017-11-24\/neuer-leiter-am-weiterbildungszentrum-der-fhs-st-gallen\/","title":{"rendered":"Nuovo responsabile del centro di formazione continua della UAS di San Gallo"},"content":{"rendered":"<figure id=\"attachment_2776\" aria-describedby=\"caption-attachment-2776\" style=\"width: 566px\" class=\"wp-caption alignnone\"><img loading=\"lazy\" decoding=\"async\" class=\"size-full wp-image-2776\" src=\"https:\/\/www.organisator.ch\/wp-content\/uploads\/2017\/11\/Neuer-Leiter-am-Weiterbildungszentrum-der-FHS-St.Gallen_Organisator.jpg\" alt=\"\" width=\"566\" height=\"480\" srcset=\"https:\/\/www.organisator.ch\/wp-content\/uploads\/2017\/11\/Neuer-Leiter-am-Weiterbildungszentrum-der-FHS-St.Gallen_Organisator.jpg 566w, https:\/\/www.organisator.ch\/wp-content\/uploads\/2017\/11\/Neuer-Leiter-am-Weiterbildungszentrum-der-FHS-St.Gallen_Organisator-14x12.jpg 14w, https:\/\/www.organisator.ch\/wp-content\/uploads\/2017\/11\/Neuer-Leiter-am-Weiterbildungszentrum-der-FHS-St.Gallen_Organisator-206x175.jpg 206w, https:\/\/www.organisator.ch\/wp-content\/uploads\/2017\/11\/Neuer-Leiter-am-Weiterbildungszentrum-der-FHS-St.Gallen_Organisator-413x350.jpg 413w, https:\/\/www.organisator.ch\/wp-content\/uploads\/2017\/11\/Neuer-Leiter-am-Weiterbildungszentrum-der-FHS-St.Gallen_Organisator-300x254.jpg 300w\" sizes=\"auto, (max-width: 566px) 100vw, 566px\" \/><figcaption id=\"caption-attachment-2776\" class=\"wp-caption-text\">Dr. des. Rub\u00e9n Rodriguez Startz assumer\u00e0 la direzione del Centro di formazione continua della SUP di San Gallo il 1\u00b0 maggio 2018. (Immagine: PD)<\/figcaption><\/figure>\n<p>Presso il Centro di formazione continua della SUP di San Gallo, specialisti e manager provenienti da un'ampia gamma di professioni e settori continuano la loro formazione. Il programma di formazione continua comprende master di formazione continua (EMBA, MAS), corsi di certificazione (CAS) e seminari. Tutti i corsi possono essere frequentati in concomitanza con lo sviluppo professionale e di carriera. Rub\u00e9n Rodriguez Startz, che ha conseguito il dottorato presso l'Universit\u00e0 di San Gallo sul tema \"Ethical Content in Executive Education\", subentrer\u00e0 al Prof. Dr. Reto Eugster, che andr\u00e0 in pensione alla fine di aprile 2018 dopo oltre 28 anni di leadership e insegnamento presso la SUP di San Gallo. Con Rodriguez Startz, un conoscitore del settore della formazione continua svizzera e internazionale assumer\u00e0 la direzione del Centro di formazione continua. Oltre a lui, Martina Baerlocher Walser e il Prof. Dr. Jos\u00e9 Gomez continueranno a far parte del Consiglio direttivo del Centro di formazione continua della SUP di San Gallo.<\/p>\n<p>Rub\u00e9n Rodriguez Startz ha studiato Scienze politiche, Filosofia e Storia ibero-latinoamericana all'Universit\u00e0 di Colonia. Nell'ambito della sua tesi di laurea, si \u00e8 occupato di questioni relative all'orientamento socialmente responsabile della formazione manageriale. Rodriguez Startz \u00e8 attualmente Business Development Manager presso l'Executive School of Management, Technology and Law dell'Universit\u00e0 di San Gallo. In questo ruolo, \u00e8 il referente centrale per la consulenza agli interessati alla formazione continua ed \u00e8 responsabile di varie attivit\u00e0 di marketing. In precedenza, Rodriguez Startz \u00e8 stato consulente di gestione per diverse PMI e ha lavorato come account manager e amministratore delegato nel settore internet e per gruppi industriali.<\/p>\n<p><em>Informazioni: <a href=\"http:\/\/www.fhsg.ch\/weiterbildung\">www.fhsg.ch\/weiterbildung<\/a><\/em><\/p>","protected":false},"excerpt":{"rendered":"<p>Am Weiterbildungszentrum der FHS St.Gallen bilden sich Fach- und F\u00fchrungspers\u00f6nlichkeiten aus den unterschiedlichsten Berufen und Branchen weiter. Das Weiterbildungsprogramm umfasst neben Weiterbildungsmastern (EMBA, MAS) auch Zertifikatslehrg\u00e4nge (CAS) und Seminare. S\u00e4mtliche Kurse k\u00f6nnen berufs- und karrierebegleitend besucht werden. Nun wird dort\u00a0Rub\u00e9n Rodriguez Startz, der an der Universit\u00e4t St.Gallen zum Thema \u00abEthische Inhalte in der Executive Education\u00bb [&hellip;]<\/p>\n","protected":false},"author":4,"featured_media":2776,"comment_status":"open","ping_status":"open","sticky":false,"template":"","format":"standard","meta":{"_acf_changed":false,"_yoast_wpseo_focuskw":"Weiterbildungszentrum","_yoast_wpseo_metadesc":"Der Hochschulrat der Fachhochschule St.Gallen (FHS) hat Dr. des. Rub\u00e9n Rodriguez Startz zum Leiter des Weiterbildungszentrums der FHS St.Gallen gew\u00e4hlt.","articlekey":"","footnotes":""},"categories":[1],"tags":[62,294,381,533],"class_list":["post-2775","post","type-post","status-publish","format-standard","has-post-thumbnail","hentry","category-allgemein","tag-aus-weiterbildung","tag-karriere","tag-personalia","tag-wissenschaft"],"acf":[],"yoast_head":"<!-- This site is optimized with the Yoast SEO plugin v27.4 - https:\/\/yoast.com\/product\/yoast-seo-wordpress\/ -->\n<title>Neuer Leiter am Weiterbildungszentrum der FHS St.Gallen - Organisator<\/title>\n<meta name=\"description\" content=\"Der Hochschulrat der Fachhochschule St.Gallen (FHS) hat Dr. des. Rub\u00e9n Rodriguez Startz zum Leiter des Weiterbildungszentrums der FHS St.Gallen gew\u00e4hlt.\" \/>\n<meta name=\"robots\" content=\"index, follow, max-snippet:-1, max-image-preview:large, max-video-preview:-1\" \/>\n<link rel=\"canonical\" href=\"https:\/\/www.organisator.ch\/it\/generale\/2017-11-24\/neuer-leiter-am-weiterbildungszentrum-der-fhs-st-gallen\/\" \/>\n<meta property=\"og:locale\" content=\"it_IT\" \/>\n<meta property=\"og:type\" content=\"article\" \/>\n<meta property=\"og:title\" content=\"Neuer Leiter am Weiterbildungszentrum der FHS St.Gallen\" \/>\n<meta property=\"og:description\" content=\"Der Hochschulrat der #Fachhochschule St.Gallen (FHS) hat Dr. des. Rub\u00e9n Rodriguez Startz zum Leiter des #Weiterbildungszentrums der FHS St.Gallen gew\u00e4hlt.\" \/>\n<meta property=\"og:url\" content=\"https:\/\/www.organisator.ch\/it\/generale\/2017-11-24\/neuer-leiter-am-weiterbildungszentrum-der-fhs-st-gallen\/\" \/>\n<meta property=\"og:site_name\" content=\"Organisator\" \/>\n<meta property=\"article:publisher\" content=\"https:\/\/www.facebook.com\/OrganisatorFachmagazin\" \/>\n<meta property=\"article:published_time\" content=\"2017-11-24T12:39:53+00:00\" \/>\n<meta property=\"og:image\" content=\"https:\/\/www.organisator.ch\/wp-content\/uploads\/2017\/11\/Neuer-Leiter-am-Weiterbildungszentrum-der-FHS-St.Gallen_Organisator.jpg\" \/>\n\t<meta property=\"og:image:width\" content=\"566\" \/>\n\t<meta property=\"og:image:height\" content=\"480\" \/>\n\t<meta property=\"og:image:type\" content=\"image\/jpeg\" \/>\n<meta name=\"author\" content=\"thomas.berner\" \/>\n<meta name=\"twitter:card\" content=\"summary_large_image\" \/>\n<meta name=\"twitter:title\" content=\"Neuer Leiter am #Weiterbildungszentrum der FHS St.Gallen\" \/>\n<meta name=\"twitter:description\" content=\"Der Hochschulrat der #Fachhochschule St.Gallen (FHS) hat Dr. des. Rub\u00e9n Rodriguez Startz zum Leiter des #Weiterbildungszentrums der FHS St.Gallen gew\u00e4hlt.\" \/>\n<meta name=\"twitter:image\" content=\"https:\/\/www.organisator.ch\/wp-content\/uploads\/2017\/11\/Neuer-Leiter-am-Weiterbildungszentrum-der-FHS-St.Gallen_Organisator.jpg\" \/>\n<script type=\"application\/ld+json\" class=\"yoast-schema-graph\">{\"@context\":\"https:\\\/\\\/schema.org\",\"@graph\":[{\"@type\":\"Article\",\"@id\":\"https:\\\/\\\/www.organisator.ch\\\/it\\\/generale\\\/2017-11-24\\\/neuer-leiter-am-weiterbildungszentrum-der-fhs-st-gallen\\\/#article\",\"isPartOf\":{\"@id\":\"https:\\\/\\\/www.organisator.ch\\\/it\\\/generale\\\/2017-11-24\\\/neuer-leiter-am-weiterbildungszentrum-der-fhs-st-gallen\\\/\"},\"author\":{\"name\":\"thomas.berner\",\"@id\":\"https:\\\/\\\/www.organisator.ch\\\/#\\\/schema\\\/person\\\/6f650f90b2842cd4c0cc334b4e36f67e\"},\"headline\":\"Neuer Leiter am Weiterbildungszentrum der FHS St.Gallen\",\"datePublished\":\"2017-11-24T12:39:53+00:00\",\"mainEntityOfPage\":{\"@id\":\"https:\\\/\\\/www.organisator.ch\\\/it\\\/generale\\\/2017-11-24\\\/neuer-leiter-am-weiterbildungszentrum-der-fhs-st-gallen\\\/\"},\"wordCount\":271,\"commentCount\":1,\"publisher\":{\"@id\":\"https:\\\/\\\/www.organisator.ch\\\/#organization\"},\"image\":{\"@id\":\"https:\\\/\\\/www.organisator.ch\\\/it\\\/generale\\\/2017-11-24\\\/neuer-leiter-am-weiterbildungszentrum-der-fhs-st-gallen\\\/#primaryimage\"},\"thumbnailUrl\":\"https:\\\/\\\/www.organisator.ch\\\/wp-content\\\/uploads\\\/2017\\\/11\\\/Neuer-Leiter-am-Weiterbildungszentrum-der-FHS-St.Gallen_Organisator.jpg\",\"keywords\":[\"Aus-\\\/Weiterbildung\",\"Karriere\",\"Personalia\",\"Wissenschaft\"],\"articleSection\":[\"Allgemein\"],\"inLanguage\":\"it-IT\"},{\"@type\":\"WebPage\",\"@id\":\"https:\\\/\\\/www.organisator.ch\\\/it\\\/generale\\\/2017-11-24\\\/neuer-leiter-am-weiterbildungszentrum-der-fhs-st-gallen\\\/\",\"url\":\"https:\\\/\\\/www.organisator.ch\\\/it\\\/generale\\\/2017-11-24\\\/neuer-leiter-am-weiterbildungszentrum-der-fhs-st-gallen\\\/\",\"name\":\"Neuer Leiter am Weiterbildungszentrum der FHS St.Gallen - Organisator\",\"isPartOf\":{\"@id\":\"https:\\\/\\\/www.organisator.ch\\\/#website\"},\"primaryImageOfPage\":{\"@id\":\"https:\\\/\\\/www.organisator.ch\\\/it\\\/generale\\\/2017-11-24\\\/neuer-leiter-am-weiterbildungszentrum-der-fhs-st-gallen\\\/#primaryimage\"},\"image\":{\"@id\":\"https:\\\/\\\/www.organisator.ch\\\/it\\\/generale\\\/2017-11-24\\\/neuer-leiter-am-weiterbildungszentrum-der-fhs-st-gallen\\\/#primaryimage\"},\"thumbnailUrl\":\"https:\\\/\\\/www.organisator.ch\\\/wp-content\\\/uploads\\\/2017\\\/11\\\/Neuer-Leiter-am-Weiterbildungszentrum-der-FHS-St.Gallen_Organisator.jpg\",\"datePublished\":\"2017-11-24T12:39:53+00:00\",\"description\":\"Der Hochschulrat der Fachhochschule St.Gallen (FHS) hat Dr. des. Rub\u00e9n Rodriguez Startz zum Leiter des Weiterbildungszentrums der FHS St.Gallen gew\u00e4hlt.\",\"breadcrumb\":{\"@id\":\"https:\\\/\\\/www.organisator.ch\\\/it\\\/generale\\\/2017-11-24\\\/neuer-leiter-am-weiterbildungszentrum-der-fhs-st-gallen\\\/#breadcrumb\"},\"inLanguage\":\"it-IT\",\"potentialAction\":[{\"@type\":\"ReadAction\",\"target\":[\"https:\\\/\\\/www.organisator.ch\\\/it\\\/generale\\\/2017-11-24\\\/neuer-leiter-am-weiterbildungszentrum-der-fhs-st-gallen\\\/\"]}]},{\"@type\":\"ImageObject\",\"inLanguage\":\"it-IT\",\"@id\":\"https:\\\/\\\/www.organisator.ch\\\/it\\\/generale\\\/2017-11-24\\\/neuer-leiter-am-weiterbildungszentrum-der-fhs-st-gallen\\\/#primaryimage\",\"url\":\"https:\\\/\\\/www.organisator.ch\\\/wp-content\\\/uploads\\\/2017\\\/11\\\/Neuer-Leiter-am-Weiterbildungszentrum-der-FHS-St.Gallen_Organisator.jpg\",\"contentUrl\":\"https:\\\/\\\/www.organisator.ch\\\/wp-content\\\/uploads\\\/2017\\\/11\\\/Neuer-Leiter-am-Weiterbildungszentrum-der-FHS-St.Gallen_Organisator.jpg\",\"width\":566,\"height\":480,\"caption\":\"Dr. des. Rub\u00e9n Rodriguez Startz \u00fcbernimmt per 1. Mai 2018 die Leitung am Weiterbildungszentrum der FHS St.Gallen. (Bild: PD)\"},{\"@type\":\"BreadcrumbList\",\"@id\":\"https:\\\/\\\/www.organisator.ch\\\/it\\\/generale\\\/2017-11-24\\\/neuer-leiter-am-weiterbildungszentrum-der-fhs-st-gallen\\\/#breadcrumb\",\"itemListElement\":[{\"@type\":\"ListItem\",\"position\":1,\"name\":\"Home\",\"item\":\"https:\\\/\\\/www.organisator.ch\\\/\"},{\"@type\":\"ListItem\",\"position\":2,\"name\":\"Neuer Leiter am Weiterbildungszentrum der FHS St.Gallen\"}]},{\"@type\":\"WebSite\",\"@id\":\"https:\\\/\\\/www.organisator.ch\\\/#website\",\"url\":\"https:\\\/\\\/www.organisator.ch\\\/\",\"name\":\"Organisator\",\"description\":\"Kompetent. Praxisnah. Der ORGANISATOR bereitet in 10 Ausgaben pro Jahr die wesentlichen Themen f\u00fcr F\u00fchrungskr\u00e4fte von KMU auf.\",\"publisher\":{\"@id\":\"https:\\\/\\\/www.organisator.ch\\\/#organization\"},\"potentialAction\":[{\"@type\":\"SearchAction\",\"target\":{\"@type\":\"EntryPoint\",\"urlTemplate\":\"https:\\\/\\\/www.organisator.ch\\\/?s={search_term_string}\"},\"query-input\":{\"@type\":\"PropertyValueSpecification\",\"valueRequired\":true,\"valueName\":\"search_term_string\"}}],\"inLanguage\":\"it-IT\"},{\"@type\":\"Organization\",\"@id\":\"https:\\\/\\\/www.organisator.ch\\\/#organization\",\"name\":\"Organisator\",\"url\":\"https:\\\/\\\/www.organisator.ch\\\/\",\"logo\":{\"@type\":\"ImageObject\",\"inLanguage\":\"it-IT\",\"@id\":\"https:\\\/\\\/www.organisator.ch\\\/#\\\/schema\\\/logo\\\/image\\\/\",\"url\":\"https:\\\/\\\/www.organisator.ch\\\/wp-content\\\/uploads\\\/2022\\\/01\\\/Logo_Organisator_Website.png\",\"contentUrl\":\"https:\\\/\\\/www.organisator.ch\\\/wp-content\\\/uploads\\\/2022\\\/01\\\/Logo_Organisator_Website.png\",\"width\":800,\"height\":77,\"caption\":\"Organisator\"},\"image\":{\"@id\":\"https:\\\/\\\/www.organisator.ch\\\/#\\\/schema\\\/logo\\\/image\\\/\"},\"sameAs\":[\"https:\\\/\\\/www.facebook.com\\\/OrganisatorFachmagazin\",\"https:\\\/\\\/www.linkedin.com\\\/showcase\\\/organisator-das-magazin-fr-kmu\",\"https:\\\/\\\/www.xing.com\\\/news\\\/pages\\\/organisator-ch-695\",\"https:\\\/\\\/www.youtube.com\\\/channel\\\/UCGP2Sq0iWaZwT3BdIAQFYpw\"]},{\"@type\":\"Person\",\"@id\":\"https:\\\/\\\/www.organisator.ch\\\/#\\\/schema\\\/person\\\/6f650f90b2842cd4c0cc334b4e36f67e\",\"name\":\"thomas.berner\",\"image\":{\"@type\":\"ImageObject\",\"inLanguage\":\"it-IT\",\"@id\":\"https:\\\/\\\/secure.gravatar.com\\\/avatar\\\/ac5001d2a36cb6c6cd3e50789007ffca834b477b74a2144564522e944eabff61?s=96&d=mm&r=g\",\"url\":\"https:\\\/\\\/secure.gravatar.com\\\/avatar\\\/ac5001d2a36cb6c6cd3e50789007ffca834b477b74a2144564522e944eabff61?s=96&d=mm&r=g\",\"contentUrl\":\"https:\\\/\\\/secure.gravatar.com\\\/avatar\\\/ac5001d2a36cb6c6cd3e50789007ffca834b477b74a2144564522e944eabff61?s=96&d=mm&r=g\",\"caption\":\"thomas.berner\"},\"url\":\"https:\\\/\\\/www.organisator.ch\\\/it\\\/author\\\/thomas-berner\\\/\"}]}<\/script>\n<!-- \/ Yoast SEO plugin. -->","yoast_head_json":{"title":"Nuovo responsabile del Centro di formazione continua della SUP di San Gallo - Organizzatore","description":"Il Consiglio universitario dell'Universit\u00e0 di Scienze Applicate di San Gallo (FHS) ha eletto il Dr. des. Rub\u00e9n Rodriguez Startz come responsabile del Centro di formazione continua della SUP di San Gallo.","robots":{"index":"index","follow":"follow","max-snippet":"max-snippet:-1","max-image-preview":"max-image-preview:large","max-video-preview":"max-video-preview:-1"},"canonical":"https:\/\/www.organisator.ch\/it\/generale\/2017-11-24\/neuer-leiter-am-weiterbildungszentrum-der-fhs-st-gallen\/","og_locale":"it_IT","og_type":"article","og_title":"Neuer Leiter am Weiterbildungszentrum der FHS St.Gallen","og_description":"Der Hochschulrat der #Fachhochschule St.Gallen (FHS) hat Dr. des. Rub\u00e9n Rodriguez Startz zum Leiter des #Weiterbildungszentrums der FHS St.Gallen gew\u00e4hlt.","og_url":"https:\/\/www.organisator.ch\/it\/generale\/2017-11-24\/neuer-leiter-am-weiterbildungszentrum-der-fhs-st-gallen\/","og_site_name":"Organisator","article_publisher":"https:\/\/www.facebook.com\/OrganisatorFachmagazin","article_published_time":"2017-11-24T12:39:53+00:00","og_image":[{"width":566,"height":480,"url":"https:\/\/www.organisator.ch\/wp-content\/uploads\/2017\/11\/Neuer-Leiter-am-Weiterbildungszentrum-der-FHS-St.Gallen_Organisator.jpg","type":"image\/jpeg"}],"author":"thomas.berner","twitter_card":"summary_large_image","twitter_title":"Neuer Leiter am #Weiterbildungszentrum der FHS St.Gallen","twitter_description":"Der Hochschulrat der #Fachhochschule St.Gallen (FHS) hat Dr. des. Rub\u00e9n Rodriguez Startz zum Leiter des #Weiterbildungszentrums der FHS St.Gallen gew\u00e4hlt.","twitter_image":"https:\/\/www.organisator.ch\/wp-content\/uploads\/2017\/11\/Neuer-Leiter-am-Weiterbildungszentrum-der-FHS-St.Gallen_Organisator.jpg","schema":{"@context":"https:\/\/schema.org","@graph":[{"@type":"Article","@id":"https:\/\/www.organisator.ch\/it\/generale\/2017-11-24\/neuer-leiter-am-weiterbildungszentrum-der-fhs-st-gallen\/#article","isPartOf":{"@id":"https:\/\/www.organisator.ch\/it\/generale\/2017-11-24\/neuer-leiter-am-weiterbildungszentrum-der-fhs-st-gallen\/"},"author":{"name":"thomas.berner","@id":"https:\/\/www.organisator.ch\/#\/schema\/person\/6f650f90b2842cd4c0cc334b4e36f67e"},"headline":"Neuer Leiter am Weiterbildungszentrum der FHS St.Gallen","datePublished":"2017-11-24T12:39:53+00:00","mainEntityOfPage":{"@id":"https:\/\/www.organisator.ch\/it\/generale\/2017-11-24\/neuer-leiter-am-weiterbildungszentrum-der-fhs-st-gallen\/"},"wordCount":271,"commentCount":1,"publisher":{"@id":"https:\/\/www.organisator.ch\/#organization"},"image":{"@id":"https:\/\/www.organisator.ch\/it\/generale\/2017-11-24\/neuer-leiter-am-weiterbildungszentrum-der-fhs-st-gallen\/#primaryimage"},"thumbnailUrl":"https:\/\/www.organisator.ch\/wp-content\/uploads\/2017\/11\/Neuer-Leiter-am-Weiterbildungszentrum-der-FHS-St.Gallen_Organisator.jpg","keywords":["Aus-\/Weiterbildung","Karriere","Personalia","Wissenschaft"],"articleSection":["Allgemein"],"inLanguage":"it-IT"},{"@type":"WebPage","@id":"https:\/\/www.organisator.ch\/it\/generale\/2017-11-24\/neuer-leiter-am-weiterbildungszentrum-der-fhs-st-gallen\/","url":"https:\/\/www.organisator.ch\/it\/generale\/2017-11-24\/neuer-leiter-am-weiterbildungszentrum-der-fhs-st-gallen\/","name":"Nuovo responsabile del Centro di formazione continua della SUP di San Gallo - Organizzatore","isPartOf":{"@id":"https:\/\/www.organisator.ch\/#website"},"primaryImageOfPage":{"@id":"https:\/\/www.organisator.ch\/it\/generale\/2017-11-24\/neuer-leiter-am-weiterbildungszentrum-der-fhs-st-gallen\/#primaryimage"},"image":{"@id":"https:\/\/www.organisator.ch\/it\/generale\/2017-11-24\/neuer-leiter-am-weiterbildungszentrum-der-fhs-st-gallen\/#primaryimage"},"thumbnailUrl":"https:\/\/www.organisator.ch\/wp-content\/uploads\/2017\/11\/Neuer-Leiter-am-Weiterbildungszentrum-der-FHS-St.Gallen_Organisator.jpg","datePublished":"2017-11-24T12:39:53+00:00","description":"Il Consiglio universitario dell'Universit\u00e0 di Scienze Applicate di San Gallo (FHS) ha eletto il Dr. des. Rub\u00e9n Rodriguez Startz come responsabile del Centro di formazione continua della SUP di San Gallo.","breadcrumb":{"@id":"https:\/\/www.organisator.ch\/it\/generale\/2017-11-24\/neuer-leiter-am-weiterbildungszentrum-der-fhs-st-gallen\/#breadcrumb"},"inLanguage":"it-IT","potentialAction":[{"@type":"ReadAction","target":["https:\/\/www.organisator.ch\/it\/generale\/2017-11-24\/neuer-leiter-am-weiterbildungszentrum-der-fhs-st-gallen\/"]}]},{"@type":"ImageObject","inLanguage":"it-IT","@id":"https:\/\/www.organisator.ch\/it\/generale\/2017-11-24\/neuer-leiter-am-weiterbildungszentrum-der-fhs-st-gallen\/#primaryimage","url":"https:\/\/www.organisator.ch\/wp-content\/uploads\/2017\/11\/Neuer-Leiter-am-Weiterbildungszentrum-der-FHS-St.Gallen_Organisator.jpg","contentUrl":"https:\/\/www.organisator.ch\/wp-content\/uploads\/2017\/11\/Neuer-Leiter-am-Weiterbildungszentrum-der-FHS-St.Gallen_Organisator.jpg","width":566,"height":480,"caption":"Dr. des. Rub\u00e9n Rodriguez Startz \u00fcbernimmt per 1. Mai 2018 die Leitung am Weiterbildungszentrum der FHS St.Gallen. (Bild: PD)"},{"@type":"BreadcrumbList","@id":"https:\/\/www.organisator.ch\/it\/generale\/2017-11-24\/neuer-leiter-am-weiterbildungszentrum-der-fhs-st-gallen\/#breadcrumb","itemListElement":[{"@type":"ListItem","position":1,"name":"Home","item":"https:\/\/www.organisator.ch\/"},{"@type":"ListItem","position":2,"name":"Neuer Leiter am Weiterbildungszentrum der FHS St.Gallen"}]},{"@type":"WebSite","@id":"https:\/\/www.organisator.ch\/#website","url":"https:\/\/www.organisator.ch\/","name":"Organizzatore","description":"Competente. Pratico. In 10 numeri all'anno, ORGANISATOR presenta i temi essenziali per i manager delle PMI.","publisher":{"@id":"https:\/\/www.organisator.ch\/#organization"},"potentialAction":[{"@type":"SearchAction","target":{"@type":"EntryPoint","urlTemplate":"https:\/\/www.organisator.ch\/?s={search_term_string}"},"query-input":{"@type":"PropertyValueSpecification","valueRequired":true,"valueName":"search_term_string"}}],"inLanguage":"it-IT"},{"@type":"Organization","@id":"https:\/\/www.organisator.ch\/#organization","name":"Organizzatore","url":"https:\/\/www.organisator.ch\/","logo":{"@type":"ImageObject","inLanguage":"it-IT","@id":"https:\/\/www.organisator.ch\/#\/schema\/logo\/image\/","url":"https:\/\/www.organisator.ch\/wp-content\/uploads\/2022\/01\/Logo_Organisator_Website.png","contentUrl":"https:\/\/www.organisator.ch\/wp-content\/uploads\/2022\/01\/Logo_Organisator_Website.png","width":800,"height":77,"caption":"Organisator"},"image":{"@id":"https:\/\/www.organisator.ch\/#\/schema\/logo\/image\/"},"sameAs":["https:\/\/www.facebook.com\/OrganisatorFachmagazin","https:\/\/www.linkedin.com\/showcase\/organisator-das-magazin-fr-kmu","https:\/\/www.xing.com\/news\/pages\/organisator-ch-695","https:\/\/www.youtube.com\/channel\/UCGP2Sq0iWaZwT3BdIAQFYpw"]},{"@type":"Person","@id":"https:\/\/www.organisator.ch\/#\/schema\/person\/6f650f90b2842cd4c0cc334b4e36f67e","name":"Tommaso.berner","image":{"@type":"ImageObject","inLanguage":"it-IT","@id":"https:\/\/secure.gravatar.com\/avatar\/ac5001d2a36cb6c6cd3e50789007ffca834b477b74a2144564522e944eabff61?s=96&d=mm&r=g","url":"https:\/\/secure.gravatar.com\/avatar\/ac5001d2a36cb6c6cd3e50789007ffca834b477b74a2144564522e944eabff61?s=96&d=mm&r=g","contentUrl":"https:\/\/secure.gravatar.com\/avatar\/ac5001d2a36cb6c6cd3e50789007ffca834b477b74a2144564522e944eabff61?s=96&d=mm&r=g","caption":"thomas.berner"},"url":"https:\/\/www.organisator.ch\/it\/author\/thomas-berner\/"}]}},"_links":{"self":[{"href":"https:\/\/www.organisator.ch\/it\/wp-json\/wp\/v2\/posts\/2775","targetHints":{"allow":["GET"]}}],"collection":[{"href":"https:\/\/www.organisator.ch\/it\/wp-json\/wp\/v2\/posts"}],"about":[{"href":"https:\/\/www.organisator.ch\/it\/wp-json\/wp\/v2\/types\/post"}],"author":[{"embeddable":true,"href":"https:\/\/www.organisator.ch\/it\/wp-json\/wp\/v2\/users\/4"}],"replies":[{"embeddable":true,"href":"https:\/\/www.organisator.ch\/it\/wp-json\/wp\/v2\/comments?post=2775"}],"version-history":[{"count":0,"href":"https:\/\/www.organisator.ch\/it\/wp-json\/wp\/v2\/posts\/2775\/revisions"}],"wp:featuredmedia":[{"embeddable":true,"href":"https:\/\/www.organisator.ch\/it\/wp-json\/wp\/v2\/media\/2776"}],"wp:attachment":[{"href":"https:\/\/www.organisator.ch\/it\/wp-json\/wp\/v2\/media?parent=2775"}],"wp:term":[{"taxonomy":"category","embeddable":true,"href":"https:\/\/www.organisator.ch\/it\/wp-json\/wp\/v2\/categories?post=2775"},{"taxonomy":"post_tag","embeddable":true,"href":"https:\/\/www.organisator.ch\/it\/wp-json\/wp\/v2\/tags?post=2775"}],"curies":[{"name":"wp","href":"https:\/\/api.w.org\/{rel}","templated":true}]}}