{"id":27766,"date":"2024-06-18T11:30:48","date_gmt":"2024-06-18T09:30:48","guid":{"rendered":"https:\/\/www.organisator.ch\/?p=27766"},"modified":"2024-06-18T10:11:16","modified_gmt":"2024-06-18T08:11:16","slug":"pawi-group-ag-veroeffentlicht-umweltbericht-2023","status":"publish","type":"post","link":"https:\/\/www.organisator.ch\/it\/sustainability\/2024-06-18\/pawi-group-ag-veroeffentlicht-umweltbericht-2023\/","title":{"rendered":"Il Gruppo Pawi AG pubblica il rapporto ambientale 2023"},"content":{"rendered":"<figure id=\"attachment_27769\" aria-describedby=\"caption-attachment-27769\" style=\"width: 680px\" class=\"wp-caption alignnone\"><img loading=\"lazy\" decoding=\"async\" class=\"size-full wp-image-27769\" src=\"https:\/\/www.organisator.ch\/wp-content\/uploads\/2024\/06\/PAWI_Umweltbericht-2023_Bild1_ps.jpg\" alt=\"\" width=\"680\" height=\"453\" srcset=\"https:\/\/www.organisator.ch\/wp-content\/uploads\/2024\/06\/PAWI_Umweltbericht-2023_Bild1_ps.jpg 680w, https:\/\/www.organisator.ch\/wp-content\/uploads\/2024\/06\/PAWI_Umweltbericht-2023_Bild1_ps-18x12.jpg 18w, https:\/\/www.organisator.ch\/wp-content\/uploads\/2024\/06\/PAWI_Umweltbericht-2023_Bild1_ps-375x250.jpg 375w, https:\/\/www.organisator.ch\/wp-content\/uploads\/2024\/06\/PAWI_Umweltbericht-2023_Bild1_ps-525x350.jpg 525w\" sizes=\"auto, (max-width: 680px) 100vw, 680px\" \/><figcaption id=\"caption-attachment-27769\" class=\"wp-caption-text\">Il Gruppo Pawi AG ha pubblicato il Rapporto Ambientale 2023. (Immagine: www.pawi.com)<\/figcaption><\/figure>\n<p>La gestione dell'energia \u00e8 un punto chiave della strategia di sostenibilit\u00e0. La decisione di collegarsi al teleriscaldamento a Winterthur (Svizzera) e l'uso del fotovoltaico a Singen (Germania) sono misure fondamentali per ridurre l'impronta ecologica. Un'altra attenzione \u00e8 rivolta allo sviluppo di soluzioni di imballaggio pi\u00f9 sostenibili. Ad esempio, Pawi sta collaborando con il Politecnico di Zurigo per sviluppare pellicole a base di soia per le buste di carta. \"Il nostro obiettivo \u00e8 quello di dare un contributo significativo alla tutela dell'ambiente utilizzando energie rinnovabili e tecnologie efficienti\", spiega Edoardo Finotti, Co-CEO Operations di Pawi Packaging Schweiz AG.<\/p>\n<p>Pawi ha fatto grandi progressi anche nel campo della sostenibilit\u00e0 sociale, introducendo la struttura organizzativa sociocratica nel sito produttivo di Singen. Questa struttura mira a promuovere una cultura aziendale positiva e a rafforzare la partecipazione e la responsabilit\u00e0 dei dipendenti. \"L'introduzione della sociocrazia ci consente di creare un ambiente di lavoro in cui ogni voce viene ascoltata e ogni dipendente pu\u00f2 partecipare attivamente al processo decisionale\", afferma Ralf Kautzmann, amministratore delegato di Pawi Packaging Deutschland GmbH.<\/p>\n<h3><strong>Obiettivi e impegno a lungo termine<\/strong><\/h3>\n<p>PAWI riafferma il suo impegno a lungo termine nei confronti dell'ambiente e della societ\u00e0. Oltre all'obiettivo di contribuire alla riduzione delle emissioni di CO<sub>2<\/sub>-Nel medio termine saranno introdotti degli obiettivi basati sulla scienza (SBTi) per aiutare la Winterthur a raggiungere la neutralit\u00e0 di carbonio entro il 2040. Tra le altre misure, la ristrutturazione programmata del tetto, con l'installazione di un impianto fotovoltaico presso il sito produttivo di Winterthur, e l'integrazione di camion elettrici nella flotta di veicoli.<\/p>\n<p><em>Fonte: <a href=\"http:\/\/www.pawi.com\">www.pawi.com<\/a><\/em><\/p>","protected":false},"excerpt":{"rendered":"<p>Il Gruppo Pawi AG ha pubblicato il Rapporto Ambientale 2023, che fornisce una visione completa dei progressi dell'azienda nelle aree della gestione energetica, dell'economia circolare e della sostenibilit\u00e0 sociale. In qualit\u00e0 di fornitore di soluzioni di imballaggio nei settori alimentare e non alimentare, Pawi si impegna a realizzare un futuro olisticamente sostenibile.<\/p>","protected":false},"author":58,"featured_media":27769,"comment_status":"closed","ping_status":"closed","sticky":false,"template":"","format":"standard","meta":{"_acf_changed":false,"_yoast_wpseo_focuskw":"Umweltbericht","_yoast_wpseo_metadesc":"Die Pawi Group AG hat ihren Umweltbericht 2023 ver\u00f6ffentlicht, der einen umfassenden Einblick in die Fortschritte des Unternehmens bietet.","articlekey":"","footnotes":""},"categories":[580],"tags":[1787,2361,492],"class_list":["post-27766","post","type-post","status-publish","format-standard","has-post-thumbnail","hentry","category-sustainability","tag-nachhaltigkeit","tag-umweltbericht","tag-unternehmen"],"acf":[],"yoast_head":"<!-- This site is optimized with the Yoast SEO plugin v27.5 - https:\/\/yoast.com\/product\/yoast-seo-wordpress\/ -->\n<title>Pawi Group AG ver\u00f6ffentlicht Umweltbericht 2023 - Organisator<\/title>\n<meta name=\"description\" content=\"Die Pawi Group AG hat ihren Umweltbericht 2023 ver\u00f6ffentlicht, der einen umfassenden Einblick in die Fortschritte des Unternehmens bietet.\" \/>\n<meta name=\"robots\" content=\"index, follow, max-snippet:-1, max-image-preview:large, max-video-preview:-1\" \/>\n<link rel=\"canonical\" href=\"https:\/\/www.organisator.ch\/it\/sostenibilita\/2024-06-18\/pawi-group-ag-veroeffentlicht-umweltbericht-2023\/\" \/>\n<meta property=\"og:locale\" content=\"it_IT\" \/>\n<meta property=\"og:type\" content=\"article\" \/>\n<meta property=\"og:title\" content=\"Pawi Group AG ver\u00f6ffentlicht Umweltbericht 2023\" \/>\n<meta property=\"og:description\" content=\"Die Pawi Group AG hat ihren Umweltbericht 2023 ver\u00f6ffentlicht, der einen umfassenden Einblick in die Fortschritte des Unternehmens bietet.\" \/>\n<meta property=\"og:url\" content=\"https:\/\/www.organisator.ch\/it\/sostenibilita\/2024-06-18\/pawi-group-ag-veroeffentlicht-umweltbericht-2023\/\" \/>\n<meta property=\"og:site_name\" content=\"Organisator\" \/>\n<meta property=\"article:publisher\" content=\"https:\/\/www.facebook.com\/OrganisatorFachmagazin\" \/>\n<meta property=\"article:published_time\" content=\"2024-06-18T09:30:48+00:00\" \/>\n<meta property=\"og:image\" content=\"https:\/\/www.organisator.ch\/wp-content\/uploads\/2024\/06\/PAWI_Umweltbericht-2023_Bild1_ps.jpg\" \/>\n\t<meta property=\"og:image:width\" content=\"680\" \/>\n\t<meta property=\"og:image:height\" content=\"453\" \/>\n\t<meta property=\"og:image:type\" content=\"image\/jpeg\" \/>\n<meta name=\"author\" content=\"Adelisa Kalajdzini\" \/>\n<meta name=\"twitter:card\" content=\"summary_large_image\" \/>\n<meta name=\"twitter:title\" content=\"Pawi Group AG ver\u00f6ffentlicht Umweltbericht 2023\" \/>\n<meta name=\"twitter:description\" content=\"Die #Pawi Group AG hat ihren #Umweltbericht 2023 ver\u00f6ffentlicht, der einen umfassenden #Einblick in die #Fortschritte des Unternehmens bietet.\" \/>\n<meta name=\"twitter:image\" content=\"https:\/\/www.organisator.ch\/wp-content\/uploads\/2024\/06\/PAWI_Umweltbericht-2023_Bild1_ps.jpg\" \/>\n<script type=\"application\/ld+json\" class=\"yoast-schema-graph\">{\"@context\":\"https:\\\/\\\/schema.org\",\"@graph\":[{\"@type\":\"Article\",\"@id\":\"https:\\\/\\\/www.organisator.ch\\\/sustainability\\\/2024-06-18\\\/pawi-group-ag-veroeffentlicht-umweltbericht-2023\\\/#article\",\"isPartOf\":{\"@id\":\"https:\\\/\\\/www.organisator.ch\\\/sustainability\\\/2024-06-18\\\/pawi-group-ag-veroeffentlicht-umweltbericht-2023\\\/\"},\"author\":{\"name\":\"Adelisa Kalajdzini\",\"@id\":\"https:\\\/\\\/www.organisator.ch\\\/#\\\/schema\\\/person\\\/2e1314a2172123f874db408d8911d3f3\"},\"headline\":\"Pawi Group AG ver\u00f6ffentlicht Umweltbericht 2023\",\"datePublished\":\"2024-06-18T09:30:48+00:00\",\"mainEntityOfPage\":{\"@id\":\"https:\\\/\\\/www.organisator.ch\\\/sustainability\\\/2024-06-18\\\/pawi-group-ag-veroeffentlicht-umweltbericht-2023\\\/\"},\"wordCount\":261,\"publisher\":{\"@id\":\"https:\\\/\\\/www.organisator.ch\\\/#organization\"},\"image\":{\"@id\":\"https:\\\/\\\/www.organisator.ch\\\/sustainability\\\/2024-06-18\\\/pawi-group-ag-veroeffentlicht-umweltbericht-2023\\\/#primaryimage\"},\"thumbnailUrl\":\"https:\\\/\\\/www.organisator.ch\\\/wp-content\\\/uploads\\\/2024\\\/06\\\/PAWI_Umweltbericht-2023_Bild1_ps.jpg\",\"keywords\":[\"Nachhaltigkeit\",\"Umweltbericht\",\"Unternehmen\"],\"articleSection\":[\"SUSTAINABILITY\"],\"inLanguage\":\"it-IT\"},{\"@type\":\"WebPage\",\"@id\":\"https:\\\/\\\/www.organisator.ch\\\/sustainability\\\/2024-06-18\\\/pawi-group-ag-veroeffentlicht-umweltbericht-2023\\\/\",\"url\":\"https:\\\/\\\/www.organisator.ch\\\/sustainability\\\/2024-06-18\\\/pawi-group-ag-veroeffentlicht-umweltbericht-2023\\\/\",\"name\":\"Pawi Group AG ver\u00f6ffentlicht Umweltbericht 2023 - Organisator\",\"isPartOf\":{\"@id\":\"https:\\\/\\\/www.organisator.ch\\\/#website\"},\"primaryImageOfPage\":{\"@id\":\"https:\\\/\\\/www.organisator.ch\\\/sustainability\\\/2024-06-18\\\/pawi-group-ag-veroeffentlicht-umweltbericht-2023\\\/#primaryimage\"},\"image\":{\"@id\":\"https:\\\/\\\/www.organisator.ch\\\/sustainability\\\/2024-06-18\\\/pawi-group-ag-veroeffentlicht-umweltbericht-2023\\\/#primaryimage\"},\"thumbnailUrl\":\"https:\\\/\\\/www.organisator.ch\\\/wp-content\\\/uploads\\\/2024\\\/06\\\/PAWI_Umweltbericht-2023_Bild1_ps.jpg\",\"datePublished\":\"2024-06-18T09:30:48+00:00\",\"description\":\"Die Pawi Group AG hat ihren Umweltbericht 2023 ver\u00f6ffentlicht, der einen umfassenden Einblick in die Fortschritte des Unternehmens bietet.\",\"breadcrumb\":{\"@id\":\"https:\\\/\\\/www.organisator.ch\\\/sustainability\\\/2024-06-18\\\/pawi-group-ag-veroeffentlicht-umweltbericht-2023\\\/#breadcrumb\"},\"inLanguage\":\"it-IT\",\"potentialAction\":[{\"@type\":\"ReadAction\",\"target\":[\"https:\\\/\\\/www.organisator.ch\\\/sustainability\\\/2024-06-18\\\/pawi-group-ag-veroeffentlicht-umweltbericht-2023\\\/\"]}]},{\"@type\":\"ImageObject\",\"inLanguage\":\"it-IT\",\"@id\":\"https:\\\/\\\/www.organisator.ch\\\/sustainability\\\/2024-06-18\\\/pawi-group-ag-veroeffentlicht-umweltbericht-2023\\\/#primaryimage\",\"url\":\"https:\\\/\\\/www.organisator.ch\\\/wp-content\\\/uploads\\\/2024\\\/06\\\/PAWI_Umweltbericht-2023_Bild1_ps.jpg\",\"contentUrl\":\"https:\\\/\\\/www.organisator.ch\\\/wp-content\\\/uploads\\\/2024\\\/06\\\/PAWI_Umweltbericht-2023_Bild1_ps.jpg\",\"width\":680,\"height\":453,\"caption\":\"Die Pawi Group AG hat ihren Umweltbericht 2023 ver\u00f6ffentlicht. (Bild: www.pawi.com)\"},{\"@type\":\"BreadcrumbList\",\"@id\":\"https:\\\/\\\/www.organisator.ch\\\/sustainability\\\/2024-06-18\\\/pawi-group-ag-veroeffentlicht-umweltbericht-2023\\\/#breadcrumb\",\"itemListElement\":[{\"@type\":\"ListItem\",\"position\":1,\"name\":\"Home\",\"item\":\"https:\\\/\\\/www.organisator.ch\\\/\"},{\"@type\":\"ListItem\",\"position\":2,\"name\":\"Pawi Group AG ver\u00f6ffentlicht Umweltbericht 2023\"}]},{\"@type\":\"WebSite\",\"@id\":\"https:\\\/\\\/www.organisator.ch\\\/#website\",\"url\":\"https:\\\/\\\/www.organisator.ch\\\/\",\"name\":\"Organisator\",\"description\":\"Kompetent. Praxisnah. Der ORGANISATOR bereitet in 10 Ausgaben pro Jahr die wesentlichen Themen f\u00fcr F\u00fchrungskr\u00e4fte von KMU auf.\",\"publisher\":{\"@id\":\"https:\\\/\\\/www.organisator.ch\\\/#organization\"},\"potentialAction\":[{\"@type\":\"SearchAction\",\"target\":{\"@type\":\"EntryPoint\",\"urlTemplate\":\"https:\\\/\\\/www.organisator.ch\\\/?s={search_term_string}\"},\"query-input\":{\"@type\":\"PropertyValueSpecification\",\"valueRequired\":true,\"valueName\":\"search_term_string\"}}],\"inLanguage\":\"it-IT\"},{\"@type\":\"Organization\",\"@id\":\"https:\\\/\\\/www.organisator.ch\\\/#organization\",\"name\":\"Organisator\",\"url\":\"https:\\\/\\\/www.organisator.ch\\\/\",\"logo\":{\"@type\":\"ImageObject\",\"inLanguage\":\"it-IT\",\"@id\":\"https:\\\/\\\/www.organisator.ch\\\/#\\\/schema\\\/logo\\\/image\\\/\",\"url\":\"https:\\\/\\\/www.organisator.ch\\\/wp-content\\\/uploads\\\/2022\\\/01\\\/Logo_Organisator_Website.png\",\"contentUrl\":\"https:\\\/\\\/www.organisator.ch\\\/wp-content\\\/uploads\\\/2022\\\/01\\\/Logo_Organisator_Website.png\",\"width\":800,\"height\":77,\"caption\":\"Organisator\"},\"image\":{\"@id\":\"https:\\\/\\\/www.organisator.ch\\\/#\\\/schema\\\/logo\\\/image\\\/\"},\"sameAs\":[\"https:\\\/\\\/www.facebook.com\\\/OrganisatorFachmagazin\",\"https:\\\/\\\/www.linkedin.com\\\/showcase\\\/organisator-das-magazin-fr-kmu\",\"https:\\\/\\\/www.xing.com\\\/news\\\/pages\\\/organisator-ch-695\",\"https:\\\/\\\/www.youtube.com\\\/channel\\\/UCGP2Sq0iWaZwT3BdIAQFYpw\"]},{\"@type\":\"Person\",\"@id\":\"https:\\\/\\\/www.organisator.ch\\\/#\\\/schema\\\/person\\\/2e1314a2172123f874db408d8911d3f3\",\"name\":\"Adelisa Kalajdzini\",\"image\":{\"@type\":\"ImageObject\",\"inLanguage\":\"it-IT\",\"@id\":\"https:\\\/\\\/secure.gravatar.com\\\/avatar\\\/09a397c22ac58cad6f160ee8306348599df9df58a8ede73696226897b9fa4b24?s=96&d=mm&r=g\",\"url\":\"https:\\\/\\\/secure.gravatar.com\\\/avatar\\\/09a397c22ac58cad6f160ee8306348599df9df58a8ede73696226897b9fa4b24?s=96&d=mm&r=g\",\"contentUrl\":\"https:\\\/\\\/secure.gravatar.com\\\/avatar\\\/09a397c22ac58cad6f160ee8306348599df9df58a8ede73696226897b9fa4b24?s=96&d=mm&r=g\",\"caption\":\"Adelisa Kalajdzini\"},\"url\":\"https:\\\/\\\/www.organisator.ch\\\/it\\\/author\\\/adelisa-kalajdzini\\\/\"}]}<\/script>\n<!-- \/ Yoast SEO plugin. -->","yoast_head_json":{"title":"Il Gruppo Pawi AG pubblica il Rapporto Ambientale 2023 - Organizzatore","description":"Il Gruppo Pawi AG ha pubblicato il Rapporto Ambientale 2023, che fornisce una visione completa dei progressi dell'azienda.","robots":{"index":"index","follow":"follow","max-snippet":"max-snippet:-1","max-image-preview":"max-image-preview:large","max-video-preview":"max-video-preview:-1"},"canonical":"https:\/\/www.organisator.ch\/it\/sostenibilita\/2024-06-18\/pawi-group-ag-veroeffentlicht-umweltbericht-2023\/","og_locale":"it_IT","og_type":"article","og_title":"Pawi Group AG ver\u00f6ffentlicht Umweltbericht 2023","og_description":"Die Pawi Group AG hat ihren Umweltbericht 2023 ver\u00f6ffentlicht, der einen umfassenden Einblick in die Fortschritte des Unternehmens bietet.","og_url":"https:\/\/www.organisator.ch\/it\/sostenibilita\/2024-06-18\/pawi-group-ag-veroeffentlicht-umweltbericht-2023\/","og_site_name":"Organisator","article_publisher":"https:\/\/www.facebook.com\/OrganisatorFachmagazin","article_published_time":"2024-06-18T09:30:48+00:00","og_image":[{"width":680,"height":453,"url":"https:\/\/www.organisator.ch\/wp-content\/uploads\/2024\/06\/PAWI_Umweltbericht-2023_Bild1_ps.jpg","type":"image\/jpeg"}],"author":"Adelisa Kalajdzini","twitter_card":"summary_large_image","twitter_title":"Pawi Group AG ver\u00f6ffentlicht Umweltbericht 2023","twitter_description":"Die #Pawi Group AG hat ihren #Umweltbericht 2023 ver\u00f6ffentlicht, der einen umfassenden #Einblick in die #Fortschritte des Unternehmens bietet.","twitter_image":"https:\/\/www.organisator.ch\/wp-content\/uploads\/2024\/06\/PAWI_Umweltbericht-2023_Bild1_ps.jpg","schema":{"@context":"https:\/\/schema.org","@graph":[{"@type":"Article","@id":"https:\/\/www.organisator.ch\/sustainability\/2024-06-18\/pawi-group-ag-veroeffentlicht-umweltbericht-2023\/#article","isPartOf":{"@id":"https:\/\/www.organisator.ch\/sustainability\/2024-06-18\/pawi-group-ag-veroeffentlicht-umweltbericht-2023\/"},"author":{"name":"Adelisa Kalajdzini","@id":"https:\/\/www.organisator.ch\/#\/schema\/person\/2e1314a2172123f874db408d8911d3f3"},"headline":"Pawi Group AG ver\u00f6ffentlicht Umweltbericht 2023","datePublished":"2024-06-18T09:30:48+00:00","mainEntityOfPage":{"@id":"https:\/\/www.organisator.ch\/sustainability\/2024-06-18\/pawi-group-ag-veroeffentlicht-umweltbericht-2023\/"},"wordCount":261,"publisher":{"@id":"https:\/\/www.organisator.ch\/#organization"},"image":{"@id":"https:\/\/www.organisator.ch\/sustainability\/2024-06-18\/pawi-group-ag-veroeffentlicht-umweltbericht-2023\/#primaryimage"},"thumbnailUrl":"https:\/\/www.organisator.ch\/wp-content\/uploads\/2024\/06\/PAWI_Umweltbericht-2023_Bild1_ps.jpg","keywords":["Nachhaltigkeit","Umweltbericht","Unternehmen"],"articleSection":["SUSTAINABILITY"],"inLanguage":"it-IT"},{"@type":"WebPage","@id":"https:\/\/www.organisator.ch\/sustainability\/2024-06-18\/pawi-group-ag-veroeffentlicht-umweltbericht-2023\/","url":"https:\/\/www.organisator.ch\/sustainability\/2024-06-18\/pawi-group-ag-veroeffentlicht-umweltbericht-2023\/","name":"Il Gruppo Pawi AG pubblica il Rapporto Ambientale 2023 - Organizzatore","isPartOf":{"@id":"https:\/\/www.organisator.ch\/#website"},"primaryImageOfPage":{"@id":"https:\/\/www.organisator.ch\/sustainability\/2024-06-18\/pawi-group-ag-veroeffentlicht-umweltbericht-2023\/#primaryimage"},"image":{"@id":"https:\/\/www.organisator.ch\/sustainability\/2024-06-18\/pawi-group-ag-veroeffentlicht-umweltbericht-2023\/#primaryimage"},"thumbnailUrl":"https:\/\/www.organisator.ch\/wp-content\/uploads\/2024\/06\/PAWI_Umweltbericht-2023_Bild1_ps.jpg","datePublished":"2024-06-18T09:30:48+00:00","description":"Il Gruppo Pawi AG ha pubblicato il Rapporto Ambientale 2023, che fornisce una visione completa dei progressi dell'azienda.","breadcrumb":{"@id":"https:\/\/www.organisator.ch\/sustainability\/2024-06-18\/pawi-group-ag-veroeffentlicht-umweltbericht-2023\/#breadcrumb"},"inLanguage":"it-IT","potentialAction":[{"@type":"ReadAction","target":["https:\/\/www.organisator.ch\/sustainability\/2024-06-18\/pawi-group-ag-veroeffentlicht-umweltbericht-2023\/"]}]},{"@type":"ImageObject","inLanguage":"it-IT","@id":"https:\/\/www.organisator.ch\/sustainability\/2024-06-18\/pawi-group-ag-veroeffentlicht-umweltbericht-2023\/#primaryimage","url":"https:\/\/www.organisator.ch\/wp-content\/uploads\/2024\/06\/PAWI_Umweltbericht-2023_Bild1_ps.jpg","contentUrl":"https:\/\/www.organisator.ch\/wp-content\/uploads\/2024\/06\/PAWI_Umweltbericht-2023_Bild1_ps.jpg","width":680,"height":453,"caption":"Die Pawi Group AG hat ihren Umweltbericht 2023 ver\u00f6ffentlicht. (Bild: www.pawi.com)"},{"@type":"BreadcrumbList","@id":"https:\/\/www.organisator.ch\/sustainability\/2024-06-18\/pawi-group-ag-veroeffentlicht-umweltbericht-2023\/#breadcrumb","itemListElement":[{"@type":"ListItem","position":1,"name":"Home","item":"https:\/\/www.organisator.ch\/"},{"@type":"ListItem","position":2,"name":"Pawi Group AG ver\u00f6ffentlicht Umweltbericht 2023"}]},{"@type":"WebSite","@id":"https:\/\/www.organisator.ch\/#website","url":"https:\/\/www.organisator.ch\/","name":"Organizzatore","description":"Competente. Pratico. In 10 numeri all'anno, ORGANISATOR presenta i temi essenziali per i manager delle PMI.","publisher":{"@id":"https:\/\/www.organisator.ch\/#organization"},"potentialAction":[{"@type":"SearchAction","target":{"@type":"EntryPoint","urlTemplate":"https:\/\/www.organisator.ch\/?s={search_term_string}"},"query-input":{"@type":"PropertyValueSpecification","valueRequired":true,"valueName":"search_term_string"}}],"inLanguage":"it-IT"},{"@type":"Organization","@id":"https:\/\/www.organisator.ch\/#organization","name":"Organizzatore","url":"https:\/\/www.organisator.ch\/","logo":{"@type":"ImageObject","inLanguage":"it-IT","@id":"https:\/\/www.organisator.ch\/#\/schema\/logo\/image\/","url":"https:\/\/www.organisator.ch\/wp-content\/uploads\/2022\/01\/Logo_Organisator_Website.png","contentUrl":"https:\/\/www.organisator.ch\/wp-content\/uploads\/2022\/01\/Logo_Organisator_Website.png","width":800,"height":77,"caption":"Organisator"},"image":{"@id":"https:\/\/www.organisator.ch\/#\/schema\/logo\/image\/"},"sameAs":["https:\/\/www.facebook.com\/OrganisatorFachmagazin","https:\/\/www.linkedin.com\/showcase\/organisator-das-magazin-fr-kmu","https:\/\/www.xing.com\/news\/pages\/organisator-ch-695","https:\/\/www.youtube.com\/channel\/UCGP2Sq0iWaZwT3BdIAQFYpw"]},{"@type":"Person","@id":"https:\/\/www.organisator.ch\/#\/schema\/person\/2e1314a2172123f874db408d8911d3f3","name":"Adelisa Kalajdzini","image":{"@type":"ImageObject","inLanguage":"it-IT","@id":"https:\/\/secure.gravatar.com\/avatar\/09a397c22ac58cad6f160ee8306348599df9df58a8ede73696226897b9fa4b24?s=96&d=mm&r=g","url":"https:\/\/secure.gravatar.com\/avatar\/09a397c22ac58cad6f160ee8306348599df9df58a8ede73696226897b9fa4b24?s=96&d=mm&r=g","contentUrl":"https:\/\/secure.gravatar.com\/avatar\/09a397c22ac58cad6f160ee8306348599df9df58a8ede73696226897b9fa4b24?s=96&d=mm&r=g","caption":"Adelisa Kalajdzini"},"url":"https:\/\/www.organisator.ch\/it\/author\/adelisa-kalajdzini\/"}]}},"_links":{"self":[{"href":"https:\/\/www.organisator.ch\/it\/wp-json\/wp\/v2\/posts\/27766","targetHints":{"allow":["GET"]}}],"collection":[{"href":"https:\/\/www.organisator.ch\/it\/wp-json\/wp\/v2\/posts"}],"about":[{"href":"https:\/\/www.organisator.ch\/it\/wp-json\/wp\/v2\/types\/post"}],"author":[{"embeddable":true,"href":"https:\/\/www.organisator.ch\/it\/wp-json\/wp\/v2\/users\/58"}],"replies":[{"embeddable":true,"href":"https:\/\/www.organisator.ch\/it\/wp-json\/wp\/v2\/comments?post=27766"}],"version-history":[{"count":6,"href":"https:\/\/www.organisator.ch\/it\/wp-json\/wp\/v2\/posts\/27766\/revisions"}],"predecessor-version":[{"id":27848,"href":"https:\/\/www.organisator.ch\/it\/wp-json\/wp\/v2\/posts\/27766\/revisions\/27848"}],"wp:featuredmedia":[{"embeddable":true,"href":"https:\/\/www.organisator.ch\/it\/wp-json\/wp\/v2\/media\/27769"}],"wp:attachment":[{"href":"https:\/\/www.organisator.ch\/it\/wp-json\/wp\/v2\/media?parent=27766"}],"wp:term":[{"taxonomy":"category","embeddable":true,"href":"https:\/\/www.organisator.ch\/it\/wp-json\/wp\/v2\/categories?post=27766"},{"taxonomy":"post_tag","embeddable":true,"href":"https:\/\/www.organisator.ch\/it\/wp-json\/wp\/v2\/tags?post=27766"}],"curies":[{"name":"wp","href":"https:\/\/api.w.org\/{rel}","templated":true}]}}