{"id":27872,"date":"2024-06-19T15:19:14","date_gmt":"2024-06-19T13:19:14","guid":{"rendered":"https:\/\/www.m-q.ch\/?p=19940"},"modified":"2024-11-10T09:58:47","modified_gmt":"2024-11-10T08:58:47","slug":"scsd-neues-motto-und-wissenschaftlicher-beirat","status":"publish","type":"post","link":"https:\/\/www.organisator.ch\/it\/operational-excellence\/2024-06-19\/scsd-neues-motto-und-wissenschaftlicher-beirat\/","title":{"rendered":"SCSD: nuovo motto e comitato scientifico consultivo"},"content":{"rendered":"<figure id=\"attachment_19941\" class=\"wp-caption alignnone\" style=\"width: 680px\" aria-describedby=\"caption-attachment-19941\"><img class=\"alignnone wp-image-19941 size-full\" src=\"https:\/\/www.m-q.ch\/wp-content\/uploads\/2024\/06\/SCSD_Bild1_ps.jpg\" alt=\"SCSD 2025\" width=\"680\" height=\"498\" \/>\r\n<figcaption id=\"caption-attachment-19941\" class=\"wp-caption-text\">SCSD 2025 con il motto: Eye of the Cyber - create tomorrow. (Immagine: www.scsd.ch)<\/figcaption>\r\n<\/figure>\r\n<p>I relatori provengono dai settori della scienza, della ricerca, della difesa, dell'amministrazione, dell'economia e dei media. Dopo il successo di quest'anno, con oltre 2.300 visitatori, sale conferenze gremite e pi\u00f9 di 90 espositori, la prossima edizione \u00e8 gi\u00e0 in corso.<\/p>\r\n<h3><strong>Il nuovo motto dice tutto: Eye of the Cyber - create tomorrow (occhio del Cyber - creare domani) <\/strong><\/h3>\r\n<p>Con il motto \"Eye of the Cyber - create tomorrow\", l'SCSD 2025 si concentra intensamente sull'urgenza di plasmare attivamente e coraggiosamente il futuro digitale. Per questo motivo, l'SCSD 2025 analizzer\u00e0 in modo approfondito le sfide poste dal cyberspazio e il potenziale delle nuove tecnologie. Il programma presenter\u00e0 le ultime scoperte nel campo della tecnologia, della ricerca e della geopolitica del cyberspazio.<\/p>\r\n<h3><strong>Il comitato scientifico garantisce la massima qualit\u00e0 <\/strong><\/h3>\r\n<p>Il comitato scientifico consultivo dell'SCSD, di recente costituzione, \u00e8 composto da rinomati esperti del settore e opera come un think tank interdisciplinare. Tutti i membri del comitato consultivo vantano una comprovata reputazione internazionale e un'ampia rete di contatti.<\/p>\r\n<p><strong>Il comitato scientifico consultivo \u00e8 composto da<\/strong><\/p>\r\n<ul>\r\n\t<li>Prof. Dr. Touradj Ebrahmimi: Direttore del gruppo di elaborazione del segnale multimediale dell'EPFL.<\/li>\r\n\t<li>Dr. Marc Stoecklin: Responsabile della ricerca sulla sicurezza, IBM Europa<\/li>\r\n\t<li>Elisa Torres: Fondatrice e CEO di Girls in Quantum<\/li>\r\n\t<li>Dr. Jean-Marc Rickli: Responsabile Rischi Globali ed Emergenti, GCSP<\/li>\r\n\t<li>Martin von Muralt: Delegato dell'Associazione Svizzera di Sicurezza, SVS<\/li>\r\n\t<li>Damir Bogdan - Amministratore delegato \"QuantumBasel<\/li>\r\n\t<li>David Marti - Responsabile del Programma di Intelligenza Artificiale \"Pour Demain<\/li>\r\n<\/ul>\r\n<p>\"Nel febbraio 2025, Berna torner\u00e0 a essere la metropoli informatica della Svizzera. Luminari nazionali e internazionali faranno luce sulle opportunit\u00e0 e le sfide del cyberspazio, nonch\u00e9 sulle nuove tecnologie e il loro impatto sulla societ\u00e0\", afferma Doris Fiala, presidente dello SCSD ed ex consigliera nazionale del PLR.<\/p>\r\n<p><em>Fonte: <a href=\"http:\/\/www.scsd.ch\/\">www.scsd.ch<\/a><\/em><\/p>\n<p class=\"syndicated-attribution\">Questo articolo \u00e8 apparso originariamente su m-q.ch - <a href=\"https:\/\/www.m-q.ch\/de\/scsd-neues-motto-und-wissenschaftlicher-beirat\/\" target=\"_blank\">https:\/\/www.m-q.ch\/de\/scsd-neues-motto-und-wissenschaftlicher-beirat\/<\/a><\/p>","protected":false},"excerpt":{"rendered":"<p>Gli Swiss Cyber Security Days (SCSD) si terranno per la seconda volta il 18 e 19 febbraio 2025 presso la BERNEXPO di Berna. Sui due palcoscenici principali, relatori nazionali e internazionali di alto livello spiegheranno per due giorni perch\u00e9 il cyberspazio e le nuove tecnologie come l'intelligenza artificiale sono tra le maggiori opportunit\u00e0 e sfide del nostro tempo.<\/p>","protected":false},"author":58,"featured_media":0,"comment_status":"closed","ping_status":"closed","sticky":false,"template":"","format":"standard","meta":{"_acf_changed":false,"_yoast_wpseo_focuskw":"SCSD","_yoast_wpseo_metadesc":"SCSD 2025: Zukunft gestalten mit Cybertechnologien und Herausforderungen im digitalen Raum.","articlekey":"","footnotes":""},"categories":[582],"tags":[3047,156,418,2654,492],"class_list":["post-27872","post","type-post","status-publish","format-standard","hentry","category-operational-excellence","tag-cybersecurity","tag-digitalisierung","tag-risikomanagement","tag-scsd","tag-unternehmen"],"acf":[],"yoast_head":"<!-- This site is optimized with the Yoast SEO plugin v27.5 - https:\/\/yoast.com\/product\/yoast-seo-wordpress\/ -->\n<title>SCSD: Neues Motto und wissenschaftlicher Beirat - Organisator<\/title>\n<meta name=\"description\" content=\"SCSD 2025: Zukunft gestalten mit Cybertechnologien und Herausforderungen im digitalen Raum.\" \/>\n<meta name=\"robots\" content=\"index, follow, max-snippet:-1, max-image-preview:large, max-video-preview:-1\" \/>\n<link rel=\"canonical\" href=\"https:\/\/www.organisator.ch\/it\/eccellenza-operativa\/2024-06-19\/scsd-neues-motto-und-wissenschaftlicher-beirat\/\" \/>\n<meta property=\"og:locale\" content=\"it_IT\" \/>\n<meta property=\"og:type\" content=\"article\" \/>\n<meta property=\"og:title\" content=\"SCSD: Neues Motto und wissenschaftlicher Beirat - Organisator\" \/>\n<meta property=\"og:description\" content=\"SCSD 2025: Zukunft gestalten mit Cybertechnologien und Herausforderungen im digitalen Raum.\" \/>\n<meta property=\"og:url\" content=\"https:\/\/www.organisator.ch\/it\/eccellenza-operativa\/2024-06-19\/scsd-neues-motto-und-wissenschaftlicher-beirat\/\" \/>\n<meta property=\"og:site_name\" content=\"Organisator\" \/>\n<meta property=\"article:publisher\" content=\"https:\/\/www.facebook.com\/OrganisatorFachmagazin\" \/>\n<meta property=\"article:published_time\" content=\"2024-06-19T13:19:14+00:00\" \/>\n<meta property=\"article:modified_time\" content=\"2024-11-10T08:58:47+00:00\" \/>\n<meta property=\"og:image\" content=\"https:\/\/www.m-q.ch\/wp-content\/uploads\/2024\/06\/SCSD_Bild1_ps.jpg\" \/>\n<meta name=\"author\" content=\"Adelisa Kalajdzini\" \/>\n<meta name=\"twitter:card\" content=\"summary_large_image\" \/>\n<script type=\"application\/ld+json\" class=\"yoast-schema-graph\">{\"@context\":\"https:\\\/\\\/schema.org\",\"@graph\":[{\"@type\":\"Article\",\"@id\":\"https:\\\/\\\/www.organisator.ch\\\/operational-excellence\\\/2024-06-19\\\/scsd-neues-motto-und-wissenschaftlicher-beirat\\\/#article\",\"isPartOf\":{\"@id\":\"https:\\\/\\\/www.organisator.ch\\\/operational-excellence\\\/2024-06-19\\\/scsd-neues-motto-und-wissenschaftlicher-beirat\\\/\"},\"author\":{\"name\":\"Adelisa Kalajdzini\",\"@id\":\"https:\\\/\\\/www.organisator.ch\\\/#\\\/schema\\\/person\\\/2e1314a2172123f874db408d8911d3f3\"},\"headline\":\"SCSD: Neues Motto und wissenschaftlicher Beirat\",\"datePublished\":\"2024-06-19T13:19:14+00:00\",\"dateModified\":\"2024-11-10T08:58:47+00:00\",\"mainEntityOfPage\":{\"@id\":\"https:\\\/\\\/www.organisator.ch\\\/operational-excellence\\\/2024-06-19\\\/scsd-neues-motto-und-wissenschaftlicher-beirat\\\/\"},\"wordCount\":284,\"publisher\":{\"@id\":\"https:\\\/\\\/www.organisator.ch\\\/#organization\"},\"image\":{\"@id\":\"https:\\\/\\\/www.organisator.ch\\\/operational-excellence\\\/2024-06-19\\\/scsd-neues-motto-und-wissenschaftlicher-beirat\\\/#primaryimage\"},\"thumbnailUrl\":\"https:\\\/\\\/www.m-q.ch\\\/wp-content\\\/uploads\\\/2024\\\/06\\\/SCSD_Bild1_ps.jpg\",\"keywords\":[\"Cybersecurity\",\"Digitalisierung\",\"Risikomanagement\",\"SCSD\",\"Unternehmen\"],\"articleSection\":[\"OPERATIONAL EXCELLENCE\"],\"inLanguage\":\"it-IT\"},{\"@type\":\"WebPage\",\"@id\":\"https:\\\/\\\/www.organisator.ch\\\/operational-excellence\\\/2024-06-19\\\/scsd-neues-motto-und-wissenschaftlicher-beirat\\\/\",\"url\":\"https:\\\/\\\/www.organisator.ch\\\/operational-excellence\\\/2024-06-19\\\/scsd-neues-motto-und-wissenschaftlicher-beirat\\\/\",\"name\":\"SCSD: Neues Motto und wissenschaftlicher Beirat - Organisator\",\"isPartOf\":{\"@id\":\"https:\\\/\\\/www.organisator.ch\\\/#website\"},\"primaryImageOfPage\":{\"@id\":\"https:\\\/\\\/www.organisator.ch\\\/operational-excellence\\\/2024-06-19\\\/scsd-neues-motto-und-wissenschaftlicher-beirat\\\/#primaryimage\"},\"image\":{\"@id\":\"https:\\\/\\\/www.organisator.ch\\\/operational-excellence\\\/2024-06-19\\\/scsd-neues-motto-und-wissenschaftlicher-beirat\\\/#primaryimage\"},\"thumbnailUrl\":\"https:\\\/\\\/www.m-q.ch\\\/wp-content\\\/uploads\\\/2024\\\/06\\\/SCSD_Bild1_ps.jpg\",\"datePublished\":\"2024-06-19T13:19:14+00:00\",\"dateModified\":\"2024-11-10T08:58:47+00:00\",\"description\":\"SCSD 2025: Zukunft gestalten mit Cybertechnologien und Herausforderungen im digitalen Raum.\",\"breadcrumb\":{\"@id\":\"https:\\\/\\\/www.organisator.ch\\\/operational-excellence\\\/2024-06-19\\\/scsd-neues-motto-und-wissenschaftlicher-beirat\\\/#breadcrumb\"},\"inLanguage\":\"it-IT\",\"potentialAction\":[{\"@type\":\"ReadAction\",\"target\":[\"https:\\\/\\\/www.organisator.ch\\\/operational-excellence\\\/2024-06-19\\\/scsd-neues-motto-und-wissenschaftlicher-beirat\\\/\"]}]},{\"@type\":\"ImageObject\",\"inLanguage\":\"it-IT\",\"@id\":\"https:\\\/\\\/www.organisator.ch\\\/operational-excellence\\\/2024-06-19\\\/scsd-neues-motto-und-wissenschaftlicher-beirat\\\/#primaryimage\",\"url\":\"https:\\\/\\\/www.m-q.ch\\\/wp-content\\\/uploads\\\/2024\\\/06\\\/SCSD_Bild1_ps.jpg\",\"contentUrl\":\"https:\\\/\\\/www.m-q.ch\\\/wp-content\\\/uploads\\\/2024\\\/06\\\/SCSD_Bild1_ps.jpg\"},{\"@type\":\"BreadcrumbList\",\"@id\":\"https:\\\/\\\/www.organisator.ch\\\/operational-excellence\\\/2024-06-19\\\/scsd-neues-motto-und-wissenschaftlicher-beirat\\\/#breadcrumb\",\"itemListElement\":[{\"@type\":\"ListItem\",\"position\":1,\"name\":\"Home\",\"item\":\"https:\\\/\\\/www.organisator.ch\\\/\"},{\"@type\":\"ListItem\",\"position\":2,\"name\":\"SCSD: Neues Motto und wissenschaftlicher Beirat\"}]},{\"@type\":\"WebSite\",\"@id\":\"https:\\\/\\\/www.organisator.ch\\\/#website\",\"url\":\"https:\\\/\\\/www.organisator.ch\\\/\",\"name\":\"Organisator\",\"description\":\"Kompetent. Praxisnah. Der ORGANISATOR bereitet in 10 Ausgaben pro Jahr die wesentlichen Themen f\u00fcr F\u00fchrungskr\u00e4fte von KMU auf.\",\"publisher\":{\"@id\":\"https:\\\/\\\/www.organisator.ch\\\/#organization\"},\"potentialAction\":[{\"@type\":\"SearchAction\",\"target\":{\"@type\":\"EntryPoint\",\"urlTemplate\":\"https:\\\/\\\/www.organisator.ch\\\/?s={search_term_string}\"},\"query-input\":{\"@type\":\"PropertyValueSpecification\",\"valueRequired\":true,\"valueName\":\"search_term_string\"}}],\"inLanguage\":\"it-IT\"},{\"@type\":\"Organization\",\"@id\":\"https:\\\/\\\/www.organisator.ch\\\/#organization\",\"name\":\"Organisator\",\"url\":\"https:\\\/\\\/www.organisator.ch\\\/\",\"logo\":{\"@type\":\"ImageObject\",\"inLanguage\":\"it-IT\",\"@id\":\"https:\\\/\\\/www.organisator.ch\\\/#\\\/schema\\\/logo\\\/image\\\/\",\"url\":\"https:\\\/\\\/www.organisator.ch\\\/wp-content\\\/uploads\\\/2022\\\/01\\\/Logo_Organisator_Website.png\",\"contentUrl\":\"https:\\\/\\\/www.organisator.ch\\\/wp-content\\\/uploads\\\/2022\\\/01\\\/Logo_Organisator_Website.png\",\"width\":800,\"height\":77,\"caption\":\"Organisator\"},\"image\":{\"@id\":\"https:\\\/\\\/www.organisator.ch\\\/#\\\/schema\\\/logo\\\/image\\\/\"},\"sameAs\":[\"https:\\\/\\\/www.facebook.com\\\/OrganisatorFachmagazin\",\"https:\\\/\\\/www.linkedin.com\\\/showcase\\\/organisator-das-magazin-fr-kmu\",\"https:\\\/\\\/www.xing.com\\\/news\\\/pages\\\/organisator-ch-695\",\"https:\\\/\\\/www.youtube.com\\\/channel\\\/UCGP2Sq0iWaZwT3BdIAQFYpw\"]},{\"@type\":\"Person\",\"@id\":\"https:\\\/\\\/www.organisator.ch\\\/#\\\/schema\\\/person\\\/2e1314a2172123f874db408d8911d3f3\",\"name\":\"Adelisa Kalajdzini\",\"image\":{\"@type\":\"ImageObject\",\"inLanguage\":\"it-IT\",\"@id\":\"https:\\\/\\\/secure.gravatar.com\\\/avatar\\\/09a397c22ac58cad6f160ee8306348599df9df58a8ede73696226897b9fa4b24?s=96&d=mm&r=g\",\"url\":\"https:\\\/\\\/secure.gravatar.com\\\/avatar\\\/09a397c22ac58cad6f160ee8306348599df9df58a8ede73696226897b9fa4b24?s=96&d=mm&r=g\",\"contentUrl\":\"https:\\\/\\\/secure.gravatar.com\\\/avatar\\\/09a397c22ac58cad6f160ee8306348599df9df58a8ede73696226897b9fa4b24?s=96&d=mm&r=g\",\"caption\":\"Adelisa Kalajdzini\"},\"url\":\"https:\\\/\\\/www.organisator.ch\\\/it\\\/author\\\/adelisa-kalajdzini\\\/\"}]}<\/script>\n<!-- \/ Yoast SEO plugin. -->","yoast_head_json":{"title":"SCSD: Nuovo motto e comitato scientifico consultivo - Organizzatore","description":"SCSD 2025: plasmare il futuro con le tecnologie informatiche e le sfide nello spazio digitale.","robots":{"index":"index","follow":"follow","max-snippet":"max-snippet:-1","max-image-preview":"max-image-preview:large","max-video-preview":"max-video-preview:-1"},"canonical":"https:\/\/www.organisator.ch\/it\/eccellenza-operativa\/2024-06-19\/scsd-neues-motto-und-wissenschaftlicher-beirat\/","og_locale":"it_IT","og_type":"article","og_title":"SCSD: Neues Motto und wissenschaftlicher Beirat - Organisator","og_description":"SCSD 2025: Zukunft gestalten mit Cybertechnologien und Herausforderungen im digitalen Raum.","og_url":"https:\/\/www.organisator.ch\/it\/eccellenza-operativa\/2024-06-19\/scsd-neues-motto-und-wissenschaftlicher-beirat\/","og_site_name":"Organisator","article_publisher":"https:\/\/www.facebook.com\/OrganisatorFachmagazin","article_published_time":"2024-06-19T13:19:14+00:00","article_modified_time":"2024-11-10T08:58:47+00:00","og_image":[{"url":"https:\/\/www.m-q.ch\/wp-content\/uploads\/2024\/06\/SCSD_Bild1_ps.jpg","type":"","width":"","height":""}],"author":"Adelisa Kalajdzini","twitter_card":"summary_large_image","schema":{"@context":"https:\/\/schema.org","@graph":[{"@type":"Article","@id":"https:\/\/www.organisator.ch\/operational-excellence\/2024-06-19\/scsd-neues-motto-und-wissenschaftlicher-beirat\/#article","isPartOf":{"@id":"https:\/\/www.organisator.ch\/operational-excellence\/2024-06-19\/scsd-neues-motto-und-wissenschaftlicher-beirat\/"},"author":{"name":"Adelisa Kalajdzini","@id":"https:\/\/www.organisator.ch\/#\/schema\/person\/2e1314a2172123f874db408d8911d3f3"},"headline":"SCSD: Neues Motto und wissenschaftlicher Beirat","datePublished":"2024-06-19T13:19:14+00:00","dateModified":"2024-11-10T08:58:47+00:00","mainEntityOfPage":{"@id":"https:\/\/www.organisator.ch\/operational-excellence\/2024-06-19\/scsd-neues-motto-und-wissenschaftlicher-beirat\/"},"wordCount":284,"publisher":{"@id":"https:\/\/www.organisator.ch\/#organization"},"image":{"@id":"https:\/\/www.organisator.ch\/operational-excellence\/2024-06-19\/scsd-neues-motto-und-wissenschaftlicher-beirat\/#primaryimage"},"thumbnailUrl":"https:\/\/www.m-q.ch\/wp-content\/uploads\/2024\/06\/SCSD_Bild1_ps.jpg","keywords":["Cybersecurity","Digitalisierung","Risikomanagement","SCSD","Unternehmen"],"articleSection":["OPERATIONAL EXCELLENCE"],"inLanguage":"it-IT"},{"@type":"WebPage","@id":"https:\/\/www.organisator.ch\/operational-excellence\/2024-06-19\/scsd-neues-motto-und-wissenschaftlicher-beirat\/","url":"https:\/\/www.organisator.ch\/operational-excellence\/2024-06-19\/scsd-neues-motto-und-wissenschaftlicher-beirat\/","name":"SCSD: Nuovo motto e comitato scientifico consultivo - Organizzatore","isPartOf":{"@id":"https:\/\/www.organisator.ch\/#website"},"primaryImageOfPage":{"@id":"https:\/\/www.organisator.ch\/operational-excellence\/2024-06-19\/scsd-neues-motto-und-wissenschaftlicher-beirat\/#primaryimage"},"image":{"@id":"https:\/\/www.organisator.ch\/operational-excellence\/2024-06-19\/scsd-neues-motto-und-wissenschaftlicher-beirat\/#primaryimage"},"thumbnailUrl":"https:\/\/www.m-q.ch\/wp-content\/uploads\/2024\/06\/SCSD_Bild1_ps.jpg","datePublished":"2024-06-19T13:19:14+00:00","dateModified":"2024-11-10T08:58:47+00:00","description":"SCSD 2025: plasmare il futuro con le tecnologie informatiche e le sfide nello spazio digitale.","breadcrumb":{"@id":"https:\/\/www.organisator.ch\/operational-excellence\/2024-06-19\/scsd-neues-motto-und-wissenschaftlicher-beirat\/#breadcrumb"},"inLanguage":"it-IT","potentialAction":[{"@type":"ReadAction","target":["https:\/\/www.organisator.ch\/operational-excellence\/2024-06-19\/scsd-neues-motto-und-wissenschaftlicher-beirat\/"]}]},{"@type":"ImageObject","inLanguage":"it-IT","@id":"https:\/\/www.organisator.ch\/operational-excellence\/2024-06-19\/scsd-neues-motto-und-wissenschaftlicher-beirat\/#primaryimage","url":"https:\/\/www.m-q.ch\/wp-content\/uploads\/2024\/06\/SCSD_Bild1_ps.jpg","contentUrl":"https:\/\/www.m-q.ch\/wp-content\/uploads\/2024\/06\/SCSD_Bild1_ps.jpg"},{"@type":"BreadcrumbList","@id":"https:\/\/www.organisator.ch\/operational-excellence\/2024-06-19\/scsd-neues-motto-und-wissenschaftlicher-beirat\/#breadcrumb","itemListElement":[{"@type":"ListItem","position":1,"name":"Home","item":"https:\/\/www.organisator.ch\/"},{"@type":"ListItem","position":2,"name":"SCSD: Neues Motto und wissenschaftlicher Beirat"}]},{"@type":"WebSite","@id":"https:\/\/www.organisator.ch\/#website","url":"https:\/\/www.organisator.ch\/","name":"Organizzatore","description":"Competente. Pratico. In 10 numeri all'anno, ORGANISATOR presenta i temi essenziali per i manager delle PMI.","publisher":{"@id":"https:\/\/www.organisator.ch\/#organization"},"potentialAction":[{"@type":"SearchAction","target":{"@type":"EntryPoint","urlTemplate":"https:\/\/www.organisator.ch\/?s={search_term_string}"},"query-input":{"@type":"PropertyValueSpecification","valueRequired":true,"valueName":"search_term_string"}}],"inLanguage":"it-IT"},{"@type":"Organization","@id":"https:\/\/www.organisator.ch\/#organization","name":"Organizzatore","url":"https:\/\/www.organisator.ch\/","logo":{"@type":"ImageObject","inLanguage":"it-IT","@id":"https:\/\/www.organisator.ch\/#\/schema\/logo\/image\/","url":"https:\/\/www.organisator.ch\/wp-content\/uploads\/2022\/01\/Logo_Organisator_Website.png","contentUrl":"https:\/\/www.organisator.ch\/wp-content\/uploads\/2022\/01\/Logo_Organisator_Website.png","width":800,"height":77,"caption":"Organisator"},"image":{"@id":"https:\/\/www.organisator.ch\/#\/schema\/logo\/image\/"},"sameAs":["https:\/\/www.facebook.com\/OrganisatorFachmagazin","https:\/\/www.linkedin.com\/showcase\/organisator-das-magazin-fr-kmu","https:\/\/www.xing.com\/news\/pages\/organisator-ch-695","https:\/\/www.youtube.com\/channel\/UCGP2Sq0iWaZwT3BdIAQFYpw"]},{"@type":"Person","@id":"https:\/\/www.organisator.ch\/#\/schema\/person\/2e1314a2172123f874db408d8911d3f3","name":"Adelisa Kalajdzini","image":{"@type":"ImageObject","inLanguage":"it-IT","@id":"https:\/\/secure.gravatar.com\/avatar\/09a397c22ac58cad6f160ee8306348599df9df58a8ede73696226897b9fa4b24?s=96&d=mm&r=g","url":"https:\/\/secure.gravatar.com\/avatar\/09a397c22ac58cad6f160ee8306348599df9df58a8ede73696226897b9fa4b24?s=96&d=mm&r=g","contentUrl":"https:\/\/secure.gravatar.com\/avatar\/09a397c22ac58cad6f160ee8306348599df9df58a8ede73696226897b9fa4b24?s=96&d=mm&r=g","caption":"Adelisa Kalajdzini"},"url":"https:\/\/www.organisator.ch\/it\/author\/adelisa-kalajdzini\/"}]}},"_links":{"self":[{"href":"https:\/\/www.organisator.ch\/it\/wp-json\/wp\/v2\/posts\/27872","targetHints":{"allow":["GET"]}}],"collection":[{"href":"https:\/\/www.organisator.ch\/it\/wp-json\/wp\/v2\/posts"}],"about":[{"href":"https:\/\/www.organisator.ch\/it\/wp-json\/wp\/v2\/types\/post"}],"author":[{"embeddable":true,"href":"https:\/\/www.organisator.ch\/it\/wp-json\/wp\/v2\/users\/58"}],"replies":[{"embeddable":true,"href":"https:\/\/www.organisator.ch\/it\/wp-json\/wp\/v2\/comments?post=27872"}],"version-history":[{"count":8,"href":"https:\/\/www.organisator.ch\/it\/wp-json\/wp\/v2\/posts\/27872\/revisions"}],"predecessor-version":[{"id":32176,"href":"https:\/\/www.organisator.ch\/it\/wp-json\/wp\/v2\/posts\/27872\/revisions\/32176"}],"wp:attachment":[{"href":"https:\/\/www.organisator.ch\/it\/wp-json\/wp\/v2\/media?parent=27872"}],"wp:term":[{"taxonomy":"category","embeddable":true,"href":"https:\/\/www.organisator.ch\/it\/wp-json\/wp\/v2\/categories?post=27872"},{"taxonomy":"post_tag","embeddable":true,"href":"https:\/\/www.organisator.ch\/it\/wp-json\/wp\/v2\/tags?post=27872"}],"curies":[{"name":"wp","href":"https:\/\/api.w.org\/{rel}","templated":true}]}}