{"id":27877,"date":"2024-06-20T08:31:20","date_gmt":"2024-06-20T06:31:20","guid":{"rendered":"https:\/\/www.organisator.ch\/?p=27877"},"modified":"2024-06-20T08:31:20","modified_gmt":"2024-06-20T06:31:20","slug":"aktuelle-zahlen-zur-lehrstellensituation","status":"publish","type":"post","link":"https:\/\/www.organisator.ch\/it\/weiterbildung\/2024-06-20\/aktuelle-zahlen-zur-lehrstellensituation\/","title":{"rendered":"Dati attuali sulla situazione dell'apprendistato"},"content":{"rendered":"<figure id=\"attachment_27880\" aria-describedby=\"caption-attachment-27880\" style=\"width: 680px\" class=\"wp-caption alignnone\"><img loading=\"lazy\" decoding=\"async\" class=\"size-full wp-image-27880\" src=\"https:\/\/www.organisator.ch\/wp-content\/uploads\/2024\/06\/Yousty_Bild1_ps.jpg\" alt=\"\" width=\"680\" height=\"454\" srcset=\"https:\/\/www.organisator.ch\/wp-content\/uploads\/2024\/06\/Yousty_Bild1_ps.jpg 680w, https:\/\/www.organisator.ch\/wp-content\/uploads\/2024\/06\/Yousty_Bild1_ps-18x12.jpg 18w, https:\/\/www.organisator.ch\/wp-content\/uploads\/2024\/06\/Yousty_Bild1_ps-375x250.jpg 375w, https:\/\/www.organisator.ch\/wp-content\/uploads\/2024\/06\/Yousty_Bild1_ps-524x350.jpg 524w\" sizes=\"auto, (max-width: 680px) 100vw, 680px\" \/><figcaption id=\"caption-attachment-27880\" class=\"wp-caption-text\">Secondo il barometro dei posti di lavoro vacanti, 66% dei 75.724 apprendistati offerti per l'estate 2024 sono gi\u00e0 stati occupati. (Immagine: www.depositphotos.com)<\/figcaption><\/figure>\n<h3><strong>La tendenza dell'apprendistato<\/strong><\/h3>\n<p>Al termine della scuola dell'obbligo, la maggior parte dei giovani opta per una formazione professionale di base. La maturit\u00e0 e le scuole secondarie specializzate sono la seconda scelta pi\u00f9 comune.\u00a0<\/p>\n<h3><strong>Posti di apprendistato occupati<\/strong><\/h3>\n<p>Secondo il barometro dei posti di lavoro vacanti, 66% dei 75.724 apprendistati offerti per l'estate 2024 sono gi\u00e0 stati occupati, il che rappresenta un aumento rispetto all'anno precedente (2023: 63%).\u00a0<br \/>\nDa agosto 2023 sono state inviate circa 180.000 domande online tramite yousty.ch.<\/p>\n<h3><strong>Offerte di lavoro per apprendisti<\/strong><\/h3>\n<p>La seguente panoramica mostra le professioni con il maggior numero di posti vacanti per gli apprendistati che inizieranno nell'estate del 2024:<\/p>\n<figure id=\"attachment_27879\" aria-describedby=\"caption-attachment-27879\" style=\"width: 680px\" class=\"wp-caption alignnone\"><img loading=\"lazy\" decoding=\"async\" class=\"size-full wp-image-27879\" src=\"https:\/\/www.organisator.ch\/wp-content\/uploads\/2024\/06\/Yousty_Bild_Tabelle_Bild2_ps.jpg\" alt=\"\" width=\"680\" height=\"332\" srcset=\"https:\/\/www.organisator.ch\/wp-content\/uploads\/2024\/06\/Yousty_Bild_Tabelle_Bild2_ps.jpg 680w, https:\/\/www.organisator.ch\/wp-content\/uploads\/2024\/06\/Yousty_Bild_Tabelle_Bild2_ps-18x9.jpg 18w, https:\/\/www.organisator.ch\/wp-content\/uploads\/2024\/06\/Yousty_Bild_Tabelle_Bild2_ps-375x183.jpg 375w\" sizes=\"auto, (max-width: 680px) 100vw, 680px\" \/><figcaption id=\"caption-attachment-27879\" class=\"wp-caption-text\">(Immagine: www.yousty.ch)<\/figcaption><\/figure>\n<p>Le professioni con il maggior numero di posti vacanti per l'apprendistato a partire dal 2024 su yousty.ch (al 20 giugno 2024)<br \/>\n*GvE = Designing shopping experiences.<\/p>\n<p><strong>Fatti su Retail Specialist EFZ<\/strong><\/p>\n<ul>\n<li>Alla fine di maggio, i posti di apprendistato occupati erano 16,8% in meno rispetto a un anno fa.<\/li>\n<li>In totale, in questa stagione sono stati pubblicizzati 14,1% di apprendistati in meno rispetto all'anno precedente.<\/li>\n<\/ul>\n<p><strong>Fatti su Cook EFZ<\/strong><\/p>\n<ul>\n<li>Alla fine di maggio, sono stati occupati 13% in pi\u00f9 di apprendistati rispetto a un anno fa.<\/li>\n<li>In totale, in questa stagione sono stati pubblicizzati 2,1% di apprendistati in meno rispetto all'anno precedente.<\/li>\n<\/ul>\n<p><strong>Fatti sull'elettricista EFZ<\/strong><\/p>\n<ul>\n<li>Questa professione tradizionalmente occupa posti di apprendistato in primavera, ma questa stagione ha registrato un alto numero di inserimenti nel periodo da novembre a febbraio.<\/li>\n<li>Alla fine di maggio, il numero di apprendistati occupati era circa lo stesso dell'anno precedente.<\/li>\n<li>In totale, in questa stagione sono stati pubblicizzati 0,8% di apprendistati in meno rispetto all'anno precedente.<\/li>\n<\/ul>\n<p><em>Fonte: <a href=\"http:\/\/www.yousty.ch\">www.yousty.ch<\/a><\/em><\/p>","protected":false},"excerpt":{"rendered":"<p>Secondo il barometro dei posti di lavoro vacanti, 66% di tutti gli apprendistati per l'estate 2024 sono stati occupati. I giovani sono pi\u00f9 propensi a prendere in considerazione una formazione professionale di base dopo aver completato la scuola dell'obbligo. La maggior parte dei posti vacanti di apprendistato riguarda il commercio al dettaglio, la cucina e l'edilizia.<\/p>","protected":false},"author":58,"featured_media":27880,"comment_status":"closed","ping_status":"closed","sticky":false,"template":"","format":"standard","meta":{"_acf_changed":false,"_yoast_wpseo_focuskw":"Lehrstellensituation","_yoast_wpseo_metadesc":"Laut dem Nahtstellenbarometer sind 66% aller Lehrstellen f\u00fcr Sommer 2024 besetzt. Die meisten offenen Lehrstellen gibt es im Detailhandel, als Koch\/K\u00f6chin und im Baugewerbe.","articlekey":"","footnotes":""},"categories":[30],"tags":[62,770,3336,424],"class_list":["post-27877","post","type-post","status-publish","format-standard","has-post-thumbnail","hentry","category-weiterbildung","tag-aus-weiterbildung","tag-barometer","tag-lehrstellen","tag-schweiz"],"acf":[],"yoast_head":"<!-- This site is optimized with the Yoast SEO plugin v27.5 - https:\/\/yoast.com\/product\/yoast-seo-wordpress\/ -->\n<title>Aktuelle Zahlen zur Lehrstellensituation - Organisator<\/title>\n<meta name=\"description\" content=\"Laut dem Nahtstellenbarometer sind 66% aller Lehrstellen f\u00fcr Sommer 2024 besetzt. Die meisten offenen Lehrstellen gibt es im Detailhandel, als Koch\/K\u00f6chin und im Baugewerbe.\" \/>\n<meta name=\"robots\" content=\"index, follow, max-snippet:-1, max-image-preview:large, max-video-preview:-1\" \/>\n<link rel=\"canonical\" href=\"https:\/\/www.organisator.ch\/it\/formazione-continua\/2024-06-20\/aktuelle-zahlen-zur-lehrstellensituation\/\" \/>\n<meta property=\"og:locale\" content=\"it_IT\" \/>\n<meta property=\"og:type\" content=\"article\" \/>\n<meta property=\"og:title\" content=\"Aktuelle Zahlen zur Lehrstellensituation\" \/>\n<meta property=\"og:description\" content=\"Laut dem Nahtstellenbarometer sind 66% aller Lehrstellen f\u00fcr Sommer 2024 besetzt. Die meisten offenen Lehrstellen gibt es im Detailhandel, als Koch\/K\u00f6chin und im Baugewerbe.\" \/>\n<meta property=\"og:url\" content=\"https:\/\/www.organisator.ch\/it\/formazione-continua\/2024-06-20\/aktuelle-zahlen-zur-lehrstellensituation\/\" \/>\n<meta property=\"og:site_name\" content=\"Organisator\" \/>\n<meta property=\"article:publisher\" content=\"https:\/\/www.facebook.com\/OrganisatorFachmagazin\" \/>\n<meta property=\"article:published_time\" content=\"2024-06-20T06:31:20+00:00\" \/>\n<meta property=\"og:image\" content=\"https:\/\/www.organisator.ch\/wp-content\/uploads\/2024\/06\/Yousty_Bild1_ps.jpg\" \/>\n\t<meta property=\"og:image:width\" content=\"680\" \/>\n\t<meta property=\"og:image:height\" content=\"454\" \/>\n\t<meta property=\"og:image:type\" content=\"image\/jpeg\" \/>\n<meta name=\"author\" content=\"Adelisa Kalajdzini\" \/>\n<meta name=\"twitter:card\" content=\"summary_large_image\" \/>\n<meta name=\"twitter:title\" content=\"Aktuelle Zahlen zur Lehrstellensituation\" \/>\n<meta name=\"twitter:description\" content=\"Laut dem #Nahtstellenbarometer sind 66% aller #Lehrstellen f\u00fcr Sommer 2024 besetzt. Die meisten offenen Lehrstellen gibt es im #Detailhandel, als #Koch\/K\u00f6chin und im #Baugewerbe.\" \/>\n<meta name=\"twitter:image\" content=\"https:\/\/www.organisator.ch\/wp-content\/uploads\/2024\/06\/Yousty_Bild1_ps.jpg\" \/>\n<script type=\"application\/ld+json\" class=\"yoast-schema-graph\">{\"@context\":\"https:\\\/\\\/schema.org\",\"@graph\":[{\"@type\":\"Article\",\"@id\":\"https:\\\/\\\/www.organisator.ch\\\/weiterbildung\\\/2024-06-20\\\/aktuelle-zahlen-zur-lehrstellensituation\\\/#article\",\"isPartOf\":{\"@id\":\"https:\\\/\\\/www.organisator.ch\\\/weiterbildung\\\/2024-06-20\\\/aktuelle-zahlen-zur-lehrstellensituation\\\/\"},\"author\":{\"name\":\"Adelisa Kalajdzini\",\"@id\":\"https:\\\/\\\/www.organisator.ch\\\/#\\\/schema\\\/person\\\/2e1314a2172123f874db408d8911d3f3\"},\"headline\":\"Aktuelle Zahlen zur Lehrstellensituation\",\"datePublished\":\"2024-06-20T06:31:20+00:00\",\"mainEntityOfPage\":{\"@id\":\"https:\\\/\\\/www.organisator.ch\\\/weiterbildung\\\/2024-06-20\\\/aktuelle-zahlen-zur-lehrstellensituation\\\/\"},\"wordCount\":243,\"publisher\":{\"@id\":\"https:\\\/\\\/www.organisator.ch\\\/#organization\"},\"image\":{\"@id\":\"https:\\\/\\\/www.organisator.ch\\\/weiterbildung\\\/2024-06-20\\\/aktuelle-zahlen-zur-lehrstellensituation\\\/#primaryimage\"},\"thumbnailUrl\":\"https:\\\/\\\/www.organisator.ch\\\/wp-content\\\/uploads\\\/2024\\\/06\\\/Yousty_Bild1_ps.jpg\",\"keywords\":[\"Aus-\\\/Weiterbildung\",\"Barometer\",\"Lehrstellen\",\"Schweiz\"],\"articleSection\":[\"WEITERBILDUNG\"],\"inLanguage\":\"it-IT\"},{\"@type\":\"WebPage\",\"@id\":\"https:\\\/\\\/www.organisator.ch\\\/weiterbildung\\\/2024-06-20\\\/aktuelle-zahlen-zur-lehrstellensituation\\\/\",\"url\":\"https:\\\/\\\/www.organisator.ch\\\/weiterbildung\\\/2024-06-20\\\/aktuelle-zahlen-zur-lehrstellensituation\\\/\",\"name\":\"Aktuelle Zahlen zur Lehrstellensituation - Organisator\",\"isPartOf\":{\"@id\":\"https:\\\/\\\/www.organisator.ch\\\/#website\"},\"primaryImageOfPage\":{\"@id\":\"https:\\\/\\\/www.organisator.ch\\\/weiterbildung\\\/2024-06-20\\\/aktuelle-zahlen-zur-lehrstellensituation\\\/#primaryimage\"},\"image\":{\"@id\":\"https:\\\/\\\/www.organisator.ch\\\/weiterbildung\\\/2024-06-20\\\/aktuelle-zahlen-zur-lehrstellensituation\\\/#primaryimage\"},\"thumbnailUrl\":\"https:\\\/\\\/www.organisator.ch\\\/wp-content\\\/uploads\\\/2024\\\/06\\\/Yousty_Bild1_ps.jpg\",\"datePublished\":\"2024-06-20T06:31:20+00:00\",\"description\":\"Laut dem Nahtstellenbarometer sind 66% aller Lehrstellen f\u00fcr Sommer 2024 besetzt. Die meisten offenen Lehrstellen gibt es im Detailhandel, als Koch\\\/K\u00f6chin und im Baugewerbe.\",\"breadcrumb\":{\"@id\":\"https:\\\/\\\/www.organisator.ch\\\/weiterbildung\\\/2024-06-20\\\/aktuelle-zahlen-zur-lehrstellensituation\\\/#breadcrumb\"},\"inLanguage\":\"it-IT\",\"potentialAction\":[{\"@type\":\"ReadAction\",\"target\":[\"https:\\\/\\\/www.organisator.ch\\\/weiterbildung\\\/2024-06-20\\\/aktuelle-zahlen-zur-lehrstellensituation\\\/\"]}]},{\"@type\":\"ImageObject\",\"inLanguage\":\"it-IT\",\"@id\":\"https:\\\/\\\/www.organisator.ch\\\/weiterbildung\\\/2024-06-20\\\/aktuelle-zahlen-zur-lehrstellensituation\\\/#primaryimage\",\"url\":\"https:\\\/\\\/www.organisator.ch\\\/wp-content\\\/uploads\\\/2024\\\/06\\\/Yousty_Bild1_ps.jpg\",\"contentUrl\":\"https:\\\/\\\/www.organisator.ch\\\/wp-content\\\/uploads\\\/2024\\\/06\\\/Yousty_Bild1_ps.jpg\",\"width\":680,\"height\":454,\"caption\":\": Laut dem Nahtstellenbarometer sind von den insgesamt 75\u2019724 angebotenen Lehrstellen f\u00fcr Sommer 2024 bereits 66% vergeben. (Bild: www.depositphotos.com)\"},{\"@type\":\"BreadcrumbList\",\"@id\":\"https:\\\/\\\/www.organisator.ch\\\/weiterbildung\\\/2024-06-20\\\/aktuelle-zahlen-zur-lehrstellensituation\\\/#breadcrumb\",\"itemListElement\":[{\"@type\":\"ListItem\",\"position\":1,\"name\":\"Home\",\"item\":\"https:\\\/\\\/www.organisator.ch\\\/\"},{\"@type\":\"ListItem\",\"position\":2,\"name\":\"Aktuelle Zahlen zur Lehrstellensituation\"}]},{\"@type\":\"WebSite\",\"@id\":\"https:\\\/\\\/www.organisator.ch\\\/#website\",\"url\":\"https:\\\/\\\/www.organisator.ch\\\/\",\"name\":\"Organisator\",\"description\":\"Kompetent. Praxisnah. Der ORGANISATOR bereitet in 10 Ausgaben pro Jahr die wesentlichen Themen f\u00fcr F\u00fchrungskr\u00e4fte von KMU auf.\",\"publisher\":{\"@id\":\"https:\\\/\\\/www.organisator.ch\\\/#organization\"},\"potentialAction\":[{\"@type\":\"SearchAction\",\"target\":{\"@type\":\"EntryPoint\",\"urlTemplate\":\"https:\\\/\\\/www.organisator.ch\\\/?s={search_term_string}\"},\"query-input\":{\"@type\":\"PropertyValueSpecification\",\"valueRequired\":true,\"valueName\":\"search_term_string\"}}],\"inLanguage\":\"it-IT\"},{\"@type\":\"Organization\",\"@id\":\"https:\\\/\\\/www.organisator.ch\\\/#organization\",\"name\":\"Organisator\",\"url\":\"https:\\\/\\\/www.organisator.ch\\\/\",\"logo\":{\"@type\":\"ImageObject\",\"inLanguage\":\"it-IT\",\"@id\":\"https:\\\/\\\/www.organisator.ch\\\/#\\\/schema\\\/logo\\\/image\\\/\",\"url\":\"https:\\\/\\\/www.organisator.ch\\\/wp-content\\\/uploads\\\/2022\\\/01\\\/Logo_Organisator_Website.png\",\"contentUrl\":\"https:\\\/\\\/www.organisator.ch\\\/wp-content\\\/uploads\\\/2022\\\/01\\\/Logo_Organisator_Website.png\",\"width\":800,\"height\":77,\"caption\":\"Organisator\"},\"image\":{\"@id\":\"https:\\\/\\\/www.organisator.ch\\\/#\\\/schema\\\/logo\\\/image\\\/\"},\"sameAs\":[\"https:\\\/\\\/www.facebook.com\\\/OrganisatorFachmagazin\",\"https:\\\/\\\/www.linkedin.com\\\/showcase\\\/organisator-das-magazin-fr-kmu\",\"https:\\\/\\\/www.xing.com\\\/news\\\/pages\\\/organisator-ch-695\",\"https:\\\/\\\/www.youtube.com\\\/channel\\\/UCGP2Sq0iWaZwT3BdIAQFYpw\"]},{\"@type\":\"Person\",\"@id\":\"https:\\\/\\\/www.organisator.ch\\\/#\\\/schema\\\/person\\\/2e1314a2172123f874db408d8911d3f3\",\"name\":\"Adelisa Kalajdzini\",\"image\":{\"@type\":\"ImageObject\",\"inLanguage\":\"it-IT\",\"@id\":\"https:\\\/\\\/secure.gravatar.com\\\/avatar\\\/09a397c22ac58cad6f160ee8306348599df9df58a8ede73696226897b9fa4b24?s=96&d=mm&r=g\",\"url\":\"https:\\\/\\\/secure.gravatar.com\\\/avatar\\\/09a397c22ac58cad6f160ee8306348599df9df58a8ede73696226897b9fa4b24?s=96&d=mm&r=g\",\"contentUrl\":\"https:\\\/\\\/secure.gravatar.com\\\/avatar\\\/09a397c22ac58cad6f160ee8306348599df9df58a8ede73696226897b9fa4b24?s=96&d=mm&r=g\",\"caption\":\"Adelisa Kalajdzini\"},\"url\":\"https:\\\/\\\/www.organisator.ch\\\/it\\\/author\\\/adelisa-kalajdzini\\\/\"}]}<\/script>\n<!-- \/ Yoast SEO plugin. -->","yoast_head_json":{"title":"Dati attuali sulla situazione dell'apprendistato - Organizzatore","description":"Secondo il barometro dei posti vacanti, 66% di tutti gli apprendistati per l'estate 2024 sono stati occupati. La maggior parte dei posti di apprendistato vacanti riguarda il commercio al dettaglio, la cucina e l'edilizia.","robots":{"index":"index","follow":"follow","max-snippet":"max-snippet:-1","max-image-preview":"max-image-preview:large","max-video-preview":"max-video-preview:-1"},"canonical":"https:\/\/www.organisator.ch\/it\/formazione-continua\/2024-06-20\/aktuelle-zahlen-zur-lehrstellensituation\/","og_locale":"it_IT","og_type":"article","og_title":"Aktuelle Zahlen zur Lehrstellensituation","og_description":"Laut dem Nahtstellenbarometer sind 66% aller Lehrstellen f\u00fcr Sommer 2024 besetzt. Die meisten offenen Lehrstellen gibt es im Detailhandel, als Koch\/K\u00f6chin und im Baugewerbe.","og_url":"https:\/\/www.organisator.ch\/it\/formazione-continua\/2024-06-20\/aktuelle-zahlen-zur-lehrstellensituation\/","og_site_name":"Organisator","article_publisher":"https:\/\/www.facebook.com\/OrganisatorFachmagazin","article_published_time":"2024-06-20T06:31:20+00:00","og_image":[{"width":680,"height":454,"url":"https:\/\/www.organisator.ch\/wp-content\/uploads\/2024\/06\/Yousty_Bild1_ps.jpg","type":"image\/jpeg"}],"author":"Adelisa Kalajdzini","twitter_card":"summary_large_image","twitter_title":"Aktuelle Zahlen zur Lehrstellensituation","twitter_description":"Laut dem #Nahtstellenbarometer sind 66% aller #Lehrstellen f\u00fcr Sommer 2024 besetzt. Die meisten offenen Lehrstellen gibt es im #Detailhandel, als #Koch\/K\u00f6chin und im #Baugewerbe.","twitter_image":"https:\/\/www.organisator.ch\/wp-content\/uploads\/2024\/06\/Yousty_Bild1_ps.jpg","schema":{"@context":"https:\/\/schema.org","@graph":[{"@type":"Article","@id":"https:\/\/www.organisator.ch\/weiterbildung\/2024-06-20\/aktuelle-zahlen-zur-lehrstellensituation\/#article","isPartOf":{"@id":"https:\/\/www.organisator.ch\/weiterbildung\/2024-06-20\/aktuelle-zahlen-zur-lehrstellensituation\/"},"author":{"name":"Adelisa Kalajdzini","@id":"https:\/\/www.organisator.ch\/#\/schema\/person\/2e1314a2172123f874db408d8911d3f3"},"headline":"Aktuelle Zahlen zur Lehrstellensituation","datePublished":"2024-06-20T06:31:20+00:00","mainEntityOfPage":{"@id":"https:\/\/www.organisator.ch\/weiterbildung\/2024-06-20\/aktuelle-zahlen-zur-lehrstellensituation\/"},"wordCount":243,"publisher":{"@id":"https:\/\/www.organisator.ch\/#organization"},"image":{"@id":"https:\/\/www.organisator.ch\/weiterbildung\/2024-06-20\/aktuelle-zahlen-zur-lehrstellensituation\/#primaryimage"},"thumbnailUrl":"https:\/\/www.organisator.ch\/wp-content\/uploads\/2024\/06\/Yousty_Bild1_ps.jpg","keywords":["Aus-\/Weiterbildung","Barometer","Lehrstellen","Schweiz"],"articleSection":["WEITERBILDUNG"],"inLanguage":"it-IT"},{"@type":"WebPage","@id":"https:\/\/www.organisator.ch\/weiterbildung\/2024-06-20\/aktuelle-zahlen-zur-lehrstellensituation\/","url":"https:\/\/www.organisator.ch\/weiterbildung\/2024-06-20\/aktuelle-zahlen-zur-lehrstellensituation\/","name":"Dati attuali sulla situazione dell'apprendistato - Organizzatore","isPartOf":{"@id":"https:\/\/www.organisator.ch\/#website"},"primaryImageOfPage":{"@id":"https:\/\/www.organisator.ch\/weiterbildung\/2024-06-20\/aktuelle-zahlen-zur-lehrstellensituation\/#primaryimage"},"image":{"@id":"https:\/\/www.organisator.ch\/weiterbildung\/2024-06-20\/aktuelle-zahlen-zur-lehrstellensituation\/#primaryimage"},"thumbnailUrl":"https:\/\/www.organisator.ch\/wp-content\/uploads\/2024\/06\/Yousty_Bild1_ps.jpg","datePublished":"2024-06-20T06:31:20+00:00","description":"Secondo il barometro dei posti vacanti, 66% di tutti gli apprendistati per l'estate 2024 sono stati occupati. La maggior parte dei posti di apprendistato vacanti riguarda il commercio al dettaglio, la cucina e l'edilizia.","breadcrumb":{"@id":"https:\/\/www.organisator.ch\/weiterbildung\/2024-06-20\/aktuelle-zahlen-zur-lehrstellensituation\/#breadcrumb"},"inLanguage":"it-IT","potentialAction":[{"@type":"ReadAction","target":["https:\/\/www.organisator.ch\/weiterbildung\/2024-06-20\/aktuelle-zahlen-zur-lehrstellensituation\/"]}]},{"@type":"ImageObject","inLanguage":"it-IT","@id":"https:\/\/www.organisator.ch\/weiterbildung\/2024-06-20\/aktuelle-zahlen-zur-lehrstellensituation\/#primaryimage","url":"https:\/\/www.organisator.ch\/wp-content\/uploads\/2024\/06\/Yousty_Bild1_ps.jpg","contentUrl":"https:\/\/www.organisator.ch\/wp-content\/uploads\/2024\/06\/Yousty_Bild1_ps.jpg","width":680,"height":454,"caption":": Laut dem Nahtstellenbarometer sind von den insgesamt 75\u2019724 angebotenen Lehrstellen f\u00fcr Sommer 2024 bereits 66% vergeben. (Bild: www.depositphotos.com)"},{"@type":"BreadcrumbList","@id":"https:\/\/www.organisator.ch\/weiterbildung\/2024-06-20\/aktuelle-zahlen-zur-lehrstellensituation\/#breadcrumb","itemListElement":[{"@type":"ListItem","position":1,"name":"Home","item":"https:\/\/www.organisator.ch\/"},{"@type":"ListItem","position":2,"name":"Aktuelle Zahlen zur Lehrstellensituation"}]},{"@type":"WebSite","@id":"https:\/\/www.organisator.ch\/#website","url":"https:\/\/www.organisator.ch\/","name":"Organizzatore","description":"Competente. Pratico. In 10 numeri all'anno, ORGANISATOR presenta i temi essenziali per i manager delle PMI.","publisher":{"@id":"https:\/\/www.organisator.ch\/#organization"},"potentialAction":[{"@type":"SearchAction","target":{"@type":"EntryPoint","urlTemplate":"https:\/\/www.organisator.ch\/?s={search_term_string}"},"query-input":{"@type":"PropertyValueSpecification","valueRequired":true,"valueName":"search_term_string"}}],"inLanguage":"it-IT"},{"@type":"Organization","@id":"https:\/\/www.organisator.ch\/#organization","name":"Organizzatore","url":"https:\/\/www.organisator.ch\/","logo":{"@type":"ImageObject","inLanguage":"it-IT","@id":"https:\/\/www.organisator.ch\/#\/schema\/logo\/image\/","url":"https:\/\/www.organisator.ch\/wp-content\/uploads\/2022\/01\/Logo_Organisator_Website.png","contentUrl":"https:\/\/www.organisator.ch\/wp-content\/uploads\/2022\/01\/Logo_Organisator_Website.png","width":800,"height":77,"caption":"Organisator"},"image":{"@id":"https:\/\/www.organisator.ch\/#\/schema\/logo\/image\/"},"sameAs":["https:\/\/www.facebook.com\/OrganisatorFachmagazin","https:\/\/www.linkedin.com\/showcase\/organisator-das-magazin-fr-kmu","https:\/\/www.xing.com\/news\/pages\/organisator-ch-695","https:\/\/www.youtube.com\/channel\/UCGP2Sq0iWaZwT3BdIAQFYpw"]},{"@type":"Person","@id":"https:\/\/www.organisator.ch\/#\/schema\/person\/2e1314a2172123f874db408d8911d3f3","name":"Adelisa Kalajdzini","image":{"@type":"ImageObject","inLanguage":"it-IT","@id":"https:\/\/secure.gravatar.com\/avatar\/09a397c22ac58cad6f160ee8306348599df9df58a8ede73696226897b9fa4b24?s=96&d=mm&r=g","url":"https:\/\/secure.gravatar.com\/avatar\/09a397c22ac58cad6f160ee8306348599df9df58a8ede73696226897b9fa4b24?s=96&d=mm&r=g","contentUrl":"https:\/\/secure.gravatar.com\/avatar\/09a397c22ac58cad6f160ee8306348599df9df58a8ede73696226897b9fa4b24?s=96&d=mm&r=g","caption":"Adelisa Kalajdzini"},"url":"https:\/\/www.organisator.ch\/it\/author\/adelisa-kalajdzini\/"}]}},"_links":{"self":[{"href":"https:\/\/www.organisator.ch\/it\/wp-json\/wp\/v2\/posts\/27877","targetHints":{"allow":["GET"]}}],"collection":[{"href":"https:\/\/www.organisator.ch\/it\/wp-json\/wp\/v2\/posts"}],"about":[{"href":"https:\/\/www.organisator.ch\/it\/wp-json\/wp\/v2\/types\/post"}],"author":[{"embeddable":true,"href":"https:\/\/www.organisator.ch\/it\/wp-json\/wp\/v2\/users\/58"}],"replies":[{"embeddable":true,"href":"https:\/\/www.organisator.ch\/it\/wp-json\/wp\/v2\/comments?post=27877"}],"version-history":[{"count":4,"href":"https:\/\/www.organisator.ch\/it\/wp-json\/wp\/v2\/posts\/27877\/revisions"}],"predecessor-version":[{"id":27891,"href":"https:\/\/www.organisator.ch\/it\/wp-json\/wp\/v2\/posts\/27877\/revisions\/27891"}],"wp:featuredmedia":[{"embeddable":true,"href":"https:\/\/www.organisator.ch\/it\/wp-json\/wp\/v2\/media\/27880"}],"wp:attachment":[{"href":"https:\/\/www.organisator.ch\/it\/wp-json\/wp\/v2\/media?parent=27877"}],"wp:term":[{"taxonomy":"category","embeddable":true,"href":"https:\/\/www.organisator.ch\/it\/wp-json\/wp\/v2\/categories?post=27877"},{"taxonomy":"post_tag","embeddable":true,"href":"https:\/\/www.organisator.ch\/it\/wp-json\/wp\/v2\/tags?post=27877"}],"curies":[{"name":"wp","href":"https:\/\/api.w.org\/{rel}","templated":true}]}}