{"id":28024,"date":"2024-06-26T11:25:21","date_gmt":"2024-06-26T09:25:21","guid":{"rendered":"https:\/\/www.organisator.ch\/?p=28024"},"modified":"2024-06-26T11:26:56","modified_gmt":"2024-06-26T09:26:56","slug":"universitaeres-cas-in-strategischem-people-culture-management","status":"publish","type":"post","link":"https:\/\/www.organisator.ch\/it\/weiterbildung\/2024-06-26\/universitaeres-cas-in-strategischem-people-culture-management\/","title":{"rendered":"CAS universitario in Gestione strategica delle persone e della cultura"},"content":{"rendered":"<figure id=\"attachment_28025\" aria-describedby=\"caption-attachment-28025\" style=\"width: 680px\" class=\"wp-caption alignnone\"><img loading=\"lazy\" decoding=\"async\" class=\"size-full wp-image-28025\" src=\"https:\/\/www.organisator.ch\/wp-content\/uploads\/2024\/06\/HSSH_Bild1_ps.jpg\" alt=\"\" width=\"680\" height=\"474\" srcset=\"https:\/\/www.organisator.ch\/wp-content\/uploads\/2024\/06\/HSSH_Bild1_ps.jpg 680w, https:\/\/www.organisator.ch\/wp-content\/uploads\/2024\/06\/HSSH_Bild1_ps-18x12.jpg 18w, https:\/\/www.organisator.ch\/wp-content\/uploads\/2024\/06\/HSSH_Bild1_ps-375x261.jpg 375w, https:\/\/www.organisator.ch\/wp-content\/uploads\/2024\/06\/HSSH_Bild1_ps-502x350.jpg 502w\" sizes=\"auto, (max-width: 680px) 100vw, 680px\" \/><figcaption id=\"caption-attachment-28025\" class=\"wp-caption-text\">Il CAS \"Strategic People &amp; Culture Management\" \u00e8 un programma di formazione continua che si concentra su tutti gli argomenti relativi alla moderna gestione delle risorse umane. (Immagine: www.depositphotos.com)<\/figcaption><\/figure>\n<p>Le persone sono la risorsa pi\u00f9 importante di un'azienda. Il CAS \"Strategic People &amp; Culture Management\" \u00e8 un programma di formazione continua che si concentra su tutti gli argomenti relativi alla moderna gestione delle risorse umane, dalla strategia all'attuazione efficace. Il CAS si collega alla strategia aziendale e ricava misure concrete e attuabili per attrarre, trattenere e sviluppare i talenti nelle organizzazioni. Concetti scientificamente validi e il loro trasferimento nella pratica professionale sono i principi guida di questo programma di 12 settimane.<\/p>\n<p>\"Siamo estremamente soddisfatti di questa collaborazione e siamo convinti che offriremo un reale valore aggiunto nell'area della gestione strategica delle risorse umane nella regione. Applicando il nostro concetto di talento \"Plan &amp; Transform - Assess &amp; Join - Develop &amp; Grow\", i partecipanti possono tradurre efficacemente la strategia aziendale della loro organizzazione in strategie e iniziative di talento orientate all'azione e applicarle concretamente. In questo modo, creano le basi per posizionarsi in modo ottimale come datore di lavoro di riferimento\", afferma Jost Gloor, CEO di papilio.<\/p>\n<p>Il CAS \"Strategic People &amp; Culture Management\" fornisce agli specialisti e ai manager delle risorse umane le conoscenze e le competenze pratiche necessarie per tradurre la strategia aziendale in una strategia del personale e della cultura aziendale e per attuarla con successo. Questo programma di formazione continua combina perfettamente teoria e pratica. Concentrandosi su tutti i temi pi\u00f9 importanti relativi al talento nelle organizzazioni, consente ai partecipanti di contribuire concretamente al successo della propria azienda applicando concetti scientificamente validi in scenari reali. Gli specialisti delle risorse umane e i manager possono utilizzarlo per sviluppare in modo strategico e convincente il futuro della loro organizzazione e dare priorit\u00e0 alle persone che ne fanno parte.<\/p>\n<p>\"Combinando sapientemente concetti teorici con 'best practice' innovative e comprovate, i partecipanti sono in grado di applicare le conoscenze e le competenze acquisite direttamente nella pratica. Questo approccio orientato all'impatto rafforza il ruolo strategico delle risorse umane ed \u00e8 quindi fondamentale per lo sviluppo sostenibile e il successo delle organizzazioni\", spiega il Prof. Dr. Henning Grossmann, Vice-Rettore dell'Universit\u00e0 di Scienze Applicate di Sciaffusa (HSSH).<\/p>\n<p><em>Fonte: <a href=\"http:\/\/www.papilio.ch\">www.papilio.ch<\/a> \/ <a href=\"http:\/\/www.hochschule-schaffhausen.ch\">www.hochschule-schaffhausen.ch<\/a><\/em><\/p>","protected":false},"excerpt":{"rendered":"<p>Papilio, azienda leader nel campo dello sviluppo dei talenti, dei servizi innovativi di assessment e sviluppo manageriale e della consulenza strategica sui talenti, e l'HSSH lanciano un nuovo programma di formazione completo sulla gestione strategica delle risorse umane.<\/p>","protected":false},"author":58,"featured_media":28025,"comment_status":"closed","ping_status":"closed","sticky":false,"template":"","format":"standard","meta":{"_acf_changed":false,"_yoast_wpseo_focuskw":"People & Culture Management","_yoast_wpseo_metadesc":"Papilio und das HSSH lancieren ein neues, umfassendes Weiterbildungsangebot im strategischen Personalmanagement.","articlekey":"","footnotes":""},"categories":[579,30],"tags":[62,3587,3506,334],"class_list":["post-28024","post","type-post","status-publish","format-standard","has-post-thumbnail","hentry","category-human-resources","category-weiterbildung","tag-aus-weiterbildung","tag-cas","tag-human-resources","tag-management"],"acf":[],"yoast_head":"<!-- This site is optimized with the Yoast SEO plugin v27.5 - https:\/\/yoast.com\/product\/yoast-seo-wordpress\/ -->\n<title>Universit\u00e4res CAS in Strategischem People &amp; Culture Management - Organisator<\/title>\n<meta name=\"description\" content=\"Papilio und das HSSH lancieren ein neues, umfassendes Weiterbildungsangebot im strategischen Personalmanagement.\" \/>\n<meta name=\"robots\" content=\"index, follow, max-snippet:-1, max-image-preview:large, max-video-preview:-1\" \/>\n<link rel=\"canonical\" href=\"https:\/\/www.organisator.ch\/it\/formazione-continua\/2024-06-26\/universitaeres-cas-in-strategischem-people-culture-management\/\" \/>\n<meta property=\"og:locale\" content=\"it_IT\" \/>\n<meta property=\"og:type\" content=\"article\" \/>\n<meta property=\"og:title\" content=\"Universit\u00e4res CAS in Strategischem People &amp; Culture Management\" \/>\n<meta property=\"og:description\" content=\"Papilio und das HSSH lancieren ein neues, umfassendes Weiterbildungsangebot im strategischen Personalmanagement.\" \/>\n<meta property=\"og:url\" content=\"https:\/\/www.organisator.ch\/it\/formazione-continua\/2024-06-26\/universitaeres-cas-in-strategischem-people-culture-management\/\" \/>\n<meta property=\"og:site_name\" content=\"Organisator\" \/>\n<meta property=\"article:publisher\" content=\"https:\/\/www.facebook.com\/OrganisatorFachmagazin\" \/>\n<meta property=\"article:published_time\" content=\"2024-06-26T09:25:21+00:00\" \/>\n<meta property=\"article:modified_time\" content=\"2024-06-26T09:26:56+00:00\" \/>\n<meta property=\"og:image\" content=\"https:\/\/www.organisator.ch\/wp-content\/uploads\/2024\/06\/HSSH_Bild1_ps.jpg\" \/>\n\t<meta property=\"og:image:width\" content=\"680\" \/>\n\t<meta property=\"og:image:height\" content=\"474\" \/>\n\t<meta property=\"og:image:type\" content=\"image\/jpeg\" \/>\n<meta name=\"author\" content=\"Adelisa Kalajdzini\" \/>\n<meta name=\"twitter:card\" content=\"summary_large_image\" \/>\n<meta name=\"twitter:title\" content=\"Universit\u00e4res CAS in Strategischem People &amp; Culture Management\" \/>\n<meta name=\"twitter:description\" content=\"#Papilio und das #HSSH lancieren ein neues, umfassendes #Weiterbildungsangebot im strategischen #Personalmanagement.\" \/>\n<meta name=\"twitter:image\" content=\"https:\/\/www.organisator.ch\/wp-content\/uploads\/2024\/06\/HSSH_Bild1_ps.jpg\" \/>\n<script type=\"application\/ld+json\" class=\"yoast-schema-graph\">{\"@context\":\"https:\\\/\\\/schema.org\",\"@graph\":[{\"@type\":\"Article\",\"@id\":\"https:\\\/\\\/www.organisator.ch\\\/weiterbildung\\\/2024-06-26\\\/universitaeres-cas-in-strategischem-people-culture-management\\\/#article\",\"isPartOf\":{\"@id\":\"https:\\\/\\\/www.organisator.ch\\\/weiterbildung\\\/2024-06-26\\\/universitaeres-cas-in-strategischem-people-culture-management\\\/\"},\"author\":{\"name\":\"Adelisa Kalajdzini\",\"@id\":\"https:\\\/\\\/www.organisator.ch\\\/#\\\/schema\\\/person\\\/2e1314a2172123f874db408d8911d3f3\"},\"headline\":\"Universit\u00e4res CAS in Strategischem People &#038; Culture Management\",\"datePublished\":\"2024-06-26T09:25:21+00:00\",\"dateModified\":\"2024-06-26T09:26:56+00:00\",\"mainEntityOfPage\":{\"@id\":\"https:\\\/\\\/www.organisator.ch\\\/weiterbildung\\\/2024-06-26\\\/universitaeres-cas-in-strategischem-people-culture-management\\\/\"},\"wordCount\":375,\"publisher\":{\"@id\":\"https:\\\/\\\/www.organisator.ch\\\/#organization\"},\"image\":{\"@id\":\"https:\\\/\\\/www.organisator.ch\\\/weiterbildung\\\/2024-06-26\\\/universitaeres-cas-in-strategischem-people-culture-management\\\/#primaryimage\"},\"thumbnailUrl\":\"https:\\\/\\\/www.organisator.ch\\\/wp-content\\\/uploads\\\/2024\\\/06\\\/HSSH_Bild1_ps.jpg\",\"keywords\":[\"Aus-\\\/Weiterbildung\",\"CAS\",\"Human Resources\",\"Management\"],\"articleSection\":[\"HUMAN RESOURCES\",\"WEITERBILDUNG\"],\"inLanguage\":\"it-IT\"},{\"@type\":\"WebPage\",\"@id\":\"https:\\\/\\\/www.organisator.ch\\\/weiterbildung\\\/2024-06-26\\\/universitaeres-cas-in-strategischem-people-culture-management\\\/\",\"url\":\"https:\\\/\\\/www.organisator.ch\\\/weiterbildung\\\/2024-06-26\\\/universitaeres-cas-in-strategischem-people-culture-management\\\/\",\"name\":\"Universit\u00e4res CAS in Strategischem People & Culture Management - Organisator\",\"isPartOf\":{\"@id\":\"https:\\\/\\\/www.organisator.ch\\\/#website\"},\"primaryImageOfPage\":{\"@id\":\"https:\\\/\\\/www.organisator.ch\\\/weiterbildung\\\/2024-06-26\\\/universitaeres-cas-in-strategischem-people-culture-management\\\/#primaryimage\"},\"image\":{\"@id\":\"https:\\\/\\\/www.organisator.ch\\\/weiterbildung\\\/2024-06-26\\\/universitaeres-cas-in-strategischem-people-culture-management\\\/#primaryimage\"},\"thumbnailUrl\":\"https:\\\/\\\/www.organisator.ch\\\/wp-content\\\/uploads\\\/2024\\\/06\\\/HSSH_Bild1_ps.jpg\",\"datePublished\":\"2024-06-26T09:25:21+00:00\",\"dateModified\":\"2024-06-26T09:26:56+00:00\",\"description\":\"Papilio und das HSSH lancieren ein neues, umfassendes Weiterbildungsangebot im strategischen Personalmanagement.\",\"breadcrumb\":{\"@id\":\"https:\\\/\\\/www.organisator.ch\\\/weiterbildung\\\/2024-06-26\\\/universitaeres-cas-in-strategischem-people-culture-management\\\/#breadcrumb\"},\"inLanguage\":\"it-IT\",\"potentialAction\":[{\"@type\":\"ReadAction\",\"target\":[\"https:\\\/\\\/www.organisator.ch\\\/weiterbildung\\\/2024-06-26\\\/universitaeres-cas-in-strategischem-people-culture-management\\\/\"]}]},{\"@type\":\"ImageObject\",\"inLanguage\":\"it-IT\",\"@id\":\"https:\\\/\\\/www.organisator.ch\\\/weiterbildung\\\/2024-06-26\\\/universitaeres-cas-in-strategischem-people-culture-management\\\/#primaryimage\",\"url\":\"https:\\\/\\\/www.organisator.ch\\\/wp-content\\\/uploads\\\/2024\\\/06\\\/HSSH_Bild1_ps.jpg\",\"contentUrl\":\"https:\\\/\\\/www.organisator.ch\\\/wp-content\\\/uploads\\\/2024\\\/06\\\/HSSH_Bild1_ps.jpg\",\"width\":680,\"height\":474,\"caption\":\"Das CAS 'Strategisches People & Culture Management' ist ein Weiterbildungsstudiengang, der sich auf alle Themengebiete rund um das moderne Personalmanagement konzentriert. (Bild: www.depositphotos.com)\"},{\"@type\":\"BreadcrumbList\",\"@id\":\"https:\\\/\\\/www.organisator.ch\\\/weiterbildung\\\/2024-06-26\\\/universitaeres-cas-in-strategischem-people-culture-management\\\/#breadcrumb\",\"itemListElement\":[{\"@type\":\"ListItem\",\"position\":1,\"name\":\"Home\",\"item\":\"https:\\\/\\\/www.organisator.ch\\\/\"},{\"@type\":\"ListItem\",\"position\":2,\"name\":\"Universit\u00e4res CAS in Strategischem People &#038; Culture Management\"}]},{\"@type\":\"WebSite\",\"@id\":\"https:\\\/\\\/www.organisator.ch\\\/#website\",\"url\":\"https:\\\/\\\/www.organisator.ch\\\/\",\"name\":\"Organisator\",\"description\":\"Kompetent. Praxisnah. Der ORGANISATOR bereitet in 10 Ausgaben pro Jahr die wesentlichen Themen f\u00fcr F\u00fchrungskr\u00e4fte von KMU auf.\",\"publisher\":{\"@id\":\"https:\\\/\\\/www.organisator.ch\\\/#organization\"},\"potentialAction\":[{\"@type\":\"SearchAction\",\"target\":{\"@type\":\"EntryPoint\",\"urlTemplate\":\"https:\\\/\\\/www.organisator.ch\\\/?s={search_term_string}\"},\"query-input\":{\"@type\":\"PropertyValueSpecification\",\"valueRequired\":true,\"valueName\":\"search_term_string\"}}],\"inLanguage\":\"it-IT\"},{\"@type\":\"Organization\",\"@id\":\"https:\\\/\\\/www.organisator.ch\\\/#organization\",\"name\":\"Organisator\",\"url\":\"https:\\\/\\\/www.organisator.ch\\\/\",\"logo\":{\"@type\":\"ImageObject\",\"inLanguage\":\"it-IT\",\"@id\":\"https:\\\/\\\/www.organisator.ch\\\/#\\\/schema\\\/logo\\\/image\\\/\",\"url\":\"https:\\\/\\\/www.organisator.ch\\\/wp-content\\\/uploads\\\/2022\\\/01\\\/Logo_Organisator_Website.png\",\"contentUrl\":\"https:\\\/\\\/www.organisator.ch\\\/wp-content\\\/uploads\\\/2022\\\/01\\\/Logo_Organisator_Website.png\",\"width\":800,\"height\":77,\"caption\":\"Organisator\"},\"image\":{\"@id\":\"https:\\\/\\\/www.organisator.ch\\\/#\\\/schema\\\/logo\\\/image\\\/\"},\"sameAs\":[\"https:\\\/\\\/www.facebook.com\\\/OrganisatorFachmagazin\",\"https:\\\/\\\/www.linkedin.com\\\/showcase\\\/organisator-das-magazin-fr-kmu\",\"https:\\\/\\\/www.xing.com\\\/news\\\/pages\\\/organisator-ch-695\",\"https:\\\/\\\/www.youtube.com\\\/channel\\\/UCGP2Sq0iWaZwT3BdIAQFYpw\"]},{\"@type\":\"Person\",\"@id\":\"https:\\\/\\\/www.organisator.ch\\\/#\\\/schema\\\/person\\\/2e1314a2172123f874db408d8911d3f3\",\"name\":\"Adelisa Kalajdzini\",\"image\":{\"@type\":\"ImageObject\",\"inLanguage\":\"it-IT\",\"@id\":\"https:\\\/\\\/secure.gravatar.com\\\/avatar\\\/09a397c22ac58cad6f160ee8306348599df9df58a8ede73696226897b9fa4b24?s=96&d=mm&r=g\",\"url\":\"https:\\\/\\\/secure.gravatar.com\\\/avatar\\\/09a397c22ac58cad6f160ee8306348599df9df58a8ede73696226897b9fa4b24?s=96&d=mm&r=g\",\"contentUrl\":\"https:\\\/\\\/secure.gravatar.com\\\/avatar\\\/09a397c22ac58cad6f160ee8306348599df9df58a8ede73696226897b9fa4b24?s=96&d=mm&r=g\",\"caption\":\"Adelisa Kalajdzini\"},\"url\":\"https:\\\/\\\/www.organisator.ch\\\/it\\\/author\\\/adelisa-kalajdzini\\\/\"}]}<\/script>\n<!-- \/ Yoast SEO plugin. -->","yoast_head_json":{"title":"CAS universitario in Gestione strategica delle persone e della cultura - Organizzatore","description":"Papilio e l'HSSH stanno lanciando un nuovo programma di formazione completo sulla gestione strategica del personale.","robots":{"index":"index","follow":"follow","max-snippet":"max-snippet:-1","max-image-preview":"max-image-preview:large","max-video-preview":"max-video-preview:-1"},"canonical":"https:\/\/www.organisator.ch\/it\/formazione-continua\/2024-06-26\/universitaeres-cas-in-strategischem-people-culture-management\/","og_locale":"it_IT","og_type":"article","og_title":"Universit\u00e4res CAS in Strategischem People & Culture Management","og_description":"Papilio und das HSSH lancieren ein neues, umfassendes Weiterbildungsangebot im strategischen Personalmanagement.","og_url":"https:\/\/www.organisator.ch\/it\/formazione-continua\/2024-06-26\/universitaeres-cas-in-strategischem-people-culture-management\/","og_site_name":"Organisator","article_publisher":"https:\/\/www.facebook.com\/OrganisatorFachmagazin","article_published_time":"2024-06-26T09:25:21+00:00","article_modified_time":"2024-06-26T09:26:56+00:00","og_image":[{"width":680,"height":474,"url":"https:\/\/www.organisator.ch\/wp-content\/uploads\/2024\/06\/HSSH_Bild1_ps.jpg","type":"image\/jpeg"}],"author":"Adelisa Kalajdzini","twitter_card":"summary_large_image","twitter_title":"Universit\u00e4res CAS in Strategischem People & Culture Management","twitter_description":"#Papilio und das #HSSH lancieren ein neues, umfassendes #Weiterbildungsangebot im strategischen #Personalmanagement.","twitter_image":"https:\/\/www.organisator.ch\/wp-content\/uploads\/2024\/06\/HSSH_Bild1_ps.jpg","schema":{"@context":"https:\/\/schema.org","@graph":[{"@type":"Article","@id":"https:\/\/www.organisator.ch\/weiterbildung\/2024-06-26\/universitaeres-cas-in-strategischem-people-culture-management\/#article","isPartOf":{"@id":"https:\/\/www.organisator.ch\/weiterbildung\/2024-06-26\/universitaeres-cas-in-strategischem-people-culture-management\/"},"author":{"name":"Adelisa Kalajdzini","@id":"https:\/\/www.organisator.ch\/#\/schema\/person\/2e1314a2172123f874db408d8911d3f3"},"headline":"Universit\u00e4res CAS in Strategischem People &#038; Culture Management","datePublished":"2024-06-26T09:25:21+00:00","dateModified":"2024-06-26T09:26:56+00:00","mainEntityOfPage":{"@id":"https:\/\/www.organisator.ch\/weiterbildung\/2024-06-26\/universitaeres-cas-in-strategischem-people-culture-management\/"},"wordCount":375,"publisher":{"@id":"https:\/\/www.organisator.ch\/#organization"},"image":{"@id":"https:\/\/www.organisator.ch\/weiterbildung\/2024-06-26\/universitaeres-cas-in-strategischem-people-culture-management\/#primaryimage"},"thumbnailUrl":"https:\/\/www.organisator.ch\/wp-content\/uploads\/2024\/06\/HSSH_Bild1_ps.jpg","keywords":["Aus-\/Weiterbildung","CAS","Human Resources","Management"],"articleSection":["HUMAN RESOURCES","WEITERBILDUNG"],"inLanguage":"it-IT"},{"@type":"WebPage","@id":"https:\/\/www.organisator.ch\/weiterbildung\/2024-06-26\/universitaeres-cas-in-strategischem-people-culture-management\/","url":"https:\/\/www.organisator.ch\/weiterbildung\/2024-06-26\/universitaeres-cas-in-strategischem-people-culture-management\/","name":"CAS universitario in Gestione strategica delle persone e della cultura - Organizzatore","isPartOf":{"@id":"https:\/\/www.organisator.ch\/#website"},"primaryImageOfPage":{"@id":"https:\/\/www.organisator.ch\/weiterbildung\/2024-06-26\/universitaeres-cas-in-strategischem-people-culture-management\/#primaryimage"},"image":{"@id":"https:\/\/www.organisator.ch\/weiterbildung\/2024-06-26\/universitaeres-cas-in-strategischem-people-culture-management\/#primaryimage"},"thumbnailUrl":"https:\/\/www.organisator.ch\/wp-content\/uploads\/2024\/06\/HSSH_Bild1_ps.jpg","datePublished":"2024-06-26T09:25:21+00:00","dateModified":"2024-06-26T09:26:56+00:00","description":"Papilio e l'HSSH stanno lanciando un nuovo programma di formazione completo sulla gestione strategica del personale.","breadcrumb":{"@id":"https:\/\/www.organisator.ch\/weiterbildung\/2024-06-26\/universitaeres-cas-in-strategischem-people-culture-management\/#breadcrumb"},"inLanguage":"it-IT","potentialAction":[{"@type":"ReadAction","target":["https:\/\/www.organisator.ch\/weiterbildung\/2024-06-26\/universitaeres-cas-in-strategischem-people-culture-management\/"]}]},{"@type":"ImageObject","inLanguage":"it-IT","@id":"https:\/\/www.organisator.ch\/weiterbildung\/2024-06-26\/universitaeres-cas-in-strategischem-people-culture-management\/#primaryimage","url":"https:\/\/www.organisator.ch\/wp-content\/uploads\/2024\/06\/HSSH_Bild1_ps.jpg","contentUrl":"https:\/\/www.organisator.ch\/wp-content\/uploads\/2024\/06\/HSSH_Bild1_ps.jpg","width":680,"height":474,"caption":"Das CAS 'Strategisches People & Culture Management' ist ein Weiterbildungsstudiengang, der sich auf alle Themengebiete rund um das moderne Personalmanagement konzentriert. (Bild: www.depositphotos.com)"},{"@type":"BreadcrumbList","@id":"https:\/\/www.organisator.ch\/weiterbildung\/2024-06-26\/universitaeres-cas-in-strategischem-people-culture-management\/#breadcrumb","itemListElement":[{"@type":"ListItem","position":1,"name":"Home","item":"https:\/\/www.organisator.ch\/"},{"@type":"ListItem","position":2,"name":"Universit\u00e4res CAS in Strategischem People &#038; Culture Management"}]},{"@type":"WebSite","@id":"https:\/\/www.organisator.ch\/#website","url":"https:\/\/www.organisator.ch\/","name":"Organizzatore","description":"Competente. Pratico. In 10 numeri all'anno, ORGANISATOR presenta i temi essenziali per i manager delle PMI.","publisher":{"@id":"https:\/\/www.organisator.ch\/#organization"},"potentialAction":[{"@type":"SearchAction","target":{"@type":"EntryPoint","urlTemplate":"https:\/\/www.organisator.ch\/?s={search_term_string}"},"query-input":{"@type":"PropertyValueSpecification","valueRequired":true,"valueName":"search_term_string"}}],"inLanguage":"it-IT"},{"@type":"Organization","@id":"https:\/\/www.organisator.ch\/#organization","name":"Organizzatore","url":"https:\/\/www.organisator.ch\/","logo":{"@type":"ImageObject","inLanguage":"it-IT","@id":"https:\/\/www.organisator.ch\/#\/schema\/logo\/image\/","url":"https:\/\/www.organisator.ch\/wp-content\/uploads\/2022\/01\/Logo_Organisator_Website.png","contentUrl":"https:\/\/www.organisator.ch\/wp-content\/uploads\/2022\/01\/Logo_Organisator_Website.png","width":800,"height":77,"caption":"Organisator"},"image":{"@id":"https:\/\/www.organisator.ch\/#\/schema\/logo\/image\/"},"sameAs":["https:\/\/www.facebook.com\/OrganisatorFachmagazin","https:\/\/www.linkedin.com\/showcase\/organisator-das-magazin-fr-kmu","https:\/\/www.xing.com\/news\/pages\/organisator-ch-695","https:\/\/www.youtube.com\/channel\/UCGP2Sq0iWaZwT3BdIAQFYpw"]},{"@type":"Person","@id":"https:\/\/www.organisator.ch\/#\/schema\/person\/2e1314a2172123f874db408d8911d3f3","name":"Adelisa Kalajdzini","image":{"@type":"ImageObject","inLanguage":"it-IT","@id":"https:\/\/secure.gravatar.com\/avatar\/09a397c22ac58cad6f160ee8306348599df9df58a8ede73696226897b9fa4b24?s=96&d=mm&r=g","url":"https:\/\/secure.gravatar.com\/avatar\/09a397c22ac58cad6f160ee8306348599df9df58a8ede73696226897b9fa4b24?s=96&d=mm&r=g","contentUrl":"https:\/\/secure.gravatar.com\/avatar\/09a397c22ac58cad6f160ee8306348599df9df58a8ede73696226897b9fa4b24?s=96&d=mm&r=g","caption":"Adelisa Kalajdzini"},"url":"https:\/\/www.organisator.ch\/it\/author\/adelisa-kalajdzini\/"}]}},"_links":{"self":[{"href":"https:\/\/www.organisator.ch\/it\/wp-json\/wp\/v2\/posts\/28024","targetHints":{"allow":["GET"]}}],"collection":[{"href":"https:\/\/www.organisator.ch\/it\/wp-json\/wp\/v2\/posts"}],"about":[{"href":"https:\/\/www.organisator.ch\/it\/wp-json\/wp\/v2\/types\/post"}],"author":[{"embeddable":true,"href":"https:\/\/www.organisator.ch\/it\/wp-json\/wp\/v2\/users\/58"}],"replies":[{"embeddable":true,"href":"https:\/\/www.organisator.ch\/it\/wp-json\/wp\/v2\/comments?post=28024"}],"version-history":[{"count":4,"href":"https:\/\/www.organisator.ch\/it\/wp-json\/wp\/v2\/posts\/28024\/revisions"}],"predecessor-version":[{"id":28067,"href":"https:\/\/www.organisator.ch\/it\/wp-json\/wp\/v2\/posts\/28024\/revisions\/28067"}],"wp:featuredmedia":[{"embeddable":true,"href":"https:\/\/www.organisator.ch\/it\/wp-json\/wp\/v2\/media\/28025"}],"wp:attachment":[{"href":"https:\/\/www.organisator.ch\/it\/wp-json\/wp\/v2\/media?parent=28024"}],"wp:term":[{"taxonomy":"category","embeddable":true,"href":"https:\/\/www.organisator.ch\/it\/wp-json\/wp\/v2\/categories?post=28024"},{"taxonomy":"post_tag","embeddable":true,"href":"https:\/\/www.organisator.ch\/it\/wp-json\/wp\/v2\/tags?post=28024"}],"curies":[{"name":"wp","href":"https:\/\/api.w.org\/{rel}","templated":true}]}}