{"id":28103,"date":"2024-07-01T07:32:08","date_gmt":"2024-07-01T05:32:08","guid":{"rendered":"https:\/\/www.organisator.ch\/?p=28103"},"modified":"2024-06-28T10:32:33","modified_gmt":"2024-06-28T08:32:33","slug":"matthias-keller-wird-neuer-mehrheitseigner-von-autexis","status":"publish","type":"post","link":"https:\/\/www.organisator.ch\/it\/management\/2024-07-01\/matthias-keller-wird-neuer-mehrheitseigner-von-autexis\/","title":{"rendered":"Matthias Keller diventa nuovo azionista di maggioranza di Autexis"},"content":{"rendered":"<figure id=\"attachment_28105\" aria-describedby=\"caption-attachment-28105\" style=\"width: 680px\" class=\"wp-caption alignnone\"><img loading=\"lazy\" decoding=\"async\" class=\"size-full wp-image-28105\" src=\"https:\/\/www.organisator.ch\/wp-content\/uploads\/2024\/06\/Foto_AutexisKKInvest_Bild1_ps.jpg\" alt=\"\" width=\"680\" height=\"510\" srcset=\"https:\/\/www.organisator.ch\/wp-content\/uploads\/2024\/06\/Foto_AutexisKKInvest_Bild1_ps.jpg 680w, https:\/\/www.organisator.ch\/wp-content\/uploads\/2024\/06\/Foto_AutexisKKInvest_Bild1_ps-16x12.jpg 16w, https:\/\/www.organisator.ch\/wp-content\/uploads\/2024\/06\/Foto_AutexisKKInvest_Bild1_ps-375x281.jpg 375w, https:\/\/www.organisator.ch\/wp-content\/uploads\/2024\/06\/Foto_AutexisKKInvest_Bild1_ps-467x350.jpg 467w\" sizes=\"auto, (max-width: 680px) 100vw, 680px\" \/><figcaption id=\"caption-attachment-28105\" class=\"wp-caption-text\">Guidano Autexis verso il futuro: (da sinistra a destra) Patrick Brazzale (CEO Autexis e mesoneer), Matthias Keller (azionista di maggioranza e Presidente del Consiglio di Amministrazione), Philippe Ramseier (fondatore e membro del Consiglio di Amministrazione) e Hansj\u00f6rg Schmidle (CTO). (Immagine: www.autexis.com)<\/figcaption><\/figure>\n<p>Oltre alla sua attivit\u00e0 principale, l'automazione degli impianti di produzione e l'implementazione di sistemi di controllo per i produttori di impianti e macchine, Autexis ha anche una divisione di sviluppo software. Dal giugno 2023, il produttore di software mesoneer, con sede a Wallisellen e altre due sedi in Vietnam, supporta Autexis nello sviluppo della nuova Digital Factory Suite, una soluzione completa per la digitalizzazione dei processi nei settori alimentare, farmaceutico, meccanico e impiantistico. Il Manufacturing Execution System (MES) \u00e8 un driver di crescita per Autexis.<\/p>\n<p>L'azionista di maggioranza di mesoneer \u00e8 l'imprenditore Matthias Keller. Insieme al suo family office KK Invest, sta acquisendo una partecipazione di maggioranza in Autexis. Patrick Brazzale, CEO di mesoneer, diventer\u00e0 il nuovo CEO, rafforzando cos\u00ec la partnership strategica tra le due aziende. Il precedente azionista di maggioranza Philippe Ramseier guider\u00e0 la vendita e lo sviluppo del mercato di Autexis a livello strategico come azionista e membro del Consiglio di Amministrazione. Ha fondato l'azienda in seguito a un management buyout nel 2010, mentre Hansj\u00f6rg Schmidle rimarr\u00e0 azionista e continuer\u00e0 a ricoprire il ruolo di Chief Technology Officer (CTO).<\/p>\n<p>Matthias Keller \u00e8 convinto: \"Con Autexis e mesoneer aiutiamo i nostri clienti a incrementare ulteriormente l'efficienza e la qualit\u00e0 dei processi con soluzioni software intelligenti e quindi a portare avanti la digitalizzazione. L'intensificazione della collaborazione strategica si tradurr\u00e0 in enormi vantaggi per entrambe le aziende e quindi anche per tutti i nostri clienti.\"<\/p>\n<p>Anche l'imprenditore Philippe Ramseier guarda al futuro comune: \"La mia priorit\u00e0 assoluta \u00e8 consolidare la posizione di Autexis come fornitore leader a livello internazionale di soluzioni di automazione e digitalizzazione nel settore. Con mesoneer come consociata, raggiungeremo questo obiettivo ancora pi\u00f9 rapidamente\".<\/p>\n<p><em>Fonte: <a href=\"http:\/\/www.autexis.com\">www.autexis.com<\/a> \u00a0\u00a0\u00a0\u00a0\u00a0\u00a0\u00a0\u00a0\u00a0\u00a0\u00a0\u00a0\u00a0\u00a0\u00a0<\/em><\/p>","protected":false},"excerpt":{"rendered":"<p>Matthias Keller rileva la maggioranza delle azioni di Autexis a Villmergen. Il precedente proprietario principale e fondatore di Autexis, Philippe Ramseier, rimarr\u00e0 membro del Consiglio di amministrazione in qualit\u00e0 di azionista. Patrick Brazzale, che gi\u00e0 gestisce le attivit\u00e0 del produttore di software mesoneer, diventer\u00e0 amministratore delegato. Le due aziende hanno stretto una partnership strategica un anno fa.<\/p>","protected":false},"author":58,"featured_media":28105,"comment_status":"closed","ping_status":"closed","sticky":false,"template":"","format":"standard","meta":{"_acf_changed":false,"_yoast_wpseo_focuskw":"Matthias Keller","_yoast_wpseo_metadesc":"Matthias Keller \u00fcbernimmt die Aktienmehrheit der Autexis. Der bisherige Autexis-Haupteigner und -Gr\u00fcnder Philippe Ramseier bleibt als Aktion\u00e4r Mitglied des Verwaltungsrats.","articlekey":"","footnotes":""},"categories":[28],"tags":[334,492,496],"class_list":["post-28103","post","type-post","status-publish","format-standard","has-post-thumbnail","hentry","category-management","tag-management","tag-unternehmen","tag-unternehmensfuehrung"],"acf":[],"yoast_head":"<!-- This site is optimized with the Yoast SEO plugin v27.4 - https:\/\/yoast.com\/product\/yoast-seo-wordpress\/ -->\n<title>Matthias Keller wird neuer Mehrheitseigner von Autexis - Organisator<\/title>\n<meta name=\"description\" content=\"Matthias Keller \u00fcbernimmt die Aktienmehrheit der Autexis. Der bisherige Autexis-Haupteigner und -Gr\u00fcnder Philippe Ramseier bleibt als Aktion\u00e4r Mitglied des Verwaltungsrats.\" \/>\n<meta name=\"robots\" content=\"index, follow, max-snippet:-1, max-image-preview:large, max-video-preview:-1\" \/>\n<link rel=\"canonical\" href=\"https:\/\/www.organisator.ch\/it\/gestione-2\/2024-07-01\/matthias-keller-wird-neuer-mehrheitseigner-von-autexis\/\" \/>\n<meta property=\"og:locale\" content=\"it_IT\" \/>\n<meta property=\"og:type\" content=\"article\" \/>\n<meta property=\"og:title\" content=\"Matthias Keller wird neuer Mehrheitseigner von Autexis\" \/>\n<meta property=\"og:description\" content=\"Matthias Keller \u00fcbernimmt die Aktienmehrheit der Autexis. Der bisherige Autexis-Haupteigner und -Gr\u00fcnder Philippe Ramseier bleibt als Aktion\u00e4r Mitglied des Verwaltungsrats.\" \/>\n<meta property=\"og:url\" content=\"https:\/\/www.organisator.ch\/it\/gestione-2\/2024-07-01\/matthias-keller-wird-neuer-mehrheitseigner-von-autexis\/\" \/>\n<meta property=\"og:site_name\" content=\"Organisator\" \/>\n<meta property=\"article:publisher\" content=\"https:\/\/www.facebook.com\/OrganisatorFachmagazin\" \/>\n<meta property=\"article:published_time\" content=\"2024-07-01T05:32:08+00:00\" \/>\n<meta property=\"og:image\" content=\"https:\/\/www.organisator.ch\/wp-content\/uploads\/2024\/06\/Foto_AutexisKKInvest_Bild1_ps.jpg\" \/>\n\t<meta property=\"og:image:width\" content=\"680\" \/>\n\t<meta property=\"og:image:height\" content=\"510\" \/>\n\t<meta property=\"og:image:type\" content=\"image\/jpeg\" \/>\n<meta name=\"author\" content=\"Adelisa Kalajdzini\" \/>\n<meta name=\"twitter:card\" content=\"summary_large_image\" \/>\n<meta name=\"twitter:title\" content=\"Matthias Keller wird neuer Mehrheitseigner von Autexis\" \/>\n<meta name=\"twitter:description\" content=\"#Matthias #Keller \u00fcbernimmt die #Aktienmehrheit der #Autexis. Der bisherige Autexis-Haupteigner und -Gr\u00fcnder #Philippe #Ramseier bleibt als Aktion\u00e4r Mitglied des #Verwaltungsrats.\" \/>\n<meta name=\"twitter:image\" content=\"https:\/\/www.organisator.ch\/wp-content\/uploads\/2024\/06\/Foto_AutexisKKInvest_Bild1_ps.jpg\" \/>\n<script type=\"application\/ld+json\" class=\"yoast-schema-graph\">{\"@context\":\"https:\\\/\\\/schema.org\",\"@graph\":[{\"@type\":\"Article\",\"@id\":\"https:\\\/\\\/www.organisator.ch\\\/management\\\/2024-07-01\\\/matthias-keller-wird-neuer-mehrheitseigner-von-autexis\\\/#article\",\"isPartOf\":{\"@id\":\"https:\\\/\\\/www.organisator.ch\\\/management\\\/2024-07-01\\\/matthias-keller-wird-neuer-mehrheitseigner-von-autexis\\\/\"},\"author\":{\"name\":\"Adelisa Kalajdzini\",\"@id\":\"https:\\\/\\\/www.organisator.ch\\\/#\\\/schema\\\/person\\\/2e1314a2172123f874db408d8911d3f3\"},\"headline\":\"Matthias Keller wird neuer Mehrheitseigner von Autexis\",\"datePublished\":\"2024-07-01T05:32:08+00:00\",\"mainEntityOfPage\":{\"@id\":\"https:\\\/\\\/www.organisator.ch\\\/management\\\/2024-07-01\\\/matthias-keller-wird-neuer-mehrheitseigner-von-autexis\\\/\"},\"wordCount\":329,\"publisher\":{\"@id\":\"https:\\\/\\\/www.organisator.ch\\\/#organization\"},\"image\":{\"@id\":\"https:\\\/\\\/www.organisator.ch\\\/management\\\/2024-07-01\\\/matthias-keller-wird-neuer-mehrheitseigner-von-autexis\\\/#primaryimage\"},\"thumbnailUrl\":\"https:\\\/\\\/www.organisator.ch\\\/wp-content\\\/uploads\\\/2024\\\/06\\\/Foto_AutexisKKInvest_Bild1_ps.jpg\",\"keywords\":[\"Management\",\"Unternehmen\",\"Unternehmensf\u00fchrung\"],\"articleSection\":[\"MANAGEMENT\"],\"inLanguage\":\"it-IT\"},{\"@type\":\"WebPage\",\"@id\":\"https:\\\/\\\/www.organisator.ch\\\/management\\\/2024-07-01\\\/matthias-keller-wird-neuer-mehrheitseigner-von-autexis\\\/\",\"url\":\"https:\\\/\\\/www.organisator.ch\\\/management\\\/2024-07-01\\\/matthias-keller-wird-neuer-mehrheitseigner-von-autexis\\\/\",\"name\":\"Matthias Keller wird neuer Mehrheitseigner von Autexis - Organisator\",\"isPartOf\":{\"@id\":\"https:\\\/\\\/www.organisator.ch\\\/#website\"},\"primaryImageOfPage\":{\"@id\":\"https:\\\/\\\/www.organisator.ch\\\/management\\\/2024-07-01\\\/matthias-keller-wird-neuer-mehrheitseigner-von-autexis\\\/#primaryimage\"},\"image\":{\"@id\":\"https:\\\/\\\/www.organisator.ch\\\/management\\\/2024-07-01\\\/matthias-keller-wird-neuer-mehrheitseigner-von-autexis\\\/#primaryimage\"},\"thumbnailUrl\":\"https:\\\/\\\/www.organisator.ch\\\/wp-content\\\/uploads\\\/2024\\\/06\\\/Foto_AutexisKKInvest_Bild1_ps.jpg\",\"datePublished\":\"2024-07-01T05:32:08+00:00\",\"description\":\"Matthias Keller \u00fcbernimmt die Aktienmehrheit der Autexis. Der bisherige Autexis-Haupteigner und -Gr\u00fcnder Philippe Ramseier bleibt als Aktion\u00e4r Mitglied des Verwaltungsrats.\",\"breadcrumb\":{\"@id\":\"https:\\\/\\\/www.organisator.ch\\\/management\\\/2024-07-01\\\/matthias-keller-wird-neuer-mehrheitseigner-von-autexis\\\/#breadcrumb\"},\"inLanguage\":\"it-IT\",\"potentialAction\":[{\"@type\":\"ReadAction\",\"target\":[\"https:\\\/\\\/www.organisator.ch\\\/management\\\/2024-07-01\\\/matthias-keller-wird-neuer-mehrheitseigner-von-autexis\\\/\"]}]},{\"@type\":\"ImageObject\",\"inLanguage\":\"it-IT\",\"@id\":\"https:\\\/\\\/www.organisator.ch\\\/management\\\/2024-07-01\\\/matthias-keller-wird-neuer-mehrheitseigner-von-autexis\\\/#primaryimage\",\"url\":\"https:\\\/\\\/www.organisator.ch\\\/wp-content\\\/uploads\\\/2024\\\/06\\\/Foto_AutexisKKInvest_Bild1_ps.jpg\",\"contentUrl\":\"https:\\\/\\\/www.organisator.ch\\\/wp-content\\\/uploads\\\/2024\\\/06\\\/Foto_AutexisKKInvest_Bild1_ps.jpg\",\"width\":680,\"height\":510,\"caption\":\"Sie f\u00fchren die Autexis in die Zukunft: (v. l. n. r.) Patrick Brazzale (CEO Autexis und mesoneer), Matthias Keller (Mehrheitsaktion\u00e4r und Verwaltungsratspr\u00e4sident), Philippe Ramseier (Gr\u00fcnder und Mitglied des Verwaltungsrats) und Hansj\u00f6rg Schmidle (CTO). (Bild: www.autexis.com)\"},{\"@type\":\"BreadcrumbList\",\"@id\":\"https:\\\/\\\/www.organisator.ch\\\/management\\\/2024-07-01\\\/matthias-keller-wird-neuer-mehrheitseigner-von-autexis\\\/#breadcrumb\",\"itemListElement\":[{\"@type\":\"ListItem\",\"position\":1,\"name\":\"Home\",\"item\":\"https:\\\/\\\/www.organisator.ch\\\/\"},{\"@type\":\"ListItem\",\"position\":2,\"name\":\"Matthias Keller wird neuer Mehrheitseigner von Autexis\"}]},{\"@type\":\"WebSite\",\"@id\":\"https:\\\/\\\/www.organisator.ch\\\/#website\",\"url\":\"https:\\\/\\\/www.organisator.ch\\\/\",\"name\":\"Organisator\",\"description\":\"Kompetent. Praxisnah. Der ORGANISATOR bereitet in 10 Ausgaben pro Jahr die wesentlichen Themen f\u00fcr F\u00fchrungskr\u00e4fte von KMU auf.\",\"publisher\":{\"@id\":\"https:\\\/\\\/www.organisator.ch\\\/#organization\"},\"potentialAction\":[{\"@type\":\"SearchAction\",\"target\":{\"@type\":\"EntryPoint\",\"urlTemplate\":\"https:\\\/\\\/www.organisator.ch\\\/?s={search_term_string}\"},\"query-input\":{\"@type\":\"PropertyValueSpecification\",\"valueRequired\":true,\"valueName\":\"search_term_string\"}}],\"inLanguage\":\"it-IT\"},{\"@type\":\"Organization\",\"@id\":\"https:\\\/\\\/www.organisator.ch\\\/#organization\",\"name\":\"Organisator\",\"url\":\"https:\\\/\\\/www.organisator.ch\\\/\",\"logo\":{\"@type\":\"ImageObject\",\"inLanguage\":\"it-IT\",\"@id\":\"https:\\\/\\\/www.organisator.ch\\\/#\\\/schema\\\/logo\\\/image\\\/\",\"url\":\"https:\\\/\\\/www.organisator.ch\\\/wp-content\\\/uploads\\\/2022\\\/01\\\/Logo_Organisator_Website.png\",\"contentUrl\":\"https:\\\/\\\/www.organisator.ch\\\/wp-content\\\/uploads\\\/2022\\\/01\\\/Logo_Organisator_Website.png\",\"width\":800,\"height\":77,\"caption\":\"Organisator\"},\"image\":{\"@id\":\"https:\\\/\\\/www.organisator.ch\\\/#\\\/schema\\\/logo\\\/image\\\/\"},\"sameAs\":[\"https:\\\/\\\/www.facebook.com\\\/OrganisatorFachmagazin\",\"https:\\\/\\\/www.linkedin.com\\\/showcase\\\/organisator-das-magazin-fr-kmu\",\"https:\\\/\\\/www.xing.com\\\/news\\\/pages\\\/organisator-ch-695\",\"https:\\\/\\\/www.youtube.com\\\/channel\\\/UCGP2Sq0iWaZwT3BdIAQFYpw\"]},{\"@type\":\"Person\",\"@id\":\"https:\\\/\\\/www.organisator.ch\\\/#\\\/schema\\\/person\\\/2e1314a2172123f874db408d8911d3f3\",\"name\":\"Adelisa Kalajdzini\",\"image\":{\"@type\":\"ImageObject\",\"inLanguage\":\"it-IT\",\"@id\":\"https:\\\/\\\/secure.gravatar.com\\\/avatar\\\/09a397c22ac58cad6f160ee8306348599df9df58a8ede73696226897b9fa4b24?s=96&d=mm&r=g\",\"url\":\"https:\\\/\\\/secure.gravatar.com\\\/avatar\\\/09a397c22ac58cad6f160ee8306348599df9df58a8ede73696226897b9fa4b24?s=96&d=mm&r=g\",\"contentUrl\":\"https:\\\/\\\/secure.gravatar.com\\\/avatar\\\/09a397c22ac58cad6f160ee8306348599df9df58a8ede73696226897b9fa4b24?s=96&d=mm&r=g\",\"caption\":\"Adelisa Kalajdzini\"},\"url\":\"https:\\\/\\\/www.organisator.ch\\\/it\\\/author\\\/adelisa-kalajdzini\\\/\"}]}<\/script>\n<!-- \/ Yoast SEO plugin. -->","yoast_head_json":{"title":"Matthias Keller diventa nuovo azionista di maggioranza di Autexis - Organizzatore","description":"Matthias Keller rileva la maggioranza delle azioni di Autexis. Il precedente proprietario principale e fondatore di Autexis, Philippe Ramseier, rimane membro del Consiglio di Amministrazione in qualit\u00e0 di azionista.","robots":{"index":"index","follow":"follow","max-snippet":"max-snippet:-1","max-image-preview":"max-image-preview:large","max-video-preview":"max-video-preview:-1"},"canonical":"https:\/\/www.organisator.ch\/it\/gestione-2\/2024-07-01\/matthias-keller-wird-neuer-mehrheitseigner-von-autexis\/","og_locale":"it_IT","og_type":"article","og_title":"Matthias Keller wird neuer Mehrheitseigner von Autexis","og_description":"Matthias Keller \u00fcbernimmt die Aktienmehrheit der Autexis. Der bisherige Autexis-Haupteigner und -Gr\u00fcnder Philippe Ramseier bleibt als Aktion\u00e4r Mitglied des Verwaltungsrats.","og_url":"https:\/\/www.organisator.ch\/it\/gestione-2\/2024-07-01\/matthias-keller-wird-neuer-mehrheitseigner-von-autexis\/","og_site_name":"Organisator","article_publisher":"https:\/\/www.facebook.com\/OrganisatorFachmagazin","article_published_time":"2024-07-01T05:32:08+00:00","og_image":[{"width":680,"height":510,"url":"https:\/\/www.organisator.ch\/wp-content\/uploads\/2024\/06\/Foto_AutexisKKInvest_Bild1_ps.jpg","type":"image\/jpeg"}],"author":"Adelisa Kalajdzini","twitter_card":"summary_large_image","twitter_title":"Matthias Keller wird neuer Mehrheitseigner von Autexis","twitter_description":"#Matthias #Keller \u00fcbernimmt die #Aktienmehrheit der #Autexis. Der bisherige Autexis-Haupteigner und -Gr\u00fcnder #Philippe #Ramseier bleibt als Aktion\u00e4r Mitglied des #Verwaltungsrats.","twitter_image":"https:\/\/www.organisator.ch\/wp-content\/uploads\/2024\/06\/Foto_AutexisKKInvest_Bild1_ps.jpg","schema":{"@context":"https:\/\/schema.org","@graph":[{"@type":"Article","@id":"https:\/\/www.organisator.ch\/management\/2024-07-01\/matthias-keller-wird-neuer-mehrheitseigner-von-autexis\/#article","isPartOf":{"@id":"https:\/\/www.organisator.ch\/management\/2024-07-01\/matthias-keller-wird-neuer-mehrheitseigner-von-autexis\/"},"author":{"name":"Adelisa Kalajdzini","@id":"https:\/\/www.organisator.ch\/#\/schema\/person\/2e1314a2172123f874db408d8911d3f3"},"headline":"Matthias Keller wird neuer Mehrheitseigner von Autexis","datePublished":"2024-07-01T05:32:08+00:00","mainEntityOfPage":{"@id":"https:\/\/www.organisator.ch\/management\/2024-07-01\/matthias-keller-wird-neuer-mehrheitseigner-von-autexis\/"},"wordCount":329,"publisher":{"@id":"https:\/\/www.organisator.ch\/#organization"},"image":{"@id":"https:\/\/www.organisator.ch\/management\/2024-07-01\/matthias-keller-wird-neuer-mehrheitseigner-von-autexis\/#primaryimage"},"thumbnailUrl":"https:\/\/www.organisator.ch\/wp-content\/uploads\/2024\/06\/Foto_AutexisKKInvest_Bild1_ps.jpg","keywords":["Management","Unternehmen","Unternehmensf\u00fchrung"],"articleSection":["MANAGEMENT"],"inLanguage":"it-IT"},{"@type":"WebPage","@id":"https:\/\/www.organisator.ch\/management\/2024-07-01\/matthias-keller-wird-neuer-mehrheitseigner-von-autexis\/","url":"https:\/\/www.organisator.ch\/management\/2024-07-01\/matthias-keller-wird-neuer-mehrheitseigner-von-autexis\/","name":"Matthias Keller diventa nuovo azionista di maggioranza di Autexis - Organizzatore","isPartOf":{"@id":"https:\/\/www.organisator.ch\/#website"},"primaryImageOfPage":{"@id":"https:\/\/www.organisator.ch\/management\/2024-07-01\/matthias-keller-wird-neuer-mehrheitseigner-von-autexis\/#primaryimage"},"image":{"@id":"https:\/\/www.organisator.ch\/management\/2024-07-01\/matthias-keller-wird-neuer-mehrheitseigner-von-autexis\/#primaryimage"},"thumbnailUrl":"https:\/\/www.organisator.ch\/wp-content\/uploads\/2024\/06\/Foto_AutexisKKInvest_Bild1_ps.jpg","datePublished":"2024-07-01T05:32:08+00:00","description":"Matthias Keller rileva la maggioranza delle azioni di Autexis. Il precedente proprietario principale e fondatore di Autexis, Philippe Ramseier, rimane membro del Consiglio di Amministrazione in qualit\u00e0 di azionista.","breadcrumb":{"@id":"https:\/\/www.organisator.ch\/management\/2024-07-01\/matthias-keller-wird-neuer-mehrheitseigner-von-autexis\/#breadcrumb"},"inLanguage":"it-IT","potentialAction":[{"@type":"ReadAction","target":["https:\/\/www.organisator.ch\/management\/2024-07-01\/matthias-keller-wird-neuer-mehrheitseigner-von-autexis\/"]}]},{"@type":"ImageObject","inLanguage":"it-IT","@id":"https:\/\/www.organisator.ch\/management\/2024-07-01\/matthias-keller-wird-neuer-mehrheitseigner-von-autexis\/#primaryimage","url":"https:\/\/www.organisator.ch\/wp-content\/uploads\/2024\/06\/Foto_AutexisKKInvest_Bild1_ps.jpg","contentUrl":"https:\/\/www.organisator.ch\/wp-content\/uploads\/2024\/06\/Foto_AutexisKKInvest_Bild1_ps.jpg","width":680,"height":510,"caption":"Sie f\u00fchren die Autexis in die Zukunft: (v. l. n. r.) Patrick Brazzale (CEO Autexis und mesoneer), Matthias Keller (Mehrheitsaktion\u00e4r und Verwaltungsratspr\u00e4sident), Philippe Ramseier (Gr\u00fcnder und Mitglied des Verwaltungsrats) und Hansj\u00f6rg Schmidle (CTO). (Bild: www.autexis.com)"},{"@type":"BreadcrumbList","@id":"https:\/\/www.organisator.ch\/management\/2024-07-01\/matthias-keller-wird-neuer-mehrheitseigner-von-autexis\/#breadcrumb","itemListElement":[{"@type":"ListItem","position":1,"name":"Home","item":"https:\/\/www.organisator.ch\/"},{"@type":"ListItem","position":2,"name":"Matthias Keller wird neuer Mehrheitseigner von Autexis"}]},{"@type":"WebSite","@id":"https:\/\/www.organisator.ch\/#website","url":"https:\/\/www.organisator.ch\/","name":"Organizzatore","description":"Competente. Pratico. In 10 numeri all'anno, ORGANISATOR presenta i temi essenziali per i manager delle PMI.","publisher":{"@id":"https:\/\/www.organisator.ch\/#organization"},"potentialAction":[{"@type":"SearchAction","target":{"@type":"EntryPoint","urlTemplate":"https:\/\/www.organisator.ch\/?s={search_term_string}"},"query-input":{"@type":"PropertyValueSpecification","valueRequired":true,"valueName":"search_term_string"}}],"inLanguage":"it-IT"},{"@type":"Organization","@id":"https:\/\/www.organisator.ch\/#organization","name":"Organizzatore","url":"https:\/\/www.organisator.ch\/","logo":{"@type":"ImageObject","inLanguage":"it-IT","@id":"https:\/\/www.organisator.ch\/#\/schema\/logo\/image\/","url":"https:\/\/www.organisator.ch\/wp-content\/uploads\/2022\/01\/Logo_Organisator_Website.png","contentUrl":"https:\/\/www.organisator.ch\/wp-content\/uploads\/2022\/01\/Logo_Organisator_Website.png","width":800,"height":77,"caption":"Organisator"},"image":{"@id":"https:\/\/www.organisator.ch\/#\/schema\/logo\/image\/"},"sameAs":["https:\/\/www.facebook.com\/OrganisatorFachmagazin","https:\/\/www.linkedin.com\/showcase\/organisator-das-magazin-fr-kmu","https:\/\/www.xing.com\/news\/pages\/organisator-ch-695","https:\/\/www.youtube.com\/channel\/UCGP2Sq0iWaZwT3BdIAQFYpw"]},{"@type":"Person","@id":"https:\/\/www.organisator.ch\/#\/schema\/person\/2e1314a2172123f874db408d8911d3f3","name":"Adelisa Kalajdzini","image":{"@type":"ImageObject","inLanguage":"it-IT","@id":"https:\/\/secure.gravatar.com\/avatar\/09a397c22ac58cad6f160ee8306348599df9df58a8ede73696226897b9fa4b24?s=96&d=mm&r=g","url":"https:\/\/secure.gravatar.com\/avatar\/09a397c22ac58cad6f160ee8306348599df9df58a8ede73696226897b9fa4b24?s=96&d=mm&r=g","contentUrl":"https:\/\/secure.gravatar.com\/avatar\/09a397c22ac58cad6f160ee8306348599df9df58a8ede73696226897b9fa4b24?s=96&d=mm&r=g","caption":"Adelisa Kalajdzini"},"url":"https:\/\/www.organisator.ch\/it\/author\/adelisa-kalajdzini\/"}]}},"_links":{"self":[{"href":"https:\/\/www.organisator.ch\/it\/wp-json\/wp\/v2\/posts\/28103","targetHints":{"allow":["GET"]}}],"collection":[{"href":"https:\/\/www.organisator.ch\/it\/wp-json\/wp\/v2\/posts"}],"about":[{"href":"https:\/\/www.organisator.ch\/it\/wp-json\/wp\/v2\/types\/post"}],"author":[{"embeddable":true,"href":"https:\/\/www.organisator.ch\/it\/wp-json\/wp\/v2\/users\/58"}],"replies":[{"embeddable":true,"href":"https:\/\/www.organisator.ch\/it\/wp-json\/wp\/v2\/comments?post=28103"}],"version-history":[{"count":5,"href":"https:\/\/www.organisator.ch\/it\/wp-json\/wp\/v2\/posts\/28103\/revisions"}],"predecessor-version":[{"id":28153,"href":"https:\/\/www.organisator.ch\/it\/wp-json\/wp\/v2\/posts\/28103\/revisions\/28153"}],"wp:featuredmedia":[{"embeddable":true,"href":"https:\/\/www.organisator.ch\/it\/wp-json\/wp\/v2\/media\/28105"}],"wp:attachment":[{"href":"https:\/\/www.organisator.ch\/it\/wp-json\/wp\/v2\/media?parent=28103"}],"wp:term":[{"taxonomy":"category","embeddable":true,"href":"https:\/\/www.organisator.ch\/it\/wp-json\/wp\/v2\/categories?post=28103"},{"taxonomy":"post_tag","embeddable":true,"href":"https:\/\/www.organisator.ch\/it\/wp-json\/wp\/v2\/tags?post=28103"}],"curies":[{"name":"wp","href":"https:\/\/api.w.org\/{rel}","templated":true}]}}