{"id":28124,"date":"2024-07-01T02:46:08","date_gmt":"2024-07-01T00:46:08","guid":{"rendered":"https:\/\/www.werbewoche.ch\/?p=217374"},"modified":"2024-11-10T08:52:01","modified_gmt":"2024-11-10T07:52:01","slug":"neuer-praesident-und-neuer-vorstand-fuer-swiss-marketing","status":"publish","type":"post","link":"https:\/\/www.organisator.ch\/it\/marketing\/2024-07-01\/neuer-praesident-und-neuer-vorstand-fuer-swiss-marketing\/","title":{"rendered":"Nuovo presidente e nuovo consiglio di amministrazione per Swiss Marketing"},"content":{"rendered":"<figure id=\"attachment_217375\" class=\"wp-caption aligncenter\" style=\"width: 1200px\" aria-describedby=\"caption-attachment-217375\"><img class=\"aligncenter wp-image-217375 size-full\" src=\"https:\/\/www.werbewoche.ch\/wp-content\/uploads\/2024\/06\/Swiss-Marketing-Praesident-Vorstand.jpg\" alt=\"Consiglio di marketing svizzero 2024\" width=\"1200\" height=\"899\" \/>\r\n<figcaption id=\"caption-attachment-217375\" class=\"wp-caption-text\">(Immagine: zVg.)<\/figcaption>\r\n<\/figure>\r\n<p>Una ventata di novit\u00e0 per Swiss Marketing: tre nuovi membri e quattro membri esistenti saranno eletti alla guida dell'associazione professionale e di categoria in occasione dell'Assemblea dei delegati del 2024. Marco Ancora e Ubaldo Piccone sono stati eletti membri del Consiglio di Amministrazione e Chris Pozzoli nuovo Presidente del Consiglio di Amministrazione. Simon Albisser, Katharina M\u00e4der, Dietger L\u00f6ffler e Beat Schlumpf sono stati rieletti.<\/p>\r\n<p>Le nuove elezioni porteranno a una nuova combinazione di dirigenti alla guida dell'associazione. Insieme, il CC appena costituito, il nuovo presidente Chris Pozzoli e il nuovo direttore generale Jan Maurer porteranno avanti l'attuazione della nuova strategia dell'associazione.<\/p>\r\n<p>L'obiettivo principale dei prossimi anni \u00e8 quello di standardizzare l'organizzazione dell'associazione e creare una gamma di prodotti e servizi su misura per le esigenze del mercato. Ci\u00f2 significa anche una maggiore collaborazione con le varie regioni, con lo ZV che assumer\u00e0 un'importante funzione di ponte.<\/p>\r\n<p>La stretta collaborazione tra tutte le parti interessate \u00e8 quindi il pilastro centrale dell'orientamento a lungo termine dell'associazione. L'obiettivo \u00e8 quello di creare un ecosistema proficuo tra club, scuole, aziende, sponsor e membri in cui si possano creare e utilizzare sinergie. Questo \u00e8 importante affinch\u00e9 Swiss Marketing possa rimanere agile e fornire ai suoi membri un'offerta rilevante e attraente\", spiega Chris Pozzoli, nuovo presidente di Swiss Marketing.<\/p>\r\n<p>Il Consiglio di Amministrazione di Swiss Marketing \u00e8 ora composto dai seguenti membri: Simon Albisser (rieletto), Marco Ancora (nuovo), Dietger L\u00f6ffler (rieletto), Katharina M\u00e4der (rieletta), Ubaldo Piccone (nuovo) e Beat Schlumpf (rieletto). Chris Pozzoli (nuovo) sar\u00e0 il Presidente del Consiglio di amministrazione. Il Consiglio di amministrazione lavorer\u00e0 a stretto contatto con Jan Maurer, che dirige le attivit\u00e0 operative di Swiss Marketing in qualit\u00e0 di Amministratore delegato.<\/p>","protected":false},"excerpt":{"rendered":"<p>Dopo la nomina di un nuovo direttore generale, l'associazione professionale e di categoria Swiss Marketing ha ora anche nuovi volti nel suo Consiglio centrale (ZV). Marco Ancora e Ubaldo Piccone sono entrati a far parte del Consiglio Centrale e Chris Pozzoli \u00e8 stato eletto nuovo Presidente del Consiglio Centrale.<\/p>","protected":false},"author":8,"featured_media":0,"comment_status":"closed","ping_status":"closed","sticky":false,"template":"","format":"standard","meta":{"_acf_changed":false,"_yoast_wpseo_focuskw":"Swiss Marketing Vorstand 2024","_yoast_wpseo_metadesc":"Swiss Marketing w\u00e4hlt neuen Vorstand: Chris Pozzoli Pr\u00e4sident, Jan Maurer Gesch\u00e4ftsf\u00fchrer. Fokus auf einheitliche Organisation.","articlekey":"","footnotes":""},"categories":[29],"tags":[339,2809],"class_list":["post-28124","post","type-post","status-publish","format-standard","hentry","category-marketing","tag-marketing","tag-swiss-marketing"],"acf":[],"yoast_head":"<!-- This site is optimized with the Yoast SEO plugin v27.5 - https:\/\/yoast.com\/product\/yoast-seo-wordpress\/ -->\n<title>Neuer Pr\u00e4sident und neuer Vorstand f\u00fcr Swiss Marketing - Organisator<\/title>\n<meta name=\"description\" content=\"Swiss Marketing w\u00e4hlt neuen Vorstand: Chris Pozzoli Pr\u00e4sident, Jan Maurer Gesch\u00e4ftsf\u00fchrer. Fokus auf einheitliche Organisation.\" \/>\n<meta name=\"robots\" content=\"index, follow, max-snippet:-1, max-image-preview:large, max-video-preview:-1\" \/>\n<link rel=\"canonical\" href=\"https:\/\/www.organisator.ch\/it\/marketing\/2024-07-01\/neuer-praesident-und-neuer-vorstand-fuer-swiss-marketing\/\" \/>\n<meta property=\"og:locale\" content=\"it_IT\" \/>\n<meta property=\"og:type\" content=\"article\" \/>\n<meta property=\"og:title\" content=\"Neuer Pr\u00e4sident und neuer Vorstand f\u00fcr Swiss Marketing - Organisator\" \/>\n<meta property=\"og:description\" content=\"Swiss Marketing w\u00e4hlt neuen Vorstand: Chris Pozzoli Pr\u00e4sident, Jan Maurer Gesch\u00e4ftsf\u00fchrer. Fokus auf einheitliche Organisation.\" \/>\n<meta property=\"og:url\" content=\"https:\/\/www.organisator.ch\/it\/marketing\/2024-07-01\/neuer-praesident-und-neuer-vorstand-fuer-swiss-marketing\/\" \/>\n<meta property=\"og:site_name\" content=\"Organisator\" \/>\n<meta property=\"article:publisher\" content=\"https:\/\/www.facebook.com\/OrganisatorFachmagazin\" \/>\n<meta property=\"article:published_time\" content=\"2024-07-01T00:46:08+00:00\" \/>\n<meta property=\"article:modified_time\" content=\"2024-11-10T07:52:01+00:00\" \/>\n<meta property=\"og:image\" content=\"https:\/\/www.werbewoche.ch\/wp-content\/uploads\/2024\/06\/Swiss-Marketing-Praesident-Vorstand.jpg\" \/>\n<meta name=\"author\" content=\"galledia\" \/>\n<meta name=\"twitter:card\" content=\"summary_large_image\" \/>\n<meta name=\"twitter:creator\" content=\"@admin\" \/>\n<script type=\"application\/ld+json\" class=\"yoast-schema-graph\">{\"@context\":\"https:\\\/\\\/schema.org\",\"@graph\":[{\"@type\":\"Article\",\"@id\":\"https:\\\/\\\/www.organisator.ch\\\/marketing\\\/2024-07-01\\\/neuer-praesident-und-neuer-vorstand-fuer-swiss-marketing\\\/#article\",\"isPartOf\":{\"@id\":\"https:\\\/\\\/www.organisator.ch\\\/marketing\\\/2024-07-01\\\/neuer-praesident-und-neuer-vorstand-fuer-swiss-marketing\\\/\"},\"author\":{\"name\":\"galledia\",\"@id\":\"https:\\\/\\\/www.organisator.ch\\\/#\\\/schema\\\/person\\\/4e51799071cd2dd1232ac003643ef5f0\"},\"headline\":\"Neuer Pr\u00e4sident und neuer Vorstand f\u00fcr Swiss Marketing\",\"datePublished\":\"2024-07-01T00:46:08+00:00\",\"dateModified\":\"2024-11-10T07:52:01+00:00\",\"mainEntityOfPage\":{\"@id\":\"https:\\\/\\\/www.organisator.ch\\\/marketing\\\/2024-07-01\\\/neuer-praesident-und-neuer-vorstand-fuer-swiss-marketing\\\/\"},\"wordCount\":288,\"publisher\":{\"@id\":\"https:\\\/\\\/www.organisator.ch\\\/#organization\"},\"image\":{\"@id\":\"https:\\\/\\\/www.organisator.ch\\\/marketing\\\/2024-07-01\\\/neuer-praesident-und-neuer-vorstand-fuer-swiss-marketing\\\/#primaryimage\"},\"thumbnailUrl\":\"https:\\\/\\\/www.werbewoche.ch\\\/wp-content\\\/uploads\\\/2024\\\/06\\\/Swiss-Marketing-Praesident-Vorstand.jpg\",\"keywords\":[\"Marketing\",\"Swiss Marketing\"],\"articleSection\":[\"MARKETING\"],\"inLanguage\":\"it-IT\"},{\"@type\":\"WebPage\",\"@id\":\"https:\\\/\\\/www.organisator.ch\\\/marketing\\\/2024-07-01\\\/neuer-praesident-und-neuer-vorstand-fuer-swiss-marketing\\\/\",\"url\":\"https:\\\/\\\/www.organisator.ch\\\/marketing\\\/2024-07-01\\\/neuer-praesident-und-neuer-vorstand-fuer-swiss-marketing\\\/\",\"name\":\"Neuer Pr\u00e4sident und neuer Vorstand f\u00fcr Swiss Marketing - Organisator\",\"isPartOf\":{\"@id\":\"https:\\\/\\\/www.organisator.ch\\\/#website\"},\"primaryImageOfPage\":{\"@id\":\"https:\\\/\\\/www.organisator.ch\\\/marketing\\\/2024-07-01\\\/neuer-praesident-und-neuer-vorstand-fuer-swiss-marketing\\\/#primaryimage\"},\"image\":{\"@id\":\"https:\\\/\\\/www.organisator.ch\\\/marketing\\\/2024-07-01\\\/neuer-praesident-und-neuer-vorstand-fuer-swiss-marketing\\\/#primaryimage\"},\"thumbnailUrl\":\"https:\\\/\\\/www.werbewoche.ch\\\/wp-content\\\/uploads\\\/2024\\\/06\\\/Swiss-Marketing-Praesident-Vorstand.jpg\",\"datePublished\":\"2024-07-01T00:46:08+00:00\",\"dateModified\":\"2024-11-10T07:52:01+00:00\",\"description\":\"Swiss Marketing w\u00e4hlt neuen Vorstand: Chris Pozzoli Pr\u00e4sident, Jan Maurer Gesch\u00e4ftsf\u00fchrer. Fokus auf einheitliche Organisation.\",\"breadcrumb\":{\"@id\":\"https:\\\/\\\/www.organisator.ch\\\/marketing\\\/2024-07-01\\\/neuer-praesident-und-neuer-vorstand-fuer-swiss-marketing\\\/#breadcrumb\"},\"inLanguage\":\"it-IT\",\"potentialAction\":[{\"@type\":\"ReadAction\",\"target\":[\"https:\\\/\\\/www.organisator.ch\\\/marketing\\\/2024-07-01\\\/neuer-praesident-und-neuer-vorstand-fuer-swiss-marketing\\\/\"]}]},{\"@type\":\"ImageObject\",\"inLanguage\":\"it-IT\",\"@id\":\"https:\\\/\\\/www.organisator.ch\\\/marketing\\\/2024-07-01\\\/neuer-praesident-und-neuer-vorstand-fuer-swiss-marketing\\\/#primaryimage\",\"url\":\"https:\\\/\\\/www.werbewoche.ch\\\/wp-content\\\/uploads\\\/2024\\\/06\\\/Swiss-Marketing-Praesident-Vorstand.jpg\",\"contentUrl\":\"https:\\\/\\\/www.werbewoche.ch\\\/wp-content\\\/uploads\\\/2024\\\/06\\\/Swiss-Marketing-Praesident-Vorstand.jpg\"},{\"@type\":\"BreadcrumbList\",\"@id\":\"https:\\\/\\\/www.organisator.ch\\\/marketing\\\/2024-07-01\\\/neuer-praesident-und-neuer-vorstand-fuer-swiss-marketing\\\/#breadcrumb\",\"itemListElement\":[{\"@type\":\"ListItem\",\"position\":1,\"name\":\"Home\",\"item\":\"https:\\\/\\\/www.organisator.ch\\\/\"},{\"@type\":\"ListItem\",\"position\":2,\"name\":\"Neuer Pr\u00e4sident und neuer Vorstand f\u00fcr Swiss Marketing\"}]},{\"@type\":\"WebSite\",\"@id\":\"https:\\\/\\\/www.organisator.ch\\\/#website\",\"url\":\"https:\\\/\\\/www.organisator.ch\\\/\",\"name\":\"Organisator\",\"description\":\"Kompetent. Praxisnah. Der ORGANISATOR bereitet in 10 Ausgaben pro Jahr die wesentlichen Themen f\u00fcr F\u00fchrungskr\u00e4fte von KMU auf.\",\"publisher\":{\"@id\":\"https:\\\/\\\/www.organisator.ch\\\/#organization\"},\"potentialAction\":[{\"@type\":\"SearchAction\",\"target\":{\"@type\":\"EntryPoint\",\"urlTemplate\":\"https:\\\/\\\/www.organisator.ch\\\/?s={search_term_string}\"},\"query-input\":{\"@type\":\"PropertyValueSpecification\",\"valueRequired\":true,\"valueName\":\"search_term_string\"}}],\"inLanguage\":\"it-IT\"},{\"@type\":\"Organization\",\"@id\":\"https:\\\/\\\/www.organisator.ch\\\/#organization\",\"name\":\"Organisator\",\"url\":\"https:\\\/\\\/www.organisator.ch\\\/\",\"logo\":{\"@type\":\"ImageObject\",\"inLanguage\":\"it-IT\",\"@id\":\"https:\\\/\\\/www.organisator.ch\\\/#\\\/schema\\\/logo\\\/image\\\/\",\"url\":\"https:\\\/\\\/www.organisator.ch\\\/wp-content\\\/uploads\\\/2022\\\/01\\\/Logo_Organisator_Website.png\",\"contentUrl\":\"https:\\\/\\\/www.organisator.ch\\\/wp-content\\\/uploads\\\/2022\\\/01\\\/Logo_Organisator_Website.png\",\"width\":800,\"height\":77,\"caption\":\"Organisator\"},\"image\":{\"@id\":\"https:\\\/\\\/www.organisator.ch\\\/#\\\/schema\\\/logo\\\/image\\\/\"},\"sameAs\":[\"https:\\\/\\\/www.facebook.com\\\/OrganisatorFachmagazin\",\"https:\\\/\\\/www.linkedin.com\\\/showcase\\\/organisator-das-magazin-fr-kmu\",\"https:\\\/\\\/www.xing.com\\\/news\\\/pages\\\/organisator-ch-695\",\"https:\\\/\\\/www.youtube.com\\\/channel\\\/UCGP2Sq0iWaZwT3BdIAQFYpw\"]},{\"@type\":\"Person\",\"@id\":\"https:\\\/\\\/www.organisator.ch\\\/#\\\/schema\\\/person\\\/4e51799071cd2dd1232ac003643ef5f0\",\"name\":\"galledia\",\"image\":{\"@type\":\"ImageObject\",\"inLanguage\":\"it-IT\",\"@id\":\"https:\\\/\\\/secure.gravatar.com\\\/avatar\\\/78a7f90c01fc2bfc875782a0d4922b37cde2cf184ce347b91316d23cd7f69a36?s=96&d=mm&r=g\",\"url\":\"https:\\\/\\\/secure.gravatar.com\\\/avatar\\\/78a7f90c01fc2bfc875782a0d4922b37cde2cf184ce347b91316d23cd7f69a36?s=96&d=mm&r=g\",\"contentUrl\":\"https:\\\/\\\/secure.gravatar.com\\\/avatar\\\/78a7f90c01fc2bfc875782a0d4922b37cde2cf184ce347b91316d23cd7f69a36?s=96&d=mm&r=g\",\"caption\":\"galledia\"},\"sameAs\":[\"https:\\\/\\\/x.com\\\/admin\"],\"url\":\"https:\\\/\\\/www.organisator.ch\\\/it\\\/author\\\/galledia\\\/\"}]}<\/script>\n<!-- \/ Yoast SEO plugin. -->","yoast_head_json":{"title":"Nuovo presidente e nuovo consiglio di amministrazione per Swiss Marketing - Organizzatore","description":"Swiss Marketing elegge il nuovo Consiglio di amministrazione: Chris Pozzoli presidente, Jan Maurer direttore generale. Focus sull'organizzazione uniforme.","robots":{"index":"index","follow":"follow","max-snippet":"max-snippet:-1","max-image-preview":"max-image-preview:large","max-video-preview":"max-video-preview:-1"},"canonical":"https:\/\/www.organisator.ch\/it\/marketing\/2024-07-01\/neuer-praesident-und-neuer-vorstand-fuer-swiss-marketing\/","og_locale":"it_IT","og_type":"article","og_title":"Neuer Pr\u00e4sident und neuer Vorstand f\u00fcr Swiss Marketing - Organisator","og_description":"Swiss Marketing w\u00e4hlt neuen Vorstand: Chris Pozzoli Pr\u00e4sident, Jan Maurer Gesch\u00e4ftsf\u00fchrer. Fokus auf einheitliche Organisation.","og_url":"https:\/\/www.organisator.ch\/it\/marketing\/2024-07-01\/neuer-praesident-und-neuer-vorstand-fuer-swiss-marketing\/","og_site_name":"Organisator","article_publisher":"https:\/\/www.facebook.com\/OrganisatorFachmagazin","article_published_time":"2024-07-01T00:46:08+00:00","article_modified_time":"2024-11-10T07:52:01+00:00","og_image":[{"url":"https:\/\/www.werbewoche.ch\/wp-content\/uploads\/2024\/06\/Swiss-Marketing-Praesident-Vorstand.jpg","type":"","width":"","height":""}],"author":"galledia","twitter_card":"summary_large_image","twitter_creator":"@admin","schema":{"@context":"https:\/\/schema.org","@graph":[{"@type":"Article","@id":"https:\/\/www.organisator.ch\/marketing\/2024-07-01\/neuer-praesident-und-neuer-vorstand-fuer-swiss-marketing\/#article","isPartOf":{"@id":"https:\/\/www.organisator.ch\/marketing\/2024-07-01\/neuer-praesident-und-neuer-vorstand-fuer-swiss-marketing\/"},"author":{"name":"galledia","@id":"https:\/\/www.organisator.ch\/#\/schema\/person\/4e51799071cd2dd1232ac003643ef5f0"},"headline":"Neuer Pr\u00e4sident und neuer Vorstand f\u00fcr Swiss Marketing","datePublished":"2024-07-01T00:46:08+00:00","dateModified":"2024-11-10T07:52:01+00:00","mainEntityOfPage":{"@id":"https:\/\/www.organisator.ch\/marketing\/2024-07-01\/neuer-praesident-und-neuer-vorstand-fuer-swiss-marketing\/"},"wordCount":288,"publisher":{"@id":"https:\/\/www.organisator.ch\/#organization"},"image":{"@id":"https:\/\/www.organisator.ch\/marketing\/2024-07-01\/neuer-praesident-und-neuer-vorstand-fuer-swiss-marketing\/#primaryimage"},"thumbnailUrl":"https:\/\/www.werbewoche.ch\/wp-content\/uploads\/2024\/06\/Swiss-Marketing-Praesident-Vorstand.jpg","keywords":["Marketing","Swiss Marketing"],"articleSection":["MARKETING"],"inLanguage":"it-IT"},{"@type":"WebPage","@id":"https:\/\/www.organisator.ch\/marketing\/2024-07-01\/neuer-praesident-und-neuer-vorstand-fuer-swiss-marketing\/","url":"https:\/\/www.organisator.ch\/marketing\/2024-07-01\/neuer-praesident-und-neuer-vorstand-fuer-swiss-marketing\/","name":"Nuovo presidente e nuovo consiglio di amministrazione per Swiss Marketing - Organizzatore","isPartOf":{"@id":"https:\/\/www.organisator.ch\/#website"},"primaryImageOfPage":{"@id":"https:\/\/www.organisator.ch\/marketing\/2024-07-01\/neuer-praesident-und-neuer-vorstand-fuer-swiss-marketing\/#primaryimage"},"image":{"@id":"https:\/\/www.organisator.ch\/marketing\/2024-07-01\/neuer-praesident-und-neuer-vorstand-fuer-swiss-marketing\/#primaryimage"},"thumbnailUrl":"https:\/\/www.werbewoche.ch\/wp-content\/uploads\/2024\/06\/Swiss-Marketing-Praesident-Vorstand.jpg","datePublished":"2024-07-01T00:46:08+00:00","dateModified":"2024-11-10T07:52:01+00:00","description":"Swiss Marketing elegge il nuovo Consiglio di amministrazione: Chris Pozzoli presidente, Jan Maurer direttore generale. Focus sull'organizzazione uniforme.","breadcrumb":{"@id":"https:\/\/www.organisator.ch\/marketing\/2024-07-01\/neuer-praesident-und-neuer-vorstand-fuer-swiss-marketing\/#breadcrumb"},"inLanguage":"it-IT","potentialAction":[{"@type":"ReadAction","target":["https:\/\/www.organisator.ch\/marketing\/2024-07-01\/neuer-praesident-und-neuer-vorstand-fuer-swiss-marketing\/"]}]},{"@type":"ImageObject","inLanguage":"it-IT","@id":"https:\/\/www.organisator.ch\/marketing\/2024-07-01\/neuer-praesident-und-neuer-vorstand-fuer-swiss-marketing\/#primaryimage","url":"https:\/\/www.werbewoche.ch\/wp-content\/uploads\/2024\/06\/Swiss-Marketing-Praesident-Vorstand.jpg","contentUrl":"https:\/\/www.werbewoche.ch\/wp-content\/uploads\/2024\/06\/Swiss-Marketing-Praesident-Vorstand.jpg"},{"@type":"BreadcrumbList","@id":"https:\/\/www.organisator.ch\/marketing\/2024-07-01\/neuer-praesident-und-neuer-vorstand-fuer-swiss-marketing\/#breadcrumb","itemListElement":[{"@type":"ListItem","position":1,"name":"Home","item":"https:\/\/www.organisator.ch\/"},{"@type":"ListItem","position":2,"name":"Neuer Pr\u00e4sident und neuer Vorstand f\u00fcr Swiss Marketing"}]},{"@type":"WebSite","@id":"https:\/\/www.organisator.ch\/#website","url":"https:\/\/www.organisator.ch\/","name":"Organizzatore","description":"Competente. Pratico. In 10 numeri all'anno, ORGANISATOR presenta i temi essenziali per i manager delle PMI.","publisher":{"@id":"https:\/\/www.organisator.ch\/#organization"},"potentialAction":[{"@type":"SearchAction","target":{"@type":"EntryPoint","urlTemplate":"https:\/\/www.organisator.ch\/?s={search_term_string}"},"query-input":{"@type":"PropertyValueSpecification","valueRequired":true,"valueName":"search_term_string"}}],"inLanguage":"it-IT"},{"@type":"Organization","@id":"https:\/\/www.organisator.ch\/#organization","name":"Organizzatore","url":"https:\/\/www.organisator.ch\/","logo":{"@type":"ImageObject","inLanguage":"it-IT","@id":"https:\/\/www.organisator.ch\/#\/schema\/logo\/image\/","url":"https:\/\/www.organisator.ch\/wp-content\/uploads\/2022\/01\/Logo_Organisator_Website.png","contentUrl":"https:\/\/www.organisator.ch\/wp-content\/uploads\/2022\/01\/Logo_Organisator_Website.png","width":800,"height":77,"caption":"Organisator"},"image":{"@id":"https:\/\/www.organisator.ch\/#\/schema\/logo\/image\/"},"sameAs":["https:\/\/www.facebook.com\/OrganisatorFachmagazin","https:\/\/www.linkedin.com\/showcase\/organisator-das-magazin-fr-kmu","https:\/\/www.xing.com\/news\/pages\/organisator-ch-695","https:\/\/www.youtube.com\/channel\/UCGP2Sq0iWaZwT3BdIAQFYpw"]},{"@type":"Person","@id":"https:\/\/www.organisator.ch\/#\/schema\/person\/4e51799071cd2dd1232ac003643ef5f0","name":"galledia","image":{"@type":"ImageObject","inLanguage":"it-IT","@id":"https:\/\/secure.gravatar.com\/avatar\/78a7f90c01fc2bfc875782a0d4922b37cde2cf184ce347b91316d23cd7f69a36?s=96&d=mm&r=g","url":"https:\/\/secure.gravatar.com\/avatar\/78a7f90c01fc2bfc875782a0d4922b37cde2cf184ce347b91316d23cd7f69a36?s=96&d=mm&r=g","contentUrl":"https:\/\/secure.gravatar.com\/avatar\/78a7f90c01fc2bfc875782a0d4922b37cde2cf184ce347b91316d23cd7f69a36?s=96&d=mm&r=g","caption":"galledia"},"sameAs":["https:\/\/x.com\/admin"],"url":"https:\/\/www.organisator.ch\/it\/author\/galledia\/"}]}},"_links":{"self":[{"href":"https:\/\/www.organisator.ch\/it\/wp-json\/wp\/v2\/posts\/28124","targetHints":{"allow":["GET"]}}],"collection":[{"href":"https:\/\/www.organisator.ch\/it\/wp-json\/wp\/v2\/posts"}],"about":[{"href":"https:\/\/www.organisator.ch\/it\/wp-json\/wp\/v2\/types\/post"}],"author":[{"embeddable":true,"href":"https:\/\/www.organisator.ch\/it\/wp-json\/wp\/v2\/users\/8"}],"replies":[{"embeddable":true,"href":"https:\/\/www.organisator.ch\/it\/wp-json\/wp\/v2\/comments?post=28124"}],"version-history":[{"count":6,"href":"https:\/\/www.organisator.ch\/it\/wp-json\/wp\/v2\/posts\/28124\/revisions"}],"predecessor-version":[{"id":32144,"href":"https:\/\/www.organisator.ch\/it\/wp-json\/wp\/v2\/posts\/28124\/revisions\/32144"}],"wp:attachment":[{"href":"https:\/\/www.organisator.ch\/it\/wp-json\/wp\/v2\/media?parent=28124"}],"wp:term":[{"taxonomy":"category","embeddable":true,"href":"https:\/\/www.organisator.ch\/it\/wp-json\/wp\/v2\/categories?post=28124"},{"taxonomy":"post_tag","embeddable":true,"href":"https:\/\/www.organisator.ch\/it\/wp-json\/wp\/v2\/tags?post=28124"}],"curies":[{"name":"wp","href":"https:\/\/api.w.org\/{rel}","templated":true}]}}