{"id":2816,"date":"2017-12-05T08:17:37","date_gmt":"2017-12-05T07:17:37","guid":{"rendered":"https:\/\/www.organisator.ch\/?p=2816"},"modified":"2017-12-05T08:17:37","modified_gmt":"2017-12-05T07:17:37","slug":"handgepaeck-fuer-fuehrungskraefte-band-2","status":"publish","type":"post","link":"https:\/\/www.organisator.ch\/it\/management\/2017-12-05\/handgepaeck-fuer-fuehrungskraefte-band-2\/","title":{"rendered":"Bagaglio a mano per i leader, Volume 2"},"content":{"rendered":"<figure id=\"attachment_2818\" aria-describedby=\"caption-attachment-2818\" style=\"width: 640px\" class=\"wp-caption alignnone\"><img loading=\"lazy\" decoding=\"async\" class=\"size-full wp-image-2818\" src=\"https:\/\/www.organisator.ch\/wp-content\/uploads\/2017\/12\/Handgepaeck-fuer-Fuehrungskraefte-Band-2_Organisator.jpg\" alt=\"\" width=\"640\" height=\"444\" srcset=\"https:\/\/www.organisator.ch\/wp-content\/uploads\/2017\/12\/Handgepaeck-fuer-Fuehrungskraefte-Band-2_Organisator.jpg 640w, https:\/\/www.organisator.ch\/wp-content\/uploads\/2017\/12\/Handgepaeck-fuer-Fuehrungskraefte-Band-2_Organisator-16x12.jpg 16w, https:\/\/www.organisator.ch\/wp-content\/uploads\/2017\/12\/Handgepaeck-fuer-Fuehrungskraefte-Band-2_Organisator-252x175.jpg 252w, https:\/\/www.organisator.ch\/wp-content\/uploads\/2017\/12\/Handgepaeck-fuer-Fuehrungskraefte-Band-2_Organisator-505x350.jpg 505w, https:\/\/www.organisator.ch\/wp-content\/uploads\/2017\/12\/Handgepaeck-fuer-Fuehrungskraefte-Band-2_Organisator-300x208.jpg 300w\" sizes=\"auto, (max-width: 640px) 100vw, 640px\" \/><figcaption id=\"caption-attachment-2818\" class=\"wp-caption-text\">Bagaglio a mano per leader, volume 2: Guidare dipendenti e team. Di Hans Bleuer e Peter Stadler. KLV Verlag, ISBN 978-3-85612-482-3, 230 pagine.<\/figcaption><\/figure>\n<p>Chi vuole leggere la seconda parte della serie di libri \"Bagaglio a mano per dirigenti\" deve prima abituarsi al formato A4 orizzontale, un po' anticonvenzionale, come per il primo volume. Gli autori, come per il primo volume <a href=\"https:\/\/www.organisator.ch\/handgepaeck-fuer-fuehrungskraefte\/\">\"Comunicare e risolvere i conflitti<\/a>\"Hans Bleuer e Peter Stadler forniscono ancora una volta grafici a doppia pagina e brevi testi esplicativi. Questa presentazione consente un apprendimento rapido e una conservazione duratura delle conoscenze. Gli argomenti possono essere trovati rapidamente attraverso l'indice. Questo rende il volume un'opera di riferimento estremamente pratica.<\/p>\n<p>\"Bagaglio a mano per i leader. Leading Employees &amp; Teams\" contiene quindi presentazioni brevi e comprensibili di argomenti quali:<\/p>\n<ul>\n<li>Nucleo e fondamenti della leadership<\/li>\n<li>Teorie del contenuto e del processo della motivazione<\/li>\n<li>Teorie e approcci alla leadership<\/li>\n<li>Guida diretta del personale e dei team<\/li>\n<li>Strumenti di leadership nel contesto di<\/li>\n<li>Gestire i dipendenti difficili<\/li>\n<\/ul>\n<p>Questo volume \u00e8 anche una lettura consigliata per tutti coloro che, ad esempio, si stanno preparando per gli esami nell'ambito di una formazione o di un perfezionamento professionale. Ma anche i \"leader esperti\" vi troveranno conoscenze utili, ad esempio per prepararsi a compiti o a situazioni in cui si vuole acquisire una nuova consapevolezza del proprio ruolo di leader. I grafici e i testi sono ideali anche come modelli di copia da utilizzare nei seminari di leadership a scopo didattico.<\/p>\n<p><em>Bagaglio a mano per i leader. Volume 2: Guidare i dipendenti e i team. <\/em><br \/>\n<em>Di Hans Bleuer e Peter Stadler <\/em><br \/>\n<em>KLV Verlag, ISBN 978-3-85612-482-3, 230 pagine.<\/em><br \/>\n<em><a href=\"http:\/\/www.klv.ch\/\">www.klv.ch<\/a><\/em><\/p>","protected":false},"excerpt":{"rendered":"<p>Wer den zweiten Teil der Buch-Serie \u201eHandgep\u00e4ck f\u00fcr F\u00fchrungskr\u00e4fte\u201c lesen will, muss sich wie beim ersten Band erst an das etwas unkonventionelle A4-Querformat gew\u00f6hnen. Die Autoren, wie beim ersten Band &#8222;Kommunizieren &amp; Konflikte l\u00f6sen&#8220; sind es\u00a0Hans Bleuer und Peter Stadler, liefern hier wieder jeweils auf Doppelseiten eine Grafik und kurze, erkl\u00e4rende Texte. Diese Darstellung erm\u00f6glicht [&hellip;]<\/p>\n","protected":false},"author":4,"featured_media":2818,"comment_status":"open","ping_status":"open","sticky":false,"template":"","format":"standard","meta":{"_acf_changed":false,"_yoast_wpseo_focuskw":"Handgep\u00e4ck f\u00fcr F\u00fchrungskr\u00e4fte","_yoast_wpseo_metadesc":"Nach \"Kommunizieren & Konflikte l\u00f6sen\" erscheint mit \"Mitarbeiter & Teams f\u00fchren\" Band 2 der f\u00fcnfteiligen Serie von \"Handgep\u00e4ck f\u00fcr F\u00fchrungskr\u00e4fte\".","articlekey":"","footnotes":""},"categories":[28],"tags":[92,95,294,335],"class_list":["post-2816","post","type-post","status-publish","format-standard","has-post-thumbnail","hentry","category-management","tag-buch","tag-buchtipps","tag-karriere","tag-management-und-unternehmensfuehrung"],"acf":[],"yoast_head":"<!-- This site is optimized with the Yoast SEO plugin v27.4 - https:\/\/yoast.com\/product\/yoast-seo-wordpress\/ -->\n<title>Handgep\u00e4ck f\u00fcr F\u00fchrungskr\u00e4fte, Band 2 - Organisator<\/title>\n<meta name=\"description\" content=\"Nach &quot;Kommunizieren &amp; Konflikte l\u00f6sen&quot; erscheint mit &quot;Mitarbeiter &amp; Teams f\u00fchren&quot; Band 2 der f\u00fcnfteiligen Serie von &quot;Handgep\u00e4ck f\u00fcr F\u00fchrungskr\u00e4fte&quot;.\" \/>\n<meta name=\"robots\" content=\"index, follow, max-snippet:-1, max-image-preview:large, max-video-preview:-1\" \/>\n<link rel=\"canonical\" href=\"https:\/\/www.organisator.ch\/it\/gestione-2\/2017-12-05\/handgepaeck-fuer-fuehrungskraefte-band-2\/\" \/>\n<meta property=\"og:locale\" content=\"it_IT\" \/>\n<meta property=\"og:type\" content=\"article\" \/>\n<meta property=\"og:title\" content=\"Handgep\u00e4ck f\u00fcr F\u00fchrungskr\u00e4fte, Band 2\" \/>\n<meta property=\"og:description\" content=\"Nach &quot;Kommunizieren &amp; Konflikte l\u00f6sen&quot; erscheint mit &quot;#Mitarbeiter &amp; #Teams f\u00fchren&quot; Band 2 der f\u00fcnfteiligen Serie von &quot;Handgep\u00e4ck f\u00fcr #F\u00fchrungskr\u00e4fte&quot;.\" \/>\n<meta property=\"og:url\" content=\"https:\/\/www.organisator.ch\/it\/gestione-2\/2017-12-05\/handgepaeck-fuer-fuehrungskraefte-band-2\/\" \/>\n<meta property=\"og:site_name\" content=\"Organisator\" \/>\n<meta property=\"article:publisher\" content=\"https:\/\/www.facebook.com\/OrganisatorFachmagazin\" \/>\n<meta property=\"article:published_time\" content=\"2017-12-05T07:17:37+00:00\" \/>\n<meta property=\"og:image\" content=\"https:\/\/www.organisator.ch\/wp-content\/uploads\/2017\/12\/Handgepaeck-fuer-Fuehrungskraefte-Band-2_Organisator.jpg\" \/>\n\t<meta property=\"og:image:width\" content=\"640\" \/>\n\t<meta property=\"og:image:height\" content=\"444\" \/>\n\t<meta property=\"og:image:type\" content=\"image\/jpeg\" \/>\n<meta name=\"author\" content=\"thomas.berner\" \/>\n<meta name=\"twitter:card\" content=\"summary_large_image\" \/>\n<meta name=\"twitter:title\" content=\"Handgep\u00e4ck f\u00fcr #F\u00fchrungskr\u00e4fte, Band 2\" \/>\n<meta name=\"twitter:description\" content=\"Nach &quot;Kommunizieren &amp; Konflikte l\u00f6sen&quot; erscheint mit &quot;#Mitarbeiter &amp; #Teams f\u00fchren&quot; Band 2 der f\u00fcnfteiligen Serie von &quot;Handgep\u00e4ck f\u00fcr #F\u00fchrungskr\u00e4fte&quot;.\" \/>\n<meta name=\"twitter:image\" content=\"https:\/\/www.organisator.ch\/wp-content\/uploads\/2017\/12\/Handgep\u00e4ck-f\u00fcr-F\u00fchrungskr\u00e4fte-Band-2_Organisator.jpg\" \/>\n<script type=\"application\/ld+json\" class=\"yoast-schema-graph\">{\"@context\":\"https:\\\/\\\/schema.org\",\"@graph\":[{\"@type\":\"Article\",\"@id\":\"https:\\\/\\\/www.organisator.ch\\\/management\\\/2017-12-05\\\/handgepaeck-fuer-fuehrungskraefte-band-2\\\/#article\",\"isPartOf\":{\"@id\":\"https:\\\/\\\/www.organisator.ch\\\/management\\\/2017-12-05\\\/handgepaeck-fuer-fuehrungskraefte-band-2\\\/\"},\"author\":{\"name\":\"thomas.berner\",\"@id\":\"https:\\\/\\\/www.organisator.ch\\\/#\\\/schema\\\/person\\\/6f650f90b2842cd4c0cc334b4e36f67e\"},\"headline\":\"Handgep\u00e4ck f\u00fcr F\u00fchrungskr\u00e4fte, Band 2\",\"datePublished\":\"2017-12-05T07:17:37+00:00\",\"mainEntityOfPage\":{\"@id\":\"https:\\\/\\\/www.organisator.ch\\\/management\\\/2017-12-05\\\/handgepaeck-fuer-fuehrungskraefte-band-2\\\/\"},\"wordCount\":300,\"commentCount\":0,\"publisher\":{\"@id\":\"https:\\\/\\\/www.organisator.ch\\\/#organization\"},\"image\":{\"@id\":\"https:\\\/\\\/www.organisator.ch\\\/management\\\/2017-12-05\\\/handgepaeck-fuer-fuehrungskraefte-band-2\\\/#primaryimage\"},\"thumbnailUrl\":\"https:\\\/\\\/www.organisator.ch\\\/wp-content\\\/uploads\\\/2017\\\/12\\\/Handgepaeck-fuer-Fuehrungskraefte-Band-2_Organisator.jpg\",\"keywords\":[\"Buch\",\"Buchtipps\",\"Karriere\",\"Management und Unternehmensf\u00fchrung\"],\"articleSection\":[\"MANAGEMENT\"],\"inLanguage\":\"it-IT\"},{\"@type\":\"WebPage\",\"@id\":\"https:\\\/\\\/www.organisator.ch\\\/management\\\/2017-12-05\\\/handgepaeck-fuer-fuehrungskraefte-band-2\\\/\",\"url\":\"https:\\\/\\\/www.organisator.ch\\\/management\\\/2017-12-05\\\/handgepaeck-fuer-fuehrungskraefte-band-2\\\/\",\"name\":\"Handgep\u00e4ck f\u00fcr F\u00fchrungskr\u00e4fte, Band 2 - Organisator\",\"isPartOf\":{\"@id\":\"https:\\\/\\\/www.organisator.ch\\\/#website\"},\"primaryImageOfPage\":{\"@id\":\"https:\\\/\\\/www.organisator.ch\\\/management\\\/2017-12-05\\\/handgepaeck-fuer-fuehrungskraefte-band-2\\\/#primaryimage\"},\"image\":{\"@id\":\"https:\\\/\\\/www.organisator.ch\\\/management\\\/2017-12-05\\\/handgepaeck-fuer-fuehrungskraefte-band-2\\\/#primaryimage\"},\"thumbnailUrl\":\"https:\\\/\\\/www.organisator.ch\\\/wp-content\\\/uploads\\\/2017\\\/12\\\/Handgepaeck-fuer-Fuehrungskraefte-Band-2_Organisator.jpg\",\"datePublished\":\"2017-12-05T07:17:37+00:00\",\"description\":\"Nach \\\"Kommunizieren & Konflikte l\u00f6sen\\\" erscheint mit \\\"Mitarbeiter & Teams f\u00fchren\\\" Band 2 der f\u00fcnfteiligen Serie von \\\"Handgep\u00e4ck f\u00fcr F\u00fchrungskr\u00e4fte\\\".\",\"breadcrumb\":{\"@id\":\"https:\\\/\\\/www.organisator.ch\\\/management\\\/2017-12-05\\\/handgepaeck-fuer-fuehrungskraefte-band-2\\\/#breadcrumb\"},\"inLanguage\":\"it-IT\",\"potentialAction\":[{\"@type\":\"ReadAction\",\"target\":[\"https:\\\/\\\/www.organisator.ch\\\/management\\\/2017-12-05\\\/handgepaeck-fuer-fuehrungskraefte-band-2\\\/\"]}]},{\"@type\":\"ImageObject\",\"inLanguage\":\"it-IT\",\"@id\":\"https:\\\/\\\/www.organisator.ch\\\/management\\\/2017-12-05\\\/handgepaeck-fuer-fuehrungskraefte-band-2\\\/#primaryimage\",\"url\":\"https:\\\/\\\/www.organisator.ch\\\/wp-content\\\/uploads\\\/2017\\\/12\\\/Handgepaeck-fuer-Fuehrungskraefte-Band-2_Organisator.jpg\",\"contentUrl\":\"https:\\\/\\\/www.organisator.ch\\\/wp-content\\\/uploads\\\/2017\\\/12\\\/Handgepaeck-fuer-Fuehrungskraefte-Band-2_Organisator.jpg\",\"width\":640,\"height\":444,\"caption\":\"Handgep\u00e4ck f\u00fcr F\u00fchrungskr\u00e4fte. Band 2: Mitarbeiter & Teams f\u00fchren. Von Hans Bleuer und Peter Stadler. KLV Verlag, ISBN 978-3-85612-482-3, 230 Seiten.\"},{\"@type\":\"BreadcrumbList\",\"@id\":\"https:\\\/\\\/www.organisator.ch\\\/management\\\/2017-12-05\\\/handgepaeck-fuer-fuehrungskraefte-band-2\\\/#breadcrumb\",\"itemListElement\":[{\"@type\":\"ListItem\",\"position\":1,\"name\":\"Home\",\"item\":\"https:\\\/\\\/www.organisator.ch\\\/\"},{\"@type\":\"ListItem\",\"position\":2,\"name\":\"Handgep\u00e4ck f\u00fcr F\u00fchrungskr\u00e4fte, Band 2\"}]},{\"@type\":\"WebSite\",\"@id\":\"https:\\\/\\\/www.organisator.ch\\\/#website\",\"url\":\"https:\\\/\\\/www.organisator.ch\\\/\",\"name\":\"Organisator\",\"description\":\"Kompetent. Praxisnah. Der ORGANISATOR bereitet in 10 Ausgaben pro Jahr die wesentlichen Themen f\u00fcr F\u00fchrungskr\u00e4fte von KMU auf.\",\"publisher\":{\"@id\":\"https:\\\/\\\/www.organisator.ch\\\/#organization\"},\"potentialAction\":[{\"@type\":\"SearchAction\",\"target\":{\"@type\":\"EntryPoint\",\"urlTemplate\":\"https:\\\/\\\/www.organisator.ch\\\/?s={search_term_string}\"},\"query-input\":{\"@type\":\"PropertyValueSpecification\",\"valueRequired\":true,\"valueName\":\"search_term_string\"}}],\"inLanguage\":\"it-IT\"},{\"@type\":\"Organization\",\"@id\":\"https:\\\/\\\/www.organisator.ch\\\/#organization\",\"name\":\"Organisator\",\"url\":\"https:\\\/\\\/www.organisator.ch\\\/\",\"logo\":{\"@type\":\"ImageObject\",\"inLanguage\":\"it-IT\",\"@id\":\"https:\\\/\\\/www.organisator.ch\\\/#\\\/schema\\\/logo\\\/image\\\/\",\"url\":\"https:\\\/\\\/www.organisator.ch\\\/wp-content\\\/uploads\\\/2022\\\/01\\\/Logo_Organisator_Website.png\",\"contentUrl\":\"https:\\\/\\\/www.organisator.ch\\\/wp-content\\\/uploads\\\/2022\\\/01\\\/Logo_Organisator_Website.png\",\"width\":800,\"height\":77,\"caption\":\"Organisator\"},\"image\":{\"@id\":\"https:\\\/\\\/www.organisator.ch\\\/#\\\/schema\\\/logo\\\/image\\\/\"},\"sameAs\":[\"https:\\\/\\\/www.facebook.com\\\/OrganisatorFachmagazin\",\"https:\\\/\\\/www.linkedin.com\\\/showcase\\\/organisator-das-magazin-fr-kmu\",\"https:\\\/\\\/www.xing.com\\\/news\\\/pages\\\/organisator-ch-695\",\"https:\\\/\\\/www.youtube.com\\\/channel\\\/UCGP2Sq0iWaZwT3BdIAQFYpw\"]},{\"@type\":\"Person\",\"@id\":\"https:\\\/\\\/www.organisator.ch\\\/#\\\/schema\\\/person\\\/6f650f90b2842cd4c0cc334b4e36f67e\",\"name\":\"thomas.berner\",\"image\":{\"@type\":\"ImageObject\",\"inLanguage\":\"it-IT\",\"@id\":\"https:\\\/\\\/secure.gravatar.com\\\/avatar\\\/ac5001d2a36cb6c6cd3e50789007ffca834b477b74a2144564522e944eabff61?s=96&d=mm&r=g\",\"url\":\"https:\\\/\\\/secure.gravatar.com\\\/avatar\\\/ac5001d2a36cb6c6cd3e50789007ffca834b477b74a2144564522e944eabff61?s=96&d=mm&r=g\",\"contentUrl\":\"https:\\\/\\\/secure.gravatar.com\\\/avatar\\\/ac5001d2a36cb6c6cd3e50789007ffca834b477b74a2144564522e944eabff61?s=96&d=mm&r=g\",\"caption\":\"thomas.berner\"},\"url\":\"https:\\\/\\\/www.organisator.ch\\\/it\\\/author\\\/thomas-berner\\\/\"}]}<\/script>\n<!-- \/ Yoast SEO plugin. -->","yoast_head_json":{"title":"Bagaglio a mano per leader, volume 2 - Organizzatore","description":"Dopo \"Comunicare e risolvere i conflitti\", il secondo volume della serie in cinque parti \"Bagaglio a mano per manager\" viene pubblicato con \"Guidare i dipendenti e i team\".","robots":{"index":"index","follow":"follow","max-snippet":"max-snippet:-1","max-image-preview":"max-image-preview:large","max-video-preview":"max-video-preview:-1"},"canonical":"https:\/\/www.organisator.ch\/it\/gestione-2\/2017-12-05\/handgepaeck-fuer-fuehrungskraefte-band-2\/","og_locale":"it_IT","og_type":"article","og_title":"Handgep\u00e4ck f\u00fcr F\u00fchrungskr\u00e4fte, Band 2","og_description":"Nach \"Kommunizieren & Konflikte l\u00f6sen\" erscheint mit \"#Mitarbeiter & #Teams f\u00fchren\" Band 2 der f\u00fcnfteiligen Serie von \"Handgep\u00e4ck f\u00fcr #F\u00fchrungskr\u00e4fte\".","og_url":"https:\/\/www.organisator.ch\/it\/gestione-2\/2017-12-05\/handgepaeck-fuer-fuehrungskraefte-band-2\/","og_site_name":"Organisator","article_publisher":"https:\/\/www.facebook.com\/OrganisatorFachmagazin","article_published_time":"2017-12-05T07:17:37+00:00","og_image":[{"width":640,"height":444,"url":"https:\/\/www.organisator.ch\/wp-content\/uploads\/2017\/12\/Handgepaeck-fuer-Fuehrungskraefte-Band-2_Organisator.jpg","type":"image\/jpeg"}],"author":"thomas.berner","twitter_card":"summary_large_image","twitter_title":"Handgep\u00e4ck f\u00fcr #F\u00fchrungskr\u00e4fte, Band 2","twitter_description":"Nach \"Kommunizieren & Konflikte l\u00f6sen\" erscheint mit \"#Mitarbeiter & #Teams f\u00fchren\" Band 2 der f\u00fcnfteiligen Serie von \"Handgep\u00e4ck f\u00fcr #F\u00fchrungskr\u00e4fte\".","twitter_image":"https:\/\/www.organisator.ch\/wp-content\/uploads\/2017\/12\/Handgep\u00e4ck-f\u00fcr-F\u00fchrungskr\u00e4fte-Band-2_Organisator.jpg","schema":{"@context":"https:\/\/schema.org","@graph":[{"@type":"Article","@id":"https:\/\/www.organisator.ch\/management\/2017-12-05\/handgepaeck-fuer-fuehrungskraefte-band-2\/#article","isPartOf":{"@id":"https:\/\/www.organisator.ch\/management\/2017-12-05\/handgepaeck-fuer-fuehrungskraefte-band-2\/"},"author":{"name":"thomas.berner","@id":"https:\/\/www.organisator.ch\/#\/schema\/person\/6f650f90b2842cd4c0cc334b4e36f67e"},"headline":"Handgep\u00e4ck f\u00fcr F\u00fchrungskr\u00e4fte, Band 2","datePublished":"2017-12-05T07:17:37+00:00","mainEntityOfPage":{"@id":"https:\/\/www.organisator.ch\/management\/2017-12-05\/handgepaeck-fuer-fuehrungskraefte-band-2\/"},"wordCount":300,"commentCount":0,"publisher":{"@id":"https:\/\/www.organisator.ch\/#organization"},"image":{"@id":"https:\/\/www.organisator.ch\/management\/2017-12-05\/handgepaeck-fuer-fuehrungskraefte-band-2\/#primaryimage"},"thumbnailUrl":"https:\/\/www.organisator.ch\/wp-content\/uploads\/2017\/12\/Handgepaeck-fuer-Fuehrungskraefte-Band-2_Organisator.jpg","keywords":["Buch","Buchtipps","Karriere","Management und Unternehmensf\u00fchrung"],"articleSection":["MANAGEMENT"],"inLanguage":"it-IT"},{"@type":"WebPage","@id":"https:\/\/www.organisator.ch\/management\/2017-12-05\/handgepaeck-fuer-fuehrungskraefte-band-2\/","url":"https:\/\/www.organisator.ch\/management\/2017-12-05\/handgepaeck-fuer-fuehrungskraefte-band-2\/","name":"Bagaglio a mano per leader, volume 2 - Organizzatore","isPartOf":{"@id":"https:\/\/www.organisator.ch\/#website"},"primaryImageOfPage":{"@id":"https:\/\/www.organisator.ch\/management\/2017-12-05\/handgepaeck-fuer-fuehrungskraefte-band-2\/#primaryimage"},"image":{"@id":"https:\/\/www.organisator.ch\/management\/2017-12-05\/handgepaeck-fuer-fuehrungskraefte-band-2\/#primaryimage"},"thumbnailUrl":"https:\/\/www.organisator.ch\/wp-content\/uploads\/2017\/12\/Handgepaeck-fuer-Fuehrungskraefte-Band-2_Organisator.jpg","datePublished":"2017-12-05T07:17:37+00:00","description":"Dopo \"Comunicare e risolvere i conflitti\", il secondo volume della serie in cinque parti \"Bagaglio a mano per manager\" viene pubblicato con \"Guidare i dipendenti e i team\".","breadcrumb":{"@id":"https:\/\/www.organisator.ch\/management\/2017-12-05\/handgepaeck-fuer-fuehrungskraefte-band-2\/#breadcrumb"},"inLanguage":"it-IT","potentialAction":[{"@type":"ReadAction","target":["https:\/\/www.organisator.ch\/management\/2017-12-05\/handgepaeck-fuer-fuehrungskraefte-band-2\/"]}]},{"@type":"ImageObject","inLanguage":"it-IT","@id":"https:\/\/www.organisator.ch\/management\/2017-12-05\/handgepaeck-fuer-fuehrungskraefte-band-2\/#primaryimage","url":"https:\/\/www.organisator.ch\/wp-content\/uploads\/2017\/12\/Handgepaeck-fuer-Fuehrungskraefte-Band-2_Organisator.jpg","contentUrl":"https:\/\/www.organisator.ch\/wp-content\/uploads\/2017\/12\/Handgepaeck-fuer-Fuehrungskraefte-Band-2_Organisator.jpg","width":640,"height":444,"caption":"Handgep\u00e4ck f\u00fcr F\u00fchrungskr\u00e4fte. Band 2: Mitarbeiter & Teams f\u00fchren. Von Hans Bleuer und Peter Stadler. KLV Verlag, ISBN 978-3-85612-482-3, 230 Seiten."},{"@type":"BreadcrumbList","@id":"https:\/\/www.organisator.ch\/management\/2017-12-05\/handgepaeck-fuer-fuehrungskraefte-band-2\/#breadcrumb","itemListElement":[{"@type":"ListItem","position":1,"name":"Home","item":"https:\/\/www.organisator.ch\/"},{"@type":"ListItem","position":2,"name":"Handgep\u00e4ck f\u00fcr F\u00fchrungskr\u00e4fte, Band 2"}]},{"@type":"WebSite","@id":"https:\/\/www.organisator.ch\/#website","url":"https:\/\/www.organisator.ch\/","name":"Organizzatore","description":"Competente. Pratico. In 10 numeri all'anno, ORGANISATOR presenta i temi essenziali per i manager delle PMI.","publisher":{"@id":"https:\/\/www.organisator.ch\/#organization"},"potentialAction":[{"@type":"SearchAction","target":{"@type":"EntryPoint","urlTemplate":"https:\/\/www.organisator.ch\/?s={search_term_string}"},"query-input":{"@type":"PropertyValueSpecification","valueRequired":true,"valueName":"search_term_string"}}],"inLanguage":"it-IT"},{"@type":"Organization","@id":"https:\/\/www.organisator.ch\/#organization","name":"Organizzatore","url":"https:\/\/www.organisator.ch\/","logo":{"@type":"ImageObject","inLanguage":"it-IT","@id":"https:\/\/www.organisator.ch\/#\/schema\/logo\/image\/","url":"https:\/\/www.organisator.ch\/wp-content\/uploads\/2022\/01\/Logo_Organisator_Website.png","contentUrl":"https:\/\/www.organisator.ch\/wp-content\/uploads\/2022\/01\/Logo_Organisator_Website.png","width":800,"height":77,"caption":"Organisator"},"image":{"@id":"https:\/\/www.organisator.ch\/#\/schema\/logo\/image\/"},"sameAs":["https:\/\/www.facebook.com\/OrganisatorFachmagazin","https:\/\/www.linkedin.com\/showcase\/organisator-das-magazin-fr-kmu","https:\/\/www.xing.com\/news\/pages\/organisator-ch-695","https:\/\/www.youtube.com\/channel\/UCGP2Sq0iWaZwT3BdIAQFYpw"]},{"@type":"Person","@id":"https:\/\/www.organisator.ch\/#\/schema\/person\/6f650f90b2842cd4c0cc334b4e36f67e","name":"Tommaso.berner","image":{"@type":"ImageObject","inLanguage":"it-IT","@id":"https:\/\/secure.gravatar.com\/avatar\/ac5001d2a36cb6c6cd3e50789007ffca834b477b74a2144564522e944eabff61?s=96&d=mm&r=g","url":"https:\/\/secure.gravatar.com\/avatar\/ac5001d2a36cb6c6cd3e50789007ffca834b477b74a2144564522e944eabff61?s=96&d=mm&r=g","contentUrl":"https:\/\/secure.gravatar.com\/avatar\/ac5001d2a36cb6c6cd3e50789007ffca834b477b74a2144564522e944eabff61?s=96&d=mm&r=g","caption":"thomas.berner"},"url":"https:\/\/www.organisator.ch\/it\/author\/thomas-berner\/"}]}},"_links":{"self":[{"href":"https:\/\/www.organisator.ch\/it\/wp-json\/wp\/v2\/posts\/2816","targetHints":{"allow":["GET"]}}],"collection":[{"href":"https:\/\/www.organisator.ch\/it\/wp-json\/wp\/v2\/posts"}],"about":[{"href":"https:\/\/www.organisator.ch\/it\/wp-json\/wp\/v2\/types\/post"}],"author":[{"embeddable":true,"href":"https:\/\/www.organisator.ch\/it\/wp-json\/wp\/v2\/users\/4"}],"replies":[{"embeddable":true,"href":"https:\/\/www.organisator.ch\/it\/wp-json\/wp\/v2\/comments?post=2816"}],"version-history":[{"count":0,"href":"https:\/\/www.organisator.ch\/it\/wp-json\/wp\/v2\/posts\/2816\/revisions"}],"wp:featuredmedia":[{"embeddable":true,"href":"https:\/\/www.organisator.ch\/it\/wp-json\/wp\/v2\/media\/2818"}],"wp:attachment":[{"href":"https:\/\/www.organisator.ch\/it\/wp-json\/wp\/v2\/media?parent=2816"}],"wp:term":[{"taxonomy":"category","embeddable":true,"href":"https:\/\/www.organisator.ch\/it\/wp-json\/wp\/v2\/categories?post=2816"},{"taxonomy":"post_tag","embeddable":true,"href":"https:\/\/www.organisator.ch\/it\/wp-json\/wp\/v2\/tags?post=2816"}],"curies":[{"name":"wp","href":"https:\/\/api.w.org\/{rel}","templated":true}]}}