{"id":28171,"date":"2024-07-02T08:23:01","date_gmt":"2024-07-02T06:23:01","guid":{"rendered":"https:\/\/www.m-q.ch\/?p=19982"},"modified":"2024-11-10T08:12:50","modified_gmt":"2024-11-10T07:12:50","slug":"swiss-cyber-institute-wird-neues-sektormitglied-der-international-telecommunication-union-itu","status":"publish","type":"post","link":"https:\/\/www.organisator.ch\/it\/operational-excellence\/2024-07-02\/swiss-cyber-institute-wird-neues-sektormitglied-der-international-telecommunication-union-itu\/","title":{"rendered":"Lo Swiss Cyber Institute diventa un nuovo membro settoriale dell'Unione Internazionale delle Telecomunicazioni (ITU)"},"content":{"rendered":"<figure id=\"attachment_19984\" class=\"wp-caption alignnone\" style=\"width: 680px\" aria-describedby=\"caption-attachment-19984\"><img class=\"alignnone wp-image-19984 size-full\" src=\"https:\/\/www.m-q.ch\/wp-content\/uploads\/2024\/07\/Swiss-Cyber-Isntitute_Bild1_ps.jpg\" alt=\"Istituto svizzero di cibernetica \" width=\"680\" height=\"445\" \/>\r\n<figcaption id=\"caption-attachment-19984\" class=\"wp-caption-text\">Lo Swiss Cyber Institute si dedica alla promozione di esperienze di apprendimento personalizzate con l'obiettivo di formare 10.000 persone entro il 2027, offrendo programmi SETA per l'educazione, la formazione e la sensibilizzazione alla sicurezza. (Immagine: www.depositphotos.com)<\/figcaption>\r\n<\/figure>\r\n<p>Con l'annuale Global Cyber Conference di Zurigo e gli Swiss CISO Awards, oltre ai numerosi corsi offerti dallo Swiss Cyber Institute per professionisti e aziende nel campo della cybersecurity, l'Istituto \u00e8 anche un partner interessante e prezioso per l'ITU.<\/p>\r\n<p>Samir Aliyev, fondatore e CEO dello Swiss Cyber Institute (SCI), ha fondato lo Swiss Cyber Institute a Zurigo nel 2019 e oggi \u00e8 un provider di formazione sulla cybersecurity registrato dalla Segreteria di Stato per la formazione, la ricerca e l'innovazione SEFRI. L'obiettivo \u00e8 quello di creare una comunit\u00e0 aperta in cui la conoscenza e l'innovazione nel campo della cybersecurity siano non solo promosse ma anche portate avanti in modo proattivo. La partnership con l'ITU amplia in modo significativo la rete dell'istituto e contribuisce ulteriormente alla sensibilizzazione sull'importanza della sicurezza informatica.<\/p>\r\n<p>Ad esempio, lo Swiss Cyber Institute si dedica alla promozione di esperienze di apprendimento personalizzate con l'obiettivo di formare 10.000 persone entro il 2027, offrendo programmi SETA per l'educazione, la formazione e la sensibilizzazione alla sicurezza. Lo Swiss Cyber Institute ha anche ampliato la formazione per la certificazione professionale, diventando il partner globale privilegiato delle principali organizzazioni di certificazione della sicurezza informatica, come ISC2 e ISACA. Sviluppando efficacemente le capacit\u00e0 degli specialisti informatici in Svizzera e a livello internazionale, l'Istituto contribuisce a un mondo pi\u00f9 sicuro.<\/p>\r\n<p>Con la Global Cyber Conference di due giorni dello Swiss Cyber Institute nel novembre 2024, con gli Swiss CISO Awards e gli eventi di networking pre-congressuali durante tutto l'anno, l'attenzione si concentrer\u00e0 su temi chiave come la sicurezza del cloud, la sicurezza informatica, il suo impatto sulle aziende e le relative strategie aziendali. La Global Cyber Conference \u00e8 una piattaforma in cui gli esperti di sicurezza informatica di tutto il mondo possono scambiarsi idee e fare rete.<\/p>\r\n<p>\"Collaborando con l'UIT, vogliamo sottolineare il nostro impegno a migliorare la resilienza informatica globale attraverso l'istruzione e la formazione in materia di cybersicurezza e il sostegno professionale al settore della cybersicurezza. Siamo orgogliosi di essere ora un membro settoriale dell'UIT. Vogliamo anche offrire all'ITU un valore aggiunto per i suoi membri, fornendo loro un partner competente nel campo della cybersecurity e consentendo ai loro membri di beneficiare della nostra offerta di corsi, della Global Cyber Conference e della nostra ampia rete\", afferma Samir Aliyev, fondatore e CEO dello Swiss Cyber Institute.<\/p>\r\n<p>\"Sono lieto di dare il benvenuto allo Swiss Cyber Institute come nuovo membro del settore privato dell'ITU-D. La profonda esperienza dell'Istituto nello sviluppo delle competenze di cybersecurity e nell'empowerment \u00e8 perfettamente in linea con la nostra missione di promuovere una connettivit\u00e0 significativa e una trasformazione digitale sostenibile attraverso un impatto positivo e un cambiamento a livello globale\", ha dichiarato Cosmas Luckyson Zavazava, direttore dell'Ufficio per lo sviluppo delle telecomunicazioni dell'UIT.<\/p>\r\n<p>L'UIT \u00e8 un centro per la tecnologia e l'innovazione. Conta 193 Stati membri e oltre 1.000 aziende, universit\u00e0, istituti di ricerca e organizzazioni internazionali e regionali. Consente la connettivit\u00e0 internazionale delle reti di comunicazione. Per diffondere l'accesso alla tecnologia in tutto il mondo, l'UIT lavora per fornire la connettivit\u00e0 digitale a tutti e offre una piattaforma multilaterale affidabile per negoziare accordi e standard internazionali, condividere le conoscenze, costruire capacit\u00e0 e collaborare con i membri e i partner come lo Swiss Cyber Institute.<\/p>\r\n<p><em>Fonte: <a href=\"https:\/\/swisscyberinstitute.com\/blog\/swiss-cyber-institute-partners-international-telecommunication-union-itu\/\">www.swisscyberinstitute.com<\/a><\/em><\/p>\n<p class=\"syndicated-attribution\">Questo articolo \u00e8 apparso originariamente su m-q.ch - <a href=\"https:\/\/www.m-q.ch\/de\/swiss-cyber-institute-wird-neues-sektormitglied-der-international-telecommunication-union-itu\/\" target=\"_blank\">https:\/\/www.m-q.ch\/de\/swiss-cyber-institute-wird-neues-sektormitglied-der-international-telecommunication-union-itu\/<\/a><\/p>","protected":false},"excerpt":{"rendered":"<p>Lo Swiss Cyber Institute, con sede a Zurigo, \u00e8 diventato di recente membro ufficiale del settore per la Svizzera dell'ITU Development. L'Unione Internazionale delle Telecomunicazioni (UIT), l'agenzia specializzata delle Nazioni Unite per la tecnologia digitale, sfrutta l'innovazione e connette tutti per garantire un futuro migliore per tutti. Con questi punti focali e un'ampia rete globale, l'ITU \u00e8 ora un altro importante partner dello Swiss Cyber Institute.<\/p>","protected":false},"author":58,"featured_media":0,"comment_status":"closed","ping_status":"closed","sticky":false,"template":"","format":"standard","meta":{"_acf_changed":false,"_yoast_wpseo_focuskw":"Swiss Cyber Institute","_yoast_wpseo_metadesc":"Swiss Cyber Institute schult 10'000 Personen bis 2027. Partnerschaft mit ITU zur F\u00f6rderung globaler Cyber-Resilienz.","articlekey":"","footnotes":""},"categories":[582],"tags":[103,1888,424,492],"class_list":["post-28171","post","type-post","status-publish","format-standard","hentry","category-operational-excellence","tag-business-excellence","tag-partnerschaft","tag-schweiz","tag-unternehmen"],"acf":[],"yoast_head":"<!-- This site is optimized with the Yoast SEO plugin v27.4 - https:\/\/yoast.com\/product\/yoast-seo-wordpress\/ -->\n<title>Swiss Cyber Institute wird neues Sektormitglied der International Telecommunication Union (ITU) - Organisator<\/title>\n<meta name=\"description\" content=\"Swiss Cyber Institute schult 10&#039;000 Personen bis 2027. Partnerschaft mit ITU zur F\u00f6rderung globaler Cyber-Resilienz.\" \/>\n<meta name=\"robots\" content=\"index, follow, max-snippet:-1, max-image-preview:large, max-video-preview:-1\" \/>\n<link rel=\"canonical\" href=\"https:\/\/www.organisator.ch\/it\/eccellenza-operativa\/2024-07-02\/swiss-cyber-institute-wird-neues-sektormitglied-der-international-telecommunication-union-itu\/\" \/>\n<meta property=\"og:locale\" content=\"it_IT\" \/>\n<meta property=\"og:type\" content=\"article\" \/>\n<meta property=\"og:title\" content=\"Swiss Cyber Institute wird neues Sektormitglied der International Telecommunication Union (ITU) - Organisator\" \/>\n<meta property=\"og:description\" content=\"Swiss Cyber Institute schult 10&#039;000 Personen bis 2027. Partnerschaft mit ITU zur F\u00f6rderung globaler Cyber-Resilienz.\" \/>\n<meta property=\"og:url\" content=\"https:\/\/www.organisator.ch\/it\/eccellenza-operativa\/2024-07-02\/swiss-cyber-institute-wird-neues-sektormitglied-der-international-telecommunication-union-itu\/\" \/>\n<meta property=\"og:site_name\" content=\"Organisator\" \/>\n<meta property=\"article:publisher\" content=\"https:\/\/www.facebook.com\/OrganisatorFachmagazin\" \/>\n<meta property=\"article:published_time\" content=\"2024-07-02T06:23:01+00:00\" \/>\n<meta property=\"article:modified_time\" content=\"2024-11-10T07:12:50+00:00\" \/>\n<meta property=\"og:image\" content=\"https:\/\/www.m-q.ch\/wp-content\/uploads\/2024\/07\/Swiss-Cyber-Isntitute_Bild1_ps.jpg\" \/>\n<meta name=\"author\" content=\"Adelisa Kalajdzini\" \/>\n<meta name=\"twitter:card\" content=\"summary_large_image\" \/>\n<script type=\"application\/ld+json\" class=\"yoast-schema-graph\">{\"@context\":\"https:\\\/\\\/schema.org\",\"@graph\":[{\"@type\":\"Article\",\"@id\":\"https:\\\/\\\/www.organisator.ch\\\/operational-excellence\\\/2024-07-02\\\/swiss-cyber-institute-wird-neues-sektormitglied-der-international-telecommunication-union-itu\\\/#article\",\"isPartOf\":{\"@id\":\"https:\\\/\\\/www.organisator.ch\\\/operational-excellence\\\/2024-07-02\\\/swiss-cyber-institute-wird-neues-sektormitglied-der-international-telecommunication-union-itu\\\/\"},\"author\":{\"name\":\"Adelisa Kalajdzini\",\"@id\":\"https:\\\/\\\/www.organisator.ch\\\/#\\\/schema\\\/person\\\/2e1314a2172123f874db408d8911d3f3\"},\"headline\":\"Swiss Cyber Institute wird neues Sektormitglied der International Telecommunication Union (ITU)\",\"datePublished\":\"2024-07-02T06:23:01+00:00\",\"dateModified\":\"2024-11-10T07:12:50+00:00\",\"mainEntityOfPage\":{\"@id\":\"https:\\\/\\\/www.organisator.ch\\\/operational-excellence\\\/2024-07-02\\\/swiss-cyber-institute-wird-neues-sektormitglied-der-international-telecommunication-union-itu\\\/\"},\"wordCount\":571,\"publisher\":{\"@id\":\"https:\\\/\\\/www.organisator.ch\\\/#organization\"},\"image\":{\"@id\":\"https:\\\/\\\/www.organisator.ch\\\/operational-excellence\\\/2024-07-02\\\/swiss-cyber-institute-wird-neues-sektormitglied-der-international-telecommunication-union-itu\\\/#primaryimage\"},\"thumbnailUrl\":\"https:\\\/\\\/www.m-q.ch\\\/wp-content\\\/uploads\\\/2024\\\/07\\\/Swiss-Cyber-Isntitute_Bild1_ps.jpg\",\"keywords\":[\"Business Excellence\",\"Partnerschaft\",\"Schweiz\",\"Unternehmen\"],\"articleSection\":[\"OPERATIONAL EXCELLENCE\"],\"inLanguage\":\"it-IT\"},{\"@type\":\"WebPage\",\"@id\":\"https:\\\/\\\/www.organisator.ch\\\/operational-excellence\\\/2024-07-02\\\/swiss-cyber-institute-wird-neues-sektormitglied-der-international-telecommunication-union-itu\\\/\",\"url\":\"https:\\\/\\\/www.organisator.ch\\\/operational-excellence\\\/2024-07-02\\\/swiss-cyber-institute-wird-neues-sektormitglied-der-international-telecommunication-union-itu\\\/\",\"name\":\"Swiss Cyber Institute wird neues Sektormitglied der International Telecommunication Union (ITU) - Organisator\",\"isPartOf\":{\"@id\":\"https:\\\/\\\/www.organisator.ch\\\/#website\"},\"primaryImageOfPage\":{\"@id\":\"https:\\\/\\\/www.organisator.ch\\\/operational-excellence\\\/2024-07-02\\\/swiss-cyber-institute-wird-neues-sektormitglied-der-international-telecommunication-union-itu\\\/#primaryimage\"},\"image\":{\"@id\":\"https:\\\/\\\/www.organisator.ch\\\/operational-excellence\\\/2024-07-02\\\/swiss-cyber-institute-wird-neues-sektormitglied-der-international-telecommunication-union-itu\\\/#primaryimage\"},\"thumbnailUrl\":\"https:\\\/\\\/www.m-q.ch\\\/wp-content\\\/uploads\\\/2024\\\/07\\\/Swiss-Cyber-Isntitute_Bild1_ps.jpg\",\"datePublished\":\"2024-07-02T06:23:01+00:00\",\"dateModified\":\"2024-11-10T07:12:50+00:00\",\"description\":\"Swiss Cyber Institute schult 10'000 Personen bis 2027. Partnerschaft mit ITU zur F\u00f6rderung globaler Cyber-Resilienz.\",\"breadcrumb\":{\"@id\":\"https:\\\/\\\/www.organisator.ch\\\/operational-excellence\\\/2024-07-02\\\/swiss-cyber-institute-wird-neues-sektormitglied-der-international-telecommunication-union-itu\\\/#breadcrumb\"},\"inLanguage\":\"it-IT\",\"potentialAction\":[{\"@type\":\"ReadAction\",\"target\":[\"https:\\\/\\\/www.organisator.ch\\\/operational-excellence\\\/2024-07-02\\\/swiss-cyber-institute-wird-neues-sektormitglied-der-international-telecommunication-union-itu\\\/\"]}]},{\"@type\":\"ImageObject\",\"inLanguage\":\"it-IT\",\"@id\":\"https:\\\/\\\/www.organisator.ch\\\/operational-excellence\\\/2024-07-02\\\/swiss-cyber-institute-wird-neues-sektormitglied-der-international-telecommunication-union-itu\\\/#primaryimage\",\"url\":\"https:\\\/\\\/www.m-q.ch\\\/wp-content\\\/uploads\\\/2024\\\/07\\\/Swiss-Cyber-Isntitute_Bild1_ps.jpg\",\"contentUrl\":\"https:\\\/\\\/www.m-q.ch\\\/wp-content\\\/uploads\\\/2024\\\/07\\\/Swiss-Cyber-Isntitute_Bild1_ps.jpg\"},{\"@type\":\"BreadcrumbList\",\"@id\":\"https:\\\/\\\/www.organisator.ch\\\/operational-excellence\\\/2024-07-02\\\/swiss-cyber-institute-wird-neues-sektormitglied-der-international-telecommunication-union-itu\\\/#breadcrumb\",\"itemListElement\":[{\"@type\":\"ListItem\",\"position\":1,\"name\":\"Home\",\"item\":\"https:\\\/\\\/www.organisator.ch\\\/\"},{\"@type\":\"ListItem\",\"position\":2,\"name\":\"Swiss Cyber Institute wird neues Sektormitglied der International Telecommunication Union (ITU)\"}]},{\"@type\":\"WebSite\",\"@id\":\"https:\\\/\\\/www.organisator.ch\\\/#website\",\"url\":\"https:\\\/\\\/www.organisator.ch\\\/\",\"name\":\"Organisator\",\"description\":\"Kompetent. Praxisnah. Der ORGANISATOR bereitet in 10 Ausgaben pro Jahr die wesentlichen Themen f\u00fcr F\u00fchrungskr\u00e4fte von KMU auf.\",\"publisher\":{\"@id\":\"https:\\\/\\\/www.organisator.ch\\\/#organization\"},\"potentialAction\":[{\"@type\":\"SearchAction\",\"target\":{\"@type\":\"EntryPoint\",\"urlTemplate\":\"https:\\\/\\\/www.organisator.ch\\\/?s={search_term_string}\"},\"query-input\":{\"@type\":\"PropertyValueSpecification\",\"valueRequired\":true,\"valueName\":\"search_term_string\"}}],\"inLanguage\":\"it-IT\"},{\"@type\":\"Organization\",\"@id\":\"https:\\\/\\\/www.organisator.ch\\\/#organization\",\"name\":\"Organisator\",\"url\":\"https:\\\/\\\/www.organisator.ch\\\/\",\"logo\":{\"@type\":\"ImageObject\",\"inLanguage\":\"it-IT\",\"@id\":\"https:\\\/\\\/www.organisator.ch\\\/#\\\/schema\\\/logo\\\/image\\\/\",\"url\":\"https:\\\/\\\/www.organisator.ch\\\/wp-content\\\/uploads\\\/2022\\\/01\\\/Logo_Organisator_Website.png\",\"contentUrl\":\"https:\\\/\\\/www.organisator.ch\\\/wp-content\\\/uploads\\\/2022\\\/01\\\/Logo_Organisator_Website.png\",\"width\":800,\"height\":77,\"caption\":\"Organisator\"},\"image\":{\"@id\":\"https:\\\/\\\/www.organisator.ch\\\/#\\\/schema\\\/logo\\\/image\\\/\"},\"sameAs\":[\"https:\\\/\\\/www.facebook.com\\\/OrganisatorFachmagazin\",\"https:\\\/\\\/www.linkedin.com\\\/showcase\\\/organisator-das-magazin-fr-kmu\",\"https:\\\/\\\/www.xing.com\\\/news\\\/pages\\\/organisator-ch-695\",\"https:\\\/\\\/www.youtube.com\\\/channel\\\/UCGP2Sq0iWaZwT3BdIAQFYpw\"]},{\"@type\":\"Person\",\"@id\":\"https:\\\/\\\/www.organisator.ch\\\/#\\\/schema\\\/person\\\/2e1314a2172123f874db408d8911d3f3\",\"name\":\"Adelisa Kalajdzini\",\"image\":{\"@type\":\"ImageObject\",\"inLanguage\":\"it-IT\",\"@id\":\"https:\\\/\\\/secure.gravatar.com\\\/avatar\\\/09a397c22ac58cad6f160ee8306348599df9df58a8ede73696226897b9fa4b24?s=96&d=mm&r=g\",\"url\":\"https:\\\/\\\/secure.gravatar.com\\\/avatar\\\/09a397c22ac58cad6f160ee8306348599df9df58a8ede73696226897b9fa4b24?s=96&d=mm&r=g\",\"contentUrl\":\"https:\\\/\\\/secure.gravatar.com\\\/avatar\\\/09a397c22ac58cad6f160ee8306348599df9df58a8ede73696226897b9fa4b24?s=96&d=mm&r=g\",\"caption\":\"Adelisa Kalajdzini\"},\"url\":\"https:\\\/\\\/www.organisator.ch\\\/it\\\/author\\\/adelisa-kalajdzini\\\/\"}]}<\/script>\n<!-- \/ Yoast SEO plugin. -->","yoast_head_json":{"title":"Lo Swiss Cyber Institute diventa un nuovo membro settoriale dell'Unione Internazionale delle Telecomunicazioni (UIT) - Organizzatore","description":"Lo Swiss Cyber Institute intende formare 10.000 persone entro il 2027. Partnership con l'ITU per promuovere la resilienza informatica globale.","robots":{"index":"index","follow":"follow","max-snippet":"max-snippet:-1","max-image-preview":"max-image-preview:large","max-video-preview":"max-video-preview:-1"},"canonical":"https:\/\/www.organisator.ch\/it\/eccellenza-operativa\/2024-07-02\/swiss-cyber-institute-wird-neues-sektormitglied-der-international-telecommunication-union-itu\/","og_locale":"it_IT","og_type":"article","og_title":"Swiss Cyber Institute wird neues Sektormitglied der International Telecommunication Union (ITU) - Organisator","og_description":"Swiss Cyber Institute schult 10'000 Personen bis 2027. Partnerschaft mit ITU zur F\u00f6rderung globaler Cyber-Resilienz.","og_url":"https:\/\/www.organisator.ch\/it\/eccellenza-operativa\/2024-07-02\/swiss-cyber-institute-wird-neues-sektormitglied-der-international-telecommunication-union-itu\/","og_site_name":"Organisator","article_publisher":"https:\/\/www.facebook.com\/OrganisatorFachmagazin","article_published_time":"2024-07-02T06:23:01+00:00","article_modified_time":"2024-11-10T07:12:50+00:00","og_image":[{"url":"https:\/\/www.m-q.ch\/wp-content\/uploads\/2024\/07\/Swiss-Cyber-Isntitute_Bild1_ps.jpg","type":"","width":"","height":""}],"author":"Adelisa Kalajdzini","twitter_card":"summary_large_image","schema":{"@context":"https:\/\/schema.org","@graph":[{"@type":"Article","@id":"https:\/\/www.organisator.ch\/operational-excellence\/2024-07-02\/swiss-cyber-institute-wird-neues-sektormitglied-der-international-telecommunication-union-itu\/#article","isPartOf":{"@id":"https:\/\/www.organisator.ch\/operational-excellence\/2024-07-02\/swiss-cyber-institute-wird-neues-sektormitglied-der-international-telecommunication-union-itu\/"},"author":{"name":"Adelisa Kalajdzini","@id":"https:\/\/www.organisator.ch\/#\/schema\/person\/2e1314a2172123f874db408d8911d3f3"},"headline":"Swiss Cyber Institute wird neues Sektormitglied der International Telecommunication Union (ITU)","datePublished":"2024-07-02T06:23:01+00:00","dateModified":"2024-11-10T07:12:50+00:00","mainEntityOfPage":{"@id":"https:\/\/www.organisator.ch\/operational-excellence\/2024-07-02\/swiss-cyber-institute-wird-neues-sektormitglied-der-international-telecommunication-union-itu\/"},"wordCount":571,"publisher":{"@id":"https:\/\/www.organisator.ch\/#organization"},"image":{"@id":"https:\/\/www.organisator.ch\/operational-excellence\/2024-07-02\/swiss-cyber-institute-wird-neues-sektormitglied-der-international-telecommunication-union-itu\/#primaryimage"},"thumbnailUrl":"https:\/\/www.m-q.ch\/wp-content\/uploads\/2024\/07\/Swiss-Cyber-Isntitute_Bild1_ps.jpg","keywords":["Business Excellence","Partnerschaft","Schweiz","Unternehmen"],"articleSection":["OPERATIONAL EXCELLENCE"],"inLanguage":"it-IT"},{"@type":"WebPage","@id":"https:\/\/www.organisator.ch\/operational-excellence\/2024-07-02\/swiss-cyber-institute-wird-neues-sektormitglied-der-international-telecommunication-union-itu\/","url":"https:\/\/www.organisator.ch\/operational-excellence\/2024-07-02\/swiss-cyber-institute-wird-neues-sektormitglied-der-international-telecommunication-union-itu\/","name":"Lo Swiss Cyber Institute diventa un nuovo membro settoriale dell'Unione Internazionale delle Telecomunicazioni (UIT) - Organizzatore","isPartOf":{"@id":"https:\/\/www.organisator.ch\/#website"},"primaryImageOfPage":{"@id":"https:\/\/www.organisator.ch\/operational-excellence\/2024-07-02\/swiss-cyber-institute-wird-neues-sektormitglied-der-international-telecommunication-union-itu\/#primaryimage"},"image":{"@id":"https:\/\/www.organisator.ch\/operational-excellence\/2024-07-02\/swiss-cyber-institute-wird-neues-sektormitglied-der-international-telecommunication-union-itu\/#primaryimage"},"thumbnailUrl":"https:\/\/www.m-q.ch\/wp-content\/uploads\/2024\/07\/Swiss-Cyber-Isntitute_Bild1_ps.jpg","datePublished":"2024-07-02T06:23:01+00:00","dateModified":"2024-11-10T07:12:50+00:00","description":"Lo Swiss Cyber Institute intende formare 10.000 persone entro il 2027. Partnership con l'ITU per promuovere la resilienza informatica globale.","breadcrumb":{"@id":"https:\/\/www.organisator.ch\/operational-excellence\/2024-07-02\/swiss-cyber-institute-wird-neues-sektormitglied-der-international-telecommunication-union-itu\/#breadcrumb"},"inLanguage":"it-IT","potentialAction":[{"@type":"ReadAction","target":["https:\/\/www.organisator.ch\/operational-excellence\/2024-07-02\/swiss-cyber-institute-wird-neues-sektormitglied-der-international-telecommunication-union-itu\/"]}]},{"@type":"ImageObject","inLanguage":"it-IT","@id":"https:\/\/www.organisator.ch\/operational-excellence\/2024-07-02\/swiss-cyber-institute-wird-neues-sektormitglied-der-international-telecommunication-union-itu\/#primaryimage","url":"https:\/\/www.m-q.ch\/wp-content\/uploads\/2024\/07\/Swiss-Cyber-Isntitute_Bild1_ps.jpg","contentUrl":"https:\/\/www.m-q.ch\/wp-content\/uploads\/2024\/07\/Swiss-Cyber-Isntitute_Bild1_ps.jpg"},{"@type":"BreadcrumbList","@id":"https:\/\/www.organisator.ch\/operational-excellence\/2024-07-02\/swiss-cyber-institute-wird-neues-sektormitglied-der-international-telecommunication-union-itu\/#breadcrumb","itemListElement":[{"@type":"ListItem","position":1,"name":"Home","item":"https:\/\/www.organisator.ch\/"},{"@type":"ListItem","position":2,"name":"Swiss Cyber Institute wird neues Sektormitglied der International Telecommunication Union (ITU)"}]},{"@type":"WebSite","@id":"https:\/\/www.organisator.ch\/#website","url":"https:\/\/www.organisator.ch\/","name":"Organizzatore","description":"Competente. Pratico. In 10 numeri all'anno, ORGANISATOR presenta i temi essenziali per i manager delle PMI.","publisher":{"@id":"https:\/\/www.organisator.ch\/#organization"},"potentialAction":[{"@type":"SearchAction","target":{"@type":"EntryPoint","urlTemplate":"https:\/\/www.organisator.ch\/?s={search_term_string}"},"query-input":{"@type":"PropertyValueSpecification","valueRequired":true,"valueName":"search_term_string"}}],"inLanguage":"it-IT"},{"@type":"Organization","@id":"https:\/\/www.organisator.ch\/#organization","name":"Organizzatore","url":"https:\/\/www.organisator.ch\/","logo":{"@type":"ImageObject","inLanguage":"it-IT","@id":"https:\/\/www.organisator.ch\/#\/schema\/logo\/image\/","url":"https:\/\/www.organisator.ch\/wp-content\/uploads\/2022\/01\/Logo_Organisator_Website.png","contentUrl":"https:\/\/www.organisator.ch\/wp-content\/uploads\/2022\/01\/Logo_Organisator_Website.png","width":800,"height":77,"caption":"Organisator"},"image":{"@id":"https:\/\/www.organisator.ch\/#\/schema\/logo\/image\/"},"sameAs":["https:\/\/www.facebook.com\/OrganisatorFachmagazin","https:\/\/www.linkedin.com\/showcase\/organisator-das-magazin-fr-kmu","https:\/\/www.xing.com\/news\/pages\/organisator-ch-695","https:\/\/www.youtube.com\/channel\/UCGP2Sq0iWaZwT3BdIAQFYpw"]},{"@type":"Person","@id":"https:\/\/www.organisator.ch\/#\/schema\/person\/2e1314a2172123f874db408d8911d3f3","name":"Adelisa Kalajdzini","image":{"@type":"ImageObject","inLanguage":"it-IT","@id":"https:\/\/secure.gravatar.com\/avatar\/09a397c22ac58cad6f160ee8306348599df9df58a8ede73696226897b9fa4b24?s=96&d=mm&r=g","url":"https:\/\/secure.gravatar.com\/avatar\/09a397c22ac58cad6f160ee8306348599df9df58a8ede73696226897b9fa4b24?s=96&d=mm&r=g","contentUrl":"https:\/\/secure.gravatar.com\/avatar\/09a397c22ac58cad6f160ee8306348599df9df58a8ede73696226897b9fa4b24?s=96&d=mm&r=g","caption":"Adelisa Kalajdzini"},"url":"https:\/\/www.organisator.ch\/it\/author\/adelisa-kalajdzini\/"}]}},"_links":{"self":[{"href":"https:\/\/www.organisator.ch\/it\/wp-json\/wp\/v2\/posts\/28171","targetHints":{"allow":["GET"]}}],"collection":[{"href":"https:\/\/www.organisator.ch\/it\/wp-json\/wp\/v2\/posts"}],"about":[{"href":"https:\/\/www.organisator.ch\/it\/wp-json\/wp\/v2\/types\/post"}],"author":[{"embeddable":true,"href":"https:\/\/www.organisator.ch\/it\/wp-json\/wp\/v2\/users\/58"}],"replies":[{"embeddable":true,"href":"https:\/\/www.organisator.ch\/it\/wp-json\/wp\/v2\/comments?post=28171"}],"version-history":[{"count":5,"href":"https:\/\/www.organisator.ch\/it\/wp-json\/wp\/v2\/posts\/28171\/revisions"}],"predecessor-version":[{"id":32139,"href":"https:\/\/www.organisator.ch\/it\/wp-json\/wp\/v2\/posts\/28171\/revisions\/32139"}],"wp:attachment":[{"href":"https:\/\/www.organisator.ch\/it\/wp-json\/wp\/v2\/media?parent=28171"}],"wp:term":[{"taxonomy":"category","embeddable":true,"href":"https:\/\/www.organisator.ch\/it\/wp-json\/wp\/v2\/categories?post=28171"},{"taxonomy":"post_tag","embeddable":true,"href":"https:\/\/www.organisator.ch\/it\/wp-json\/wp\/v2\/tags?post=28171"}],"curies":[{"name":"wp","href":"https:\/\/api.w.org\/{rel}","templated":true}]}}