{"id":28184,"date":"2024-07-02T13:39:30","date_gmt":"2024-07-02T11:39:30","guid":{"rendered":"https:\/\/www.m-q.ch\/?p=19991"},"modified":"2024-11-10T08:16:49","modified_gmt":"2024-11-10T07:16:49","slug":"advact-ag-gruendet-schwesterunternehmen-pentryx-ag","status":"publish","type":"post","link":"https:\/\/www.organisator.ch\/it\/operational-excellence\/2024-07-02\/advact-ag-gruendet-schwesterunternehmen-pentryx-ag\/","title":{"rendered":"Advact AG fonda la societ\u00e0 sorella Pentryx AG"},"content":{"rendered":"<figure id=\"attachment_19993\" class=\"wp-caption alignnone\" style=\"width: 680px\" aria-describedby=\"caption-attachment-19993\"><img class=\"alignnone wp-image-19993 size-full\" src=\"https:\/\/www.m-q.ch\/wp-content\/uploads\/2024\/07\/CEOs-Advact-und-Pentryx_Bild1_ps.jpg\" alt=\"advact Penetrationtesting \" width=\"680\" height=\"463\" \/>\r\n<figcaption id=\"caption-attachment-19993\" class=\"wp-caption-text\">(f.l.t.r.) Marcel Oberli e Markus Helfer, co-CEO di advact AG, Anton Brunner, CEO di Pentryx AG. (Immagine: www.advact.ch)<\/figcaption>\r\n<\/figure>\r\n<p>A partire dal 1\u00b0 agosto 2024, advact AG compie un passo innovativo: scorpora la sua divisione \"Penetration Testing e Security Consulting\" e la porta avanti sotto la nuova societ\u00e0 \"Pentryx AG\". I quattro esperti consulenti di sicurezza di advact AG passeranno senza problemi a Pentryx AG per continuare a supportare i loro clienti nel settore della sicurezza informatica. Il nuovo CEO di Pentryx AG \u00e8 Anton Brunner, che pu\u00f2 vantare una vasta esperienza, tra cui quella di CISO presso il Fondo Nazionale Svizzero per la Ricerca Scientifica, il Gruppo Securitas e quella di consulente di sicurezza presso advact AG. Nel frattempo, Markus Helfer e Marcel Oberli, co-CEO di advact AG, insieme al loro team di ingegneri e sviluppatori di sicurezza, si concentrano sempre pi\u00f9 sulla sicurezza della posta elettronica. Il collaudato servizio di phishing rimarr\u00e0 in advact e sar\u00e0 integrato quest'estate con nuove ed entusiasmanti funzioni che offriranno una protezione completa contro le minacce via e-mail.<\/p>\r\n<h3><strong>Definire il futuro e la partecipazione dei dipendenti <\/strong><\/h3>\r\n<p>Markus Helfer e Marcel Oberli rimangono azionisti di maggioranza di entrambe le societ\u00e0 e sono attivi operativamente in advact AG, mentre sono rappresentati nei consigli di amministrazione di entrambe le societ\u00e0. Ai dipendenti di entrambe le societ\u00e0 verr\u00e0 offerta la possibilit\u00e0 di partecipare al successo delle aziende acquistando azioni. Questa opzione \u00e8 stata un fattore decisivo per lo spin-off, al fine di offrire ai dipendenti della divisione \"Security Consulting\" una prospettiva stimolante e un'azienda propria.<\/p>\r\n<h3><strong>Valore aggiunto per clienti e dipendenti <\/strong><\/h3>\r\n<p>La riorganizzazione comporter\u00e0 numerosi vantaggi che riguarderanno direttamente sia i clienti che i dipendenti. I clienti del servizio phishing di advact AG potranno contare su una maggiore attenzione al tema della \"sicurezza delle e-mail\", che fornir\u00e0 loro una protezione ancora pi\u00f9 completa contro le minacce. I clienti dei test di penetrazione di advact AG continueranno a lavorare con i loro consulenti di sicurezza di fiducia. Allo stesso tempo, beneficeranno della gestione del nuovo CEO Anton Brunner, che sar\u00e0 disponibile come interlocutore esperto e competente.<\/p>\r\n<p>Un altro vantaggio significativo riguarda i dipendenti della neonata Pentryx AG. Essi hanno la possibilit\u00e0 di partecipare attivamente allo sviluppo dell'azienda e quindi di beneficiare del suo successo. I dipendenti di advact AG hanno anche la possibilit\u00e0 di partecipare finanziariamente all'azienda. Grazie al loro impegno, possono quindi avere un'influenza diretta sul successo e sullo sviluppo degli utili di advact AG.<\/p>\r\n<h3><strong>Il cambiamento strutturale rafforza la posizione di mercato <\/strong><\/h3>\r\n<p>Questo cambiamento strutturale non solo crea responsabilit\u00e0 e priorit\u00e0 chiare, ma promuove anche la partecipazione e la motivazione dei dipendenti di entrambe le societ\u00e0. A lungo termine, questo porter\u00e0 a un posizionamento pi\u00f9 forte e di successo sul mercato. \"La separazione ci permette di offrire ai nostri dipendenti nel settore della consulenza sulla sicurezza prospettive interessanti e un'azienda propria. Allo stesso tempo, possiamo rafforzare la nostra attenzione alla sicurezza delle e-mail e fornire ai nostri clienti un'assistenza ancora pi\u00f9 mirata in entrambi i settori\", spiega Marcel Oberli.<\/p>\r\n<p><em>Fonte: <a href=\"http:\/\/www.advact.ch\/\">www.advact.ch<\/a><\/em><\/p>\n<p class=\"syndicated-attribution\">Questo articolo \u00e8 apparso originariamente su m-q.ch - <a href=\"https:\/\/www.m-q.ch\/de\/advact-ag-gruendet-schwesterunternehmen-pentryx-ag\/\" target=\"_blank\">https:\/\/www.m-q.ch\/de\/advact-ag-gruendet-schwesterunternehmen-pentryx-ag\/<\/a><\/p>","protected":false},"excerpt":{"rendered":"<p>advact AG compie un nuovo passo nel suo sviluppo. A partire dal 1\u00b0 agosto 2024, la divisione \"Penetration Testing e Security Consulting\" sar\u00e0 portata avanti sotto l'egida della nuova societ\u00e0 Pentryx AG con i quattro consulenti di sicurezza esistenti.<\/p>","protected":false},"author":58,"featured_media":0,"comment_status":"closed","ping_status":"closed","sticky":false,"template":"","format":"standard","meta":{"_acf_changed":false,"_yoast_wpseo_focuskw":"advact Penetrationtesting","_yoast_wpseo_metadesc":"advact AG gliedert Penetrationtesting aus. Pentryx AG unter CEO Anton Brunner \u00fcbernimmt, advact fokussiert auf E-Mail-Sicherheit.","articlekey":"","footnotes":""},"categories":[582],"tags":[4295,418,424,492],"class_list":["post-28184","post","type-post","status-publish","format-standard","hentry","category-operational-excellence","tag-neugruendung","tag-risikomanagement","tag-schweiz","tag-unternehmen"],"acf":[],"yoast_head":"<!-- This site is optimized with the Yoast SEO plugin v27.4 - https:\/\/yoast.com\/product\/yoast-seo-wordpress\/ -->\n<title>Advact AG gr\u00fcndet Schwesterunternehmen Pentryx AG - Organisator<\/title>\n<meta name=\"description\" content=\"advact AG gliedert Penetrationtesting aus. Pentryx AG unter CEO Anton Brunner \u00fcbernimmt, advact fokussiert auf E-Mail-Sicherheit.\" \/>\n<meta name=\"robots\" content=\"index, follow, max-snippet:-1, max-image-preview:large, max-video-preview:-1\" \/>\n<link rel=\"canonical\" href=\"https:\/\/www.organisator.ch\/it\/eccellenza-operativa\/2024-07-02\/advact-ag-gruendet-schwesterunternehmen-pentryx-ag\/\" \/>\n<meta property=\"og:locale\" content=\"it_IT\" \/>\n<meta property=\"og:type\" content=\"article\" \/>\n<meta property=\"og:title\" content=\"Advact AG gr\u00fcndet Schwesterunternehmen Pentryx AG - Organisator\" \/>\n<meta property=\"og:description\" content=\"advact AG gliedert Penetrationtesting aus. Pentryx AG unter CEO Anton Brunner \u00fcbernimmt, advact fokussiert auf E-Mail-Sicherheit.\" \/>\n<meta property=\"og:url\" content=\"https:\/\/www.organisator.ch\/it\/eccellenza-operativa\/2024-07-02\/advact-ag-gruendet-schwesterunternehmen-pentryx-ag\/\" \/>\n<meta property=\"og:site_name\" content=\"Organisator\" \/>\n<meta property=\"article:publisher\" content=\"https:\/\/www.facebook.com\/OrganisatorFachmagazin\" \/>\n<meta property=\"article:published_time\" content=\"2024-07-02T11:39:30+00:00\" \/>\n<meta property=\"article:modified_time\" content=\"2024-11-10T07:16:49+00:00\" \/>\n<meta property=\"og:image\" content=\"https:\/\/www.m-q.ch\/wp-content\/uploads\/2024\/07\/CEOs-Advact-und-Pentryx_Bild1_ps.jpg\" \/>\n<meta name=\"author\" content=\"Adelisa Kalajdzini\" \/>\n<meta name=\"twitter:card\" content=\"summary_large_image\" \/>\n<script type=\"application\/ld+json\" class=\"yoast-schema-graph\">{\"@context\":\"https:\\\/\\\/schema.org\",\"@graph\":[{\"@type\":\"Article\",\"@id\":\"https:\\\/\\\/www.organisator.ch\\\/operational-excellence\\\/2024-07-02\\\/advact-ag-gruendet-schwesterunternehmen-pentryx-ag\\\/#article\",\"isPartOf\":{\"@id\":\"https:\\\/\\\/www.organisator.ch\\\/operational-excellence\\\/2024-07-02\\\/advact-ag-gruendet-schwesterunternehmen-pentryx-ag\\\/\"},\"author\":{\"name\":\"Adelisa Kalajdzini\",\"@id\":\"https:\\\/\\\/www.organisator.ch\\\/#\\\/schema\\\/person\\\/2e1314a2172123f874db408d8911d3f3\"},\"headline\":\"Advact AG gr\u00fcndet Schwesterunternehmen Pentryx AG\",\"datePublished\":\"2024-07-02T11:39:30+00:00\",\"dateModified\":\"2024-11-10T07:16:49+00:00\",\"mainEntityOfPage\":{\"@id\":\"https:\\\/\\\/www.organisator.ch\\\/operational-excellence\\\/2024-07-02\\\/advact-ag-gruendet-schwesterunternehmen-pentryx-ag\\\/\"},\"wordCount\":497,\"publisher\":{\"@id\":\"https:\\\/\\\/www.organisator.ch\\\/#organization\"},\"image\":{\"@id\":\"https:\\\/\\\/www.organisator.ch\\\/operational-excellence\\\/2024-07-02\\\/advact-ag-gruendet-schwesterunternehmen-pentryx-ag\\\/#primaryimage\"},\"thumbnailUrl\":\"https:\\\/\\\/www.m-q.ch\\\/wp-content\\\/uploads\\\/2024\\\/07\\\/CEOs-Advact-und-Pentryx_Bild1_ps.jpg\",\"keywords\":[\"Neugr\u00fcndung\",\"Risikomanagement\",\"Schweiz\",\"Unternehmen\"],\"articleSection\":[\"OPERATIONAL EXCELLENCE\"],\"inLanguage\":\"it-IT\"},{\"@type\":\"WebPage\",\"@id\":\"https:\\\/\\\/www.organisator.ch\\\/operational-excellence\\\/2024-07-02\\\/advact-ag-gruendet-schwesterunternehmen-pentryx-ag\\\/\",\"url\":\"https:\\\/\\\/www.organisator.ch\\\/operational-excellence\\\/2024-07-02\\\/advact-ag-gruendet-schwesterunternehmen-pentryx-ag\\\/\",\"name\":\"Advact AG gr\u00fcndet Schwesterunternehmen Pentryx AG - Organisator\",\"isPartOf\":{\"@id\":\"https:\\\/\\\/www.organisator.ch\\\/#website\"},\"primaryImageOfPage\":{\"@id\":\"https:\\\/\\\/www.organisator.ch\\\/operational-excellence\\\/2024-07-02\\\/advact-ag-gruendet-schwesterunternehmen-pentryx-ag\\\/#primaryimage\"},\"image\":{\"@id\":\"https:\\\/\\\/www.organisator.ch\\\/operational-excellence\\\/2024-07-02\\\/advact-ag-gruendet-schwesterunternehmen-pentryx-ag\\\/#primaryimage\"},\"thumbnailUrl\":\"https:\\\/\\\/www.m-q.ch\\\/wp-content\\\/uploads\\\/2024\\\/07\\\/CEOs-Advact-und-Pentryx_Bild1_ps.jpg\",\"datePublished\":\"2024-07-02T11:39:30+00:00\",\"dateModified\":\"2024-11-10T07:16:49+00:00\",\"description\":\"advact AG gliedert Penetrationtesting aus. Pentryx AG unter CEO Anton Brunner \u00fcbernimmt, advact fokussiert auf E-Mail-Sicherheit.\",\"breadcrumb\":{\"@id\":\"https:\\\/\\\/www.organisator.ch\\\/operational-excellence\\\/2024-07-02\\\/advact-ag-gruendet-schwesterunternehmen-pentryx-ag\\\/#breadcrumb\"},\"inLanguage\":\"it-IT\",\"potentialAction\":[{\"@type\":\"ReadAction\",\"target\":[\"https:\\\/\\\/www.organisator.ch\\\/operational-excellence\\\/2024-07-02\\\/advact-ag-gruendet-schwesterunternehmen-pentryx-ag\\\/\"]}]},{\"@type\":\"ImageObject\",\"inLanguage\":\"it-IT\",\"@id\":\"https:\\\/\\\/www.organisator.ch\\\/operational-excellence\\\/2024-07-02\\\/advact-ag-gruendet-schwesterunternehmen-pentryx-ag\\\/#primaryimage\",\"url\":\"https:\\\/\\\/www.m-q.ch\\\/wp-content\\\/uploads\\\/2024\\\/07\\\/CEOs-Advact-und-Pentryx_Bild1_ps.jpg\",\"contentUrl\":\"https:\\\/\\\/www.m-q.ch\\\/wp-content\\\/uploads\\\/2024\\\/07\\\/CEOs-Advact-und-Pentryx_Bild1_ps.jpg\"},{\"@type\":\"BreadcrumbList\",\"@id\":\"https:\\\/\\\/www.organisator.ch\\\/operational-excellence\\\/2024-07-02\\\/advact-ag-gruendet-schwesterunternehmen-pentryx-ag\\\/#breadcrumb\",\"itemListElement\":[{\"@type\":\"ListItem\",\"position\":1,\"name\":\"Home\",\"item\":\"https:\\\/\\\/www.organisator.ch\\\/\"},{\"@type\":\"ListItem\",\"position\":2,\"name\":\"Advact AG gr\u00fcndet Schwesterunternehmen Pentryx AG\"}]},{\"@type\":\"WebSite\",\"@id\":\"https:\\\/\\\/www.organisator.ch\\\/#website\",\"url\":\"https:\\\/\\\/www.organisator.ch\\\/\",\"name\":\"Organisator\",\"description\":\"Kompetent. Praxisnah. Der ORGANISATOR bereitet in 10 Ausgaben pro Jahr die wesentlichen Themen f\u00fcr F\u00fchrungskr\u00e4fte von KMU auf.\",\"publisher\":{\"@id\":\"https:\\\/\\\/www.organisator.ch\\\/#organization\"},\"potentialAction\":[{\"@type\":\"SearchAction\",\"target\":{\"@type\":\"EntryPoint\",\"urlTemplate\":\"https:\\\/\\\/www.organisator.ch\\\/?s={search_term_string}\"},\"query-input\":{\"@type\":\"PropertyValueSpecification\",\"valueRequired\":true,\"valueName\":\"search_term_string\"}}],\"inLanguage\":\"it-IT\"},{\"@type\":\"Organization\",\"@id\":\"https:\\\/\\\/www.organisator.ch\\\/#organization\",\"name\":\"Organisator\",\"url\":\"https:\\\/\\\/www.organisator.ch\\\/\",\"logo\":{\"@type\":\"ImageObject\",\"inLanguage\":\"it-IT\",\"@id\":\"https:\\\/\\\/www.organisator.ch\\\/#\\\/schema\\\/logo\\\/image\\\/\",\"url\":\"https:\\\/\\\/www.organisator.ch\\\/wp-content\\\/uploads\\\/2022\\\/01\\\/Logo_Organisator_Website.png\",\"contentUrl\":\"https:\\\/\\\/www.organisator.ch\\\/wp-content\\\/uploads\\\/2022\\\/01\\\/Logo_Organisator_Website.png\",\"width\":800,\"height\":77,\"caption\":\"Organisator\"},\"image\":{\"@id\":\"https:\\\/\\\/www.organisator.ch\\\/#\\\/schema\\\/logo\\\/image\\\/\"},\"sameAs\":[\"https:\\\/\\\/www.facebook.com\\\/OrganisatorFachmagazin\",\"https:\\\/\\\/www.linkedin.com\\\/showcase\\\/organisator-das-magazin-fr-kmu\",\"https:\\\/\\\/www.xing.com\\\/news\\\/pages\\\/organisator-ch-695\",\"https:\\\/\\\/www.youtube.com\\\/channel\\\/UCGP2Sq0iWaZwT3BdIAQFYpw\"]},{\"@type\":\"Person\",\"@id\":\"https:\\\/\\\/www.organisator.ch\\\/#\\\/schema\\\/person\\\/2e1314a2172123f874db408d8911d3f3\",\"name\":\"Adelisa Kalajdzini\",\"image\":{\"@type\":\"ImageObject\",\"inLanguage\":\"it-IT\",\"@id\":\"https:\\\/\\\/secure.gravatar.com\\\/avatar\\\/09a397c22ac58cad6f160ee8306348599df9df58a8ede73696226897b9fa4b24?s=96&d=mm&r=g\",\"url\":\"https:\\\/\\\/secure.gravatar.com\\\/avatar\\\/09a397c22ac58cad6f160ee8306348599df9df58a8ede73696226897b9fa4b24?s=96&d=mm&r=g\",\"contentUrl\":\"https:\\\/\\\/secure.gravatar.com\\\/avatar\\\/09a397c22ac58cad6f160ee8306348599df9df58a8ede73696226897b9fa4b24?s=96&d=mm&r=g\",\"caption\":\"Adelisa Kalajdzini\"},\"url\":\"https:\\\/\\\/www.organisator.ch\\\/it\\\/author\\\/adelisa-kalajdzini\\\/\"}]}<\/script>\n<!-- \/ Yoast SEO plugin. -->","yoast_head_json":{"title":"Advact AG fonda la societ\u00e0 sorella Pentryx AG - Organizzatore","description":"advact AG esternalizza i test di penetrazione. Pentryx AG, sotto la guida del CEO Anton Brunner, prende il controllo, advact si concentra sulla sicurezza delle e-mail.","robots":{"index":"index","follow":"follow","max-snippet":"max-snippet:-1","max-image-preview":"max-image-preview:large","max-video-preview":"max-video-preview:-1"},"canonical":"https:\/\/www.organisator.ch\/it\/eccellenza-operativa\/2024-07-02\/advact-ag-gruendet-schwesterunternehmen-pentryx-ag\/","og_locale":"it_IT","og_type":"article","og_title":"Advact AG gr\u00fcndet Schwesterunternehmen Pentryx AG - Organisator","og_description":"advact AG gliedert Penetrationtesting aus. Pentryx AG unter CEO Anton Brunner \u00fcbernimmt, advact fokussiert auf E-Mail-Sicherheit.","og_url":"https:\/\/www.organisator.ch\/it\/eccellenza-operativa\/2024-07-02\/advact-ag-gruendet-schwesterunternehmen-pentryx-ag\/","og_site_name":"Organisator","article_publisher":"https:\/\/www.facebook.com\/OrganisatorFachmagazin","article_published_time":"2024-07-02T11:39:30+00:00","article_modified_time":"2024-11-10T07:16:49+00:00","og_image":[{"url":"https:\/\/www.m-q.ch\/wp-content\/uploads\/2024\/07\/CEOs-Advact-und-Pentryx_Bild1_ps.jpg","type":"","width":"","height":""}],"author":"Adelisa Kalajdzini","twitter_card":"summary_large_image","schema":{"@context":"https:\/\/schema.org","@graph":[{"@type":"Article","@id":"https:\/\/www.organisator.ch\/operational-excellence\/2024-07-02\/advact-ag-gruendet-schwesterunternehmen-pentryx-ag\/#article","isPartOf":{"@id":"https:\/\/www.organisator.ch\/operational-excellence\/2024-07-02\/advact-ag-gruendet-schwesterunternehmen-pentryx-ag\/"},"author":{"name":"Adelisa Kalajdzini","@id":"https:\/\/www.organisator.ch\/#\/schema\/person\/2e1314a2172123f874db408d8911d3f3"},"headline":"Advact AG gr\u00fcndet Schwesterunternehmen Pentryx AG","datePublished":"2024-07-02T11:39:30+00:00","dateModified":"2024-11-10T07:16:49+00:00","mainEntityOfPage":{"@id":"https:\/\/www.organisator.ch\/operational-excellence\/2024-07-02\/advact-ag-gruendet-schwesterunternehmen-pentryx-ag\/"},"wordCount":497,"publisher":{"@id":"https:\/\/www.organisator.ch\/#organization"},"image":{"@id":"https:\/\/www.organisator.ch\/operational-excellence\/2024-07-02\/advact-ag-gruendet-schwesterunternehmen-pentryx-ag\/#primaryimage"},"thumbnailUrl":"https:\/\/www.m-q.ch\/wp-content\/uploads\/2024\/07\/CEOs-Advact-und-Pentryx_Bild1_ps.jpg","keywords":["Neugr\u00fcndung","Risikomanagement","Schweiz","Unternehmen"],"articleSection":["OPERATIONAL EXCELLENCE"],"inLanguage":"it-IT"},{"@type":"WebPage","@id":"https:\/\/www.organisator.ch\/operational-excellence\/2024-07-02\/advact-ag-gruendet-schwesterunternehmen-pentryx-ag\/","url":"https:\/\/www.organisator.ch\/operational-excellence\/2024-07-02\/advact-ag-gruendet-schwesterunternehmen-pentryx-ag\/","name":"Advact AG fonda la societ\u00e0 sorella Pentryx AG - Organizzatore","isPartOf":{"@id":"https:\/\/www.organisator.ch\/#website"},"primaryImageOfPage":{"@id":"https:\/\/www.organisator.ch\/operational-excellence\/2024-07-02\/advact-ag-gruendet-schwesterunternehmen-pentryx-ag\/#primaryimage"},"image":{"@id":"https:\/\/www.organisator.ch\/operational-excellence\/2024-07-02\/advact-ag-gruendet-schwesterunternehmen-pentryx-ag\/#primaryimage"},"thumbnailUrl":"https:\/\/www.m-q.ch\/wp-content\/uploads\/2024\/07\/CEOs-Advact-und-Pentryx_Bild1_ps.jpg","datePublished":"2024-07-02T11:39:30+00:00","dateModified":"2024-11-10T07:16:49+00:00","description":"advact AG esternalizza i test di penetrazione. Pentryx AG, sotto la guida del CEO Anton Brunner, prende il controllo, advact si concentra sulla sicurezza delle e-mail.","breadcrumb":{"@id":"https:\/\/www.organisator.ch\/operational-excellence\/2024-07-02\/advact-ag-gruendet-schwesterunternehmen-pentryx-ag\/#breadcrumb"},"inLanguage":"it-IT","potentialAction":[{"@type":"ReadAction","target":["https:\/\/www.organisator.ch\/operational-excellence\/2024-07-02\/advact-ag-gruendet-schwesterunternehmen-pentryx-ag\/"]}]},{"@type":"ImageObject","inLanguage":"it-IT","@id":"https:\/\/www.organisator.ch\/operational-excellence\/2024-07-02\/advact-ag-gruendet-schwesterunternehmen-pentryx-ag\/#primaryimage","url":"https:\/\/www.m-q.ch\/wp-content\/uploads\/2024\/07\/CEOs-Advact-und-Pentryx_Bild1_ps.jpg","contentUrl":"https:\/\/www.m-q.ch\/wp-content\/uploads\/2024\/07\/CEOs-Advact-und-Pentryx_Bild1_ps.jpg"},{"@type":"BreadcrumbList","@id":"https:\/\/www.organisator.ch\/operational-excellence\/2024-07-02\/advact-ag-gruendet-schwesterunternehmen-pentryx-ag\/#breadcrumb","itemListElement":[{"@type":"ListItem","position":1,"name":"Home","item":"https:\/\/www.organisator.ch\/"},{"@type":"ListItem","position":2,"name":"Advact AG gr\u00fcndet Schwesterunternehmen Pentryx AG"}]},{"@type":"WebSite","@id":"https:\/\/www.organisator.ch\/#website","url":"https:\/\/www.organisator.ch\/","name":"Organizzatore","description":"Competente. Pratico. In 10 numeri all'anno, ORGANISATOR presenta i temi essenziali per i manager delle PMI.","publisher":{"@id":"https:\/\/www.organisator.ch\/#organization"},"potentialAction":[{"@type":"SearchAction","target":{"@type":"EntryPoint","urlTemplate":"https:\/\/www.organisator.ch\/?s={search_term_string}"},"query-input":{"@type":"PropertyValueSpecification","valueRequired":true,"valueName":"search_term_string"}}],"inLanguage":"it-IT"},{"@type":"Organization","@id":"https:\/\/www.organisator.ch\/#organization","name":"Organizzatore","url":"https:\/\/www.organisator.ch\/","logo":{"@type":"ImageObject","inLanguage":"it-IT","@id":"https:\/\/www.organisator.ch\/#\/schema\/logo\/image\/","url":"https:\/\/www.organisator.ch\/wp-content\/uploads\/2022\/01\/Logo_Organisator_Website.png","contentUrl":"https:\/\/www.organisator.ch\/wp-content\/uploads\/2022\/01\/Logo_Organisator_Website.png","width":800,"height":77,"caption":"Organisator"},"image":{"@id":"https:\/\/www.organisator.ch\/#\/schema\/logo\/image\/"},"sameAs":["https:\/\/www.facebook.com\/OrganisatorFachmagazin","https:\/\/www.linkedin.com\/showcase\/organisator-das-magazin-fr-kmu","https:\/\/www.xing.com\/news\/pages\/organisator-ch-695","https:\/\/www.youtube.com\/channel\/UCGP2Sq0iWaZwT3BdIAQFYpw"]},{"@type":"Person","@id":"https:\/\/www.organisator.ch\/#\/schema\/person\/2e1314a2172123f874db408d8911d3f3","name":"Adelisa Kalajdzini","image":{"@type":"ImageObject","inLanguage":"it-IT","@id":"https:\/\/secure.gravatar.com\/avatar\/09a397c22ac58cad6f160ee8306348599df9df58a8ede73696226897b9fa4b24?s=96&d=mm&r=g","url":"https:\/\/secure.gravatar.com\/avatar\/09a397c22ac58cad6f160ee8306348599df9df58a8ede73696226897b9fa4b24?s=96&d=mm&r=g","contentUrl":"https:\/\/secure.gravatar.com\/avatar\/09a397c22ac58cad6f160ee8306348599df9df58a8ede73696226897b9fa4b24?s=96&d=mm&r=g","caption":"Adelisa Kalajdzini"},"url":"https:\/\/www.organisator.ch\/it\/author\/adelisa-kalajdzini\/"}]}},"_links":{"self":[{"href":"https:\/\/www.organisator.ch\/it\/wp-json\/wp\/v2\/posts\/28184","targetHints":{"allow":["GET"]}}],"collection":[{"href":"https:\/\/www.organisator.ch\/it\/wp-json\/wp\/v2\/posts"}],"about":[{"href":"https:\/\/www.organisator.ch\/it\/wp-json\/wp\/v2\/types\/post"}],"author":[{"embeddable":true,"href":"https:\/\/www.organisator.ch\/it\/wp-json\/wp\/v2\/users\/58"}],"replies":[{"embeddable":true,"href":"https:\/\/www.organisator.ch\/it\/wp-json\/wp\/v2\/comments?post=28184"}],"version-history":[{"count":7,"href":"https:\/\/www.organisator.ch\/it\/wp-json\/wp\/v2\/posts\/28184\/revisions"}],"predecessor-version":[{"id":32140,"href":"https:\/\/www.organisator.ch\/it\/wp-json\/wp\/v2\/posts\/28184\/revisions\/32140"}],"wp:attachment":[{"href":"https:\/\/www.organisator.ch\/it\/wp-json\/wp\/v2\/media?parent=28184"}],"wp:term":[{"taxonomy":"category","embeddable":true,"href":"https:\/\/www.organisator.ch\/it\/wp-json\/wp\/v2\/categories?post=28184"},{"taxonomy":"post_tag","embeddable":true,"href":"https:\/\/www.organisator.ch\/it\/wp-json\/wp\/v2\/tags?post=28184"}],"curies":[{"name":"wp","href":"https:\/\/api.w.org\/{rel}","templated":true}]}}