{"id":28229,"date":"2024-07-03T16:31:50","date_gmt":"2024-07-03T14:31:50","guid":{"rendered":"https:\/\/www.werbewoche.ch\/?p=217588"},"modified":"2024-11-10T08:05:49","modified_gmt":"2024-11-10T07:05:49","slug":"process-mit-neuem-markenauftritt-fuer-die-gemeinde-regensdorf","status":"publish","type":"post","link":"https:\/\/www.organisator.ch\/it\/marketing\/2024-07-03\/process-mit-neuem-markenauftritt-fuer-die-gemeinde-regensdorf\/","title":{"rendered":"Processo con una nuova identit\u00e0 del marchio per il comune di Regensdorf"},"content":{"rendered":"<p><img class=\"aligncenter wp-image-217594 size-full\" src=\"https:\/\/www.werbewoche.ch\/wp-content\/uploads\/2024\/07\/01_Regensdorf_Logo.jpg\" alt=\"Regensdorf \" width=\"1200\" height=\"675\" \/><\/p>\r\n<p>Die Gemeinde Regensdorf entwickelt sich innerhalb der n\u00e4chsten Jahre zu einer der modernsten Gemeinden im Kanton Z\u00fcrich. Nebst grossen Infrastrukturprojekten, wie dem Bahnhof Nord, sind auch \u00fcber 2\u2018000 Wohnungen geplant oder bereits im Bau. Hinzu kommt das Ansiedeln von Gewerbe und umfangreiche Investitionen in die Lebensqualit\u00e4t innerhalb der Gemeinde.<\/p>\r\n<p>Um all diesen Ver\u00e4nderungen kommunikativ gerecht zu werden und um die Attraktivit\u00e4t der Gemeinde die n\u00e4chsten Jahre zielf\u00fchrend nach aussen zu tragen, wurde in enger Zusammenarbeit mit der Agentur Process die Marke Regensdorf strategisch neu ausgerichtet, entwickelt und umgesetzt.<\/p>\r\n<p>Im Zuge der Neuausrichtung der Marke wurde die gesamte Markenarchitektur innerhalb der Gemeinde gesch\u00e4rft, neu hierarchisiert und kommunikativ priorisiert. Die alte Bildmarke wurde komplett erneuert und das gesamte Corporate Design neu konzipiert und kanal\u00fcbergreifend definiert.<\/p>\r\n<p><img class=\"aligncenter size-full wp-image-217598\" src=\"https:\/\/www.werbewoche.ch\/wp-content\/uploads\/2024\/07\/03_Regensdorf_Branding.jpg\" alt=\"\" width=\"1200\" height=\"675\" \/><\/p>\r\n<p><a href=\"https:\/\/www.werbewoche.ch\/wp-content\/uploads\/2024\/07\/08_Regensdorf_Branding.jpg\"><img class=\"attachment-full size-full\" src=\"https:\/\/www.werbewoche.ch\/wp-content\/uploads\/2024\/07\/08_Regensdorf_Branding.jpg\" alt=\"\" width=\"1200\" height=\"675\" \/><\/a> <a href=\"https:\/\/www.werbewoche.ch\/wp-content\/uploads\/2024\/07\/00_Regensdorf_Keyvisual.jpg\"><img class=\"attachment-full size-full\" src=\"https:\/\/www.werbewoche.ch\/wp-content\/uploads\/2024\/07\/00_Regensdorf_Keyvisual.jpg\" alt=\"\" width=\"1200\" height=\"675\" \/><\/a> <a href=\"https:\/\/www.werbewoche.ch\/wp-content\/uploads\/2024\/07\/05_Regensdorf_Branding.jpg\"><img class=\"attachment-full size-full\" src=\"https:\/\/www.werbewoche.ch\/wp-content\/uploads\/2024\/07\/05_Regensdorf_Branding.jpg\" alt=\"\" width=\"1200\" height=\"675\" \/><\/a><\/p>\r\n<p>Hierf\u00fcr wurden unter anderem Templates und Vorlagen f\u00fcr s\u00e4mtliche kommunikativen Kan\u00e4le und Medien, bis hin zu amtlichen Dokumenten und Vorlagen, die innerhalb der Gemeinde implementiert und ausgerollt werden, entwickelt und umgesetzt.<\/p>\r\n<p>\u00abIn Zeiten des Wandels und grossen Wachstums, in dem sich Regensdorf befindet, ist es entscheidend, dass unsere Kommunikation klar, einheitlich und konsistent ist\u00bb, so die Kommunikationsverantwortliche Sandrine Rickli. \u00abUnser neues Erscheinungsbild erm\u00f6glicht es uns, den kommunikativen Anforderungen gerecht zu werden und unsere Botschaften ansprechend und verst\u00e4ndlich zu vermitteln.\u00bb<\/p>\r\n<div class=\"wp-video\" style=\"width: 768px\"><!-- [if lt IE 9]&gt;document.createElement('video');&lt;![endif]--> <video id=\"video-217588-1\" class=\"wp-video-shortcode\" preload=\"metadata\" controls=\"controls\" width=\"768\" height=\"432\"><a href=\"https:\/\/www.werbewoche.ch\/wp-content\/uploads\/2024\/07\/09_Regensdorf_Marke_Animation.mp4\">https:\/\/www.werbewoche.ch\/wp-content\/uploads\/2024\/07\/09_Regensdorf_Marke_Animation.mp4<\/a><\/video><\/div>\r\n<p><a href=\"https:\/\/www.werbewoche.ch\/wp-content\/uploads\/2024\/07\/07_Regensdorf_Branding.jpg\"><img class=\"attachment-full size-full\" src=\"https:\/\/www.werbewoche.ch\/wp-content\/uploads\/2024\/07\/07_Regensdorf_Branding.jpg\" alt=\"\" width=\"1200\" height=\"675\" \/><\/a> <a href=\"https:\/\/www.werbewoche.ch\/wp-content\/uploads\/2024\/07\/02_Regensdorf_Logo.jpg\"><img class=\"attachment-full size-full\" src=\"https:\/\/www.werbewoche.ch\/wp-content\/uploads\/2024\/07\/02_Regensdorf_Logo.jpg\" alt=\"\" width=\"1200\" height=\"675\" \/><\/a> <a href=\"https:\/\/www.werbewoche.ch\/wp-content\/uploads\/2024\/07\/04_Regensdorf_Branding.jpg\"><img class=\"attachment-full size-full\" src=\"https:\/\/www.werbewoche.ch\/wp-content\/uploads\/2024\/07\/04_Regensdorf_Branding.jpg\" alt=\"\" width=\"1200\" height=\"675\" \/><\/a> <a href=\"https:\/\/www.werbewoche.ch\/wp-content\/uploads\/2024\/07\/06_Regensdorf_Branding.jpg\"><img class=\"attachment-full size-full\" src=\"https:\/\/www.werbewoche.ch\/wp-content\/uploads\/2024\/07\/06_Regensdorf_Branding.jpg\" alt=\"\" width=\"1200\" height=\"675\" \/><\/a><\/p>\r\n<hr \/>\r\n<p><strong>Verantwortlich bei Regensdorf: <\/strong>Sandrine Rickli (Projektlead,\u00a0Kommunikationsverantwortliche),\u00a0Marco Renggli (Leiter Innovation und Entwicklung),\u00a0Fabienne Pfyl (Stv. Leiterin Innovation und Entwicklung), Stefan Pfyl (Gemeindeschreiber), Sanida Hasani (Direktionsassistentin Gemeindeschreiber). <strong>Verantwortlich bei Process:<br \/>\r\n<\/strong>Markus Hammer (Gesamtverantwortung), Martin Kessler (Martin Kessler Consulting) und Manuela Marty (Strategie und Beratung), Jasmina Seelig (Beratung), Thomas R\u00fctti (Design), Pascal Hegemann (Design), Timon Gschwind (Motion Design) Clau Isenring (Text) und Wanda Honegger (Digital Design).<\/p>","protected":false},"excerpt":{"rendered":"<p>La nuova identit\u00e0 del marchio rende tangibile il posizionamento del comune e mira a rafforzare il ruolo di Regensdorf come uno dei comuni pi\u00f9 moderni e attraenti del cantone di Zurigo nel lungo periodo. Il processo \u00e8 responsabile della realizzazione.<\/p>","protected":false},"author":8,"featured_media":0,"comment_status":"closed","ping_status":"closed","sticky":false,"template":"","format":"standard","meta":{"_acf_changed":false,"_yoast_wpseo_focuskw":"Regensdorf","_yoast_wpseo_metadesc":"Regensdorf: Moderne Gemeinde im Kanton Z\u00fcrich mit neuen Infrastrukturprojekten, \u00fcber 2\u2019000 Wohnungen und umfassenden Investitionen.","articlekey":"","footnotes":""},"categories":[29],"tags":[2617,2975,2851],"class_list":["post-28229","post","type-post","status-publish","format-standard","hentry","category-marketing","tag-marken","tag-process","tag-rebranding"],"acf":[],"yoast_head":"<!-- This site is optimized with the Yoast SEO plugin v27.4 - https:\/\/yoast.com\/product\/yoast-seo-wordpress\/ -->\n<title>Process mit neuem Markenauftritt f\u00fcr die Gemeinde Regensdorf - Organisator<\/title>\n<meta name=\"description\" content=\"Regensdorf: Moderne Gemeinde im Kanton Z\u00fcrich mit neuen Infrastrukturprojekten, \u00fcber 2\u2019000 Wohnungen und umfassenden Investitionen.\" \/>\n<meta name=\"robots\" content=\"index, follow, max-snippet:-1, max-image-preview:large, max-video-preview:-1\" \/>\n<link rel=\"canonical\" href=\"https:\/\/www.organisator.ch\/it\/marketing\/2024-07-03\/process-mit-neuem-markenauftritt-fuer-die-gemeinde-regensdorf\/\" \/>\n<meta property=\"og:locale\" content=\"it_IT\" \/>\n<meta property=\"og:type\" content=\"article\" \/>\n<meta property=\"og:title\" content=\"Process mit neuem Markenauftritt f\u00fcr die Gemeinde Regensdorf - Organisator\" \/>\n<meta property=\"og:description\" content=\"Regensdorf: Moderne Gemeinde im Kanton Z\u00fcrich mit neuen Infrastrukturprojekten, \u00fcber 2\u2019000 Wohnungen und umfassenden Investitionen.\" \/>\n<meta property=\"og:url\" content=\"https:\/\/www.organisator.ch\/it\/marketing\/2024-07-03\/process-mit-neuem-markenauftritt-fuer-die-gemeinde-regensdorf\/\" \/>\n<meta property=\"og:site_name\" content=\"Organisator\" \/>\n<meta property=\"article:publisher\" content=\"https:\/\/www.facebook.com\/OrganisatorFachmagazin\" \/>\n<meta property=\"article:published_time\" content=\"2024-07-03T14:31:50+00:00\" \/>\n<meta property=\"article:modified_time\" content=\"2024-11-10T07:05:49+00:00\" \/>\n<meta property=\"og:image\" content=\"https:\/\/www.werbewoche.ch\/wp-content\/uploads\/2024\/07\/01_Regensdorf_Logo.jpg\" \/>\n<meta name=\"author\" content=\"galledia\" \/>\n<meta name=\"twitter:card\" content=\"summary_large_image\" \/>\n<meta name=\"twitter:creator\" content=\"@admin\" \/>\n<script type=\"application\/ld+json\" class=\"yoast-schema-graph\">{\"@context\":\"https:\\\/\\\/schema.org\",\"@graph\":[{\"@type\":\"Article\",\"@id\":\"https:\\\/\\\/www.organisator.ch\\\/marketing\\\/2024-07-03\\\/process-mit-neuem-markenauftritt-fuer-die-gemeinde-regensdorf\\\/#article\",\"isPartOf\":{\"@id\":\"https:\\\/\\\/www.organisator.ch\\\/marketing\\\/2024-07-03\\\/process-mit-neuem-markenauftritt-fuer-die-gemeinde-regensdorf\\\/\"},\"author\":{\"name\":\"galledia\",\"@id\":\"https:\\\/\\\/www.organisator.ch\\\/#\\\/schema\\\/person\\\/4e51799071cd2dd1232ac003643ef5f0\"},\"headline\":\"Process mit neuem Markenauftritt f\u00fcr die Gemeinde Regensdorf\",\"datePublished\":\"2024-07-03T14:31:50+00:00\",\"dateModified\":\"2024-11-10T07:05:49+00:00\",\"mainEntityOfPage\":{\"@id\":\"https:\\\/\\\/www.organisator.ch\\\/marketing\\\/2024-07-03\\\/process-mit-neuem-markenauftritt-fuer-die-gemeinde-regensdorf\\\/\"},\"wordCount\":301,\"publisher\":{\"@id\":\"https:\\\/\\\/www.organisator.ch\\\/#organization\"},\"image\":{\"@id\":\"https:\\\/\\\/www.organisator.ch\\\/marketing\\\/2024-07-03\\\/process-mit-neuem-markenauftritt-fuer-die-gemeinde-regensdorf\\\/#primaryimage\"},\"thumbnailUrl\":\"https:\\\/\\\/www.werbewoche.ch\\\/wp-content\\\/uploads\\\/2024\\\/07\\\/01_Regensdorf_Logo.jpg\",\"keywords\":[\"Marken\",\"Process\",\"Rebranding\"],\"articleSection\":[\"MARKETING\"],\"inLanguage\":\"it-IT\"},{\"@type\":\"WebPage\",\"@id\":\"https:\\\/\\\/www.organisator.ch\\\/marketing\\\/2024-07-03\\\/process-mit-neuem-markenauftritt-fuer-die-gemeinde-regensdorf\\\/\",\"url\":\"https:\\\/\\\/www.organisator.ch\\\/marketing\\\/2024-07-03\\\/process-mit-neuem-markenauftritt-fuer-die-gemeinde-regensdorf\\\/\",\"name\":\"Process mit neuem Markenauftritt f\u00fcr die Gemeinde Regensdorf - Organisator\",\"isPartOf\":{\"@id\":\"https:\\\/\\\/www.organisator.ch\\\/#website\"},\"primaryImageOfPage\":{\"@id\":\"https:\\\/\\\/www.organisator.ch\\\/marketing\\\/2024-07-03\\\/process-mit-neuem-markenauftritt-fuer-die-gemeinde-regensdorf\\\/#primaryimage\"},\"image\":{\"@id\":\"https:\\\/\\\/www.organisator.ch\\\/marketing\\\/2024-07-03\\\/process-mit-neuem-markenauftritt-fuer-die-gemeinde-regensdorf\\\/#primaryimage\"},\"thumbnailUrl\":\"https:\\\/\\\/www.werbewoche.ch\\\/wp-content\\\/uploads\\\/2024\\\/07\\\/01_Regensdorf_Logo.jpg\",\"datePublished\":\"2024-07-03T14:31:50+00:00\",\"dateModified\":\"2024-11-10T07:05:49+00:00\",\"description\":\"Regensdorf: Moderne Gemeinde im Kanton Z\u00fcrich mit neuen Infrastrukturprojekten, \u00fcber 2\u2019000 Wohnungen und umfassenden Investitionen.\",\"breadcrumb\":{\"@id\":\"https:\\\/\\\/www.organisator.ch\\\/marketing\\\/2024-07-03\\\/process-mit-neuem-markenauftritt-fuer-die-gemeinde-regensdorf\\\/#breadcrumb\"},\"inLanguage\":\"it-IT\",\"potentialAction\":[{\"@type\":\"ReadAction\",\"target\":[\"https:\\\/\\\/www.organisator.ch\\\/marketing\\\/2024-07-03\\\/process-mit-neuem-markenauftritt-fuer-die-gemeinde-regensdorf\\\/\"]}]},{\"@type\":\"ImageObject\",\"inLanguage\":\"it-IT\",\"@id\":\"https:\\\/\\\/www.organisator.ch\\\/marketing\\\/2024-07-03\\\/process-mit-neuem-markenauftritt-fuer-die-gemeinde-regensdorf\\\/#primaryimage\",\"url\":\"https:\\\/\\\/www.werbewoche.ch\\\/wp-content\\\/uploads\\\/2024\\\/07\\\/01_Regensdorf_Logo.jpg\",\"contentUrl\":\"https:\\\/\\\/www.werbewoche.ch\\\/wp-content\\\/uploads\\\/2024\\\/07\\\/01_Regensdorf_Logo.jpg\"},{\"@type\":\"BreadcrumbList\",\"@id\":\"https:\\\/\\\/www.organisator.ch\\\/marketing\\\/2024-07-03\\\/process-mit-neuem-markenauftritt-fuer-die-gemeinde-regensdorf\\\/#breadcrumb\",\"itemListElement\":[{\"@type\":\"ListItem\",\"position\":1,\"name\":\"Home\",\"item\":\"https:\\\/\\\/www.organisator.ch\\\/\"},{\"@type\":\"ListItem\",\"position\":2,\"name\":\"Process mit neuem Markenauftritt f\u00fcr die Gemeinde Regensdorf\"}]},{\"@type\":\"WebSite\",\"@id\":\"https:\\\/\\\/www.organisator.ch\\\/#website\",\"url\":\"https:\\\/\\\/www.organisator.ch\\\/\",\"name\":\"Organisator\",\"description\":\"Kompetent. Praxisnah. Der ORGANISATOR bereitet in 10 Ausgaben pro Jahr die wesentlichen Themen f\u00fcr F\u00fchrungskr\u00e4fte von KMU auf.\",\"publisher\":{\"@id\":\"https:\\\/\\\/www.organisator.ch\\\/#organization\"},\"potentialAction\":[{\"@type\":\"SearchAction\",\"target\":{\"@type\":\"EntryPoint\",\"urlTemplate\":\"https:\\\/\\\/www.organisator.ch\\\/?s={search_term_string}\"},\"query-input\":{\"@type\":\"PropertyValueSpecification\",\"valueRequired\":true,\"valueName\":\"search_term_string\"}}],\"inLanguage\":\"it-IT\"},{\"@type\":\"Organization\",\"@id\":\"https:\\\/\\\/www.organisator.ch\\\/#organization\",\"name\":\"Organisator\",\"url\":\"https:\\\/\\\/www.organisator.ch\\\/\",\"logo\":{\"@type\":\"ImageObject\",\"inLanguage\":\"it-IT\",\"@id\":\"https:\\\/\\\/www.organisator.ch\\\/#\\\/schema\\\/logo\\\/image\\\/\",\"url\":\"https:\\\/\\\/www.organisator.ch\\\/wp-content\\\/uploads\\\/2022\\\/01\\\/Logo_Organisator_Website.png\",\"contentUrl\":\"https:\\\/\\\/www.organisator.ch\\\/wp-content\\\/uploads\\\/2022\\\/01\\\/Logo_Organisator_Website.png\",\"width\":800,\"height\":77,\"caption\":\"Organisator\"},\"image\":{\"@id\":\"https:\\\/\\\/www.organisator.ch\\\/#\\\/schema\\\/logo\\\/image\\\/\"},\"sameAs\":[\"https:\\\/\\\/www.facebook.com\\\/OrganisatorFachmagazin\",\"https:\\\/\\\/www.linkedin.com\\\/showcase\\\/organisator-das-magazin-fr-kmu\",\"https:\\\/\\\/www.xing.com\\\/news\\\/pages\\\/organisator-ch-695\",\"https:\\\/\\\/www.youtube.com\\\/channel\\\/UCGP2Sq0iWaZwT3BdIAQFYpw\"]},{\"@type\":\"Person\",\"@id\":\"https:\\\/\\\/www.organisator.ch\\\/#\\\/schema\\\/person\\\/4e51799071cd2dd1232ac003643ef5f0\",\"name\":\"galledia\",\"image\":{\"@type\":\"ImageObject\",\"inLanguage\":\"it-IT\",\"@id\":\"https:\\\/\\\/secure.gravatar.com\\\/avatar\\\/78a7f90c01fc2bfc875782a0d4922b37cde2cf184ce347b91316d23cd7f69a36?s=96&d=mm&r=g\",\"url\":\"https:\\\/\\\/secure.gravatar.com\\\/avatar\\\/78a7f90c01fc2bfc875782a0d4922b37cde2cf184ce347b91316d23cd7f69a36?s=96&d=mm&r=g\",\"contentUrl\":\"https:\\\/\\\/secure.gravatar.com\\\/avatar\\\/78a7f90c01fc2bfc875782a0d4922b37cde2cf184ce347b91316d23cd7f69a36?s=96&d=mm&r=g\",\"caption\":\"galledia\"},\"sameAs\":[\"https:\\\/\\\/x.com\\\/admin\"],\"url\":\"https:\\\/\\\/www.organisator.ch\\\/it\\\/author\\\/galledia\\\/\"}]}<\/script>\n<!-- \/ Yoast SEO plugin. -->","yoast_head_json":{"title":"Processo con una nuova identit\u00e0 di marchio per il comune di Regensdorf - Organizzatore","description":"Regensdorf: moderno comune del Cantone di Zurigo con nuovi progetti infrastrutturali, oltre 2.000 appartamenti e ampi investimenti.","robots":{"index":"index","follow":"follow","max-snippet":"max-snippet:-1","max-image-preview":"max-image-preview:large","max-video-preview":"max-video-preview:-1"},"canonical":"https:\/\/www.organisator.ch\/it\/marketing\/2024-07-03\/process-mit-neuem-markenauftritt-fuer-die-gemeinde-regensdorf\/","og_locale":"it_IT","og_type":"article","og_title":"Process mit neuem Markenauftritt f\u00fcr die Gemeinde Regensdorf - Organisator","og_description":"Regensdorf: Moderne Gemeinde im Kanton Z\u00fcrich mit neuen Infrastrukturprojekten, \u00fcber 2\u2019000 Wohnungen und umfassenden Investitionen.","og_url":"https:\/\/www.organisator.ch\/it\/marketing\/2024-07-03\/process-mit-neuem-markenauftritt-fuer-die-gemeinde-regensdorf\/","og_site_name":"Organisator","article_publisher":"https:\/\/www.facebook.com\/OrganisatorFachmagazin","article_published_time":"2024-07-03T14:31:50+00:00","article_modified_time":"2024-11-10T07:05:49+00:00","og_image":[{"url":"https:\/\/www.werbewoche.ch\/wp-content\/uploads\/2024\/07\/01_Regensdorf_Logo.jpg","type":"","width":"","height":""}],"author":"galledia","twitter_card":"summary_large_image","twitter_creator":"@admin","schema":{"@context":"https:\/\/schema.org","@graph":[{"@type":"Article","@id":"https:\/\/www.organisator.ch\/marketing\/2024-07-03\/process-mit-neuem-markenauftritt-fuer-die-gemeinde-regensdorf\/#article","isPartOf":{"@id":"https:\/\/www.organisator.ch\/marketing\/2024-07-03\/process-mit-neuem-markenauftritt-fuer-die-gemeinde-regensdorf\/"},"author":{"name":"galledia","@id":"https:\/\/www.organisator.ch\/#\/schema\/person\/4e51799071cd2dd1232ac003643ef5f0"},"headline":"Process mit neuem Markenauftritt f\u00fcr die Gemeinde Regensdorf","datePublished":"2024-07-03T14:31:50+00:00","dateModified":"2024-11-10T07:05:49+00:00","mainEntityOfPage":{"@id":"https:\/\/www.organisator.ch\/marketing\/2024-07-03\/process-mit-neuem-markenauftritt-fuer-die-gemeinde-regensdorf\/"},"wordCount":301,"publisher":{"@id":"https:\/\/www.organisator.ch\/#organization"},"image":{"@id":"https:\/\/www.organisator.ch\/marketing\/2024-07-03\/process-mit-neuem-markenauftritt-fuer-die-gemeinde-regensdorf\/#primaryimage"},"thumbnailUrl":"https:\/\/www.werbewoche.ch\/wp-content\/uploads\/2024\/07\/01_Regensdorf_Logo.jpg","keywords":["Marken","Process","Rebranding"],"articleSection":["MARKETING"],"inLanguage":"it-IT"},{"@type":"WebPage","@id":"https:\/\/www.organisator.ch\/marketing\/2024-07-03\/process-mit-neuem-markenauftritt-fuer-die-gemeinde-regensdorf\/","url":"https:\/\/www.organisator.ch\/marketing\/2024-07-03\/process-mit-neuem-markenauftritt-fuer-die-gemeinde-regensdorf\/","name":"Processo con una nuova identit\u00e0 di marchio per il comune di Regensdorf - Organizzatore","isPartOf":{"@id":"https:\/\/www.organisator.ch\/#website"},"primaryImageOfPage":{"@id":"https:\/\/www.organisator.ch\/marketing\/2024-07-03\/process-mit-neuem-markenauftritt-fuer-die-gemeinde-regensdorf\/#primaryimage"},"image":{"@id":"https:\/\/www.organisator.ch\/marketing\/2024-07-03\/process-mit-neuem-markenauftritt-fuer-die-gemeinde-regensdorf\/#primaryimage"},"thumbnailUrl":"https:\/\/www.werbewoche.ch\/wp-content\/uploads\/2024\/07\/01_Regensdorf_Logo.jpg","datePublished":"2024-07-03T14:31:50+00:00","dateModified":"2024-11-10T07:05:49+00:00","description":"Regensdorf: moderno comune del Cantone di Zurigo con nuovi progetti infrastrutturali, oltre 2.000 appartamenti e ampi investimenti.","breadcrumb":{"@id":"https:\/\/www.organisator.ch\/marketing\/2024-07-03\/process-mit-neuem-markenauftritt-fuer-die-gemeinde-regensdorf\/#breadcrumb"},"inLanguage":"it-IT","potentialAction":[{"@type":"ReadAction","target":["https:\/\/www.organisator.ch\/marketing\/2024-07-03\/process-mit-neuem-markenauftritt-fuer-die-gemeinde-regensdorf\/"]}]},{"@type":"ImageObject","inLanguage":"it-IT","@id":"https:\/\/www.organisator.ch\/marketing\/2024-07-03\/process-mit-neuem-markenauftritt-fuer-die-gemeinde-regensdorf\/#primaryimage","url":"https:\/\/www.werbewoche.ch\/wp-content\/uploads\/2024\/07\/01_Regensdorf_Logo.jpg","contentUrl":"https:\/\/www.werbewoche.ch\/wp-content\/uploads\/2024\/07\/01_Regensdorf_Logo.jpg"},{"@type":"BreadcrumbList","@id":"https:\/\/www.organisator.ch\/marketing\/2024-07-03\/process-mit-neuem-markenauftritt-fuer-die-gemeinde-regensdorf\/#breadcrumb","itemListElement":[{"@type":"ListItem","position":1,"name":"Home","item":"https:\/\/www.organisator.ch\/"},{"@type":"ListItem","position":2,"name":"Process mit neuem Markenauftritt f\u00fcr die Gemeinde Regensdorf"}]},{"@type":"WebSite","@id":"https:\/\/www.organisator.ch\/#website","url":"https:\/\/www.organisator.ch\/","name":"Organizzatore","description":"Competente. Pratico. In 10 numeri all'anno, ORGANISATOR presenta i temi essenziali per i manager delle PMI.","publisher":{"@id":"https:\/\/www.organisator.ch\/#organization"},"potentialAction":[{"@type":"SearchAction","target":{"@type":"EntryPoint","urlTemplate":"https:\/\/www.organisator.ch\/?s={search_term_string}"},"query-input":{"@type":"PropertyValueSpecification","valueRequired":true,"valueName":"search_term_string"}}],"inLanguage":"it-IT"},{"@type":"Organization","@id":"https:\/\/www.organisator.ch\/#organization","name":"Organizzatore","url":"https:\/\/www.organisator.ch\/","logo":{"@type":"ImageObject","inLanguage":"it-IT","@id":"https:\/\/www.organisator.ch\/#\/schema\/logo\/image\/","url":"https:\/\/www.organisator.ch\/wp-content\/uploads\/2022\/01\/Logo_Organisator_Website.png","contentUrl":"https:\/\/www.organisator.ch\/wp-content\/uploads\/2022\/01\/Logo_Organisator_Website.png","width":800,"height":77,"caption":"Organisator"},"image":{"@id":"https:\/\/www.organisator.ch\/#\/schema\/logo\/image\/"},"sameAs":["https:\/\/www.facebook.com\/OrganisatorFachmagazin","https:\/\/www.linkedin.com\/showcase\/organisator-das-magazin-fr-kmu","https:\/\/www.xing.com\/news\/pages\/organisator-ch-695","https:\/\/www.youtube.com\/channel\/UCGP2Sq0iWaZwT3BdIAQFYpw"]},{"@type":"Person","@id":"https:\/\/www.organisator.ch\/#\/schema\/person\/4e51799071cd2dd1232ac003643ef5f0","name":"galledia","image":{"@type":"ImageObject","inLanguage":"it-IT","@id":"https:\/\/secure.gravatar.com\/avatar\/78a7f90c01fc2bfc875782a0d4922b37cde2cf184ce347b91316d23cd7f69a36?s=96&d=mm&r=g","url":"https:\/\/secure.gravatar.com\/avatar\/78a7f90c01fc2bfc875782a0d4922b37cde2cf184ce347b91316d23cd7f69a36?s=96&d=mm&r=g","contentUrl":"https:\/\/secure.gravatar.com\/avatar\/78a7f90c01fc2bfc875782a0d4922b37cde2cf184ce347b91316d23cd7f69a36?s=96&d=mm&r=g","caption":"galledia"},"sameAs":["https:\/\/x.com\/admin"],"url":"https:\/\/www.organisator.ch\/it\/author\/galledia\/"}]}},"_links":{"self":[{"href":"https:\/\/www.organisator.ch\/it\/wp-json\/wp\/v2\/posts\/28229","targetHints":{"allow":["GET"]}}],"collection":[{"href":"https:\/\/www.organisator.ch\/it\/wp-json\/wp\/v2\/posts"}],"about":[{"href":"https:\/\/www.organisator.ch\/it\/wp-json\/wp\/v2\/types\/post"}],"author":[{"embeddable":true,"href":"https:\/\/www.organisator.ch\/it\/wp-json\/wp\/v2\/users\/8"}],"replies":[{"embeddable":true,"href":"https:\/\/www.organisator.ch\/it\/wp-json\/wp\/v2\/comments?post=28229"}],"version-history":[{"count":2,"href":"https:\/\/www.organisator.ch\/it\/wp-json\/wp\/v2\/posts\/28229\/revisions"}],"predecessor-version":[{"id":32134,"href":"https:\/\/www.organisator.ch\/it\/wp-json\/wp\/v2\/posts\/28229\/revisions\/32134"}],"wp:attachment":[{"href":"https:\/\/www.organisator.ch\/it\/wp-json\/wp\/v2\/media?parent=28229"}],"wp:term":[{"taxonomy":"category","embeddable":true,"href":"https:\/\/www.organisator.ch\/it\/wp-json\/wp\/v2\/categories?post=28229"},{"taxonomy":"post_tag","embeddable":true,"href":"https:\/\/www.organisator.ch\/it\/wp-json\/wp\/v2\/tags?post=28229"}],"curies":[{"name":"wp","href":"https:\/\/api.w.org\/{rel}","templated":true}]}}