{"id":2825,"date":"2020-02-18T12:43:59","date_gmt":"2020-02-18T11:43:59","guid":{"rendered":"https:\/\/www.umweltperspektiven.ch\/?p=2825"},"modified":"2020-02-18T12:43:59","modified_gmt":"2020-02-18T11:43:59","slug":"eth-zuerich-artenvielfalt-rechnet-sich","status":"publish","type":"post","link":"https:\/\/www.organisator.ch\/it\/allgemein\/2020-02-18\/eth-zuerich-artenvielfalt-rechnet-sich\/","title":{"rendered":"ETH Zurigo: la biodiversit\u00e0 paga"},"content":{"rendered":"<p>&nbsp;<\/p>\n<figure id=\"attachment_2826\" aria-describedby=\"caption-attachment-2826\" style=\"width: 680px\" class=\"wp-caption alignnone\"><img loading=\"lazy\" decoding=\"async\" class=\"size-medium wp-image-2826\" src=\"\/\/www.umweltperspektiven.ch\/wp-content\/uploads\/2020\/02\/biodiversit\u00e4t-artenvielfalt-UP_Umwelt-Perspektiven.jpg\" alt=\"\" width=\"680\" height=\"452\" \/><figcaption id=\"caption-attachment-2826\" class=\"wp-caption-text\">Quando gli agricoltori promuovono la biodiversit\u00e0 nei loro prati e pascoli, possono ottenere vendite pi\u00f9 elevate. (Immagine: Unsplash)<\/figcaption><\/figure>\n<p class=\"bodytext\">Un gruppo di ricercatori nei settori delle scienze agricole, dell'ecologia e dell'economia del Politecnico federale di Zurigo (<a href=\"\/\/www.ethz.ch\/\" target=\"_blank\" rel=\"noopener\">ETH<\/a>) e altre universit\u00e0 ha esaminato l'economia della biodiversit\u00e0 nei pascoli, informa l'ETH in un\u00a0<a href=\"\/\/ethz.ch\/content\/main\/de\/news-und-veranstaltungen\/eth-news\/news\/2020\/02\/biodiversitaet-macht-sich-bezahlt.html\" target=\"_blank\" rel=\"noopener\">Comunicazione<\/a>.<\/p>\n<p class=\"bodytext\">\"La biodiversit\u00e0 \u00e8 spesso considerata non redditizia, ma noi dimostriamo che s\u00ec, pu\u00f2 essere redditizia\", ha dichiarato Nina Buchmann, professoressa di Scienza dei pascoli all'ETH.<\/p>\n<p><strong>La biodiversit\u00e0 \u00e8 anche una sorta di assicurazione contro il rischio<\/strong><\/p>\n<p class=\"bodytext\">In particolare, i ricercatori, pubblicati sulla rivista scientifica \"Nature Communications\", hanno\u00a0<a href=\"\/\/www.nature.com\/articles\/s41467-020-14541-4\" target=\"_blank\" rel=\"noopener\">pubblicato<\/a>\u00a0Le ricerche del gruppo interdisciplinare di scienziati dimostrano che la resa del fieno di un prato con 16 specie vegetali \u00e8 superiore a quella di un prato con una sola specie vegetale. Questo pu\u00f2 anche aumentare il reddito dell'industria lattiero-casearia, spiega il comunicato. \"L'aumento delle entrate \u00e8 paragonabile alla differenza di rendimento tra i prati utilizzati in modo estensivo e quelli utilizzati in modo intensivo\", ha dichiarato Sergei Schaub, primo autore dello studio e dottorando dell'ETH.<\/p>\n<p class=\"bodytext\">Nella comunicazione, i ricercatori sottolineano anche un altro vantaggio della biodiversit\u00e0. \"La biodiversit\u00e0 \u00e8 anche una sorta di assicurazione contro i rischi\", afferma Buchmann. Poich\u00e9 le specie vegetali reagiscono in modo diverso a fenomeni ambientali come la siccit\u00e0 o le inondazioni, le singole specie possono compensare parzialmente le perdite di raccolto corrispondenti. \"I rendimenti diventano pi\u00f9 stabili nel tempo\", spiega Buchmann.<\/p>","protected":false},"excerpt":{"rendered":"<p>&nbsp; Eine Gruppe von Forschern in den Bereichen Agrarwissenschaften, \u00d6kologie und \u00d6konomie an der Eidgen\u00f6ssischen Technischen Hochschule Z\u00fcrich (ETH) und weiteren Universit\u00e4ten hat sich mit der Wirtschaftlichkeit von Artenvielfalt im Grasland besch\u00e4ftigt, informiert die ETH in einer\u00a0Mitteilung. \u201eBiodiversit\u00e4t gilt oft als nicht rentabel, aber wir zeigen: doch, sie kann sich rechnen\u201c, wird Nina Buchmann, Professorin [&hellip;]<\/p>\n","protected":false},"author":5,"featured_media":2826,"comment_status":"closed","ping_status":"closed","sticky":false,"template":"","format":"standard","meta":{"_acf_changed":false,"_yoast_wpseo_focuskw":"ETH Z\u00fcrich","_yoast_wpseo_metadesc":"Forscher der ETH Z\u00fcrich wollen herausgefunden haben, dass Heu von Wiesen mit einer hohen Artenvielfalt ertragreicher als Heu von Wiesen mit Monokultur ist.","articlekey":"","footnotes":""},"categories":[1],"tags":[730,829,460],"class_list":["post-2825","post","type-post","status-publish","format-standard","has-post-thumbnail","hentry","category-allgemein","tag-artenschutz","tag-biodiversitaet","tag-studien"],"acf":[],"yoast_head":"<!-- This site is optimized with the Yoast SEO plugin v27.5 - https:\/\/yoast.com\/product\/yoast-seo-wordpress\/ -->\n<title>ETH Z\u00fcrich: Artenvielfalt rechnet sich - Organisator<\/title>\n<meta name=\"description\" content=\"Forscher der ETH Z\u00fcrich wollen herausgefunden haben, dass Heu von Wiesen mit einer hohen Artenvielfalt ertragreicher als Heu von Wiesen mit Monokultur ist.\" \/>\n<meta name=\"robots\" content=\"index, follow, max-snippet:-1, max-image-preview:large, max-video-preview:-1\" \/>\n<link rel=\"canonical\" href=\"https:\/\/www.organisator.ch\/it\/generale\/2020-02-18\/eth-zuerich-artenvielfalt-rechnet-sich\/\" \/>\n<meta property=\"og:locale\" content=\"it_IT\" \/>\n<meta property=\"og:type\" content=\"article\" \/>\n<meta property=\"og:title\" content=\"ETH Z\u00fcrich: Artenvielfalt rechnet sich - Organisator\" \/>\n<meta property=\"og:description\" content=\"Forscher der ETH Z\u00fcrich wollen herausgefunden haben, dass Heu von Wiesen mit einer hohen Artenvielfalt ertragreicher als Heu von Wiesen mit Monokultur ist.\" \/>\n<meta property=\"og:url\" content=\"https:\/\/www.organisator.ch\/it\/generale\/2020-02-18\/eth-zuerich-artenvielfalt-rechnet-sich\/\" \/>\n<meta property=\"og:site_name\" content=\"Organisator\" \/>\n<meta property=\"article:publisher\" content=\"https:\/\/www.facebook.com\/OrganisatorFachmagazin\" \/>\n<meta property=\"article:published_time\" content=\"2020-02-18T11:43:59+00:00\" \/>\n<meta property=\"og:image\" content=\"https:\/\/www.organisator.ch\/wp-content\/uploads\/2020\/02\/biodiversitaet-artenvielfalt-UP_Umwelt-Perspektiven-scaled.jpg\" \/>\n\t<meta property=\"og:image:width\" content=\"2560\" \/>\n\t<meta property=\"og:image:height\" content=\"1700\" \/>\n\t<meta property=\"og:image:type\" content=\"image\/jpeg\" \/>\n<meta name=\"author\" content=\"michael.merz\" \/>\n<meta name=\"twitter:card\" content=\"summary_large_image\" \/>\n<script type=\"application\/ld+json\" class=\"yoast-schema-graph\">{\"@context\":\"https:\\\/\\\/schema.org\",\"@graph\":[{\"@type\":\"Article\",\"@id\":\"https:\\\/\\\/www.organisator.ch\\\/en\\\/general\\\/2020-02-18\\\/eth-zuerich-artenvielfalt-rechnet-sich\\\/#article\",\"isPartOf\":{\"@id\":\"https:\\\/\\\/www.organisator.ch\\\/en\\\/general\\\/2020-02-18\\\/eth-zuerich-artenvielfalt-rechnet-sich\\\/\"},\"author\":{\"name\":\"michael.merz\",\"@id\":\"https:\\\/\\\/www.organisator.ch\\\/#\\\/schema\\\/person\\\/134708ca9321c57b0362cceb7948ffbd\"},\"headline\":\"ETH Z\u00fcrich: Artenvielfalt rechnet sich\",\"datePublished\":\"2020-02-18T11:43:59+00:00\",\"mainEntityOfPage\":{\"@id\":\"https:\\\/\\\/www.organisator.ch\\\/en\\\/general\\\/2020-02-18\\\/eth-zuerich-artenvielfalt-rechnet-sich\\\/\"},\"wordCount\":247,\"publisher\":{\"@id\":\"https:\\\/\\\/www.organisator.ch\\\/#organization\"},\"image\":{\"@id\":\"https:\\\/\\\/www.organisator.ch\\\/en\\\/general\\\/2020-02-18\\\/eth-zuerich-artenvielfalt-rechnet-sich\\\/#primaryimage\"},\"thumbnailUrl\":\"https:\\\/\\\/www.organisator.ch\\\/wp-content\\\/uploads\\\/2020\\\/02\\\/biodiversitaet-artenvielfalt-UP_Umwelt-Perspektiven-scaled.jpg\",\"keywords\":[\"Artenschutz\",\"Biodiversit\u00e4t\",\"Studien\"],\"articleSection\":[\"Allgemein\"],\"inLanguage\":\"it-IT\"},{\"@type\":\"WebPage\",\"@id\":\"https:\\\/\\\/www.organisator.ch\\\/en\\\/general\\\/2020-02-18\\\/eth-zuerich-artenvielfalt-rechnet-sich\\\/\",\"url\":\"https:\\\/\\\/www.organisator.ch\\\/en\\\/general\\\/2020-02-18\\\/eth-zuerich-artenvielfalt-rechnet-sich\\\/\",\"name\":\"ETH Z\u00fcrich: Artenvielfalt rechnet sich - Organisator\",\"isPartOf\":{\"@id\":\"https:\\\/\\\/www.organisator.ch\\\/#website\"},\"primaryImageOfPage\":{\"@id\":\"https:\\\/\\\/www.organisator.ch\\\/en\\\/general\\\/2020-02-18\\\/eth-zuerich-artenvielfalt-rechnet-sich\\\/#primaryimage\"},\"image\":{\"@id\":\"https:\\\/\\\/www.organisator.ch\\\/en\\\/general\\\/2020-02-18\\\/eth-zuerich-artenvielfalt-rechnet-sich\\\/#primaryimage\"},\"thumbnailUrl\":\"https:\\\/\\\/www.organisator.ch\\\/wp-content\\\/uploads\\\/2020\\\/02\\\/biodiversitaet-artenvielfalt-UP_Umwelt-Perspektiven-scaled.jpg\",\"datePublished\":\"2020-02-18T11:43:59+00:00\",\"description\":\"Forscher der ETH Z\u00fcrich wollen herausgefunden haben, dass Heu von Wiesen mit einer hohen Artenvielfalt ertragreicher als Heu von Wiesen mit Monokultur ist.\",\"breadcrumb\":{\"@id\":\"https:\\\/\\\/www.organisator.ch\\\/en\\\/general\\\/2020-02-18\\\/eth-zuerich-artenvielfalt-rechnet-sich\\\/#breadcrumb\"},\"inLanguage\":\"it-IT\",\"potentialAction\":[{\"@type\":\"ReadAction\",\"target\":[\"https:\\\/\\\/www.organisator.ch\\\/en\\\/general\\\/2020-02-18\\\/eth-zuerich-artenvielfalt-rechnet-sich\\\/\"]}]},{\"@type\":\"ImageObject\",\"inLanguage\":\"it-IT\",\"@id\":\"https:\\\/\\\/www.organisator.ch\\\/en\\\/general\\\/2020-02-18\\\/eth-zuerich-artenvielfalt-rechnet-sich\\\/#primaryimage\",\"url\":\"https:\\\/\\\/www.organisator.ch\\\/wp-content\\\/uploads\\\/2020\\\/02\\\/biodiversitaet-artenvielfalt-UP_Umwelt-Perspektiven-scaled.jpg\",\"contentUrl\":\"https:\\\/\\\/www.organisator.ch\\\/wp-content\\\/uploads\\\/2020\\\/02\\\/biodiversitaet-artenvielfalt-UP_Umwelt-Perspektiven-scaled.jpg\",\"width\":2560,\"height\":1700,\"caption\":\"Wenn Landwirte die Artenvielfalt auf ihren Wiesen und Weiden f\u00f6rdern, k\u00f6nnen sie h\u00f6here Ums\u00e4tze erzielen. (Bild: Unsplash)\"},{\"@type\":\"BreadcrumbList\",\"@id\":\"https:\\\/\\\/www.organisator.ch\\\/en\\\/general\\\/2020-02-18\\\/eth-zuerich-artenvielfalt-rechnet-sich\\\/#breadcrumb\",\"itemListElement\":[{\"@type\":\"ListItem\",\"position\":1,\"name\":\"Home\",\"item\":\"https:\\\/\\\/www.organisator.ch\\\/\"},{\"@type\":\"ListItem\",\"position\":2,\"name\":\"ETH Z\u00fcrich: Artenvielfalt rechnet sich\"}]},{\"@type\":\"WebSite\",\"@id\":\"https:\\\/\\\/www.organisator.ch\\\/#website\",\"url\":\"https:\\\/\\\/www.organisator.ch\\\/\",\"name\":\"Organisator\",\"description\":\"Kompetent. Praxisnah. Der ORGANISATOR bereitet in 10 Ausgaben pro Jahr die wesentlichen Themen f\u00fcr F\u00fchrungskr\u00e4fte von KMU auf.\",\"publisher\":{\"@id\":\"https:\\\/\\\/www.organisator.ch\\\/#organization\"},\"potentialAction\":[{\"@type\":\"SearchAction\",\"target\":{\"@type\":\"EntryPoint\",\"urlTemplate\":\"https:\\\/\\\/www.organisator.ch\\\/?s={search_term_string}\"},\"query-input\":{\"@type\":\"PropertyValueSpecification\",\"valueRequired\":true,\"valueName\":\"search_term_string\"}}],\"inLanguage\":\"it-IT\"},{\"@type\":\"Organization\",\"@id\":\"https:\\\/\\\/www.organisator.ch\\\/#organization\",\"name\":\"Organisator\",\"url\":\"https:\\\/\\\/www.organisator.ch\\\/\",\"logo\":{\"@type\":\"ImageObject\",\"inLanguage\":\"it-IT\",\"@id\":\"https:\\\/\\\/www.organisator.ch\\\/#\\\/schema\\\/logo\\\/image\\\/\",\"url\":\"https:\\\/\\\/www.organisator.ch\\\/wp-content\\\/uploads\\\/2022\\\/01\\\/Logo_Organisator_Website.png\",\"contentUrl\":\"https:\\\/\\\/www.organisator.ch\\\/wp-content\\\/uploads\\\/2022\\\/01\\\/Logo_Organisator_Website.png\",\"width\":800,\"height\":77,\"caption\":\"Organisator\"},\"image\":{\"@id\":\"https:\\\/\\\/www.organisator.ch\\\/#\\\/schema\\\/logo\\\/image\\\/\"},\"sameAs\":[\"https:\\\/\\\/www.facebook.com\\\/OrganisatorFachmagazin\",\"https:\\\/\\\/www.linkedin.com\\\/showcase\\\/organisator-das-magazin-fr-kmu\",\"https:\\\/\\\/www.xing.com\\\/news\\\/pages\\\/organisator-ch-695\",\"https:\\\/\\\/www.youtube.com\\\/channel\\\/UCGP2Sq0iWaZwT3BdIAQFYpw\"]},{\"@type\":\"Person\",\"@id\":\"https:\\\/\\\/www.organisator.ch\\\/#\\\/schema\\\/person\\\/134708ca9321c57b0362cceb7948ffbd\",\"name\":\"michael.merz\",\"image\":{\"@type\":\"ImageObject\",\"inLanguage\":\"it-IT\",\"@id\":\"https:\\\/\\\/secure.gravatar.com\\\/avatar\\\/?s=96&d=mm&r=g\",\"url\":\"https:\\\/\\\/secure.gravatar.com\\\/avatar\\\/?s=96&d=mm&r=g\",\"contentUrl\":\"https:\\\/\\\/secure.gravatar.com\\\/avatar\\\/?s=96&d=mm&r=g\",\"caption\":\"michael.merz\"},\"url\":\"https:\\\/\\\/www.organisator.ch\\\/it\\\/author\\\/michael-merz\\\/\"}]}<\/script>\n<!-- \/ Yoast SEO plugin. -->","yoast_head_json":{"title":"ETH Zurigo: La biodiversit\u00e0 paga - Organizzatore","description":"I ricercatori del Politecnico di Zurigo sostengono di aver scoperto che il fieno proveniente da prati con un'elevata diversit\u00e0 di specie \u00e8 pi\u00f9 produttivo di quello proveniente da prati con una monocoltura.","robots":{"index":"index","follow":"follow","max-snippet":"max-snippet:-1","max-image-preview":"max-image-preview:large","max-video-preview":"max-video-preview:-1"},"canonical":"https:\/\/www.organisator.ch\/it\/generale\/2020-02-18\/eth-zuerich-artenvielfalt-rechnet-sich\/","og_locale":"it_IT","og_type":"article","og_title":"ETH Z\u00fcrich: Artenvielfalt rechnet sich - Organisator","og_description":"Forscher der ETH Z\u00fcrich wollen herausgefunden haben, dass Heu von Wiesen mit einer hohen Artenvielfalt ertragreicher als Heu von Wiesen mit Monokultur ist.","og_url":"https:\/\/www.organisator.ch\/it\/generale\/2020-02-18\/eth-zuerich-artenvielfalt-rechnet-sich\/","og_site_name":"Organisator","article_publisher":"https:\/\/www.facebook.com\/OrganisatorFachmagazin","article_published_time":"2020-02-18T11:43:59+00:00","og_image":[{"width":2560,"height":1700,"url":"https:\/\/www.organisator.ch\/wp-content\/uploads\/2020\/02\/biodiversitaet-artenvielfalt-UP_Umwelt-Perspektiven-scaled.jpg","type":"image\/jpeg"}],"author":"michael.merz","twitter_card":"summary_large_image","schema":{"@context":"https:\/\/schema.org","@graph":[{"@type":"Article","@id":"https:\/\/www.organisator.ch\/en\/general\/2020-02-18\/eth-zuerich-artenvielfalt-rechnet-sich\/#article","isPartOf":{"@id":"https:\/\/www.organisator.ch\/en\/general\/2020-02-18\/eth-zuerich-artenvielfalt-rechnet-sich\/"},"author":{"name":"michael.merz","@id":"https:\/\/www.organisator.ch\/#\/schema\/person\/134708ca9321c57b0362cceb7948ffbd"},"headline":"ETH Z\u00fcrich: Artenvielfalt rechnet sich","datePublished":"2020-02-18T11:43:59+00:00","mainEntityOfPage":{"@id":"https:\/\/www.organisator.ch\/en\/general\/2020-02-18\/eth-zuerich-artenvielfalt-rechnet-sich\/"},"wordCount":247,"publisher":{"@id":"https:\/\/www.organisator.ch\/#organization"},"image":{"@id":"https:\/\/www.organisator.ch\/en\/general\/2020-02-18\/eth-zuerich-artenvielfalt-rechnet-sich\/#primaryimage"},"thumbnailUrl":"https:\/\/www.organisator.ch\/wp-content\/uploads\/2020\/02\/biodiversitaet-artenvielfalt-UP_Umwelt-Perspektiven-scaled.jpg","keywords":["Artenschutz","Biodiversit\u00e4t","Studien"],"articleSection":["Allgemein"],"inLanguage":"it-IT"},{"@type":"WebPage","@id":"https:\/\/www.organisator.ch\/en\/general\/2020-02-18\/eth-zuerich-artenvielfalt-rechnet-sich\/","url":"https:\/\/www.organisator.ch\/en\/general\/2020-02-18\/eth-zuerich-artenvielfalt-rechnet-sich\/","name":"ETH Zurigo: La biodiversit\u00e0 paga - Organizzatore","isPartOf":{"@id":"https:\/\/www.organisator.ch\/#website"},"primaryImageOfPage":{"@id":"https:\/\/www.organisator.ch\/en\/general\/2020-02-18\/eth-zuerich-artenvielfalt-rechnet-sich\/#primaryimage"},"image":{"@id":"https:\/\/www.organisator.ch\/en\/general\/2020-02-18\/eth-zuerich-artenvielfalt-rechnet-sich\/#primaryimage"},"thumbnailUrl":"https:\/\/www.organisator.ch\/wp-content\/uploads\/2020\/02\/biodiversitaet-artenvielfalt-UP_Umwelt-Perspektiven-scaled.jpg","datePublished":"2020-02-18T11:43:59+00:00","description":"I ricercatori del Politecnico di Zurigo sostengono di aver scoperto che il fieno proveniente da prati con un'elevata diversit\u00e0 di specie \u00e8 pi\u00f9 produttivo di quello proveniente da prati con una monocoltura.","breadcrumb":{"@id":"https:\/\/www.organisator.ch\/en\/general\/2020-02-18\/eth-zuerich-artenvielfalt-rechnet-sich\/#breadcrumb"},"inLanguage":"it-IT","potentialAction":[{"@type":"ReadAction","target":["https:\/\/www.organisator.ch\/en\/general\/2020-02-18\/eth-zuerich-artenvielfalt-rechnet-sich\/"]}]},{"@type":"ImageObject","inLanguage":"it-IT","@id":"https:\/\/www.organisator.ch\/en\/general\/2020-02-18\/eth-zuerich-artenvielfalt-rechnet-sich\/#primaryimage","url":"https:\/\/www.organisator.ch\/wp-content\/uploads\/2020\/02\/biodiversitaet-artenvielfalt-UP_Umwelt-Perspektiven-scaled.jpg","contentUrl":"https:\/\/www.organisator.ch\/wp-content\/uploads\/2020\/02\/biodiversitaet-artenvielfalt-UP_Umwelt-Perspektiven-scaled.jpg","width":2560,"height":1700,"caption":"Wenn Landwirte die Artenvielfalt auf ihren Wiesen und Weiden f\u00f6rdern, k\u00f6nnen sie h\u00f6here Ums\u00e4tze erzielen. (Bild: Unsplash)"},{"@type":"BreadcrumbList","@id":"https:\/\/www.organisator.ch\/en\/general\/2020-02-18\/eth-zuerich-artenvielfalt-rechnet-sich\/#breadcrumb","itemListElement":[{"@type":"ListItem","position":1,"name":"Home","item":"https:\/\/www.organisator.ch\/"},{"@type":"ListItem","position":2,"name":"ETH Z\u00fcrich: Artenvielfalt rechnet sich"}]},{"@type":"WebSite","@id":"https:\/\/www.organisator.ch\/#website","url":"https:\/\/www.organisator.ch\/","name":"Organizzatore","description":"Competente. Pratico. In 10 numeri all'anno, ORGANISATOR presenta i temi essenziali per i manager delle PMI.","publisher":{"@id":"https:\/\/www.organisator.ch\/#organization"},"potentialAction":[{"@type":"SearchAction","target":{"@type":"EntryPoint","urlTemplate":"https:\/\/www.organisator.ch\/?s={search_term_string}"},"query-input":{"@type":"PropertyValueSpecification","valueRequired":true,"valueName":"search_term_string"}}],"inLanguage":"it-IT"},{"@type":"Organization","@id":"https:\/\/www.organisator.ch\/#organization","name":"Organizzatore","url":"https:\/\/www.organisator.ch\/","logo":{"@type":"ImageObject","inLanguage":"it-IT","@id":"https:\/\/www.organisator.ch\/#\/schema\/logo\/image\/","url":"https:\/\/www.organisator.ch\/wp-content\/uploads\/2022\/01\/Logo_Organisator_Website.png","contentUrl":"https:\/\/www.organisator.ch\/wp-content\/uploads\/2022\/01\/Logo_Organisator_Website.png","width":800,"height":77,"caption":"Organisator"},"image":{"@id":"https:\/\/www.organisator.ch\/#\/schema\/logo\/image\/"},"sameAs":["https:\/\/www.facebook.com\/OrganisatorFachmagazin","https:\/\/www.linkedin.com\/showcase\/organisator-das-magazin-fr-kmu","https:\/\/www.xing.com\/news\/pages\/organisator-ch-695","https:\/\/www.youtube.com\/channel\/UCGP2Sq0iWaZwT3BdIAQFYpw"]},{"@type":"Person","@id":"https:\/\/www.organisator.ch\/#\/schema\/person\/134708ca9321c57b0362cceb7948ffbd","name":"michael.merz","image":{"@type":"ImageObject","inLanguage":"it-IT","@id":"https:\/\/secure.gravatar.com\/avatar\/?s=96&d=mm&r=g","url":"https:\/\/secure.gravatar.com\/avatar\/?s=96&d=mm&r=g","contentUrl":"https:\/\/secure.gravatar.com\/avatar\/?s=96&d=mm&r=g","caption":"michael.merz"},"url":"https:\/\/www.organisator.ch\/it\/author\/michael-merz\/"}]}},"_links":{"self":[{"href":"https:\/\/www.organisator.ch\/it\/wp-json\/wp\/v2\/posts\/2825","targetHints":{"allow":["GET"]}}],"collection":[{"href":"https:\/\/www.organisator.ch\/it\/wp-json\/wp\/v2\/posts"}],"about":[{"href":"https:\/\/www.organisator.ch\/it\/wp-json\/wp\/v2\/types\/post"}],"author":[{"embeddable":true,"href":"https:\/\/www.organisator.ch\/it\/wp-json\/wp\/v2\/users\/5"}],"replies":[{"embeddable":true,"href":"https:\/\/www.organisator.ch\/it\/wp-json\/wp\/v2\/comments?post=2825"}],"version-history":[{"count":0,"href":"https:\/\/www.organisator.ch\/it\/wp-json\/wp\/v2\/posts\/2825\/revisions"}],"wp:featuredmedia":[{"embeddable":true,"href":"https:\/\/www.organisator.ch\/it\/wp-json\/wp\/v2\/media\/2826"}],"wp:attachment":[{"href":"https:\/\/www.organisator.ch\/it\/wp-json\/wp\/v2\/media?parent=2825"}],"wp:term":[{"taxonomy":"category","embeddable":true,"href":"https:\/\/www.organisator.ch\/it\/wp-json\/wp\/v2\/categories?post=2825"},{"taxonomy":"post_tag","embeddable":true,"href":"https:\/\/www.organisator.ch\/it\/wp-json\/wp\/v2\/tags?post=2825"}],"curies":[{"name":"wp","href":"https:\/\/api.w.org\/{rel}","templated":true}]}}