{"id":28250,"date":"2024-07-04T09:06:51","date_gmt":"2024-07-04T07:06:51","guid":{"rendered":"https:\/\/www.organisator.ch\/?p=28250"},"modified":"2024-07-04T09:06:51","modified_gmt":"2024-07-04T07:06:51","slug":"management-experte-bani-ist-in-vuca-out","status":"publish","type":"post","link":"https:\/\/www.organisator.ch\/it\/management\/2024-07-04\/management-experte-bani-ist-in-vuca-out\/","title":{"rendered":"Esperto di management: BANI \u00e8 \"in\", VUCA \u00e8 \"out\""},"content":{"rendered":"<figure id=\"attachment_28252\" aria-describedby=\"caption-attachment-28252\" style=\"width: 680px\" class=\"wp-caption alignnone\"><img loading=\"lazy\" decoding=\"async\" class=\"size-full wp-image-28252\" src=\"https:\/\/www.organisator.ch\/wp-content\/uploads\/2024\/07\/BANI-loest-VUCA-ab_Bild1_ps.jpg\" alt=\"\" width=\"680\" height=\"481\" srcset=\"https:\/\/www.organisator.ch\/wp-content\/uploads\/2024\/07\/BANI-loest-VUCA-ab_Bild1_ps.jpg 680w, https:\/\/www.organisator.ch\/wp-content\/uploads\/2024\/07\/BANI-loest-VUCA-ab_Bild1_ps-18x12.jpg 18w, https:\/\/www.organisator.ch\/wp-content\/uploads\/2024\/07\/BANI-loest-VUCA-ab_Bild1_ps-375x265.jpg 375w, https:\/\/www.organisator.ch\/wp-content\/uploads\/2024\/07\/BANI-loest-VUCA-ab_Bild1_ps-495x350.jpg 495w\" sizes=\"auto, (max-width: 680px) 100vw, 680px\" \/><figcaption id=\"caption-attachment-28252\" class=\"wp-caption-text\">BANI sostituisce VUCA. (Immagine: Butterflymanager GmbH)<\/figcaption><\/figure>\n<p>Il dottor Harald Sch\u00f6nfeld spiega: \"Con VUCA, la base concettuale era che la situazione si sarebbe pi\u00f9 o meno normalizzata nel tempo. La BANI, invece, \u00e8 il modello giusto per un ambiente caratterizzato da strutture permanentemente instabili e forse addirittura caotiche\". Egli fornisce un esempio della distinzione tra VUCA e BANI: \"Pu\u00f2 anche darsi che le strozzature di fornitura globali un giorno appartengano al passato, ma lo sviluppo dell'IA non sar\u00e0 mai invertito e avr\u00e0 conseguenze brutali che oggi possiamo solo immaginare. Il management di un'azienda moderna deve essere in grado di descrivere la strategia aziendale in termini chiari e semplici, nonostante tutte le incertezze. Dopo tutto, solo ci\u00f2 che pu\u00f2 essere descritto chiaramente pu\u00f2 essere comunicato ai dipendenti, ai clienti o agli azionisti: come base per le nuove azioni necessarie.\"<\/p>\n<h3><strong>Formulare l'obiettivo, descrivere il percorso, implementare la realizzazione operativa<\/strong><\/h3>\n<p>L'esperto di management Dr. Harald Sch\u00f6nfeld parla del principio in tre fasi di BANI: primo, riconoscere e formulare l'obiettivo, secondo, descrivere il percorso per raggiungerlo e terzo, percorrere il percorso, cio\u00e8 attuarlo. \"Molti manager e, soprattutto, consulenti di gestione sono in grado di sviluppare concetti e dipingere powerpoint con nuove aree di business che valgono miliardi, ma la maggior parte fallisce quando si tratta di implementazione operativa\", afferma il dottor Harald Sch\u00f6nfeld. Spiega: \"L'implementazione non \u00e8 solo una questione di competenze tecniche, ma soprattutto di convincere tutte le persone coinvolte e di coinvolgerle emotivamente lungo il percorso. Solo con la capacit\u00e0 di ispirare le persone si pu\u00f2 plasmare il futuro in questi tempi\".<\/p>\n<p>L'approccio BANI implica anche la preparazione dell'azienda ad eventi imprevedibili e non lineari, come spiega il Dr. Harald Sch\u00f6nfeld. Egli spiega: \"Il management moderno deve essere pronto a reagire a sviluppi dirompenti in modo non lineare. Ci\u00f2 richiede strutture resilienti, un alto grado di consapevolezza, continua adattabilit\u00e0 e trasparenza\".\u00a0<\/p>\n<h3><strong>Meglio con i manager ad interim invece che con i consulenti<\/strong><\/h3>\n<p>Secondo il Dr. Harald Sch\u00f6nfeld, molti dirigenti d'azienda hanno raggiunto i loro limiti di fronte alla forza degli sconvolgimenti. \"La maggior parte di loro non \u00e8 ancora arrivata nel mondo VUCA e non \u00e8 quindi in grado di svilupparsi nella direzione della BANI\", ha spiegato in numerose conversazioni con membri di consigli di amministrazione, amministratori delegati, consigli di sorveglianza e consigli consultivi.\u00a0<\/p>\n<p>Conclude: \"La maggior parte delle aziende non sar\u00e0 in grado di farcela senza un aiuto esterno\" e sottolinea: \"ma non con semplici consulenti che sviluppano concetti presumibilmente intelligenti, bens\u00ec con manager ad interim che entrano in azienda per qualche mese, se necessario, e contribuiscono attivamente a dare forma al cambiamento. Perch\u00e9 in tempi di rapidi cambiamenti, la capacit\u00e0 di affrontare rapidamente le questioni e la certezza di fare le cose giuste quando le si implementa in azienda sono i due fattori decisivi per la competitivit\u00e0.\"<\/p>\n<p>Oltre alla professionalit\u00e0 e all'umanit\u00e0, \u00e8 necessario anche un alto livello di competenza multidisciplinare, sottolinea il dottor Harald Sch\u00f6nfeld. L'esperto di management spiega: \"L'ulteriore sviluppo del modello di business di un'azienda non avviene nel vuoto, ma deve ora includere aspetti come la conformit\u00e0, la governance e l'ESG\". L'esperto raccomanda quindi alle aziende di \"assumere regolarmente manager ad interim per progetti orientati al futuro, al fine di acquisire queste nuove conoscenze in modo rapido e orientato alla pratica\".<\/p>\n<p><em>Fonte: <a href=\"http:\/\/www.butterflymanager.com\/\">www.butterflymanager.com<\/a><\/em><\/p>","protected":false},"excerpt":{"rendered":"<p>I mercati di oggi cambiano rapidamente e spesso in modo radicale. In ambito manageriale si \u00e8 affermato il termine VUCA. L'acronimo sta per \"volatilit\u00e0\", \"incertezza\", \"complessit\u00e0\" e \"ambiguit\u00e0\". Ma il termine VUCA \u00e8 superato, ora per i manager vale il principio BANI, afferma l'esperto di management Harald Sch\u00f6nfeld. BANI sta per \"fragile\", \"ansioso\", \"non lineare\" e \"incomprensibile\".<\/p>","protected":false},"author":58,"featured_media":28252,"comment_status":"closed","ping_status":"closed","sticky":false,"template":"","format":"standard","meta":{"_acf_changed":false,"_yoast_wpseo_focuskw":"Management-Experte","_yoast_wpseo_metadesc":"VUCA ist \u00fcberholt, jetzt gilt f\u00fcr F\u00fchrungskr\u00e4fte das BANI-Prinzip. BANI steht f\u00fcr \u201ebrittle\u201c (br\u00fcchig), \u201eanxious\u201c (\u00e4ngstlich), \u201enon-linear\u201c (nicht linear) und \u201eincomprehensible\u201c (unverst\u00e4ndlich).","articlekey":"","footnotes":""},"categories":[28],"tags":[298,334,4296,492],"class_list":["post-28250","post","type-post","status-publish","format-standard","has-post-thumbnail","hentry","category-management","tag-ki","tag-management","tag-managementberater","tag-unternehmen"],"acf":[],"yoast_head":"<!-- This site is optimized with the Yoast SEO plugin v27.5 - https:\/\/yoast.com\/product\/yoast-seo-wordpress\/ -->\n<title>Management-Experte: BANI ist \u201ein\u201c, VUCA \u201eout\u201c - Organisator<\/title>\n<meta name=\"description\" content=\"VUCA ist \u00fcberholt, jetzt gilt f\u00fcr F\u00fchrungskr\u00e4fte das BANI-Prinzip. BANI steht f\u00fcr \u201ebrittle\u201c (br\u00fcchig), \u201eanxious\u201c (\u00e4ngstlich), \u201enon-linear\u201c (nicht linear) und \u201eincomprehensible\u201c (unverst\u00e4ndlich).\" \/>\n<meta name=\"robots\" content=\"index, follow, max-snippet:-1, max-image-preview:large, max-video-preview:-1\" \/>\n<link rel=\"canonical\" href=\"https:\/\/www.organisator.ch\/it\/gestione-2\/2024-07-04\/management-experte-bani-ist-in-vuca-out\/\" \/>\n<meta property=\"og:locale\" content=\"it_IT\" \/>\n<meta property=\"og:type\" content=\"article\" \/>\n<meta property=\"og:title\" content=\"Management-Experte: BANI ist \u201ein\u201c, VUCA \u201eout\u201c\" \/>\n<meta property=\"og:description\" content=\"VUCA ist \u00fcberholt, jetzt gilt f\u00fcr F\u00fchrungskr\u00e4fte das BANI-Prinzip. BANI steht f\u00fcr \u201ebrittle\u201c (br\u00fcchig), \u201eanxious\u201c (\u00e4ngstlich), \u201enon-linear\u201c (nicht linear) und \u201eincomprehensible\u201c (unverst\u00e4ndlich).\" \/>\n<meta property=\"og:url\" content=\"https:\/\/www.organisator.ch\/it\/gestione-2\/2024-07-04\/management-experte-bani-ist-in-vuca-out\/\" \/>\n<meta property=\"og:site_name\" content=\"Organisator\" \/>\n<meta property=\"article:publisher\" content=\"https:\/\/www.facebook.com\/OrganisatorFachmagazin\" \/>\n<meta property=\"article:published_time\" content=\"2024-07-04T07:06:51+00:00\" \/>\n<meta property=\"og:image\" content=\"https:\/\/www.organisator.ch\/wp-content\/uploads\/2024\/07\/BANI-loest-VUCA-ab_Bild1_ps.jpg\" \/>\n\t<meta property=\"og:image:width\" content=\"680\" \/>\n\t<meta property=\"og:image:height\" content=\"481\" \/>\n\t<meta property=\"og:image:type\" content=\"image\/jpeg\" \/>\n<meta name=\"author\" content=\"Adelisa Kalajdzini\" \/>\n<meta name=\"twitter:card\" content=\"summary_large_image\" \/>\n<meta name=\"twitter:title\" content=\"Management-Experte: BANI ist \u201ein\u201c, VUCA \u201eout\u201c\" \/>\n<meta name=\"twitter:description\" content=\"#VUCA ist \u00fcberholt, jetzt gilt f\u00fcr #F\u00fchrungskr\u00e4fte das #BANI-Prinzip. BANI steht f\u00fcr \u201ebrittle\u201c (br\u00fcchig), \u201eanxious\u201c (\u00e4ngstlich), \u201enon-linear\u201c (nicht linear) und \u201eincomprehensible\u201c (unverst\u00e4ndlich).\" \/>\n<meta name=\"twitter:image\" content=\"https:\/\/www.organisator.ch\/wp-content\/uploads\/2024\/07\/BANI-loest-VUCA-ab_Bild1_ps.jpg\" \/>\n<script type=\"application\/ld+json\" class=\"yoast-schema-graph\">{\"@context\":\"https:\\\/\\\/schema.org\",\"@graph\":[{\"@type\":\"Article\",\"@id\":\"https:\\\/\\\/www.organisator.ch\\\/management\\\/2024-07-04\\\/management-experte-bani-ist-in-vuca-out\\\/#article\",\"isPartOf\":{\"@id\":\"https:\\\/\\\/www.organisator.ch\\\/management\\\/2024-07-04\\\/management-experte-bani-ist-in-vuca-out\\\/\"},\"author\":{\"name\":\"Adelisa Kalajdzini\",\"@id\":\"https:\\\/\\\/www.organisator.ch\\\/#\\\/schema\\\/person\\\/2e1314a2172123f874db408d8911d3f3\"},\"headline\":\"Management-Experte: BANI ist \u201ein\u201c, VUCA \u201eout\u201c\",\"datePublished\":\"2024-07-04T07:06:51+00:00\",\"mainEntityOfPage\":{\"@id\":\"https:\\\/\\\/www.organisator.ch\\\/management\\\/2024-07-04\\\/management-experte-bani-ist-in-vuca-out\\\/\"},\"wordCount\":561,\"publisher\":{\"@id\":\"https:\\\/\\\/www.organisator.ch\\\/#organization\"},\"image\":{\"@id\":\"https:\\\/\\\/www.organisator.ch\\\/management\\\/2024-07-04\\\/management-experte-bani-ist-in-vuca-out\\\/#primaryimage\"},\"thumbnailUrl\":\"https:\\\/\\\/www.organisator.ch\\\/wp-content\\\/uploads\\\/2024\\\/07\\\/BANI-loest-VUCA-ab_Bild1_ps.jpg\",\"keywords\":[\"KI\",\"Management\",\"Managementberater\",\"Unternehmen\"],\"articleSection\":[\"MANAGEMENT\"],\"inLanguage\":\"it-IT\"},{\"@type\":\"WebPage\",\"@id\":\"https:\\\/\\\/www.organisator.ch\\\/management\\\/2024-07-04\\\/management-experte-bani-ist-in-vuca-out\\\/\",\"url\":\"https:\\\/\\\/www.organisator.ch\\\/management\\\/2024-07-04\\\/management-experte-bani-ist-in-vuca-out\\\/\",\"name\":\"Management-Experte: BANI ist \u201ein\u201c, VUCA \u201eout\u201c - Organisator\",\"isPartOf\":{\"@id\":\"https:\\\/\\\/www.organisator.ch\\\/#website\"},\"primaryImageOfPage\":{\"@id\":\"https:\\\/\\\/www.organisator.ch\\\/management\\\/2024-07-04\\\/management-experte-bani-ist-in-vuca-out\\\/#primaryimage\"},\"image\":{\"@id\":\"https:\\\/\\\/www.organisator.ch\\\/management\\\/2024-07-04\\\/management-experte-bani-ist-in-vuca-out\\\/#primaryimage\"},\"thumbnailUrl\":\"https:\\\/\\\/www.organisator.ch\\\/wp-content\\\/uploads\\\/2024\\\/07\\\/BANI-loest-VUCA-ab_Bild1_ps.jpg\",\"datePublished\":\"2024-07-04T07:06:51+00:00\",\"description\":\"VUCA ist \u00fcberholt, jetzt gilt f\u00fcr F\u00fchrungskr\u00e4fte das BANI-Prinzip. BANI steht f\u00fcr \u201ebrittle\u201c (br\u00fcchig), \u201eanxious\u201c (\u00e4ngstlich), \u201enon-linear\u201c (nicht linear) und \u201eincomprehensible\u201c (unverst\u00e4ndlich).\",\"breadcrumb\":{\"@id\":\"https:\\\/\\\/www.organisator.ch\\\/management\\\/2024-07-04\\\/management-experte-bani-ist-in-vuca-out\\\/#breadcrumb\"},\"inLanguage\":\"it-IT\",\"potentialAction\":[{\"@type\":\"ReadAction\",\"target\":[\"https:\\\/\\\/www.organisator.ch\\\/management\\\/2024-07-04\\\/management-experte-bani-ist-in-vuca-out\\\/\"]}]},{\"@type\":\"ImageObject\",\"inLanguage\":\"it-IT\",\"@id\":\"https:\\\/\\\/www.organisator.ch\\\/management\\\/2024-07-04\\\/management-experte-bani-ist-in-vuca-out\\\/#primaryimage\",\"url\":\"https:\\\/\\\/www.organisator.ch\\\/wp-content\\\/uploads\\\/2024\\\/07\\\/BANI-loest-VUCA-ab_Bild1_ps.jpg\",\"contentUrl\":\"https:\\\/\\\/www.organisator.ch\\\/wp-content\\\/uploads\\\/2024\\\/07\\\/BANI-loest-VUCA-ab_Bild1_ps.jpg\",\"width\":680,\"height\":481,\"caption\":\"BANI l\u00f6st VUCA ab. (Bild: Butterflymanager GmbH)\"},{\"@type\":\"BreadcrumbList\",\"@id\":\"https:\\\/\\\/www.organisator.ch\\\/management\\\/2024-07-04\\\/management-experte-bani-ist-in-vuca-out\\\/#breadcrumb\",\"itemListElement\":[{\"@type\":\"ListItem\",\"position\":1,\"name\":\"Home\",\"item\":\"https:\\\/\\\/www.organisator.ch\\\/\"},{\"@type\":\"ListItem\",\"position\":2,\"name\":\"Management-Experte: BANI ist \u201ein\u201c, VUCA \u201eout\u201c\"}]},{\"@type\":\"WebSite\",\"@id\":\"https:\\\/\\\/www.organisator.ch\\\/#website\",\"url\":\"https:\\\/\\\/www.organisator.ch\\\/\",\"name\":\"Organisator\",\"description\":\"Kompetent. Praxisnah. Der ORGANISATOR bereitet in 10 Ausgaben pro Jahr die wesentlichen Themen f\u00fcr F\u00fchrungskr\u00e4fte von KMU auf.\",\"publisher\":{\"@id\":\"https:\\\/\\\/www.organisator.ch\\\/#organization\"},\"potentialAction\":[{\"@type\":\"SearchAction\",\"target\":{\"@type\":\"EntryPoint\",\"urlTemplate\":\"https:\\\/\\\/www.organisator.ch\\\/?s={search_term_string}\"},\"query-input\":{\"@type\":\"PropertyValueSpecification\",\"valueRequired\":true,\"valueName\":\"search_term_string\"}}],\"inLanguage\":\"it-IT\"},{\"@type\":\"Organization\",\"@id\":\"https:\\\/\\\/www.organisator.ch\\\/#organization\",\"name\":\"Organisator\",\"url\":\"https:\\\/\\\/www.organisator.ch\\\/\",\"logo\":{\"@type\":\"ImageObject\",\"inLanguage\":\"it-IT\",\"@id\":\"https:\\\/\\\/www.organisator.ch\\\/#\\\/schema\\\/logo\\\/image\\\/\",\"url\":\"https:\\\/\\\/www.organisator.ch\\\/wp-content\\\/uploads\\\/2022\\\/01\\\/Logo_Organisator_Website.png\",\"contentUrl\":\"https:\\\/\\\/www.organisator.ch\\\/wp-content\\\/uploads\\\/2022\\\/01\\\/Logo_Organisator_Website.png\",\"width\":800,\"height\":77,\"caption\":\"Organisator\"},\"image\":{\"@id\":\"https:\\\/\\\/www.organisator.ch\\\/#\\\/schema\\\/logo\\\/image\\\/\"},\"sameAs\":[\"https:\\\/\\\/www.facebook.com\\\/OrganisatorFachmagazin\",\"https:\\\/\\\/www.linkedin.com\\\/showcase\\\/organisator-das-magazin-fr-kmu\",\"https:\\\/\\\/www.xing.com\\\/news\\\/pages\\\/organisator-ch-695\",\"https:\\\/\\\/www.youtube.com\\\/channel\\\/UCGP2Sq0iWaZwT3BdIAQFYpw\"]},{\"@type\":\"Person\",\"@id\":\"https:\\\/\\\/www.organisator.ch\\\/#\\\/schema\\\/person\\\/2e1314a2172123f874db408d8911d3f3\",\"name\":\"Adelisa Kalajdzini\",\"image\":{\"@type\":\"ImageObject\",\"inLanguage\":\"it-IT\",\"@id\":\"https:\\\/\\\/secure.gravatar.com\\\/avatar\\\/09a397c22ac58cad6f160ee8306348599df9df58a8ede73696226897b9fa4b24?s=96&d=mm&r=g\",\"url\":\"https:\\\/\\\/secure.gravatar.com\\\/avatar\\\/09a397c22ac58cad6f160ee8306348599df9df58a8ede73696226897b9fa4b24?s=96&d=mm&r=g\",\"contentUrl\":\"https:\\\/\\\/secure.gravatar.com\\\/avatar\\\/09a397c22ac58cad6f160ee8306348599df9df58a8ede73696226897b9fa4b24?s=96&d=mm&r=g\",\"caption\":\"Adelisa Kalajdzini\"},\"url\":\"https:\\\/\\\/www.organisator.ch\\\/it\\\/author\\\/adelisa-kalajdzini\\\/\"}]}<\/script>\n<!-- \/ Yoast SEO plugin. -->","yoast_head_json":{"title":"Esperto di management: BANI \u00e8 \"in\", VUCA \"out\" - Organizzatore","description":"Il VUCA \u00e8 superato, ora per i manager vale il principio BANI. BANI sta per \"fragile\", \"ansioso\", \"non lineare\" e \"incomprensibile\".","robots":{"index":"index","follow":"follow","max-snippet":"max-snippet:-1","max-image-preview":"max-image-preview:large","max-video-preview":"max-video-preview:-1"},"canonical":"https:\/\/www.organisator.ch\/it\/gestione-2\/2024-07-04\/management-experte-bani-ist-in-vuca-out\/","og_locale":"it_IT","og_type":"article","og_title":"Management-Experte: BANI ist \u201ein\u201c, VUCA \u201eout\u201c","og_description":"VUCA ist \u00fcberholt, jetzt gilt f\u00fcr F\u00fchrungskr\u00e4fte das BANI-Prinzip. BANI steht f\u00fcr \u201ebrittle\u201c (br\u00fcchig), \u201eanxious\u201c (\u00e4ngstlich), \u201enon-linear\u201c (nicht linear) und \u201eincomprehensible\u201c (unverst\u00e4ndlich).","og_url":"https:\/\/www.organisator.ch\/it\/gestione-2\/2024-07-04\/management-experte-bani-ist-in-vuca-out\/","og_site_name":"Organisator","article_publisher":"https:\/\/www.facebook.com\/OrganisatorFachmagazin","article_published_time":"2024-07-04T07:06:51+00:00","og_image":[{"width":680,"height":481,"url":"https:\/\/www.organisator.ch\/wp-content\/uploads\/2024\/07\/BANI-loest-VUCA-ab_Bild1_ps.jpg","type":"image\/jpeg"}],"author":"Adelisa Kalajdzini","twitter_card":"summary_large_image","twitter_title":"Management-Experte: BANI ist \u201ein\u201c, VUCA \u201eout\u201c","twitter_description":"#VUCA ist \u00fcberholt, jetzt gilt f\u00fcr #F\u00fchrungskr\u00e4fte das #BANI-Prinzip. BANI steht f\u00fcr \u201ebrittle\u201c (br\u00fcchig), \u201eanxious\u201c (\u00e4ngstlich), \u201enon-linear\u201c (nicht linear) und \u201eincomprehensible\u201c (unverst\u00e4ndlich).","twitter_image":"https:\/\/www.organisator.ch\/wp-content\/uploads\/2024\/07\/BANI-loest-VUCA-ab_Bild1_ps.jpg","schema":{"@context":"https:\/\/schema.org","@graph":[{"@type":"Article","@id":"https:\/\/www.organisator.ch\/management\/2024-07-04\/management-experte-bani-ist-in-vuca-out\/#article","isPartOf":{"@id":"https:\/\/www.organisator.ch\/management\/2024-07-04\/management-experte-bani-ist-in-vuca-out\/"},"author":{"name":"Adelisa Kalajdzini","@id":"https:\/\/www.organisator.ch\/#\/schema\/person\/2e1314a2172123f874db408d8911d3f3"},"headline":"Management-Experte: BANI ist \u201ein\u201c, VUCA \u201eout\u201c","datePublished":"2024-07-04T07:06:51+00:00","mainEntityOfPage":{"@id":"https:\/\/www.organisator.ch\/management\/2024-07-04\/management-experte-bani-ist-in-vuca-out\/"},"wordCount":561,"publisher":{"@id":"https:\/\/www.organisator.ch\/#organization"},"image":{"@id":"https:\/\/www.organisator.ch\/management\/2024-07-04\/management-experte-bani-ist-in-vuca-out\/#primaryimage"},"thumbnailUrl":"https:\/\/www.organisator.ch\/wp-content\/uploads\/2024\/07\/BANI-loest-VUCA-ab_Bild1_ps.jpg","keywords":["KI","Management","Managementberater","Unternehmen"],"articleSection":["MANAGEMENT"],"inLanguage":"it-IT"},{"@type":"WebPage","@id":"https:\/\/www.organisator.ch\/management\/2024-07-04\/management-experte-bani-ist-in-vuca-out\/","url":"https:\/\/www.organisator.ch\/management\/2024-07-04\/management-experte-bani-ist-in-vuca-out\/","name":"Esperto di management: BANI \u00e8 \"in\", VUCA \"out\" - Organizzatore","isPartOf":{"@id":"https:\/\/www.organisator.ch\/#website"},"primaryImageOfPage":{"@id":"https:\/\/www.organisator.ch\/management\/2024-07-04\/management-experte-bani-ist-in-vuca-out\/#primaryimage"},"image":{"@id":"https:\/\/www.organisator.ch\/management\/2024-07-04\/management-experte-bani-ist-in-vuca-out\/#primaryimage"},"thumbnailUrl":"https:\/\/www.organisator.ch\/wp-content\/uploads\/2024\/07\/BANI-loest-VUCA-ab_Bild1_ps.jpg","datePublished":"2024-07-04T07:06:51+00:00","description":"Il VUCA \u00e8 superato, ora per i manager vale il principio BANI. BANI sta per \"fragile\", \"ansioso\", \"non lineare\" e \"incomprensibile\".","breadcrumb":{"@id":"https:\/\/www.organisator.ch\/management\/2024-07-04\/management-experte-bani-ist-in-vuca-out\/#breadcrumb"},"inLanguage":"it-IT","potentialAction":[{"@type":"ReadAction","target":["https:\/\/www.organisator.ch\/management\/2024-07-04\/management-experte-bani-ist-in-vuca-out\/"]}]},{"@type":"ImageObject","inLanguage":"it-IT","@id":"https:\/\/www.organisator.ch\/management\/2024-07-04\/management-experte-bani-ist-in-vuca-out\/#primaryimage","url":"https:\/\/www.organisator.ch\/wp-content\/uploads\/2024\/07\/BANI-loest-VUCA-ab_Bild1_ps.jpg","contentUrl":"https:\/\/www.organisator.ch\/wp-content\/uploads\/2024\/07\/BANI-loest-VUCA-ab_Bild1_ps.jpg","width":680,"height":481,"caption":"BANI l\u00f6st VUCA ab. (Bild: Butterflymanager GmbH)"},{"@type":"BreadcrumbList","@id":"https:\/\/www.organisator.ch\/management\/2024-07-04\/management-experte-bani-ist-in-vuca-out\/#breadcrumb","itemListElement":[{"@type":"ListItem","position":1,"name":"Home","item":"https:\/\/www.organisator.ch\/"},{"@type":"ListItem","position":2,"name":"Management-Experte: BANI ist \u201ein\u201c, VUCA \u201eout\u201c"}]},{"@type":"WebSite","@id":"https:\/\/www.organisator.ch\/#website","url":"https:\/\/www.organisator.ch\/","name":"Organizzatore","description":"Competente. Pratico. In 10 numeri all'anno, ORGANISATOR presenta i temi essenziali per i manager delle PMI.","publisher":{"@id":"https:\/\/www.organisator.ch\/#organization"},"potentialAction":[{"@type":"SearchAction","target":{"@type":"EntryPoint","urlTemplate":"https:\/\/www.organisator.ch\/?s={search_term_string}"},"query-input":{"@type":"PropertyValueSpecification","valueRequired":true,"valueName":"search_term_string"}}],"inLanguage":"it-IT"},{"@type":"Organization","@id":"https:\/\/www.organisator.ch\/#organization","name":"Organizzatore","url":"https:\/\/www.organisator.ch\/","logo":{"@type":"ImageObject","inLanguage":"it-IT","@id":"https:\/\/www.organisator.ch\/#\/schema\/logo\/image\/","url":"https:\/\/www.organisator.ch\/wp-content\/uploads\/2022\/01\/Logo_Organisator_Website.png","contentUrl":"https:\/\/www.organisator.ch\/wp-content\/uploads\/2022\/01\/Logo_Organisator_Website.png","width":800,"height":77,"caption":"Organisator"},"image":{"@id":"https:\/\/www.organisator.ch\/#\/schema\/logo\/image\/"},"sameAs":["https:\/\/www.facebook.com\/OrganisatorFachmagazin","https:\/\/www.linkedin.com\/showcase\/organisator-das-magazin-fr-kmu","https:\/\/www.xing.com\/news\/pages\/organisator-ch-695","https:\/\/www.youtube.com\/channel\/UCGP2Sq0iWaZwT3BdIAQFYpw"]},{"@type":"Person","@id":"https:\/\/www.organisator.ch\/#\/schema\/person\/2e1314a2172123f874db408d8911d3f3","name":"Adelisa Kalajdzini","image":{"@type":"ImageObject","inLanguage":"it-IT","@id":"https:\/\/secure.gravatar.com\/avatar\/09a397c22ac58cad6f160ee8306348599df9df58a8ede73696226897b9fa4b24?s=96&d=mm&r=g","url":"https:\/\/secure.gravatar.com\/avatar\/09a397c22ac58cad6f160ee8306348599df9df58a8ede73696226897b9fa4b24?s=96&d=mm&r=g","contentUrl":"https:\/\/secure.gravatar.com\/avatar\/09a397c22ac58cad6f160ee8306348599df9df58a8ede73696226897b9fa4b24?s=96&d=mm&r=g","caption":"Adelisa Kalajdzini"},"url":"https:\/\/www.organisator.ch\/it\/author\/adelisa-kalajdzini\/"}]}},"_links":{"self":[{"href":"https:\/\/www.organisator.ch\/it\/wp-json\/wp\/v2\/posts\/28250","targetHints":{"allow":["GET"]}}],"collection":[{"href":"https:\/\/www.organisator.ch\/it\/wp-json\/wp\/v2\/posts"}],"about":[{"href":"https:\/\/www.organisator.ch\/it\/wp-json\/wp\/v2\/types\/post"}],"author":[{"embeddable":true,"href":"https:\/\/www.organisator.ch\/it\/wp-json\/wp\/v2\/users\/58"}],"replies":[{"embeddable":true,"href":"https:\/\/www.organisator.ch\/it\/wp-json\/wp\/v2\/comments?post=28250"}],"version-history":[{"count":5,"href":"https:\/\/www.organisator.ch\/it\/wp-json\/wp\/v2\/posts\/28250\/revisions"}],"predecessor-version":[{"id":28303,"href":"https:\/\/www.organisator.ch\/it\/wp-json\/wp\/v2\/posts\/28250\/revisions\/28303"}],"wp:featuredmedia":[{"embeddable":true,"href":"https:\/\/www.organisator.ch\/it\/wp-json\/wp\/v2\/media\/28252"}],"wp:attachment":[{"href":"https:\/\/www.organisator.ch\/it\/wp-json\/wp\/v2\/media?parent=28250"}],"wp:term":[{"taxonomy":"category","embeddable":true,"href":"https:\/\/www.organisator.ch\/it\/wp-json\/wp\/v2\/categories?post=28250"},{"taxonomy":"post_tag","embeddable":true,"href":"https:\/\/www.organisator.ch\/it\/wp-json\/wp\/v2\/tags?post=28250"}],"curies":[{"name":"wp","href":"https:\/\/api.w.org\/{rel}","templated":true}]}}