{"id":28257,"date":"2024-07-08T08:09:16","date_gmt":"2024-07-08T06:09:16","guid":{"rendered":"https:\/\/www.organisator.ch\/?p=28257"},"modified":"2024-07-04T12:57:43","modified_gmt":"2024-07-04T10:57:43","slug":"bundesrat-guy-parmelin-am-30-rheintaler-wirtschaftsforum","status":"publish","type":"post","link":"https:\/\/www.organisator.ch\/it\/management\/2024-07-08\/bundesrat-guy-parmelin-am-30-rheintaler-wirtschaftsforum\/","title":{"rendered":"Il Consigliere federale Guy Parmelin al 30\u00b0 Forum economico della Valle del Reno"},"content":{"rendered":"<figure id=\"attachment_28259\" aria-describedby=\"caption-attachment-28259\" style=\"width: 680px\" class=\"wp-caption alignnone\"><img loading=\"lazy\" decoding=\"async\" class=\"size-full wp-image-28259\" src=\"https:\/\/www.organisator.ch\/wp-content\/uploads\/2024\/07\/Wifo-24-Line-Up_Bild1_ps.jpg\" alt=\"\" width=\"680\" height=\"680\" srcset=\"https:\/\/www.organisator.ch\/wp-content\/uploads\/2024\/07\/Wifo-24-Line-Up_Bild1_ps.jpg 680w, https:\/\/www.organisator.ch\/wp-content\/uploads\/2024\/07\/Wifo-24-Line-Up_Bild1_ps-150x150.jpg 150w, https:\/\/www.organisator.ch\/wp-content\/uploads\/2024\/07\/Wifo-24-Line-Up_Bild1_ps-12x12.jpg 12w, https:\/\/www.organisator.ch\/wp-content\/uploads\/2024\/07\/Wifo-24-Line-Up_Bild1_ps-300x300.jpg 300w, https:\/\/www.organisator.ch\/wp-content\/uploads\/2024\/07\/Wifo-24-Line-Up_Bild1_ps-350x350.jpg 350w, https:\/\/www.organisator.ch\/wp-content\/uploads\/2024\/07\/Wifo-24-Line-Up_Bild1_ps-250x250.jpg 250w\" sizes=\"auto, (max-width: 680px) 100vw, 680px\" \/><figcaption id=\"caption-attachment-28259\" class=\"wp-caption-text\">Il Forum economico della Valle del Reno si terr\u00e0 il 17 gennaio 2025. (Immagine: www.wifo.ch)<\/figcaption><\/figure>\n<p>Il Consigliere federale Guy Parmelin spiegher\u00e0 come la Svizzera possa rimanere una piazza economica attraente per le aziende. Gli ultimi negoziati tra la Svizzera e l'UE per un nuovo accordo, i cui risultati sono attesi per la fine del 2024, avranno un forte impatto sulla piazza economica svizzera e sulla competitivit\u00e0 della regione del Lago di Costanza. Gli approfondimenti del Consigliere federale Parmelin saranno quindi di grande interesse.<\/p>\n<p>Jahangir Doongaji, CEO del Gruppo Hilti, parler\u00e0 di come assicurare strategicamente il futuro delle aziende. Spiegher\u00e0 quali sono le misure che il Gruppo Hilti sta adottando per garantire il proprio futuro e poi discuter\u00e0 l'argomento con altre personalit\u00e0 del mondo degli affari.<\/p>\n<h3><strong>Pianificazione della successione per garantire il futuro<\/strong><\/h3>\n<p>Stabilire la rotta per il futuro \u00e8 fondamentale per il successo a lungo termine di un'azienda. Insieme ad Antje von Dewitz, amministratrice delegata e proprietaria di Vaude, azienda tedesca produttrice di articoli per l'outdoor attiva a livello mondiale, altri manager della regione del Lago di Costanza discuteranno le loro esperienze e strategie per un cambio di leadership di successo. Antje von Dewitz ha trasformato radicalmente l'azienda dopo aver preso il posto del padre grazie al suo impegno per la responsabilit\u00e0 ecologica e sociale. La sua esperienza pluriennale e la sua attenzione alla sostenibilit\u00e0 la rendono una voce ispiratrice per il futuro dell'imprenditoria.<\/p>\n<h3><strong>La registrazione \u00e8 ora possibile<\/strong><\/h3>\n<p>Il programma completo con tutti i relatori sar\u00e0 reso noto dopo le vacanze estive. Le iscrizioni al 30\u00b0 Rheintal Business Forum sono aperte su <a href=\"http:\/\/www.wifo.ch\">www.wifo.ch<\/a> possibile. \u00c8 possibile beneficiare del prezzo early bird fino al 30 settembre 2024.<\/p>\n<p><em>Fonte: <a href=\"http:\/\/www.wifo.ch\">www.wifo.ch<\/a><\/em><\/p>","protected":false},"excerpt":{"rendered":"<p>Il 17 gennaio 2025 il Forum economico della Valle del Reno festegger\u00e0 il suo 30\u00b0 anniversario con un programma di prim'ordine e relatori di spicco. Il primo elenco del 30\u00b0 Forum economico della Valle del Reno comprende il consigliere federale e ministro dell'Economia Guy Parmelin, l'amministratore delegato del Gruppo Hilti, Jahangir Doongaji, e Antje von Dewitz, proprietaria e amministratore delegato del produttore di attrezzature per esterni Vaude.<\/p>","protected":false},"author":58,"featured_media":28259,"comment_status":"closed","ping_status":"closed","sticky":false,"template":"","format":"standard","meta":{"_acf_changed":false,"_yoast_wpseo_focuskw":"Wirtschaftsforum","_yoast_wpseo_metadesc":"Das Rheintaler Wirtschaftsforum feiert am 17. Januar 2025 sein 30-j\u00e4hriges Jubil\u00e4um mit einem hochkar\u00e4tigen Programm und prominenten Rednern.","articlekey":"","footnotes":""},"categories":[28],"tags":[193,492,2708,531],"class_list":["post-28257","post","type-post","status-publish","format-standard","has-post-thumbnail","hentry","category-management","tag-fachkongressfachmesse","tag-unternehmen","tag-wirtschaftsforum","tag-wirtschaftspolitik"],"acf":[],"yoast_head":"<!-- This site is optimized with the Yoast SEO plugin v27.5 - https:\/\/yoast.com\/product\/yoast-seo-wordpress\/ -->\n<title>Bundesrat Guy Parmelin am 30. Rheintaler Wirtschaftsforum - Organisator<\/title>\n<meta name=\"description\" content=\"Das Rheintaler Wirtschaftsforum feiert am 17. Januar 2025 sein 30-j\u00e4hriges Jubil\u00e4um mit einem hochkar\u00e4tigen Programm und prominenten Rednern.\" \/>\n<meta name=\"robots\" content=\"index, follow, max-snippet:-1, max-image-preview:large, max-video-preview:-1\" \/>\n<link rel=\"canonical\" href=\"https:\/\/www.organisator.ch\/it\/gestione-2\/2024-07-08\/bundesrat-guy-parmelin-am-30-rheintaler-wirtschaftsforum\/\" \/>\n<meta property=\"og:locale\" content=\"it_IT\" \/>\n<meta property=\"og:type\" content=\"article\" \/>\n<meta property=\"og:title\" content=\"Bundesrat Guy Parmelin am 30. Rheintaler Wirtschaftsforum\" \/>\n<meta property=\"og:description\" content=\"Das Rheintaler Wirtschaftsforum feiert am 17. Januar 2025 sein 30-j\u00e4hriges Jubil\u00e4um mit einem hochkar\u00e4tigen Programm und prominenten Rednern.\" \/>\n<meta property=\"og:url\" content=\"https:\/\/www.organisator.ch\/it\/gestione-2\/2024-07-08\/bundesrat-guy-parmelin-am-30-rheintaler-wirtschaftsforum\/\" \/>\n<meta property=\"og:site_name\" content=\"Organisator\" \/>\n<meta property=\"article:publisher\" content=\"https:\/\/www.facebook.com\/OrganisatorFachmagazin\" \/>\n<meta property=\"article:published_time\" content=\"2024-07-08T06:09:16+00:00\" \/>\n<meta property=\"og:image\" content=\"https:\/\/www.organisator.ch\/wp-content\/uploads\/2024\/07\/Wifo-24-Line-Up_Bild1_ps.jpg\" \/>\n\t<meta property=\"og:image:width\" content=\"680\" \/>\n\t<meta property=\"og:image:height\" content=\"680\" \/>\n\t<meta property=\"og:image:type\" content=\"image\/jpeg\" \/>\n<meta name=\"author\" content=\"Adelisa Kalajdzini\" \/>\n<meta name=\"twitter:card\" content=\"summary_large_image\" \/>\n<meta name=\"twitter:title\" content=\"Bundesrat Guy Parmelin am 30. Rheintaler Wirtschaftsforum\" \/>\n<meta name=\"twitter:description\" content=\"Das #Rheintaler #Wirtschaftsforum feiert am 17. Januar 2025 sein 30-j\u00e4hriges #Jubil\u00e4um mit einem hochkar\u00e4tigen #Programm und prominenten Rednern.\" \/>\n<meta name=\"twitter:image\" content=\"https:\/\/www.organisator.ch\/wp-content\/uploads\/2024\/07\/Wifo-24-Line-Up_Bild1_ps.jpg\" \/>\n<script type=\"application\/ld+json\" class=\"yoast-schema-graph\">{\"@context\":\"https:\\\/\\\/schema.org\",\"@graph\":[{\"@type\":\"Article\",\"@id\":\"https:\\\/\\\/www.organisator.ch\\\/management\\\/2024-07-08\\\/bundesrat-guy-parmelin-am-30-rheintaler-wirtschaftsforum\\\/#article\",\"isPartOf\":{\"@id\":\"https:\\\/\\\/www.organisator.ch\\\/management\\\/2024-07-08\\\/bundesrat-guy-parmelin-am-30-rheintaler-wirtschaftsforum\\\/\"},\"author\":{\"name\":\"Adelisa Kalajdzini\",\"@id\":\"https:\\\/\\\/www.organisator.ch\\\/#\\\/schema\\\/person\\\/2e1314a2172123f874db408d8911d3f3\"},\"headline\":\"Bundesrat Guy Parmelin am 30. Rheintaler Wirtschaftsforum\",\"datePublished\":\"2024-07-08T06:09:16+00:00\",\"mainEntityOfPage\":{\"@id\":\"https:\\\/\\\/www.organisator.ch\\\/management\\\/2024-07-08\\\/bundesrat-guy-parmelin-am-30-rheintaler-wirtschaftsforum\\\/\"},\"wordCount\":267,\"publisher\":{\"@id\":\"https:\\\/\\\/www.organisator.ch\\\/#organization\"},\"image\":{\"@id\":\"https:\\\/\\\/www.organisator.ch\\\/management\\\/2024-07-08\\\/bundesrat-guy-parmelin-am-30-rheintaler-wirtschaftsforum\\\/#primaryimage\"},\"thumbnailUrl\":\"https:\\\/\\\/www.organisator.ch\\\/wp-content\\\/uploads\\\/2024\\\/07\\\/Wifo-24-Line-Up_Bild1_ps.jpg\",\"keywords\":[\"Fachkongress\\\/Fachmesse\",\"Unternehmen\",\"Wirtschaftsforum\",\"Wirtschaftspolitik\"],\"articleSection\":[\"MANAGEMENT\"],\"inLanguage\":\"it-IT\"},{\"@type\":\"WebPage\",\"@id\":\"https:\\\/\\\/www.organisator.ch\\\/management\\\/2024-07-08\\\/bundesrat-guy-parmelin-am-30-rheintaler-wirtschaftsforum\\\/\",\"url\":\"https:\\\/\\\/www.organisator.ch\\\/management\\\/2024-07-08\\\/bundesrat-guy-parmelin-am-30-rheintaler-wirtschaftsforum\\\/\",\"name\":\"Bundesrat Guy Parmelin am 30. Rheintaler Wirtschaftsforum - Organisator\",\"isPartOf\":{\"@id\":\"https:\\\/\\\/www.organisator.ch\\\/#website\"},\"primaryImageOfPage\":{\"@id\":\"https:\\\/\\\/www.organisator.ch\\\/management\\\/2024-07-08\\\/bundesrat-guy-parmelin-am-30-rheintaler-wirtschaftsforum\\\/#primaryimage\"},\"image\":{\"@id\":\"https:\\\/\\\/www.organisator.ch\\\/management\\\/2024-07-08\\\/bundesrat-guy-parmelin-am-30-rheintaler-wirtschaftsforum\\\/#primaryimage\"},\"thumbnailUrl\":\"https:\\\/\\\/www.organisator.ch\\\/wp-content\\\/uploads\\\/2024\\\/07\\\/Wifo-24-Line-Up_Bild1_ps.jpg\",\"datePublished\":\"2024-07-08T06:09:16+00:00\",\"description\":\"Das Rheintaler Wirtschaftsforum feiert am 17. Januar 2025 sein 30-j\u00e4hriges Jubil\u00e4um mit einem hochkar\u00e4tigen Programm und prominenten Rednern.\",\"breadcrumb\":{\"@id\":\"https:\\\/\\\/www.organisator.ch\\\/management\\\/2024-07-08\\\/bundesrat-guy-parmelin-am-30-rheintaler-wirtschaftsforum\\\/#breadcrumb\"},\"inLanguage\":\"it-IT\",\"potentialAction\":[{\"@type\":\"ReadAction\",\"target\":[\"https:\\\/\\\/www.organisator.ch\\\/management\\\/2024-07-08\\\/bundesrat-guy-parmelin-am-30-rheintaler-wirtschaftsforum\\\/\"]}]},{\"@type\":\"ImageObject\",\"inLanguage\":\"it-IT\",\"@id\":\"https:\\\/\\\/www.organisator.ch\\\/management\\\/2024-07-08\\\/bundesrat-guy-parmelin-am-30-rheintaler-wirtschaftsforum\\\/#primaryimage\",\"url\":\"https:\\\/\\\/www.organisator.ch\\\/wp-content\\\/uploads\\\/2024\\\/07\\\/Wifo-24-Line-Up_Bild1_ps.jpg\",\"contentUrl\":\"https:\\\/\\\/www.organisator.ch\\\/wp-content\\\/uploads\\\/2024\\\/07\\\/Wifo-24-Line-Up_Bild1_ps.jpg\",\"width\":680,\"height\":680,\"caption\":\"Das Rheintaler Wirtschaftsforum findet am 17. Januar 2025 statt. (Bild: www.wifo.ch)\"},{\"@type\":\"BreadcrumbList\",\"@id\":\"https:\\\/\\\/www.organisator.ch\\\/management\\\/2024-07-08\\\/bundesrat-guy-parmelin-am-30-rheintaler-wirtschaftsforum\\\/#breadcrumb\",\"itemListElement\":[{\"@type\":\"ListItem\",\"position\":1,\"name\":\"Home\",\"item\":\"https:\\\/\\\/www.organisator.ch\\\/\"},{\"@type\":\"ListItem\",\"position\":2,\"name\":\"Bundesrat Guy Parmelin am 30. Rheintaler Wirtschaftsforum\"}]},{\"@type\":\"WebSite\",\"@id\":\"https:\\\/\\\/www.organisator.ch\\\/#website\",\"url\":\"https:\\\/\\\/www.organisator.ch\\\/\",\"name\":\"Organisator\",\"description\":\"Kompetent. Praxisnah. Der ORGANISATOR bereitet in 10 Ausgaben pro Jahr die wesentlichen Themen f\u00fcr F\u00fchrungskr\u00e4fte von KMU auf.\",\"publisher\":{\"@id\":\"https:\\\/\\\/www.organisator.ch\\\/#organization\"},\"potentialAction\":[{\"@type\":\"SearchAction\",\"target\":{\"@type\":\"EntryPoint\",\"urlTemplate\":\"https:\\\/\\\/www.organisator.ch\\\/?s={search_term_string}\"},\"query-input\":{\"@type\":\"PropertyValueSpecification\",\"valueRequired\":true,\"valueName\":\"search_term_string\"}}],\"inLanguage\":\"it-IT\"},{\"@type\":\"Organization\",\"@id\":\"https:\\\/\\\/www.organisator.ch\\\/#organization\",\"name\":\"Organisator\",\"url\":\"https:\\\/\\\/www.organisator.ch\\\/\",\"logo\":{\"@type\":\"ImageObject\",\"inLanguage\":\"it-IT\",\"@id\":\"https:\\\/\\\/www.organisator.ch\\\/#\\\/schema\\\/logo\\\/image\\\/\",\"url\":\"https:\\\/\\\/www.organisator.ch\\\/wp-content\\\/uploads\\\/2022\\\/01\\\/Logo_Organisator_Website.png\",\"contentUrl\":\"https:\\\/\\\/www.organisator.ch\\\/wp-content\\\/uploads\\\/2022\\\/01\\\/Logo_Organisator_Website.png\",\"width\":800,\"height\":77,\"caption\":\"Organisator\"},\"image\":{\"@id\":\"https:\\\/\\\/www.organisator.ch\\\/#\\\/schema\\\/logo\\\/image\\\/\"},\"sameAs\":[\"https:\\\/\\\/www.facebook.com\\\/OrganisatorFachmagazin\",\"https:\\\/\\\/www.linkedin.com\\\/showcase\\\/organisator-das-magazin-fr-kmu\",\"https:\\\/\\\/www.xing.com\\\/news\\\/pages\\\/organisator-ch-695\",\"https:\\\/\\\/www.youtube.com\\\/channel\\\/UCGP2Sq0iWaZwT3BdIAQFYpw\"]},{\"@type\":\"Person\",\"@id\":\"https:\\\/\\\/www.organisator.ch\\\/#\\\/schema\\\/person\\\/2e1314a2172123f874db408d8911d3f3\",\"name\":\"Adelisa Kalajdzini\",\"image\":{\"@type\":\"ImageObject\",\"inLanguage\":\"it-IT\",\"@id\":\"https:\\\/\\\/secure.gravatar.com\\\/avatar\\\/09a397c22ac58cad6f160ee8306348599df9df58a8ede73696226897b9fa4b24?s=96&d=mm&r=g\",\"url\":\"https:\\\/\\\/secure.gravatar.com\\\/avatar\\\/09a397c22ac58cad6f160ee8306348599df9df58a8ede73696226897b9fa4b24?s=96&d=mm&r=g\",\"contentUrl\":\"https:\\\/\\\/secure.gravatar.com\\\/avatar\\\/09a397c22ac58cad6f160ee8306348599df9df58a8ede73696226897b9fa4b24?s=96&d=mm&r=g\",\"caption\":\"Adelisa Kalajdzini\"},\"url\":\"https:\\\/\\\/www.organisator.ch\\\/it\\\/author\\\/adelisa-kalajdzini\\\/\"}]}<\/script>\n<!-- \/ Yoast SEO plugin. -->","yoast_head_json":{"title":"Il Consigliere federale Guy Parmelin al 30\u00b0 Forum economico della Valle del Reno - Organizzatore","description":"Il Forum economico della Valle del Reno festeggia il suo 30\u00b0 anniversario il 17 gennaio 2025 con un programma di prim'ordine e relatori di spicco.","robots":{"index":"index","follow":"follow","max-snippet":"max-snippet:-1","max-image-preview":"max-image-preview:large","max-video-preview":"max-video-preview:-1"},"canonical":"https:\/\/www.organisator.ch\/it\/gestione-2\/2024-07-08\/bundesrat-guy-parmelin-am-30-rheintaler-wirtschaftsforum\/","og_locale":"it_IT","og_type":"article","og_title":"Bundesrat Guy Parmelin am 30. Rheintaler Wirtschaftsforum","og_description":"Das Rheintaler Wirtschaftsforum feiert am 17. Januar 2025 sein 30-j\u00e4hriges Jubil\u00e4um mit einem hochkar\u00e4tigen Programm und prominenten Rednern.","og_url":"https:\/\/www.organisator.ch\/it\/gestione-2\/2024-07-08\/bundesrat-guy-parmelin-am-30-rheintaler-wirtschaftsforum\/","og_site_name":"Organisator","article_publisher":"https:\/\/www.facebook.com\/OrganisatorFachmagazin","article_published_time":"2024-07-08T06:09:16+00:00","og_image":[{"width":680,"height":680,"url":"https:\/\/www.organisator.ch\/wp-content\/uploads\/2024\/07\/Wifo-24-Line-Up_Bild1_ps.jpg","type":"image\/jpeg"}],"author":"Adelisa Kalajdzini","twitter_card":"summary_large_image","twitter_title":"Bundesrat Guy Parmelin am 30. Rheintaler Wirtschaftsforum","twitter_description":"Das #Rheintaler #Wirtschaftsforum feiert am 17. Januar 2025 sein 30-j\u00e4hriges #Jubil\u00e4um mit einem hochkar\u00e4tigen #Programm und prominenten Rednern.","twitter_image":"https:\/\/www.organisator.ch\/wp-content\/uploads\/2024\/07\/Wifo-24-Line-Up_Bild1_ps.jpg","schema":{"@context":"https:\/\/schema.org","@graph":[{"@type":"Article","@id":"https:\/\/www.organisator.ch\/management\/2024-07-08\/bundesrat-guy-parmelin-am-30-rheintaler-wirtschaftsforum\/#article","isPartOf":{"@id":"https:\/\/www.organisator.ch\/management\/2024-07-08\/bundesrat-guy-parmelin-am-30-rheintaler-wirtschaftsforum\/"},"author":{"name":"Adelisa Kalajdzini","@id":"https:\/\/www.organisator.ch\/#\/schema\/person\/2e1314a2172123f874db408d8911d3f3"},"headline":"Bundesrat Guy Parmelin am 30. Rheintaler Wirtschaftsforum","datePublished":"2024-07-08T06:09:16+00:00","mainEntityOfPage":{"@id":"https:\/\/www.organisator.ch\/management\/2024-07-08\/bundesrat-guy-parmelin-am-30-rheintaler-wirtschaftsforum\/"},"wordCount":267,"publisher":{"@id":"https:\/\/www.organisator.ch\/#organization"},"image":{"@id":"https:\/\/www.organisator.ch\/management\/2024-07-08\/bundesrat-guy-parmelin-am-30-rheintaler-wirtschaftsforum\/#primaryimage"},"thumbnailUrl":"https:\/\/www.organisator.ch\/wp-content\/uploads\/2024\/07\/Wifo-24-Line-Up_Bild1_ps.jpg","keywords":["Fachkongress\/Fachmesse","Unternehmen","Wirtschaftsforum","Wirtschaftspolitik"],"articleSection":["MANAGEMENT"],"inLanguage":"it-IT"},{"@type":"WebPage","@id":"https:\/\/www.organisator.ch\/management\/2024-07-08\/bundesrat-guy-parmelin-am-30-rheintaler-wirtschaftsforum\/","url":"https:\/\/www.organisator.ch\/management\/2024-07-08\/bundesrat-guy-parmelin-am-30-rheintaler-wirtschaftsforum\/","name":"Il Consigliere federale Guy Parmelin al 30\u00b0 Forum economico della Valle del Reno - Organizzatore","isPartOf":{"@id":"https:\/\/www.organisator.ch\/#website"},"primaryImageOfPage":{"@id":"https:\/\/www.organisator.ch\/management\/2024-07-08\/bundesrat-guy-parmelin-am-30-rheintaler-wirtschaftsforum\/#primaryimage"},"image":{"@id":"https:\/\/www.organisator.ch\/management\/2024-07-08\/bundesrat-guy-parmelin-am-30-rheintaler-wirtschaftsforum\/#primaryimage"},"thumbnailUrl":"https:\/\/www.organisator.ch\/wp-content\/uploads\/2024\/07\/Wifo-24-Line-Up_Bild1_ps.jpg","datePublished":"2024-07-08T06:09:16+00:00","description":"Il Forum economico della Valle del Reno festeggia il suo 30\u00b0 anniversario il 17 gennaio 2025 con un programma di prim'ordine e relatori di spicco.","breadcrumb":{"@id":"https:\/\/www.organisator.ch\/management\/2024-07-08\/bundesrat-guy-parmelin-am-30-rheintaler-wirtschaftsforum\/#breadcrumb"},"inLanguage":"it-IT","potentialAction":[{"@type":"ReadAction","target":["https:\/\/www.organisator.ch\/management\/2024-07-08\/bundesrat-guy-parmelin-am-30-rheintaler-wirtschaftsforum\/"]}]},{"@type":"ImageObject","inLanguage":"it-IT","@id":"https:\/\/www.organisator.ch\/management\/2024-07-08\/bundesrat-guy-parmelin-am-30-rheintaler-wirtschaftsforum\/#primaryimage","url":"https:\/\/www.organisator.ch\/wp-content\/uploads\/2024\/07\/Wifo-24-Line-Up_Bild1_ps.jpg","contentUrl":"https:\/\/www.organisator.ch\/wp-content\/uploads\/2024\/07\/Wifo-24-Line-Up_Bild1_ps.jpg","width":680,"height":680,"caption":"Das Rheintaler Wirtschaftsforum findet am 17. Januar 2025 statt. (Bild: www.wifo.ch)"},{"@type":"BreadcrumbList","@id":"https:\/\/www.organisator.ch\/management\/2024-07-08\/bundesrat-guy-parmelin-am-30-rheintaler-wirtschaftsforum\/#breadcrumb","itemListElement":[{"@type":"ListItem","position":1,"name":"Home","item":"https:\/\/www.organisator.ch\/"},{"@type":"ListItem","position":2,"name":"Bundesrat Guy Parmelin am 30. Rheintaler Wirtschaftsforum"}]},{"@type":"WebSite","@id":"https:\/\/www.organisator.ch\/#website","url":"https:\/\/www.organisator.ch\/","name":"Organizzatore","description":"Competente. Pratico. In 10 numeri all'anno, ORGANISATOR presenta i temi essenziali per i manager delle PMI.","publisher":{"@id":"https:\/\/www.organisator.ch\/#organization"},"potentialAction":[{"@type":"SearchAction","target":{"@type":"EntryPoint","urlTemplate":"https:\/\/www.organisator.ch\/?s={search_term_string}"},"query-input":{"@type":"PropertyValueSpecification","valueRequired":true,"valueName":"search_term_string"}}],"inLanguage":"it-IT"},{"@type":"Organization","@id":"https:\/\/www.organisator.ch\/#organization","name":"Organizzatore","url":"https:\/\/www.organisator.ch\/","logo":{"@type":"ImageObject","inLanguage":"it-IT","@id":"https:\/\/www.organisator.ch\/#\/schema\/logo\/image\/","url":"https:\/\/www.organisator.ch\/wp-content\/uploads\/2022\/01\/Logo_Organisator_Website.png","contentUrl":"https:\/\/www.organisator.ch\/wp-content\/uploads\/2022\/01\/Logo_Organisator_Website.png","width":800,"height":77,"caption":"Organisator"},"image":{"@id":"https:\/\/www.organisator.ch\/#\/schema\/logo\/image\/"},"sameAs":["https:\/\/www.facebook.com\/OrganisatorFachmagazin","https:\/\/www.linkedin.com\/showcase\/organisator-das-magazin-fr-kmu","https:\/\/www.xing.com\/news\/pages\/organisator-ch-695","https:\/\/www.youtube.com\/channel\/UCGP2Sq0iWaZwT3BdIAQFYpw"]},{"@type":"Person","@id":"https:\/\/www.organisator.ch\/#\/schema\/person\/2e1314a2172123f874db408d8911d3f3","name":"Adelisa Kalajdzini","image":{"@type":"ImageObject","inLanguage":"it-IT","@id":"https:\/\/secure.gravatar.com\/avatar\/09a397c22ac58cad6f160ee8306348599df9df58a8ede73696226897b9fa4b24?s=96&d=mm&r=g","url":"https:\/\/secure.gravatar.com\/avatar\/09a397c22ac58cad6f160ee8306348599df9df58a8ede73696226897b9fa4b24?s=96&d=mm&r=g","contentUrl":"https:\/\/secure.gravatar.com\/avatar\/09a397c22ac58cad6f160ee8306348599df9df58a8ede73696226897b9fa4b24?s=96&d=mm&r=g","caption":"Adelisa Kalajdzini"},"url":"https:\/\/www.organisator.ch\/it\/author\/adelisa-kalajdzini\/"}]}},"_links":{"self":[{"href":"https:\/\/www.organisator.ch\/it\/wp-json\/wp\/v2\/posts\/28257","targetHints":{"allow":["GET"]}}],"collection":[{"href":"https:\/\/www.organisator.ch\/it\/wp-json\/wp\/v2\/posts"}],"about":[{"href":"https:\/\/www.organisator.ch\/it\/wp-json\/wp\/v2\/types\/post"}],"author":[{"embeddable":true,"href":"https:\/\/www.organisator.ch\/it\/wp-json\/wp\/v2\/users\/58"}],"replies":[{"embeddable":true,"href":"https:\/\/www.organisator.ch\/it\/wp-json\/wp\/v2\/comments?post=28257"}],"version-history":[{"count":6,"href":"https:\/\/www.organisator.ch\/it\/wp-json\/wp\/v2\/posts\/28257\/revisions"}],"predecessor-version":[{"id":28311,"href":"https:\/\/www.organisator.ch\/it\/wp-json\/wp\/v2\/posts\/28257\/revisions\/28311"}],"wp:featuredmedia":[{"embeddable":true,"href":"https:\/\/www.organisator.ch\/it\/wp-json\/wp\/v2\/media\/28259"}],"wp:attachment":[{"href":"https:\/\/www.organisator.ch\/it\/wp-json\/wp\/v2\/media?parent=28257"}],"wp:term":[{"taxonomy":"category","embeddable":true,"href":"https:\/\/www.organisator.ch\/it\/wp-json\/wp\/v2\/categories?post=28257"},{"taxonomy":"post_tag","embeddable":true,"href":"https:\/\/www.organisator.ch\/it\/wp-json\/wp\/v2\/tags?post=28257"}],"curies":[{"name":"wp","href":"https:\/\/api.w.org\/{rel}","templated":true}]}}