{"id":28270,"date":"2024-07-05T07:44:09","date_gmt":"2024-07-05T05:44:09","guid":{"rendered":"https:\/\/www.m-q.ch\/?p=20061"},"modified":"2024-11-10T04:11:59","modified_gmt":"2024-11-10T03:11:59","slug":"was-unternehmens-chefs-von-gesetzgebung-und-politik-in-sachen-cyberschutz-fordern","status":"publish","type":"post","link":"https:\/\/www.organisator.ch\/it\/operational-excellence\/2024-07-05\/was-unternehmens-chefs-von-gesetzgebung-und-politik-in-sachen-cyberschutz-fordern\/","title":{"rendered":"Cosa vogliono i dirigenti aziendali dalla legislazione e dalla politica quando si tratta di protezione informatica"},"content":{"rendered":"<figure id=\"attachment_20063\" class=\"wp-caption alignnone\" style=\"width: 680px\" aria-describedby=\"caption-attachment-20063\"><img class=\"alignnone wp-image-20063 size-full\" src=\"https:\/\/www.m-q.ch\/wp-content\/uploads\/2024\/07\/Sophos_Bild1_ps.jpg\" alt=\"Studio di gestione Sophos\" width=\"680\" height=\"454\" \/>\r\n<figcaption id=\"caption-attachment-20063\" class=\"wp-caption-text\">Sophos pubblica i nuovi dati del suo studio di gestione per la regione DACH. (Immagine: www.depositphotos.com)<\/figcaption>\r\n<\/figure>\r\n<p>I dirigenti di alto livello delle aziende intervistate hanno potuto scegliere tra sei possibili risposte; erano ammesse risposte multiple. Per quanto riguarda le due aree pi\u00f9 frequentemente menzionate, gli intervistati sono tutti d'accordo: la richiesta di una maggiore cooperazione internazionale e la richiesta di un sostegno pi\u00f9 concreto da parte della politica e della legislazione sono al primo e al secondo posto tra le aspettative delle aziende intervistate nella regione DACH.<\/p>\r\n<p>Le aspettative e gli appelli alla legislazione e alla politica da parte delle aziende in dettaglio:<\/p>\r\n<h3><strong>Lavorare insieme a livello internazionale<\/strong><\/h3>\r\n<p>L'appello pi\u00f9 importante degli intervistati ai legislatori e ai politici \u00e8 quello di una \"maggiore cooperazione a livello internazionale per creare standard di protezione informatica\". Questa richiesta si \u00e8 classificata al primo posto in tutti e tre i Paesi. In Germania, quasi il 52%, in Austria il 56% e in Svizzera la met\u00e0 dei dirigenti intervistati \u00e8 favorevole a questa richiesta. Tra le aziende svizzere di vendita al dettaglio, questo desiderio \u00e8 stato menzionato ancora pi\u00f9 frequentemente (71,4%), mentre il 74% dei fornitori di servizi austriaci lo considera una priorit\u00e0 assoluta.<\/p>\r\n<h3><strong>Fornisce un supporto concreto, promuove la protezione informatica<\/strong><\/h3>\r\n<p>Il desiderio di un sostegno concreto, come un miglioramento o un aumento dei finanziamenti per la protezione informatica, si colloca al secondo posto in ciascuno dei Paesi limitrofi: in Germania con il 43,3%, in Austria con il 38% e in Svizzera con il 30%. Le aziende di vendita al dettaglio in Germania (58,1%) e le aziende di servizi in Austria (52,2%) hanno un valore superiore.<\/p>\r\n<h3><strong>Controlli pi\u00f9 severi su Internet<\/strong><\/h3>\r\n<p>Per quanto riguarda la richiesta di un controllo pi\u00f9 severo di Internet a favore della protezione informatica, sono soprattutto gli intervistati tedeschi ad essere in prima linea: il 31,3% di loro sostiene questo punto (terzo posto). Sia i manager austriaci che quelli svizzeri nel complesso hanno classificato un controllo pi\u00f9 severo pi\u00f9 in basso, con il 26% al quarto posto, mentre solo le societ\u00e0 di servizi austriache hanno considerato questo aspetto come il terzo pi\u00f9 importante con il 34,8%.<\/p>\r\n<h3><strong>Fornisce linee guida concrete per la protezione informatica<\/strong><\/h3>\r\n<p>Le aziende tedesche sono al primo posto anche per questa richiesta. Il 30,8% di esse desidera linee guida concrete per l'azione, la quarta richiesta pi\u00f9 frequente nella classifica tedesca. Questa aspettativa \u00e8 particolarmente alta tra le aziende tedesche pi\u00f9 grandi (oltre 200 dipendenti): ben il 42% di esse vorrebbe vedere linee guida pi\u00f9 specifiche da parte della legislazione. Questa aspettativa \u00e8 meno pronunciata nei Paesi vicini. Le aziende austriache sono per il 26% favorevoli alla richiesta di linee guida specifiche per le azioni (5\u00b0 posto in Austria) e questo desiderio \u00e8 ancora meno diffuso in Svizzera, dove si colloca all'ultimo posto con il 22%.<\/p>\r\n<h3><strong>Applicazione pi\u00f9 rigorosa delle leggi esistenti<\/strong><\/h3>\r\n<p>Le aziende austriache, in particolare, sottolineano l'aspettativa che le leggi esistenti, come il GDPR o il NIS2, vengano applicate in modo pi\u00f9 rigoroso, con il 32% che colloca questa richiesta al terzo posto nella classifica dei Paesi. Questo punto \u00e8 leggermente meno popolare nei Paesi vicini. Il 27,4% dei manager tedeschi vorrebbe una maggiore applicazione da parte dello Stato, mentre il 24% dei colleghi svizzeri ha spuntato questa casella.<\/p>\r\n<h3><strong>Occupiamocene noi stessi<\/strong><\/h3>\r\n<p>I dirigenti svizzeri, in particolare, vorrebbero una minore regolamentazione, intervento e applicazione dei requisiti di legge. Il 36% di loro afferma di non sostenere nessuna delle richieste sopra elencate, ma preferirebbe regolare autonomamente la protezione informatica nelle proprie aziende. Ben il 42% delle aziende manifatturiere svizzere si oppone all'interferenza della legislazione. In Germania, invece, solo il 22,4% degli intervistati rifiuta una maggiore influenza e un maggiore supporto, sebbene l'industria manifatturiera tedesca sia anche pi\u00f9 autosufficiente con il 30,8%. I decisori austriaci sono i pi\u00f9 disposti a tollerare l'adozione di linee guida e l'applicazione della legislazione, con solo il 18% di loro che chiede che la sicurezza informatica nelle loro aziende sia gestita in modo completamente indipendente.<\/p>\r\n<p><em>Fonte: <a href=\"http:\/\/www.sophos.com\/\">www.sophos.com<\/a><\/em><\/p>\n<p class=\"syndicated-attribution\">Questo articolo \u00e8 apparso originariamente su m-q.ch - <a href=\"https:\/\/www.m-q.ch\/de\/was-unternehmens-chefs-von-gesetzgebung-und-politik-in-sachen-cyberschutz-fordern\/\" target=\"_blank\">https:\/\/www.m-q.ch\/de\/was-unternehmens-chefs-von-gesetzgebung-und-politik-in-sachen-cyberschutz-fordern\/<\/a><\/p>","protected":false},"excerpt":{"rendered":"<p>Sophos pubblica altri nuovi dati del suo studio sul management in Germania, Austria e Svizzera. Alla luce dei requisiti di sicurezza informatica sempre pi\u00f9 complessi per le organizzazioni, delle minacce dinamiche e delle prossime elezioni, Sophos ha chiesto ai dirigenti della regione DACH: \"Cosa vi aspettate dai legislatori e dai politici in materia di protezione e responsabilit\u00e0 della sicurezza informatica?<\/p>","protected":false},"author":58,"featured_media":0,"comment_status":"closed","ping_status":"closed","sticky":false,"template":"","format":"standard","meta":{"_acf_changed":false,"_yoast_wpseo_focuskw":"Sophos Management-Studie","_yoast_wpseo_metadesc":"Neue Sophos-Studie 2024 zeigt: DACH-Manager fordern mehr internationale Zusammenarbeit und politische Unterst\u00fctzung f\u00fcr Cyberschutz.","articlekey":"","footnotes":""},"categories":[582],"tags":[4298,4299,418,459,492],"class_list":["post-28270","post","type-post","status-publish","format-standard","hentry","category-operational-excellence","tag-cyberschutz","tag-dach-region","tag-risikomanagement","tag-studie","tag-unternehmen"],"acf":[],"yoast_head":"<!-- This site is optimized with the Yoast SEO plugin v27.4 - https:\/\/yoast.com\/product\/yoast-seo-wordpress\/ -->\n<title>Was Unternehmens-Chefs von Gesetzgebung und Politik in Sachen Cyberschutz fordern - Organisator<\/title>\n<meta name=\"description\" content=\"Neue Sophos-Studie 2024 zeigt: DACH-Manager fordern mehr internationale Zusammenarbeit und politische Unterst\u00fctzung f\u00fcr Cyberschutz.\" \/>\n<meta name=\"robots\" content=\"index, follow, max-snippet:-1, max-image-preview:large, max-video-preview:-1\" \/>\n<link rel=\"canonical\" href=\"https:\/\/www.organisator.ch\/it\/eccellenza-operativa\/2024-07-05\/was-unternehmens-chefs-von-gesetzgebung-und-politik-in-sachen-cyberschutz-fordern\/\" \/>\n<meta property=\"og:locale\" content=\"it_IT\" \/>\n<meta property=\"og:type\" content=\"article\" \/>\n<meta property=\"og:title\" content=\"Was Unternehmens-Chefs von Gesetzgebung und Politik in Sachen Cyberschutz fordern - Organisator\" \/>\n<meta property=\"og:description\" content=\"Neue Sophos-Studie 2024 zeigt: DACH-Manager fordern mehr internationale Zusammenarbeit und politische Unterst\u00fctzung f\u00fcr Cyberschutz.\" \/>\n<meta property=\"og:url\" content=\"https:\/\/www.organisator.ch\/it\/eccellenza-operativa\/2024-07-05\/was-unternehmens-chefs-von-gesetzgebung-und-politik-in-sachen-cyberschutz-fordern\/\" \/>\n<meta property=\"og:site_name\" content=\"Organisator\" \/>\n<meta property=\"article:publisher\" content=\"https:\/\/www.facebook.com\/OrganisatorFachmagazin\" \/>\n<meta property=\"article:published_time\" content=\"2024-07-05T05:44:09+00:00\" \/>\n<meta property=\"article:modified_time\" content=\"2024-11-10T03:11:59+00:00\" \/>\n<meta property=\"og:image\" content=\"https:\/\/www.m-q.ch\/wp-content\/uploads\/2024\/07\/Sophos_Bild1_ps.jpg\" \/>\n<meta name=\"author\" content=\"Adelisa Kalajdzini\" \/>\n<meta name=\"twitter:card\" content=\"summary_large_image\" \/>\n<script type=\"application\/ld+json\" class=\"yoast-schema-graph\">{\"@context\":\"https:\\\/\\\/schema.org\",\"@graph\":[{\"@type\":\"Article\",\"@id\":\"https:\\\/\\\/www.organisator.ch\\\/operational-excellence\\\/2024-07-05\\\/was-unternehmens-chefs-von-gesetzgebung-und-politik-in-sachen-cyberschutz-fordern\\\/#article\",\"isPartOf\":{\"@id\":\"https:\\\/\\\/www.organisator.ch\\\/operational-excellence\\\/2024-07-05\\\/was-unternehmens-chefs-von-gesetzgebung-und-politik-in-sachen-cyberschutz-fordern\\\/\"},\"author\":{\"name\":\"Adelisa Kalajdzini\",\"@id\":\"https:\\\/\\\/www.organisator.ch\\\/#\\\/schema\\\/person\\\/2e1314a2172123f874db408d8911d3f3\"},\"headline\":\"Was Unternehmens-Chefs von Gesetzgebung und Politik in Sachen Cyberschutz fordern\",\"datePublished\":\"2024-07-05T05:44:09+00:00\",\"dateModified\":\"2024-11-10T03:11:59+00:00\",\"mainEntityOfPage\":{\"@id\":\"https:\\\/\\\/www.organisator.ch\\\/operational-excellence\\\/2024-07-05\\\/was-unternehmens-chefs-von-gesetzgebung-und-politik-in-sachen-cyberschutz-fordern\\\/\"},\"wordCount\":620,\"publisher\":{\"@id\":\"https:\\\/\\\/www.organisator.ch\\\/#organization\"},\"image\":{\"@id\":\"https:\\\/\\\/www.organisator.ch\\\/operational-excellence\\\/2024-07-05\\\/was-unternehmens-chefs-von-gesetzgebung-und-politik-in-sachen-cyberschutz-fordern\\\/#primaryimage\"},\"thumbnailUrl\":\"https:\\\/\\\/www.m-q.ch\\\/wp-content\\\/uploads\\\/2024\\\/07\\\/Sophos_Bild1_ps.jpg\",\"keywords\":[\"Cyberschutz\",\"DACH-Region\",\"Risikomanagement\",\"Studie\",\"Unternehmen\"],\"articleSection\":[\"OPERATIONAL EXCELLENCE\"],\"inLanguage\":\"it-IT\"},{\"@type\":\"WebPage\",\"@id\":\"https:\\\/\\\/www.organisator.ch\\\/operational-excellence\\\/2024-07-05\\\/was-unternehmens-chefs-von-gesetzgebung-und-politik-in-sachen-cyberschutz-fordern\\\/\",\"url\":\"https:\\\/\\\/www.organisator.ch\\\/operational-excellence\\\/2024-07-05\\\/was-unternehmens-chefs-von-gesetzgebung-und-politik-in-sachen-cyberschutz-fordern\\\/\",\"name\":\"Was Unternehmens-Chefs von Gesetzgebung und Politik in Sachen Cyberschutz fordern - Organisator\",\"isPartOf\":{\"@id\":\"https:\\\/\\\/www.organisator.ch\\\/#website\"},\"primaryImageOfPage\":{\"@id\":\"https:\\\/\\\/www.organisator.ch\\\/operational-excellence\\\/2024-07-05\\\/was-unternehmens-chefs-von-gesetzgebung-und-politik-in-sachen-cyberschutz-fordern\\\/#primaryimage\"},\"image\":{\"@id\":\"https:\\\/\\\/www.organisator.ch\\\/operational-excellence\\\/2024-07-05\\\/was-unternehmens-chefs-von-gesetzgebung-und-politik-in-sachen-cyberschutz-fordern\\\/#primaryimage\"},\"thumbnailUrl\":\"https:\\\/\\\/www.m-q.ch\\\/wp-content\\\/uploads\\\/2024\\\/07\\\/Sophos_Bild1_ps.jpg\",\"datePublished\":\"2024-07-05T05:44:09+00:00\",\"dateModified\":\"2024-11-10T03:11:59+00:00\",\"description\":\"Neue Sophos-Studie 2024 zeigt: DACH-Manager fordern mehr internationale Zusammenarbeit und politische Unterst\u00fctzung f\u00fcr Cyberschutz.\",\"breadcrumb\":{\"@id\":\"https:\\\/\\\/www.organisator.ch\\\/operational-excellence\\\/2024-07-05\\\/was-unternehmens-chefs-von-gesetzgebung-und-politik-in-sachen-cyberschutz-fordern\\\/#breadcrumb\"},\"inLanguage\":\"it-IT\",\"potentialAction\":[{\"@type\":\"ReadAction\",\"target\":[\"https:\\\/\\\/www.organisator.ch\\\/operational-excellence\\\/2024-07-05\\\/was-unternehmens-chefs-von-gesetzgebung-und-politik-in-sachen-cyberschutz-fordern\\\/\"]}]},{\"@type\":\"ImageObject\",\"inLanguage\":\"it-IT\",\"@id\":\"https:\\\/\\\/www.organisator.ch\\\/operational-excellence\\\/2024-07-05\\\/was-unternehmens-chefs-von-gesetzgebung-und-politik-in-sachen-cyberschutz-fordern\\\/#primaryimage\",\"url\":\"https:\\\/\\\/www.m-q.ch\\\/wp-content\\\/uploads\\\/2024\\\/07\\\/Sophos_Bild1_ps.jpg\",\"contentUrl\":\"https:\\\/\\\/www.m-q.ch\\\/wp-content\\\/uploads\\\/2024\\\/07\\\/Sophos_Bild1_ps.jpg\"},{\"@type\":\"BreadcrumbList\",\"@id\":\"https:\\\/\\\/www.organisator.ch\\\/operational-excellence\\\/2024-07-05\\\/was-unternehmens-chefs-von-gesetzgebung-und-politik-in-sachen-cyberschutz-fordern\\\/#breadcrumb\",\"itemListElement\":[{\"@type\":\"ListItem\",\"position\":1,\"name\":\"Home\",\"item\":\"https:\\\/\\\/www.organisator.ch\\\/\"},{\"@type\":\"ListItem\",\"position\":2,\"name\":\"Was Unternehmens-Chefs von Gesetzgebung und Politik in Sachen Cyberschutz fordern\"}]},{\"@type\":\"WebSite\",\"@id\":\"https:\\\/\\\/www.organisator.ch\\\/#website\",\"url\":\"https:\\\/\\\/www.organisator.ch\\\/\",\"name\":\"Organisator\",\"description\":\"Kompetent. Praxisnah. Der ORGANISATOR bereitet in 10 Ausgaben pro Jahr die wesentlichen Themen f\u00fcr F\u00fchrungskr\u00e4fte von KMU auf.\",\"publisher\":{\"@id\":\"https:\\\/\\\/www.organisator.ch\\\/#organization\"},\"potentialAction\":[{\"@type\":\"SearchAction\",\"target\":{\"@type\":\"EntryPoint\",\"urlTemplate\":\"https:\\\/\\\/www.organisator.ch\\\/?s={search_term_string}\"},\"query-input\":{\"@type\":\"PropertyValueSpecification\",\"valueRequired\":true,\"valueName\":\"search_term_string\"}}],\"inLanguage\":\"it-IT\"},{\"@type\":\"Organization\",\"@id\":\"https:\\\/\\\/www.organisator.ch\\\/#organization\",\"name\":\"Organisator\",\"url\":\"https:\\\/\\\/www.organisator.ch\\\/\",\"logo\":{\"@type\":\"ImageObject\",\"inLanguage\":\"it-IT\",\"@id\":\"https:\\\/\\\/www.organisator.ch\\\/#\\\/schema\\\/logo\\\/image\\\/\",\"url\":\"https:\\\/\\\/www.organisator.ch\\\/wp-content\\\/uploads\\\/2022\\\/01\\\/Logo_Organisator_Website.png\",\"contentUrl\":\"https:\\\/\\\/www.organisator.ch\\\/wp-content\\\/uploads\\\/2022\\\/01\\\/Logo_Organisator_Website.png\",\"width\":800,\"height\":77,\"caption\":\"Organisator\"},\"image\":{\"@id\":\"https:\\\/\\\/www.organisator.ch\\\/#\\\/schema\\\/logo\\\/image\\\/\"},\"sameAs\":[\"https:\\\/\\\/www.facebook.com\\\/OrganisatorFachmagazin\",\"https:\\\/\\\/www.linkedin.com\\\/showcase\\\/organisator-das-magazin-fr-kmu\",\"https:\\\/\\\/www.xing.com\\\/news\\\/pages\\\/organisator-ch-695\",\"https:\\\/\\\/www.youtube.com\\\/channel\\\/UCGP2Sq0iWaZwT3BdIAQFYpw\"]},{\"@type\":\"Person\",\"@id\":\"https:\\\/\\\/www.organisator.ch\\\/#\\\/schema\\\/person\\\/2e1314a2172123f874db408d8911d3f3\",\"name\":\"Adelisa Kalajdzini\",\"image\":{\"@type\":\"ImageObject\",\"inLanguage\":\"it-IT\",\"@id\":\"https:\\\/\\\/secure.gravatar.com\\\/avatar\\\/09a397c22ac58cad6f160ee8306348599df9df58a8ede73696226897b9fa4b24?s=96&d=mm&r=g\",\"url\":\"https:\\\/\\\/secure.gravatar.com\\\/avatar\\\/09a397c22ac58cad6f160ee8306348599df9df58a8ede73696226897b9fa4b24?s=96&d=mm&r=g\",\"contentUrl\":\"https:\\\/\\\/secure.gravatar.com\\\/avatar\\\/09a397c22ac58cad6f160ee8306348599df9df58a8ede73696226897b9fa4b24?s=96&d=mm&r=g\",\"caption\":\"Adelisa Kalajdzini\"},\"url\":\"https:\\\/\\\/www.organisator.ch\\\/it\\\/author\\\/adelisa-kalajdzini\\\/\"}]}<\/script>\n<!-- \/ Yoast SEO plugin. -->","yoast_head_json":{"title":"Cosa vogliono i dirigenti aziendali dalla legislazione e dalla politica in materia di protezione informatica - Organizzatore","description":"Nuovo studio Sophos 2024: I manager del DACH chiedono maggiore cooperazione internazionale e sostegno politico per la protezione informatica.","robots":{"index":"index","follow":"follow","max-snippet":"max-snippet:-1","max-image-preview":"max-image-preview:large","max-video-preview":"max-video-preview:-1"},"canonical":"https:\/\/www.organisator.ch\/it\/eccellenza-operativa\/2024-07-05\/was-unternehmens-chefs-von-gesetzgebung-und-politik-in-sachen-cyberschutz-fordern\/","og_locale":"it_IT","og_type":"article","og_title":"Was Unternehmens-Chefs von Gesetzgebung und Politik in Sachen Cyberschutz fordern - Organisator","og_description":"Neue Sophos-Studie 2024 zeigt: DACH-Manager fordern mehr internationale Zusammenarbeit und politische Unterst\u00fctzung f\u00fcr Cyberschutz.","og_url":"https:\/\/www.organisator.ch\/it\/eccellenza-operativa\/2024-07-05\/was-unternehmens-chefs-von-gesetzgebung-und-politik-in-sachen-cyberschutz-fordern\/","og_site_name":"Organisator","article_publisher":"https:\/\/www.facebook.com\/OrganisatorFachmagazin","article_published_time":"2024-07-05T05:44:09+00:00","article_modified_time":"2024-11-10T03:11:59+00:00","og_image":[{"url":"https:\/\/www.m-q.ch\/wp-content\/uploads\/2024\/07\/Sophos_Bild1_ps.jpg","type":"","width":"","height":""}],"author":"Adelisa Kalajdzini","twitter_card":"summary_large_image","schema":{"@context":"https:\/\/schema.org","@graph":[{"@type":"Article","@id":"https:\/\/www.organisator.ch\/operational-excellence\/2024-07-05\/was-unternehmens-chefs-von-gesetzgebung-und-politik-in-sachen-cyberschutz-fordern\/#article","isPartOf":{"@id":"https:\/\/www.organisator.ch\/operational-excellence\/2024-07-05\/was-unternehmens-chefs-von-gesetzgebung-und-politik-in-sachen-cyberschutz-fordern\/"},"author":{"name":"Adelisa Kalajdzini","@id":"https:\/\/www.organisator.ch\/#\/schema\/person\/2e1314a2172123f874db408d8911d3f3"},"headline":"Was Unternehmens-Chefs von Gesetzgebung und Politik in Sachen Cyberschutz fordern","datePublished":"2024-07-05T05:44:09+00:00","dateModified":"2024-11-10T03:11:59+00:00","mainEntityOfPage":{"@id":"https:\/\/www.organisator.ch\/operational-excellence\/2024-07-05\/was-unternehmens-chefs-von-gesetzgebung-und-politik-in-sachen-cyberschutz-fordern\/"},"wordCount":620,"publisher":{"@id":"https:\/\/www.organisator.ch\/#organization"},"image":{"@id":"https:\/\/www.organisator.ch\/operational-excellence\/2024-07-05\/was-unternehmens-chefs-von-gesetzgebung-und-politik-in-sachen-cyberschutz-fordern\/#primaryimage"},"thumbnailUrl":"https:\/\/www.m-q.ch\/wp-content\/uploads\/2024\/07\/Sophos_Bild1_ps.jpg","keywords":["Cyberschutz","DACH-Region","Risikomanagement","Studie","Unternehmen"],"articleSection":["OPERATIONAL EXCELLENCE"],"inLanguage":"it-IT"},{"@type":"WebPage","@id":"https:\/\/www.organisator.ch\/operational-excellence\/2024-07-05\/was-unternehmens-chefs-von-gesetzgebung-und-politik-in-sachen-cyberschutz-fordern\/","url":"https:\/\/www.organisator.ch\/operational-excellence\/2024-07-05\/was-unternehmens-chefs-von-gesetzgebung-und-politik-in-sachen-cyberschutz-fordern\/","name":"Cosa vogliono i dirigenti aziendali dalla legislazione e dalla politica in materia di protezione informatica - Organizzatore","isPartOf":{"@id":"https:\/\/www.organisator.ch\/#website"},"primaryImageOfPage":{"@id":"https:\/\/www.organisator.ch\/operational-excellence\/2024-07-05\/was-unternehmens-chefs-von-gesetzgebung-und-politik-in-sachen-cyberschutz-fordern\/#primaryimage"},"image":{"@id":"https:\/\/www.organisator.ch\/operational-excellence\/2024-07-05\/was-unternehmens-chefs-von-gesetzgebung-und-politik-in-sachen-cyberschutz-fordern\/#primaryimage"},"thumbnailUrl":"https:\/\/www.m-q.ch\/wp-content\/uploads\/2024\/07\/Sophos_Bild1_ps.jpg","datePublished":"2024-07-05T05:44:09+00:00","dateModified":"2024-11-10T03:11:59+00:00","description":"Nuovo studio Sophos 2024: I manager del DACH chiedono maggiore cooperazione internazionale e sostegno politico per la protezione informatica.","breadcrumb":{"@id":"https:\/\/www.organisator.ch\/operational-excellence\/2024-07-05\/was-unternehmens-chefs-von-gesetzgebung-und-politik-in-sachen-cyberschutz-fordern\/#breadcrumb"},"inLanguage":"it-IT","potentialAction":[{"@type":"ReadAction","target":["https:\/\/www.organisator.ch\/operational-excellence\/2024-07-05\/was-unternehmens-chefs-von-gesetzgebung-und-politik-in-sachen-cyberschutz-fordern\/"]}]},{"@type":"ImageObject","inLanguage":"it-IT","@id":"https:\/\/www.organisator.ch\/operational-excellence\/2024-07-05\/was-unternehmens-chefs-von-gesetzgebung-und-politik-in-sachen-cyberschutz-fordern\/#primaryimage","url":"https:\/\/www.m-q.ch\/wp-content\/uploads\/2024\/07\/Sophos_Bild1_ps.jpg","contentUrl":"https:\/\/www.m-q.ch\/wp-content\/uploads\/2024\/07\/Sophos_Bild1_ps.jpg"},{"@type":"BreadcrumbList","@id":"https:\/\/www.organisator.ch\/operational-excellence\/2024-07-05\/was-unternehmens-chefs-von-gesetzgebung-und-politik-in-sachen-cyberschutz-fordern\/#breadcrumb","itemListElement":[{"@type":"ListItem","position":1,"name":"Home","item":"https:\/\/www.organisator.ch\/"},{"@type":"ListItem","position":2,"name":"Was Unternehmens-Chefs von Gesetzgebung und Politik in Sachen Cyberschutz fordern"}]},{"@type":"WebSite","@id":"https:\/\/www.organisator.ch\/#website","url":"https:\/\/www.organisator.ch\/","name":"Organizzatore","description":"Competente. Pratico. In 10 numeri all'anno, ORGANISATOR presenta i temi essenziali per i manager delle PMI.","publisher":{"@id":"https:\/\/www.organisator.ch\/#organization"},"potentialAction":[{"@type":"SearchAction","target":{"@type":"EntryPoint","urlTemplate":"https:\/\/www.organisator.ch\/?s={search_term_string}"},"query-input":{"@type":"PropertyValueSpecification","valueRequired":true,"valueName":"search_term_string"}}],"inLanguage":"it-IT"},{"@type":"Organization","@id":"https:\/\/www.organisator.ch\/#organization","name":"Organizzatore","url":"https:\/\/www.organisator.ch\/","logo":{"@type":"ImageObject","inLanguage":"it-IT","@id":"https:\/\/www.organisator.ch\/#\/schema\/logo\/image\/","url":"https:\/\/www.organisator.ch\/wp-content\/uploads\/2022\/01\/Logo_Organisator_Website.png","contentUrl":"https:\/\/www.organisator.ch\/wp-content\/uploads\/2022\/01\/Logo_Organisator_Website.png","width":800,"height":77,"caption":"Organisator"},"image":{"@id":"https:\/\/www.organisator.ch\/#\/schema\/logo\/image\/"},"sameAs":["https:\/\/www.facebook.com\/OrganisatorFachmagazin","https:\/\/www.linkedin.com\/showcase\/organisator-das-magazin-fr-kmu","https:\/\/www.xing.com\/news\/pages\/organisator-ch-695","https:\/\/www.youtube.com\/channel\/UCGP2Sq0iWaZwT3BdIAQFYpw"]},{"@type":"Person","@id":"https:\/\/www.organisator.ch\/#\/schema\/person\/2e1314a2172123f874db408d8911d3f3","name":"Adelisa Kalajdzini","image":{"@type":"ImageObject","inLanguage":"it-IT","@id":"https:\/\/secure.gravatar.com\/avatar\/09a397c22ac58cad6f160ee8306348599df9df58a8ede73696226897b9fa4b24?s=96&d=mm&r=g","url":"https:\/\/secure.gravatar.com\/avatar\/09a397c22ac58cad6f160ee8306348599df9df58a8ede73696226897b9fa4b24?s=96&d=mm&r=g","contentUrl":"https:\/\/secure.gravatar.com\/avatar\/09a397c22ac58cad6f160ee8306348599df9df58a8ede73696226897b9fa4b24?s=96&d=mm&r=g","caption":"Adelisa Kalajdzini"},"url":"https:\/\/www.organisator.ch\/it\/author\/adelisa-kalajdzini\/"}]}},"_links":{"self":[{"href":"https:\/\/www.organisator.ch\/it\/wp-json\/wp\/v2\/posts\/28270","targetHints":{"allow":["GET"]}}],"collection":[{"href":"https:\/\/www.organisator.ch\/it\/wp-json\/wp\/v2\/posts"}],"about":[{"href":"https:\/\/www.organisator.ch\/it\/wp-json\/wp\/v2\/types\/post"}],"author":[{"embeddable":true,"href":"https:\/\/www.organisator.ch\/it\/wp-json\/wp\/v2\/users\/58"}],"replies":[{"embeddable":true,"href":"https:\/\/www.organisator.ch\/it\/wp-json\/wp\/v2\/comments?post=28270"}],"version-history":[{"count":7,"href":"https:\/\/www.organisator.ch\/it\/wp-json\/wp\/v2\/posts\/28270\/revisions"}],"predecessor-version":[{"id":32130,"href":"https:\/\/www.organisator.ch\/it\/wp-json\/wp\/v2\/posts\/28270\/revisions\/32130"}],"wp:attachment":[{"href":"https:\/\/www.organisator.ch\/it\/wp-json\/wp\/v2\/media?parent=28270"}],"wp:term":[{"taxonomy":"category","embeddable":true,"href":"https:\/\/www.organisator.ch\/it\/wp-json\/wp\/v2\/categories?post=28270"},{"taxonomy":"post_tag","embeddable":true,"href":"https:\/\/www.organisator.ch\/it\/wp-json\/wp\/v2\/tags?post=28270"}],"curies":[{"name":"wp","href":"https:\/\/api.w.org\/{rel}","templated":true}]}}