{"id":2830,"date":"2017-12-07T08:04:13","date_gmt":"2017-12-07T07:04:13","guid":{"rendered":"https:\/\/www.organisator.ch\/?p=2830"},"modified":"2017-12-07T08:04:13","modified_gmt":"2017-12-07T07:04:13","slug":"online-test-ermitteln-sie-die-digital-und-fuehrungsreife-ihres-unternehmens","status":"publish","type":"post","link":"https:\/\/www.organisator.ch\/it\/management\/2017-12-07\/online-test-ermitteln-sie-die-digital-und-fuehrungsreife-ihres-unternehmens\/","title":{"rendered":"Test online: determina la maturit\u00e0 digitale e di leadership della tua azienda"},"content":{"rendered":"<p><img loading=\"lazy\" decoding=\"async\" class=\"alignnone size-full wp-image-2831\" src=\"https:\/\/www.organisator.ch\/wp-content\/uploads\/2017\/12\/Online-Test-Ermitteln-Sie-die-Digital-und-Fuehrungsreife-Ihres-Unternehmens_Organisator.jpg\" alt=\"\" width=\"497\" height=\"480\" srcset=\"https:\/\/www.organisator.ch\/wp-content\/uploads\/2017\/12\/Online-Test-Ermitteln-Sie-die-Digital-und-Fuehrungsreife-Ihres-Unternehmens_Organisator.jpg 497w, https:\/\/www.organisator.ch\/wp-content\/uploads\/2017\/12\/Online-Test-Ermitteln-Sie-die-Digital-und-Fuehrungsreife-Ihres-Unternehmens_Organisator-12x12.jpg 12w, https:\/\/www.organisator.ch\/wp-content\/uploads\/2017\/12\/Online-Test-Ermitteln-Sie-die-Digital-und-Fuehrungsreife-Ihres-Unternehmens_Organisator-181x175.jpg 181w, https:\/\/www.organisator.ch\/wp-content\/uploads\/2017\/12\/Online-Test-Ermitteln-Sie-die-Digital-und-Fuehrungsreife-Ihres-Unternehmens_Organisator-362x350.jpg 362w, https:\/\/www.organisator.ch\/wp-content\/uploads\/2017\/12\/Online-Test-Ermitteln-Sie-die-Digital-und-Fuehrungsreife-Ihres-Unternehmens_Organisator-300x290.jpg 300w\" sizes=\"auto, (max-width: 497px) 100vw, 497px\" \/><\/p>\n<p>\"Leadership-Index for Digital Transformation\", o LEADT in breve - questo \u00e8 il nome di un nuovo test e di una procedura di analisi per determinare la maturit\u00e0 dei manager in materia di leadership orientata al digitale, sviluppato dall'Institute for Leadership Culture in the Digital Age (IFIDZ) di Francoforte. Con uno strumento di analisi che include un test online, le aziende possono determinare, tra le altre cose, in che misura i loro manager possiedono gi\u00e0 le competenze necessarie per guidare i dipendenti e le aree nell'era digitale. In base a ci\u00f2, possono pianificare misure di sviluppo per loro.<\/p>\n<h2>Classifica delle competenze<\/h2>\n<p>La procedura di analisi LEADT si basa sul metastudio \"Leadership Competencies in the Digital Age\", realizzato dall'IFIDZ nel 2016. Per questo studio, l'istituto ha valutato 30 studi sul tema delle competenze di cui i manager avranno bisogno in futuro, pubblicati nel periodo dal 2012 al 2016. Sulla base dei risultati, l'IFIDZ ha creato una classifica delle competenze e ha assegnato le singole competenze ai due parametri \"maturit\u00e0 di leadership\" e \"maturit\u00e0 digitale\" che, secondo l'interpretazione dell'IFIDZ, insieme formano la \"maturit\u00e0 di leadership orientata al digitale\". Secondo la direttrice dell'IFIDZ, Barbara Liebermeister, il livello di queste competenze viene determinato dal test online LEADT, in modo da evidenziare anche gli scostamenti rispetto agli obiettivi, ovvero le aree di apprendimento e sviluppo. Per quanto riguarda le competenze individuali, la LEADT distingue i tre livelli di \"atteggiamento\" (\"penso\"), \"comprensione\" (\"so\") e \"comportamento\" (\"agisco\"), che decidono le azioni e le attivit\u00e0 concrete di un leader. Pertanto, secondo Liebermeister, i risultati dell'analisi tracciano un quadro molto differenziato del rispettivo leader.<\/p>\n<h2>Test online con valutazione grafica<\/h2>\n<p>I risultati dell'analisi vengono comunicati ai manager attraverso una rappresentazione grafica dei risultati. Fornisce al rispettivo manager una rapida panoramica di quanto siano gi\u00e0 pronunciate la sua maturit\u00e0 di leadership e la sua maturit\u00e0 digitale - in relazione alle tre dimensioni \"atteggiamento\", \"comprensione\" e \"comportamento\" - e in quali aree potrebbe ancora avere aree di apprendimento\/sviluppo. I risultati parziali riassunti nel grafico sono spiegati pi\u00f9 dettagliatamente in una presentazione testuale dei risultati, che fa riferimento anche alle tre dimensioni registrate e alle competenze di un manager orientato al digitale definite nella classifica delle competenze.<\/p>\n<p>Il test online su cui si basa il LEADT consiste in 106 affermazioni a cui rispondere su una scala da 1 (vero) a 6 (per niente vero). I manager possono completarlo in circa 30 minuti. Successivamente, il risultato viene immediatamente visualizzato. La valutazione delle competenze pu\u00f2 essere adattata ai requisiti della rispettiva organizzazione e funzione.<\/p>\n<h2>Strumento di riflessione<\/h2>\n<p>Secondo Patrick Merke, che ha co-sviluppato lo strumento di analisi, l'uso della procedura di analisi LEADT \u00e8 consigliato per scopi di auto-riflessione o di gruppo nell'ambito di misure di sviluppo del personale e della gestione. Inoltre, secondo il membro della direzione dell'IFIDZ, pu\u00f2 essere utilizzato per i processi di selezione del personale e per la pianificazione dell'impiego del personale.<\/p>\n<p><em>Ulteriori informazioni sullo strumento di analisi sono disponibili sul sito web dell'Istituto per la cultura della leadership nell'era digitale (IFIDZ) nella sezione LEADT (<a href=\"http:\/\/www.ifidz.de\">www.ifidz.de<\/a>). Il test pu\u00f2 essere ordinato via e-mail.<\/em><\/p>","protected":false},"excerpt":{"rendered":"<p>\u201eLeadership-Index for Digital Transformation\u201c, kurz LEADT \u2013 so lautet der Name eines neuen Test- und Analyseverfahrens zum Ermitteln der digitalorientierten F\u00fchrungsreife von F\u00fchrungskr\u00e4ften, das das Institut f\u00fcr F\u00fchrungskultur im digitalen Zeitalter (IFIDZ), Frankfurt, entwickelt hat. Mit einem\u00a0Analysetool, das einen Online-Test beinhaltet,\u00a0k\u00f6nnen Unternehmen unter anderem ermitteln, inwieweit ihre F\u00fchrungskr\u00e4fte bereits \u00fcber die erforderlichen Kompetenzen verf\u00fcgen, die [&hellip;]<\/p>\n","protected":false},"author":4,"featured_media":2831,"comment_status":"open","ping_status":"open","sticky":false,"template":"","format":"standard","meta":{"_acf_changed":false,"_yoast_wpseo_focuskw":"Online-Test","_yoast_wpseo_metadesc":"Mit einem neuen Online-Analyseverfahren namens LEADT k\u00f6nnen Unternehmen ermitteln, wie fit ihre F\u00fchrungskr\u00e4fte f\u00fcr das digitale Zeitalter sind.","articlekey":"","footnotes":""},"categories":[28],"tags":[156,335,393,480],"class_list":["post-2830","post","type-post","status-publish","format-standard","has-post-thumbnail","hentry","category-management","tag-digitalisierung","tag-management-und-unternehmensfuehrung","tag-produkte","tag-test"],"acf":[],"yoast_head":"<!-- This site is optimized with the Yoast SEO plugin v27.5 - https:\/\/yoast.com\/product\/yoast-seo-wordpress\/ -->\n<title>Online-Test: Ermitteln Sie die Digital- und F\u00fchrungsreife Ihres Unternehmens - Organisator<\/title>\n<meta name=\"description\" content=\"Mit einem neuen Online-Analyseverfahren namens LEADT k\u00f6nnen Unternehmen ermitteln, wie fit ihre F\u00fchrungskr\u00e4fte f\u00fcr das digitale Zeitalter sind.\" \/>\n<meta name=\"robots\" content=\"index, follow, max-snippet:-1, max-image-preview:large, max-video-preview:-1\" \/>\n<link rel=\"canonical\" href=\"https:\/\/www.organisator.ch\/it\/gestione-2\/2017-12-07\/online-test-ermitteln-sie-die-digital-und-fuehrungsreife-ihres-unternehmens\/\" \/>\n<meta property=\"og:locale\" content=\"it_IT\" \/>\n<meta property=\"og:type\" content=\"article\" \/>\n<meta property=\"og:title\" content=\"Online-Test: Ermitteln Sie die Digital- und F\u00fchrungsreife Ihres Unternehmens\" \/>\n<meta property=\"og:description\" content=\"Mit einem neuen #Online-Analyseverfahren namens #LEADT k\u00f6nnen Unternehmen ermitteln, wie fit ihre #F\u00fchrungskr\u00e4fte f\u00fcr das digitale Zeitalter sind.\" \/>\n<meta property=\"og:url\" content=\"https:\/\/www.organisator.ch\/it\/gestione-2\/2017-12-07\/online-test-ermitteln-sie-die-digital-und-fuehrungsreife-ihres-unternehmens\/\" \/>\n<meta property=\"og:site_name\" content=\"Organisator\" \/>\n<meta property=\"article:publisher\" content=\"https:\/\/www.facebook.com\/OrganisatorFachmagazin\" \/>\n<meta property=\"article:published_time\" content=\"2017-12-07T07:04:13+00:00\" \/>\n<meta property=\"og:image\" content=\"https:\/\/www.organisator.ch\/wp-content\/uploads\/2017\/12\/Online-Test-Ermitteln-Sie-die-Digital-und-Fuehrungsreife-Ihres-Unternehmens_Organisator.jpg\" \/>\n\t<meta property=\"og:image:width\" content=\"497\" \/>\n\t<meta property=\"og:image:height\" content=\"480\" \/>\n\t<meta property=\"og:image:type\" content=\"image\/jpeg\" \/>\n<meta name=\"author\" content=\"thomas.berner\" \/>\n<meta name=\"twitter:card\" content=\"summary_large_image\" \/>\n<meta name=\"twitter:title\" content=\"#Online-Test: Ermitteln Sie die Digital- und #F\u00fchrungsreife Ihres Unternehmens\" \/>\n<meta name=\"twitter:description\" content=\"Mit einem neuen #Online-Analyseverfahren namens #LEADT k\u00f6nnen Unternehmen ermitteln, wie fit ihre #F\u00fchrungskr\u00e4fte f\u00fcr das digitale Zeitalter sind.\" \/>\n<meta name=\"twitter:image\" content=\"https:\/\/www.organisator.ch\/wp-content\/uploads\/2017\/12\/Online-Test-Ermitteln-Sie-die-Digital-und-F\u00fchrungsreife-Ihres-Unternehmens_Organisator.jpg\" \/>\n<script type=\"application\/ld+json\" class=\"yoast-schema-graph\">{\"@context\":\"https:\\\/\\\/schema.org\",\"@graph\":[{\"@type\":\"Article\",\"@id\":\"https:\\\/\\\/www.organisator.ch\\\/management\\\/2017-12-07\\\/online-test-ermitteln-sie-die-digital-und-fuehrungsreife-ihres-unternehmens\\\/#article\",\"isPartOf\":{\"@id\":\"https:\\\/\\\/www.organisator.ch\\\/management\\\/2017-12-07\\\/online-test-ermitteln-sie-die-digital-und-fuehrungsreife-ihres-unternehmens\\\/\"},\"author\":{\"name\":\"thomas.berner\",\"@id\":\"https:\\\/\\\/www.organisator.ch\\\/#\\\/schema\\\/person\\\/6f650f90b2842cd4c0cc334b4e36f67e\"},\"headline\":\"Online-Test: Ermitteln Sie die Digital- und F\u00fchrungsreife Ihres Unternehmens\",\"datePublished\":\"2017-12-07T07:04:13+00:00\",\"mainEntityOfPage\":{\"@id\":\"https:\\\/\\\/www.organisator.ch\\\/management\\\/2017-12-07\\\/online-test-ermitteln-sie-die-digital-und-fuehrungsreife-ihres-unternehmens\\\/\"},\"wordCount\":490,\"commentCount\":0,\"publisher\":{\"@id\":\"https:\\\/\\\/www.organisator.ch\\\/#organization\"},\"image\":{\"@id\":\"https:\\\/\\\/www.organisator.ch\\\/management\\\/2017-12-07\\\/online-test-ermitteln-sie-die-digital-und-fuehrungsreife-ihres-unternehmens\\\/#primaryimage\"},\"thumbnailUrl\":\"https:\\\/\\\/www.organisator.ch\\\/wp-content\\\/uploads\\\/2017\\\/12\\\/Online-Test-Ermitteln-Sie-die-Digital-und-Fuehrungsreife-Ihres-Unternehmens_Organisator.jpg\",\"keywords\":[\"Digitalisierung\",\"Management und Unternehmensf\u00fchrung\",\"Produkte\",\"Test\"],\"articleSection\":[\"MANAGEMENT\"],\"inLanguage\":\"it-IT\"},{\"@type\":\"WebPage\",\"@id\":\"https:\\\/\\\/www.organisator.ch\\\/management\\\/2017-12-07\\\/online-test-ermitteln-sie-die-digital-und-fuehrungsreife-ihres-unternehmens\\\/\",\"url\":\"https:\\\/\\\/www.organisator.ch\\\/management\\\/2017-12-07\\\/online-test-ermitteln-sie-die-digital-und-fuehrungsreife-ihres-unternehmens\\\/\",\"name\":\"Online-Test: Ermitteln Sie die Digital- und F\u00fchrungsreife Ihres Unternehmens - Organisator\",\"isPartOf\":{\"@id\":\"https:\\\/\\\/www.organisator.ch\\\/#website\"},\"primaryImageOfPage\":{\"@id\":\"https:\\\/\\\/www.organisator.ch\\\/management\\\/2017-12-07\\\/online-test-ermitteln-sie-die-digital-und-fuehrungsreife-ihres-unternehmens\\\/#primaryimage\"},\"image\":{\"@id\":\"https:\\\/\\\/www.organisator.ch\\\/management\\\/2017-12-07\\\/online-test-ermitteln-sie-die-digital-und-fuehrungsreife-ihres-unternehmens\\\/#primaryimage\"},\"thumbnailUrl\":\"https:\\\/\\\/www.organisator.ch\\\/wp-content\\\/uploads\\\/2017\\\/12\\\/Online-Test-Ermitteln-Sie-die-Digital-und-Fuehrungsreife-Ihres-Unternehmens_Organisator.jpg\",\"datePublished\":\"2017-12-07T07:04:13+00:00\",\"description\":\"Mit einem neuen Online-Analyseverfahren namens LEADT k\u00f6nnen Unternehmen ermitteln, wie fit ihre F\u00fchrungskr\u00e4fte f\u00fcr das digitale Zeitalter sind.\",\"breadcrumb\":{\"@id\":\"https:\\\/\\\/www.organisator.ch\\\/management\\\/2017-12-07\\\/online-test-ermitteln-sie-die-digital-und-fuehrungsreife-ihres-unternehmens\\\/#breadcrumb\"},\"inLanguage\":\"it-IT\",\"potentialAction\":[{\"@type\":\"ReadAction\",\"target\":[\"https:\\\/\\\/www.organisator.ch\\\/management\\\/2017-12-07\\\/online-test-ermitteln-sie-die-digital-und-fuehrungsreife-ihres-unternehmens\\\/\"]}]},{\"@type\":\"ImageObject\",\"inLanguage\":\"it-IT\",\"@id\":\"https:\\\/\\\/www.organisator.ch\\\/management\\\/2017-12-07\\\/online-test-ermitteln-sie-die-digital-und-fuehrungsreife-ihres-unternehmens\\\/#primaryimage\",\"url\":\"https:\\\/\\\/www.organisator.ch\\\/wp-content\\\/uploads\\\/2017\\\/12\\\/Online-Test-Ermitteln-Sie-die-Digital-und-Fuehrungsreife-Ihres-Unternehmens_Organisator.jpg\",\"contentUrl\":\"https:\\\/\\\/www.organisator.ch\\\/wp-content\\\/uploads\\\/2017\\\/12\\\/Online-Test-Ermitteln-Sie-die-Digital-und-Fuehrungsreife-Ihres-Unternehmens_Organisator.jpg\",\"width\":497,\"height\":480},{\"@type\":\"BreadcrumbList\",\"@id\":\"https:\\\/\\\/www.organisator.ch\\\/management\\\/2017-12-07\\\/online-test-ermitteln-sie-die-digital-und-fuehrungsreife-ihres-unternehmens\\\/#breadcrumb\",\"itemListElement\":[{\"@type\":\"ListItem\",\"position\":1,\"name\":\"Home\",\"item\":\"https:\\\/\\\/www.organisator.ch\\\/\"},{\"@type\":\"ListItem\",\"position\":2,\"name\":\"Online-Test: Ermitteln Sie die Digital- und F\u00fchrungsreife Ihres Unternehmens\"}]},{\"@type\":\"WebSite\",\"@id\":\"https:\\\/\\\/www.organisator.ch\\\/#website\",\"url\":\"https:\\\/\\\/www.organisator.ch\\\/\",\"name\":\"Organisator\",\"description\":\"Kompetent. Praxisnah. Der ORGANISATOR bereitet in 10 Ausgaben pro Jahr die wesentlichen Themen f\u00fcr F\u00fchrungskr\u00e4fte von KMU auf.\",\"publisher\":{\"@id\":\"https:\\\/\\\/www.organisator.ch\\\/#organization\"},\"potentialAction\":[{\"@type\":\"SearchAction\",\"target\":{\"@type\":\"EntryPoint\",\"urlTemplate\":\"https:\\\/\\\/www.organisator.ch\\\/?s={search_term_string}\"},\"query-input\":{\"@type\":\"PropertyValueSpecification\",\"valueRequired\":true,\"valueName\":\"search_term_string\"}}],\"inLanguage\":\"it-IT\"},{\"@type\":\"Organization\",\"@id\":\"https:\\\/\\\/www.organisator.ch\\\/#organization\",\"name\":\"Organisator\",\"url\":\"https:\\\/\\\/www.organisator.ch\\\/\",\"logo\":{\"@type\":\"ImageObject\",\"inLanguage\":\"it-IT\",\"@id\":\"https:\\\/\\\/www.organisator.ch\\\/#\\\/schema\\\/logo\\\/image\\\/\",\"url\":\"https:\\\/\\\/www.organisator.ch\\\/wp-content\\\/uploads\\\/2022\\\/01\\\/Logo_Organisator_Website.png\",\"contentUrl\":\"https:\\\/\\\/www.organisator.ch\\\/wp-content\\\/uploads\\\/2022\\\/01\\\/Logo_Organisator_Website.png\",\"width\":800,\"height\":77,\"caption\":\"Organisator\"},\"image\":{\"@id\":\"https:\\\/\\\/www.organisator.ch\\\/#\\\/schema\\\/logo\\\/image\\\/\"},\"sameAs\":[\"https:\\\/\\\/www.facebook.com\\\/OrganisatorFachmagazin\",\"https:\\\/\\\/www.linkedin.com\\\/showcase\\\/organisator-das-magazin-fr-kmu\",\"https:\\\/\\\/www.xing.com\\\/news\\\/pages\\\/organisator-ch-695\",\"https:\\\/\\\/www.youtube.com\\\/channel\\\/UCGP2Sq0iWaZwT3BdIAQFYpw\"]},{\"@type\":\"Person\",\"@id\":\"https:\\\/\\\/www.organisator.ch\\\/#\\\/schema\\\/person\\\/6f650f90b2842cd4c0cc334b4e36f67e\",\"name\":\"thomas.berner\",\"image\":{\"@type\":\"ImageObject\",\"inLanguage\":\"it-IT\",\"@id\":\"https:\\\/\\\/secure.gravatar.com\\\/avatar\\\/ac5001d2a36cb6c6cd3e50789007ffca834b477b74a2144564522e944eabff61?s=96&d=mm&r=g\",\"url\":\"https:\\\/\\\/secure.gravatar.com\\\/avatar\\\/ac5001d2a36cb6c6cd3e50789007ffca834b477b74a2144564522e944eabff61?s=96&d=mm&r=g\",\"contentUrl\":\"https:\\\/\\\/secure.gravatar.com\\\/avatar\\\/ac5001d2a36cb6c6cd3e50789007ffca834b477b74a2144564522e944eabff61?s=96&d=mm&r=g\",\"caption\":\"thomas.berner\"},\"url\":\"https:\\\/\\\/www.organisator.ch\\\/it\\\/author\\\/thomas-berner\\\/\"}]}<\/script>\n<!-- \/ Yoast SEO plugin. -->","yoast_head_json":{"title":"Test online: determinare la maturit\u00e0 digitale e di leadership della vostra azienda - Organizzatore","description":"Con una nuova procedura di analisi online chiamata LEADT, le aziende possono determinare quanto i loro manager siano adatti all'era digitale.","robots":{"index":"index","follow":"follow","max-snippet":"max-snippet:-1","max-image-preview":"max-image-preview:large","max-video-preview":"max-video-preview:-1"},"canonical":"https:\/\/www.organisator.ch\/it\/gestione-2\/2017-12-07\/online-test-ermitteln-sie-die-digital-und-fuehrungsreife-ihres-unternehmens\/","og_locale":"it_IT","og_type":"article","og_title":"Online-Test: Ermitteln Sie die Digital- und F\u00fchrungsreife Ihres Unternehmens","og_description":"Mit einem neuen #Online-Analyseverfahren namens #LEADT k\u00f6nnen Unternehmen ermitteln, wie fit ihre #F\u00fchrungskr\u00e4fte f\u00fcr das digitale Zeitalter sind.","og_url":"https:\/\/www.organisator.ch\/it\/gestione-2\/2017-12-07\/online-test-ermitteln-sie-die-digital-und-fuehrungsreife-ihres-unternehmens\/","og_site_name":"Organisator","article_publisher":"https:\/\/www.facebook.com\/OrganisatorFachmagazin","article_published_time":"2017-12-07T07:04:13+00:00","og_image":[{"width":497,"height":480,"url":"https:\/\/www.organisator.ch\/wp-content\/uploads\/2017\/12\/Online-Test-Ermitteln-Sie-die-Digital-und-Fuehrungsreife-Ihres-Unternehmens_Organisator.jpg","type":"image\/jpeg"}],"author":"thomas.berner","twitter_card":"summary_large_image","twitter_title":"#Online-Test: Ermitteln Sie die Digital- und #F\u00fchrungsreife Ihres Unternehmens","twitter_description":"Mit einem neuen #Online-Analyseverfahren namens #LEADT k\u00f6nnen Unternehmen ermitteln, wie fit ihre #F\u00fchrungskr\u00e4fte f\u00fcr das digitale Zeitalter sind.","twitter_image":"https:\/\/www.organisator.ch\/wp-content\/uploads\/2017\/12\/Online-Test-Ermitteln-Sie-die-Digital-und-F\u00fchrungsreife-Ihres-Unternehmens_Organisator.jpg","schema":{"@context":"https:\/\/schema.org","@graph":[{"@type":"Article","@id":"https:\/\/www.organisator.ch\/management\/2017-12-07\/online-test-ermitteln-sie-die-digital-und-fuehrungsreife-ihres-unternehmens\/#article","isPartOf":{"@id":"https:\/\/www.organisator.ch\/management\/2017-12-07\/online-test-ermitteln-sie-die-digital-und-fuehrungsreife-ihres-unternehmens\/"},"author":{"name":"thomas.berner","@id":"https:\/\/www.organisator.ch\/#\/schema\/person\/6f650f90b2842cd4c0cc334b4e36f67e"},"headline":"Online-Test: Ermitteln Sie die Digital- und F\u00fchrungsreife Ihres Unternehmens","datePublished":"2017-12-07T07:04:13+00:00","mainEntityOfPage":{"@id":"https:\/\/www.organisator.ch\/management\/2017-12-07\/online-test-ermitteln-sie-die-digital-und-fuehrungsreife-ihres-unternehmens\/"},"wordCount":490,"commentCount":0,"publisher":{"@id":"https:\/\/www.organisator.ch\/#organization"},"image":{"@id":"https:\/\/www.organisator.ch\/management\/2017-12-07\/online-test-ermitteln-sie-die-digital-und-fuehrungsreife-ihres-unternehmens\/#primaryimage"},"thumbnailUrl":"https:\/\/www.organisator.ch\/wp-content\/uploads\/2017\/12\/Online-Test-Ermitteln-Sie-die-Digital-und-Fuehrungsreife-Ihres-Unternehmens_Organisator.jpg","keywords":["Digitalisierung","Management und Unternehmensf\u00fchrung","Produkte","Test"],"articleSection":["MANAGEMENT"],"inLanguage":"it-IT"},{"@type":"WebPage","@id":"https:\/\/www.organisator.ch\/management\/2017-12-07\/online-test-ermitteln-sie-die-digital-und-fuehrungsreife-ihres-unternehmens\/","url":"https:\/\/www.organisator.ch\/management\/2017-12-07\/online-test-ermitteln-sie-die-digital-und-fuehrungsreife-ihres-unternehmens\/","name":"Test online: determinare la maturit\u00e0 digitale e di leadership della vostra azienda - Organizzatore","isPartOf":{"@id":"https:\/\/www.organisator.ch\/#website"},"primaryImageOfPage":{"@id":"https:\/\/www.organisator.ch\/management\/2017-12-07\/online-test-ermitteln-sie-die-digital-und-fuehrungsreife-ihres-unternehmens\/#primaryimage"},"image":{"@id":"https:\/\/www.organisator.ch\/management\/2017-12-07\/online-test-ermitteln-sie-die-digital-und-fuehrungsreife-ihres-unternehmens\/#primaryimage"},"thumbnailUrl":"https:\/\/www.organisator.ch\/wp-content\/uploads\/2017\/12\/Online-Test-Ermitteln-Sie-die-Digital-und-Fuehrungsreife-Ihres-Unternehmens_Organisator.jpg","datePublished":"2017-12-07T07:04:13+00:00","description":"Con una nuova procedura di analisi online chiamata LEADT, le aziende possono determinare quanto i loro manager siano adatti all'era digitale.","breadcrumb":{"@id":"https:\/\/www.organisator.ch\/management\/2017-12-07\/online-test-ermitteln-sie-die-digital-und-fuehrungsreife-ihres-unternehmens\/#breadcrumb"},"inLanguage":"it-IT","potentialAction":[{"@type":"ReadAction","target":["https:\/\/www.organisator.ch\/management\/2017-12-07\/online-test-ermitteln-sie-die-digital-und-fuehrungsreife-ihres-unternehmens\/"]}]},{"@type":"ImageObject","inLanguage":"it-IT","@id":"https:\/\/www.organisator.ch\/management\/2017-12-07\/online-test-ermitteln-sie-die-digital-und-fuehrungsreife-ihres-unternehmens\/#primaryimage","url":"https:\/\/www.organisator.ch\/wp-content\/uploads\/2017\/12\/Online-Test-Ermitteln-Sie-die-Digital-und-Fuehrungsreife-Ihres-Unternehmens_Organisator.jpg","contentUrl":"https:\/\/www.organisator.ch\/wp-content\/uploads\/2017\/12\/Online-Test-Ermitteln-Sie-die-Digital-und-Fuehrungsreife-Ihres-Unternehmens_Organisator.jpg","width":497,"height":480},{"@type":"BreadcrumbList","@id":"https:\/\/www.organisator.ch\/management\/2017-12-07\/online-test-ermitteln-sie-die-digital-und-fuehrungsreife-ihres-unternehmens\/#breadcrumb","itemListElement":[{"@type":"ListItem","position":1,"name":"Home","item":"https:\/\/www.organisator.ch\/"},{"@type":"ListItem","position":2,"name":"Online-Test: Ermitteln Sie die Digital- und F\u00fchrungsreife Ihres Unternehmens"}]},{"@type":"WebSite","@id":"https:\/\/www.organisator.ch\/#website","url":"https:\/\/www.organisator.ch\/","name":"Organizzatore","description":"Competente. Pratico. In 10 numeri all'anno, ORGANISATOR presenta i temi essenziali per i manager delle PMI.","publisher":{"@id":"https:\/\/www.organisator.ch\/#organization"},"potentialAction":[{"@type":"SearchAction","target":{"@type":"EntryPoint","urlTemplate":"https:\/\/www.organisator.ch\/?s={search_term_string}"},"query-input":{"@type":"PropertyValueSpecification","valueRequired":true,"valueName":"search_term_string"}}],"inLanguage":"it-IT"},{"@type":"Organization","@id":"https:\/\/www.organisator.ch\/#organization","name":"Organizzatore","url":"https:\/\/www.organisator.ch\/","logo":{"@type":"ImageObject","inLanguage":"it-IT","@id":"https:\/\/www.organisator.ch\/#\/schema\/logo\/image\/","url":"https:\/\/www.organisator.ch\/wp-content\/uploads\/2022\/01\/Logo_Organisator_Website.png","contentUrl":"https:\/\/www.organisator.ch\/wp-content\/uploads\/2022\/01\/Logo_Organisator_Website.png","width":800,"height":77,"caption":"Organisator"},"image":{"@id":"https:\/\/www.organisator.ch\/#\/schema\/logo\/image\/"},"sameAs":["https:\/\/www.facebook.com\/OrganisatorFachmagazin","https:\/\/www.linkedin.com\/showcase\/organisator-das-magazin-fr-kmu","https:\/\/www.xing.com\/news\/pages\/organisator-ch-695","https:\/\/www.youtube.com\/channel\/UCGP2Sq0iWaZwT3BdIAQFYpw"]},{"@type":"Person","@id":"https:\/\/www.organisator.ch\/#\/schema\/person\/6f650f90b2842cd4c0cc334b4e36f67e","name":"Tommaso.berner","image":{"@type":"ImageObject","inLanguage":"it-IT","@id":"https:\/\/secure.gravatar.com\/avatar\/ac5001d2a36cb6c6cd3e50789007ffca834b477b74a2144564522e944eabff61?s=96&d=mm&r=g","url":"https:\/\/secure.gravatar.com\/avatar\/ac5001d2a36cb6c6cd3e50789007ffca834b477b74a2144564522e944eabff61?s=96&d=mm&r=g","contentUrl":"https:\/\/secure.gravatar.com\/avatar\/ac5001d2a36cb6c6cd3e50789007ffca834b477b74a2144564522e944eabff61?s=96&d=mm&r=g","caption":"thomas.berner"},"url":"https:\/\/www.organisator.ch\/it\/author\/thomas-berner\/"}]}},"_links":{"self":[{"href":"https:\/\/www.organisator.ch\/it\/wp-json\/wp\/v2\/posts\/2830","targetHints":{"allow":["GET"]}}],"collection":[{"href":"https:\/\/www.organisator.ch\/it\/wp-json\/wp\/v2\/posts"}],"about":[{"href":"https:\/\/www.organisator.ch\/it\/wp-json\/wp\/v2\/types\/post"}],"author":[{"embeddable":true,"href":"https:\/\/www.organisator.ch\/it\/wp-json\/wp\/v2\/users\/4"}],"replies":[{"embeddable":true,"href":"https:\/\/www.organisator.ch\/it\/wp-json\/wp\/v2\/comments?post=2830"}],"version-history":[{"count":0,"href":"https:\/\/www.organisator.ch\/it\/wp-json\/wp\/v2\/posts\/2830\/revisions"}],"wp:featuredmedia":[{"embeddable":true,"href":"https:\/\/www.organisator.ch\/it\/wp-json\/wp\/v2\/media\/2831"}],"wp:attachment":[{"href":"https:\/\/www.organisator.ch\/it\/wp-json\/wp\/v2\/media?parent=2830"}],"wp:term":[{"taxonomy":"category","embeddable":true,"href":"https:\/\/www.organisator.ch\/it\/wp-json\/wp\/v2\/categories?post=2830"},{"taxonomy":"post_tag","embeddable":true,"href":"https:\/\/www.organisator.ch\/it\/wp-json\/wp\/v2\/tags?post=2830"}],"curies":[{"name":"wp","href":"https:\/\/api.w.org\/{rel}","templated":true}]}}