{"id":28327,"date":"2024-07-11T08:17:07","date_gmt":"2024-07-11T06:17:07","guid":{"rendered":"https:\/\/www.organisator.ch\/?p=28327"},"modified":"2024-07-10T09:17:29","modified_gmt":"2024-07-10T07:17:29","slug":"velopa-und-v-locker-gehen-strategische-partnerschaft-ein","status":"publish","type":"post","link":"https:\/\/www.organisator.ch\/it\/sustainability\/2024-07-11\/velopa-und-v-locker-gehen-strategische-partnerschaft-ein\/","title":{"rendered":"Velopa e V-Locker stringono un partenariato strategico"},"content":{"rendered":"<figure id=\"attachment_28329\" aria-describedby=\"caption-attachment-28329\" style=\"width: 680px\" class=\"wp-caption alignnone\"><img loading=\"lazy\" decoding=\"async\" class=\"size-full wp-image-28329\" src=\"https:\/\/www.organisator.ch\/wp-content\/uploads\/2024\/07\/Velopa-Doppelstockparkierung-Velostation-Winterthur_Bild1_ps.jpg\" alt=\"\" width=\"680\" height=\"436\" srcset=\"https:\/\/www.organisator.ch\/wp-content\/uploads\/2024\/07\/Velopa-Doppelstockparkierung-Velostation-Winterthur_Bild1_ps.jpg 680w, https:\/\/www.organisator.ch\/wp-content\/uploads\/2024\/07\/Velopa-Doppelstockparkierung-Velostation-Winterthur_Bild1_ps-18x12.jpg 18w, https:\/\/www.organisator.ch\/wp-content\/uploads\/2024\/07\/Velopa-Doppelstockparkierung-Velostation-Winterthur_Bild1_ps-375x240.jpg 375w, https:\/\/www.organisator.ch\/wp-content\/uploads\/2024\/07\/Velopa-Doppelstockparkierung-Velostation-Winterthur_Bild1_ps-546x350.jpg 546w\" sizes=\"auto, (max-width: 680px) 100vw, 680px\" \/><figcaption id=\"caption-attachment-28329\" class=\"wp-caption-text\">Parcheggio a due piani Velopa presso la stazione delle biciclette di Winterthur. (Immagine: www.velopa.ch)<\/figcaption><\/figure>\n<p>Grazie a questa collaborazione, i due fornitori ampliano il loro portafoglio di soluzioni personalizzate per sistemi di parcheggio per biciclette e infrastrutture per la mobilit\u00e0 sostenibile. Ne beneficiano sia i clienti pubblici, come citt\u00e0, comuni, aziende di trasporto, ospedali e istituti scolastici, sia le organizzazioni private, tra cui le aree aeroportuali, le zone commerciali, i complessi residenziali e i promotori immobiliari.<\/p>\n<p>Pascale Haslauer, CEO di Velopa AG, spiega: \"Con questa partnership creiamo un importante prerequisito per far progredire ulteriormente la transizione del trasporto sostenibile. Grazie alla reciproca espansione complementare dei nostri servizi, siamo in grado di pianificare la soluzione di parcheggio per biciclette ottimale per ogni situazione, promuovendo cos\u00ec la micromobilit\u00e0 urbana.\"<\/p>\n<p>Con circa 50 dipendenti, Velopa \u00e8 un fornitore di prodotti e soluzioni nel campo delle infrastrutture ciclabili. Questi includono sistemi di parcheggio per biciclette digitalizzati e meccanici, sistemi di guida per stazioni per biciclette, divisori per corsie ciclabili e sistemi di controllo degli accessi. V-Locker \u00e8 un produttore e gestore di torri modulari automatizzate per il parcheggio delle biciclette, con una piattaforma IoT che semplifica l'uso e il funzionamento dei sistemi di parcheggio.<\/p>\n<figure id=\"attachment_28330\" aria-describedby=\"caption-attachment-28330\" style=\"width: 680px\" class=\"wp-caption alignnone\"><img loading=\"lazy\" decoding=\"async\" class=\"size-full wp-image-28330\" src=\"https:\/\/www.organisator.ch\/wp-content\/uploads\/2024\/07\/V-Locker-Veloparkieranlage-Stettbach-Zuerich_Bild2_ps.jpg\" alt=\"\" width=\"680\" height=\"463\" srcset=\"https:\/\/www.organisator.ch\/wp-content\/uploads\/2024\/07\/V-Locker-Veloparkieranlage-Stettbach-Zuerich_Bild2_ps.jpg 680w, https:\/\/www.organisator.ch\/wp-content\/uploads\/2024\/07\/V-Locker-Veloparkieranlage-Stettbach-Zuerich_Bild2_ps-18x12.jpg 18w, https:\/\/www.organisator.ch\/wp-content\/uploads\/2024\/07\/V-Locker-Veloparkieranlage-Stettbach-Zuerich_Bild2_ps-375x255.jpg 375w, https:\/\/www.organisator.ch\/wp-content\/uploads\/2024\/07\/V-Locker-Veloparkieranlage-Stettbach-Zuerich_Bild2_ps-514x350.jpg 514w\" sizes=\"auto, (max-width: 680px) 100vw, 680px\" \/><figcaption id=\"caption-attachment-28330\" class=\"wp-caption-text\">Parcheggio per biciclette V-Locker a Stettbach, Zurigo. (Immagine: www.v-locker.ch)<\/figcaption><\/figure>\n<p>Jens Kirchhoff, CEO e co-fondatore di V-Locker AG, aggiunge: \"La cooperazione con Velopa \u00e8 il prossimo passo logico per V-Locker in un mondo della mobilit\u00e0 sempre pi\u00f9 connesso in rete e quindi pi\u00f9 complesso. I fornitori di infrastrutture di mobilit\u00e0 innovative e di alta qualit\u00e0 non devono solo rendere la loro offerta principale adatta al futuro, ma anche creare sinergie per consentire una mobilit\u00e0 ecologica e sana alle persone in movimento in Svizzera.\"<\/p>\n<p><em>Fonte: <a href=\"http:\/\/www.velopa.ch\">www.velopa.ch<\/a> \/ <a href=\"http:\/\/www.v-locker.ch\">www.v-locker.ch<\/a><\/em><\/p>","protected":false},"excerpt":{"rendered":"<p>Velopa AG di Spreitenbach e la start-up V-Locker AG di D\u00fcbendorf hanno avviato una partnership strategica. Le due aziende offrono sistemi di parcheggio per biciclette, infrastrutture per piste ciclabili e hub di mobilit\u00e0 per promuovere la micromobilit\u00e0 a risparmio di risorse. Ci\u00f2 include anche lo sviluppo sostenibile del primo e dell'ultimo miglio del trasporto pubblico.<\/p>","protected":false},"author":58,"featured_media":28329,"comment_status":"closed","ping_status":"closed","sticky":false,"template":"","format":"standard","meta":{"_acf_changed":false,"_yoast_wpseo_focuskw":"Velopa","_yoast_wpseo_metadesc":"Das Unternehmen Velopa AG aus Spreitenbach und das D\u00fcbendorfer Jungunternehmen V-Locker AG gehen eine strategische Partnerschaft ein.","articlekey":"","footnotes":""},"categories":[580],"tags":[334,1769,2246,492],"class_list":["post-28327","post","type-post","status-publish","format-standard","has-post-thumbnail","hentry","category-sustainability","tag-management","tag-nachhaltige-mobilitaet","tag-sustainability","tag-unternehmen"],"acf":[],"yoast_head":"<!-- This site is optimized with the Yoast SEO plugin v27.5 - https:\/\/yoast.com\/product\/yoast-seo-wordpress\/ -->\n<title>Velopa und V-Locker gehen strategische Partnerschaft ein - Organisator<\/title>\n<meta name=\"description\" content=\"Das Unternehmen Velopa AG aus Spreitenbach und das D\u00fcbendorfer Jungunternehmen V-Locker AG gehen eine strategische Partnerschaft ein.\" \/>\n<meta name=\"robots\" content=\"index, follow, max-snippet:-1, max-image-preview:large, max-video-preview:-1\" \/>\n<link rel=\"canonical\" href=\"https:\/\/www.organisator.ch\/it\/sostenibilita\/2024-07-11\/velopa-und-v-locker-gehen-strategische-partnerschaft-ein\/\" \/>\n<meta property=\"og:locale\" content=\"it_IT\" \/>\n<meta property=\"og:type\" content=\"article\" \/>\n<meta property=\"og:title\" content=\"Velopa und V-Locker gehen strategische Partnerschaft ein\" \/>\n<meta property=\"og:description\" content=\"Das Unternehmen Velopa AG aus Spreitenbach und das D\u00fcbendorfer Jungunternehmen V-Locker AG gehen eine strategische Partnerschaft ein.\" \/>\n<meta property=\"og:url\" content=\"https:\/\/www.organisator.ch\/it\/sostenibilita\/2024-07-11\/velopa-und-v-locker-gehen-strategische-partnerschaft-ein\/\" \/>\n<meta property=\"og:site_name\" content=\"Organisator\" \/>\n<meta property=\"article:publisher\" content=\"https:\/\/www.facebook.com\/OrganisatorFachmagazin\" \/>\n<meta property=\"article:published_time\" content=\"2024-07-11T06:17:07+00:00\" \/>\n<meta property=\"og:image\" content=\"https:\/\/www.organisator.ch\/wp-content\/uploads\/2024\/07\/Velopa-Doppelstockparkierung-Velostation-Winterthur_Bild1_ps.jpg\" \/>\n\t<meta property=\"og:image:width\" content=\"680\" \/>\n\t<meta property=\"og:image:height\" content=\"436\" \/>\n\t<meta property=\"og:image:type\" content=\"image\/jpeg\" \/>\n<meta name=\"author\" content=\"Adelisa Kalajdzini\" \/>\n<meta name=\"twitter:card\" content=\"summary_large_image\" \/>\n<meta name=\"twitter:title\" content=\"Velopa und V-Locker gehen strategische Partnerschaft ein\" \/>\n<meta name=\"twitter:description\" content=\"Das Unternehmen #Velopa AG aus Spreitenbach und das D\u00fcbendorfer Jungunternehmen #V-Locker AG gehen eine strategische #Partnerschaft ein.\" \/>\n<meta name=\"twitter:image\" content=\"https:\/\/www.organisator.ch\/wp-content\/uploads\/2024\/07\/Velopa-Doppelstockparkierung-Velostation-Winterthur_Bild1_ps.jpg\" \/>\n<script type=\"application\/ld+json\" class=\"yoast-schema-graph\">{\"@context\":\"https:\\\/\\\/schema.org\",\"@graph\":[{\"@type\":\"Article\",\"@id\":\"https:\\\/\\\/www.organisator.ch\\\/sustainability\\\/2024-07-11\\\/velopa-und-v-locker-gehen-strategische-partnerschaft-ein\\\/#article\",\"isPartOf\":{\"@id\":\"https:\\\/\\\/www.organisator.ch\\\/sustainability\\\/2024-07-11\\\/velopa-und-v-locker-gehen-strategische-partnerschaft-ein\\\/\"},\"author\":{\"name\":\"Adelisa Kalajdzini\",\"@id\":\"https:\\\/\\\/www.organisator.ch\\\/#\\\/schema\\\/person\\\/2e1314a2172123f874db408d8911d3f3\"},\"headline\":\"Velopa und V-Locker gehen strategische Partnerschaft ein\",\"datePublished\":\"2024-07-11T06:17:07+00:00\",\"mainEntityOfPage\":{\"@id\":\"https:\\\/\\\/www.organisator.ch\\\/sustainability\\\/2024-07-11\\\/velopa-und-v-locker-gehen-strategische-partnerschaft-ein\\\/\"},\"wordCount\":274,\"publisher\":{\"@id\":\"https:\\\/\\\/www.organisator.ch\\\/#organization\"},\"image\":{\"@id\":\"https:\\\/\\\/www.organisator.ch\\\/sustainability\\\/2024-07-11\\\/velopa-und-v-locker-gehen-strategische-partnerschaft-ein\\\/#primaryimage\"},\"thumbnailUrl\":\"https:\\\/\\\/www.organisator.ch\\\/wp-content\\\/uploads\\\/2024\\\/07\\\/Velopa-Doppelstockparkierung-Velostation-Winterthur_Bild1_ps.jpg\",\"keywords\":[\"Management\",\"Nachhaltige Mobilit\u00e4t\",\"Sustainability\",\"Unternehmen\"],\"articleSection\":[\"SUSTAINABILITY\"],\"inLanguage\":\"it-IT\"},{\"@type\":\"WebPage\",\"@id\":\"https:\\\/\\\/www.organisator.ch\\\/sustainability\\\/2024-07-11\\\/velopa-und-v-locker-gehen-strategische-partnerschaft-ein\\\/\",\"url\":\"https:\\\/\\\/www.organisator.ch\\\/sustainability\\\/2024-07-11\\\/velopa-und-v-locker-gehen-strategische-partnerschaft-ein\\\/\",\"name\":\"Velopa und V-Locker gehen strategische Partnerschaft ein - Organisator\",\"isPartOf\":{\"@id\":\"https:\\\/\\\/www.organisator.ch\\\/#website\"},\"primaryImageOfPage\":{\"@id\":\"https:\\\/\\\/www.organisator.ch\\\/sustainability\\\/2024-07-11\\\/velopa-und-v-locker-gehen-strategische-partnerschaft-ein\\\/#primaryimage\"},\"image\":{\"@id\":\"https:\\\/\\\/www.organisator.ch\\\/sustainability\\\/2024-07-11\\\/velopa-und-v-locker-gehen-strategische-partnerschaft-ein\\\/#primaryimage\"},\"thumbnailUrl\":\"https:\\\/\\\/www.organisator.ch\\\/wp-content\\\/uploads\\\/2024\\\/07\\\/Velopa-Doppelstockparkierung-Velostation-Winterthur_Bild1_ps.jpg\",\"datePublished\":\"2024-07-11T06:17:07+00:00\",\"description\":\"Das Unternehmen Velopa AG aus Spreitenbach und das D\u00fcbendorfer Jungunternehmen V-Locker AG gehen eine strategische Partnerschaft ein.\",\"breadcrumb\":{\"@id\":\"https:\\\/\\\/www.organisator.ch\\\/sustainability\\\/2024-07-11\\\/velopa-und-v-locker-gehen-strategische-partnerschaft-ein\\\/#breadcrumb\"},\"inLanguage\":\"it-IT\",\"potentialAction\":[{\"@type\":\"ReadAction\",\"target\":[\"https:\\\/\\\/www.organisator.ch\\\/sustainability\\\/2024-07-11\\\/velopa-und-v-locker-gehen-strategische-partnerschaft-ein\\\/\"]}]},{\"@type\":\"ImageObject\",\"inLanguage\":\"it-IT\",\"@id\":\"https:\\\/\\\/www.organisator.ch\\\/sustainability\\\/2024-07-11\\\/velopa-und-v-locker-gehen-strategische-partnerschaft-ein\\\/#primaryimage\",\"url\":\"https:\\\/\\\/www.organisator.ch\\\/wp-content\\\/uploads\\\/2024\\\/07\\\/Velopa-Doppelstockparkierung-Velostation-Winterthur_Bild1_ps.jpg\",\"contentUrl\":\"https:\\\/\\\/www.organisator.ch\\\/wp-content\\\/uploads\\\/2024\\\/07\\\/Velopa-Doppelstockparkierung-Velostation-Winterthur_Bild1_ps.jpg\",\"width\":680,\"height\":436,\"caption\":\"Velopa Doppelstockparkierung Velostation Winterthur. (Bild: www.velopa.ch)\"},{\"@type\":\"BreadcrumbList\",\"@id\":\"https:\\\/\\\/www.organisator.ch\\\/sustainability\\\/2024-07-11\\\/velopa-und-v-locker-gehen-strategische-partnerschaft-ein\\\/#breadcrumb\",\"itemListElement\":[{\"@type\":\"ListItem\",\"position\":1,\"name\":\"Home\",\"item\":\"https:\\\/\\\/www.organisator.ch\\\/\"},{\"@type\":\"ListItem\",\"position\":2,\"name\":\"Velopa und V-Locker gehen strategische Partnerschaft ein\"}]},{\"@type\":\"WebSite\",\"@id\":\"https:\\\/\\\/www.organisator.ch\\\/#website\",\"url\":\"https:\\\/\\\/www.organisator.ch\\\/\",\"name\":\"Organisator\",\"description\":\"Kompetent. Praxisnah. Der ORGANISATOR bereitet in 10 Ausgaben pro Jahr die wesentlichen Themen f\u00fcr F\u00fchrungskr\u00e4fte von KMU auf.\",\"publisher\":{\"@id\":\"https:\\\/\\\/www.organisator.ch\\\/#organization\"},\"potentialAction\":[{\"@type\":\"SearchAction\",\"target\":{\"@type\":\"EntryPoint\",\"urlTemplate\":\"https:\\\/\\\/www.organisator.ch\\\/?s={search_term_string}\"},\"query-input\":{\"@type\":\"PropertyValueSpecification\",\"valueRequired\":true,\"valueName\":\"search_term_string\"}}],\"inLanguage\":\"it-IT\"},{\"@type\":\"Organization\",\"@id\":\"https:\\\/\\\/www.organisator.ch\\\/#organization\",\"name\":\"Organisator\",\"url\":\"https:\\\/\\\/www.organisator.ch\\\/\",\"logo\":{\"@type\":\"ImageObject\",\"inLanguage\":\"it-IT\",\"@id\":\"https:\\\/\\\/www.organisator.ch\\\/#\\\/schema\\\/logo\\\/image\\\/\",\"url\":\"https:\\\/\\\/www.organisator.ch\\\/wp-content\\\/uploads\\\/2022\\\/01\\\/Logo_Organisator_Website.png\",\"contentUrl\":\"https:\\\/\\\/www.organisator.ch\\\/wp-content\\\/uploads\\\/2022\\\/01\\\/Logo_Organisator_Website.png\",\"width\":800,\"height\":77,\"caption\":\"Organisator\"},\"image\":{\"@id\":\"https:\\\/\\\/www.organisator.ch\\\/#\\\/schema\\\/logo\\\/image\\\/\"},\"sameAs\":[\"https:\\\/\\\/www.facebook.com\\\/OrganisatorFachmagazin\",\"https:\\\/\\\/www.linkedin.com\\\/showcase\\\/organisator-das-magazin-fr-kmu\",\"https:\\\/\\\/www.xing.com\\\/news\\\/pages\\\/organisator-ch-695\",\"https:\\\/\\\/www.youtube.com\\\/channel\\\/UCGP2Sq0iWaZwT3BdIAQFYpw\"]},{\"@type\":\"Person\",\"@id\":\"https:\\\/\\\/www.organisator.ch\\\/#\\\/schema\\\/person\\\/2e1314a2172123f874db408d8911d3f3\",\"name\":\"Adelisa Kalajdzini\",\"image\":{\"@type\":\"ImageObject\",\"inLanguage\":\"it-IT\",\"@id\":\"https:\\\/\\\/secure.gravatar.com\\\/avatar\\\/09a397c22ac58cad6f160ee8306348599df9df58a8ede73696226897b9fa4b24?s=96&d=mm&r=g\",\"url\":\"https:\\\/\\\/secure.gravatar.com\\\/avatar\\\/09a397c22ac58cad6f160ee8306348599df9df58a8ede73696226897b9fa4b24?s=96&d=mm&r=g\",\"contentUrl\":\"https:\\\/\\\/secure.gravatar.com\\\/avatar\\\/09a397c22ac58cad6f160ee8306348599df9df58a8ede73696226897b9fa4b24?s=96&d=mm&r=g\",\"caption\":\"Adelisa Kalajdzini\"},\"url\":\"https:\\\/\\\/www.organisator.ch\\\/it\\\/author\\\/adelisa-kalajdzini\\\/\"}]}<\/script>\n<!-- \/ Yoast SEO plugin. -->","yoast_head_json":{"title":"Velopa e V-Locker stringono una partnership strategica - Organizzatore","description":"Velopa AG di Spreitenbach e la giovane azienda V-Locker AG di D\u00fcbendorf hanno avviato una partnership strategica.","robots":{"index":"index","follow":"follow","max-snippet":"max-snippet:-1","max-image-preview":"max-image-preview:large","max-video-preview":"max-video-preview:-1"},"canonical":"https:\/\/www.organisator.ch\/it\/sostenibilita\/2024-07-11\/velopa-und-v-locker-gehen-strategische-partnerschaft-ein\/","og_locale":"it_IT","og_type":"article","og_title":"Velopa und V-Locker gehen strategische Partnerschaft ein","og_description":"Das Unternehmen Velopa AG aus Spreitenbach und das D\u00fcbendorfer Jungunternehmen V-Locker AG gehen eine strategische Partnerschaft ein.","og_url":"https:\/\/www.organisator.ch\/it\/sostenibilita\/2024-07-11\/velopa-und-v-locker-gehen-strategische-partnerschaft-ein\/","og_site_name":"Organisator","article_publisher":"https:\/\/www.facebook.com\/OrganisatorFachmagazin","article_published_time":"2024-07-11T06:17:07+00:00","og_image":[{"width":680,"height":436,"url":"https:\/\/www.organisator.ch\/wp-content\/uploads\/2024\/07\/Velopa-Doppelstockparkierung-Velostation-Winterthur_Bild1_ps.jpg","type":"image\/jpeg"}],"author":"Adelisa Kalajdzini","twitter_card":"summary_large_image","twitter_title":"Velopa und V-Locker gehen strategische Partnerschaft ein","twitter_description":"Das Unternehmen #Velopa AG aus Spreitenbach und das D\u00fcbendorfer Jungunternehmen #V-Locker AG gehen eine strategische #Partnerschaft ein.","twitter_image":"https:\/\/www.organisator.ch\/wp-content\/uploads\/2024\/07\/Velopa-Doppelstockparkierung-Velostation-Winterthur_Bild1_ps.jpg","schema":{"@context":"https:\/\/schema.org","@graph":[{"@type":"Article","@id":"https:\/\/www.organisator.ch\/sustainability\/2024-07-11\/velopa-und-v-locker-gehen-strategische-partnerschaft-ein\/#article","isPartOf":{"@id":"https:\/\/www.organisator.ch\/sustainability\/2024-07-11\/velopa-und-v-locker-gehen-strategische-partnerschaft-ein\/"},"author":{"name":"Adelisa Kalajdzini","@id":"https:\/\/www.organisator.ch\/#\/schema\/person\/2e1314a2172123f874db408d8911d3f3"},"headline":"Velopa und V-Locker gehen strategische Partnerschaft ein","datePublished":"2024-07-11T06:17:07+00:00","mainEntityOfPage":{"@id":"https:\/\/www.organisator.ch\/sustainability\/2024-07-11\/velopa-und-v-locker-gehen-strategische-partnerschaft-ein\/"},"wordCount":274,"publisher":{"@id":"https:\/\/www.organisator.ch\/#organization"},"image":{"@id":"https:\/\/www.organisator.ch\/sustainability\/2024-07-11\/velopa-und-v-locker-gehen-strategische-partnerschaft-ein\/#primaryimage"},"thumbnailUrl":"https:\/\/www.organisator.ch\/wp-content\/uploads\/2024\/07\/Velopa-Doppelstockparkierung-Velostation-Winterthur_Bild1_ps.jpg","keywords":["Management","Nachhaltige Mobilit\u00e4t","Sustainability","Unternehmen"],"articleSection":["SUSTAINABILITY"],"inLanguage":"it-IT"},{"@type":"WebPage","@id":"https:\/\/www.organisator.ch\/sustainability\/2024-07-11\/velopa-und-v-locker-gehen-strategische-partnerschaft-ein\/","url":"https:\/\/www.organisator.ch\/sustainability\/2024-07-11\/velopa-und-v-locker-gehen-strategische-partnerschaft-ein\/","name":"Velopa e V-Locker stringono una partnership strategica - Organizzatore","isPartOf":{"@id":"https:\/\/www.organisator.ch\/#website"},"primaryImageOfPage":{"@id":"https:\/\/www.organisator.ch\/sustainability\/2024-07-11\/velopa-und-v-locker-gehen-strategische-partnerschaft-ein\/#primaryimage"},"image":{"@id":"https:\/\/www.organisator.ch\/sustainability\/2024-07-11\/velopa-und-v-locker-gehen-strategische-partnerschaft-ein\/#primaryimage"},"thumbnailUrl":"https:\/\/www.organisator.ch\/wp-content\/uploads\/2024\/07\/Velopa-Doppelstockparkierung-Velostation-Winterthur_Bild1_ps.jpg","datePublished":"2024-07-11T06:17:07+00:00","description":"Velopa AG di Spreitenbach e la giovane azienda V-Locker AG di D\u00fcbendorf hanno avviato una partnership strategica.","breadcrumb":{"@id":"https:\/\/www.organisator.ch\/sustainability\/2024-07-11\/velopa-und-v-locker-gehen-strategische-partnerschaft-ein\/#breadcrumb"},"inLanguage":"it-IT","potentialAction":[{"@type":"ReadAction","target":["https:\/\/www.organisator.ch\/sustainability\/2024-07-11\/velopa-und-v-locker-gehen-strategische-partnerschaft-ein\/"]}]},{"@type":"ImageObject","inLanguage":"it-IT","@id":"https:\/\/www.organisator.ch\/sustainability\/2024-07-11\/velopa-und-v-locker-gehen-strategische-partnerschaft-ein\/#primaryimage","url":"https:\/\/www.organisator.ch\/wp-content\/uploads\/2024\/07\/Velopa-Doppelstockparkierung-Velostation-Winterthur_Bild1_ps.jpg","contentUrl":"https:\/\/www.organisator.ch\/wp-content\/uploads\/2024\/07\/Velopa-Doppelstockparkierung-Velostation-Winterthur_Bild1_ps.jpg","width":680,"height":436,"caption":"Velopa Doppelstockparkierung Velostation Winterthur. (Bild: www.velopa.ch)"},{"@type":"BreadcrumbList","@id":"https:\/\/www.organisator.ch\/sustainability\/2024-07-11\/velopa-und-v-locker-gehen-strategische-partnerschaft-ein\/#breadcrumb","itemListElement":[{"@type":"ListItem","position":1,"name":"Home","item":"https:\/\/www.organisator.ch\/"},{"@type":"ListItem","position":2,"name":"Velopa und V-Locker gehen strategische Partnerschaft ein"}]},{"@type":"WebSite","@id":"https:\/\/www.organisator.ch\/#website","url":"https:\/\/www.organisator.ch\/","name":"Organizzatore","description":"Competente. Pratico. In 10 numeri all'anno, ORGANISATOR presenta i temi essenziali per i manager delle PMI.","publisher":{"@id":"https:\/\/www.organisator.ch\/#organization"},"potentialAction":[{"@type":"SearchAction","target":{"@type":"EntryPoint","urlTemplate":"https:\/\/www.organisator.ch\/?s={search_term_string}"},"query-input":{"@type":"PropertyValueSpecification","valueRequired":true,"valueName":"search_term_string"}}],"inLanguage":"it-IT"},{"@type":"Organization","@id":"https:\/\/www.organisator.ch\/#organization","name":"Organizzatore","url":"https:\/\/www.organisator.ch\/","logo":{"@type":"ImageObject","inLanguage":"it-IT","@id":"https:\/\/www.organisator.ch\/#\/schema\/logo\/image\/","url":"https:\/\/www.organisator.ch\/wp-content\/uploads\/2022\/01\/Logo_Organisator_Website.png","contentUrl":"https:\/\/www.organisator.ch\/wp-content\/uploads\/2022\/01\/Logo_Organisator_Website.png","width":800,"height":77,"caption":"Organisator"},"image":{"@id":"https:\/\/www.organisator.ch\/#\/schema\/logo\/image\/"},"sameAs":["https:\/\/www.facebook.com\/OrganisatorFachmagazin","https:\/\/www.linkedin.com\/showcase\/organisator-das-magazin-fr-kmu","https:\/\/www.xing.com\/news\/pages\/organisator-ch-695","https:\/\/www.youtube.com\/channel\/UCGP2Sq0iWaZwT3BdIAQFYpw"]},{"@type":"Person","@id":"https:\/\/www.organisator.ch\/#\/schema\/person\/2e1314a2172123f874db408d8911d3f3","name":"Adelisa Kalajdzini","image":{"@type":"ImageObject","inLanguage":"it-IT","@id":"https:\/\/secure.gravatar.com\/avatar\/09a397c22ac58cad6f160ee8306348599df9df58a8ede73696226897b9fa4b24?s=96&d=mm&r=g","url":"https:\/\/secure.gravatar.com\/avatar\/09a397c22ac58cad6f160ee8306348599df9df58a8ede73696226897b9fa4b24?s=96&d=mm&r=g","contentUrl":"https:\/\/secure.gravatar.com\/avatar\/09a397c22ac58cad6f160ee8306348599df9df58a8ede73696226897b9fa4b24?s=96&d=mm&r=g","caption":"Adelisa Kalajdzini"},"url":"https:\/\/www.organisator.ch\/it\/author\/adelisa-kalajdzini\/"}]}},"_links":{"self":[{"href":"https:\/\/www.organisator.ch\/it\/wp-json\/wp\/v2\/posts\/28327","targetHints":{"allow":["GET"]}}],"collection":[{"href":"https:\/\/www.organisator.ch\/it\/wp-json\/wp\/v2\/posts"}],"about":[{"href":"https:\/\/www.organisator.ch\/it\/wp-json\/wp\/v2\/types\/post"}],"author":[{"embeddable":true,"href":"https:\/\/www.organisator.ch\/it\/wp-json\/wp\/v2\/users\/58"}],"replies":[{"embeddable":true,"href":"https:\/\/www.organisator.ch\/it\/wp-json\/wp\/v2\/comments?post=28327"}],"version-history":[{"count":4,"href":"https:\/\/www.organisator.ch\/it\/wp-json\/wp\/v2\/posts\/28327\/revisions"}],"predecessor-version":[{"id":28376,"href":"https:\/\/www.organisator.ch\/it\/wp-json\/wp\/v2\/posts\/28327\/revisions\/28376"}],"wp:featuredmedia":[{"embeddable":true,"href":"https:\/\/www.organisator.ch\/it\/wp-json\/wp\/v2\/media\/28329"}],"wp:attachment":[{"href":"https:\/\/www.organisator.ch\/it\/wp-json\/wp\/v2\/media?parent=28327"}],"wp:term":[{"taxonomy":"category","embeddable":true,"href":"https:\/\/www.organisator.ch\/it\/wp-json\/wp\/v2\/categories?post=28327"},{"taxonomy":"post_tag","embeddable":true,"href":"https:\/\/www.organisator.ch\/it\/wp-json\/wp\/v2\/tags?post=28327"}],"curies":[{"name":"wp","href":"https:\/\/api.w.org\/{rel}","templated":true}]}}