{"id":28334,"date":"2024-07-10T12:29:20","date_gmt":"2024-07-10T10:29:20","guid":{"rendered":"https:\/\/www.organisator.ch\/?p=28334"},"modified":"2024-07-10T10:59:36","modified_gmt":"2024-07-10T08:59:36","slug":"deutlich-weniger-offene-stellen-rueckgang-um-11-prozent","status":"publish","type":"post","link":"https:\/\/www.organisator.ch\/it\/human-resources\/2024-07-10\/deutlich-weniger-offene-stellen-rueckgang-um-11-prozent\/","title":{"rendered":"Un numero significativamente inferiore di posti vacanti: Diminuzione del -11 per cento"},"content":{"rendered":"<figure id=\"attachment_28336\" aria-describedby=\"caption-attachment-28336\" style=\"width: 680px\" class=\"wp-caption alignnone\"><img loading=\"lazy\" decoding=\"async\" class=\"size-full wp-image-28336\" src=\"https:\/\/www.organisator.ch\/wp-content\/uploads\/2024\/07\/TAG-Berufsgruppen-Graph-DE-V5_Bild1_ps.jpg\" alt=\"\" width=\"680\" height=\"497\" srcset=\"https:\/\/www.organisator.ch\/wp-content\/uploads\/2024\/07\/TAG-Berufsgruppen-Graph-DE-V5_Bild1_ps.jpg 680w, https:\/\/www.organisator.ch\/wp-content\/uploads\/2024\/07\/TAG-Berufsgruppen-Graph-DE-V5_Bild1_ps-16x12.jpg 16w, https:\/\/www.organisator.ch\/wp-content\/uploads\/2024\/07\/TAG-Berufsgruppen-Graph-DE-V5_Bild1_ps-375x274.jpg 375w, https:\/\/www.organisator.ch\/wp-content\/uploads\/2024\/07\/TAG-Berufsgruppen-Graph-DE-V5_Bild1_ps-479x350.jpg 479w\" sizes=\"auto, (max-width: 680px) 100vw, 680px\" \/><figcaption id=\"caption-attachment-28336\" class=\"wp-caption-text\">(Immagine: www.adeccogroup.com)<\/figcaption><\/figure>\n<p>Lo dimostra l'Adecco Group Swiss Job Market Index, lo studio scientificamente fondato da Adecco Group Switzerland e dal Job Market Monitor Switzerland dell'Universit\u00e0 di Zurigo.\u00a0<\/p>\n<h3><strong>Calo dei posti di lavoro ampiamente osservato\u00a0<\/strong><\/h3>\n<p>Nel secondo trimestre del 2024, l'indice del mercato del lavoro svizzero di Adecco Group ha continuato la sua tendenza negativa e ha registrato un calo dell'8% delle offerte di lavoro rispetto al primo trimestre del 2024. Rispetto allo stesso trimestre dell'anno precedente (T2 2023), il calo \u00e8 stato addirittura dell'11%. Ci\u00f2 significa che le offerte di lavoro si stanno avvicinando sempre pi\u00f9 al livello pre-pandemico del 2019.\u00a0<\/p>\n<p>Si registra una tendenza alla diminuzione del numero di posti vacanti sia nella Svizzera tedesca che in quella francese. Tuttavia, il numero di posti vacanti nella Svizzera tedesca \u00e8 diminuito molto pi\u00f9 nettamente rispetto alla Svizzera francese e al Ticino. La Svizzera tedesca ha registrato un calo del 12% dei posti vacanti rispetto allo stesso trimestre dell'anno precedente (T2 2023), mentre nella Svizzera latina si \u00e8 registrato un calo dell'8%.\u00a0<\/p>\n<p>\"Il mercato del lavoro si sta raffreddando sempre di pi\u00f9. Non solo il numero di posti di lavoro offerti sta diminuendo, ma anche il numero di disoccupati \u00e8 aumentato di oltre 17.000 unit\u00e0 rispetto all'anno precedente. Inoltre, il numero di aziende che lamentano difficolt\u00e0 di assunzione \u00e8 in calo. Questo rende sempre pi\u00f9 difficile per i dipendenti trovare un lavoro\", afferma Marcel Keller, Country President Adecco Group Switzerland.<\/p>\n<h3><strong>Crollo della domanda di impiegati, specialisti sanitari e informatici<\/strong><\/h3>\n<p>Le tendenze occupazionali dei vari gruppi professionali mostrano un quadro eterogeneo. Dei 14 gruppi professionali, solo gli specialisti dell'edilizia e delle finiture (ad esempio imbianchini, idraulici ed elettricisti) registrano un trend chiaramente positivo, con un aumento del 10% rispetto alla prima met\u00e0 del 2023.\u00a0<\/p>\n<p>Sei gruppi occupazionali su 14 ristagnano a un livello simile a quello dell'anno precedente, tra cui, ad esempio, i lavoratori qualificati nei servizi alla persona (ad esempio parrucchieri, podologi o assistenti infermieristici), i lavoratori qualificati nel settore tecnologico (ad esempio tecnici di laboratorio chimico, tecnici di ingegneria meccanica o disegnatori strutturali) e i lavoratori qualificati nelle occupazioni commerciali, amministrative e di vendita al dettaglio (ad esempio gestori di sinistri, manager di segreteria o agenti immobiliari). \u00a0<\/p>\n<p>Tuttavia, il numero di posti vacanti negli altri sette gruppi occupazionali \u00e8 diminuito in modo significativo. Particolarmente evidente \u00e8 il calo degli specialisti d'ufficio (ad esempio, addetti all'inserimento dati, operatori telefonici e assistenti d'ufficio), il cui numero di posti vacanti \u00e8 diminuito del 20%. Vale la pena notare che il calo della domanda ha interessato in particolare le professioni universitarie. Oltre alle professioni sanitarie (ad esempio medici specialisti, terapisti occupazionali o infermieri), anche le professioni informatiche (ad esempio analisti di sistema, programmatori di applicazioni o amministratori di sistema), le professioni delle scienze naturali (ad esempio fisici, chimici o ingegneri) e le professioni commerciali (ad esempio specialisti finanziari, consulenti di gestione o specialisti di marketing) sono interessate da un trend occupazionale sensibilmente negativo.\u00a0<\/p>\n<p>\"All'inizio del 2023, il portafoglio ordini del settore edile ha raggiunto un massimo storico. Il portafoglio ordini accumulato dalle imprese di costruzione sta contribuendo ad attutire un po' l'attuale raffreddamento della situazione economica e sembra anche sostenere la domanda di professioni edili. Ci\u00f2 contrasta con le professioni universitarie e d'ufficio. Molte di queste professioni sono solitamente ricercate in settori attualmente in difficolt\u00e0, come l'industria\", aggiunge Yanik Kipfer, Job Market Monitor Svizzera.<\/p>\n<h3><strong>Specialisti in costruzioni e finiture: calo da un livello elevato\u00a0<\/strong><\/h3>\n<p>Sebbene gli specialisti di costruzione e finitura stiano attualmente registrando un aumento del 10% dei posti vacanti rispetto alla prima met\u00e0 dell'anno precedente, i posti vacanti sono in calo del 4% rispetto alla seconda met\u00e0 del 2023. Ci\u00f2 significa che il forte trend di crescita registrato da questo gruppo professionale a partire dal 2021 si \u00e8 per il momento arrestato. Questa tendenza alla crescita \u00e8 stata sostenuta in particolare dallo sviluppo del sottogruppo degli specialisti dell'edilizia e delle finiture (ad esempio carpentieri, tettieri o installatori di impianti di refrigerazione) che, dopo aver raggiunto un massimo storico nella seconda met\u00e0 del 2023, ha registrato una diminuzione dei posti di lavoro vacanti in questo semestre per la prima volta dalla prima met\u00e0 del 2021. \u00a0<\/p>\n<p>La tendenza leggermente negativa degli ultimi quattro semestri continua nel sottogruppo degli elettricisti e dei tecnici elettronici (ad esempio, tecnici dell'automazione, tecnici elettronici e installatori di illuminazione). Il calo degli annunci di lavoro per gli specialisti dell'edilizia e delle finiture \u00e8 in linea con l'attuale deterioramento della situazione degli affari nei settori economici legati all'edilizia, come mostrano gli ultimi risultati dell'indagine economica del KOF. Ciononostante, l'indice delle professioni edili rimane ad un livello molto alto.\u00a0<\/p>\n<h3><strong>Specialisti d'ufficio: i posti vacanti diminuiscono del 20 per cento\u00a0<\/strong><\/h3>\n<p>Dopo che i professionisti dell'ufficio hanno raggiunto un numero record di offerte di lavoro nella seconda met\u00e0 del 2022, durante la ripresa economica legata alla pandemia, nei sei mesi successivi, con il rallentamento dell'economia, si \u00e8 instaurata una tendenza negativa che continua da allora. Attualmente, gli specialisti d'ufficio - tra cui segretari, impiegati contabili e addetti allo sportello - stanno registrando un calo del 20% negli annunci di lavoro rispetto alla prima met\u00e0 del 2023. \u00a0<\/p>\n<p>Tra l'altro, questo sviluppo potrebbe essere legato al fatto che molte aziende stanno cercando di ridurre i doppioni per aumentare l'efficienza in un'economia in rallentamento. Tali piani di ristrutturazione riguardano spesso posti di lavoro nell'amministrazione e nella gestione.\u00a0<\/p>\n<h3><strong>Professioni sanitarie: il personale infermieristico \u00e8 particolarmente colpito dal calo della domanda\u00a0<\/strong><\/h3>\n<p>Nella prima met\u00e0 del 2024, per la prima volta da anni, si \u00e8 registrato un calo significativo delle offerte di lavoro nelle professioni sanitarie. Rispetto alla prima met\u00e0 del 2023, questo gruppo professionale ha registrato un calo del 19% delle offerte di lavoro pubblicizzate. Tutti i sottogruppi di questo gruppo professionale hanno registrato un calo delle offerte di lavoro, con il sottogruppo degli infermieri particolarmente colpito. \u00a0<\/p>\n<p>Questo sviluppo \u00e8 tanto pi\u00f9 notevole se si considera che negli ultimi anni il personale infermieristico ha registrato valori dell'indice in costante aumento e ha raggiunto un massimo storico nella seconda met\u00e0 del 2023. Questo sviluppo potrebbe essere spiegato dal fatto che molti ospedali hanno recentemente segnalato difficolt\u00e0 finanziarie. Ad esempio, lo scorso autunno gli ospedali di San Gallo hanno annunciato tagli ai posti di lavoro nell'ambito di un programma di ristrutturazione finanziaria, che ha interessato, tra gli altri, anche il personale infermieristico.\u00a0<\/p>\n<p>Heiko Mauersberger, responsabile del settore medico di Adecco Svizzera, aggiunge: \"Abbiamo notato che le istituzioni stanno riducendo gli organici a causa della crescente pressione sui costi. Di conseguenza, nel settore sanitario vengono offerti meno posti vacanti e alcuni servizi vengono limitati\".\u00a0<br \/>\n\u00a0<br \/>\nImportante: il calo dei posti vacanti non significa che non ci sia pi\u00f9 carenza di manodopera qualificata in questo gruppo professionale. Anzi, \u00e8 probabile che la carenza di personale qualificato nel settore sanitario continui. Il calo dei posti vacanti significa che i dipendenti - ad esempio - hanno ancora 8 posti vacanti invece di 10 (queste cifre sono puramente illustrative e non devono essere prese al valore nominale). \u00a0<\/p>\n<h3><strong>Professioni universitarie IT: la domanda di specialisti IT al livello pi\u00f9 basso dal 2016\u00a0<\/strong><\/h3>\n<p>Dalla seconda met\u00e0 del 2022 si \u00e8 registrata una tendenza negativa nel numero di posti vacanti nelle professioni universitarie IT. Questa tendenza si sta confermando anche in questo semestre, con un 19 percento in meno di posti di lavoro pubblicizzati rispetto alla prima met\u00e0 del 2023. Una possibile spiegazione del calo delle offerte di lavoro potrebbe essere l'aumento dei costi dei progetti IT dovuto agli alti tassi di interesse e la debolezza dell'economia che ostacola i progetti di investimento, entrambi fattori che hanno un impatto negativo sulla domanda di specialisti IT.\u00a0<\/p>\n<p>Finora, questo sviluppo negativo ha riguardato soprattutto il sottogruppo degli sviluppatori e degli analisti di software e applicazioni (ad esempio, sviluppatori di software, mediamatici o tester di applicazioni), mentre la domanda per il sottogruppo degli specialisti in tecnologie dell'informazione e della comunicazione, database e reti (ad esempio, amministratori di rete, specialisti di sicurezza informatica o sviluppatori di database) \u00e8 rimasta stagnante. \u00a0<\/p>\n<p>Tuttavia, anche gli specialisti in tecnologie dell'informazione e della comunicazione, banche dati e reti stanno registrando un crollo della domanda in questo semestre. L'indice delle professioni universitarie nel campo dell'informatica \u00e8 attualmente a un nuovo minimo, che era stato registrato l'ultima volta nella seconda met\u00e0 del 2016.\u00a0<\/p>\n<p><em>Fonte: <a href=\"http:\/\/www.adeccogroup.com\">www.adeccogroup.com<\/a><\/em><\/p>","protected":false},"excerpt":{"rendered":"<p>L'indice del mercato del lavoro svizzero di Adecco Group ha continuato la sua tendenza al ribasso nel secondo trimestre del 2024. Rispetto allo stesso trimestre dell'anno precedente, il numero di posti vacanti \u00e8 diminuito dell'11%. Ci\u00f2 significa che le offerte di lavoro si stanno avvicinando sempre pi\u00f9 ai livelli pre-pandemici. Le professioni d'ufficio, come le segretarie, e gli specialisti del settore sanitario, come gli infermieri, sono stati particolarmente colpiti dal calo della domanda. <\/p>","protected":false},"author":58,"featured_media":28336,"comment_status":"closed","ping_status":"closed","sticky":false,"template":"","format":"standard","meta":{"_acf_changed":false,"_yoast_wpseo_focuskw":"R\u00fcckgang","_yoast_wpseo_metadesc":"Der Adecco Group Swiss Job Market Index setzt seinen Abw\u00e4rtstrend im zweiten Quartal 2024 fort.","articlekey":"","footnotes":""},"categories":[579],"tags":[4303,3506,4072,1463,492],"class_list":["post-28334","post","type-post","status-publish","format-standard","has-post-thumbnail","hentry","category-human-resources","tag-fachkraefte","tag-human-resources","tag-index","tag-job","tag-unternehmen"],"acf":[],"yoast_head":"<!-- This site is optimized with the Yoast SEO plugin v27.4 - https:\/\/yoast.com\/product\/yoast-seo-wordpress\/ -->\n<title>Deutlich weniger offene Stellen: R\u00fcckgang um -11 Prozent - Organisator<\/title>\n<meta name=\"description\" content=\"Der Adecco Group Swiss Job Market Index setzt seinen Abw\u00e4rtstrend im zweiten Quartal 2024 fort.\" \/>\n<meta name=\"robots\" content=\"index, follow, max-snippet:-1, max-image-preview:large, max-video-preview:-1\" \/>\n<link rel=\"canonical\" href=\"https:\/\/www.organisator.ch\/it\/risorse-umane\/2024-07-10\/deutlich-weniger-offene-stellen-rueckgang-um-11-prozent\/\" \/>\n<meta property=\"og:locale\" content=\"it_IT\" \/>\n<meta property=\"og:type\" content=\"article\" \/>\n<meta property=\"og:title\" content=\"Deutlich weniger offene Stellen: R\u00fcckgang um -11 Prozent\" \/>\n<meta property=\"og:description\" content=\"Der Adecco Group Swiss Job Market Index setzt seinen Abw\u00e4rtstrend im zweiten Quartal 2024 fort.\" \/>\n<meta property=\"og:url\" content=\"https:\/\/www.organisator.ch\/it\/risorse-umane\/2024-07-10\/deutlich-weniger-offene-stellen-rueckgang-um-11-prozent\/\" \/>\n<meta property=\"og:site_name\" content=\"Organisator\" \/>\n<meta property=\"article:publisher\" content=\"https:\/\/www.facebook.com\/OrganisatorFachmagazin\" \/>\n<meta property=\"article:published_time\" content=\"2024-07-10T10:29:20+00:00\" \/>\n<meta property=\"og:image\" content=\"https:\/\/www.organisator.ch\/wp-content\/uploads\/2024\/07\/TAG-Berufsgruppen-Graph-DE-V5_Bild1_ps.jpg\" \/>\n\t<meta property=\"og:image:width\" content=\"680\" \/>\n\t<meta property=\"og:image:height\" content=\"497\" \/>\n\t<meta property=\"og:image:type\" content=\"image\/jpeg\" \/>\n<meta name=\"author\" content=\"Adelisa Kalajdzini\" \/>\n<meta name=\"twitter:card\" content=\"summary_large_image\" \/>\n<meta name=\"twitter:title\" content=\"Deutlich weniger offene Stellen: R\u00fcckgang um -11 Prozent\" \/>\n<meta name=\"twitter:description\" content=\"Der #Adecco Group #Swiss #Job #Market #Index setzt seinen #Abw\u00e4rtstrend im zweiten #Quartal 2024 fort.\" \/>\n<meta name=\"twitter:image\" content=\"https:\/\/www.organisator.ch\/wp-content\/uploads\/2024\/07\/TAG-Berufsgruppen-Graph-DE-V5_Bild1_ps.jpg\" \/>\n<script type=\"application\/ld+json\" class=\"yoast-schema-graph\">{\"@context\":\"https:\\\/\\\/schema.org\",\"@graph\":[{\"@type\":\"Article\",\"@id\":\"https:\\\/\\\/www.organisator.ch\\\/human-resources\\\/2024-07-10\\\/deutlich-weniger-offene-stellen-rueckgang-um-11-prozent\\\/#article\",\"isPartOf\":{\"@id\":\"https:\\\/\\\/www.organisator.ch\\\/human-resources\\\/2024-07-10\\\/deutlich-weniger-offene-stellen-rueckgang-um-11-prozent\\\/\"},\"author\":{\"name\":\"Adelisa Kalajdzini\",\"@id\":\"https:\\\/\\\/www.organisator.ch\\\/#\\\/schema\\\/person\\\/2e1314a2172123f874db408d8911d3f3\"},\"headline\":\"Deutlich weniger offene Stellen: R\u00fcckgang um -11 Prozent\",\"datePublished\":\"2024-07-10T10:29:20+00:00\",\"mainEntityOfPage\":{\"@id\":\"https:\\\/\\\/www.organisator.ch\\\/human-resources\\\/2024-07-10\\\/deutlich-weniger-offene-stellen-rueckgang-um-11-prozent\\\/\"},\"wordCount\":1248,\"publisher\":{\"@id\":\"https:\\\/\\\/www.organisator.ch\\\/#organization\"},\"image\":{\"@id\":\"https:\\\/\\\/www.organisator.ch\\\/human-resources\\\/2024-07-10\\\/deutlich-weniger-offene-stellen-rueckgang-um-11-prozent\\\/#primaryimage\"},\"thumbnailUrl\":\"https:\\\/\\\/www.organisator.ch\\\/wp-content\\\/uploads\\\/2024\\\/07\\\/TAG-Berufsgruppen-Graph-DE-V5_Bild1_ps.jpg\",\"keywords\":[\"Fachkr\u00e4fte\",\"Human Resources\",\"Index\",\"Job\",\"Unternehmen\"],\"articleSection\":[\"HUMAN RESOURCES\"],\"inLanguage\":\"it-IT\"},{\"@type\":\"WebPage\",\"@id\":\"https:\\\/\\\/www.organisator.ch\\\/human-resources\\\/2024-07-10\\\/deutlich-weniger-offene-stellen-rueckgang-um-11-prozent\\\/\",\"url\":\"https:\\\/\\\/www.organisator.ch\\\/human-resources\\\/2024-07-10\\\/deutlich-weniger-offene-stellen-rueckgang-um-11-prozent\\\/\",\"name\":\"Deutlich weniger offene Stellen: R\u00fcckgang um -11 Prozent - Organisator\",\"isPartOf\":{\"@id\":\"https:\\\/\\\/www.organisator.ch\\\/#website\"},\"primaryImageOfPage\":{\"@id\":\"https:\\\/\\\/www.organisator.ch\\\/human-resources\\\/2024-07-10\\\/deutlich-weniger-offene-stellen-rueckgang-um-11-prozent\\\/#primaryimage\"},\"image\":{\"@id\":\"https:\\\/\\\/www.organisator.ch\\\/human-resources\\\/2024-07-10\\\/deutlich-weniger-offene-stellen-rueckgang-um-11-prozent\\\/#primaryimage\"},\"thumbnailUrl\":\"https:\\\/\\\/www.organisator.ch\\\/wp-content\\\/uploads\\\/2024\\\/07\\\/TAG-Berufsgruppen-Graph-DE-V5_Bild1_ps.jpg\",\"datePublished\":\"2024-07-10T10:29:20+00:00\",\"description\":\"Der Adecco Group Swiss Job Market Index setzt seinen Abw\u00e4rtstrend im zweiten Quartal 2024 fort.\",\"breadcrumb\":{\"@id\":\"https:\\\/\\\/www.organisator.ch\\\/human-resources\\\/2024-07-10\\\/deutlich-weniger-offene-stellen-rueckgang-um-11-prozent\\\/#breadcrumb\"},\"inLanguage\":\"it-IT\",\"potentialAction\":[{\"@type\":\"ReadAction\",\"target\":[\"https:\\\/\\\/www.organisator.ch\\\/human-resources\\\/2024-07-10\\\/deutlich-weniger-offene-stellen-rueckgang-um-11-prozent\\\/\"]}]},{\"@type\":\"ImageObject\",\"inLanguage\":\"it-IT\",\"@id\":\"https:\\\/\\\/www.organisator.ch\\\/human-resources\\\/2024-07-10\\\/deutlich-weniger-offene-stellen-rueckgang-um-11-prozent\\\/#primaryimage\",\"url\":\"https:\\\/\\\/www.organisator.ch\\\/wp-content\\\/uploads\\\/2024\\\/07\\\/TAG-Berufsgruppen-Graph-DE-V5_Bild1_ps.jpg\",\"contentUrl\":\"https:\\\/\\\/www.organisator.ch\\\/wp-content\\\/uploads\\\/2024\\\/07\\\/TAG-Berufsgruppen-Graph-DE-V5_Bild1_ps.jpg\",\"width\":680,\"height\":497,\"caption\":\"(Bild: www.adeccogroup.com)\"},{\"@type\":\"BreadcrumbList\",\"@id\":\"https:\\\/\\\/www.organisator.ch\\\/human-resources\\\/2024-07-10\\\/deutlich-weniger-offene-stellen-rueckgang-um-11-prozent\\\/#breadcrumb\",\"itemListElement\":[{\"@type\":\"ListItem\",\"position\":1,\"name\":\"Home\",\"item\":\"https:\\\/\\\/www.organisator.ch\\\/\"},{\"@type\":\"ListItem\",\"position\":2,\"name\":\"Deutlich weniger offene Stellen: R\u00fcckgang um -11 Prozent\"}]},{\"@type\":\"WebSite\",\"@id\":\"https:\\\/\\\/www.organisator.ch\\\/#website\",\"url\":\"https:\\\/\\\/www.organisator.ch\\\/\",\"name\":\"Organisator\",\"description\":\"Kompetent. Praxisnah. Der ORGANISATOR bereitet in 10 Ausgaben pro Jahr die wesentlichen Themen f\u00fcr F\u00fchrungskr\u00e4fte von KMU auf.\",\"publisher\":{\"@id\":\"https:\\\/\\\/www.organisator.ch\\\/#organization\"},\"potentialAction\":[{\"@type\":\"SearchAction\",\"target\":{\"@type\":\"EntryPoint\",\"urlTemplate\":\"https:\\\/\\\/www.organisator.ch\\\/?s={search_term_string}\"},\"query-input\":{\"@type\":\"PropertyValueSpecification\",\"valueRequired\":true,\"valueName\":\"search_term_string\"}}],\"inLanguage\":\"it-IT\"},{\"@type\":\"Organization\",\"@id\":\"https:\\\/\\\/www.organisator.ch\\\/#organization\",\"name\":\"Organisator\",\"url\":\"https:\\\/\\\/www.organisator.ch\\\/\",\"logo\":{\"@type\":\"ImageObject\",\"inLanguage\":\"it-IT\",\"@id\":\"https:\\\/\\\/www.organisator.ch\\\/#\\\/schema\\\/logo\\\/image\\\/\",\"url\":\"https:\\\/\\\/www.organisator.ch\\\/wp-content\\\/uploads\\\/2022\\\/01\\\/Logo_Organisator_Website.png\",\"contentUrl\":\"https:\\\/\\\/www.organisator.ch\\\/wp-content\\\/uploads\\\/2022\\\/01\\\/Logo_Organisator_Website.png\",\"width\":800,\"height\":77,\"caption\":\"Organisator\"},\"image\":{\"@id\":\"https:\\\/\\\/www.organisator.ch\\\/#\\\/schema\\\/logo\\\/image\\\/\"},\"sameAs\":[\"https:\\\/\\\/www.facebook.com\\\/OrganisatorFachmagazin\",\"https:\\\/\\\/www.linkedin.com\\\/showcase\\\/organisator-das-magazin-fr-kmu\",\"https:\\\/\\\/www.xing.com\\\/news\\\/pages\\\/organisator-ch-695\",\"https:\\\/\\\/www.youtube.com\\\/channel\\\/UCGP2Sq0iWaZwT3BdIAQFYpw\"]},{\"@type\":\"Person\",\"@id\":\"https:\\\/\\\/www.organisator.ch\\\/#\\\/schema\\\/person\\\/2e1314a2172123f874db408d8911d3f3\",\"name\":\"Adelisa Kalajdzini\",\"image\":{\"@type\":\"ImageObject\",\"inLanguage\":\"it-IT\",\"@id\":\"https:\\\/\\\/secure.gravatar.com\\\/avatar\\\/09a397c22ac58cad6f160ee8306348599df9df58a8ede73696226897b9fa4b24?s=96&d=mm&r=g\",\"url\":\"https:\\\/\\\/secure.gravatar.com\\\/avatar\\\/09a397c22ac58cad6f160ee8306348599df9df58a8ede73696226897b9fa4b24?s=96&d=mm&r=g\",\"contentUrl\":\"https:\\\/\\\/secure.gravatar.com\\\/avatar\\\/09a397c22ac58cad6f160ee8306348599df9df58a8ede73696226897b9fa4b24?s=96&d=mm&r=g\",\"caption\":\"Adelisa Kalajdzini\"},\"url\":\"https:\\\/\\\/www.organisator.ch\\\/it\\\/author\\\/adelisa-kalajdzini\\\/\"}]}<\/script>\n<!-- \/ Yoast SEO plugin. -->","yoast_head_json":{"title":"Un numero significativamente inferiore di posti vacanti: Calo del -11% - Organizzatore","description":"L'indice del mercato del lavoro svizzero di Adecco Group ha continuato la sua tendenza al ribasso nel secondo trimestre del 2024.","robots":{"index":"index","follow":"follow","max-snippet":"max-snippet:-1","max-image-preview":"max-image-preview:large","max-video-preview":"max-video-preview:-1"},"canonical":"https:\/\/www.organisator.ch\/it\/risorse-umane\/2024-07-10\/deutlich-weniger-offene-stellen-rueckgang-um-11-prozent\/","og_locale":"it_IT","og_type":"article","og_title":"Deutlich weniger offene Stellen: R\u00fcckgang um -11 Prozent","og_description":"Der Adecco Group Swiss Job Market Index setzt seinen Abw\u00e4rtstrend im zweiten Quartal 2024 fort.","og_url":"https:\/\/www.organisator.ch\/it\/risorse-umane\/2024-07-10\/deutlich-weniger-offene-stellen-rueckgang-um-11-prozent\/","og_site_name":"Organisator","article_publisher":"https:\/\/www.facebook.com\/OrganisatorFachmagazin","article_published_time":"2024-07-10T10:29:20+00:00","og_image":[{"width":680,"height":497,"url":"https:\/\/www.organisator.ch\/wp-content\/uploads\/2024\/07\/TAG-Berufsgruppen-Graph-DE-V5_Bild1_ps.jpg","type":"image\/jpeg"}],"author":"Adelisa Kalajdzini","twitter_card":"summary_large_image","twitter_title":"Deutlich weniger offene Stellen: R\u00fcckgang um -11 Prozent","twitter_description":"Der #Adecco Group #Swiss #Job #Market #Index setzt seinen #Abw\u00e4rtstrend im zweiten #Quartal 2024 fort.","twitter_image":"https:\/\/www.organisator.ch\/wp-content\/uploads\/2024\/07\/TAG-Berufsgruppen-Graph-DE-V5_Bild1_ps.jpg","schema":{"@context":"https:\/\/schema.org","@graph":[{"@type":"Article","@id":"https:\/\/www.organisator.ch\/human-resources\/2024-07-10\/deutlich-weniger-offene-stellen-rueckgang-um-11-prozent\/#article","isPartOf":{"@id":"https:\/\/www.organisator.ch\/human-resources\/2024-07-10\/deutlich-weniger-offene-stellen-rueckgang-um-11-prozent\/"},"author":{"name":"Adelisa Kalajdzini","@id":"https:\/\/www.organisator.ch\/#\/schema\/person\/2e1314a2172123f874db408d8911d3f3"},"headline":"Deutlich weniger offene Stellen: R\u00fcckgang um -11 Prozent","datePublished":"2024-07-10T10:29:20+00:00","mainEntityOfPage":{"@id":"https:\/\/www.organisator.ch\/human-resources\/2024-07-10\/deutlich-weniger-offene-stellen-rueckgang-um-11-prozent\/"},"wordCount":1248,"publisher":{"@id":"https:\/\/www.organisator.ch\/#organization"},"image":{"@id":"https:\/\/www.organisator.ch\/human-resources\/2024-07-10\/deutlich-weniger-offene-stellen-rueckgang-um-11-prozent\/#primaryimage"},"thumbnailUrl":"https:\/\/www.organisator.ch\/wp-content\/uploads\/2024\/07\/TAG-Berufsgruppen-Graph-DE-V5_Bild1_ps.jpg","keywords":["Fachkr\u00e4fte","Human Resources","Index","Job","Unternehmen"],"articleSection":["HUMAN RESOURCES"],"inLanguage":"it-IT"},{"@type":"WebPage","@id":"https:\/\/www.organisator.ch\/human-resources\/2024-07-10\/deutlich-weniger-offene-stellen-rueckgang-um-11-prozent\/","url":"https:\/\/www.organisator.ch\/human-resources\/2024-07-10\/deutlich-weniger-offene-stellen-rueckgang-um-11-prozent\/","name":"Un numero significativamente inferiore di posti vacanti: Calo del -11% - Organizzatore","isPartOf":{"@id":"https:\/\/www.organisator.ch\/#website"},"primaryImageOfPage":{"@id":"https:\/\/www.organisator.ch\/human-resources\/2024-07-10\/deutlich-weniger-offene-stellen-rueckgang-um-11-prozent\/#primaryimage"},"image":{"@id":"https:\/\/www.organisator.ch\/human-resources\/2024-07-10\/deutlich-weniger-offene-stellen-rueckgang-um-11-prozent\/#primaryimage"},"thumbnailUrl":"https:\/\/www.organisator.ch\/wp-content\/uploads\/2024\/07\/TAG-Berufsgruppen-Graph-DE-V5_Bild1_ps.jpg","datePublished":"2024-07-10T10:29:20+00:00","description":"L'indice del mercato del lavoro svizzero di Adecco Group ha continuato la sua tendenza al ribasso nel secondo trimestre del 2024.","breadcrumb":{"@id":"https:\/\/www.organisator.ch\/human-resources\/2024-07-10\/deutlich-weniger-offene-stellen-rueckgang-um-11-prozent\/#breadcrumb"},"inLanguage":"it-IT","potentialAction":[{"@type":"ReadAction","target":["https:\/\/www.organisator.ch\/human-resources\/2024-07-10\/deutlich-weniger-offene-stellen-rueckgang-um-11-prozent\/"]}]},{"@type":"ImageObject","inLanguage":"it-IT","@id":"https:\/\/www.organisator.ch\/human-resources\/2024-07-10\/deutlich-weniger-offene-stellen-rueckgang-um-11-prozent\/#primaryimage","url":"https:\/\/www.organisator.ch\/wp-content\/uploads\/2024\/07\/TAG-Berufsgruppen-Graph-DE-V5_Bild1_ps.jpg","contentUrl":"https:\/\/www.organisator.ch\/wp-content\/uploads\/2024\/07\/TAG-Berufsgruppen-Graph-DE-V5_Bild1_ps.jpg","width":680,"height":497,"caption":"(Bild: www.adeccogroup.com)"},{"@type":"BreadcrumbList","@id":"https:\/\/www.organisator.ch\/human-resources\/2024-07-10\/deutlich-weniger-offene-stellen-rueckgang-um-11-prozent\/#breadcrumb","itemListElement":[{"@type":"ListItem","position":1,"name":"Home","item":"https:\/\/www.organisator.ch\/"},{"@type":"ListItem","position":2,"name":"Deutlich weniger offene Stellen: R\u00fcckgang um -11 Prozent"}]},{"@type":"WebSite","@id":"https:\/\/www.organisator.ch\/#website","url":"https:\/\/www.organisator.ch\/","name":"Organizzatore","description":"Competente. Pratico. In 10 numeri all'anno, ORGANISATOR presenta i temi essenziali per i manager delle PMI.","publisher":{"@id":"https:\/\/www.organisator.ch\/#organization"},"potentialAction":[{"@type":"SearchAction","target":{"@type":"EntryPoint","urlTemplate":"https:\/\/www.organisator.ch\/?s={search_term_string}"},"query-input":{"@type":"PropertyValueSpecification","valueRequired":true,"valueName":"search_term_string"}}],"inLanguage":"it-IT"},{"@type":"Organization","@id":"https:\/\/www.organisator.ch\/#organization","name":"Organizzatore","url":"https:\/\/www.organisator.ch\/","logo":{"@type":"ImageObject","inLanguage":"it-IT","@id":"https:\/\/www.organisator.ch\/#\/schema\/logo\/image\/","url":"https:\/\/www.organisator.ch\/wp-content\/uploads\/2022\/01\/Logo_Organisator_Website.png","contentUrl":"https:\/\/www.organisator.ch\/wp-content\/uploads\/2022\/01\/Logo_Organisator_Website.png","width":800,"height":77,"caption":"Organisator"},"image":{"@id":"https:\/\/www.organisator.ch\/#\/schema\/logo\/image\/"},"sameAs":["https:\/\/www.facebook.com\/OrganisatorFachmagazin","https:\/\/www.linkedin.com\/showcase\/organisator-das-magazin-fr-kmu","https:\/\/www.xing.com\/news\/pages\/organisator-ch-695","https:\/\/www.youtube.com\/channel\/UCGP2Sq0iWaZwT3BdIAQFYpw"]},{"@type":"Person","@id":"https:\/\/www.organisator.ch\/#\/schema\/person\/2e1314a2172123f874db408d8911d3f3","name":"Adelisa Kalajdzini","image":{"@type":"ImageObject","inLanguage":"it-IT","@id":"https:\/\/secure.gravatar.com\/avatar\/09a397c22ac58cad6f160ee8306348599df9df58a8ede73696226897b9fa4b24?s=96&d=mm&r=g","url":"https:\/\/secure.gravatar.com\/avatar\/09a397c22ac58cad6f160ee8306348599df9df58a8ede73696226897b9fa4b24?s=96&d=mm&r=g","contentUrl":"https:\/\/secure.gravatar.com\/avatar\/09a397c22ac58cad6f160ee8306348599df9df58a8ede73696226897b9fa4b24?s=96&d=mm&r=g","caption":"Adelisa Kalajdzini"},"url":"https:\/\/www.organisator.ch\/it\/author\/adelisa-kalajdzini\/"}]}},"_links":{"self":[{"href":"https:\/\/www.organisator.ch\/it\/wp-json\/wp\/v2\/posts\/28334","targetHints":{"allow":["GET"]}}],"collection":[{"href":"https:\/\/www.organisator.ch\/it\/wp-json\/wp\/v2\/posts"}],"about":[{"href":"https:\/\/www.organisator.ch\/it\/wp-json\/wp\/v2\/types\/post"}],"author":[{"embeddable":true,"href":"https:\/\/www.organisator.ch\/it\/wp-json\/wp\/v2\/users\/58"}],"replies":[{"embeddable":true,"href":"https:\/\/www.organisator.ch\/it\/wp-json\/wp\/v2\/comments?post=28334"}],"version-history":[{"count":4,"href":"https:\/\/www.organisator.ch\/it\/wp-json\/wp\/v2\/posts\/28334\/revisions"}],"predecessor-version":[{"id":28356,"href":"https:\/\/www.organisator.ch\/it\/wp-json\/wp\/v2\/posts\/28334\/revisions\/28356"}],"wp:featuredmedia":[{"embeddable":true,"href":"https:\/\/www.organisator.ch\/it\/wp-json\/wp\/v2\/media\/28336"}],"wp:attachment":[{"href":"https:\/\/www.organisator.ch\/it\/wp-json\/wp\/v2\/media?parent=28334"}],"wp:term":[{"taxonomy":"category","embeddable":true,"href":"https:\/\/www.organisator.ch\/it\/wp-json\/wp\/v2\/categories?post=28334"},{"taxonomy":"post_tag","embeddable":true,"href":"https:\/\/www.organisator.ch\/it\/wp-json\/wp\/v2\/tags?post=28334"}],"curies":[{"name":"wp","href":"https:\/\/api.w.org\/{rel}","templated":true}]}}