{"id":28452,"date":"2024-07-23T09:57:24","date_gmt":"2024-07-23T07:57:24","guid":{"rendered":"https:\/\/www.organisator.ch\/?p=28452"},"modified":"2024-07-23T09:57:24","modified_gmt":"2024-07-23T07:57:24","slug":"lohnforderungen-2025-kaufkraft-sichern-heisst-existenzen-sichern","status":"publish","type":"post","link":"https:\/\/www.organisator.ch\/it\/management\/2024-07-23\/lohnforderungen-2025-kaufkraft-sichern-heisst-existenzen-sichern\/","title":{"rendered":"Richieste salariali 2025: garantire il potere d'acquisto significa garantire i mezzi di sussistenza"},"content":{"rendered":"<figure id=\"attachment_28453\" aria-describedby=\"caption-attachment-28453\" style=\"width: 680px\" class=\"wp-caption alignnone\"><img loading=\"lazy\" decoding=\"async\" class=\"size-full wp-image-28453\" src=\"https:\/\/www.organisator.ch\/wp-content\/uploads\/2024\/07\/Grafik_Reallohnverlust_Bild1_ps.jpg\" alt=\"\" width=\"680\" height=\"398\" srcset=\"https:\/\/www.organisator.ch\/wp-content\/uploads\/2024\/07\/Grafik_Reallohnverlust_Bild1_ps.jpg 680w, https:\/\/www.organisator.ch\/wp-content\/uploads\/2024\/07\/Grafik_Reallohnverlust_Bild1_ps-18x12.jpg 18w, https:\/\/www.organisator.ch\/wp-content\/uploads\/2024\/07\/Grafik_Reallohnverlust_Bild1_ps-375x219.jpg 375w, https:\/\/www.organisator.ch\/wp-content\/uploads\/2024\/07\/Grafik_Reallohnverlust_Bild1_ps-598x350.jpg 598w\" sizes=\"auto, (max-width: 680px) 100vw, 680px\" \/><figcaption id=\"caption-attachment-28453\" class=\"wp-caption-text\">(Immagine: Kaufm\u00e4nnischer Verband Schweiz)<\/figcaption><\/figure>\n<p>\"Riuscir\u00f2 a coprire i miei costi di vita?\" \u00e8 una domanda che molti in Svizzera devono porsi. I modesti aumenti salariali degli ultimi anni compensano a malapena l'aumento del costo della vita. L'Associazione svizzera di commercio chiede quindi un aumento salariale fino al cinque per cento. La richiesta si articola come segue:<\/p>\n<table>\n<tbody>\n<tr>\n<td width=\"80\">\n<p>\u00a0<strong>3.1% <\/strong><\/p>\n<\/td>\n<td width=\"238\">\n<p><strong>Effetti cumulativi di recupero dal 2021 (vedi grafico) <\/strong><\/p>\n<\/td>\n<\/tr>\n<tr>\n<td width=\"80\">\n<p><strong>1.4% <\/strong><\/p>\n<\/td>\n<td width=\"238\">\n<p><strong>Inflazione 2024 (secondo CPI) <\/strong><\/p>\n<\/td>\n<\/tr>\n<tr>\n<td width=\"80\">\n<p><strong>0.5% <\/strong><\/p>\n<\/td>\n<td width=\"238\">\n<p><strong>Aumento dei salari reali per rafforzare il potere d'acquisto <\/strong><\/p>\n<\/td>\n<\/tr>\n<\/tbody>\n<\/table>\n<p>Gli effetti cumulativi di recupero si applicano alle aziende che non hanno concesso ai propri dipendenti l'intero adeguamento al costo della vita negli ultimi anni. Sebbene la situazione di ogni azienda debba essere considerata individualmente, l'Associazione svizzera di commercio \u00e8 fermamente convinta che i settori a basso salario non debbano costituire un'eccezione. \u00c8 proprio l\u00ec che si deve evitare a tutti i costi un'ulteriore perdita di salari reali. Nel contesto economico generale, un aumento dei salari reali dello 0,5% \u00e8 essenziale per rafforzare il potere d'acquisto.<\/p>\n<h3>\u00a0<strong>Basta con la politica di pavimentazione <\/strong><\/h3>\n<p>\"Purtroppo, molti partner negoziali si affidano a buoni spesa, pagamenti una tantum o adeguamenti salariali individuali, invece di una politica salariale sostenibile\", spiega Michel Lang, responsabile del partenariato sociale dell'Associazione svizzera di commercio. Tuttavia, questa politica ingessata non risolve il problema della perdita di potere d'acquisto, ma lo consolida soltanto: \"Le aziende beneficiano dell'aumento della produttivit\u00e0 dei dipendenti e realizzano profitti. Mentre i dipendenti, dal canto loro, devono lottare con l'aumento dei costi e subire una perdita di potere d'acquisto\", spiega Lang.<\/p>\n<p>Inoltre, negli anni successivi aumenta la domanda repressa, che viene poi rinfacciata alle associazioni dei lavoratori e ai sindacati quando chiedono salari pari alle percentuali cumulate. \"Una politica salariale sostenibile da parte di tutti i datori di lavoro eviterebbe una politica salariale cos\u00ec negativa\", \u00e8 convinto Lang.<\/p>\n<h3><strong>Le basi per le trattative salariali individuali sono ora disponibili gratuitamente<\/strong><\/h3>\n<p>Data l'urgenza della questione, l'Associazione Commerciale Svizzera ha deciso di mettere a disposizione di tutti gli interessati la guida \"Raccomandazioni salariali\" da scaricare gratuitamente. La guida fornisce ai dipendenti le basi per una richiesta salariale realistica. Si rivolge alle persone che lavorano nel settore commerciale e della gestione aziendale, nonch\u00e9 nel commercio al dettaglio. Allo stesso tempo, l'opuscolo gratuito \"La discussione sul salario\" fornisce importanti suggerimenti per la preparazione e la conduzione di trattative salariali individuali.<\/p>\n<h3><strong>Investimento nell'occupabilit\u00e0 dei dipendenti <\/strong><\/h3>\n<p>Gi\u00e0 nel 2022, l'Associazione svizzera di commercio ha invitato le aziende a investire maggiori risorse nell'occupabilit\u00e0 dei propri dipendenti per prepararli al meglio al futuro. Con la disponibilit\u00e0 diffusa dell'intelligenza artificiale, le competenze digitali stanno diventando sempre pi\u00f9 importanti. \"Saremo in grado di mantenere il nostro livello di prosperit\u00e0 in Svizzera solo se le competenze del mercato del lavoro dei nostri dipendenti saranno rafforzate e se questi saranno attrezzati per i futuri requisiti del mondo del lavoro\", ha dichiarato Lang.<\/p>\n<p>Per l'Associazione svizzera di commercio, in qualit\u00e0 di centro di competenza per la formazione e le carriere, il rafforzamento dell'occupabilit\u00e0 e il principio dell'apprendimento permanente sono temi fondamentali: \"La formazione e l'aggiornamento mirati possono migliorare le prospettive di carriera e di salario. Le aziende beneficiano anche di un chiaro vantaggio competitivo se permettono ai loro dipendenti di acquisire nuove competenze\", spiega Lang.<\/p>\n<p><em>Fonte: <a href=\"http:\/\/www.kfmv.ch\">www.kfmv.ch<\/a> \u00a0<\/em><\/p>","protected":false},"excerpt":{"rendered":"<p>Per molti lavoratori dipendenti, l'aumento del costo della vita \u00e8 accompagnato da una perdita di potere d'acquisto. Un'ulteriore tendenza negativa dei salari reali pone problemi esistenziali per i lavoratori dei settori a basso salario, in particolare, ma anche per i segmenti a medio salario. L'Associazione Commercianti Svizzeri chiede pertanto un aumento generale dei salari fino al cinque per cento per il 2025.<\/p>","protected":false},"author":58,"featured_media":28453,"comment_status":"closed","ping_status":"closed","sticky":false,"template":"","format":"standard","meta":{"_acf_changed":false,"_yoast_wpseo_focuskw":"Lohnforderungen","_yoast_wpseo_metadesc":"Der Kaufm\u00e4nnische Verband Schweiz fordert eine allgemeine Lohnerh\u00f6hung von bis zu f\u00fcnf Prozent f\u00fcr das Jahr 2025.","articlekey":"","footnotes":""},"categories":[28],"tags":[4314,4313,334,492],"class_list":["post-28452","post","type-post","status-publish","format-standard","has-post-thumbnail","hentry","category-management","tag-kaufkraft","tag-lohnforderungen","tag-management","tag-unternehmen"],"acf":[],"yoast_head":"<!-- This site is optimized with the Yoast SEO plugin v27.5 - https:\/\/yoast.com\/product\/yoast-seo-wordpress\/ -->\n<title>Lohnforderungen 2025: Kaufkraft sichern heisst Existenzen sichern - Organisator<\/title>\n<meta name=\"description\" content=\"Der Kaufm\u00e4nnische Verband Schweiz fordert eine allgemeine Lohnerh\u00f6hung von bis zu f\u00fcnf Prozent f\u00fcr das Jahr 2025.\" \/>\n<meta name=\"robots\" content=\"index, follow, max-snippet:-1, max-image-preview:large, max-video-preview:-1\" \/>\n<link rel=\"canonical\" href=\"https:\/\/www.organisator.ch\/it\/gestione-2\/2024-07-23\/lohnforderungen-2025-kaufkraft-sichern-heisst-existenzen-sichern\/\" \/>\n<meta property=\"og:locale\" content=\"it_IT\" \/>\n<meta property=\"og:type\" content=\"article\" \/>\n<meta property=\"og:title\" content=\"Lohnforderungen 2025: Kaufkraft sichern heisst Existenzen sichern\" \/>\n<meta property=\"og:description\" content=\"Der Kaufm\u00e4nnische Verband Schweiz fordert eine allgemeine Lohnerh\u00f6hung von bis zu f\u00fcnf Prozent f\u00fcr das Jahr 2025.\" \/>\n<meta property=\"og:url\" content=\"https:\/\/www.organisator.ch\/it\/gestione-2\/2024-07-23\/lohnforderungen-2025-kaufkraft-sichern-heisst-existenzen-sichern\/\" \/>\n<meta property=\"og:site_name\" content=\"Organisator\" \/>\n<meta property=\"article:publisher\" content=\"https:\/\/www.facebook.com\/OrganisatorFachmagazin\" \/>\n<meta property=\"article:published_time\" content=\"2024-07-23T07:57:24+00:00\" \/>\n<meta property=\"og:image\" content=\"https:\/\/www.organisator.ch\/wp-content\/uploads\/2024\/07\/Grafik_Reallohnverlust_Bild1_ps.jpg\" \/>\n\t<meta property=\"og:image:width\" content=\"680\" \/>\n\t<meta property=\"og:image:height\" content=\"398\" \/>\n\t<meta property=\"og:image:type\" content=\"image\/jpeg\" \/>\n<meta name=\"author\" content=\"Adelisa Kalajdzini\" \/>\n<meta name=\"twitter:card\" content=\"summary_large_image\" \/>\n<meta name=\"twitter:title\" content=\"Lohnforderungen 2025: Kaufkraft sichern heisst Existenzen sichern\" \/>\n<meta name=\"twitter:description\" content=\"Der #Kaufm\u00e4nnische #Verband #Schweiz fordert eine allgemeine #Lohnerh\u00f6hung von bis zu #f\u00fcnf #Prozent f\u00fcr das Jahr 2025.\" \/>\n<meta name=\"twitter:image\" content=\"https:\/\/www.organisator.ch\/wp-content\/uploads\/2024\/07\/Grafik_Reallohnverlust_Bild1_ps.jpg\" \/>\n<script type=\"application\/ld+json\" class=\"yoast-schema-graph\">{\"@context\":\"https:\\\/\\\/schema.org\",\"@graph\":[{\"@type\":\"Article\",\"@id\":\"https:\\\/\\\/www.organisator.ch\\\/management\\\/2024-07-23\\\/lohnforderungen-2025-kaufkraft-sichern-heisst-existenzen-sichern\\\/#article\",\"isPartOf\":{\"@id\":\"https:\\\/\\\/www.organisator.ch\\\/management\\\/2024-07-23\\\/lohnforderungen-2025-kaufkraft-sichern-heisst-existenzen-sichern\\\/\"},\"author\":{\"name\":\"Adelisa Kalajdzini\",\"@id\":\"https:\\\/\\\/www.organisator.ch\\\/#\\\/schema\\\/person\\\/2e1314a2172123f874db408d8911d3f3\"},\"headline\":\"Lohnforderungen 2025: Kaufkraft sichern heisst Existenzen sichern\",\"datePublished\":\"2024-07-23T07:57:24+00:00\",\"mainEntityOfPage\":{\"@id\":\"https:\\\/\\\/www.organisator.ch\\\/management\\\/2024-07-23\\\/lohnforderungen-2025-kaufkraft-sichern-heisst-existenzen-sichern\\\/\"},\"wordCount\":513,\"publisher\":{\"@id\":\"https:\\\/\\\/www.organisator.ch\\\/#organization\"},\"image\":{\"@id\":\"https:\\\/\\\/www.organisator.ch\\\/management\\\/2024-07-23\\\/lohnforderungen-2025-kaufkraft-sichern-heisst-existenzen-sichern\\\/#primaryimage\"},\"thumbnailUrl\":\"https:\\\/\\\/www.organisator.ch\\\/wp-content\\\/uploads\\\/2024\\\/07\\\/Grafik_Reallohnverlust_Bild1_ps.jpg\",\"keywords\":[\"Kaufkraft\",\"Lohnforderungen\",\"Management\",\"Unternehmen\"],\"articleSection\":[\"MANAGEMENT\"],\"inLanguage\":\"it-IT\"},{\"@type\":\"WebPage\",\"@id\":\"https:\\\/\\\/www.organisator.ch\\\/management\\\/2024-07-23\\\/lohnforderungen-2025-kaufkraft-sichern-heisst-existenzen-sichern\\\/\",\"url\":\"https:\\\/\\\/www.organisator.ch\\\/management\\\/2024-07-23\\\/lohnforderungen-2025-kaufkraft-sichern-heisst-existenzen-sichern\\\/\",\"name\":\"Lohnforderungen 2025: Kaufkraft sichern heisst Existenzen sichern - Organisator\",\"isPartOf\":{\"@id\":\"https:\\\/\\\/www.organisator.ch\\\/#website\"},\"primaryImageOfPage\":{\"@id\":\"https:\\\/\\\/www.organisator.ch\\\/management\\\/2024-07-23\\\/lohnforderungen-2025-kaufkraft-sichern-heisst-existenzen-sichern\\\/#primaryimage\"},\"image\":{\"@id\":\"https:\\\/\\\/www.organisator.ch\\\/management\\\/2024-07-23\\\/lohnforderungen-2025-kaufkraft-sichern-heisst-existenzen-sichern\\\/#primaryimage\"},\"thumbnailUrl\":\"https:\\\/\\\/www.organisator.ch\\\/wp-content\\\/uploads\\\/2024\\\/07\\\/Grafik_Reallohnverlust_Bild1_ps.jpg\",\"datePublished\":\"2024-07-23T07:57:24+00:00\",\"description\":\"Der Kaufm\u00e4nnische Verband Schweiz fordert eine allgemeine Lohnerh\u00f6hung von bis zu f\u00fcnf Prozent f\u00fcr das Jahr 2025.\",\"breadcrumb\":{\"@id\":\"https:\\\/\\\/www.organisator.ch\\\/management\\\/2024-07-23\\\/lohnforderungen-2025-kaufkraft-sichern-heisst-existenzen-sichern\\\/#breadcrumb\"},\"inLanguage\":\"it-IT\",\"potentialAction\":[{\"@type\":\"ReadAction\",\"target\":[\"https:\\\/\\\/www.organisator.ch\\\/management\\\/2024-07-23\\\/lohnforderungen-2025-kaufkraft-sichern-heisst-existenzen-sichern\\\/\"]}]},{\"@type\":\"ImageObject\",\"inLanguage\":\"it-IT\",\"@id\":\"https:\\\/\\\/www.organisator.ch\\\/management\\\/2024-07-23\\\/lohnforderungen-2025-kaufkraft-sichern-heisst-existenzen-sichern\\\/#primaryimage\",\"url\":\"https:\\\/\\\/www.organisator.ch\\\/wp-content\\\/uploads\\\/2024\\\/07\\\/Grafik_Reallohnverlust_Bild1_ps.jpg\",\"contentUrl\":\"https:\\\/\\\/www.organisator.ch\\\/wp-content\\\/uploads\\\/2024\\\/07\\\/Grafik_Reallohnverlust_Bild1_ps.jpg\",\"width\":680,\"height\":398,\"caption\":\"(Bild: Kaufm\u00e4nnischer Verband Schweiz)\"},{\"@type\":\"BreadcrumbList\",\"@id\":\"https:\\\/\\\/www.organisator.ch\\\/management\\\/2024-07-23\\\/lohnforderungen-2025-kaufkraft-sichern-heisst-existenzen-sichern\\\/#breadcrumb\",\"itemListElement\":[{\"@type\":\"ListItem\",\"position\":1,\"name\":\"Home\",\"item\":\"https:\\\/\\\/www.organisator.ch\\\/\"},{\"@type\":\"ListItem\",\"position\":2,\"name\":\"Lohnforderungen 2025: Kaufkraft sichern heisst Existenzen sichern\"}]},{\"@type\":\"WebSite\",\"@id\":\"https:\\\/\\\/www.organisator.ch\\\/#website\",\"url\":\"https:\\\/\\\/www.organisator.ch\\\/\",\"name\":\"Organisator\",\"description\":\"Kompetent. Praxisnah. Der ORGANISATOR bereitet in 10 Ausgaben pro Jahr die wesentlichen Themen f\u00fcr F\u00fchrungskr\u00e4fte von KMU auf.\",\"publisher\":{\"@id\":\"https:\\\/\\\/www.organisator.ch\\\/#organization\"},\"potentialAction\":[{\"@type\":\"SearchAction\",\"target\":{\"@type\":\"EntryPoint\",\"urlTemplate\":\"https:\\\/\\\/www.organisator.ch\\\/?s={search_term_string}\"},\"query-input\":{\"@type\":\"PropertyValueSpecification\",\"valueRequired\":true,\"valueName\":\"search_term_string\"}}],\"inLanguage\":\"it-IT\"},{\"@type\":\"Organization\",\"@id\":\"https:\\\/\\\/www.organisator.ch\\\/#organization\",\"name\":\"Organisator\",\"url\":\"https:\\\/\\\/www.organisator.ch\\\/\",\"logo\":{\"@type\":\"ImageObject\",\"inLanguage\":\"it-IT\",\"@id\":\"https:\\\/\\\/www.organisator.ch\\\/#\\\/schema\\\/logo\\\/image\\\/\",\"url\":\"https:\\\/\\\/www.organisator.ch\\\/wp-content\\\/uploads\\\/2022\\\/01\\\/Logo_Organisator_Website.png\",\"contentUrl\":\"https:\\\/\\\/www.organisator.ch\\\/wp-content\\\/uploads\\\/2022\\\/01\\\/Logo_Organisator_Website.png\",\"width\":800,\"height\":77,\"caption\":\"Organisator\"},\"image\":{\"@id\":\"https:\\\/\\\/www.organisator.ch\\\/#\\\/schema\\\/logo\\\/image\\\/\"},\"sameAs\":[\"https:\\\/\\\/www.facebook.com\\\/OrganisatorFachmagazin\",\"https:\\\/\\\/www.linkedin.com\\\/showcase\\\/organisator-das-magazin-fr-kmu\",\"https:\\\/\\\/www.xing.com\\\/news\\\/pages\\\/organisator-ch-695\",\"https:\\\/\\\/www.youtube.com\\\/channel\\\/UCGP2Sq0iWaZwT3BdIAQFYpw\"]},{\"@type\":\"Person\",\"@id\":\"https:\\\/\\\/www.organisator.ch\\\/#\\\/schema\\\/person\\\/2e1314a2172123f874db408d8911d3f3\",\"name\":\"Adelisa Kalajdzini\",\"image\":{\"@type\":\"ImageObject\",\"inLanguage\":\"it-IT\",\"@id\":\"https:\\\/\\\/secure.gravatar.com\\\/avatar\\\/09a397c22ac58cad6f160ee8306348599df9df58a8ede73696226897b9fa4b24?s=96&d=mm&r=g\",\"url\":\"https:\\\/\\\/secure.gravatar.com\\\/avatar\\\/09a397c22ac58cad6f160ee8306348599df9df58a8ede73696226897b9fa4b24?s=96&d=mm&r=g\",\"contentUrl\":\"https:\\\/\\\/secure.gravatar.com\\\/avatar\\\/09a397c22ac58cad6f160ee8306348599df9df58a8ede73696226897b9fa4b24?s=96&d=mm&r=g\",\"caption\":\"Adelisa Kalajdzini\"},\"url\":\"https:\\\/\\\/www.organisator.ch\\\/it\\\/author\\\/adelisa-kalajdzini\\\/\"}]}<\/script>\n<!-- \/ Yoast SEO plugin. -->","yoast_head_json":{"title":"Rivendicazioni salariali 2025: garantire il potere d'acquisto significa garantire i mezzi di sussistenza - Organizzatore","description":"L'Associazione commerciale svizzera chiede un aumento generale dei salari fino al cinque per cento per il 2025.","robots":{"index":"index","follow":"follow","max-snippet":"max-snippet:-1","max-image-preview":"max-image-preview:large","max-video-preview":"max-video-preview:-1"},"canonical":"https:\/\/www.organisator.ch\/it\/gestione-2\/2024-07-23\/lohnforderungen-2025-kaufkraft-sichern-heisst-existenzen-sichern\/","og_locale":"it_IT","og_type":"article","og_title":"Lohnforderungen 2025: Kaufkraft sichern heisst Existenzen sichern","og_description":"Der Kaufm\u00e4nnische Verband Schweiz fordert eine allgemeine Lohnerh\u00f6hung von bis zu f\u00fcnf Prozent f\u00fcr das Jahr 2025.","og_url":"https:\/\/www.organisator.ch\/it\/gestione-2\/2024-07-23\/lohnforderungen-2025-kaufkraft-sichern-heisst-existenzen-sichern\/","og_site_name":"Organisator","article_publisher":"https:\/\/www.facebook.com\/OrganisatorFachmagazin","article_published_time":"2024-07-23T07:57:24+00:00","og_image":[{"width":680,"height":398,"url":"https:\/\/www.organisator.ch\/wp-content\/uploads\/2024\/07\/Grafik_Reallohnverlust_Bild1_ps.jpg","type":"image\/jpeg"}],"author":"Adelisa Kalajdzini","twitter_card":"summary_large_image","twitter_title":"Lohnforderungen 2025: Kaufkraft sichern heisst Existenzen sichern","twitter_description":"Der #Kaufm\u00e4nnische #Verband #Schweiz fordert eine allgemeine #Lohnerh\u00f6hung von bis zu #f\u00fcnf #Prozent f\u00fcr das Jahr 2025.","twitter_image":"https:\/\/www.organisator.ch\/wp-content\/uploads\/2024\/07\/Grafik_Reallohnverlust_Bild1_ps.jpg","schema":{"@context":"https:\/\/schema.org","@graph":[{"@type":"Article","@id":"https:\/\/www.organisator.ch\/management\/2024-07-23\/lohnforderungen-2025-kaufkraft-sichern-heisst-existenzen-sichern\/#article","isPartOf":{"@id":"https:\/\/www.organisator.ch\/management\/2024-07-23\/lohnforderungen-2025-kaufkraft-sichern-heisst-existenzen-sichern\/"},"author":{"name":"Adelisa Kalajdzini","@id":"https:\/\/www.organisator.ch\/#\/schema\/person\/2e1314a2172123f874db408d8911d3f3"},"headline":"Lohnforderungen 2025: Kaufkraft sichern heisst Existenzen sichern","datePublished":"2024-07-23T07:57:24+00:00","mainEntityOfPage":{"@id":"https:\/\/www.organisator.ch\/management\/2024-07-23\/lohnforderungen-2025-kaufkraft-sichern-heisst-existenzen-sichern\/"},"wordCount":513,"publisher":{"@id":"https:\/\/www.organisator.ch\/#organization"},"image":{"@id":"https:\/\/www.organisator.ch\/management\/2024-07-23\/lohnforderungen-2025-kaufkraft-sichern-heisst-existenzen-sichern\/#primaryimage"},"thumbnailUrl":"https:\/\/www.organisator.ch\/wp-content\/uploads\/2024\/07\/Grafik_Reallohnverlust_Bild1_ps.jpg","keywords":["Kaufkraft","Lohnforderungen","Management","Unternehmen"],"articleSection":["MANAGEMENT"],"inLanguage":"it-IT"},{"@type":"WebPage","@id":"https:\/\/www.organisator.ch\/management\/2024-07-23\/lohnforderungen-2025-kaufkraft-sichern-heisst-existenzen-sichern\/","url":"https:\/\/www.organisator.ch\/management\/2024-07-23\/lohnforderungen-2025-kaufkraft-sichern-heisst-existenzen-sichern\/","name":"Rivendicazioni salariali 2025: garantire il potere d'acquisto significa garantire i mezzi di sussistenza - Organizzatore","isPartOf":{"@id":"https:\/\/www.organisator.ch\/#website"},"primaryImageOfPage":{"@id":"https:\/\/www.organisator.ch\/management\/2024-07-23\/lohnforderungen-2025-kaufkraft-sichern-heisst-existenzen-sichern\/#primaryimage"},"image":{"@id":"https:\/\/www.organisator.ch\/management\/2024-07-23\/lohnforderungen-2025-kaufkraft-sichern-heisst-existenzen-sichern\/#primaryimage"},"thumbnailUrl":"https:\/\/www.organisator.ch\/wp-content\/uploads\/2024\/07\/Grafik_Reallohnverlust_Bild1_ps.jpg","datePublished":"2024-07-23T07:57:24+00:00","description":"L'Associazione commerciale svizzera chiede un aumento generale dei salari fino al cinque per cento per il 2025.","breadcrumb":{"@id":"https:\/\/www.organisator.ch\/management\/2024-07-23\/lohnforderungen-2025-kaufkraft-sichern-heisst-existenzen-sichern\/#breadcrumb"},"inLanguage":"it-IT","potentialAction":[{"@type":"ReadAction","target":["https:\/\/www.organisator.ch\/management\/2024-07-23\/lohnforderungen-2025-kaufkraft-sichern-heisst-existenzen-sichern\/"]}]},{"@type":"ImageObject","inLanguage":"it-IT","@id":"https:\/\/www.organisator.ch\/management\/2024-07-23\/lohnforderungen-2025-kaufkraft-sichern-heisst-existenzen-sichern\/#primaryimage","url":"https:\/\/www.organisator.ch\/wp-content\/uploads\/2024\/07\/Grafik_Reallohnverlust_Bild1_ps.jpg","contentUrl":"https:\/\/www.organisator.ch\/wp-content\/uploads\/2024\/07\/Grafik_Reallohnverlust_Bild1_ps.jpg","width":680,"height":398,"caption":"(Bild: Kaufm\u00e4nnischer Verband Schweiz)"},{"@type":"BreadcrumbList","@id":"https:\/\/www.organisator.ch\/management\/2024-07-23\/lohnforderungen-2025-kaufkraft-sichern-heisst-existenzen-sichern\/#breadcrumb","itemListElement":[{"@type":"ListItem","position":1,"name":"Home","item":"https:\/\/www.organisator.ch\/"},{"@type":"ListItem","position":2,"name":"Lohnforderungen 2025: Kaufkraft sichern heisst Existenzen sichern"}]},{"@type":"WebSite","@id":"https:\/\/www.organisator.ch\/#website","url":"https:\/\/www.organisator.ch\/","name":"Organizzatore","description":"Competente. Pratico. In 10 numeri all'anno, ORGANISATOR presenta i temi essenziali per i manager delle PMI.","publisher":{"@id":"https:\/\/www.organisator.ch\/#organization"},"potentialAction":[{"@type":"SearchAction","target":{"@type":"EntryPoint","urlTemplate":"https:\/\/www.organisator.ch\/?s={search_term_string}"},"query-input":{"@type":"PropertyValueSpecification","valueRequired":true,"valueName":"search_term_string"}}],"inLanguage":"it-IT"},{"@type":"Organization","@id":"https:\/\/www.organisator.ch\/#organization","name":"Organizzatore","url":"https:\/\/www.organisator.ch\/","logo":{"@type":"ImageObject","inLanguage":"it-IT","@id":"https:\/\/www.organisator.ch\/#\/schema\/logo\/image\/","url":"https:\/\/www.organisator.ch\/wp-content\/uploads\/2022\/01\/Logo_Organisator_Website.png","contentUrl":"https:\/\/www.organisator.ch\/wp-content\/uploads\/2022\/01\/Logo_Organisator_Website.png","width":800,"height":77,"caption":"Organisator"},"image":{"@id":"https:\/\/www.organisator.ch\/#\/schema\/logo\/image\/"},"sameAs":["https:\/\/www.facebook.com\/OrganisatorFachmagazin","https:\/\/www.linkedin.com\/showcase\/organisator-das-magazin-fr-kmu","https:\/\/www.xing.com\/news\/pages\/organisator-ch-695","https:\/\/www.youtube.com\/channel\/UCGP2Sq0iWaZwT3BdIAQFYpw"]},{"@type":"Person","@id":"https:\/\/www.organisator.ch\/#\/schema\/person\/2e1314a2172123f874db408d8911d3f3","name":"Adelisa Kalajdzini","image":{"@type":"ImageObject","inLanguage":"it-IT","@id":"https:\/\/secure.gravatar.com\/avatar\/09a397c22ac58cad6f160ee8306348599df9df58a8ede73696226897b9fa4b24?s=96&d=mm&r=g","url":"https:\/\/secure.gravatar.com\/avatar\/09a397c22ac58cad6f160ee8306348599df9df58a8ede73696226897b9fa4b24?s=96&d=mm&r=g","contentUrl":"https:\/\/secure.gravatar.com\/avatar\/09a397c22ac58cad6f160ee8306348599df9df58a8ede73696226897b9fa4b24?s=96&d=mm&r=g","caption":"Adelisa Kalajdzini"},"url":"https:\/\/www.organisator.ch\/it\/author\/adelisa-kalajdzini\/"}]}},"_links":{"self":[{"href":"https:\/\/www.organisator.ch\/it\/wp-json\/wp\/v2\/posts\/28452","targetHints":{"allow":["GET"]}}],"collection":[{"href":"https:\/\/www.organisator.ch\/it\/wp-json\/wp\/v2\/posts"}],"about":[{"href":"https:\/\/www.organisator.ch\/it\/wp-json\/wp\/v2\/types\/post"}],"author":[{"embeddable":true,"href":"https:\/\/www.organisator.ch\/it\/wp-json\/wp\/v2\/users\/58"}],"replies":[{"embeddable":true,"href":"https:\/\/www.organisator.ch\/it\/wp-json\/wp\/v2\/comments?post=28452"}],"version-history":[{"count":3,"href":"https:\/\/www.organisator.ch\/it\/wp-json\/wp\/v2\/posts\/28452\/revisions"}],"predecessor-version":[{"id":28495,"href":"https:\/\/www.organisator.ch\/it\/wp-json\/wp\/v2\/posts\/28452\/revisions\/28495"}],"wp:featuredmedia":[{"embeddable":true,"href":"https:\/\/www.organisator.ch\/it\/wp-json\/wp\/v2\/media\/28453"}],"wp:attachment":[{"href":"https:\/\/www.organisator.ch\/it\/wp-json\/wp\/v2\/media?parent=28452"}],"wp:term":[{"taxonomy":"category","embeddable":true,"href":"https:\/\/www.organisator.ch\/it\/wp-json\/wp\/v2\/categories?post=28452"},{"taxonomy":"post_tag","embeddable":true,"href":"https:\/\/www.organisator.ch\/it\/wp-json\/wp\/v2\/tags?post=28452"}],"curies":[{"name":"wp","href":"https:\/\/api.w.org\/{rel}","templated":true}]}}