{"id":28581,"date":"2024-07-30T09:46:22","date_gmt":"2024-07-30T07:46:22","guid":{"rendered":"https:\/\/www.organisator.ch\/?p=28581"},"modified":"2024-07-30T09:46:22","modified_gmt":"2024-07-30T07:46:22","slug":"kmu-swiss-symposium-in-brugg-feiert-jubilaeum","status":"publish","type":"post","link":"https:\/\/www.organisator.ch\/it\/management\/2024-07-30\/kmu-swiss-symposium-in-brugg-feiert-jubilaeum\/","title":{"rendered":"Il Simposio svizzero KMU di Brugg celebra il suo anniversario"},"content":{"rendered":"<figure id=\"attachment_28584\" aria-describedby=\"caption-attachment-28584\" style=\"width: 680px\" class=\"wp-caption alignnone\"><img loading=\"lazy\" decoding=\"async\" class=\"wp-image-28584 size-full\" src=\"https:\/\/www.organisator.ch\/wp-content\/uploads\/2024\/07\/KMU-Swiss-Symposium-Brugg_Bild1_ps.jpg\" alt=\"\" width=\"680\" height=\"416\" srcset=\"https:\/\/www.organisator.ch\/wp-content\/uploads\/2024\/07\/KMU-Swiss-Symposium-Brugg_Bild1_ps.jpg 680w, https:\/\/www.organisator.ch\/wp-content\/uploads\/2024\/07\/KMU-Swiss-Symposium-Brugg_Bild1_ps-18x12.jpg 18w, https:\/\/www.organisator.ch\/wp-content\/uploads\/2024\/07\/KMU-Swiss-Symposium-Brugg_Bild1_ps-375x229.jpg 375w, https:\/\/www.organisator.ch\/wp-content\/uploads\/2024\/07\/KMU-Swiss-Symposium-Brugg_Bild1_ps-572x350.jpg 572w\" sizes=\"auto, (max-width: 680px) 100vw, 680px\" \/><figcaption id=\"caption-attachment-28584\" class=\"wp-caption-text\">Il KMU Swiss Symposium Brugg \u00e8 dedicato alle questioni attuali relative al mondo del lavoro in Svizzera. (Immagine: www.kmuswiss.ch)<\/figcaption><\/figure>\n<p>Il 15\u00b0 KMU Swiss Symposium Brugg si terr\u00e0 gioved\u00ec 5 settembre 2024 nella Brugg Campus Hall. Nella fase di preparazione (12.00-12.45), nel prologo \"Innovation Digital Share\" verr\u00e0 presentata un'alternativa all'acquisto di capitale e\/o alle soluzioni di successione. Al contrario, il simposio sul tema della conferenza mostrer\u00e0, tra l'altro, che la base per i posti di lavoro \u00e8 un'economia sana che sostiene l'imprenditorialit\u00e0 e il lavoro in s\u00e9. Una quota di Stato tentacolare, regolamenti e leggi crescenti, comportamenti narcisistici e simili impediscono un rapido adattamento alle nuove circostanze al fine di creare lavoro con i relativi posti di lavoro.<\/p>\n<p>Un'economia sana ha un forte settore economico 2 (industria e commercio), ma attualmente sembra esserci una mancanza di interesse da parte dei giovani nell'apprendere mestieri qualificati. Le famiglie con molti figli sono vincolate dal fatto che 26 sistemi scolastici diversi tendono a essere controproducenti per i genitori che lavorano. - In breve: il potenziale di lavoratori autonomi e dipendenti c'\u00e8, ma sono occupati in altri compiti; d'altra parte, i mulini della politica macinano troppo lentamente e lentamente e, purtroppo, spesso contro un'economia fiorente per pura ideologia.<\/p>\n<p>\u00c8 ovvio che all'evento di anniversario sono attesi anche alcuni ex relatori e personalit\u00e0 illustri dell'economia e della politica. \"Oltre all'atmosfera informale, i partecipanti apprezzano l'elevata rilevanza pratica delle presentazioni\", come sottolinea Armin Baumann, iniziatore di KMU Swiss. Il simposio consente anche a molti espositori di presentarsi con uno stand durante le pause di networking.\u00a0\u00a0<\/p>\n<h3><strong>Personaggi noti<\/strong><\/h3>\n<p>Oltre ad alcune sorprese, le seguenti personalit\u00e0 imprenditoriali lasceranno un segno indelebile:<\/p>\n<ul>\n<li>Patrizia Laeri, ellexx<\/li>\n<li>Sigrun Gudjonsdottir, Sigrun GmbH<\/li>\n<li>Regina Kuratle, Centro per la formazione continua e la didattica (ZWW)<\/li>\n<li>Stephanie Z\u00fcllig, imprenditrice e membro del Consiglio di amministrazione professionale<\/li>\n<li>Chris Oeuvray, allenatore e autore<\/li>\n<li>Hans-Peter Strebe, imprenditore<\/li>\n<li>Markus Dieth, Governatore del Distretto di Argovia<\/li>\n<li>Moderatore: Michael Sokol<\/li>\n<\/ul>\n<h3><strong>Presentazione del Premio Imprenditore Svizzero<\/strong><\/h3>\n<p>Una volta all'anno, il \"Premio Imprenditore Svizzero\" premia un'azienda svizzera e\/o un imprenditore che ha dimostrato coraggio e impegno nel garantire il successo dell'azienda alla prossima generazione. L'azienda vincitrice si distingue per la forza innovativa, l'azione lungimirante e i valori sostenibili che caratterizzano l'imprenditorialit\u00e0 e garantiscono cos\u00ec un successo duraturo. L'anno scorso \u00e8 stato premiato Guido Bardelli, proprietario di Bourquin SA.<\/p>\n<p>Il 5 settembre 2024, una famosa PMI ricever\u00e0 il premio dopo il simposio: Lasciatevi sorprendere!<\/p>\n<p><em>Fonte: <a href=\"http:\/\/www.kmuswiss.ch\">www.kmuswiss.ch<\/a><\/em><\/p>","protected":false},"excerpt":{"rendered":"<p>Un anniversario dopo l'altro - Dopo il 20\u00b0 anniversario del KMU Swiss Symposium Baden, tenutosi in primavera, il 5 settembre '24 si celebrer\u00e0 il 15\u00b0 KMU Swiss Symposium Brugg. Il KMU Swiss Symposium offre soluzioni alle sfide aziendali e opportunit\u00e0 per un autentico networking. Il prossimo simposio \u00e8 dedicato alle questioni attuali relative al posto di lavoro svizzero con il motto \"Posto di lavoro contro stato sociale - modelli di lavoro da adattare!\".<\/p>","protected":false},"author":58,"featured_media":28584,"comment_status":"closed","ping_status":"closed","sticky":false,"template":"","format":"standard","meta":{"_acf_changed":false,"_yoast_wpseo_focuskw":"KMU","_yoast_wpseo_metadesc":"Das KMU Swiss Symposium Brugg widmet sich den aktuellen Fragen rund um den Arbeitsplatz Schweiz mit dem Motto \u00abArbeitsplatz versus Sozialstaat \u2013 Arbeitsmodelle zum Anpassen!?\u00bb","articlekey":"","footnotes":""},"categories":[579,28],"tags":[292,301,424,2276,492],"class_list":["post-28581","post","type-post","status-publish","format-standard","has-post-thumbnail","hentry","category-human-resources","category-management","tag-jubilaeum","tag-kmu","tag-schweiz","tag-symposium","tag-unternehmen"],"acf":[],"yoast_head":"<!-- This site is optimized with the Yoast SEO plugin v27.5 - https:\/\/yoast.com\/product\/yoast-seo-wordpress\/ -->\n<title>KMU Swiss Symposium in Brugg feiert Jubil\u00e4um - Organisator<\/title>\n<meta name=\"description\" content=\"Das KMU Swiss Symposium Brugg widmet sich den aktuellen Fragen rund um den Arbeitsplatz Schweiz mit dem Motto \u00abArbeitsplatz versus Sozialstaat \u2013 Arbeitsmodelle zum Anpassen!?\u00bb\" \/>\n<meta name=\"robots\" content=\"index, follow, max-snippet:-1, max-image-preview:large, max-video-preview:-1\" \/>\n<link rel=\"canonical\" href=\"https:\/\/www.organisator.ch\/it\/gestione-2\/2024-07-30\/kmu-swiss-symposium-in-brugg-feiert-jubilaeum\/\" \/>\n<meta property=\"og:locale\" content=\"it_IT\" \/>\n<meta property=\"og:type\" content=\"article\" \/>\n<meta property=\"og:title\" content=\"KMU Swiss Symposium in Brugg feiert Jubil\u00e4um\" \/>\n<meta property=\"og:description\" content=\"Das KMU Swiss Symposium Brugg widmet sich den aktuellen Fragen rund um den Arbeitsplatz Schweiz mit dem Motto \u00abArbeitsplatz versus Sozialstaat \u2013 Arbeitsmodelle zum Anpassen!?\u00bb\" \/>\n<meta property=\"og:url\" content=\"https:\/\/www.organisator.ch\/it\/gestione-2\/2024-07-30\/kmu-swiss-symposium-in-brugg-feiert-jubilaeum\/\" \/>\n<meta property=\"og:site_name\" content=\"Organisator\" \/>\n<meta property=\"article:publisher\" content=\"https:\/\/www.facebook.com\/OrganisatorFachmagazin\" \/>\n<meta property=\"article:published_time\" content=\"2024-07-30T07:46:22+00:00\" \/>\n<meta property=\"og:image\" content=\"https:\/\/www.organisator.ch\/wp-content\/uploads\/2024\/07\/KMU-Swiss-Symposium-Brugg_Bild1_ps.jpg\" \/>\n\t<meta property=\"og:image:width\" content=\"680\" \/>\n\t<meta property=\"og:image:height\" content=\"416\" \/>\n\t<meta property=\"og:image:type\" content=\"image\/jpeg\" \/>\n<meta name=\"author\" content=\"Adelisa Kalajdzini\" \/>\n<meta name=\"twitter:card\" content=\"summary_large_image\" \/>\n<meta name=\"twitter:title\" content=\"KMU Swiss Symposium in Brugg feiert Jubil\u00e4um\" \/>\n<meta name=\"twitter:description\" content=\"Das #KMU #Swiss #Symposium #Brugg widmet sich den aktuellen Fragen rund um den #Arbeitsplatz #Schweiz mit dem Motto \u00abArbeitsplatz versus Sozialstaat \u2013 Arbeitsmodelle zum Anpassen!?\u00bb\" \/>\n<meta name=\"twitter:image\" content=\"https:\/\/www.organisator.ch\/wp-content\/uploads\/2024\/07\/KMU-Swiss-Symposium-Brugg_Bild1_ps.jpg\" \/>\n<script type=\"application\/ld+json\" class=\"yoast-schema-graph\">{\"@context\":\"https:\\\/\\\/schema.org\",\"@graph\":[{\"@type\":\"Article\",\"@id\":\"https:\\\/\\\/www.organisator.ch\\\/management\\\/2024-07-30\\\/kmu-swiss-symposium-in-brugg-feiert-jubilaeum\\\/#article\",\"isPartOf\":{\"@id\":\"https:\\\/\\\/www.organisator.ch\\\/management\\\/2024-07-30\\\/kmu-swiss-symposium-in-brugg-feiert-jubilaeum\\\/\"},\"author\":{\"name\":\"Adelisa Kalajdzini\",\"@id\":\"https:\\\/\\\/www.organisator.ch\\\/#\\\/schema\\\/person\\\/2e1314a2172123f874db408d8911d3f3\"},\"headline\":\"KMU Swiss Symposium in Brugg feiert Jubil\u00e4um\",\"datePublished\":\"2024-07-30T07:46:22+00:00\",\"mainEntityOfPage\":{\"@id\":\"https:\\\/\\\/www.organisator.ch\\\/management\\\/2024-07-30\\\/kmu-swiss-symposium-in-brugg-feiert-jubilaeum\\\/\"},\"wordCount\":429,\"publisher\":{\"@id\":\"https:\\\/\\\/www.organisator.ch\\\/#organization\"},\"image\":{\"@id\":\"https:\\\/\\\/www.organisator.ch\\\/management\\\/2024-07-30\\\/kmu-swiss-symposium-in-brugg-feiert-jubilaeum\\\/#primaryimage\"},\"thumbnailUrl\":\"https:\\\/\\\/www.organisator.ch\\\/wp-content\\\/uploads\\\/2024\\\/07\\\/KMU-Swiss-Symposium-Brugg_Bild1_ps.jpg\",\"keywords\":[\"Jubil\u00e4um\",\"KMU\",\"Schweiz\",\"Symposium\",\"Unternehmen\"],\"articleSection\":[\"HUMAN RESOURCES\",\"MANAGEMENT\"],\"inLanguage\":\"it-IT\"},{\"@type\":\"WebPage\",\"@id\":\"https:\\\/\\\/www.organisator.ch\\\/management\\\/2024-07-30\\\/kmu-swiss-symposium-in-brugg-feiert-jubilaeum\\\/\",\"url\":\"https:\\\/\\\/www.organisator.ch\\\/management\\\/2024-07-30\\\/kmu-swiss-symposium-in-brugg-feiert-jubilaeum\\\/\",\"name\":\"KMU Swiss Symposium in Brugg feiert Jubil\u00e4um - Organisator\",\"isPartOf\":{\"@id\":\"https:\\\/\\\/www.organisator.ch\\\/#website\"},\"primaryImageOfPage\":{\"@id\":\"https:\\\/\\\/www.organisator.ch\\\/management\\\/2024-07-30\\\/kmu-swiss-symposium-in-brugg-feiert-jubilaeum\\\/#primaryimage\"},\"image\":{\"@id\":\"https:\\\/\\\/www.organisator.ch\\\/management\\\/2024-07-30\\\/kmu-swiss-symposium-in-brugg-feiert-jubilaeum\\\/#primaryimage\"},\"thumbnailUrl\":\"https:\\\/\\\/www.organisator.ch\\\/wp-content\\\/uploads\\\/2024\\\/07\\\/KMU-Swiss-Symposium-Brugg_Bild1_ps.jpg\",\"datePublished\":\"2024-07-30T07:46:22+00:00\",\"description\":\"Das KMU Swiss Symposium Brugg widmet sich den aktuellen Fragen rund um den Arbeitsplatz Schweiz mit dem Motto \u00abArbeitsplatz versus Sozialstaat \u2013 Arbeitsmodelle zum Anpassen!?\u00bb\",\"breadcrumb\":{\"@id\":\"https:\\\/\\\/www.organisator.ch\\\/management\\\/2024-07-30\\\/kmu-swiss-symposium-in-brugg-feiert-jubilaeum\\\/#breadcrumb\"},\"inLanguage\":\"it-IT\",\"potentialAction\":[{\"@type\":\"ReadAction\",\"target\":[\"https:\\\/\\\/www.organisator.ch\\\/management\\\/2024-07-30\\\/kmu-swiss-symposium-in-brugg-feiert-jubilaeum\\\/\"]}]},{\"@type\":\"ImageObject\",\"inLanguage\":\"it-IT\",\"@id\":\"https:\\\/\\\/www.organisator.ch\\\/management\\\/2024-07-30\\\/kmu-swiss-symposium-in-brugg-feiert-jubilaeum\\\/#primaryimage\",\"url\":\"https:\\\/\\\/www.organisator.ch\\\/wp-content\\\/uploads\\\/2024\\\/07\\\/KMU-Swiss-Symposium-Brugg_Bild1_ps.jpg\",\"contentUrl\":\"https:\\\/\\\/www.organisator.ch\\\/wp-content\\\/uploads\\\/2024\\\/07\\\/KMU-Swiss-Symposium-Brugg_Bild1_ps.jpg\",\"width\":680,\"height\":416,\"caption\":\": Das KMU Swiss Symposium Brugg widmet sich den aktuellen Fragen rund um den Arbeitsplatz Schweiz. (Bild: www.kmuswiss.ch)\"},{\"@type\":\"BreadcrumbList\",\"@id\":\"https:\\\/\\\/www.organisator.ch\\\/management\\\/2024-07-30\\\/kmu-swiss-symposium-in-brugg-feiert-jubilaeum\\\/#breadcrumb\",\"itemListElement\":[{\"@type\":\"ListItem\",\"position\":1,\"name\":\"Home\",\"item\":\"https:\\\/\\\/www.organisator.ch\\\/\"},{\"@type\":\"ListItem\",\"position\":2,\"name\":\"KMU Swiss Symposium in Brugg feiert Jubil\u00e4um\"}]},{\"@type\":\"WebSite\",\"@id\":\"https:\\\/\\\/www.organisator.ch\\\/#website\",\"url\":\"https:\\\/\\\/www.organisator.ch\\\/\",\"name\":\"Organisator\",\"description\":\"Kompetent. Praxisnah. Der ORGANISATOR bereitet in 10 Ausgaben pro Jahr die wesentlichen Themen f\u00fcr F\u00fchrungskr\u00e4fte von KMU auf.\",\"publisher\":{\"@id\":\"https:\\\/\\\/www.organisator.ch\\\/#organization\"},\"potentialAction\":[{\"@type\":\"SearchAction\",\"target\":{\"@type\":\"EntryPoint\",\"urlTemplate\":\"https:\\\/\\\/www.organisator.ch\\\/?s={search_term_string}\"},\"query-input\":{\"@type\":\"PropertyValueSpecification\",\"valueRequired\":true,\"valueName\":\"search_term_string\"}}],\"inLanguage\":\"it-IT\"},{\"@type\":\"Organization\",\"@id\":\"https:\\\/\\\/www.organisator.ch\\\/#organization\",\"name\":\"Organisator\",\"url\":\"https:\\\/\\\/www.organisator.ch\\\/\",\"logo\":{\"@type\":\"ImageObject\",\"inLanguage\":\"it-IT\",\"@id\":\"https:\\\/\\\/www.organisator.ch\\\/#\\\/schema\\\/logo\\\/image\\\/\",\"url\":\"https:\\\/\\\/www.organisator.ch\\\/wp-content\\\/uploads\\\/2022\\\/01\\\/Logo_Organisator_Website.png\",\"contentUrl\":\"https:\\\/\\\/www.organisator.ch\\\/wp-content\\\/uploads\\\/2022\\\/01\\\/Logo_Organisator_Website.png\",\"width\":800,\"height\":77,\"caption\":\"Organisator\"},\"image\":{\"@id\":\"https:\\\/\\\/www.organisator.ch\\\/#\\\/schema\\\/logo\\\/image\\\/\"},\"sameAs\":[\"https:\\\/\\\/www.facebook.com\\\/OrganisatorFachmagazin\",\"https:\\\/\\\/www.linkedin.com\\\/showcase\\\/organisator-das-magazin-fr-kmu\",\"https:\\\/\\\/www.xing.com\\\/news\\\/pages\\\/organisator-ch-695\",\"https:\\\/\\\/www.youtube.com\\\/channel\\\/UCGP2Sq0iWaZwT3BdIAQFYpw\"]},{\"@type\":\"Person\",\"@id\":\"https:\\\/\\\/www.organisator.ch\\\/#\\\/schema\\\/person\\\/2e1314a2172123f874db408d8911d3f3\",\"name\":\"Adelisa Kalajdzini\",\"image\":{\"@type\":\"ImageObject\",\"inLanguage\":\"it-IT\",\"@id\":\"https:\\\/\\\/secure.gravatar.com\\\/avatar\\\/09a397c22ac58cad6f160ee8306348599df9df58a8ede73696226897b9fa4b24?s=96&d=mm&r=g\",\"url\":\"https:\\\/\\\/secure.gravatar.com\\\/avatar\\\/09a397c22ac58cad6f160ee8306348599df9df58a8ede73696226897b9fa4b24?s=96&d=mm&r=g\",\"contentUrl\":\"https:\\\/\\\/secure.gravatar.com\\\/avatar\\\/09a397c22ac58cad6f160ee8306348599df9df58a8ede73696226897b9fa4b24?s=96&d=mm&r=g\",\"caption\":\"Adelisa Kalajdzini\"},\"url\":\"https:\\\/\\\/www.organisator.ch\\\/it\\\/author\\\/adelisa-kalajdzini\\\/\"}]}<\/script>\n<!-- \/ Yoast SEO plugin. -->","yoast_head_json":{"title":"Il Simposio svizzero KMU di Brugg festeggia l'anniversario - Organizzatore","description":"Il KMU Swiss Symposium Brugg \u00e8 dedicato alle questioni attuali che riguardano il posto di lavoro svizzero con il motto \"Posto di lavoro contro stato sociale - modelli di lavoro da adattare!\".","robots":{"index":"index","follow":"follow","max-snippet":"max-snippet:-1","max-image-preview":"max-image-preview:large","max-video-preview":"max-video-preview:-1"},"canonical":"https:\/\/www.organisator.ch\/it\/gestione-2\/2024-07-30\/kmu-swiss-symposium-in-brugg-feiert-jubilaeum\/","og_locale":"it_IT","og_type":"article","og_title":"KMU Swiss Symposium in Brugg feiert Jubil\u00e4um","og_description":"Das KMU Swiss Symposium Brugg widmet sich den aktuellen Fragen rund um den Arbeitsplatz Schweiz mit dem Motto \u00abArbeitsplatz versus Sozialstaat \u2013 Arbeitsmodelle zum Anpassen!?\u00bb","og_url":"https:\/\/www.organisator.ch\/it\/gestione-2\/2024-07-30\/kmu-swiss-symposium-in-brugg-feiert-jubilaeum\/","og_site_name":"Organisator","article_publisher":"https:\/\/www.facebook.com\/OrganisatorFachmagazin","article_published_time":"2024-07-30T07:46:22+00:00","og_image":[{"width":680,"height":416,"url":"https:\/\/www.organisator.ch\/wp-content\/uploads\/2024\/07\/KMU-Swiss-Symposium-Brugg_Bild1_ps.jpg","type":"image\/jpeg"}],"author":"Adelisa Kalajdzini","twitter_card":"summary_large_image","twitter_title":"KMU Swiss Symposium in Brugg feiert Jubil\u00e4um","twitter_description":"Das #KMU #Swiss #Symposium #Brugg widmet sich den aktuellen Fragen rund um den #Arbeitsplatz #Schweiz mit dem Motto \u00abArbeitsplatz versus Sozialstaat \u2013 Arbeitsmodelle zum Anpassen!?\u00bb","twitter_image":"https:\/\/www.organisator.ch\/wp-content\/uploads\/2024\/07\/KMU-Swiss-Symposium-Brugg_Bild1_ps.jpg","schema":{"@context":"https:\/\/schema.org","@graph":[{"@type":"Article","@id":"https:\/\/www.organisator.ch\/management\/2024-07-30\/kmu-swiss-symposium-in-brugg-feiert-jubilaeum\/#article","isPartOf":{"@id":"https:\/\/www.organisator.ch\/management\/2024-07-30\/kmu-swiss-symposium-in-brugg-feiert-jubilaeum\/"},"author":{"name":"Adelisa Kalajdzini","@id":"https:\/\/www.organisator.ch\/#\/schema\/person\/2e1314a2172123f874db408d8911d3f3"},"headline":"KMU Swiss Symposium in Brugg feiert Jubil\u00e4um","datePublished":"2024-07-30T07:46:22+00:00","mainEntityOfPage":{"@id":"https:\/\/www.organisator.ch\/management\/2024-07-30\/kmu-swiss-symposium-in-brugg-feiert-jubilaeum\/"},"wordCount":429,"publisher":{"@id":"https:\/\/www.organisator.ch\/#organization"},"image":{"@id":"https:\/\/www.organisator.ch\/management\/2024-07-30\/kmu-swiss-symposium-in-brugg-feiert-jubilaeum\/#primaryimage"},"thumbnailUrl":"https:\/\/www.organisator.ch\/wp-content\/uploads\/2024\/07\/KMU-Swiss-Symposium-Brugg_Bild1_ps.jpg","keywords":["Jubil\u00e4um","KMU","Schweiz","Symposium","Unternehmen"],"articleSection":["HUMAN RESOURCES","MANAGEMENT"],"inLanguage":"it-IT"},{"@type":"WebPage","@id":"https:\/\/www.organisator.ch\/management\/2024-07-30\/kmu-swiss-symposium-in-brugg-feiert-jubilaeum\/","url":"https:\/\/www.organisator.ch\/management\/2024-07-30\/kmu-swiss-symposium-in-brugg-feiert-jubilaeum\/","name":"Il Simposio svizzero KMU di Brugg festeggia l'anniversario - Organizzatore","isPartOf":{"@id":"https:\/\/www.organisator.ch\/#website"},"primaryImageOfPage":{"@id":"https:\/\/www.organisator.ch\/management\/2024-07-30\/kmu-swiss-symposium-in-brugg-feiert-jubilaeum\/#primaryimage"},"image":{"@id":"https:\/\/www.organisator.ch\/management\/2024-07-30\/kmu-swiss-symposium-in-brugg-feiert-jubilaeum\/#primaryimage"},"thumbnailUrl":"https:\/\/www.organisator.ch\/wp-content\/uploads\/2024\/07\/KMU-Swiss-Symposium-Brugg_Bild1_ps.jpg","datePublished":"2024-07-30T07:46:22+00:00","description":"Il KMU Swiss Symposium Brugg \u00e8 dedicato alle questioni attuali che riguardano il posto di lavoro svizzero con il motto \"Posto di lavoro contro stato sociale - modelli di lavoro da adattare!\".","breadcrumb":{"@id":"https:\/\/www.organisator.ch\/management\/2024-07-30\/kmu-swiss-symposium-in-brugg-feiert-jubilaeum\/#breadcrumb"},"inLanguage":"it-IT","potentialAction":[{"@type":"ReadAction","target":["https:\/\/www.organisator.ch\/management\/2024-07-30\/kmu-swiss-symposium-in-brugg-feiert-jubilaeum\/"]}]},{"@type":"ImageObject","inLanguage":"it-IT","@id":"https:\/\/www.organisator.ch\/management\/2024-07-30\/kmu-swiss-symposium-in-brugg-feiert-jubilaeum\/#primaryimage","url":"https:\/\/www.organisator.ch\/wp-content\/uploads\/2024\/07\/KMU-Swiss-Symposium-Brugg_Bild1_ps.jpg","contentUrl":"https:\/\/www.organisator.ch\/wp-content\/uploads\/2024\/07\/KMU-Swiss-Symposium-Brugg_Bild1_ps.jpg","width":680,"height":416,"caption":": Das KMU Swiss Symposium Brugg widmet sich den aktuellen Fragen rund um den Arbeitsplatz Schweiz. (Bild: www.kmuswiss.ch)"},{"@type":"BreadcrumbList","@id":"https:\/\/www.organisator.ch\/management\/2024-07-30\/kmu-swiss-symposium-in-brugg-feiert-jubilaeum\/#breadcrumb","itemListElement":[{"@type":"ListItem","position":1,"name":"Home","item":"https:\/\/www.organisator.ch\/"},{"@type":"ListItem","position":2,"name":"KMU Swiss Symposium in Brugg feiert Jubil\u00e4um"}]},{"@type":"WebSite","@id":"https:\/\/www.organisator.ch\/#website","url":"https:\/\/www.organisator.ch\/","name":"Organizzatore","description":"Competente. Pratico. In 10 numeri all'anno, ORGANISATOR presenta i temi essenziali per i manager delle PMI.","publisher":{"@id":"https:\/\/www.organisator.ch\/#organization"},"potentialAction":[{"@type":"SearchAction","target":{"@type":"EntryPoint","urlTemplate":"https:\/\/www.organisator.ch\/?s={search_term_string}"},"query-input":{"@type":"PropertyValueSpecification","valueRequired":true,"valueName":"search_term_string"}}],"inLanguage":"it-IT"},{"@type":"Organization","@id":"https:\/\/www.organisator.ch\/#organization","name":"Organizzatore","url":"https:\/\/www.organisator.ch\/","logo":{"@type":"ImageObject","inLanguage":"it-IT","@id":"https:\/\/www.organisator.ch\/#\/schema\/logo\/image\/","url":"https:\/\/www.organisator.ch\/wp-content\/uploads\/2022\/01\/Logo_Organisator_Website.png","contentUrl":"https:\/\/www.organisator.ch\/wp-content\/uploads\/2022\/01\/Logo_Organisator_Website.png","width":800,"height":77,"caption":"Organisator"},"image":{"@id":"https:\/\/www.organisator.ch\/#\/schema\/logo\/image\/"},"sameAs":["https:\/\/www.facebook.com\/OrganisatorFachmagazin","https:\/\/www.linkedin.com\/showcase\/organisator-das-magazin-fr-kmu","https:\/\/www.xing.com\/news\/pages\/organisator-ch-695","https:\/\/www.youtube.com\/channel\/UCGP2Sq0iWaZwT3BdIAQFYpw"]},{"@type":"Person","@id":"https:\/\/www.organisator.ch\/#\/schema\/person\/2e1314a2172123f874db408d8911d3f3","name":"Adelisa Kalajdzini","image":{"@type":"ImageObject","inLanguage":"it-IT","@id":"https:\/\/secure.gravatar.com\/avatar\/09a397c22ac58cad6f160ee8306348599df9df58a8ede73696226897b9fa4b24?s=96&d=mm&r=g","url":"https:\/\/secure.gravatar.com\/avatar\/09a397c22ac58cad6f160ee8306348599df9df58a8ede73696226897b9fa4b24?s=96&d=mm&r=g","contentUrl":"https:\/\/secure.gravatar.com\/avatar\/09a397c22ac58cad6f160ee8306348599df9df58a8ede73696226897b9fa4b24?s=96&d=mm&r=g","caption":"Adelisa Kalajdzini"},"url":"https:\/\/www.organisator.ch\/it\/author\/adelisa-kalajdzini\/"}]}},"_links":{"self":[{"href":"https:\/\/www.organisator.ch\/it\/wp-json\/wp\/v2\/posts\/28581","targetHints":{"allow":["GET"]}}],"collection":[{"href":"https:\/\/www.organisator.ch\/it\/wp-json\/wp\/v2\/posts"}],"about":[{"href":"https:\/\/www.organisator.ch\/it\/wp-json\/wp\/v2\/types\/post"}],"author":[{"embeddable":true,"href":"https:\/\/www.organisator.ch\/it\/wp-json\/wp\/v2\/users\/58"}],"replies":[{"embeddable":true,"href":"https:\/\/www.organisator.ch\/it\/wp-json\/wp\/v2\/comments?post=28581"}],"version-history":[{"count":5,"href":"https:\/\/www.organisator.ch\/it\/wp-json\/wp\/v2\/posts\/28581\/revisions"}],"predecessor-version":[{"id":28607,"href":"https:\/\/www.organisator.ch\/it\/wp-json\/wp\/v2\/posts\/28581\/revisions\/28607"}],"wp:featuredmedia":[{"embeddable":true,"href":"https:\/\/www.organisator.ch\/it\/wp-json\/wp\/v2\/media\/28584"}],"wp:attachment":[{"href":"https:\/\/www.organisator.ch\/it\/wp-json\/wp\/v2\/media?parent=28581"}],"wp:term":[{"taxonomy":"category","embeddable":true,"href":"https:\/\/www.organisator.ch\/it\/wp-json\/wp\/v2\/categories?post=28581"},{"taxonomy":"post_tag","embeddable":true,"href":"https:\/\/www.organisator.ch\/it\/wp-json\/wp\/v2\/tags?post=28581"}],"curies":[{"name":"wp","href":"https:\/\/api.w.org\/{rel}","templated":true}]}}