{"id":28597,"date":"2024-07-31T04:09:23","date_gmt":"2024-07-31T02:09:23","guid":{"rendered":"https:\/\/www.organisator.ch\/?p=28597"},"modified":"2024-07-30T14:11:25","modified_gmt":"2024-07-30T12:11:25","slug":"steigende-realloehne-trotz-durchzogener-konjunktur","status":"publish","type":"post","link":"https:\/\/www.organisator.ch\/it\/management\/2024-07-31\/steigende-realloehne-trotz-durchzogener-konjunktur\/","title":{"rendered":"Aumento dei salari reali nonostante l'economia fiacca"},"content":{"rendered":"<figure id=\"attachment_28598\" aria-describedby=\"caption-attachment-28598\" style=\"width: 680px\" class=\"wp-caption alignnone\"><img loading=\"lazy\" decoding=\"async\" class=\"size-full wp-image-28598\" src=\"https:\/\/www.organisator.ch\/wp-content\/uploads\/2024\/07\/Arbeitgeberverband_Bild1_ps.jpg\" alt=\"\" width=\"680\" height=\"454\" srcset=\"https:\/\/www.organisator.ch\/wp-content\/uploads\/2024\/07\/Arbeitgeberverband_Bild1_ps.jpg 680w, https:\/\/www.organisator.ch\/wp-content\/uploads\/2024\/07\/Arbeitgeberverband_Bild1_ps-18x12.jpg 18w, https:\/\/www.organisator.ch\/wp-content\/uploads\/2024\/07\/Arbeitgeberverband_Bild1_ps-375x250.jpg 375w, https:\/\/www.organisator.ch\/wp-content\/uploads\/2024\/07\/Arbeitgeberverband_Bild1_ps-524x350.jpg 524w\" sizes=\"auto, (max-width: 680px) 100vw, 680px\" \/><figcaption id=\"caption-attachment-28598\" class=\"wp-caption-text\">La Svizzera \u00e8 stata colpita da un significativo aumento dell'inflazione rispetto agli anni precedenti, in gran parte importata, che ha fortemente limitato il margine di manovra delle imprese per gli aumenti salariali. (Immagine: www.depositphotos.com)<\/figcaption><\/figure>\n<p>La crescita dell'economia svizzera si \u00e8 indebolita dall'inizio del 2024. Questa tendenza economica sarebbe da attribuire principalmente all'indebolimento della domanda estera e, in particolare, alle difficolt\u00e0 dei mercati di vendita in Europa. Gli ordini in arrivo dalla Germania hanno avuto un andamento molto negativo, che si \u00e8 ripercosso in particolare sull'economia orientata all'esportazione. Di conseguenza, l'economia orientata all'esportazione ha registrato un andamento quasi costantemente peggiore rispetto all'economia nazionale orientata ai servizi nell'anno in corso. Dall'inizio del 2023, le aziende locali tendono ad avere una visione pi\u00f9 pessimistica della situazione economica futura. Nel complesso, tuttavia, la situazione economica rimane positiva. Il KOF Swiss Economic Institute prevede inoltre un miglioramento sia nei settori interni che in quelli orientati all'esportazione nella seconda met\u00e0 dell'anno. Questi e altri risultati e il loro impatto sui salari sono presentati dall'Associazione svizzera dei datori di lavoro. <a href=\"https:\/\/arbeitgeber.us9.list-manage.com\/track\/click?u=56a31f9dc26f472dc5cbdbe11&amp;id=47dd4c7316&amp;e=10cd0a79ea\">in un nuovo documento salariale<\/a> per la Svizzera sulla base di prove.<\/p>\n<h3><strong>Superamento della fase di alta inflazione<\/strong><\/h3>\n<p>Negli ultimi tre anni, i salari reali in Svizzera sono diminuiti, mentre la produttivit\u00e0 ha continuato a svilupparsi positivamente. Questi anni eccezionali sono stati caratterizzati dalla pandemia e dalla guerra in Ucraina, in cui l'aumento dei costi dei fattori produttivi ha messo sotto forte pressione i margini delle imprese e gli aumenti dei costi non hanno potuto essere completamente compensati da aumenti dei salari nominali. Di conseguenza, le curve di sviluppo dei salari e della produttivit\u00e0 sarebbero sempre pi\u00f9 divergenti.<\/p>\n<p>La Svizzera \u00e8 stata colpita da un'inflazione significativamente pi\u00f9 alta rispetto agli anni precedenti, che \u00e8 stata in gran parte importata e ha limitato fortemente il margine di manovra delle imprese per gli aumenti salariali. Tuttavia, le imprese hanno contribuito a smorzare e in alcuni casi a compensare completamente la perdita di potere d'acquisto aumentando i salari nominali, in alcuni casi in modo sostanziale. Non hanno lesinato su questo aspetto: il rapporto salariale, ovvero la quota di retribuzione dei dipendenti sul prodotto interno lordo (PIL), \u00e8 aumentato notevolmente negli ultimi anni e si \u00e8 attestato al 59,6% alla fine del primo trimestre del 2024. Questo dopo essersi aggirato per diversi anni intorno al 56%.<\/p>\n<h3><strong>Probabile aumento dei salari reali<\/strong><\/h3>\n<p>Da allora, l'inflazione \u00e8 diminuita in modo significativo e si prevede che continuer\u00e0 a scendere, motivo per cui i due percorsi di crescita dell'andamento dei salari reali e della produttivit\u00e0 stanno tornando a convergere pi\u00f9 fortemente. Dopo l'andamento contrastato della prima met\u00e0 del 2024, l'economia dovrebbe migliorare un po' anche nella seconda met\u00e0 dell'anno. Insieme al calo dell'inflazione, i segnali sono quindi buoni: il potere d'acquisto aumenter\u00e0 non solo nell'anno in corso, ma anche in quello successivo.\u00a0<\/p>\n<p><em>Fonte: <a href=\"http:\/\/www.arbeitgeber.ch\">www.arbeitgeber.ch<\/a><\/em><\/p>","protected":false},"excerpt":{"rendered":"<p>Una nuova analisi dell'Associazione svizzera dei datori di lavoro conclude che \u00e8 probabile un aumento del potere d'acquisto nella tornata salariale del 2024. Questo nonostante la situazione economica sia fragile e le valutazioni delle aziende sulla situazione aziendale tendano a essere leggermente pi\u00f9 cupe. Il calo dell'inflazione sta dando sollievo. <\/p>","protected":false},"author":58,"featured_media":28598,"comment_status":"closed","ping_status":"closed","sticky":false,"template":"","format":"standard","meta":{"_acf_changed":false,"_yoast_wpseo_focuskw":"Reall\u00f6hne","_yoast_wpseo_metadesc":"Eine neue Analyse des Schweizerischen Arbeitgeberverbands kommt zum Schluss, dass im Rahmen der Lohnrunde 2024 ein Kaufkraftanstieg wahrscheinlich ist.","articlekey":"","footnotes":""},"categories":[28],"tags":[3826,310,424,492,2576],"class_list":["post-28597","post","type-post","status-publish","format-standard","has-post-thumbnail","hentry","category-management","tag-inflation","tag-konjunktur","tag-schweiz","tag-unternehmen","tag-wirtschaft"],"acf":[],"yoast_head":"<!-- This site is optimized with the Yoast SEO plugin v27.4 - https:\/\/yoast.com\/product\/yoast-seo-wordpress\/ -->\n<title>Steigende Reall\u00f6hne trotz durchzogener Konjunktur - Organisator<\/title>\n<meta name=\"description\" content=\"Eine neue Analyse des Schweizerischen Arbeitgeberverbands kommt zum Schluss, dass im Rahmen der Lohnrunde 2024 ein Kaufkraftanstieg wahrscheinlich ist.\" \/>\n<meta name=\"robots\" content=\"index, follow, max-snippet:-1, max-image-preview:large, max-video-preview:-1\" \/>\n<link rel=\"canonical\" href=\"https:\/\/www.organisator.ch\/it\/gestione-2\/2024-07-31\/steigende-realloehne-trotz-durchzogener-konjunktur\/\" \/>\n<meta property=\"og:locale\" content=\"it_IT\" \/>\n<meta property=\"og:type\" content=\"article\" \/>\n<meta property=\"og:title\" content=\"Steigende Reall\u00f6hne trotz durchzogener Konjunktur\" \/>\n<meta property=\"og:description\" content=\"Eine neue Analyse des Schweizerischen Arbeitgeberverbands kommt zum Schluss, dass im Rahmen der Lohnrunde 2024 ein Kaufkraftanstieg wahrscheinlich ist.\" \/>\n<meta property=\"og:url\" content=\"https:\/\/www.organisator.ch\/it\/gestione-2\/2024-07-31\/steigende-realloehne-trotz-durchzogener-konjunktur\/\" \/>\n<meta property=\"og:site_name\" content=\"Organisator\" \/>\n<meta property=\"article:publisher\" content=\"https:\/\/www.facebook.com\/OrganisatorFachmagazin\" \/>\n<meta property=\"article:published_time\" content=\"2024-07-31T02:09:23+00:00\" \/>\n<meta property=\"og:image\" content=\"https:\/\/www.organisator.ch\/wp-content\/uploads\/2024\/07\/Arbeitgeberverband_Bild1_ps.jpg\" \/>\n\t<meta property=\"og:image:width\" content=\"680\" \/>\n\t<meta property=\"og:image:height\" content=\"454\" \/>\n\t<meta property=\"og:image:type\" content=\"image\/jpeg\" \/>\n<meta name=\"author\" content=\"Adelisa Kalajdzini\" \/>\n<meta name=\"twitter:card\" content=\"summary_large_image\" \/>\n<meta name=\"twitter:title\" content=\"Steigende Reall\u00f6hne trotz durchzogener Konjunktur\" \/>\n<meta name=\"twitter:description\" content=\"Eine neue #Analyse des #Schweizerischen #Arbeitgeberverbands kommt zum Schluss, dass im Rahmen der #Lohnrunde 2024 ein #Kaufkraftanstieg wahrscheinlich ist.\" \/>\n<meta name=\"twitter:image\" content=\"https:\/\/www.organisator.ch\/wp-content\/uploads\/2024\/07\/Arbeitgeberverband_Bild1_ps.jpg\" \/>\n<script type=\"application\/ld+json\" class=\"yoast-schema-graph\">{\"@context\":\"https:\\\/\\\/schema.org\",\"@graph\":[{\"@type\":\"Article\",\"@id\":\"https:\\\/\\\/www.organisator.ch\\\/management\\\/2024-07-31\\\/steigende-realloehne-trotz-durchzogener-konjunktur\\\/#article\",\"isPartOf\":{\"@id\":\"https:\\\/\\\/www.organisator.ch\\\/management\\\/2024-07-31\\\/steigende-realloehne-trotz-durchzogener-konjunktur\\\/\"},\"author\":{\"name\":\"Adelisa Kalajdzini\",\"@id\":\"https:\\\/\\\/www.organisator.ch\\\/#\\\/schema\\\/person\\\/2e1314a2172123f874db408d8911d3f3\"},\"headline\":\"Steigende Reall\u00f6hne trotz durchzogener Konjunktur\",\"datePublished\":\"2024-07-31T02:09:23+00:00\",\"mainEntityOfPage\":{\"@id\":\"https:\\\/\\\/www.organisator.ch\\\/management\\\/2024-07-31\\\/steigende-realloehne-trotz-durchzogener-konjunktur\\\/\"},\"wordCount\":437,\"publisher\":{\"@id\":\"https:\\\/\\\/www.organisator.ch\\\/#organization\"},\"image\":{\"@id\":\"https:\\\/\\\/www.organisator.ch\\\/management\\\/2024-07-31\\\/steigende-realloehne-trotz-durchzogener-konjunktur\\\/#primaryimage\"},\"thumbnailUrl\":\"https:\\\/\\\/www.organisator.ch\\\/wp-content\\\/uploads\\\/2024\\\/07\\\/Arbeitgeberverband_Bild1_ps.jpg\",\"keywords\":[\"Inflation\",\"Konjunktur\",\"Schweiz\",\"Unternehmen\",\"Wirtschaft\"],\"articleSection\":[\"MANAGEMENT\"],\"inLanguage\":\"it-IT\"},{\"@type\":\"WebPage\",\"@id\":\"https:\\\/\\\/www.organisator.ch\\\/management\\\/2024-07-31\\\/steigende-realloehne-trotz-durchzogener-konjunktur\\\/\",\"url\":\"https:\\\/\\\/www.organisator.ch\\\/management\\\/2024-07-31\\\/steigende-realloehne-trotz-durchzogener-konjunktur\\\/\",\"name\":\"Steigende Reall\u00f6hne trotz durchzogener Konjunktur - Organisator\",\"isPartOf\":{\"@id\":\"https:\\\/\\\/www.organisator.ch\\\/#website\"},\"primaryImageOfPage\":{\"@id\":\"https:\\\/\\\/www.organisator.ch\\\/management\\\/2024-07-31\\\/steigende-realloehne-trotz-durchzogener-konjunktur\\\/#primaryimage\"},\"image\":{\"@id\":\"https:\\\/\\\/www.organisator.ch\\\/management\\\/2024-07-31\\\/steigende-realloehne-trotz-durchzogener-konjunktur\\\/#primaryimage\"},\"thumbnailUrl\":\"https:\\\/\\\/www.organisator.ch\\\/wp-content\\\/uploads\\\/2024\\\/07\\\/Arbeitgeberverband_Bild1_ps.jpg\",\"datePublished\":\"2024-07-31T02:09:23+00:00\",\"description\":\"Eine neue Analyse des Schweizerischen Arbeitgeberverbands kommt zum Schluss, dass im Rahmen der Lohnrunde 2024 ein Kaufkraftanstieg wahrscheinlich ist.\",\"breadcrumb\":{\"@id\":\"https:\\\/\\\/www.organisator.ch\\\/management\\\/2024-07-31\\\/steigende-realloehne-trotz-durchzogener-konjunktur\\\/#breadcrumb\"},\"inLanguage\":\"it-IT\",\"potentialAction\":[{\"@type\":\"ReadAction\",\"target\":[\"https:\\\/\\\/www.organisator.ch\\\/management\\\/2024-07-31\\\/steigende-realloehne-trotz-durchzogener-konjunktur\\\/\"]}]},{\"@type\":\"ImageObject\",\"inLanguage\":\"it-IT\",\"@id\":\"https:\\\/\\\/www.organisator.ch\\\/management\\\/2024-07-31\\\/steigende-realloehne-trotz-durchzogener-konjunktur\\\/#primaryimage\",\"url\":\"https:\\\/\\\/www.organisator.ch\\\/wp-content\\\/uploads\\\/2024\\\/07\\\/Arbeitgeberverband_Bild1_ps.jpg\",\"contentUrl\":\"https:\\\/\\\/www.organisator.ch\\\/wp-content\\\/uploads\\\/2024\\\/07\\\/Arbeitgeberverband_Bild1_ps.jpg\",\"width\":680,\"height\":454,\"caption\":\"Die Schweiz war betroffen von einer im Vergleich mit den Vorjahren deutlich erh\u00f6hten Inflation, die mehrheitlich importiert wurde, und die den Spielraum der Unternehmen f\u00fcr Lohnerh\u00f6hungen stark einschr\u00e4nkte. (Bild: www.depositphotos.com)\"},{\"@type\":\"BreadcrumbList\",\"@id\":\"https:\\\/\\\/www.organisator.ch\\\/management\\\/2024-07-31\\\/steigende-realloehne-trotz-durchzogener-konjunktur\\\/#breadcrumb\",\"itemListElement\":[{\"@type\":\"ListItem\",\"position\":1,\"name\":\"Home\",\"item\":\"https:\\\/\\\/www.organisator.ch\\\/\"},{\"@type\":\"ListItem\",\"position\":2,\"name\":\"Steigende Reall\u00f6hne trotz durchzogener Konjunktur\"}]},{\"@type\":\"WebSite\",\"@id\":\"https:\\\/\\\/www.organisator.ch\\\/#website\",\"url\":\"https:\\\/\\\/www.organisator.ch\\\/\",\"name\":\"Organisator\",\"description\":\"Kompetent. Praxisnah. Der ORGANISATOR bereitet in 10 Ausgaben pro Jahr die wesentlichen Themen f\u00fcr F\u00fchrungskr\u00e4fte von KMU auf.\",\"publisher\":{\"@id\":\"https:\\\/\\\/www.organisator.ch\\\/#organization\"},\"potentialAction\":[{\"@type\":\"SearchAction\",\"target\":{\"@type\":\"EntryPoint\",\"urlTemplate\":\"https:\\\/\\\/www.organisator.ch\\\/?s={search_term_string}\"},\"query-input\":{\"@type\":\"PropertyValueSpecification\",\"valueRequired\":true,\"valueName\":\"search_term_string\"}}],\"inLanguage\":\"it-IT\"},{\"@type\":\"Organization\",\"@id\":\"https:\\\/\\\/www.organisator.ch\\\/#organization\",\"name\":\"Organisator\",\"url\":\"https:\\\/\\\/www.organisator.ch\\\/\",\"logo\":{\"@type\":\"ImageObject\",\"inLanguage\":\"it-IT\",\"@id\":\"https:\\\/\\\/www.organisator.ch\\\/#\\\/schema\\\/logo\\\/image\\\/\",\"url\":\"https:\\\/\\\/www.organisator.ch\\\/wp-content\\\/uploads\\\/2022\\\/01\\\/Logo_Organisator_Website.png\",\"contentUrl\":\"https:\\\/\\\/www.organisator.ch\\\/wp-content\\\/uploads\\\/2022\\\/01\\\/Logo_Organisator_Website.png\",\"width\":800,\"height\":77,\"caption\":\"Organisator\"},\"image\":{\"@id\":\"https:\\\/\\\/www.organisator.ch\\\/#\\\/schema\\\/logo\\\/image\\\/\"},\"sameAs\":[\"https:\\\/\\\/www.facebook.com\\\/OrganisatorFachmagazin\",\"https:\\\/\\\/www.linkedin.com\\\/showcase\\\/organisator-das-magazin-fr-kmu\",\"https:\\\/\\\/www.xing.com\\\/news\\\/pages\\\/organisator-ch-695\",\"https:\\\/\\\/www.youtube.com\\\/channel\\\/UCGP2Sq0iWaZwT3BdIAQFYpw\"]},{\"@type\":\"Person\",\"@id\":\"https:\\\/\\\/www.organisator.ch\\\/#\\\/schema\\\/person\\\/2e1314a2172123f874db408d8911d3f3\",\"name\":\"Adelisa Kalajdzini\",\"image\":{\"@type\":\"ImageObject\",\"inLanguage\":\"it-IT\",\"@id\":\"https:\\\/\\\/secure.gravatar.com\\\/avatar\\\/09a397c22ac58cad6f160ee8306348599df9df58a8ede73696226897b9fa4b24?s=96&d=mm&r=g\",\"url\":\"https:\\\/\\\/secure.gravatar.com\\\/avatar\\\/09a397c22ac58cad6f160ee8306348599df9df58a8ede73696226897b9fa4b24?s=96&d=mm&r=g\",\"contentUrl\":\"https:\\\/\\\/secure.gravatar.com\\\/avatar\\\/09a397c22ac58cad6f160ee8306348599df9df58a8ede73696226897b9fa4b24?s=96&d=mm&r=g\",\"caption\":\"Adelisa Kalajdzini\"},\"url\":\"https:\\\/\\\/www.organisator.ch\\\/it\\\/author\\\/adelisa-kalajdzini\\\/\"}]}<\/script>\n<!-- \/ Yoast SEO plugin. -->","yoast_head_json":{"title":"Salari reali in aumento nonostante l'economia fiacca - Organizzatore","description":"Una nuova analisi dell'Associazione svizzera dei datori di lavoro conclude che \u00e8 probabile un aumento del potere d'acquisto nell'ambito della tornata salariale del 2024.","robots":{"index":"index","follow":"follow","max-snippet":"max-snippet:-1","max-image-preview":"max-image-preview:large","max-video-preview":"max-video-preview:-1"},"canonical":"https:\/\/www.organisator.ch\/it\/gestione-2\/2024-07-31\/steigende-realloehne-trotz-durchzogener-konjunktur\/","og_locale":"it_IT","og_type":"article","og_title":"Steigende Reall\u00f6hne trotz durchzogener Konjunktur","og_description":"Eine neue Analyse des Schweizerischen Arbeitgeberverbands kommt zum Schluss, dass im Rahmen der Lohnrunde 2024 ein Kaufkraftanstieg wahrscheinlich ist.","og_url":"https:\/\/www.organisator.ch\/it\/gestione-2\/2024-07-31\/steigende-realloehne-trotz-durchzogener-konjunktur\/","og_site_name":"Organisator","article_publisher":"https:\/\/www.facebook.com\/OrganisatorFachmagazin","article_published_time":"2024-07-31T02:09:23+00:00","og_image":[{"width":680,"height":454,"url":"https:\/\/www.organisator.ch\/wp-content\/uploads\/2024\/07\/Arbeitgeberverband_Bild1_ps.jpg","type":"image\/jpeg"}],"author":"Adelisa Kalajdzini","twitter_card":"summary_large_image","twitter_title":"Steigende Reall\u00f6hne trotz durchzogener Konjunktur","twitter_description":"Eine neue #Analyse des #Schweizerischen #Arbeitgeberverbands kommt zum Schluss, dass im Rahmen der #Lohnrunde 2024 ein #Kaufkraftanstieg wahrscheinlich ist.","twitter_image":"https:\/\/www.organisator.ch\/wp-content\/uploads\/2024\/07\/Arbeitgeberverband_Bild1_ps.jpg","schema":{"@context":"https:\/\/schema.org","@graph":[{"@type":"Article","@id":"https:\/\/www.organisator.ch\/management\/2024-07-31\/steigende-realloehne-trotz-durchzogener-konjunktur\/#article","isPartOf":{"@id":"https:\/\/www.organisator.ch\/management\/2024-07-31\/steigende-realloehne-trotz-durchzogener-konjunktur\/"},"author":{"name":"Adelisa Kalajdzini","@id":"https:\/\/www.organisator.ch\/#\/schema\/person\/2e1314a2172123f874db408d8911d3f3"},"headline":"Steigende Reall\u00f6hne trotz durchzogener Konjunktur","datePublished":"2024-07-31T02:09:23+00:00","mainEntityOfPage":{"@id":"https:\/\/www.organisator.ch\/management\/2024-07-31\/steigende-realloehne-trotz-durchzogener-konjunktur\/"},"wordCount":437,"publisher":{"@id":"https:\/\/www.organisator.ch\/#organization"},"image":{"@id":"https:\/\/www.organisator.ch\/management\/2024-07-31\/steigende-realloehne-trotz-durchzogener-konjunktur\/#primaryimage"},"thumbnailUrl":"https:\/\/www.organisator.ch\/wp-content\/uploads\/2024\/07\/Arbeitgeberverband_Bild1_ps.jpg","keywords":["Inflation","Konjunktur","Schweiz","Unternehmen","Wirtschaft"],"articleSection":["MANAGEMENT"],"inLanguage":"it-IT"},{"@type":"WebPage","@id":"https:\/\/www.organisator.ch\/management\/2024-07-31\/steigende-realloehne-trotz-durchzogener-konjunktur\/","url":"https:\/\/www.organisator.ch\/management\/2024-07-31\/steigende-realloehne-trotz-durchzogener-konjunktur\/","name":"Salari reali in aumento nonostante l'economia fiacca - Organizzatore","isPartOf":{"@id":"https:\/\/www.organisator.ch\/#website"},"primaryImageOfPage":{"@id":"https:\/\/www.organisator.ch\/management\/2024-07-31\/steigende-realloehne-trotz-durchzogener-konjunktur\/#primaryimage"},"image":{"@id":"https:\/\/www.organisator.ch\/management\/2024-07-31\/steigende-realloehne-trotz-durchzogener-konjunktur\/#primaryimage"},"thumbnailUrl":"https:\/\/www.organisator.ch\/wp-content\/uploads\/2024\/07\/Arbeitgeberverband_Bild1_ps.jpg","datePublished":"2024-07-31T02:09:23+00:00","description":"Una nuova analisi dell'Associazione svizzera dei datori di lavoro conclude che \u00e8 probabile un aumento del potere d'acquisto nell'ambito della tornata salariale del 2024.","breadcrumb":{"@id":"https:\/\/www.organisator.ch\/management\/2024-07-31\/steigende-realloehne-trotz-durchzogener-konjunktur\/#breadcrumb"},"inLanguage":"it-IT","potentialAction":[{"@type":"ReadAction","target":["https:\/\/www.organisator.ch\/management\/2024-07-31\/steigende-realloehne-trotz-durchzogener-konjunktur\/"]}]},{"@type":"ImageObject","inLanguage":"it-IT","@id":"https:\/\/www.organisator.ch\/management\/2024-07-31\/steigende-realloehne-trotz-durchzogener-konjunktur\/#primaryimage","url":"https:\/\/www.organisator.ch\/wp-content\/uploads\/2024\/07\/Arbeitgeberverband_Bild1_ps.jpg","contentUrl":"https:\/\/www.organisator.ch\/wp-content\/uploads\/2024\/07\/Arbeitgeberverband_Bild1_ps.jpg","width":680,"height":454,"caption":"Die Schweiz war betroffen von einer im Vergleich mit den Vorjahren deutlich erh\u00f6hten Inflation, die mehrheitlich importiert wurde, und die den Spielraum der Unternehmen f\u00fcr Lohnerh\u00f6hungen stark einschr\u00e4nkte. (Bild: www.depositphotos.com)"},{"@type":"BreadcrumbList","@id":"https:\/\/www.organisator.ch\/management\/2024-07-31\/steigende-realloehne-trotz-durchzogener-konjunktur\/#breadcrumb","itemListElement":[{"@type":"ListItem","position":1,"name":"Home","item":"https:\/\/www.organisator.ch\/"},{"@type":"ListItem","position":2,"name":"Steigende Reall\u00f6hne trotz durchzogener Konjunktur"}]},{"@type":"WebSite","@id":"https:\/\/www.organisator.ch\/#website","url":"https:\/\/www.organisator.ch\/","name":"Organizzatore","description":"Competente. Pratico. In 10 numeri all'anno, ORGANISATOR presenta i temi essenziali per i manager delle PMI.","publisher":{"@id":"https:\/\/www.organisator.ch\/#organization"},"potentialAction":[{"@type":"SearchAction","target":{"@type":"EntryPoint","urlTemplate":"https:\/\/www.organisator.ch\/?s={search_term_string}"},"query-input":{"@type":"PropertyValueSpecification","valueRequired":true,"valueName":"search_term_string"}}],"inLanguage":"it-IT"},{"@type":"Organization","@id":"https:\/\/www.organisator.ch\/#organization","name":"Organizzatore","url":"https:\/\/www.organisator.ch\/","logo":{"@type":"ImageObject","inLanguage":"it-IT","@id":"https:\/\/www.organisator.ch\/#\/schema\/logo\/image\/","url":"https:\/\/www.organisator.ch\/wp-content\/uploads\/2022\/01\/Logo_Organisator_Website.png","contentUrl":"https:\/\/www.organisator.ch\/wp-content\/uploads\/2022\/01\/Logo_Organisator_Website.png","width":800,"height":77,"caption":"Organisator"},"image":{"@id":"https:\/\/www.organisator.ch\/#\/schema\/logo\/image\/"},"sameAs":["https:\/\/www.facebook.com\/OrganisatorFachmagazin","https:\/\/www.linkedin.com\/showcase\/organisator-das-magazin-fr-kmu","https:\/\/www.xing.com\/news\/pages\/organisator-ch-695","https:\/\/www.youtube.com\/channel\/UCGP2Sq0iWaZwT3BdIAQFYpw"]},{"@type":"Person","@id":"https:\/\/www.organisator.ch\/#\/schema\/person\/2e1314a2172123f874db408d8911d3f3","name":"Adelisa Kalajdzini","image":{"@type":"ImageObject","inLanguage":"it-IT","@id":"https:\/\/secure.gravatar.com\/avatar\/09a397c22ac58cad6f160ee8306348599df9df58a8ede73696226897b9fa4b24?s=96&d=mm&r=g","url":"https:\/\/secure.gravatar.com\/avatar\/09a397c22ac58cad6f160ee8306348599df9df58a8ede73696226897b9fa4b24?s=96&d=mm&r=g","contentUrl":"https:\/\/secure.gravatar.com\/avatar\/09a397c22ac58cad6f160ee8306348599df9df58a8ede73696226897b9fa4b24?s=96&d=mm&r=g","caption":"Adelisa Kalajdzini"},"url":"https:\/\/www.organisator.ch\/it\/author\/adelisa-kalajdzini\/"}]}},"_links":{"self":[{"href":"https:\/\/www.organisator.ch\/it\/wp-json\/wp\/v2\/posts\/28597","targetHints":{"allow":["GET"]}}],"collection":[{"href":"https:\/\/www.organisator.ch\/it\/wp-json\/wp\/v2\/posts"}],"about":[{"href":"https:\/\/www.organisator.ch\/it\/wp-json\/wp\/v2\/types\/post"}],"author":[{"embeddable":true,"href":"https:\/\/www.organisator.ch\/it\/wp-json\/wp\/v2\/users\/58"}],"replies":[{"embeddable":true,"href":"https:\/\/www.organisator.ch\/it\/wp-json\/wp\/v2\/comments?post=28597"}],"version-history":[{"count":3,"href":"https:\/\/www.organisator.ch\/it\/wp-json\/wp\/v2\/posts\/28597\/revisions"}],"predecessor-version":[{"id":28612,"href":"https:\/\/www.organisator.ch\/it\/wp-json\/wp\/v2\/posts\/28597\/revisions\/28612"}],"wp:featuredmedia":[{"embeddable":true,"href":"https:\/\/www.organisator.ch\/it\/wp-json\/wp\/v2\/media\/28598"}],"wp:attachment":[{"href":"https:\/\/www.organisator.ch\/it\/wp-json\/wp\/v2\/media?parent=28597"}],"wp:term":[{"taxonomy":"category","embeddable":true,"href":"https:\/\/www.organisator.ch\/it\/wp-json\/wp\/v2\/categories?post=28597"},{"taxonomy":"post_tag","embeddable":true,"href":"https:\/\/www.organisator.ch\/it\/wp-json\/wp\/v2\/tags?post=28597"}],"curies":[{"name":"wp","href":"https:\/\/api.w.org\/{rel}","templated":true}]}}