{"id":28624,"date":"2024-08-05T09:03:20","date_gmt":"2024-08-05T07:03:20","guid":{"rendered":"https:\/\/www.organisator.ch\/?p=28624"},"modified":"2024-08-05T09:03:20","modified_gmt":"2024-08-05T07:03:20","slug":"deglobalisierung-als-gebot-der-stunde","status":"publish","type":"post","link":"https:\/\/www.organisator.ch\/it\/management\/2024-08-05\/deglobalisierung-als-gebot-der-stunde\/","title":{"rendered":"La deglobalizzazione \u00e8 all'ordine del giorno"},"content":{"rendered":"<figure id=\"attachment_28625\" aria-describedby=\"caption-attachment-28625\" style=\"width: 680px\" class=\"wp-caption alignnone\"><img loading=\"lazy\" decoding=\"async\" class=\"size-full wp-image-28625\" src=\"https:\/\/www.organisator.ch\/wp-content\/uploads\/2024\/08\/Deglobalisierung-als-Gebot-der-Stunde_Organisator.jpg\" alt=\"\" width=\"680\" height=\"508\" srcset=\"https:\/\/www.organisator.ch\/wp-content\/uploads\/2024\/08\/Deglobalisierung-als-Gebot-der-Stunde_Organisator.jpg 680w, https:\/\/www.organisator.ch\/wp-content\/uploads\/2024\/08\/Deglobalisierung-als-Gebot-der-Stunde_Organisator-16x12.jpg 16w, https:\/\/www.organisator.ch\/wp-content\/uploads\/2024\/08\/Deglobalisierung-als-Gebot-der-Stunde_Organisator-375x280.jpg 375w, https:\/\/www.organisator.ch\/wp-content\/uploads\/2024\/08\/Deglobalisierung-als-Gebot-der-Stunde_Organisator-469x350.jpg 469w\" sizes=\"auto, (max-width: 680px) 100vw, 680px\" \/><figcaption id=\"caption-attachment-28625\" class=\"wp-caption-text\">Jane Enny van Lambalgen \u00e8 socio fondatore e amministratore delegato di Planet Industrial Excellence e membro di United Interim, la principale comunit\u00e0 di interim manager nei Paesi di lingua tedesca, e del Diplomatic Council, un think tank globale con status consultivo presso le Nazioni Unite (ONU). Ritiene che il trasporto di merci attraverso i continenti sia obsoleto e chiede una deglobalizzazione. (Immagine: zVg \/ Planet Industrial Excellence)<\/figcaption><\/figure>\n<p>Quando si tratta di approvvigionamento, produzione e logistica, le aziende dovrebbero evitare il pi\u00f9 possibile tutti i concetti basati sullo scambio intercontinentale di merci su larga scala, raccomanda Jane Enny van Lambalgen, CEO della societ\u00e0 di consulenza e gestione Planet Industrial Excellence. L'esperta cita \"le tensioni geopolitiche che possono interrompere le catene di approvvigionamento in modo incontrollato in qualsiasi momento, nonch\u00e9 l'aumento dei costi di trasporto\". \u00c8 \"all'ordine del giorno dire addio all'eccessiva distribuzione globale di manodopera e merci attraverso i continenti\".<\/p>\n<h3>Un ritorno al principio di regionalit\u00e0\u00a0<\/h3>\n<p>\"In un'economia mondiale globalizzata, \u00e8 difficile tornare al principio della regionalit\u00e0\", ammette Jane Enny van Lambalgen. Ma sottolinea: \"Se l'intera produzione in Europa e in America dipende da alcune parti o sottofasi in Asia, ci\u00f2 significa anche che qualsiasi conflitto in Asia o nei Paesi asiatici interessati o sulle vie di trasporto potrebbe potenzialmente paralizzare l'intera azienda\".\u00a0<\/p>\n<p>L'amministratore delegato di Planet Industrial Excellence ammette che non si pu\u00f2 ignorare il vantaggio di costo del 30-70% spesso citato per la produzione in Asia, a seconda del settore e dei prodotti. Ma \"di fronte al rischio di un blocco totale della produzione, attenersi alle categorie di costo non rende giustizia all'attuale situazione globale\", afferma.<\/p>\n<h3>Approccio a due fasi: prima l'approvvigionamento, poi la produzione<\/h3>\n<p>Jane Enny van Lambalgen consiglia alle aziende di adottare un approccio in due fasi per ottenere una maggiore indipendenza dalle crescenti tensioni geopolitiche. Nella prima fase, l'approvvigionamento dovrebbe essere organizzato in modo tale da avere almeno due fornitori per ogni prodotto primario, distribuiti in diversi continenti.\u00a0<\/p>\n<p>\"Questo comporta enormi sfide per le aziende manifatturiere di medie dimensioni\", afferma l'amministratore delegato, che ha avuto modo di constatare numerosi progetti. \"Tuttavia, le aziende fanno bene a fare questo primo passo rapidamente, prima che le cose esplodano di nuovo da qualche parte nel mondo\", afferma con disinvoltura. Jane Enny van Lambalgen spiega: \"Oltre agli ovvi conflitti nella triade delle grandi potenze USA, Cina e Russia, che a loro volta ospitano numerosi conflitti per procura, ci sono molti altri pericoli in agguato in tutto il mondo, ad esempio le organizzazioni terroristiche, di cui nessun leader aziendale pu\u00f2 prevedere gli effetti. Gli amministratori delegati intelligenti mettono quindi in cima alla loro agenda la deglobalizzazione, nel senso di produrre dove si trovano i clienti dell'azienda\".<\/p>\n<h3>Attenzione alla trappola della catena di fornitura<\/h3>\n<p>Jane Enny van Lambalgen mette in guardia dalla \"trappola della catena di approvvigionamento\" nella lotta per una maggiore indipendenza: \"Non serve a nulla affidarsi a un fornitore in Europa per uno stabilimento europeo che a sua volta dipende da prodotti primari asiatici\", afferma, facendo un esempio concreto.\u00a0<\/p>\n<p>Consiglia alle aziende di utilizzare il tempo e gli sforzi gi\u00e0 richiesti dalle attuali normative europee sulla catena di fornitura non solo per fornire la prova di sostenibilit\u00e0 richiesta dalla legge, ma anche per analizzare la resilienza della catena di fornitura di fronte alle tensioni geopolitiche. \"Per la catena di fornitura vale lo stesso discorso di qualsiasi altra catena: \u00e8 durevole solo quanto il suo anello pi\u00f9 debole\", sottolinea il CEO, \"un'ovviet\u00e0 che spesso riceve troppa poca attenzione nel management\".<\/p>\n<h3>Esempi positivi da Bosch a Hugo Boss<\/h3>\n<p>In una seconda fase, la riduzione delle dipendenze globali dovrebbe essere estesa oltre l'approvvigionamento ai siti di produzione. \"Ci\u00f2 che viene venduto in America dovrebbe essere prodotto in America. Ci\u00f2 che viene venduto in Europa dovrebbe essere venduto in Europa\", riassume Jane Enny van Lambalgen. A suo avviso, il recente aumento delle delocalizzazioni della produzione dalla Germania alla Polonia o ad altri Paesi dell'Europa orientale \u00e8 \"economicamente acritico e spesso sensato\". Cita Bosch, Miele, Viessmann \"e molte altre PMI e aziende\" come esempi di aziende che hanno delocalizzato con successo nei Paesi vicini.<\/p>\n<p>\"Tuttavia, la creazione di uno stabilimento di produzione in Asia ha senso, attualmente e probabilmente nel prossimo futuro, solo se i prodotti fabbricati in Asia sono venduti principalmente in Asia\", afferma l'esperta, fornendo chiare linee guida per la deglobalizzazione. Al contrario, consiglia di riportare in Europa, per quanto possibile, le linee di produzione dall'Asia. \"Questo non deve necessariamente avvenire con la creazione di propri impianti di produzione europei. L'esternalizzazione a produttori a contratto con produzione europea \u00e8 un'alternativa valida\", chiarisce l'esperta, \"purch\u00e9 ci si assicuri che il produttore a contratto non rimanga intrappolato nella trappola della catena di fornitura\". Cita l'approccio adottato dal gruppo di moda Hugo Boss come un buon esempio di questo modello.<\/p>\n<h3>Ostacolo principale: il pensiero di casta nelle categorie di costo<\/h3>\n<p>Jane Enny van Lambalgen descrive il \"pensiero di casta nelle categorie di costo\" in ampi settori dell'economia come un ostacolo importante al rafforzamento della resilienza attraverso la deglobalizzazione. L'autrice ammette i \"cost rider nella gestione\": \"\u00c8 ovvio che qui e ora \u00e8 pi\u00f9 economico rifornirsi di prodotti primari dall'Asia o gestire un impianto di produzione l\u00ec piuttosto che in Europa, ad esempio. Tuttavia, il rischio associato a questa dipendenza \u00e8 in costante aumento e sta diventando sempre pi\u00f9 incalcolabile\". Ci\u00f2 vale a maggior ragione per la protezione di competenze specifiche come il software, sottolinea l'esperta.<\/p>\n<h3>La prossima corona potrebbe essere Taiwan<\/h3>\n<p>Jane Enny von Lambalgen \u00e8 sorpresa: \"In molti dipartimenti di gestione, le lezioni apprese dal coronavirus sono chiaramente gi\u00e0 svanite. Ma bisogna rendersene conto: Corona pu\u00f2 tornare in qualsiasi momento, solo che questa volta potrebbe chiamarsi Taiwan\". L'autrice elogia il trasferimento della media impresa tedesca Stihl in Svizzera come una \"misura intelligente\". \"Un buon esempio di fuga dall'eccessiva regolamentazione dell'UE e dall'aumento dei costi operativi della produzione in Germania\", \u00e8 il giudizio di Jane Enny van Lambalgen.<\/p>\n<p><em>Ulteriori informazioni: <a href=\"http:\/\/www.planetie.ch\" target=\"_blank\" rel=\"noopener\">www.planetie.ch<\/a>\u00a0e <a href=\"http:\/\/www.diplomatic-council.org\/vanlambalgen\" target=\"_blank\" rel=\"noopener\">www.diplomatic-council.org\/vanlambalgen<\/a><\/em><\/p>","protected":false},"excerpt":{"rendered":"<p>Il trasporto di merci su larga scala attraverso i continenti non \u00e8 pi\u00f9 appropriato alla luce delle crescenti tensioni geopolitiche, afferma l'esperta di business Jane Enny van Lambalgen, socio fondatore e amministratore delegato di Planet Industrial Excellence. Consiglia quindi la deglobalizzazione.<\/p>","protected":false},"author":4,"featured_media":28625,"comment_status":"closed","ping_status":"closed","sticky":false,"template":"","format":"standard","meta":{"_acf_changed":false,"_yoast_wpseo_focuskw":"Deglobalisierung","_yoast_wpseo_metadesc":"Wirtschafts-Experting Jane Enny van Lambalgen von der Firma Planet Industrial Excellence ruft zur Deglobalisierung auf.","articlekey":"","footnotes":""},"categories":[28],"tags":[4325,335,462,2861],"class_list":["post-28624","post","type-post","status-publish","format-standard","has-post-thumbnail","hentry","category-management","tag-deglobalisierung","tag-management-und-unternehmensfuehrung","tag-supply-chain-management","tag-weltwirtschaft"],"acf":[],"yoast_head":"<!-- This site is optimized with the Yoast SEO plugin v27.5 - https:\/\/yoast.com\/product\/yoast-seo-wordpress\/ -->\n<title>Deglobalisierung als Gebot der Stunde - Organisator<\/title>\n<meta name=\"description\" content=\"Wirtschafts-Experting Jane Enny van Lambalgen von der Firma Planet Industrial Excellence ruft zur Deglobalisierung auf.\" \/>\n<meta name=\"robots\" content=\"index, follow, max-snippet:-1, max-image-preview:large, max-video-preview:-1\" \/>\n<link rel=\"canonical\" href=\"https:\/\/www.organisator.ch\/it\/gestione-2\/2024-08-05\/deglobalisierung-als-gebot-der-stunde\/\" \/>\n<meta property=\"og:locale\" content=\"it_IT\" \/>\n<meta property=\"og:type\" content=\"article\" \/>\n<meta property=\"og:title\" content=\"Deglobalisierung als Gebot der Stunde - Organisator\" \/>\n<meta property=\"og:description\" content=\"Wirtschafts-Experting Jane Enny van Lambalgen von der Firma Planet Industrial Excellence ruft zur Deglobalisierung auf.\" \/>\n<meta property=\"og:url\" content=\"https:\/\/www.organisator.ch\/it\/gestione-2\/2024-08-05\/deglobalisierung-als-gebot-der-stunde\/\" \/>\n<meta property=\"og:site_name\" content=\"Organisator\" \/>\n<meta property=\"article:publisher\" content=\"https:\/\/www.facebook.com\/OrganisatorFachmagazin\" \/>\n<meta property=\"article:published_time\" content=\"2024-08-05T07:03:20+00:00\" \/>\n<meta property=\"og:image\" content=\"https:\/\/www.organisator.ch\/wp-content\/uploads\/2024\/08\/Deglobalisierung-als-Gebot-der-Stunde_Organisator.jpg\" \/>\n\t<meta property=\"og:image:width\" content=\"680\" \/>\n\t<meta property=\"og:image:height\" content=\"508\" \/>\n\t<meta property=\"og:image:type\" content=\"image\/jpeg\" \/>\n<meta name=\"author\" content=\"thomas.berner\" \/>\n<meta name=\"twitter:card\" content=\"summary_large_image\" \/>\n<script type=\"application\/ld+json\" class=\"yoast-schema-graph\">{\"@context\":\"https:\\\/\\\/schema.org\",\"@graph\":[{\"@type\":\"Article\",\"@id\":\"https:\\\/\\\/www.organisator.ch\\\/management\\\/2024-08-05\\\/deglobalisierung-als-gebot-der-stunde\\\/#article\",\"isPartOf\":{\"@id\":\"https:\\\/\\\/www.organisator.ch\\\/management\\\/2024-08-05\\\/deglobalisierung-als-gebot-der-stunde\\\/\"},\"author\":{\"name\":\"thomas.berner\",\"@id\":\"https:\\\/\\\/www.organisator.ch\\\/#\\\/schema\\\/person\\\/6f650f90b2842cd4c0cc334b4e36f67e\"},\"headline\":\"Deglobalisierung als Gebot der Stunde\",\"datePublished\":\"2024-08-05T07:03:20+00:00\",\"mainEntityOfPage\":{\"@id\":\"https:\\\/\\\/www.organisator.ch\\\/management\\\/2024-08-05\\\/deglobalisierung-als-gebot-der-stunde\\\/\"},\"wordCount\":996,\"publisher\":{\"@id\":\"https:\\\/\\\/www.organisator.ch\\\/#organization\"},\"image\":{\"@id\":\"https:\\\/\\\/www.organisator.ch\\\/management\\\/2024-08-05\\\/deglobalisierung-als-gebot-der-stunde\\\/#primaryimage\"},\"thumbnailUrl\":\"https:\\\/\\\/www.organisator.ch\\\/wp-content\\\/uploads\\\/2024\\\/08\\\/Deglobalisierung-als-Gebot-der-Stunde_Organisator.jpg\",\"keywords\":[\"Deglobalisierung\",\"Management und Unternehmensf\u00fchrung\",\"Supply Chain Management\",\"Weltwirtschaft\"],\"articleSection\":[\"MANAGEMENT\"],\"inLanguage\":\"it-IT\"},{\"@type\":\"WebPage\",\"@id\":\"https:\\\/\\\/www.organisator.ch\\\/management\\\/2024-08-05\\\/deglobalisierung-als-gebot-der-stunde\\\/\",\"url\":\"https:\\\/\\\/www.organisator.ch\\\/management\\\/2024-08-05\\\/deglobalisierung-als-gebot-der-stunde\\\/\",\"name\":\"Deglobalisierung als Gebot der Stunde - Organisator\",\"isPartOf\":{\"@id\":\"https:\\\/\\\/www.organisator.ch\\\/#website\"},\"primaryImageOfPage\":{\"@id\":\"https:\\\/\\\/www.organisator.ch\\\/management\\\/2024-08-05\\\/deglobalisierung-als-gebot-der-stunde\\\/#primaryimage\"},\"image\":{\"@id\":\"https:\\\/\\\/www.organisator.ch\\\/management\\\/2024-08-05\\\/deglobalisierung-als-gebot-der-stunde\\\/#primaryimage\"},\"thumbnailUrl\":\"https:\\\/\\\/www.organisator.ch\\\/wp-content\\\/uploads\\\/2024\\\/08\\\/Deglobalisierung-als-Gebot-der-Stunde_Organisator.jpg\",\"datePublished\":\"2024-08-05T07:03:20+00:00\",\"description\":\"Wirtschafts-Experting Jane Enny van Lambalgen von der Firma Planet Industrial Excellence ruft zur Deglobalisierung auf.\",\"breadcrumb\":{\"@id\":\"https:\\\/\\\/www.organisator.ch\\\/management\\\/2024-08-05\\\/deglobalisierung-als-gebot-der-stunde\\\/#breadcrumb\"},\"inLanguage\":\"it-IT\",\"potentialAction\":[{\"@type\":\"ReadAction\",\"target\":[\"https:\\\/\\\/www.organisator.ch\\\/management\\\/2024-08-05\\\/deglobalisierung-als-gebot-der-stunde\\\/\"]}]},{\"@type\":\"ImageObject\",\"inLanguage\":\"it-IT\",\"@id\":\"https:\\\/\\\/www.organisator.ch\\\/management\\\/2024-08-05\\\/deglobalisierung-als-gebot-der-stunde\\\/#primaryimage\",\"url\":\"https:\\\/\\\/www.organisator.ch\\\/wp-content\\\/uploads\\\/2024\\\/08\\\/Deglobalisierung-als-Gebot-der-Stunde_Organisator.jpg\",\"contentUrl\":\"https:\\\/\\\/www.organisator.ch\\\/wp-content\\\/uploads\\\/2024\\\/08\\\/Deglobalisierung-als-Gebot-der-Stunde_Organisator.jpg\",\"width\":680,\"height\":508,\"caption\":\"Jane Enny van Lambalgen ist Founding Partner und Gesch\u00e4ftsf\u00fchrerin der Firma Planet Industrial Excellence sowie Mitglied bei United Interim, der f\u00fchrenden Community f\u00fcr Interim Manager im deutschsprachigen Raum, und im Diplomatic Council, einer globalen Denkfabrik mit Beraterstatus bei den Vereinten Nationen (UNO). Sie h\u00e4lt den G\u00fctertransport \u00fcber Kontinenten hinweg f\u00fcr \u00fcberholt und ruft zur Deglobalisierung auf. (Bild: zVg \\\/ Planet Industrial Excellence)\"},{\"@type\":\"BreadcrumbList\",\"@id\":\"https:\\\/\\\/www.organisator.ch\\\/management\\\/2024-08-05\\\/deglobalisierung-als-gebot-der-stunde\\\/#breadcrumb\",\"itemListElement\":[{\"@type\":\"ListItem\",\"position\":1,\"name\":\"Home\",\"item\":\"https:\\\/\\\/www.organisator.ch\\\/\"},{\"@type\":\"ListItem\",\"position\":2,\"name\":\"Deglobalisierung als Gebot der Stunde\"}]},{\"@type\":\"WebSite\",\"@id\":\"https:\\\/\\\/www.organisator.ch\\\/#website\",\"url\":\"https:\\\/\\\/www.organisator.ch\\\/\",\"name\":\"Organisator\",\"description\":\"Kompetent. Praxisnah. Der ORGANISATOR bereitet in 10 Ausgaben pro Jahr die wesentlichen Themen f\u00fcr F\u00fchrungskr\u00e4fte von KMU auf.\",\"publisher\":{\"@id\":\"https:\\\/\\\/www.organisator.ch\\\/#organization\"},\"potentialAction\":[{\"@type\":\"SearchAction\",\"target\":{\"@type\":\"EntryPoint\",\"urlTemplate\":\"https:\\\/\\\/www.organisator.ch\\\/?s={search_term_string}\"},\"query-input\":{\"@type\":\"PropertyValueSpecification\",\"valueRequired\":true,\"valueName\":\"search_term_string\"}}],\"inLanguage\":\"it-IT\"},{\"@type\":\"Organization\",\"@id\":\"https:\\\/\\\/www.organisator.ch\\\/#organization\",\"name\":\"Organisator\",\"url\":\"https:\\\/\\\/www.organisator.ch\\\/\",\"logo\":{\"@type\":\"ImageObject\",\"inLanguage\":\"it-IT\",\"@id\":\"https:\\\/\\\/www.organisator.ch\\\/#\\\/schema\\\/logo\\\/image\\\/\",\"url\":\"https:\\\/\\\/www.organisator.ch\\\/wp-content\\\/uploads\\\/2022\\\/01\\\/Logo_Organisator_Website.png\",\"contentUrl\":\"https:\\\/\\\/www.organisator.ch\\\/wp-content\\\/uploads\\\/2022\\\/01\\\/Logo_Organisator_Website.png\",\"width\":800,\"height\":77,\"caption\":\"Organisator\"},\"image\":{\"@id\":\"https:\\\/\\\/www.organisator.ch\\\/#\\\/schema\\\/logo\\\/image\\\/\"},\"sameAs\":[\"https:\\\/\\\/www.facebook.com\\\/OrganisatorFachmagazin\",\"https:\\\/\\\/www.linkedin.com\\\/showcase\\\/organisator-das-magazin-fr-kmu\",\"https:\\\/\\\/www.xing.com\\\/news\\\/pages\\\/organisator-ch-695\",\"https:\\\/\\\/www.youtube.com\\\/channel\\\/UCGP2Sq0iWaZwT3BdIAQFYpw\"]},{\"@type\":\"Person\",\"@id\":\"https:\\\/\\\/www.organisator.ch\\\/#\\\/schema\\\/person\\\/6f650f90b2842cd4c0cc334b4e36f67e\",\"name\":\"thomas.berner\",\"image\":{\"@type\":\"ImageObject\",\"inLanguage\":\"it-IT\",\"@id\":\"https:\\\/\\\/secure.gravatar.com\\\/avatar\\\/ac5001d2a36cb6c6cd3e50789007ffca834b477b74a2144564522e944eabff61?s=96&d=mm&r=g\",\"url\":\"https:\\\/\\\/secure.gravatar.com\\\/avatar\\\/ac5001d2a36cb6c6cd3e50789007ffca834b477b74a2144564522e944eabff61?s=96&d=mm&r=g\",\"contentUrl\":\"https:\\\/\\\/secure.gravatar.com\\\/avatar\\\/ac5001d2a36cb6c6cd3e50789007ffca834b477b74a2144564522e944eabff61?s=96&d=mm&r=g\",\"caption\":\"thomas.berner\"},\"url\":\"https:\\\/\\\/www.organisator.ch\\\/it\\\/author\\\/thomas-berner\\\/\"}]}<\/script>\n<!-- \/ Yoast SEO plugin. -->","yoast_head_json":{"title":"La deglobalizzazione \u00e8 all'ordine del giorno - Organizzatore","description":"L'esperta di business Jane Enny van Lambalgen di Planet Industrial Excellence chiede la deglobalizzazione.","robots":{"index":"index","follow":"follow","max-snippet":"max-snippet:-1","max-image-preview":"max-image-preview:large","max-video-preview":"max-video-preview:-1"},"canonical":"https:\/\/www.organisator.ch\/it\/gestione-2\/2024-08-05\/deglobalisierung-als-gebot-der-stunde\/","og_locale":"it_IT","og_type":"article","og_title":"Deglobalisierung als Gebot der Stunde - Organisator","og_description":"Wirtschafts-Experting Jane Enny van Lambalgen von der Firma Planet Industrial Excellence ruft zur Deglobalisierung auf.","og_url":"https:\/\/www.organisator.ch\/it\/gestione-2\/2024-08-05\/deglobalisierung-als-gebot-der-stunde\/","og_site_name":"Organisator","article_publisher":"https:\/\/www.facebook.com\/OrganisatorFachmagazin","article_published_time":"2024-08-05T07:03:20+00:00","og_image":[{"width":680,"height":508,"url":"https:\/\/www.organisator.ch\/wp-content\/uploads\/2024\/08\/Deglobalisierung-als-Gebot-der-Stunde_Organisator.jpg","type":"image\/jpeg"}],"author":"thomas.berner","twitter_card":"summary_large_image","schema":{"@context":"https:\/\/schema.org","@graph":[{"@type":"Article","@id":"https:\/\/www.organisator.ch\/management\/2024-08-05\/deglobalisierung-als-gebot-der-stunde\/#article","isPartOf":{"@id":"https:\/\/www.organisator.ch\/management\/2024-08-05\/deglobalisierung-als-gebot-der-stunde\/"},"author":{"name":"thomas.berner","@id":"https:\/\/www.organisator.ch\/#\/schema\/person\/6f650f90b2842cd4c0cc334b4e36f67e"},"headline":"Deglobalisierung als Gebot der Stunde","datePublished":"2024-08-05T07:03:20+00:00","mainEntityOfPage":{"@id":"https:\/\/www.organisator.ch\/management\/2024-08-05\/deglobalisierung-als-gebot-der-stunde\/"},"wordCount":996,"publisher":{"@id":"https:\/\/www.organisator.ch\/#organization"},"image":{"@id":"https:\/\/www.organisator.ch\/management\/2024-08-05\/deglobalisierung-als-gebot-der-stunde\/#primaryimage"},"thumbnailUrl":"https:\/\/www.organisator.ch\/wp-content\/uploads\/2024\/08\/Deglobalisierung-als-Gebot-der-Stunde_Organisator.jpg","keywords":["Deglobalisierung","Management und Unternehmensf\u00fchrung","Supply Chain Management","Weltwirtschaft"],"articleSection":["MANAGEMENT"],"inLanguage":"it-IT"},{"@type":"WebPage","@id":"https:\/\/www.organisator.ch\/management\/2024-08-05\/deglobalisierung-als-gebot-der-stunde\/","url":"https:\/\/www.organisator.ch\/management\/2024-08-05\/deglobalisierung-als-gebot-der-stunde\/","name":"La deglobalizzazione \u00e8 all'ordine del giorno - Organizzatore","isPartOf":{"@id":"https:\/\/www.organisator.ch\/#website"},"primaryImageOfPage":{"@id":"https:\/\/www.organisator.ch\/management\/2024-08-05\/deglobalisierung-als-gebot-der-stunde\/#primaryimage"},"image":{"@id":"https:\/\/www.organisator.ch\/management\/2024-08-05\/deglobalisierung-als-gebot-der-stunde\/#primaryimage"},"thumbnailUrl":"https:\/\/www.organisator.ch\/wp-content\/uploads\/2024\/08\/Deglobalisierung-als-Gebot-der-Stunde_Organisator.jpg","datePublished":"2024-08-05T07:03:20+00:00","description":"L'esperta di business Jane Enny van Lambalgen di Planet Industrial Excellence chiede la deglobalizzazione.","breadcrumb":{"@id":"https:\/\/www.organisator.ch\/management\/2024-08-05\/deglobalisierung-als-gebot-der-stunde\/#breadcrumb"},"inLanguage":"it-IT","potentialAction":[{"@type":"ReadAction","target":["https:\/\/www.organisator.ch\/management\/2024-08-05\/deglobalisierung-als-gebot-der-stunde\/"]}]},{"@type":"ImageObject","inLanguage":"it-IT","@id":"https:\/\/www.organisator.ch\/management\/2024-08-05\/deglobalisierung-als-gebot-der-stunde\/#primaryimage","url":"https:\/\/www.organisator.ch\/wp-content\/uploads\/2024\/08\/Deglobalisierung-als-Gebot-der-Stunde_Organisator.jpg","contentUrl":"https:\/\/www.organisator.ch\/wp-content\/uploads\/2024\/08\/Deglobalisierung-als-Gebot-der-Stunde_Organisator.jpg","width":680,"height":508,"caption":"Jane Enny van Lambalgen ist Founding Partner und Gesch\u00e4ftsf\u00fchrerin der Firma Planet Industrial Excellence sowie Mitglied bei United Interim, der f\u00fchrenden Community f\u00fcr Interim Manager im deutschsprachigen Raum, und im Diplomatic Council, einer globalen Denkfabrik mit Beraterstatus bei den Vereinten Nationen (UNO). Sie h\u00e4lt den G\u00fctertransport \u00fcber Kontinenten hinweg f\u00fcr \u00fcberholt und ruft zur Deglobalisierung auf. (Bild: zVg \/ Planet Industrial Excellence)"},{"@type":"BreadcrumbList","@id":"https:\/\/www.organisator.ch\/management\/2024-08-05\/deglobalisierung-als-gebot-der-stunde\/#breadcrumb","itemListElement":[{"@type":"ListItem","position":1,"name":"Home","item":"https:\/\/www.organisator.ch\/"},{"@type":"ListItem","position":2,"name":"Deglobalisierung als Gebot der Stunde"}]},{"@type":"WebSite","@id":"https:\/\/www.organisator.ch\/#website","url":"https:\/\/www.organisator.ch\/","name":"Organizzatore","description":"Competente. Pratico. In 10 numeri all'anno, ORGANISATOR presenta i temi essenziali per i manager delle PMI.","publisher":{"@id":"https:\/\/www.organisator.ch\/#organization"},"potentialAction":[{"@type":"SearchAction","target":{"@type":"EntryPoint","urlTemplate":"https:\/\/www.organisator.ch\/?s={search_term_string}"},"query-input":{"@type":"PropertyValueSpecification","valueRequired":true,"valueName":"search_term_string"}}],"inLanguage":"it-IT"},{"@type":"Organization","@id":"https:\/\/www.organisator.ch\/#organization","name":"Organizzatore","url":"https:\/\/www.organisator.ch\/","logo":{"@type":"ImageObject","inLanguage":"it-IT","@id":"https:\/\/www.organisator.ch\/#\/schema\/logo\/image\/","url":"https:\/\/www.organisator.ch\/wp-content\/uploads\/2022\/01\/Logo_Organisator_Website.png","contentUrl":"https:\/\/www.organisator.ch\/wp-content\/uploads\/2022\/01\/Logo_Organisator_Website.png","width":800,"height":77,"caption":"Organisator"},"image":{"@id":"https:\/\/www.organisator.ch\/#\/schema\/logo\/image\/"},"sameAs":["https:\/\/www.facebook.com\/OrganisatorFachmagazin","https:\/\/www.linkedin.com\/showcase\/organisator-das-magazin-fr-kmu","https:\/\/www.xing.com\/news\/pages\/organisator-ch-695","https:\/\/www.youtube.com\/channel\/UCGP2Sq0iWaZwT3BdIAQFYpw"]},{"@type":"Person","@id":"https:\/\/www.organisator.ch\/#\/schema\/person\/6f650f90b2842cd4c0cc334b4e36f67e","name":"Tommaso.berner","image":{"@type":"ImageObject","inLanguage":"it-IT","@id":"https:\/\/secure.gravatar.com\/avatar\/ac5001d2a36cb6c6cd3e50789007ffca834b477b74a2144564522e944eabff61?s=96&d=mm&r=g","url":"https:\/\/secure.gravatar.com\/avatar\/ac5001d2a36cb6c6cd3e50789007ffca834b477b74a2144564522e944eabff61?s=96&d=mm&r=g","contentUrl":"https:\/\/secure.gravatar.com\/avatar\/ac5001d2a36cb6c6cd3e50789007ffca834b477b74a2144564522e944eabff61?s=96&d=mm&r=g","caption":"thomas.berner"},"url":"https:\/\/www.organisator.ch\/it\/author\/thomas-berner\/"}]}},"_links":{"self":[{"href":"https:\/\/www.organisator.ch\/it\/wp-json\/wp\/v2\/posts\/28624","targetHints":{"allow":["GET"]}}],"collection":[{"href":"https:\/\/www.organisator.ch\/it\/wp-json\/wp\/v2\/posts"}],"about":[{"href":"https:\/\/www.organisator.ch\/it\/wp-json\/wp\/v2\/types\/post"}],"author":[{"embeddable":true,"href":"https:\/\/www.organisator.ch\/it\/wp-json\/wp\/v2\/users\/4"}],"replies":[{"embeddable":true,"href":"https:\/\/www.organisator.ch\/it\/wp-json\/wp\/v2\/comments?post=28624"}],"version-history":[{"count":3,"href":"https:\/\/www.organisator.ch\/it\/wp-json\/wp\/v2\/posts\/28624\/revisions"}],"predecessor-version":[{"id":28668,"href":"https:\/\/www.organisator.ch\/it\/wp-json\/wp\/v2\/posts\/28624\/revisions\/28668"}],"wp:featuredmedia":[{"embeddable":true,"href":"https:\/\/www.organisator.ch\/it\/wp-json\/wp\/v2\/media\/28625"}],"wp:attachment":[{"href":"https:\/\/www.organisator.ch\/it\/wp-json\/wp\/v2\/media?parent=28624"}],"wp:term":[{"taxonomy":"category","embeddable":true,"href":"https:\/\/www.organisator.ch\/it\/wp-json\/wp\/v2\/categories?post=28624"},{"taxonomy":"post_tag","embeddable":true,"href":"https:\/\/www.organisator.ch\/it\/wp-json\/wp\/v2\/tags?post=28624"}],"curies":[{"name":"wp","href":"https:\/\/api.w.org\/{rel}","templated":true}]}}