{"id":28635,"date":"2024-08-05T09:13:46","date_gmt":"2024-08-05T07:13:46","guid":{"rendered":"https:\/\/www.markt-kom.com\/?p=221269"},"modified":"2024-11-09T10:27:47","modified_gmt":"2024-11-09T09:27:47","slug":"baloise-session-und-gelati-gasparini-eine-suesse-melodie-seit-20-jahren","status":"publish","type":"post","link":"https:\/\/www.organisator.ch\/it\/marketing\/2024-08-05\/baloise-session-und-gelati-gasparini-eine-suesse-melodie-seit-20-jahren\/","title":{"rendered":"Baloise Session e Gelati Gasparini: una dolce melodia da 20 anni"},"content":{"rendered":"<p><img class=\"alignnone wp-image-221271 size-full\" src=\"https:\/\/www.markt-kom.com\/wp-content\/uploads\/2024\/08\/Baloise-Session-und-Gelati-Gasparini-Partnerschaft.png\" alt=\"Baloise Session Gelati Gasparini 2024\" width=\"1024\" height=\"768\" \/><\/p>\r\n<p>Per due decenni, il <a href=\"https:\/\/www.baloisesession.ch\/de\/\" rel=\"noopener\">Sessione Baloise<\/a>famoso per i suoi concerti con star mondiali in un'atmosfera unica da club table, offre ai suoi ospiti un delizioso gelato di <a href=\"https:\/\/www.gasparini.ch\/Home.html\" rel=\"noopener\">Gelati Gasparini<\/a>. Questa collaborazione di successo, basata su qualit\u00e0, innovazione e passione, viene ora proseguita.<\/p>\r\n<p><strong>Beatrice Stirnimann<\/strong>CEO della Baloise Session, commenta: \"La collaborazione ventennale tra la Baloise Session e Gelati Gasparini \u00e8 la prova del potere di una partnership di successo. La combinazione di grande musica e delizioso gelato rende felici i nostri artisti, i nostri visitatori e, naturalmente, il nostro equipaggio\".<\/p>\r\n<p><strong>Marc Schaller<\/strong> di Gelati Gasparini aggiunge: \"Siamo onorati di far parte di questo festival musicale internazionale e di offrire a tutti i presenti i nostri gusti di gelato artigianale. Gli amanti della musica e i buongustai possono aspettarsi in futuro il dolce connubio tra musica e gelato.\"<\/p>\r\n<p>Da 39 anni, ogni autunno, la Baloise Session incanta i visitatori con le migliori star nazionali e internazionali. L'ambiente intimo, con soli 1.550 spettatori, gli speciali tavoli da club a lume di candela e la vicinanza alle stelle offrono un'esperienza musicale senza pari. La prossima edizione si terr\u00e0 dal 17 ottobre all'8 novembre 2024 nella Event Hall di Messe Basel. Il programma di quest'anno sar\u00e0 annunciato il 21 agosto.<\/p>\r\n<p>Gelati Gasparini \u00e8 un produttore svizzero di gelato con sede a M\u00fcnchenstein, Basilea Campagna. Grazie alla tradizione artigianale, produce gelati per il consumo immediato e domestico e per la ristorazione in un'ampia variet\u00e0 di gusti. Come parte dell'associazione gaw - Gesellschaft f\u00fcr Arbeit und Wohnen, la manifattura offre alle persone con disabilit\u00e0 mentale un ambiente di lavoro di supporto e vario.<\/p>","protected":false},"excerpt":{"rendered":"<p>Il rinomato festival musicale boutique Baloise Session e il popolare produttore svizzero di gelati Gelati Gasparini celebrano quest'anno la loro partnership ventennale e hanno annunciato l'estensione della loro collaborazione.<\/p>","protected":false},"author":8,"featured_media":0,"comment_status":"closed","ping_status":"closed","sticky":false,"template":"","format":"standard","meta":{"_acf_changed":false,"_yoast_wpseo_focuskw":"Baloise Session Gelati Gasparini 2024","_yoast_wpseo_metadesc":"20 Jahre Baloise Session und Gelati Gasparini: Musik und Glace vereint f\u00fcr ein einzigartiges Erlebnis in der Schweiz.","articlekey":"","footnotes":""},"categories":[29],"tags":[4328,2717,4329,339],"class_list":["post-28635","post","type-post","status-publish","format-standard","hentry","category-marketing","tag-baloise-session","tag-branding","tag-gelati-gasparini","tag-marketing"],"acf":[],"yoast_head":"<!-- This site is optimized with the Yoast SEO plugin v27.5 - https:\/\/yoast.com\/product\/yoast-seo-wordpress\/ -->\n<title>Baloise Session und Gelati Gasparini: Eine s\u00fcsse Melodie seit 20 Jahren - Organisator<\/title>\n<meta name=\"description\" content=\"20 Jahre Baloise Session und Gelati Gasparini: Musik und Glace vereint f\u00fcr ein einzigartiges Erlebnis in der Schweiz.\" \/>\n<meta name=\"robots\" content=\"index, follow, max-snippet:-1, max-image-preview:large, max-video-preview:-1\" \/>\n<link rel=\"canonical\" href=\"https:\/\/www.organisator.ch\/it\/marketing\/2024-08-05\/baloise-session-und-gelati-gasparini-eine-suesse-melodie-seit-20-jahren\/\" \/>\n<meta property=\"og:locale\" content=\"it_IT\" \/>\n<meta property=\"og:type\" content=\"article\" \/>\n<meta property=\"og:title\" content=\"Baloise Session und Gelati Gasparini: Eine s\u00fcsse Melodie seit 20 Jahren - Organisator\" \/>\n<meta property=\"og:description\" content=\"20 Jahre Baloise Session und Gelati Gasparini: Musik und Glace vereint f\u00fcr ein einzigartiges Erlebnis in der Schweiz.\" \/>\n<meta property=\"og:url\" content=\"https:\/\/www.organisator.ch\/it\/marketing\/2024-08-05\/baloise-session-und-gelati-gasparini-eine-suesse-melodie-seit-20-jahren\/\" \/>\n<meta property=\"og:site_name\" content=\"Organisator\" \/>\n<meta property=\"article:publisher\" content=\"https:\/\/www.facebook.com\/OrganisatorFachmagazin\" \/>\n<meta property=\"article:published_time\" content=\"2024-08-05T07:13:46+00:00\" \/>\n<meta property=\"article:modified_time\" content=\"2024-11-09T09:27:47+00:00\" \/>\n<meta property=\"og:image\" content=\"https:\/\/www.markt-kom.com\/wp-content\/uploads\/2024\/08\/Baloise-Session-und-Gelati-Gasparini-Partnerschaft.png\" \/>\n<meta name=\"author\" content=\"galledia\" \/>\n<meta name=\"twitter:card\" content=\"summary_large_image\" \/>\n<meta name=\"twitter:creator\" content=\"@admin\" \/>\n<script type=\"application\/ld+json\" class=\"yoast-schema-graph\">{\"@context\":\"https:\\\/\\\/schema.org\",\"@graph\":[{\"@type\":\"Article\",\"@id\":\"https:\\\/\\\/www.organisator.ch\\\/marketing\\\/2024-08-05\\\/baloise-session-und-gelati-gasparini-eine-suesse-melodie-seit-20-jahren\\\/#article\",\"isPartOf\":{\"@id\":\"https:\\\/\\\/www.organisator.ch\\\/marketing\\\/2024-08-05\\\/baloise-session-und-gelati-gasparini-eine-suesse-melodie-seit-20-jahren\\\/\"},\"author\":{\"name\":\"galledia\",\"@id\":\"https:\\\/\\\/www.organisator.ch\\\/#\\\/schema\\\/person\\\/4e51799071cd2dd1232ac003643ef5f0\"},\"headline\":\"Baloise Session und Gelati Gasparini: Eine s\u00fcsse Melodie seit 20 Jahren\",\"datePublished\":\"2024-08-05T07:13:46+00:00\",\"dateModified\":\"2024-11-09T09:27:47+00:00\",\"mainEntityOfPage\":{\"@id\":\"https:\\\/\\\/www.organisator.ch\\\/marketing\\\/2024-08-05\\\/baloise-session-und-gelati-gasparini-eine-suesse-melodie-seit-20-jahren\\\/\"},\"wordCount\":284,\"publisher\":{\"@id\":\"https:\\\/\\\/www.organisator.ch\\\/#organization\"},\"image\":{\"@id\":\"https:\\\/\\\/www.organisator.ch\\\/marketing\\\/2024-08-05\\\/baloise-session-und-gelati-gasparini-eine-suesse-melodie-seit-20-jahren\\\/#primaryimage\"},\"thumbnailUrl\":\"https:\\\/\\\/www.markt-kom.com\\\/wp-content\\\/uploads\\\/2024\\\/08\\\/Baloise-Session-und-Gelati-Gasparini-Partnerschaft.png\",\"keywords\":[\"Baloise Session\",\"Branding\",\"Gelati Gasparini\",\"Marketing\"],\"articleSection\":[\"MARKETING\"],\"inLanguage\":\"it-IT\"},{\"@type\":\"WebPage\",\"@id\":\"https:\\\/\\\/www.organisator.ch\\\/marketing\\\/2024-08-05\\\/baloise-session-und-gelati-gasparini-eine-suesse-melodie-seit-20-jahren\\\/\",\"url\":\"https:\\\/\\\/www.organisator.ch\\\/marketing\\\/2024-08-05\\\/baloise-session-und-gelati-gasparini-eine-suesse-melodie-seit-20-jahren\\\/\",\"name\":\"Baloise Session und Gelati Gasparini: Eine s\u00fcsse Melodie seit 20 Jahren - Organisator\",\"isPartOf\":{\"@id\":\"https:\\\/\\\/www.organisator.ch\\\/#website\"},\"primaryImageOfPage\":{\"@id\":\"https:\\\/\\\/www.organisator.ch\\\/marketing\\\/2024-08-05\\\/baloise-session-und-gelati-gasparini-eine-suesse-melodie-seit-20-jahren\\\/#primaryimage\"},\"image\":{\"@id\":\"https:\\\/\\\/www.organisator.ch\\\/marketing\\\/2024-08-05\\\/baloise-session-und-gelati-gasparini-eine-suesse-melodie-seit-20-jahren\\\/#primaryimage\"},\"thumbnailUrl\":\"https:\\\/\\\/www.markt-kom.com\\\/wp-content\\\/uploads\\\/2024\\\/08\\\/Baloise-Session-und-Gelati-Gasparini-Partnerschaft.png\",\"datePublished\":\"2024-08-05T07:13:46+00:00\",\"dateModified\":\"2024-11-09T09:27:47+00:00\",\"description\":\"20 Jahre Baloise Session und Gelati Gasparini: Musik und Glace vereint f\u00fcr ein einzigartiges Erlebnis in der Schweiz.\",\"breadcrumb\":{\"@id\":\"https:\\\/\\\/www.organisator.ch\\\/marketing\\\/2024-08-05\\\/baloise-session-und-gelati-gasparini-eine-suesse-melodie-seit-20-jahren\\\/#breadcrumb\"},\"inLanguage\":\"it-IT\",\"potentialAction\":[{\"@type\":\"ReadAction\",\"target\":[\"https:\\\/\\\/www.organisator.ch\\\/marketing\\\/2024-08-05\\\/baloise-session-und-gelati-gasparini-eine-suesse-melodie-seit-20-jahren\\\/\"]}]},{\"@type\":\"ImageObject\",\"inLanguage\":\"it-IT\",\"@id\":\"https:\\\/\\\/www.organisator.ch\\\/marketing\\\/2024-08-05\\\/baloise-session-und-gelati-gasparini-eine-suesse-melodie-seit-20-jahren\\\/#primaryimage\",\"url\":\"https:\\\/\\\/www.markt-kom.com\\\/wp-content\\\/uploads\\\/2024\\\/08\\\/Baloise-Session-und-Gelati-Gasparini-Partnerschaft.png\",\"contentUrl\":\"https:\\\/\\\/www.markt-kom.com\\\/wp-content\\\/uploads\\\/2024\\\/08\\\/Baloise-Session-und-Gelati-Gasparini-Partnerschaft.png\"},{\"@type\":\"BreadcrumbList\",\"@id\":\"https:\\\/\\\/www.organisator.ch\\\/marketing\\\/2024-08-05\\\/baloise-session-und-gelati-gasparini-eine-suesse-melodie-seit-20-jahren\\\/#breadcrumb\",\"itemListElement\":[{\"@type\":\"ListItem\",\"position\":1,\"name\":\"Home\",\"item\":\"https:\\\/\\\/www.organisator.ch\\\/\"},{\"@type\":\"ListItem\",\"position\":2,\"name\":\"Baloise Session und Gelati Gasparini: Eine s\u00fcsse Melodie seit 20 Jahren\"}]},{\"@type\":\"WebSite\",\"@id\":\"https:\\\/\\\/www.organisator.ch\\\/#website\",\"url\":\"https:\\\/\\\/www.organisator.ch\\\/\",\"name\":\"Organisator\",\"description\":\"Kompetent. Praxisnah. Der ORGANISATOR bereitet in 10 Ausgaben pro Jahr die wesentlichen Themen f\u00fcr F\u00fchrungskr\u00e4fte von KMU auf.\",\"publisher\":{\"@id\":\"https:\\\/\\\/www.organisator.ch\\\/#organization\"},\"potentialAction\":[{\"@type\":\"SearchAction\",\"target\":{\"@type\":\"EntryPoint\",\"urlTemplate\":\"https:\\\/\\\/www.organisator.ch\\\/?s={search_term_string}\"},\"query-input\":{\"@type\":\"PropertyValueSpecification\",\"valueRequired\":true,\"valueName\":\"search_term_string\"}}],\"inLanguage\":\"it-IT\"},{\"@type\":\"Organization\",\"@id\":\"https:\\\/\\\/www.organisator.ch\\\/#organization\",\"name\":\"Organisator\",\"url\":\"https:\\\/\\\/www.organisator.ch\\\/\",\"logo\":{\"@type\":\"ImageObject\",\"inLanguage\":\"it-IT\",\"@id\":\"https:\\\/\\\/www.organisator.ch\\\/#\\\/schema\\\/logo\\\/image\\\/\",\"url\":\"https:\\\/\\\/www.organisator.ch\\\/wp-content\\\/uploads\\\/2022\\\/01\\\/Logo_Organisator_Website.png\",\"contentUrl\":\"https:\\\/\\\/www.organisator.ch\\\/wp-content\\\/uploads\\\/2022\\\/01\\\/Logo_Organisator_Website.png\",\"width\":800,\"height\":77,\"caption\":\"Organisator\"},\"image\":{\"@id\":\"https:\\\/\\\/www.organisator.ch\\\/#\\\/schema\\\/logo\\\/image\\\/\"},\"sameAs\":[\"https:\\\/\\\/www.facebook.com\\\/OrganisatorFachmagazin\",\"https:\\\/\\\/www.linkedin.com\\\/showcase\\\/organisator-das-magazin-fr-kmu\",\"https:\\\/\\\/www.xing.com\\\/news\\\/pages\\\/organisator-ch-695\",\"https:\\\/\\\/www.youtube.com\\\/channel\\\/UCGP2Sq0iWaZwT3BdIAQFYpw\"]},{\"@type\":\"Person\",\"@id\":\"https:\\\/\\\/www.organisator.ch\\\/#\\\/schema\\\/person\\\/4e51799071cd2dd1232ac003643ef5f0\",\"name\":\"galledia\",\"image\":{\"@type\":\"ImageObject\",\"inLanguage\":\"it-IT\",\"@id\":\"https:\\\/\\\/secure.gravatar.com\\\/avatar\\\/78a7f90c01fc2bfc875782a0d4922b37cde2cf184ce347b91316d23cd7f69a36?s=96&d=mm&r=g\",\"url\":\"https:\\\/\\\/secure.gravatar.com\\\/avatar\\\/78a7f90c01fc2bfc875782a0d4922b37cde2cf184ce347b91316d23cd7f69a36?s=96&d=mm&r=g\",\"contentUrl\":\"https:\\\/\\\/secure.gravatar.com\\\/avatar\\\/78a7f90c01fc2bfc875782a0d4922b37cde2cf184ce347b91316d23cd7f69a36?s=96&d=mm&r=g\",\"caption\":\"galledia\"},\"sameAs\":[\"https:\\\/\\\/x.com\\\/admin\"],\"url\":\"https:\\\/\\\/www.organisator.ch\\\/it\\\/author\\\/galledia\\\/\"}]}<\/script>\n<!-- \/ Yoast SEO plugin. -->","yoast_head_json":{"title":"Baloise Session e Gelati Gasparini: una dolce melodia per 20 anni - Organizzatore","description":"20 anni di Baloise Session e Gelati Gasparini: musica e gelato uniti per un'esperienza unica in Svizzera.","robots":{"index":"index","follow":"follow","max-snippet":"max-snippet:-1","max-image-preview":"max-image-preview:large","max-video-preview":"max-video-preview:-1"},"canonical":"https:\/\/www.organisator.ch\/it\/marketing\/2024-08-05\/baloise-session-und-gelati-gasparini-eine-suesse-melodie-seit-20-jahren\/","og_locale":"it_IT","og_type":"article","og_title":"Baloise Session und Gelati Gasparini: Eine s\u00fcsse Melodie seit 20 Jahren - Organisator","og_description":"20 Jahre Baloise Session und Gelati Gasparini: Musik und Glace vereint f\u00fcr ein einzigartiges Erlebnis in der Schweiz.","og_url":"https:\/\/www.organisator.ch\/it\/marketing\/2024-08-05\/baloise-session-und-gelati-gasparini-eine-suesse-melodie-seit-20-jahren\/","og_site_name":"Organisator","article_publisher":"https:\/\/www.facebook.com\/OrganisatorFachmagazin","article_published_time":"2024-08-05T07:13:46+00:00","article_modified_time":"2024-11-09T09:27:47+00:00","og_image":[{"url":"https:\/\/www.markt-kom.com\/wp-content\/uploads\/2024\/08\/Baloise-Session-und-Gelati-Gasparini-Partnerschaft.png","type":"","width":"","height":""}],"author":"galledia","twitter_card":"summary_large_image","twitter_creator":"@admin","schema":{"@context":"https:\/\/schema.org","@graph":[{"@type":"Article","@id":"https:\/\/www.organisator.ch\/marketing\/2024-08-05\/baloise-session-und-gelati-gasparini-eine-suesse-melodie-seit-20-jahren\/#article","isPartOf":{"@id":"https:\/\/www.organisator.ch\/marketing\/2024-08-05\/baloise-session-und-gelati-gasparini-eine-suesse-melodie-seit-20-jahren\/"},"author":{"name":"galledia","@id":"https:\/\/www.organisator.ch\/#\/schema\/person\/4e51799071cd2dd1232ac003643ef5f0"},"headline":"Baloise Session und Gelati Gasparini: Eine s\u00fcsse Melodie seit 20 Jahren","datePublished":"2024-08-05T07:13:46+00:00","dateModified":"2024-11-09T09:27:47+00:00","mainEntityOfPage":{"@id":"https:\/\/www.organisator.ch\/marketing\/2024-08-05\/baloise-session-und-gelati-gasparini-eine-suesse-melodie-seit-20-jahren\/"},"wordCount":284,"publisher":{"@id":"https:\/\/www.organisator.ch\/#organization"},"image":{"@id":"https:\/\/www.organisator.ch\/marketing\/2024-08-05\/baloise-session-und-gelati-gasparini-eine-suesse-melodie-seit-20-jahren\/#primaryimage"},"thumbnailUrl":"https:\/\/www.markt-kom.com\/wp-content\/uploads\/2024\/08\/Baloise-Session-und-Gelati-Gasparini-Partnerschaft.png","keywords":["Baloise Session","Branding","Gelati Gasparini","Marketing"],"articleSection":["MARKETING"],"inLanguage":"it-IT"},{"@type":"WebPage","@id":"https:\/\/www.organisator.ch\/marketing\/2024-08-05\/baloise-session-und-gelati-gasparini-eine-suesse-melodie-seit-20-jahren\/","url":"https:\/\/www.organisator.ch\/marketing\/2024-08-05\/baloise-session-und-gelati-gasparini-eine-suesse-melodie-seit-20-jahren\/","name":"Baloise Session e Gelati Gasparini: una dolce melodia per 20 anni - Organizzatore","isPartOf":{"@id":"https:\/\/www.organisator.ch\/#website"},"primaryImageOfPage":{"@id":"https:\/\/www.organisator.ch\/marketing\/2024-08-05\/baloise-session-und-gelati-gasparini-eine-suesse-melodie-seit-20-jahren\/#primaryimage"},"image":{"@id":"https:\/\/www.organisator.ch\/marketing\/2024-08-05\/baloise-session-und-gelati-gasparini-eine-suesse-melodie-seit-20-jahren\/#primaryimage"},"thumbnailUrl":"https:\/\/www.markt-kom.com\/wp-content\/uploads\/2024\/08\/Baloise-Session-und-Gelati-Gasparini-Partnerschaft.png","datePublished":"2024-08-05T07:13:46+00:00","dateModified":"2024-11-09T09:27:47+00:00","description":"20 anni di Baloise Session e Gelati Gasparini: musica e gelato uniti per un'esperienza unica in Svizzera.","breadcrumb":{"@id":"https:\/\/www.organisator.ch\/marketing\/2024-08-05\/baloise-session-und-gelati-gasparini-eine-suesse-melodie-seit-20-jahren\/#breadcrumb"},"inLanguage":"it-IT","potentialAction":[{"@type":"ReadAction","target":["https:\/\/www.organisator.ch\/marketing\/2024-08-05\/baloise-session-und-gelati-gasparini-eine-suesse-melodie-seit-20-jahren\/"]}]},{"@type":"ImageObject","inLanguage":"it-IT","@id":"https:\/\/www.organisator.ch\/marketing\/2024-08-05\/baloise-session-und-gelati-gasparini-eine-suesse-melodie-seit-20-jahren\/#primaryimage","url":"https:\/\/www.markt-kom.com\/wp-content\/uploads\/2024\/08\/Baloise-Session-und-Gelati-Gasparini-Partnerschaft.png","contentUrl":"https:\/\/www.markt-kom.com\/wp-content\/uploads\/2024\/08\/Baloise-Session-und-Gelati-Gasparini-Partnerschaft.png"},{"@type":"BreadcrumbList","@id":"https:\/\/www.organisator.ch\/marketing\/2024-08-05\/baloise-session-und-gelati-gasparini-eine-suesse-melodie-seit-20-jahren\/#breadcrumb","itemListElement":[{"@type":"ListItem","position":1,"name":"Home","item":"https:\/\/www.organisator.ch\/"},{"@type":"ListItem","position":2,"name":"Baloise Session und Gelati Gasparini: Eine s\u00fcsse Melodie seit 20 Jahren"}]},{"@type":"WebSite","@id":"https:\/\/www.organisator.ch\/#website","url":"https:\/\/www.organisator.ch\/","name":"Organizzatore","description":"Competente. Pratico. In 10 numeri all'anno, ORGANISATOR presenta i temi essenziali per i manager delle PMI.","publisher":{"@id":"https:\/\/www.organisator.ch\/#organization"},"potentialAction":[{"@type":"SearchAction","target":{"@type":"EntryPoint","urlTemplate":"https:\/\/www.organisator.ch\/?s={search_term_string}"},"query-input":{"@type":"PropertyValueSpecification","valueRequired":true,"valueName":"search_term_string"}}],"inLanguage":"it-IT"},{"@type":"Organization","@id":"https:\/\/www.organisator.ch\/#organization","name":"Organizzatore","url":"https:\/\/www.organisator.ch\/","logo":{"@type":"ImageObject","inLanguage":"it-IT","@id":"https:\/\/www.organisator.ch\/#\/schema\/logo\/image\/","url":"https:\/\/www.organisator.ch\/wp-content\/uploads\/2022\/01\/Logo_Organisator_Website.png","contentUrl":"https:\/\/www.organisator.ch\/wp-content\/uploads\/2022\/01\/Logo_Organisator_Website.png","width":800,"height":77,"caption":"Organisator"},"image":{"@id":"https:\/\/www.organisator.ch\/#\/schema\/logo\/image\/"},"sameAs":["https:\/\/www.facebook.com\/OrganisatorFachmagazin","https:\/\/www.linkedin.com\/showcase\/organisator-das-magazin-fr-kmu","https:\/\/www.xing.com\/news\/pages\/organisator-ch-695","https:\/\/www.youtube.com\/channel\/UCGP2Sq0iWaZwT3BdIAQFYpw"]},{"@type":"Person","@id":"https:\/\/www.organisator.ch\/#\/schema\/person\/4e51799071cd2dd1232ac003643ef5f0","name":"galledia","image":{"@type":"ImageObject","inLanguage":"it-IT","@id":"https:\/\/secure.gravatar.com\/avatar\/78a7f90c01fc2bfc875782a0d4922b37cde2cf184ce347b91316d23cd7f69a36?s=96&d=mm&r=g","url":"https:\/\/secure.gravatar.com\/avatar\/78a7f90c01fc2bfc875782a0d4922b37cde2cf184ce347b91316d23cd7f69a36?s=96&d=mm&r=g","contentUrl":"https:\/\/secure.gravatar.com\/avatar\/78a7f90c01fc2bfc875782a0d4922b37cde2cf184ce347b91316d23cd7f69a36?s=96&d=mm&r=g","caption":"galledia"},"sameAs":["https:\/\/x.com\/admin"],"url":"https:\/\/www.organisator.ch\/it\/author\/galledia\/"}]}},"_links":{"self":[{"href":"https:\/\/www.organisator.ch\/it\/wp-json\/wp\/v2\/posts\/28635","targetHints":{"allow":["GET"]}}],"collection":[{"href":"https:\/\/www.organisator.ch\/it\/wp-json\/wp\/v2\/posts"}],"about":[{"href":"https:\/\/www.organisator.ch\/it\/wp-json\/wp\/v2\/types\/post"}],"author":[{"embeddable":true,"href":"https:\/\/www.organisator.ch\/it\/wp-json\/wp\/v2\/users\/8"}],"replies":[{"embeddable":true,"href":"https:\/\/www.organisator.ch\/it\/wp-json\/wp\/v2\/comments?post=28635"}],"version-history":[{"count":8,"href":"https:\/\/www.organisator.ch\/it\/wp-json\/wp\/v2\/posts\/28635\/revisions"}],"predecessor-version":[{"id":32100,"href":"https:\/\/www.organisator.ch\/it\/wp-json\/wp\/v2\/posts\/28635\/revisions\/32100"}],"wp:attachment":[{"href":"https:\/\/www.organisator.ch\/it\/wp-json\/wp\/v2\/media?parent=28635"}],"wp:term":[{"taxonomy":"category","embeddable":true,"href":"https:\/\/www.organisator.ch\/it\/wp-json\/wp\/v2\/categories?post=28635"},{"taxonomy":"post_tag","embeddable":true,"href":"https:\/\/www.organisator.ch\/it\/wp-json\/wp\/v2\/tags?post=28635"}],"curies":[{"name":"wp","href":"https:\/\/api.w.org\/{rel}","templated":true}]}}