{"id":28660,"date":"2024-08-05T14:02:20","date_gmt":"2024-08-05T12:02:20","guid":{"rendered":"https:\/\/www.m-q.ch\/?p=20168"},"modified":"2024-11-09T10:15:37","modified_gmt":"2024-11-09T09:15:37","slug":"cyber-gefahr-von-innen-nicht-bei-uns","status":"publish","type":"post","link":"https:\/\/www.organisator.ch\/it\/operational-excellence\/2024-08-05\/cyber-gefahr-von-innen-nicht-bei-uns\/","title":{"rendered":"Pericolo informatico dall'interno? Non con noi..."},"content":{"rendered":"<figure id=\"attachment_20169\" class=\"wp-caption alignnone\" style=\"width: 680px\" aria-describedby=\"caption-attachment-20169\"><img class=\"alignnone wp-image-20169 size-full\" src=\"https:\/\/www.m-q.ch\/wp-content\/uploads\/2024\/08\/Cyber-Gefahr-von-Innen-Nicht-bei-uns._MQ.jpg\" alt=\"Dipendenti della sicurezza informatica\" width=\"680\" height=\"547\" \/>\r\n<figcaption id=\"caption-attachment-20169\" class=\"wp-caption-text\">Minaccia informatica da parte di dipendenti arrabbiati? Questo rischio \u00e8 visto in modo diverso nei Paesi DACH. (Immagine: Unsplash.com)<\/figcaption>\r\n<\/figure>\r\n<p>Le pubblicazioni parlano spesso della grande minaccia alla sicurezza informatica rappresentata dai dipendenti. In particolare, l'attenzione \u00e8 rivolta agli ex dipendenti scontenti, corrotti o arrabbiati che hanno subito il furto dei loro dati. Anche l'errore umano viene regolarmente identificato come un altro fattore cruciale e pericoloso per la sicurezza informatica. Pu\u00f2 portare a gravi incidenti di sicurezza dovuti alla negligenza della forza lavoro. Una regolare formazione sulla sicurezza dei dati per i team \u00e8 quindi oggi uno standard nella maggior parte delle aziende, cos\u00ec come il supporto di una moderna infrastruttura di sicurezza informatica. Ma quanto considerano i manager aziendali il rischio interno?<\/p>\r\n<p>L'istituto di ricerche di mercato Ipsos ha intervistato su questa domanda i rappresentanti del management di livello C (e non i responsabili IT) di Germania, Austria e Svizzera. Nel complesso, i risultati mostrano che i dirigenti dei tre Paesi hanno un alto livello di fiducia nei confronti dei propri dipendenti, sia nei vari settori che nelle aziende pi\u00f9 piccole e pi\u00f9 grandi.<\/p>\r\n<h3><strong>L'Austria ripone grande fiducia nei suoi dipendenti<\/strong><\/h3>\r\n<p>Pi\u00f9 della met\u00e0 (64% in totale) e in misura notevolmente maggiore rispetto ai Paesi limitrofi, i manager austriaci valutano il rischio posto dai loro team come molto basso (34%) o basso (30%). I retailer austriaci, in particolare, hanno grande fiducia nei propri dipendenti: ben il 62,5% degli intervistati ritiene che i dipendenti non rappresentino alcun rischio. In generale, \u00e8 chiaro che sono le aziende pi\u00f9 grandi (200 o pi\u00f9 dipendenti) a fare affidamento sulla consapevolezza dei propri dipendenti in materia di sicurezza (46,2%). Nel Paese vicino, solo il 2% ritiene che il pericolo dall'interno sia elevato e, a differenza di Germania e Svizzera, nessuno lo ritiene molto elevato.<\/p>\r\n<h3><strong>La Germania \u00e8 generalmente fiduciosa<\/strong><\/h3>\r\n<p>Anche in Germania, pi\u00f9 della met\u00e0 (56,7% in totale) dei manager intervistati ha dichiarato di considerare il rischio di incidenti di sicurezza provocati dai dipendenti molto basso (25,9%) o basso (30,8%). Il 26,9% vede un rischio medio, mentre i rappresentanti delle aziende di vendita al dettaglio intervistate sono ancora pi\u00f9 cauti, con il 35,5% che ipotizza un rischio medio. In Germania, solo l'1,5% dei dirigenti considera particolarmente elevata la possibilit\u00e0 di incidenti di sicurezza da parte dei dipendenti.<\/p>\r\n<h3><strong>Per la Svizzera vale quanto segue: la fiducia \u00e8 buona, la prudenza \u00e8 sensata.<\/strong><\/h3>\r\n<p>I manager delle aziende svizzere sono leggermente meno ottimisti rispetto alle loro controparti nei Paesi vicini quando si tratta del livello di consapevolezza della sicurezza informatica tra i dipendenti. In questo caso, poco meno della met\u00e0 degli intervistati (48% in totale) ritiene che il rischio interno sia molto basso o basso (24% in ciascun caso). I dirigenti del settore manifatturiero sono particolarmente fiduciosi a questo proposito, con il 42,1% che descrive la minaccia interna come molto bassa. In Svizzera, il 32% degli intervistati ritiene che il rischio sia medio, mentre solo il 2% lo giudica molto alto.<\/p>\r\n<p><em>Fonte: <a href=\"https:\/\/www.sophos.com\/de-de\">Sophos<\/a><\/em><\/p>\n<p class=\"syndicated-attribution\">Questo articolo \u00e8 apparso originariamente su m-q.ch - <a href=\"https:\/\/www.m-q.ch\/de\/cyber-gefahr-von-innen-nicht-bei-uns\/\" target=\"_blank\">https:\/\/www.m-q.ch\/de\/cyber-gefahr-von-innen-nicht-bei-uns\/<\/a><\/p>","protected":false},"excerpt":{"rendered":"<p>I dipendenti arrabbiati e negligenti sono un problema di sicurezza per le aziende? I dirigenti austriaci ripongono il massimo livello di fiducia nella propria forza lavoro, mentre la Germania \u00e8 generalmente fiduciosa e la Svizzera \u00e8 pi\u00f9 cauta. Questi sono i risultati di una recente indagine condotta dal fornitore di servizi di sicurezza informatica Sophos.<\/p>","protected":false},"author":8,"featured_media":0,"comment_status":"closed","ping_status":"closed","sticky":false,"template":"","format":"standard","meta":{"_acf_changed":false,"_yoast_wpseo_focuskw":"Cybersicherheit Mitarbeitende","_yoast_wpseo_metadesc":"tudie: Unterschiede in der Einsch\u00e4tzung der Cyber-Gefahr durch Mitarbeitende in DACH-L\u00e4ndern. Vertrauen und Vorsicht variieren.","articlekey":"","footnotes":""},"categories":[582],"tags":[608,335,418,487],"class_list":["post-28660","post","type-post","status-publish","format-standard","hentry","category-operational-excellence","tag-cybersicherheit","tag-management-und-unternehmensfuehrung","tag-risikomanagement","tag-umfrage"],"acf":[],"yoast_head":"<!-- This site is optimized with the Yoast SEO plugin v27.5 - https:\/\/yoast.com\/product\/yoast-seo-wordpress\/ -->\n<title>Cyber-Gefahr von Innen? Nicht bei uns\u2026 - Organisator<\/title>\n<meta name=\"description\" content=\"tudie: Unterschiede in der Einsch\u00e4tzung der Cyber-Gefahr durch Mitarbeitende in DACH-L\u00e4ndern. Vertrauen und Vorsicht variieren.\" \/>\n<meta name=\"robots\" content=\"index, follow, max-snippet:-1, max-image-preview:large, max-video-preview:-1\" \/>\n<link rel=\"canonical\" href=\"https:\/\/www.organisator.ch\/it\/eccellenza-operativa\/2024-08-05\/cyber-gefahr-von-innen-nicht-bei-uns\/\" \/>\n<meta property=\"og:locale\" content=\"it_IT\" \/>\n<meta property=\"og:type\" content=\"article\" \/>\n<meta property=\"og:title\" content=\"Cyber-Gefahr von Innen? Nicht bei uns\u2026 - Organisator\" \/>\n<meta property=\"og:description\" content=\"tudie: Unterschiede in der Einsch\u00e4tzung der Cyber-Gefahr durch Mitarbeitende in DACH-L\u00e4ndern. Vertrauen und Vorsicht variieren.\" \/>\n<meta property=\"og:url\" content=\"https:\/\/www.organisator.ch\/it\/eccellenza-operativa\/2024-08-05\/cyber-gefahr-von-innen-nicht-bei-uns\/\" \/>\n<meta property=\"og:site_name\" content=\"Organisator\" \/>\n<meta property=\"article:publisher\" content=\"https:\/\/www.facebook.com\/OrganisatorFachmagazin\" \/>\n<meta property=\"article:published_time\" content=\"2024-08-05T12:02:20+00:00\" \/>\n<meta property=\"article:modified_time\" content=\"2024-11-09T09:15:37+00:00\" \/>\n<meta property=\"og:image\" content=\"https:\/\/www.m-q.ch\/wp-content\/uploads\/2024\/08\/Cyber-Gefahr-von-Innen-Nicht-bei-uns._MQ.jpg\" \/>\n<meta name=\"author\" content=\"galledia\" \/>\n<meta name=\"twitter:card\" content=\"summary_large_image\" \/>\n<meta name=\"twitter:creator\" content=\"@admin\" \/>\n<script type=\"application\/ld+json\" class=\"yoast-schema-graph\">{\"@context\":\"https:\\\/\\\/schema.org\",\"@graph\":[{\"@type\":\"Article\",\"@id\":\"https:\\\/\\\/www.organisator.ch\\\/operational-excellence\\\/2024-08-05\\\/cyber-gefahr-von-innen-nicht-bei-uns\\\/#article\",\"isPartOf\":{\"@id\":\"https:\\\/\\\/www.organisator.ch\\\/operational-excellence\\\/2024-08-05\\\/cyber-gefahr-von-innen-nicht-bei-uns\\\/\"},\"author\":{\"name\":\"galledia\",\"@id\":\"https:\\\/\\\/www.organisator.ch\\\/#\\\/schema\\\/person\\\/4e51799071cd2dd1232ac003643ef5f0\"},\"headline\":\"Cyber-Gefahr von Innen? Nicht bei uns\u2026\",\"datePublished\":\"2024-08-05T12:02:20+00:00\",\"dateModified\":\"2024-11-09T09:15:37+00:00\",\"mainEntityOfPage\":{\"@id\":\"https:\\\/\\\/www.organisator.ch\\\/operational-excellence\\\/2024-08-05\\\/cyber-gefahr-von-innen-nicht-bei-uns\\\/\"},\"wordCount\":520,\"publisher\":{\"@id\":\"https:\\\/\\\/www.organisator.ch\\\/#organization\"},\"image\":{\"@id\":\"https:\\\/\\\/www.organisator.ch\\\/operational-excellence\\\/2024-08-05\\\/cyber-gefahr-von-innen-nicht-bei-uns\\\/#primaryimage\"},\"thumbnailUrl\":\"https:\\\/\\\/www.m-q.ch\\\/wp-content\\\/uploads\\\/2024\\\/08\\\/Cyber-Gefahr-von-Innen-Nicht-bei-uns._MQ.jpg\",\"keywords\":[\"Cybersicherheit\",\"Management und Unternehmensf\u00fchrung\",\"Risikomanagement\",\"Umfrage\"],\"articleSection\":[\"OPERATIONAL EXCELLENCE\"],\"inLanguage\":\"it-IT\"},{\"@type\":\"WebPage\",\"@id\":\"https:\\\/\\\/www.organisator.ch\\\/operational-excellence\\\/2024-08-05\\\/cyber-gefahr-von-innen-nicht-bei-uns\\\/\",\"url\":\"https:\\\/\\\/www.organisator.ch\\\/operational-excellence\\\/2024-08-05\\\/cyber-gefahr-von-innen-nicht-bei-uns\\\/\",\"name\":\"Cyber-Gefahr von Innen? Nicht bei uns\u2026 - Organisator\",\"isPartOf\":{\"@id\":\"https:\\\/\\\/www.organisator.ch\\\/#website\"},\"primaryImageOfPage\":{\"@id\":\"https:\\\/\\\/www.organisator.ch\\\/operational-excellence\\\/2024-08-05\\\/cyber-gefahr-von-innen-nicht-bei-uns\\\/#primaryimage\"},\"image\":{\"@id\":\"https:\\\/\\\/www.organisator.ch\\\/operational-excellence\\\/2024-08-05\\\/cyber-gefahr-von-innen-nicht-bei-uns\\\/#primaryimage\"},\"thumbnailUrl\":\"https:\\\/\\\/www.m-q.ch\\\/wp-content\\\/uploads\\\/2024\\\/08\\\/Cyber-Gefahr-von-Innen-Nicht-bei-uns._MQ.jpg\",\"datePublished\":\"2024-08-05T12:02:20+00:00\",\"dateModified\":\"2024-11-09T09:15:37+00:00\",\"description\":\"tudie: Unterschiede in der Einsch\u00e4tzung der Cyber-Gefahr durch Mitarbeitende in DACH-L\u00e4ndern. Vertrauen und Vorsicht variieren.\",\"breadcrumb\":{\"@id\":\"https:\\\/\\\/www.organisator.ch\\\/operational-excellence\\\/2024-08-05\\\/cyber-gefahr-von-innen-nicht-bei-uns\\\/#breadcrumb\"},\"inLanguage\":\"it-IT\",\"potentialAction\":[{\"@type\":\"ReadAction\",\"target\":[\"https:\\\/\\\/www.organisator.ch\\\/operational-excellence\\\/2024-08-05\\\/cyber-gefahr-von-innen-nicht-bei-uns\\\/\"]}]},{\"@type\":\"ImageObject\",\"inLanguage\":\"it-IT\",\"@id\":\"https:\\\/\\\/www.organisator.ch\\\/operational-excellence\\\/2024-08-05\\\/cyber-gefahr-von-innen-nicht-bei-uns\\\/#primaryimage\",\"url\":\"https:\\\/\\\/www.m-q.ch\\\/wp-content\\\/uploads\\\/2024\\\/08\\\/Cyber-Gefahr-von-Innen-Nicht-bei-uns._MQ.jpg\",\"contentUrl\":\"https:\\\/\\\/www.m-q.ch\\\/wp-content\\\/uploads\\\/2024\\\/08\\\/Cyber-Gefahr-von-Innen-Nicht-bei-uns._MQ.jpg\"},{\"@type\":\"BreadcrumbList\",\"@id\":\"https:\\\/\\\/www.organisator.ch\\\/operational-excellence\\\/2024-08-05\\\/cyber-gefahr-von-innen-nicht-bei-uns\\\/#breadcrumb\",\"itemListElement\":[{\"@type\":\"ListItem\",\"position\":1,\"name\":\"Home\",\"item\":\"https:\\\/\\\/www.organisator.ch\\\/\"},{\"@type\":\"ListItem\",\"position\":2,\"name\":\"Cyber-Gefahr von Innen? Nicht bei uns\u2026\"}]},{\"@type\":\"WebSite\",\"@id\":\"https:\\\/\\\/www.organisator.ch\\\/#website\",\"url\":\"https:\\\/\\\/www.organisator.ch\\\/\",\"name\":\"Organisator\",\"description\":\"Kompetent. Praxisnah. Der ORGANISATOR bereitet in 10 Ausgaben pro Jahr die wesentlichen Themen f\u00fcr F\u00fchrungskr\u00e4fte von KMU auf.\",\"publisher\":{\"@id\":\"https:\\\/\\\/www.organisator.ch\\\/#organization\"},\"potentialAction\":[{\"@type\":\"SearchAction\",\"target\":{\"@type\":\"EntryPoint\",\"urlTemplate\":\"https:\\\/\\\/www.organisator.ch\\\/?s={search_term_string}\"},\"query-input\":{\"@type\":\"PropertyValueSpecification\",\"valueRequired\":true,\"valueName\":\"search_term_string\"}}],\"inLanguage\":\"it-IT\"},{\"@type\":\"Organization\",\"@id\":\"https:\\\/\\\/www.organisator.ch\\\/#organization\",\"name\":\"Organisator\",\"url\":\"https:\\\/\\\/www.organisator.ch\\\/\",\"logo\":{\"@type\":\"ImageObject\",\"inLanguage\":\"it-IT\",\"@id\":\"https:\\\/\\\/www.organisator.ch\\\/#\\\/schema\\\/logo\\\/image\\\/\",\"url\":\"https:\\\/\\\/www.organisator.ch\\\/wp-content\\\/uploads\\\/2022\\\/01\\\/Logo_Organisator_Website.png\",\"contentUrl\":\"https:\\\/\\\/www.organisator.ch\\\/wp-content\\\/uploads\\\/2022\\\/01\\\/Logo_Organisator_Website.png\",\"width\":800,\"height\":77,\"caption\":\"Organisator\"},\"image\":{\"@id\":\"https:\\\/\\\/www.organisator.ch\\\/#\\\/schema\\\/logo\\\/image\\\/\"},\"sameAs\":[\"https:\\\/\\\/www.facebook.com\\\/OrganisatorFachmagazin\",\"https:\\\/\\\/www.linkedin.com\\\/showcase\\\/organisator-das-magazin-fr-kmu\",\"https:\\\/\\\/www.xing.com\\\/news\\\/pages\\\/organisator-ch-695\",\"https:\\\/\\\/www.youtube.com\\\/channel\\\/UCGP2Sq0iWaZwT3BdIAQFYpw\"]},{\"@type\":\"Person\",\"@id\":\"https:\\\/\\\/www.organisator.ch\\\/#\\\/schema\\\/person\\\/4e51799071cd2dd1232ac003643ef5f0\",\"name\":\"galledia\",\"image\":{\"@type\":\"ImageObject\",\"inLanguage\":\"it-IT\",\"@id\":\"https:\\\/\\\/secure.gravatar.com\\\/avatar\\\/78a7f90c01fc2bfc875782a0d4922b37cde2cf184ce347b91316d23cd7f69a36?s=96&d=mm&r=g\",\"url\":\"https:\\\/\\\/secure.gravatar.com\\\/avatar\\\/78a7f90c01fc2bfc875782a0d4922b37cde2cf184ce347b91316d23cd7f69a36?s=96&d=mm&r=g\",\"contentUrl\":\"https:\\\/\\\/secure.gravatar.com\\\/avatar\\\/78a7f90c01fc2bfc875782a0d4922b37cde2cf184ce347b91316d23cd7f69a36?s=96&d=mm&r=g\",\"caption\":\"galledia\"},\"sameAs\":[\"https:\\\/\\\/x.com\\\/admin\"],\"url\":\"https:\\\/\\\/www.organisator.ch\\\/it\\\/author\\\/galledia\\\/\"}]}<\/script>\n<!-- \/ Yoast SEO plugin. -->","yoast_head_json":{"title":"Pericolo informatico dall'interno? Non con noi... - Organizzatore","description":"Studio: differenze nella valutazione della minaccia informatica da parte dei dipendenti nei Paesi DACH. La fiducia e la cautela variano.","robots":{"index":"index","follow":"follow","max-snippet":"max-snippet:-1","max-image-preview":"max-image-preview:large","max-video-preview":"max-video-preview:-1"},"canonical":"https:\/\/www.organisator.ch\/it\/eccellenza-operativa\/2024-08-05\/cyber-gefahr-von-innen-nicht-bei-uns\/","og_locale":"it_IT","og_type":"article","og_title":"Cyber-Gefahr von Innen? Nicht bei uns\u2026 - Organisator","og_description":"tudie: Unterschiede in der Einsch\u00e4tzung der Cyber-Gefahr durch Mitarbeitende in DACH-L\u00e4ndern. Vertrauen und Vorsicht variieren.","og_url":"https:\/\/www.organisator.ch\/it\/eccellenza-operativa\/2024-08-05\/cyber-gefahr-von-innen-nicht-bei-uns\/","og_site_name":"Organisator","article_publisher":"https:\/\/www.facebook.com\/OrganisatorFachmagazin","article_published_time":"2024-08-05T12:02:20+00:00","article_modified_time":"2024-11-09T09:15:37+00:00","og_image":[{"url":"https:\/\/www.m-q.ch\/wp-content\/uploads\/2024\/08\/Cyber-Gefahr-von-Innen-Nicht-bei-uns._MQ.jpg","type":"","width":"","height":""}],"author":"galledia","twitter_card":"summary_large_image","twitter_creator":"@admin","schema":{"@context":"https:\/\/schema.org","@graph":[{"@type":"Article","@id":"https:\/\/www.organisator.ch\/operational-excellence\/2024-08-05\/cyber-gefahr-von-innen-nicht-bei-uns\/#article","isPartOf":{"@id":"https:\/\/www.organisator.ch\/operational-excellence\/2024-08-05\/cyber-gefahr-von-innen-nicht-bei-uns\/"},"author":{"name":"galledia","@id":"https:\/\/www.organisator.ch\/#\/schema\/person\/4e51799071cd2dd1232ac003643ef5f0"},"headline":"Cyber-Gefahr von Innen? Nicht bei uns\u2026","datePublished":"2024-08-05T12:02:20+00:00","dateModified":"2024-11-09T09:15:37+00:00","mainEntityOfPage":{"@id":"https:\/\/www.organisator.ch\/operational-excellence\/2024-08-05\/cyber-gefahr-von-innen-nicht-bei-uns\/"},"wordCount":520,"publisher":{"@id":"https:\/\/www.organisator.ch\/#organization"},"image":{"@id":"https:\/\/www.organisator.ch\/operational-excellence\/2024-08-05\/cyber-gefahr-von-innen-nicht-bei-uns\/#primaryimage"},"thumbnailUrl":"https:\/\/www.m-q.ch\/wp-content\/uploads\/2024\/08\/Cyber-Gefahr-von-Innen-Nicht-bei-uns._MQ.jpg","keywords":["Cybersicherheit","Management und Unternehmensf\u00fchrung","Risikomanagement","Umfrage"],"articleSection":["OPERATIONAL EXCELLENCE"],"inLanguage":"it-IT"},{"@type":"WebPage","@id":"https:\/\/www.organisator.ch\/operational-excellence\/2024-08-05\/cyber-gefahr-von-innen-nicht-bei-uns\/","url":"https:\/\/www.organisator.ch\/operational-excellence\/2024-08-05\/cyber-gefahr-von-innen-nicht-bei-uns\/","name":"Pericolo informatico dall'interno? Non con noi... - Organizzatore","isPartOf":{"@id":"https:\/\/www.organisator.ch\/#website"},"primaryImageOfPage":{"@id":"https:\/\/www.organisator.ch\/operational-excellence\/2024-08-05\/cyber-gefahr-von-innen-nicht-bei-uns\/#primaryimage"},"image":{"@id":"https:\/\/www.organisator.ch\/operational-excellence\/2024-08-05\/cyber-gefahr-von-innen-nicht-bei-uns\/#primaryimage"},"thumbnailUrl":"https:\/\/www.m-q.ch\/wp-content\/uploads\/2024\/08\/Cyber-Gefahr-von-Innen-Nicht-bei-uns._MQ.jpg","datePublished":"2024-08-05T12:02:20+00:00","dateModified":"2024-11-09T09:15:37+00:00","description":"Studio: differenze nella valutazione della minaccia informatica da parte dei dipendenti nei Paesi DACH. La fiducia e la cautela variano.","breadcrumb":{"@id":"https:\/\/www.organisator.ch\/operational-excellence\/2024-08-05\/cyber-gefahr-von-innen-nicht-bei-uns\/#breadcrumb"},"inLanguage":"it-IT","potentialAction":[{"@type":"ReadAction","target":["https:\/\/www.organisator.ch\/operational-excellence\/2024-08-05\/cyber-gefahr-von-innen-nicht-bei-uns\/"]}]},{"@type":"ImageObject","inLanguage":"it-IT","@id":"https:\/\/www.organisator.ch\/operational-excellence\/2024-08-05\/cyber-gefahr-von-innen-nicht-bei-uns\/#primaryimage","url":"https:\/\/www.m-q.ch\/wp-content\/uploads\/2024\/08\/Cyber-Gefahr-von-Innen-Nicht-bei-uns._MQ.jpg","contentUrl":"https:\/\/www.m-q.ch\/wp-content\/uploads\/2024\/08\/Cyber-Gefahr-von-Innen-Nicht-bei-uns._MQ.jpg"},{"@type":"BreadcrumbList","@id":"https:\/\/www.organisator.ch\/operational-excellence\/2024-08-05\/cyber-gefahr-von-innen-nicht-bei-uns\/#breadcrumb","itemListElement":[{"@type":"ListItem","position":1,"name":"Home","item":"https:\/\/www.organisator.ch\/"},{"@type":"ListItem","position":2,"name":"Cyber-Gefahr von Innen? Nicht bei uns\u2026"}]},{"@type":"WebSite","@id":"https:\/\/www.organisator.ch\/#website","url":"https:\/\/www.organisator.ch\/","name":"Organizzatore","description":"Competente. Pratico. In 10 numeri all'anno, ORGANISATOR presenta i temi essenziali per i manager delle PMI.","publisher":{"@id":"https:\/\/www.organisator.ch\/#organization"},"potentialAction":[{"@type":"SearchAction","target":{"@type":"EntryPoint","urlTemplate":"https:\/\/www.organisator.ch\/?s={search_term_string}"},"query-input":{"@type":"PropertyValueSpecification","valueRequired":true,"valueName":"search_term_string"}}],"inLanguage":"it-IT"},{"@type":"Organization","@id":"https:\/\/www.organisator.ch\/#organization","name":"Organizzatore","url":"https:\/\/www.organisator.ch\/","logo":{"@type":"ImageObject","inLanguage":"it-IT","@id":"https:\/\/www.organisator.ch\/#\/schema\/logo\/image\/","url":"https:\/\/www.organisator.ch\/wp-content\/uploads\/2022\/01\/Logo_Organisator_Website.png","contentUrl":"https:\/\/www.organisator.ch\/wp-content\/uploads\/2022\/01\/Logo_Organisator_Website.png","width":800,"height":77,"caption":"Organisator"},"image":{"@id":"https:\/\/www.organisator.ch\/#\/schema\/logo\/image\/"},"sameAs":["https:\/\/www.facebook.com\/OrganisatorFachmagazin","https:\/\/www.linkedin.com\/showcase\/organisator-das-magazin-fr-kmu","https:\/\/www.xing.com\/news\/pages\/organisator-ch-695","https:\/\/www.youtube.com\/channel\/UCGP2Sq0iWaZwT3BdIAQFYpw"]},{"@type":"Person","@id":"https:\/\/www.organisator.ch\/#\/schema\/person\/4e51799071cd2dd1232ac003643ef5f0","name":"galledia","image":{"@type":"ImageObject","inLanguage":"it-IT","@id":"https:\/\/secure.gravatar.com\/avatar\/78a7f90c01fc2bfc875782a0d4922b37cde2cf184ce347b91316d23cd7f69a36?s=96&d=mm&r=g","url":"https:\/\/secure.gravatar.com\/avatar\/78a7f90c01fc2bfc875782a0d4922b37cde2cf184ce347b91316d23cd7f69a36?s=96&d=mm&r=g","contentUrl":"https:\/\/secure.gravatar.com\/avatar\/78a7f90c01fc2bfc875782a0d4922b37cde2cf184ce347b91316d23cd7f69a36?s=96&d=mm&r=g","caption":"galledia"},"sameAs":["https:\/\/x.com\/admin"],"url":"https:\/\/www.organisator.ch\/it\/author\/galledia\/"}]}},"_links":{"self":[{"href":"https:\/\/www.organisator.ch\/it\/wp-json\/wp\/v2\/posts\/28660","targetHints":{"allow":["GET"]}}],"collection":[{"href":"https:\/\/www.organisator.ch\/it\/wp-json\/wp\/v2\/posts"}],"about":[{"href":"https:\/\/www.organisator.ch\/it\/wp-json\/wp\/v2\/types\/post"}],"author":[{"embeddable":true,"href":"https:\/\/www.organisator.ch\/it\/wp-json\/wp\/v2\/users\/8"}],"replies":[{"embeddable":true,"href":"https:\/\/www.organisator.ch\/it\/wp-json\/wp\/v2\/comments?post=28660"}],"version-history":[{"count":6,"href":"https:\/\/www.organisator.ch\/it\/wp-json\/wp\/v2\/posts\/28660\/revisions"}],"predecessor-version":[{"id":32093,"href":"https:\/\/www.organisator.ch\/it\/wp-json\/wp\/v2\/posts\/28660\/revisions\/32093"}],"wp:attachment":[{"href":"https:\/\/www.organisator.ch\/it\/wp-json\/wp\/v2\/media?parent=28660"}],"wp:term":[{"taxonomy":"category","embeddable":true,"href":"https:\/\/www.organisator.ch\/it\/wp-json\/wp\/v2\/categories?post=28660"},{"taxonomy":"post_tag","embeddable":true,"href":"https:\/\/www.organisator.ch\/it\/wp-json\/wp\/v2\/tags?post=28660"}],"curies":[{"name":"wp","href":"https:\/\/api.w.org\/{rel}","templated":true}]}}