{"id":28679,"date":"2024-08-06T09:20:53","date_gmt":"2024-08-06T07:20:53","guid":{"rendered":"https:\/\/www.organisator.ch\/?p=28679"},"modified":"2024-08-06T09:20:53","modified_gmt":"2024-08-06T07:20:53","slug":"gemeinsam-konflikte-loesen-vorschau-auf-das-12-swiss-green-economy-symposium","status":"publish","type":"post","link":"https:\/\/www.organisator.ch\/it\/sustainability\/2024-08-06\/gemeinsam-konflikte-loesen-vorschau-auf-das-12-swiss-green-economy-symposium\/","title":{"rendered":"Risolvere i conflitti insieme: Anteprima del 12\u00b0 Simposio svizzero sull'economia verde"},"content":{"rendered":"<figure id=\"attachment_28680\" aria-describedby=\"caption-attachment-28680\" style=\"width: 680px\" class=\"wp-caption alignnone\"><img loading=\"lazy\" decoding=\"async\" class=\"size-full wp-image-28680\" src=\"https:\/\/www.organisator.ch\/wp-content\/uploads\/2024\/08\/Gemeinsam-Konflikte-loesen-Vorschau-auf-das-12.-Swiss-Green-Economy-Symposium_Organisator.jpg\" alt=\"\" width=\"680\" height=\"376\" srcset=\"https:\/\/www.organisator.ch\/wp-content\/uploads\/2024\/08\/Gemeinsam-Konflikte-loesen-Vorschau-auf-das-12.-Swiss-Green-Economy-Symposium_Organisator.jpg 680w, https:\/\/www.organisator.ch\/wp-content\/uploads\/2024\/08\/Gemeinsam-Konflikte-loesen-Vorschau-auf-das-12.-Swiss-Green-Economy-Symposium_Organisator-18x10.jpg 18w, https:\/\/www.organisator.ch\/wp-content\/uploads\/2024\/08\/Gemeinsam-Konflikte-loesen-Vorschau-auf-das-12.-Swiss-Green-Economy-Symposium_Organisator-375x207.jpg 375w, https:\/\/www.organisator.ch\/wp-content\/uploads\/2024\/08\/Gemeinsam-Konflikte-loesen-Vorschau-auf-das-12.-Swiss-Green-Economy-Symposium_Organisator-633x350.jpg 633w\" sizes=\"auto, (max-width: 680px) 100vw, 680px\" \/><figcaption id=\"caption-attachment-28680\" class=\"wp-caption-text\">Al 12\u00b0 Simposio svizzero sull'economia verde sono attesi ancora una volta ben 2000 visitatori. (Foto: Thomas Berner)<\/figcaption><\/figure>\n<p>Dal 2013, il Simposio svizzero sull'economia verde si avvale di esempi concreti per mostrare come la cooperazione tra economia, politica, scienza e ONG possa contribuire a una maggiore prosperit\u00e0, alla tutela dell'ambiente e a una convivenza pi\u00f9 pacifica. Vengono discusse soluzioni e condivise ricette di successo. Il simposio ispira i suoi partecipanti - decisori, attuatori e innovatori - a intraprendere azioni concrete. Quest'anno, il SGES si concentrer\u00e0 sulla domanda cruciale: come possiamo risolvere i conflitti in modo pi\u00f9 rapido ed efficace attraverso una migliore cooperazione a favore delle persone e dell'ambiente? L'evento offre una piattaforma per discutere queste domande, scambiare idee e promuovere partenariati.<\/p>\n<p>La SGES inizia nel pomeriggio di marted\u00ec 27 agosto con la SGEXperience (visite aziendali). Le aziende Burckhardt Compression, Stadler Rail e Zimmer Biomet apriranno le loro porte ai partecipanti e presenteranno i loro sforzi per un futuro pi\u00f9 sostenibile. Si terr\u00e0 un evento conclusivo comune presso il laboratorio di innovazione Gr\u00fcze della citt\u00e0 di Winterthur.<br \/>\nall'aperitivo di networking. In serata, il tema delle filiere sostenibili sar\u00e0 discusso nel corso del pre-evento internazionale.<\/p>\n<p>Mercoled\u00ec 28 agosto, dopo il discorso di benvenuto della citt\u00e0 di Winterthur e il messaggio di apertura di Daniel Dubas, delegato del Consiglio federale per l'Agenda 2030 e responsabile della sezione Sviluppo sostenibile dell'Ufficio federale dello sviluppo territoriale (ARE), verranno discusse le seguenti importanti questioni nel corso di interventi e tavole rotonde: Quali sono le opportunit\u00e0 e le sfide<br \/>\nbiodiversit\u00e0? Come possiamo implementare l'economia circolare, ad esempio per le batterie? Come proteggere le catene di approvvigionamento dai rischi? Nel pomeriggio, otto conferenze specialistiche (forum sull'innovazione) approfondiranno e discuteranno i temi chiave della sostenibilit\u00e0, ad esempio la digitalizzazione dell'assistenza sanitaria, la protezione del clima nelle aziende e l'economia circolare nell'edilizia.<\/p>\n<p>Gioved\u00ec 29 agosto, esperti di alto livello discuteranno i seguenti argomenti nel programma principale: Come possiamo costruire e vivere in modo sostenibile e sano? Come creare un ecosistema efficace per la cattura del carbonio? Come possiamo risolvere i conflitti insieme? Nel pomeriggio, sette forum sull'innovazione approfondiranno ancora una volta temi scottanti della sostenibilit\u00e0. Alcuni esempi sono: Come gestire in modo pi\u00f9 intelligente i cicli dei nutrienti? Come espandere rapidamente le energie rinnovabili e garantire l'efficienza energetica? Come implementare l'economia circolare per le materie plastiche?<\/p>\n<p>Gioved\u00ec, come mercoled\u00ec, il Simposio svizzero sull'economia verde si concluder\u00e0 con un aperitivo di networking a partire dalle 17:00. Perch\u00e9 con la gioia di vivere possiamo impegnarci molto meglio per la sostenibilit\u00e0.\u00a0<\/p>\n<p><em>Programma: <a href=\"https:\/\/sges.ch\/programm\/\">sges.ch\/programma<\/a><\/em><\/p>","protected":false},"excerpt":{"rendered":"<p>Due giorni e mezzo, 2.000 partecipanti motivati, 250 relatori di alto livello, due programmi principali, 15 forum sull'innovazione e tre visite aziendali in loco: il 12\u00b0 Simposio svizzero sull'economia verde SGES si terr\u00e0 a Winterthur dal 27 al 29 agosto 2024. Si tratta della conferenza pi\u00f9 completa su business e sostenibilit\u00e0 in Svizzera.<\/p>","protected":false},"author":4,"featured_media":28680,"comment_status":"closed","ping_status":"closed","sticky":false,"template":"","format":"standard","meta":{"_acf_changed":false,"_yoast_wpseo_focuskw":"Konflikte l\u00f6sen","_yoast_wpseo_metadesc":"Vom 27. bis 29. August 2024 findet in Winterthur das 12. Swiss Green Economy Symposium SGES statt. Das Motto: Gemeinsam Konflikte l\u00f6sen.","articlekey":"","footnotes":""},"categories":[580],"tags":[193,335,358,4338,502],"class_list":["post-28679","post","type-post","status-publish","format-standard","has-post-thumbnail","hentry","category-sustainability","tag-fachkongressfachmesse","tag-management-und-unternehmensfuehrung","tag-nachhaltige-wirtschaft","tag-swiss-green-economy-symposium","tag-veranstaltungen"],"acf":[],"yoast_head":"<!-- This site is optimized with the Yoast SEO plugin v27.4 - https:\/\/yoast.com\/product\/yoast-seo-wordpress\/ -->\n<title>Gemeinsam Konflikte l\u00f6sen: Vorschau auf das 12. Swiss Green Economy Symposium - Organisator<\/title>\n<meta name=\"description\" content=\"Vom 27. bis 29. August 2024 findet in Winterthur das 12. Swiss Green Economy Symposium SGES statt. Das Motto: Gemeinsam Konflikte l\u00f6sen.\" \/>\n<meta name=\"robots\" content=\"index, follow, max-snippet:-1, max-image-preview:large, max-video-preview:-1\" \/>\n<link rel=\"canonical\" href=\"https:\/\/www.organisator.ch\/it\/sostenibilita\/2024-08-06\/gemeinsam-konflikte-loesen-vorschau-auf-das-12-swiss-green-economy-symposium\/\" \/>\n<meta property=\"og:locale\" content=\"it_IT\" \/>\n<meta property=\"og:type\" content=\"article\" \/>\n<meta property=\"og:title\" content=\"Gemeinsam Konflikte l\u00f6sen: Vorschau auf das 12. Swiss Green Economy Symposium\" \/>\n<meta property=\"og:description\" content=\"Vom 27. bis 29. August 2024 findet in Winterthur das 12. Swiss Green Economy Symposium SGES statt. Das Motto: Gemeinsam Konflikte l\u00f6sen.\" \/>\n<meta property=\"og:url\" content=\"https:\/\/www.organisator.ch\/it\/sostenibilita\/2024-08-06\/gemeinsam-konflikte-loesen-vorschau-auf-das-12-swiss-green-economy-symposium\/\" \/>\n<meta property=\"og:site_name\" content=\"Organisator\" \/>\n<meta property=\"article:publisher\" content=\"https:\/\/www.facebook.com\/OrganisatorFachmagazin\" \/>\n<meta property=\"article:published_time\" content=\"2024-08-06T07:20:53+00:00\" \/>\n<meta property=\"og:image\" content=\"https:\/\/www.organisator.ch\/wp-content\/uploads\/2024\/08\/Gemeinsam-Konflikte-loesen-Vorschau-auf-das-12.-Swiss-Green-Economy-Symposium_Organisator.jpg\" \/>\n\t<meta property=\"og:image:width\" content=\"680\" \/>\n\t<meta property=\"og:image:height\" content=\"376\" \/>\n\t<meta property=\"og:image:type\" content=\"image\/jpeg\" \/>\n<meta name=\"author\" content=\"thomas.berner\" \/>\n<meta name=\"twitter:card\" content=\"summary_large_image\" \/>\n<meta name=\"twitter:title\" content=\"Gemeinsam #Konflikte l\u00f6sen: Vorschau auf das 12. Swiss Green #Economy #Symposium\" \/>\n<meta name=\"twitter:description\" content=\"Vom 27. bis 29. August 2024 findet in Winterthur das 12. Swiss Green Economy Symposium #SGES statt. Das Motto: Gemeinsam #Konflikte l\u00f6sen.\" \/>\n<meta name=\"twitter:image\" content=\"https:\/\/www.organisator.ch\/wp-content\/uploads\/2024\/08\/Gemeinsam-Konflikte-loesen-Vorschau-auf-das-12.-Swiss-Green-Economy-Symposium_Organisator.jpg\" \/>\n<script type=\"application\/ld+json\" class=\"yoast-schema-graph\">{\"@context\":\"https:\\\/\\\/schema.org\",\"@graph\":[{\"@type\":\"Article\",\"@id\":\"https:\\\/\\\/www.organisator.ch\\\/sustainability\\\/2024-08-06\\\/gemeinsam-konflikte-loesen-vorschau-auf-das-12-swiss-green-economy-symposium\\\/#article\",\"isPartOf\":{\"@id\":\"https:\\\/\\\/www.organisator.ch\\\/sustainability\\\/2024-08-06\\\/gemeinsam-konflikte-loesen-vorschau-auf-das-12-swiss-green-economy-symposium\\\/\"},\"author\":{\"name\":\"thomas.berner\",\"@id\":\"https:\\\/\\\/www.organisator.ch\\\/#\\\/schema\\\/person\\\/6f650f90b2842cd4c0cc334b4e36f67e\"},\"headline\":\"Gemeinsam Konflikte l\u00f6sen: Vorschau auf das 12. Swiss Green Economy Symposium\",\"datePublished\":\"2024-08-06T07:20:53+00:00\",\"mainEntityOfPage\":{\"@id\":\"https:\\\/\\\/www.organisator.ch\\\/sustainability\\\/2024-08-06\\\/gemeinsam-konflikte-loesen-vorschau-auf-das-12-swiss-green-economy-symposium\\\/\"},\"wordCount\":418,\"publisher\":{\"@id\":\"https:\\\/\\\/www.organisator.ch\\\/#organization\"},\"image\":{\"@id\":\"https:\\\/\\\/www.organisator.ch\\\/sustainability\\\/2024-08-06\\\/gemeinsam-konflikte-loesen-vorschau-auf-das-12-swiss-green-economy-symposium\\\/#primaryimage\"},\"thumbnailUrl\":\"https:\\\/\\\/www.organisator.ch\\\/wp-content\\\/uploads\\\/2024\\\/08\\\/Gemeinsam-Konflikte-loesen-Vorschau-auf-das-12.-Swiss-Green-Economy-Symposium_Organisator.jpg\",\"keywords\":[\"Fachkongress\\\/Fachmesse\",\"Management und Unternehmensf\u00fchrung\",\"Nachhaltige Wirtschaft\",\"Swiss Green Economy Symposium\",\"Veranstaltungen\"],\"articleSection\":[\"SUSTAINABILITY\"],\"inLanguage\":\"it-IT\"},{\"@type\":\"WebPage\",\"@id\":\"https:\\\/\\\/www.organisator.ch\\\/sustainability\\\/2024-08-06\\\/gemeinsam-konflikte-loesen-vorschau-auf-das-12-swiss-green-economy-symposium\\\/\",\"url\":\"https:\\\/\\\/www.organisator.ch\\\/sustainability\\\/2024-08-06\\\/gemeinsam-konflikte-loesen-vorschau-auf-das-12-swiss-green-economy-symposium\\\/\",\"name\":\"Gemeinsam Konflikte l\u00f6sen: Vorschau auf das 12. Swiss Green Economy Symposium - Organisator\",\"isPartOf\":{\"@id\":\"https:\\\/\\\/www.organisator.ch\\\/#website\"},\"primaryImageOfPage\":{\"@id\":\"https:\\\/\\\/www.organisator.ch\\\/sustainability\\\/2024-08-06\\\/gemeinsam-konflikte-loesen-vorschau-auf-das-12-swiss-green-economy-symposium\\\/#primaryimage\"},\"image\":{\"@id\":\"https:\\\/\\\/www.organisator.ch\\\/sustainability\\\/2024-08-06\\\/gemeinsam-konflikte-loesen-vorschau-auf-das-12-swiss-green-economy-symposium\\\/#primaryimage\"},\"thumbnailUrl\":\"https:\\\/\\\/www.organisator.ch\\\/wp-content\\\/uploads\\\/2024\\\/08\\\/Gemeinsam-Konflikte-loesen-Vorschau-auf-das-12.-Swiss-Green-Economy-Symposium_Organisator.jpg\",\"datePublished\":\"2024-08-06T07:20:53+00:00\",\"description\":\"Vom 27. bis 29. August 2024 findet in Winterthur das 12. Swiss Green Economy Symposium SGES statt. Das Motto: Gemeinsam Konflikte l\u00f6sen.\",\"breadcrumb\":{\"@id\":\"https:\\\/\\\/www.organisator.ch\\\/sustainability\\\/2024-08-06\\\/gemeinsam-konflikte-loesen-vorschau-auf-das-12-swiss-green-economy-symposium\\\/#breadcrumb\"},\"inLanguage\":\"it-IT\",\"potentialAction\":[{\"@type\":\"ReadAction\",\"target\":[\"https:\\\/\\\/www.organisator.ch\\\/sustainability\\\/2024-08-06\\\/gemeinsam-konflikte-loesen-vorschau-auf-das-12-swiss-green-economy-symposium\\\/\"]}]},{\"@type\":\"ImageObject\",\"inLanguage\":\"it-IT\",\"@id\":\"https:\\\/\\\/www.organisator.ch\\\/sustainability\\\/2024-08-06\\\/gemeinsam-konflikte-loesen-vorschau-auf-das-12-swiss-green-economy-symposium\\\/#primaryimage\",\"url\":\"https:\\\/\\\/www.organisator.ch\\\/wp-content\\\/uploads\\\/2024\\\/08\\\/Gemeinsam-Konflikte-loesen-Vorschau-auf-das-12.-Swiss-Green-Economy-Symposium_Organisator.jpg\",\"contentUrl\":\"https:\\\/\\\/www.organisator.ch\\\/wp-content\\\/uploads\\\/2024\\\/08\\\/Gemeinsam-Konflikte-loesen-Vorschau-auf-das-12.-Swiss-Green-Economy-Symposium_Organisator.jpg\",\"width\":680,\"height\":376,\"caption\":\"Am 12. Swiss Green Economy Symposium werden wiederum gut 2000 Besucher\\\/-innen erwartet. (Bild: Thomas Berner)\"},{\"@type\":\"BreadcrumbList\",\"@id\":\"https:\\\/\\\/www.organisator.ch\\\/sustainability\\\/2024-08-06\\\/gemeinsam-konflikte-loesen-vorschau-auf-das-12-swiss-green-economy-symposium\\\/#breadcrumb\",\"itemListElement\":[{\"@type\":\"ListItem\",\"position\":1,\"name\":\"Home\",\"item\":\"https:\\\/\\\/www.organisator.ch\\\/\"},{\"@type\":\"ListItem\",\"position\":2,\"name\":\"Gemeinsam Konflikte l\u00f6sen: Vorschau auf das 12. Swiss Green Economy Symposium\"}]},{\"@type\":\"WebSite\",\"@id\":\"https:\\\/\\\/www.organisator.ch\\\/#website\",\"url\":\"https:\\\/\\\/www.organisator.ch\\\/\",\"name\":\"Organisator\",\"description\":\"Kompetent. Praxisnah. Der ORGANISATOR bereitet in 10 Ausgaben pro Jahr die wesentlichen Themen f\u00fcr F\u00fchrungskr\u00e4fte von KMU auf.\",\"publisher\":{\"@id\":\"https:\\\/\\\/www.organisator.ch\\\/#organization\"},\"potentialAction\":[{\"@type\":\"SearchAction\",\"target\":{\"@type\":\"EntryPoint\",\"urlTemplate\":\"https:\\\/\\\/www.organisator.ch\\\/?s={search_term_string}\"},\"query-input\":{\"@type\":\"PropertyValueSpecification\",\"valueRequired\":true,\"valueName\":\"search_term_string\"}}],\"inLanguage\":\"it-IT\"},{\"@type\":\"Organization\",\"@id\":\"https:\\\/\\\/www.organisator.ch\\\/#organization\",\"name\":\"Organisator\",\"url\":\"https:\\\/\\\/www.organisator.ch\\\/\",\"logo\":{\"@type\":\"ImageObject\",\"inLanguage\":\"it-IT\",\"@id\":\"https:\\\/\\\/www.organisator.ch\\\/#\\\/schema\\\/logo\\\/image\\\/\",\"url\":\"https:\\\/\\\/www.organisator.ch\\\/wp-content\\\/uploads\\\/2022\\\/01\\\/Logo_Organisator_Website.png\",\"contentUrl\":\"https:\\\/\\\/www.organisator.ch\\\/wp-content\\\/uploads\\\/2022\\\/01\\\/Logo_Organisator_Website.png\",\"width\":800,\"height\":77,\"caption\":\"Organisator\"},\"image\":{\"@id\":\"https:\\\/\\\/www.organisator.ch\\\/#\\\/schema\\\/logo\\\/image\\\/\"},\"sameAs\":[\"https:\\\/\\\/www.facebook.com\\\/OrganisatorFachmagazin\",\"https:\\\/\\\/www.linkedin.com\\\/showcase\\\/organisator-das-magazin-fr-kmu\",\"https:\\\/\\\/www.xing.com\\\/news\\\/pages\\\/organisator-ch-695\",\"https:\\\/\\\/www.youtube.com\\\/channel\\\/UCGP2Sq0iWaZwT3BdIAQFYpw\"]},{\"@type\":\"Person\",\"@id\":\"https:\\\/\\\/www.organisator.ch\\\/#\\\/schema\\\/person\\\/6f650f90b2842cd4c0cc334b4e36f67e\",\"name\":\"thomas.berner\",\"image\":{\"@type\":\"ImageObject\",\"inLanguage\":\"it-IT\",\"@id\":\"https:\\\/\\\/secure.gravatar.com\\\/avatar\\\/ac5001d2a36cb6c6cd3e50789007ffca834b477b74a2144564522e944eabff61?s=96&d=mm&r=g\",\"url\":\"https:\\\/\\\/secure.gravatar.com\\\/avatar\\\/ac5001d2a36cb6c6cd3e50789007ffca834b477b74a2144564522e944eabff61?s=96&d=mm&r=g\",\"contentUrl\":\"https:\\\/\\\/secure.gravatar.com\\\/avatar\\\/ac5001d2a36cb6c6cd3e50789007ffca834b477b74a2144564522e944eabff61?s=96&d=mm&r=g\",\"caption\":\"thomas.berner\"},\"url\":\"https:\\\/\\\/www.organisator.ch\\\/it\\\/author\\\/thomas-berner\\\/\"}]}<\/script>\n<!-- \/ Yoast SEO plugin. -->","yoast_head_json":{"title":"Risolvere i conflitti insieme: Anteprima del 12\u00b0 Simposio svizzero sull'economia verde - Organizzatore","description":"Il 12\u00b0 Simposio svizzero sull'economia verde SGES si terr\u00e0 a Winterthur dal 27 al 29 agosto 2024. Il motto: Risolvere i conflitti insieme.","robots":{"index":"index","follow":"follow","max-snippet":"max-snippet:-1","max-image-preview":"max-image-preview:large","max-video-preview":"max-video-preview:-1"},"canonical":"https:\/\/www.organisator.ch\/it\/sostenibilita\/2024-08-06\/gemeinsam-konflikte-loesen-vorschau-auf-das-12-swiss-green-economy-symposium\/","og_locale":"it_IT","og_type":"article","og_title":"Gemeinsam Konflikte l\u00f6sen: Vorschau auf das 12. Swiss Green Economy Symposium","og_description":"Vom 27. bis 29. August 2024 findet in Winterthur das 12. Swiss Green Economy Symposium SGES statt. Das Motto: Gemeinsam Konflikte l\u00f6sen.","og_url":"https:\/\/www.organisator.ch\/it\/sostenibilita\/2024-08-06\/gemeinsam-konflikte-loesen-vorschau-auf-das-12-swiss-green-economy-symposium\/","og_site_name":"Organisator","article_publisher":"https:\/\/www.facebook.com\/OrganisatorFachmagazin","article_published_time":"2024-08-06T07:20:53+00:00","og_image":[{"width":680,"height":376,"url":"https:\/\/www.organisator.ch\/wp-content\/uploads\/2024\/08\/Gemeinsam-Konflikte-loesen-Vorschau-auf-das-12.-Swiss-Green-Economy-Symposium_Organisator.jpg","type":"image\/jpeg"}],"author":"thomas.berner","twitter_card":"summary_large_image","twitter_title":"Gemeinsam #Konflikte l\u00f6sen: Vorschau auf das 12. Swiss Green #Economy #Symposium","twitter_description":"Vom 27. bis 29. August 2024 findet in Winterthur das 12. Swiss Green Economy Symposium #SGES statt. Das Motto: Gemeinsam #Konflikte l\u00f6sen.","twitter_image":"https:\/\/www.organisator.ch\/wp-content\/uploads\/2024\/08\/Gemeinsam-Konflikte-loesen-Vorschau-auf-das-12.-Swiss-Green-Economy-Symposium_Organisator.jpg","schema":{"@context":"https:\/\/schema.org","@graph":[{"@type":"Article","@id":"https:\/\/www.organisator.ch\/sustainability\/2024-08-06\/gemeinsam-konflikte-loesen-vorschau-auf-das-12-swiss-green-economy-symposium\/#article","isPartOf":{"@id":"https:\/\/www.organisator.ch\/sustainability\/2024-08-06\/gemeinsam-konflikte-loesen-vorschau-auf-das-12-swiss-green-economy-symposium\/"},"author":{"name":"thomas.berner","@id":"https:\/\/www.organisator.ch\/#\/schema\/person\/6f650f90b2842cd4c0cc334b4e36f67e"},"headline":"Gemeinsam Konflikte l\u00f6sen: Vorschau auf das 12. Swiss Green Economy Symposium","datePublished":"2024-08-06T07:20:53+00:00","mainEntityOfPage":{"@id":"https:\/\/www.organisator.ch\/sustainability\/2024-08-06\/gemeinsam-konflikte-loesen-vorschau-auf-das-12-swiss-green-economy-symposium\/"},"wordCount":418,"publisher":{"@id":"https:\/\/www.organisator.ch\/#organization"},"image":{"@id":"https:\/\/www.organisator.ch\/sustainability\/2024-08-06\/gemeinsam-konflikte-loesen-vorschau-auf-das-12-swiss-green-economy-symposium\/#primaryimage"},"thumbnailUrl":"https:\/\/www.organisator.ch\/wp-content\/uploads\/2024\/08\/Gemeinsam-Konflikte-loesen-Vorschau-auf-das-12.-Swiss-Green-Economy-Symposium_Organisator.jpg","keywords":["Fachkongress\/Fachmesse","Management und Unternehmensf\u00fchrung","Nachhaltige Wirtschaft","Swiss Green Economy Symposium","Veranstaltungen"],"articleSection":["SUSTAINABILITY"],"inLanguage":"it-IT"},{"@type":"WebPage","@id":"https:\/\/www.organisator.ch\/sustainability\/2024-08-06\/gemeinsam-konflikte-loesen-vorschau-auf-das-12-swiss-green-economy-symposium\/","url":"https:\/\/www.organisator.ch\/sustainability\/2024-08-06\/gemeinsam-konflikte-loesen-vorschau-auf-das-12-swiss-green-economy-symposium\/","name":"Risolvere i conflitti insieme: Anteprima del 12\u00b0 Simposio svizzero sull'economia verde - Organizzatore","isPartOf":{"@id":"https:\/\/www.organisator.ch\/#website"},"primaryImageOfPage":{"@id":"https:\/\/www.organisator.ch\/sustainability\/2024-08-06\/gemeinsam-konflikte-loesen-vorschau-auf-das-12-swiss-green-economy-symposium\/#primaryimage"},"image":{"@id":"https:\/\/www.organisator.ch\/sustainability\/2024-08-06\/gemeinsam-konflikte-loesen-vorschau-auf-das-12-swiss-green-economy-symposium\/#primaryimage"},"thumbnailUrl":"https:\/\/www.organisator.ch\/wp-content\/uploads\/2024\/08\/Gemeinsam-Konflikte-loesen-Vorschau-auf-das-12.-Swiss-Green-Economy-Symposium_Organisator.jpg","datePublished":"2024-08-06T07:20:53+00:00","description":"Il 12\u00b0 Simposio svizzero sull'economia verde SGES si terr\u00e0 a Winterthur dal 27 al 29 agosto 2024. Il motto: Risolvere i conflitti insieme.","breadcrumb":{"@id":"https:\/\/www.organisator.ch\/sustainability\/2024-08-06\/gemeinsam-konflikte-loesen-vorschau-auf-das-12-swiss-green-economy-symposium\/#breadcrumb"},"inLanguage":"it-IT","potentialAction":[{"@type":"ReadAction","target":["https:\/\/www.organisator.ch\/sustainability\/2024-08-06\/gemeinsam-konflikte-loesen-vorschau-auf-das-12-swiss-green-economy-symposium\/"]}]},{"@type":"ImageObject","inLanguage":"it-IT","@id":"https:\/\/www.organisator.ch\/sustainability\/2024-08-06\/gemeinsam-konflikte-loesen-vorschau-auf-das-12-swiss-green-economy-symposium\/#primaryimage","url":"https:\/\/www.organisator.ch\/wp-content\/uploads\/2024\/08\/Gemeinsam-Konflikte-loesen-Vorschau-auf-das-12.-Swiss-Green-Economy-Symposium_Organisator.jpg","contentUrl":"https:\/\/www.organisator.ch\/wp-content\/uploads\/2024\/08\/Gemeinsam-Konflikte-loesen-Vorschau-auf-das-12.-Swiss-Green-Economy-Symposium_Organisator.jpg","width":680,"height":376,"caption":"Am 12. Swiss Green Economy Symposium werden wiederum gut 2000 Besucher\/-innen erwartet. (Bild: Thomas Berner)"},{"@type":"BreadcrumbList","@id":"https:\/\/www.organisator.ch\/sustainability\/2024-08-06\/gemeinsam-konflikte-loesen-vorschau-auf-das-12-swiss-green-economy-symposium\/#breadcrumb","itemListElement":[{"@type":"ListItem","position":1,"name":"Home","item":"https:\/\/www.organisator.ch\/"},{"@type":"ListItem","position":2,"name":"Gemeinsam Konflikte l\u00f6sen: Vorschau auf das 12. Swiss Green Economy Symposium"}]},{"@type":"WebSite","@id":"https:\/\/www.organisator.ch\/#website","url":"https:\/\/www.organisator.ch\/","name":"Organizzatore","description":"Competente. Pratico. In 10 numeri all'anno, ORGANISATOR presenta i temi essenziali per i manager delle PMI.","publisher":{"@id":"https:\/\/www.organisator.ch\/#organization"},"potentialAction":[{"@type":"SearchAction","target":{"@type":"EntryPoint","urlTemplate":"https:\/\/www.organisator.ch\/?s={search_term_string}"},"query-input":{"@type":"PropertyValueSpecification","valueRequired":true,"valueName":"search_term_string"}}],"inLanguage":"it-IT"},{"@type":"Organization","@id":"https:\/\/www.organisator.ch\/#organization","name":"Organizzatore","url":"https:\/\/www.organisator.ch\/","logo":{"@type":"ImageObject","inLanguage":"it-IT","@id":"https:\/\/www.organisator.ch\/#\/schema\/logo\/image\/","url":"https:\/\/www.organisator.ch\/wp-content\/uploads\/2022\/01\/Logo_Organisator_Website.png","contentUrl":"https:\/\/www.organisator.ch\/wp-content\/uploads\/2022\/01\/Logo_Organisator_Website.png","width":800,"height":77,"caption":"Organisator"},"image":{"@id":"https:\/\/www.organisator.ch\/#\/schema\/logo\/image\/"},"sameAs":["https:\/\/www.facebook.com\/OrganisatorFachmagazin","https:\/\/www.linkedin.com\/showcase\/organisator-das-magazin-fr-kmu","https:\/\/www.xing.com\/news\/pages\/organisator-ch-695","https:\/\/www.youtube.com\/channel\/UCGP2Sq0iWaZwT3BdIAQFYpw"]},{"@type":"Person","@id":"https:\/\/www.organisator.ch\/#\/schema\/person\/6f650f90b2842cd4c0cc334b4e36f67e","name":"Tommaso.berner","image":{"@type":"ImageObject","inLanguage":"it-IT","@id":"https:\/\/secure.gravatar.com\/avatar\/ac5001d2a36cb6c6cd3e50789007ffca834b477b74a2144564522e944eabff61?s=96&d=mm&r=g","url":"https:\/\/secure.gravatar.com\/avatar\/ac5001d2a36cb6c6cd3e50789007ffca834b477b74a2144564522e944eabff61?s=96&d=mm&r=g","contentUrl":"https:\/\/secure.gravatar.com\/avatar\/ac5001d2a36cb6c6cd3e50789007ffca834b477b74a2144564522e944eabff61?s=96&d=mm&r=g","caption":"thomas.berner"},"url":"https:\/\/www.organisator.ch\/it\/author\/thomas-berner\/"}]}},"_links":{"self":[{"href":"https:\/\/www.organisator.ch\/it\/wp-json\/wp\/v2\/posts\/28679","targetHints":{"allow":["GET"]}}],"collection":[{"href":"https:\/\/www.organisator.ch\/it\/wp-json\/wp\/v2\/posts"}],"about":[{"href":"https:\/\/www.organisator.ch\/it\/wp-json\/wp\/v2\/types\/post"}],"author":[{"embeddable":true,"href":"https:\/\/www.organisator.ch\/it\/wp-json\/wp\/v2\/users\/4"}],"replies":[{"embeddable":true,"href":"https:\/\/www.organisator.ch\/it\/wp-json\/wp\/v2\/comments?post=28679"}],"version-history":[{"count":3,"href":"https:\/\/www.organisator.ch\/it\/wp-json\/wp\/v2\/posts\/28679\/revisions"}],"predecessor-version":[{"id":28695,"href":"https:\/\/www.organisator.ch\/it\/wp-json\/wp\/v2\/posts\/28679\/revisions\/28695"}],"wp:featuredmedia":[{"embeddable":true,"href":"https:\/\/www.organisator.ch\/it\/wp-json\/wp\/v2\/media\/28680"}],"wp:attachment":[{"href":"https:\/\/www.organisator.ch\/it\/wp-json\/wp\/v2\/media?parent=28679"}],"wp:term":[{"taxonomy":"category","embeddable":true,"href":"https:\/\/www.organisator.ch\/it\/wp-json\/wp\/v2\/categories?post=28679"},{"taxonomy":"post_tag","embeddable":true,"href":"https:\/\/www.organisator.ch\/it\/wp-json\/wp\/v2\/tags?post=28679"}],"curies":[{"name":"wp","href":"https:\/\/api.w.org\/{rel}","templated":true}]}}