{"id":28704,"date":"2024-08-08T09:33:13","date_gmt":"2024-08-08T07:33:13","guid":{"rendered":"https:\/\/www.m-q.ch\/?p=20182"},"modified":"2024-11-09T08:29:50","modified_gmt":"2024-11-09T07:29:50","slug":"zeitalter-der-ki-regionen-muessen-mehr-zusammenarbeiten","status":"publish","type":"post","link":"https:\/\/www.organisator.ch\/it\/operational-excellence\/2024-08-08\/zeitalter-der-ki-regionen-muessen-mehr-zusammenarbeiten\/","title":{"rendered":"L'era dell'IA: le regioni devono collaborare di pi\u00f9"},"content":{"rendered":"<figure id=\"attachment_20183\" class=\"wp-caption alignnone\" style=\"width: 680px\" aria-describedby=\"caption-attachment-20183\"><img class=\"alignnone wp-image-20183 size-full\" src=\"https:\/\/www.organisator.ch\/wp-content\/uploads\/2023\/05\/Die-besten-Schweizer-Workplaces-2023_Organisator.jpg\" alt=\"Collaborazione con l&#039;intelligenza artificiale\" width=\"680\" height=\"454\" \/>\r\n<figcaption id=\"caption-attachment-20183\" class=\"wp-caption-text\">L'importanza della cooperazione tra le regioni nell'era dell'intelligenza artificiale \u00e8 destinata ad aumentare, \u00e8 stato sottolineato in occasione della conferenza di digitalswitzerland che si terr\u00e0 il 7 agosto 2024 a margine del Festival del film di Locarno. (Immagine: digitalswitzerland)<\/figcaption>\r\n<\/figure>\r\n<p>L'organizzazione digitalswitzerland si \u00e8 posta l'obiettivo di unire il settore privato, il settore pubblico, la comunit\u00e0 accademica e la popolazione di tutte le regioni linguistiche della Svizzera attorno a un'agenda digitale. Tale agenda dovrebbe portare la Svizzera a diventare una nazione leader in termini di innovazione, localizzazione delle imprese e competitivit\u00e0 digitale. In quest'ottica, digitalswitzerland ha invitato il 7 agosto al PalaCinema di Locarno esperti, visionari, pionieri dell'industria e aziende innovative del settore pubblico e privato, nonch\u00e9 del mondo accademico, per evidenziare l'impatto rivoluzionario dell'intelligenza artificiale sul mondo economico moderno. Al centro dell'evento tre domande orientate al futuro: come pu\u00f2 svilupparsi l'ecosistema tecnologico creativo svizzero? Come pu\u00f2 la Svizzera beneficiare dei supercomputer presenti in Ticino? Perch\u00e9 le regioni devono unire le forze nell'era dell'IA?<\/p>\r\n<h3><strong>Il futuro del cinema e delle arti audiovisive<\/strong><\/h3>\r\n<p>Rapha\u00ebl Brunschwig, Direttore Generale del Festival del Film di Locarno, Andreas Meyer, Presidente di digitalswitzerland, e Stefan Metzger, CEO di digitalswitzerland, hanno aperto l'evento. Stefano Rizzi, Capo del Dipartimento Affari Economici del Canton Ticino, e Mauro Silacci, Capo del Dipartimento Finanze ed Economia della Citt\u00e0 di Locarno, hanno seguito con alcune parole introduttive.<\/p>\r\n<p>L'arte aveva un posto speciale in relazione al Festival di Locarno. Kevin B. Lee, professore di Futuro del cinema e delle arti audiovisive all'Universit\u00e0 della Svizzera italiana (USI), si \u00e8 interrogato sull'influenza dell'intelligenza artificiale sull'arte, sugli artisti e sul cinema in particolare: Come si svilupper\u00e0 l'importanza del cinema nei prossimi anni? Come pensa il cinema di sopravvivere? Come gli artisti utilizzano questa nuova tecnologia e come il pubblico classifica l'arte generata dall'intelligenza artificiale? La sua conclusione, ispirata alle parole di chiusura di Microsoft al Festival Internazionale del Cinema di Cannes 2024: L'intelligenza artificiale non \u00e8 creativa - lo siete voi. Ma il \"tu\" definisce il valore, il grado di accettazione e la ragionevole disruption che l'IA porta con s\u00e9.<\/p>\r\n<h3><strong>L'IA e le sue molteplici sfaccettature: dalla tecnologia creativa al supercomputer svizzero<\/strong><\/h3>\r\n<p>Marco Zaffalon, professore dell'Istituto Dalle Molle per l'Intelligenza Artificiale (IDSIA, USI-SUPSI), ha esordito illustrando la storia dell'intelligenza artificiale e le sue attuali capacit\u00e0 e incapacit\u00e0. Ha inoltre affrontato i problemi ad essa associati. Ha sottolineato l'importanza della collaborazione tra universit\u00e0, istituti, politica e industria per sviluppare tecnologie e competenze in Svizzera.<\/p>\r\n<p>Christoph Weckerle del Centro per le economie creative di Zurigo ha fatto luce sui cambiamenti nell'uso dell'IA nel settore culturale. Secondo Weckerle, l'IA veniva utilizzata per diffondere i contenuti culturali, mentre oggi viene utilizzata per produrli. Questo sta portando a cambiamenti che stanno rivoluzionando il settore. La Svizzera \u00e8 ancora poco sviluppata nel settore delle tecnologie creative - Weckerle ha sottolineato la mancanza di collaborazione a tutti i livelli. Ha inoltre sottolineato l'importanza di sviluppare un'agenda strategica svizzera per questo settore. C'\u00e8 quindi ancora molto spazio per i progressi. Giulia Lumina, responsabile ESG e sostenibilit\u00e0 di Andersen Tax and Consulting AG, ha spiegato come l'AI li stia aiutando a raggiungere i loro obiettivi.<\/p>\r\n<p>Maria Grazia Giuffreda, vicedirettrice del Centro Svizzero di Calcolo Scientifico (CSCS), e Michele de Lorenzi, vicedirettore, hanno presentato in esclusiva le possibilit\u00e0 del nuovo centro ticinese e del suo supercomputer \"Alps\", che aprir\u00e0 i battenti il 14 settembre. Il supercomputer funge da catalizzatore del progresso tecnologico nei settori dell'intelligenza artificiale, dell'apprendimento automatico e delle infrastrutture affidabili. Entrambi hanno sottolineato il ruolo centrale del supercomputer come elemento di fiducia, innovazione e collaborazione in Svizzera.<\/p>\r\n<h3><strong>Unire le forze<\/strong><\/h3>\r\n<p>L'evento si \u00e8 concluso con una tavola rotonda su quanto sia importante per le regioni svizzere unire le forze nell'era dell'IA e quali siano gli ostacoli da superare. Milena Folletti, responsabile della trasformazione digitale per il Canton Ticino, Sophie Hundertmark, consulente per l'IA e i bot, e Marco Zaffalon si sono confrontati su questo tema. Dalla discussione \u00e8 emerso che una maggiore collaborazione mette in comune le risorse, spinge all'innovazione e rafforza la fiducia e la competitivit\u00e0 globale della Svizzera. Tuttavia, ostacoli come l'autonomia regionale, la mancanza di partenariati pubblico-privato e legislazioni diverse rallentano i progressi.<\/p>\r\n<p>Il Presidente del Consiglio di Stato del Canton Ticino, Christian Vitta, ha concluso la discussione con i seguenti temi: i progressi che l'intelligenza artificiale ha reso possibili in tutti i settori, il ruolo che il Ticino ha svolto nell'innovazione tecnologica e la necessit\u00e0 di una cooperazione interregionale su larga scala.<\/p>\r\n<p><em>Fonte: <a href=\"https:\/\/digitalswitzerland.com\/de\/\">digitalswitzerland<\/a><\/em><\/p>\n<p class=\"syndicated-attribution\">Questo articolo \u00e8 apparso originariamente su m-q.ch - <a href=\"https:\/\/www.m-q.ch\/de\/zeitalter-der-ki-regionen-muessen-mehr-zusammenarbeiten\/\" target=\"_blank\">https:\/\/www.m-q.ch\/de\/zeitalter-der-ki-regionen-muessen-mehr-zusammenarbeiten\/<\/a><\/p>","protected":false},"excerpt":{"rendered":"<p>Nell'ambito del 77\u00b0 Festival del Film di Locarno, digitalswitzerland ha organizzato un evento sul tema dell'intelligenza artificiale con particolare attenzione alla Svizzera, alla tecnologia nell'arte e al potere della collaborazione tra regioni.<\/p>","protected":false},"author":8,"featured_media":0,"comment_status":"closed","ping_status":"closed","sticky":false,"template":"","format":"standard","meta":{"_acf_changed":false,"_yoast_wpseo_focuskw":"KI Zusammenarbeit","_yoast_wpseo_metadesc":"Bedeutung regionaler Zusammenarbeit in der Schweiz im KI-Zeitalter. Veranstaltung von digitalswitzerland in Locarno.","articlekey":"","footnotes":""},"categories":[582],"tags":[103,193,319],"class_list":["post-28704","post","type-post","status-publish","format-standard","hentry","category-operational-excellence","tag-business-excellence","tag-fachkongressfachmesse","tag-kuenstliche-intelligenz"],"acf":[],"yoast_head":"<!-- This site is optimized with the Yoast SEO plugin v27.5 - https:\/\/yoast.com\/product\/yoast-seo-wordpress\/ -->\n<title>Zeitalter der KI: Regionen m\u00fcssen mehr zusammenarbeiten - Organisator<\/title>\n<meta name=\"description\" content=\"Bedeutung regionaler Zusammenarbeit in der Schweiz im KI-Zeitalter. Veranstaltung von digitalswitzerland in Locarno.\" \/>\n<meta name=\"robots\" content=\"index, follow, max-snippet:-1, max-image-preview:large, max-video-preview:-1\" \/>\n<link rel=\"canonical\" href=\"https:\/\/www.organisator.ch\/it\/eccellenza-operativa\/2024-08-08\/zeitalter-der-ki-regionen-muessen-mehr-zusammenarbeiten\/\" \/>\n<meta property=\"og:locale\" content=\"it_IT\" \/>\n<meta property=\"og:type\" content=\"article\" \/>\n<meta property=\"og:title\" content=\"Zeitalter der KI: Regionen m\u00fcssen mehr zusammenarbeiten - Organisator\" \/>\n<meta property=\"og:description\" content=\"Bedeutung regionaler Zusammenarbeit in der Schweiz im KI-Zeitalter. Veranstaltung von digitalswitzerland in Locarno.\" \/>\n<meta property=\"og:url\" content=\"https:\/\/www.organisator.ch\/it\/eccellenza-operativa\/2024-08-08\/zeitalter-der-ki-regionen-muessen-mehr-zusammenarbeiten\/\" \/>\n<meta property=\"og:site_name\" content=\"Organisator\" \/>\n<meta property=\"article:publisher\" content=\"https:\/\/www.facebook.com\/OrganisatorFachmagazin\" \/>\n<meta property=\"article:published_time\" content=\"2024-08-08T07:33:13+00:00\" \/>\n<meta property=\"article:modified_time\" content=\"2024-11-09T07:29:50+00:00\" \/>\n<meta property=\"og:image\" content=\"https:\/\/www.organisator.ch\/wp-content\/uploads\/2023\/05\/Die-besten-Schweizer-Workplaces-2023_Organisator.jpg\" \/>\n<meta name=\"author\" content=\"galledia\" \/>\n<meta name=\"twitter:card\" content=\"summary_large_image\" \/>\n<meta name=\"twitter:creator\" content=\"@admin\" \/>\n<script type=\"application\/ld+json\" class=\"yoast-schema-graph\">{\"@context\":\"https:\\\/\\\/schema.org\",\"@graph\":[{\"@type\":\"Article\",\"@id\":\"https:\\\/\\\/www.organisator.ch\\\/operational-excellence\\\/2024-08-08\\\/zeitalter-der-ki-regionen-muessen-mehr-zusammenarbeiten\\\/#article\",\"isPartOf\":{\"@id\":\"https:\\\/\\\/www.organisator.ch\\\/operational-excellence\\\/2024-08-08\\\/zeitalter-der-ki-regionen-muessen-mehr-zusammenarbeiten\\\/\"},\"author\":{\"name\":\"galledia\",\"@id\":\"https:\\\/\\\/www.organisator.ch\\\/#\\\/schema\\\/person\\\/4e51799071cd2dd1232ac003643ef5f0\"},\"headline\":\"Zeitalter der KI: Regionen m\u00fcssen mehr zusammenarbeiten\",\"datePublished\":\"2024-08-08T07:33:13+00:00\",\"dateModified\":\"2024-11-09T07:29:50+00:00\",\"mainEntityOfPage\":{\"@id\":\"https:\\\/\\\/www.organisator.ch\\\/operational-excellence\\\/2024-08-08\\\/zeitalter-der-ki-regionen-muessen-mehr-zusammenarbeiten\\\/\"},\"wordCount\":814,\"publisher\":{\"@id\":\"https:\\\/\\\/www.organisator.ch\\\/#organization\"},\"image\":{\"@id\":\"https:\\\/\\\/www.organisator.ch\\\/operational-excellence\\\/2024-08-08\\\/zeitalter-der-ki-regionen-muessen-mehr-zusammenarbeiten\\\/#primaryimage\"},\"thumbnailUrl\":\"https:\\\/\\\/www.organisator.ch\\\/wp-content\\\/uploads\\\/2023\\\/05\\\/Die-besten-Schweizer-Workplaces-2023_Organisator.jpg\",\"keywords\":[\"Business Excellence\",\"Fachkongress\\\/Fachmesse\",\"K\u00fcnstliche Intelligenz\"],\"articleSection\":[\"OPERATIONAL EXCELLENCE\"],\"inLanguage\":\"it-IT\"},{\"@type\":\"WebPage\",\"@id\":\"https:\\\/\\\/www.organisator.ch\\\/operational-excellence\\\/2024-08-08\\\/zeitalter-der-ki-regionen-muessen-mehr-zusammenarbeiten\\\/\",\"url\":\"https:\\\/\\\/www.organisator.ch\\\/operational-excellence\\\/2024-08-08\\\/zeitalter-der-ki-regionen-muessen-mehr-zusammenarbeiten\\\/\",\"name\":\"Zeitalter der KI: Regionen m\u00fcssen mehr zusammenarbeiten - Organisator\",\"isPartOf\":{\"@id\":\"https:\\\/\\\/www.organisator.ch\\\/#website\"},\"primaryImageOfPage\":{\"@id\":\"https:\\\/\\\/www.organisator.ch\\\/operational-excellence\\\/2024-08-08\\\/zeitalter-der-ki-regionen-muessen-mehr-zusammenarbeiten\\\/#primaryimage\"},\"image\":{\"@id\":\"https:\\\/\\\/www.organisator.ch\\\/operational-excellence\\\/2024-08-08\\\/zeitalter-der-ki-regionen-muessen-mehr-zusammenarbeiten\\\/#primaryimage\"},\"thumbnailUrl\":\"https:\\\/\\\/www.organisator.ch\\\/wp-content\\\/uploads\\\/2023\\\/05\\\/Die-besten-Schweizer-Workplaces-2023_Organisator.jpg\",\"datePublished\":\"2024-08-08T07:33:13+00:00\",\"dateModified\":\"2024-11-09T07:29:50+00:00\",\"description\":\"Bedeutung regionaler Zusammenarbeit in der Schweiz im KI-Zeitalter. Veranstaltung von digitalswitzerland in Locarno.\",\"breadcrumb\":{\"@id\":\"https:\\\/\\\/www.organisator.ch\\\/operational-excellence\\\/2024-08-08\\\/zeitalter-der-ki-regionen-muessen-mehr-zusammenarbeiten\\\/#breadcrumb\"},\"inLanguage\":\"it-IT\",\"potentialAction\":[{\"@type\":\"ReadAction\",\"target\":[\"https:\\\/\\\/www.organisator.ch\\\/operational-excellence\\\/2024-08-08\\\/zeitalter-der-ki-regionen-muessen-mehr-zusammenarbeiten\\\/\"]}]},{\"@type\":\"ImageObject\",\"inLanguage\":\"it-IT\",\"@id\":\"https:\\\/\\\/www.organisator.ch\\\/operational-excellence\\\/2024-08-08\\\/zeitalter-der-ki-regionen-muessen-mehr-zusammenarbeiten\\\/#primaryimage\",\"url\":\"https:\\\/\\\/www.organisator.ch\\\/wp-content\\\/uploads\\\/2023\\\/05\\\/Die-besten-Schweizer-Workplaces-2023_Organisator.jpg\",\"contentUrl\":\"https:\\\/\\\/www.organisator.ch\\\/wp-content\\\/uploads\\\/2023\\\/05\\\/Die-besten-Schweizer-Workplaces-2023_Organisator.jpg\"},{\"@type\":\"BreadcrumbList\",\"@id\":\"https:\\\/\\\/www.organisator.ch\\\/operational-excellence\\\/2024-08-08\\\/zeitalter-der-ki-regionen-muessen-mehr-zusammenarbeiten\\\/#breadcrumb\",\"itemListElement\":[{\"@type\":\"ListItem\",\"position\":1,\"name\":\"Home\",\"item\":\"https:\\\/\\\/www.organisator.ch\\\/\"},{\"@type\":\"ListItem\",\"position\":2,\"name\":\"Zeitalter der KI: Regionen m\u00fcssen mehr zusammenarbeiten\"}]},{\"@type\":\"WebSite\",\"@id\":\"https:\\\/\\\/www.organisator.ch\\\/#website\",\"url\":\"https:\\\/\\\/www.organisator.ch\\\/\",\"name\":\"Organisator\",\"description\":\"Kompetent. Praxisnah. Der ORGANISATOR bereitet in 10 Ausgaben pro Jahr die wesentlichen Themen f\u00fcr F\u00fchrungskr\u00e4fte von KMU auf.\",\"publisher\":{\"@id\":\"https:\\\/\\\/www.organisator.ch\\\/#organization\"},\"potentialAction\":[{\"@type\":\"SearchAction\",\"target\":{\"@type\":\"EntryPoint\",\"urlTemplate\":\"https:\\\/\\\/www.organisator.ch\\\/?s={search_term_string}\"},\"query-input\":{\"@type\":\"PropertyValueSpecification\",\"valueRequired\":true,\"valueName\":\"search_term_string\"}}],\"inLanguage\":\"it-IT\"},{\"@type\":\"Organization\",\"@id\":\"https:\\\/\\\/www.organisator.ch\\\/#organization\",\"name\":\"Organisator\",\"url\":\"https:\\\/\\\/www.organisator.ch\\\/\",\"logo\":{\"@type\":\"ImageObject\",\"inLanguage\":\"it-IT\",\"@id\":\"https:\\\/\\\/www.organisator.ch\\\/#\\\/schema\\\/logo\\\/image\\\/\",\"url\":\"https:\\\/\\\/www.organisator.ch\\\/wp-content\\\/uploads\\\/2022\\\/01\\\/Logo_Organisator_Website.png\",\"contentUrl\":\"https:\\\/\\\/www.organisator.ch\\\/wp-content\\\/uploads\\\/2022\\\/01\\\/Logo_Organisator_Website.png\",\"width\":800,\"height\":77,\"caption\":\"Organisator\"},\"image\":{\"@id\":\"https:\\\/\\\/www.organisator.ch\\\/#\\\/schema\\\/logo\\\/image\\\/\"},\"sameAs\":[\"https:\\\/\\\/www.facebook.com\\\/OrganisatorFachmagazin\",\"https:\\\/\\\/www.linkedin.com\\\/showcase\\\/organisator-das-magazin-fr-kmu\",\"https:\\\/\\\/www.xing.com\\\/news\\\/pages\\\/organisator-ch-695\",\"https:\\\/\\\/www.youtube.com\\\/channel\\\/UCGP2Sq0iWaZwT3BdIAQFYpw\"]},{\"@type\":\"Person\",\"@id\":\"https:\\\/\\\/www.organisator.ch\\\/#\\\/schema\\\/person\\\/4e51799071cd2dd1232ac003643ef5f0\",\"name\":\"galledia\",\"image\":{\"@type\":\"ImageObject\",\"inLanguage\":\"it-IT\",\"@id\":\"https:\\\/\\\/secure.gravatar.com\\\/avatar\\\/78a7f90c01fc2bfc875782a0d4922b37cde2cf184ce347b91316d23cd7f69a36?s=96&d=mm&r=g\",\"url\":\"https:\\\/\\\/secure.gravatar.com\\\/avatar\\\/78a7f90c01fc2bfc875782a0d4922b37cde2cf184ce347b91316d23cd7f69a36?s=96&d=mm&r=g\",\"contentUrl\":\"https:\\\/\\\/secure.gravatar.com\\\/avatar\\\/78a7f90c01fc2bfc875782a0d4922b37cde2cf184ce347b91316d23cd7f69a36?s=96&d=mm&r=g\",\"caption\":\"galledia\"},\"sameAs\":[\"https:\\\/\\\/x.com\\\/admin\"],\"url\":\"https:\\\/\\\/www.organisator.ch\\\/it\\\/author\\\/galledia\\\/\"}]}<\/script>\n<!-- \/ Yoast SEO plugin. -->","yoast_head_json":{"title":"L'era dell'intelligenza artificiale: le regioni devono collaborare di pi\u00f9 - Organizzatore","description":"L'importanza della cooperazione regionale in Svizzera nell'era dell'intelligenza artificiale. Evento organizzato da digitalswitzerland a Locarno.","robots":{"index":"index","follow":"follow","max-snippet":"max-snippet:-1","max-image-preview":"max-image-preview:large","max-video-preview":"max-video-preview:-1"},"canonical":"https:\/\/www.organisator.ch\/it\/eccellenza-operativa\/2024-08-08\/zeitalter-der-ki-regionen-muessen-mehr-zusammenarbeiten\/","og_locale":"it_IT","og_type":"article","og_title":"Zeitalter der KI: Regionen m\u00fcssen mehr zusammenarbeiten - Organisator","og_description":"Bedeutung regionaler Zusammenarbeit in der Schweiz im KI-Zeitalter. Veranstaltung von digitalswitzerland in Locarno.","og_url":"https:\/\/www.organisator.ch\/it\/eccellenza-operativa\/2024-08-08\/zeitalter-der-ki-regionen-muessen-mehr-zusammenarbeiten\/","og_site_name":"Organisator","article_publisher":"https:\/\/www.facebook.com\/OrganisatorFachmagazin","article_published_time":"2024-08-08T07:33:13+00:00","article_modified_time":"2024-11-09T07:29:50+00:00","og_image":[{"url":"https:\/\/www.organisator.ch\/wp-content\/uploads\/2023\/05\/Die-besten-Schweizer-Workplaces-2023_Organisator.jpg","type":"","width":"","height":""}],"author":"galledia","twitter_card":"summary_large_image","twitter_creator":"@admin","schema":{"@context":"https:\/\/schema.org","@graph":[{"@type":"Article","@id":"https:\/\/www.organisator.ch\/operational-excellence\/2024-08-08\/zeitalter-der-ki-regionen-muessen-mehr-zusammenarbeiten\/#article","isPartOf":{"@id":"https:\/\/www.organisator.ch\/operational-excellence\/2024-08-08\/zeitalter-der-ki-regionen-muessen-mehr-zusammenarbeiten\/"},"author":{"name":"galledia","@id":"https:\/\/www.organisator.ch\/#\/schema\/person\/4e51799071cd2dd1232ac003643ef5f0"},"headline":"Zeitalter der KI: Regionen m\u00fcssen mehr zusammenarbeiten","datePublished":"2024-08-08T07:33:13+00:00","dateModified":"2024-11-09T07:29:50+00:00","mainEntityOfPage":{"@id":"https:\/\/www.organisator.ch\/operational-excellence\/2024-08-08\/zeitalter-der-ki-regionen-muessen-mehr-zusammenarbeiten\/"},"wordCount":814,"publisher":{"@id":"https:\/\/www.organisator.ch\/#organization"},"image":{"@id":"https:\/\/www.organisator.ch\/operational-excellence\/2024-08-08\/zeitalter-der-ki-regionen-muessen-mehr-zusammenarbeiten\/#primaryimage"},"thumbnailUrl":"https:\/\/www.organisator.ch\/wp-content\/uploads\/2023\/05\/Die-besten-Schweizer-Workplaces-2023_Organisator.jpg","keywords":["Business Excellence","Fachkongress\/Fachmesse","K\u00fcnstliche Intelligenz"],"articleSection":["OPERATIONAL EXCELLENCE"],"inLanguage":"it-IT"},{"@type":"WebPage","@id":"https:\/\/www.organisator.ch\/operational-excellence\/2024-08-08\/zeitalter-der-ki-regionen-muessen-mehr-zusammenarbeiten\/","url":"https:\/\/www.organisator.ch\/operational-excellence\/2024-08-08\/zeitalter-der-ki-regionen-muessen-mehr-zusammenarbeiten\/","name":"L'era dell'intelligenza artificiale: le regioni devono collaborare di pi\u00f9 - Organizzatore","isPartOf":{"@id":"https:\/\/www.organisator.ch\/#website"},"primaryImageOfPage":{"@id":"https:\/\/www.organisator.ch\/operational-excellence\/2024-08-08\/zeitalter-der-ki-regionen-muessen-mehr-zusammenarbeiten\/#primaryimage"},"image":{"@id":"https:\/\/www.organisator.ch\/operational-excellence\/2024-08-08\/zeitalter-der-ki-regionen-muessen-mehr-zusammenarbeiten\/#primaryimage"},"thumbnailUrl":"https:\/\/www.organisator.ch\/wp-content\/uploads\/2023\/05\/Die-besten-Schweizer-Workplaces-2023_Organisator.jpg","datePublished":"2024-08-08T07:33:13+00:00","dateModified":"2024-11-09T07:29:50+00:00","description":"L'importanza della cooperazione regionale in Svizzera nell'era dell'intelligenza artificiale. Evento organizzato da digitalswitzerland a Locarno.","breadcrumb":{"@id":"https:\/\/www.organisator.ch\/operational-excellence\/2024-08-08\/zeitalter-der-ki-regionen-muessen-mehr-zusammenarbeiten\/#breadcrumb"},"inLanguage":"it-IT","potentialAction":[{"@type":"ReadAction","target":["https:\/\/www.organisator.ch\/operational-excellence\/2024-08-08\/zeitalter-der-ki-regionen-muessen-mehr-zusammenarbeiten\/"]}]},{"@type":"ImageObject","inLanguage":"it-IT","@id":"https:\/\/www.organisator.ch\/operational-excellence\/2024-08-08\/zeitalter-der-ki-regionen-muessen-mehr-zusammenarbeiten\/#primaryimage","url":"https:\/\/www.organisator.ch\/wp-content\/uploads\/2023\/05\/Die-besten-Schweizer-Workplaces-2023_Organisator.jpg","contentUrl":"https:\/\/www.organisator.ch\/wp-content\/uploads\/2023\/05\/Die-besten-Schweizer-Workplaces-2023_Organisator.jpg"},{"@type":"BreadcrumbList","@id":"https:\/\/www.organisator.ch\/operational-excellence\/2024-08-08\/zeitalter-der-ki-regionen-muessen-mehr-zusammenarbeiten\/#breadcrumb","itemListElement":[{"@type":"ListItem","position":1,"name":"Home","item":"https:\/\/www.organisator.ch\/"},{"@type":"ListItem","position":2,"name":"Zeitalter der KI: Regionen m\u00fcssen mehr zusammenarbeiten"}]},{"@type":"WebSite","@id":"https:\/\/www.organisator.ch\/#website","url":"https:\/\/www.organisator.ch\/","name":"Organizzatore","description":"Competente. Pratico. In 10 numeri all'anno, ORGANISATOR presenta i temi essenziali per i manager delle PMI.","publisher":{"@id":"https:\/\/www.organisator.ch\/#organization"},"potentialAction":[{"@type":"SearchAction","target":{"@type":"EntryPoint","urlTemplate":"https:\/\/www.organisator.ch\/?s={search_term_string}"},"query-input":{"@type":"PropertyValueSpecification","valueRequired":true,"valueName":"search_term_string"}}],"inLanguage":"it-IT"},{"@type":"Organization","@id":"https:\/\/www.organisator.ch\/#organization","name":"Organizzatore","url":"https:\/\/www.organisator.ch\/","logo":{"@type":"ImageObject","inLanguage":"it-IT","@id":"https:\/\/www.organisator.ch\/#\/schema\/logo\/image\/","url":"https:\/\/www.organisator.ch\/wp-content\/uploads\/2022\/01\/Logo_Organisator_Website.png","contentUrl":"https:\/\/www.organisator.ch\/wp-content\/uploads\/2022\/01\/Logo_Organisator_Website.png","width":800,"height":77,"caption":"Organisator"},"image":{"@id":"https:\/\/www.organisator.ch\/#\/schema\/logo\/image\/"},"sameAs":["https:\/\/www.facebook.com\/OrganisatorFachmagazin","https:\/\/www.linkedin.com\/showcase\/organisator-das-magazin-fr-kmu","https:\/\/www.xing.com\/news\/pages\/organisator-ch-695","https:\/\/www.youtube.com\/channel\/UCGP2Sq0iWaZwT3BdIAQFYpw"]},{"@type":"Person","@id":"https:\/\/www.organisator.ch\/#\/schema\/person\/4e51799071cd2dd1232ac003643ef5f0","name":"galledia","image":{"@type":"ImageObject","inLanguage":"it-IT","@id":"https:\/\/secure.gravatar.com\/avatar\/78a7f90c01fc2bfc875782a0d4922b37cde2cf184ce347b91316d23cd7f69a36?s=96&d=mm&r=g","url":"https:\/\/secure.gravatar.com\/avatar\/78a7f90c01fc2bfc875782a0d4922b37cde2cf184ce347b91316d23cd7f69a36?s=96&d=mm&r=g","contentUrl":"https:\/\/secure.gravatar.com\/avatar\/78a7f90c01fc2bfc875782a0d4922b37cde2cf184ce347b91316d23cd7f69a36?s=96&d=mm&r=g","caption":"galledia"},"sameAs":["https:\/\/x.com\/admin"],"url":"https:\/\/www.organisator.ch\/it\/author\/galledia\/"}]}},"_links":{"self":[{"href":"https:\/\/www.organisator.ch\/it\/wp-json\/wp\/v2\/posts\/28704","targetHints":{"allow":["GET"]}}],"collection":[{"href":"https:\/\/www.organisator.ch\/it\/wp-json\/wp\/v2\/posts"}],"about":[{"href":"https:\/\/www.organisator.ch\/it\/wp-json\/wp\/v2\/types\/post"}],"author":[{"embeddable":true,"href":"https:\/\/www.organisator.ch\/it\/wp-json\/wp\/v2\/users\/8"}],"replies":[{"embeddable":true,"href":"https:\/\/www.organisator.ch\/it\/wp-json\/wp\/v2\/comments?post=28704"}],"version-history":[{"count":5,"href":"https:\/\/www.organisator.ch\/it\/wp-json\/wp\/v2\/posts\/28704\/revisions"}],"predecessor-version":[{"id":32082,"href":"https:\/\/www.organisator.ch\/it\/wp-json\/wp\/v2\/posts\/28704\/revisions\/32082"}],"wp:attachment":[{"href":"https:\/\/www.organisator.ch\/it\/wp-json\/wp\/v2\/media?parent=28704"}],"wp:term":[{"taxonomy":"category","embeddable":true,"href":"https:\/\/www.organisator.ch\/it\/wp-json\/wp\/v2\/categories?post=28704"},{"taxonomy":"post_tag","embeddable":true,"href":"https:\/\/www.organisator.ch\/it\/wp-json\/wp\/v2\/tags?post=28704"}],"curies":[{"name":"wp","href":"https:\/\/api.w.org\/{rel}","templated":true}]}}