{"id":28719,"date":"2024-08-09T09:35:37","date_gmt":"2024-08-09T07:35:37","guid":{"rendered":"https:\/\/www.organisator.ch\/?p=28719"},"modified":"2024-08-09T09:35:37","modified_gmt":"2024-08-09T07:35:37","slug":"empa-stellt-neuen-forschungscampus-fertig","status":"publish","type":"post","link":"https:\/\/www.organisator.ch\/it\/sustainability\/2024-08-09\/empa-stellt-neuen-forschungscampus-fertig\/","title":{"rendered":"L'Empa completa il nuovo campus di ricerca"},"content":{"rendered":"<div class=\"std-paragraph-block\">\n<div class=\"std-art-paragraph\">\n<figure id=\"attachment_28723\" aria-describedby=\"caption-attachment-28723\" style=\"width: 680px\" class=\"wp-caption alignnone\"><img loading=\"lazy\" decoding=\"async\" class=\"size-full wp-image-28723\" src=\"https:\/\/www.organisator.ch\/wp-content\/uploads\/2024\/08\/Empa-stellt-neuen-Forschungscampus-fertig_Organisator.jpg\" alt=\"\" width=\"680\" height=\"453\" srcset=\"https:\/\/www.organisator.ch\/wp-content\/uploads\/2024\/08\/Empa-stellt-neuen-Forschungscampus-fertig_Organisator.jpg 680w, https:\/\/www.organisator.ch\/wp-content\/uploads\/2024\/08\/Empa-stellt-neuen-Forschungscampus-fertig_Organisator-18x12.jpg 18w, https:\/\/www.organisator.ch\/wp-content\/uploads\/2024\/08\/Empa-stellt-neuen-Forschungscampus-fertig_Organisator-375x250.jpg 375w, https:\/\/www.organisator.ch\/wp-content\/uploads\/2024\/08\/Empa-stellt-neuen-Forschungscampus-fertig_Organisator-525x350.jpg 525w\" sizes=\"auto, (max-width: 680px) 100vw, 680px\" \/><figcaption id=\"caption-attachment-28723\" class=\"wp-caption-text\">Il campus di ricerca \"co-operate\" \u00e8 stato inaugurato nel giugno 2024. (Immagine: Empa)<\/figcaption><\/figure><\/p>\n<p>Il nuovo campus di ricerca, chiamato \"co-operate\", dar\u00e0 spazio a nuove idee: Secondo il comunicato stampa, l'ulteriore sviluppo del campus di D\u00fcbendorf \u00e8 importante per rimanere all'avanguardia nella ricerca. L'espansione sar\u00e0 completata per il momento con l'apertura nel luglio 2024.<\/p>\n<h3>Moderno, verde e praticamente privo di traffico<\/h3>\n<p>Il campus comprende un nuovo edificio di laboratorio all'avanguardia, un edificio multifunzionale e un parcheggio multipiano. I nuovi edifici consentono ora di ristrutturare l'edificio dei laboratori esistente, risalente agli anni '60, senza grandi interruzioni dell'attivit\u00e0 quotidiana. Il nuovo edificio per laboratori ospita circa 30 nuovi laboratori e altrettanti uffici in una struttura compatta. Secondo l'Empa, il volume dell'edificio, comprese le aree multifunzionali al piano terra, \u00e8 di poco inferiore ai 40.000 metri cubi. Il nuovo parcheggio multipiano offre 260 posti auto per dipendenti e visitatori; in compenso, sono stati gradualmente eliminati i posti auto sparsi per il sito, riducendo il traffico automobilistico nell'area. Il nuovo edificio multifunzionale offre a sua volta circa 1.000 metri quadrati di uffici. Al piano terra si trova il bistrot \"Flair\", con una loggia che si affaccia sulla piazza del campus. Tutti i nuovi edifici sono certificati Minergie-P-Eco.<\/p>\n<\/div>\n<\/div>\n<div class=\"std-paragraph-block\">\n<h3>Innovazioni dai laboratori Empa per l'applicazione pratica<\/h3>\n<div class=\"std-art-paragraph\">\n<p>Gli sviluppi e le innovazioni dei laboratori Empa sono stati realizzati anche nel nuovo campus, in particolare nei settori dell'energia e dell'edilizia. D'ora in poi, la ricerca non sar\u00e0 condotta solo all'interno, ma anche su e con i nuovi edifici. Ad esempio, un campo di 144 sonde geotermiche, che arrivano fino a 100 metri di profondit\u00e0, immagazzina il calore residuo degli edifici. In inverno, questo calore viene estratto dal terreno e sollevato da una pompa di calore per essere utilizzato per il riscaldamento.<\/p>\n<p>Ma non \u00e8 tutto: invece di un campo di sonde geotermiche \"convenzionali\" a bassa temperatura, \u00e8 stato costruito un nuovo sistema sperimentale di accumulo di sonde geotermiche ad alta temperatura. Il calore di scarto dei refrigeratori viene convogliato nel terreno attraverso le sonde geotermiche in estate. Il deposito stagionale di energia geotermica viene cos\u00ec \"caricato\". In inverno, l'energia viene nuovamente estratta dal terreno per il riscaldamento; il serbatoio stagionale di energia geotermica viene \"scaricato\". Questo ciclo stagionale si ripete continuamente. Nell'ambito di un progetto di ricerca, questa innovazione sar\u00e0 ora analizzata in dettaglio nei prossimi anni per scoprire come influisce sull'approvvigionamento energetico, sul funzionamento e sulla sicurezza dell'approvvigionamento del campus.<\/p>\n<p>L'Eawag sta anche studiando come l'uso di scambiatori di calore ad alta temperatura nei pozzi influisca sul terreno circostante, sulle acque sotterranee e sui microrganismi che vi vivono. La Svizzera ha gi\u00e0 la pi\u00f9 alta densit\u00e0 di sonde geotermiche d'Europa, motivo per cui il progetto sta suscitando grande interesse da parte del governo federale e dei cantoni. Inoltre, grazie a speciali gabinetti di separazione, l'urina viene raccolta nel nuovo edificio del laboratorio e convogliata nel \"Water Hub\" di Eawag a NEST. Nel laboratorio viene trasformata in fertilizzante per piante.<\/p>\n<p><em>Fonte: <a href=\"http:\/\/www.empa.ch\">Empa<\/a><\/em><\/p>\n<\/div>\n<\/div>","protected":false},"excerpt":{"rendered":"<p>Il campus congiunto dell'Empa e dell'Eawag a D\u00fcbendorf si \u00e8 arricchito di tre moderni edifici dal 2021 al 2024. Questi offrono ai dipendenti e agli ospiti pi\u00f9 spazio per la ricerca e l'innovazione. Le innovazioni dei laboratori Empa ed Eawag sono state realizzate anche durante la costruzione. <\/p>","protected":false},"author":4,"featured_media":28723,"comment_status":"closed","ping_status":"closed","sticky":false,"template":"","format":"standard","meta":{"_acf_changed":false,"_yoast_wpseo_focuskw":"Forschungscampus","_yoast_wpseo_metadesc":"Der gemeinsame Forschungscampus der Empa und der Eawag in D\u00fcbendorf ist von 2021 bis 2024 um drei moderne Geb\u00e4ude angewachsen.","articlekey":"","footnotes":""},"categories":[580],"tags":[1052,2812,1247,358],"class_list":["post-28719","post","type-post","status-publish","format-standard","has-post-thumbnail","hentry","category-sustainability","tag-empa","tag-forschung-wissenschaft","tag-gebaeude","tag-nachhaltige-wirtschaft"],"acf":[],"yoast_head":"<!-- This site is optimized with the Yoast SEO plugin v27.4 - https:\/\/yoast.com\/product\/yoast-seo-wordpress\/ -->\n<title>Empa stellt neuen Forschungscampus fertig - Organisator<\/title>\n<meta name=\"description\" content=\"Der gemeinsame Forschungscampus der Empa und der Eawag in D\u00fcbendorf ist von 2021 bis 2024 um drei moderne Geb\u00e4ude angewachsen.\" \/>\n<meta name=\"robots\" content=\"index, follow, max-snippet:-1, max-image-preview:large, max-video-preview:-1\" \/>\n<link rel=\"canonical\" href=\"https:\/\/www.organisator.ch\/it\/sostenibilita\/2024-08-09\/empa-stellt-neuen-forschungscampus-fertig\/\" \/>\n<meta property=\"og:locale\" content=\"it_IT\" \/>\n<meta property=\"og:type\" content=\"article\" \/>\n<meta property=\"og:title\" content=\"Empa stellt neuen Forschungscampus fertig\" \/>\n<meta property=\"og:description\" content=\"Der gemeinsame Forschungscampus der Empa und der Eawag in D\u00fcbendorf ist von 2021 bis 2024 um drei moderne Geb\u00e4ude angewachsen.\" \/>\n<meta property=\"og:url\" content=\"https:\/\/www.organisator.ch\/it\/sostenibilita\/2024-08-09\/empa-stellt-neuen-forschungscampus-fertig\/\" \/>\n<meta property=\"og:site_name\" content=\"Organisator\" \/>\n<meta property=\"article:publisher\" content=\"https:\/\/www.facebook.com\/OrganisatorFachmagazin\" \/>\n<meta property=\"article:published_time\" content=\"2024-08-09T07:35:37+00:00\" \/>\n<meta property=\"og:image\" content=\"https:\/\/www.organisator.ch\/wp-content\/uploads\/2024\/08\/Empa-stellt-neuen-Forschungscampus-fertig_Organisator.jpg\" \/>\n\t<meta property=\"og:image:width\" content=\"680\" \/>\n\t<meta property=\"og:image:height\" content=\"453\" \/>\n\t<meta property=\"og:image:type\" content=\"image\/jpeg\" \/>\n<meta name=\"author\" content=\"thomas.berner\" \/>\n<meta name=\"twitter:card\" content=\"summary_large_image\" \/>\n<meta name=\"twitter:title\" content=\"#Empa stellt neuen #Forschungscampus fertig\" \/>\n<meta name=\"twitter:description\" content=\"Der gemeinsame #Forschungscampus der #Empa und der #Eawag in D\u00fcbendorf ist von 2021 bis 2024 um drei moderne Geb\u00e4ude angewachsen.\" \/>\n<meta name=\"twitter:image\" content=\"https:\/\/www.organisator.ch\/wp-content\/uploads\/2024\/08\/Empa-stellt-neuen-Forschungscampus-fertig_Organisator.jpg\" \/>\n<script type=\"application\/ld+json\" class=\"yoast-schema-graph\">{\"@context\":\"https:\\\/\\\/schema.org\",\"@graph\":[{\"@type\":\"Article\",\"@id\":\"https:\\\/\\\/www.organisator.ch\\\/sustainability\\\/2024-08-09\\\/empa-stellt-neuen-forschungscampus-fertig\\\/#article\",\"isPartOf\":{\"@id\":\"https:\\\/\\\/www.organisator.ch\\\/sustainability\\\/2024-08-09\\\/empa-stellt-neuen-forschungscampus-fertig\\\/\"},\"author\":{\"name\":\"thomas.berner\",\"@id\":\"https:\\\/\\\/www.organisator.ch\\\/#\\\/schema\\\/person\\\/6f650f90b2842cd4c0cc334b4e36f67e\"},\"headline\":\"Empa stellt neuen Forschungscampus fertig\",\"datePublished\":\"2024-08-09T07:35:37+00:00\",\"mainEntityOfPage\":{\"@id\":\"https:\\\/\\\/www.organisator.ch\\\/sustainability\\\/2024-08-09\\\/empa-stellt-neuen-forschungscampus-fertig\\\/\"},\"wordCount\":483,\"publisher\":{\"@id\":\"https:\\\/\\\/www.organisator.ch\\\/#organization\"},\"image\":{\"@id\":\"https:\\\/\\\/www.organisator.ch\\\/sustainability\\\/2024-08-09\\\/empa-stellt-neuen-forschungscampus-fertig\\\/#primaryimage\"},\"thumbnailUrl\":\"https:\\\/\\\/www.organisator.ch\\\/wp-content\\\/uploads\\\/2024\\\/08\\\/Empa-stellt-neuen-Forschungscampus-fertig_Organisator.jpg\",\"keywords\":[\"Empa\",\"Forschung\\\/Wissenschaft\",\"Geb\u00e4ude\",\"Nachhaltige Wirtschaft\"],\"articleSection\":[\"SUSTAINABILITY\"],\"inLanguage\":\"it-IT\"},{\"@type\":\"WebPage\",\"@id\":\"https:\\\/\\\/www.organisator.ch\\\/sustainability\\\/2024-08-09\\\/empa-stellt-neuen-forschungscampus-fertig\\\/\",\"url\":\"https:\\\/\\\/www.organisator.ch\\\/sustainability\\\/2024-08-09\\\/empa-stellt-neuen-forschungscampus-fertig\\\/\",\"name\":\"Empa stellt neuen Forschungscampus fertig - Organisator\",\"isPartOf\":{\"@id\":\"https:\\\/\\\/www.organisator.ch\\\/#website\"},\"primaryImageOfPage\":{\"@id\":\"https:\\\/\\\/www.organisator.ch\\\/sustainability\\\/2024-08-09\\\/empa-stellt-neuen-forschungscampus-fertig\\\/#primaryimage\"},\"image\":{\"@id\":\"https:\\\/\\\/www.organisator.ch\\\/sustainability\\\/2024-08-09\\\/empa-stellt-neuen-forschungscampus-fertig\\\/#primaryimage\"},\"thumbnailUrl\":\"https:\\\/\\\/www.organisator.ch\\\/wp-content\\\/uploads\\\/2024\\\/08\\\/Empa-stellt-neuen-Forschungscampus-fertig_Organisator.jpg\",\"datePublished\":\"2024-08-09T07:35:37+00:00\",\"description\":\"Der gemeinsame Forschungscampus der Empa und der Eawag in D\u00fcbendorf ist von 2021 bis 2024 um drei moderne Geb\u00e4ude angewachsen.\",\"breadcrumb\":{\"@id\":\"https:\\\/\\\/www.organisator.ch\\\/sustainability\\\/2024-08-09\\\/empa-stellt-neuen-forschungscampus-fertig\\\/#breadcrumb\"},\"inLanguage\":\"it-IT\",\"potentialAction\":[{\"@type\":\"ReadAction\",\"target\":[\"https:\\\/\\\/www.organisator.ch\\\/sustainability\\\/2024-08-09\\\/empa-stellt-neuen-forschungscampus-fertig\\\/\"]}]},{\"@type\":\"ImageObject\",\"inLanguage\":\"it-IT\",\"@id\":\"https:\\\/\\\/www.organisator.ch\\\/sustainability\\\/2024-08-09\\\/empa-stellt-neuen-forschungscampus-fertig\\\/#primaryimage\",\"url\":\"https:\\\/\\\/www.organisator.ch\\\/wp-content\\\/uploads\\\/2024\\\/08\\\/Empa-stellt-neuen-Forschungscampus-fertig_Organisator.jpg\",\"contentUrl\":\"https:\\\/\\\/www.organisator.ch\\\/wp-content\\\/uploads\\\/2024\\\/08\\\/Empa-stellt-neuen-Forschungscampus-fertig_Organisator.jpg\",\"width\":680,\"height\":453,\"caption\":\"Der Forschungscampus \u00abco-operate\u00bb wurde im Juni 2024 er\u00f6ffnet. (Bild: Empa)\"},{\"@type\":\"BreadcrumbList\",\"@id\":\"https:\\\/\\\/www.organisator.ch\\\/sustainability\\\/2024-08-09\\\/empa-stellt-neuen-forschungscampus-fertig\\\/#breadcrumb\",\"itemListElement\":[{\"@type\":\"ListItem\",\"position\":1,\"name\":\"Home\",\"item\":\"https:\\\/\\\/www.organisator.ch\\\/\"},{\"@type\":\"ListItem\",\"position\":2,\"name\":\"Empa stellt neuen Forschungscampus fertig\"}]},{\"@type\":\"WebSite\",\"@id\":\"https:\\\/\\\/www.organisator.ch\\\/#website\",\"url\":\"https:\\\/\\\/www.organisator.ch\\\/\",\"name\":\"Organisator\",\"description\":\"Kompetent. Praxisnah. Der ORGANISATOR bereitet in 10 Ausgaben pro Jahr die wesentlichen Themen f\u00fcr F\u00fchrungskr\u00e4fte von KMU auf.\",\"publisher\":{\"@id\":\"https:\\\/\\\/www.organisator.ch\\\/#organization\"},\"potentialAction\":[{\"@type\":\"SearchAction\",\"target\":{\"@type\":\"EntryPoint\",\"urlTemplate\":\"https:\\\/\\\/www.organisator.ch\\\/?s={search_term_string}\"},\"query-input\":{\"@type\":\"PropertyValueSpecification\",\"valueRequired\":true,\"valueName\":\"search_term_string\"}}],\"inLanguage\":\"it-IT\"},{\"@type\":\"Organization\",\"@id\":\"https:\\\/\\\/www.organisator.ch\\\/#organization\",\"name\":\"Organisator\",\"url\":\"https:\\\/\\\/www.organisator.ch\\\/\",\"logo\":{\"@type\":\"ImageObject\",\"inLanguage\":\"it-IT\",\"@id\":\"https:\\\/\\\/www.organisator.ch\\\/#\\\/schema\\\/logo\\\/image\\\/\",\"url\":\"https:\\\/\\\/www.organisator.ch\\\/wp-content\\\/uploads\\\/2022\\\/01\\\/Logo_Organisator_Website.png\",\"contentUrl\":\"https:\\\/\\\/www.organisator.ch\\\/wp-content\\\/uploads\\\/2022\\\/01\\\/Logo_Organisator_Website.png\",\"width\":800,\"height\":77,\"caption\":\"Organisator\"},\"image\":{\"@id\":\"https:\\\/\\\/www.organisator.ch\\\/#\\\/schema\\\/logo\\\/image\\\/\"},\"sameAs\":[\"https:\\\/\\\/www.facebook.com\\\/OrganisatorFachmagazin\",\"https:\\\/\\\/www.linkedin.com\\\/showcase\\\/organisator-das-magazin-fr-kmu\",\"https:\\\/\\\/www.xing.com\\\/news\\\/pages\\\/organisator-ch-695\",\"https:\\\/\\\/www.youtube.com\\\/channel\\\/UCGP2Sq0iWaZwT3BdIAQFYpw\"]},{\"@type\":\"Person\",\"@id\":\"https:\\\/\\\/www.organisator.ch\\\/#\\\/schema\\\/person\\\/6f650f90b2842cd4c0cc334b4e36f67e\",\"name\":\"thomas.berner\",\"image\":{\"@type\":\"ImageObject\",\"inLanguage\":\"it-IT\",\"@id\":\"https:\\\/\\\/secure.gravatar.com\\\/avatar\\\/ac5001d2a36cb6c6cd3e50789007ffca834b477b74a2144564522e944eabff61?s=96&d=mm&r=g\",\"url\":\"https:\\\/\\\/secure.gravatar.com\\\/avatar\\\/ac5001d2a36cb6c6cd3e50789007ffca834b477b74a2144564522e944eabff61?s=96&d=mm&r=g\",\"contentUrl\":\"https:\\\/\\\/secure.gravatar.com\\\/avatar\\\/ac5001d2a36cb6c6cd3e50789007ffca834b477b74a2144564522e944eabff61?s=96&d=mm&r=g\",\"caption\":\"thomas.berner\"},\"url\":\"https:\\\/\\\/www.organisator.ch\\\/it\\\/author\\\/thomas-berner\\\/\"}]}<\/script>\n<!-- \/ Yoast SEO plugin. -->","yoast_head_json":{"title":"L'Empa completa il nuovo campus di ricerca - Organizzatore","description":"Il campus di ricerca congiunto dell'Empa e dell'Eawag a D\u00fcbendorf si \u00e8 arricchito di tre moderni edifici dal 2021 al 2024.","robots":{"index":"index","follow":"follow","max-snippet":"max-snippet:-1","max-image-preview":"max-image-preview:large","max-video-preview":"max-video-preview:-1"},"canonical":"https:\/\/www.organisator.ch\/it\/sostenibilita\/2024-08-09\/empa-stellt-neuen-forschungscampus-fertig\/","og_locale":"it_IT","og_type":"article","og_title":"Empa stellt neuen Forschungscampus fertig","og_description":"Der gemeinsame Forschungscampus der Empa und der Eawag in D\u00fcbendorf ist von 2021 bis 2024 um drei moderne Geb\u00e4ude angewachsen.","og_url":"https:\/\/www.organisator.ch\/it\/sostenibilita\/2024-08-09\/empa-stellt-neuen-forschungscampus-fertig\/","og_site_name":"Organisator","article_publisher":"https:\/\/www.facebook.com\/OrganisatorFachmagazin","article_published_time":"2024-08-09T07:35:37+00:00","og_image":[{"width":680,"height":453,"url":"https:\/\/www.organisator.ch\/wp-content\/uploads\/2024\/08\/Empa-stellt-neuen-Forschungscampus-fertig_Organisator.jpg","type":"image\/jpeg"}],"author":"thomas.berner","twitter_card":"summary_large_image","twitter_title":"#Empa stellt neuen #Forschungscampus fertig","twitter_description":"Der gemeinsame #Forschungscampus der #Empa und der #Eawag in D\u00fcbendorf ist von 2021 bis 2024 um drei moderne Geb\u00e4ude angewachsen.","twitter_image":"https:\/\/www.organisator.ch\/wp-content\/uploads\/2024\/08\/Empa-stellt-neuen-Forschungscampus-fertig_Organisator.jpg","schema":{"@context":"https:\/\/schema.org","@graph":[{"@type":"Article","@id":"https:\/\/www.organisator.ch\/sustainability\/2024-08-09\/empa-stellt-neuen-forschungscampus-fertig\/#article","isPartOf":{"@id":"https:\/\/www.organisator.ch\/sustainability\/2024-08-09\/empa-stellt-neuen-forschungscampus-fertig\/"},"author":{"name":"thomas.berner","@id":"https:\/\/www.organisator.ch\/#\/schema\/person\/6f650f90b2842cd4c0cc334b4e36f67e"},"headline":"Empa stellt neuen Forschungscampus fertig","datePublished":"2024-08-09T07:35:37+00:00","mainEntityOfPage":{"@id":"https:\/\/www.organisator.ch\/sustainability\/2024-08-09\/empa-stellt-neuen-forschungscampus-fertig\/"},"wordCount":483,"publisher":{"@id":"https:\/\/www.organisator.ch\/#organization"},"image":{"@id":"https:\/\/www.organisator.ch\/sustainability\/2024-08-09\/empa-stellt-neuen-forschungscampus-fertig\/#primaryimage"},"thumbnailUrl":"https:\/\/www.organisator.ch\/wp-content\/uploads\/2024\/08\/Empa-stellt-neuen-Forschungscampus-fertig_Organisator.jpg","keywords":["Empa","Forschung\/Wissenschaft","Geb\u00e4ude","Nachhaltige Wirtschaft"],"articleSection":["SUSTAINABILITY"],"inLanguage":"it-IT"},{"@type":"WebPage","@id":"https:\/\/www.organisator.ch\/sustainability\/2024-08-09\/empa-stellt-neuen-forschungscampus-fertig\/","url":"https:\/\/www.organisator.ch\/sustainability\/2024-08-09\/empa-stellt-neuen-forschungscampus-fertig\/","name":"L'Empa completa il nuovo campus di ricerca - Organizzatore","isPartOf":{"@id":"https:\/\/www.organisator.ch\/#website"},"primaryImageOfPage":{"@id":"https:\/\/www.organisator.ch\/sustainability\/2024-08-09\/empa-stellt-neuen-forschungscampus-fertig\/#primaryimage"},"image":{"@id":"https:\/\/www.organisator.ch\/sustainability\/2024-08-09\/empa-stellt-neuen-forschungscampus-fertig\/#primaryimage"},"thumbnailUrl":"https:\/\/www.organisator.ch\/wp-content\/uploads\/2024\/08\/Empa-stellt-neuen-Forschungscampus-fertig_Organisator.jpg","datePublished":"2024-08-09T07:35:37+00:00","description":"Il campus di ricerca congiunto dell'Empa e dell'Eawag a D\u00fcbendorf si \u00e8 arricchito di tre moderni edifici dal 2021 al 2024.","breadcrumb":{"@id":"https:\/\/www.organisator.ch\/sustainability\/2024-08-09\/empa-stellt-neuen-forschungscampus-fertig\/#breadcrumb"},"inLanguage":"it-IT","potentialAction":[{"@type":"ReadAction","target":["https:\/\/www.organisator.ch\/sustainability\/2024-08-09\/empa-stellt-neuen-forschungscampus-fertig\/"]}]},{"@type":"ImageObject","inLanguage":"it-IT","@id":"https:\/\/www.organisator.ch\/sustainability\/2024-08-09\/empa-stellt-neuen-forschungscampus-fertig\/#primaryimage","url":"https:\/\/www.organisator.ch\/wp-content\/uploads\/2024\/08\/Empa-stellt-neuen-Forschungscampus-fertig_Organisator.jpg","contentUrl":"https:\/\/www.organisator.ch\/wp-content\/uploads\/2024\/08\/Empa-stellt-neuen-Forschungscampus-fertig_Organisator.jpg","width":680,"height":453,"caption":"Der Forschungscampus \u00abco-operate\u00bb wurde im Juni 2024 er\u00f6ffnet. (Bild: Empa)"},{"@type":"BreadcrumbList","@id":"https:\/\/www.organisator.ch\/sustainability\/2024-08-09\/empa-stellt-neuen-forschungscampus-fertig\/#breadcrumb","itemListElement":[{"@type":"ListItem","position":1,"name":"Home","item":"https:\/\/www.organisator.ch\/"},{"@type":"ListItem","position":2,"name":"Empa stellt neuen Forschungscampus fertig"}]},{"@type":"WebSite","@id":"https:\/\/www.organisator.ch\/#website","url":"https:\/\/www.organisator.ch\/","name":"Organizzatore","description":"Competente. Pratico. In 10 numeri all'anno, ORGANISATOR presenta i temi essenziali per i manager delle PMI.","publisher":{"@id":"https:\/\/www.organisator.ch\/#organization"},"potentialAction":[{"@type":"SearchAction","target":{"@type":"EntryPoint","urlTemplate":"https:\/\/www.organisator.ch\/?s={search_term_string}"},"query-input":{"@type":"PropertyValueSpecification","valueRequired":true,"valueName":"search_term_string"}}],"inLanguage":"it-IT"},{"@type":"Organization","@id":"https:\/\/www.organisator.ch\/#organization","name":"Organizzatore","url":"https:\/\/www.organisator.ch\/","logo":{"@type":"ImageObject","inLanguage":"it-IT","@id":"https:\/\/www.organisator.ch\/#\/schema\/logo\/image\/","url":"https:\/\/www.organisator.ch\/wp-content\/uploads\/2022\/01\/Logo_Organisator_Website.png","contentUrl":"https:\/\/www.organisator.ch\/wp-content\/uploads\/2022\/01\/Logo_Organisator_Website.png","width":800,"height":77,"caption":"Organisator"},"image":{"@id":"https:\/\/www.organisator.ch\/#\/schema\/logo\/image\/"},"sameAs":["https:\/\/www.facebook.com\/OrganisatorFachmagazin","https:\/\/www.linkedin.com\/showcase\/organisator-das-magazin-fr-kmu","https:\/\/www.xing.com\/news\/pages\/organisator-ch-695","https:\/\/www.youtube.com\/channel\/UCGP2Sq0iWaZwT3BdIAQFYpw"]},{"@type":"Person","@id":"https:\/\/www.organisator.ch\/#\/schema\/person\/6f650f90b2842cd4c0cc334b4e36f67e","name":"Tommaso.berner","image":{"@type":"ImageObject","inLanguage":"it-IT","@id":"https:\/\/secure.gravatar.com\/avatar\/ac5001d2a36cb6c6cd3e50789007ffca834b477b74a2144564522e944eabff61?s=96&d=mm&r=g","url":"https:\/\/secure.gravatar.com\/avatar\/ac5001d2a36cb6c6cd3e50789007ffca834b477b74a2144564522e944eabff61?s=96&d=mm&r=g","contentUrl":"https:\/\/secure.gravatar.com\/avatar\/ac5001d2a36cb6c6cd3e50789007ffca834b477b74a2144564522e944eabff61?s=96&d=mm&r=g","caption":"thomas.berner"},"url":"https:\/\/www.organisator.ch\/it\/author\/thomas-berner\/"}]}},"_links":{"self":[{"href":"https:\/\/www.organisator.ch\/it\/wp-json\/wp\/v2\/posts\/28719","targetHints":{"allow":["GET"]}}],"collection":[{"href":"https:\/\/www.organisator.ch\/it\/wp-json\/wp\/v2\/posts"}],"about":[{"href":"https:\/\/www.organisator.ch\/it\/wp-json\/wp\/v2\/types\/post"}],"author":[{"embeddable":true,"href":"https:\/\/www.organisator.ch\/it\/wp-json\/wp\/v2\/users\/4"}],"replies":[{"embeddable":true,"href":"https:\/\/www.organisator.ch\/it\/wp-json\/wp\/v2\/comments?post=28719"}],"version-history":[{"count":4,"href":"https:\/\/www.organisator.ch\/it\/wp-json\/wp\/v2\/posts\/28719\/revisions"}],"predecessor-version":[{"id":28779,"href":"https:\/\/www.organisator.ch\/it\/wp-json\/wp\/v2\/posts\/28719\/revisions\/28779"}],"wp:featuredmedia":[{"embeddable":true,"href":"https:\/\/www.organisator.ch\/it\/wp-json\/wp\/v2\/media\/28723"}],"wp:attachment":[{"href":"https:\/\/www.organisator.ch\/it\/wp-json\/wp\/v2\/media?parent=28719"}],"wp:term":[{"taxonomy":"category","embeddable":true,"href":"https:\/\/www.organisator.ch\/it\/wp-json\/wp\/v2\/categories?post=28719"},{"taxonomy":"post_tag","embeddable":true,"href":"https:\/\/www.organisator.ch\/it\/wp-json\/wp\/v2\/tags?post=28719"}],"curies":[{"name":"wp","href":"https:\/\/api.w.org\/{rel}","templated":true}]}}