{"id":2874,"date":"2017-12-13T08:20:05","date_gmt":"2017-12-13T07:20:05","guid":{"rendered":"https:\/\/www.organisator.ch\/?p=2874"},"modified":"2017-12-13T08:20:05","modified_gmt":"2017-12-13T07:20:05","slug":"optimismus-auf-dem-schweizer-arbeitsmarkt-fuer-den-jahresanfang","status":"publish","type":"post","link":"https:\/\/www.organisator.ch\/it\/human-resources\/hrm\/2017-12-13\/optimismus-auf-dem-schweizer-arbeitsmarkt-fuer-den-jahresanfang\/","title":{"rendered":"Ottimismo sul mercato del lavoro svizzero per l'inizio dell'anno"},"content":{"rendered":"<p>I datori di lavoro della maggior parte delle regioni, ma soprattutto di Zurigo, dell'Espace Mittelland e della Svizzera nordoccidentale, prevedono di ampliare la propria forza lavoro nei primi tre mesi dell'anno. Si prevede un aumento del personale in tutte le categorie di aziende, soprattutto tra le piccole e medie imprese (PMI). \"Queste prospettive positive dimostrano che il mercato del lavoro svizzero comincia a riflettere la ripresa economica\", commenta Leif Agn\u00e9us, direttore generale di Manpower Svizzera. \"Il rafforzamento dell'economia globale, la crescita dell'Eurozona e l'indebolimento del franco svizzero sembrano avere un impatto positivo sui datori di lavoro svizzeri. Le aziende orientate all'esportazione, in particolare, stanno tornando a mostrare maggiore fiducia\".<\/p>\n<figure id=\"attachment_2875\" aria-describedby=\"caption-attachment-2875\" style=\"width: 480px\" class=\"wp-caption alignnone\"><img loading=\"lazy\" decoding=\"async\" class=\"size-full wp-image-2875\" src=\"https:\/\/www.organisator.ch\/wp-content\/uploads\/2017\/12\/Optimismus-auf-dem-Schweizer-Arbeitsmarkt-fuer-den-Jahresanfang-2_Organisator.jpg\" alt=\"\" width=\"480\" height=\"588\" srcset=\"https:\/\/www.organisator.ch\/wp-content\/uploads\/2017\/12\/Optimismus-auf-dem-Schweizer-Arbeitsmarkt-fuer-den-Jahresanfang-2_Organisator.jpg 480w, https:\/\/www.organisator.ch\/wp-content\/uploads\/2017\/12\/Optimismus-auf-dem-Schweizer-Arbeitsmarkt-fuer-den-Jahresanfang-2_Organisator-10x12.jpg 10w, https:\/\/www.organisator.ch\/wp-content\/uploads\/2017\/12\/Optimismus-auf-dem-Schweizer-Arbeitsmarkt-fuer-den-Jahresanfang-2_Organisator-143x175.jpg 143w, https:\/\/www.organisator.ch\/wp-content\/uploads\/2017\/12\/Optimismus-auf-dem-Schweizer-Arbeitsmarkt-fuer-den-Jahresanfang-2_Organisator-286x350.jpg 286w, https:\/\/www.organisator.ch\/wp-content\/uploads\/2017\/12\/Optimismus-auf-dem-Schweizer-Arbeitsmarkt-fuer-den-Jahresanfang-2_Organisator-300x368.jpg 300w\" sizes=\"auto, (max-width: 480px) 100vw, 480px\" \/><figcaption id=\"caption-attachment-2875\" class=\"wp-caption-text\">Manpower comunica prospettive positive per il mercato del lavoro svizzero. (Grafico: Barometro del mercato del lavoro di Manpower)<\/figcaption><\/figure>\n<h2>Mercato del lavoro sempre pi\u00f9 dinamico nell'Espace Mittelland<\/h2>\n<p>Cinque delle sette regioni intervistate prevedono prospettive occupazionali positive per i primi tre mesi del 2018. Particolarmente ottimisti sono i datori di lavoro della regione di Zurigo (+7 %) e dell'Espace Mittelland (+6 %), dove la dinamica delle assunzioni ha registrato una significativa ripresa dopo un anno di risultati negativi, sia su base trimestrale (10 punti percentuali) che annuale (11 punti percentuali). Dal canto loro, i datori di lavoro della Svizzera nordoccidentale (+5 %) forniscono le previsioni pi\u00f9 ottimistiche dal 2015. Solo la Svizzera centrale (-4 %) riporta un outlook negativo. I datori di lavoro della regione del Lago di Ginevra (0 %) sono cauti, anche se otto aziende su dieci non prevedono cambiamenti nei loro livelli di personale.<\/p>\n<h2>Tendenza al rialzo in pi\u00f9 della met\u00e0 dei settori<\/h2>\n<p>I datori di lavoro di sette dei dieci settori economici che hanno partecipato allo studio prevedono un aumento del personale nel corso del primo trimestre del 2018. Ci\u00f2 \u00e8 particolarmente vero per il settore bancario e assicurativo, immobiliare e dei servizi (+10 %) e per il settore manifatturiero (+9 %), che registra anche i pi\u00f9 forti miglioramenti su base trimestrale (26 punti percentuali) e annuale (11 punti percentuali). Gli alberghi e i ristoranti (+7 %) hanno registrato la migliore performance in quasi tre anni. Per contro, le previsioni sono in calo per tre settori, in particolare quello delle costruzioni (-4 %), che registra anche un calo su base trimestrale e annuale (5 punti percentuali ciascuno). \"Le prospettive ottimistiche dell'occupazione nel settore manifatturiero e dell'ospitalit\u00e0 sono chiaramente dovute all'indebolimento del franco\", sottolinea Leif Agn\u00e9us.<\/p>\n<h2>Le PMI svizzere intendono assumere di pi\u00f9 all'inizio del 2018<\/h2>\n<p>Tra le quattro categorie di aziende intervistate, sono le grandi imprese a pianificare il maggior numero di nuove assunzioni (+12 %) per il primo trimestre del 2018, seguite dalle piccole e medie imprese (+9 % ciascuna). Si tratta del miglior risultato per le piccole imprese da oltre tre anni a questa parte e della pi\u00f9 forte crescita su base trimestrale e annuale (rispettivamente 7 e 12 punti percentuali). Solo i datori di lavoro delle microimprese (+1 %) sono pi\u00f9 cauti.<\/p>\n<h2>La Svizzera raggiunge un livello simile a quello dei suoi vicini europei<\/h2>\n<p>Le prospettive occupazionali dei datori di lavoro svizzeri (+3 %) raggiungono un valore vicino a quello dei Paesi vicini: i datori di lavoro in Germania continuano a mostrare fiducia (+5 %), cos\u00ec come quelli in Francia (+2 %). Italia e Austria non prevedono cambiamenti (0 %).<\/p>\n<p><em>Fonte e ulteriori informazioni: <a href=\"http:\/\/www.manpowergroup.com\">Manpower<\/a><\/em><\/p>","protected":false},"excerpt":{"rendered":"<p>Die Arbeitgeber der meisten Regionen, aber vor allem in Z\u00fcrich, dem Espace Mittelland und der Nordwestschweiz, rechnen im Laufe der ersten drei Monate des Jahres mit einer Erweiterung ihrer Belegschaften. In allen Unternehmenskategorien, insbesondere auch bei den kleinen und mittleren Unternehmen (KMU), wird mit einem Anstieg der Personalzahlen gerechnet. &#8222;Diese positiven Aussichten belegen, dass der [&hellip;]<\/p>\n","protected":false},"author":4,"featured_media":2876,"comment_status":"open","ping_status":"open","sticky":false,"template":"","format":"standard","meta":{"_acf_changed":false,"_yoast_wpseo_focuskw":"Arbeitsmarkt","_yoast_wpseo_metadesc":"Den Ergebnissen des aktuellen Arbeitsmarktbarometers von Manpower zufolge d\u00fcrften die Neueinstellungen im ersten Quartal 2018 wieder st\u00e4rker zunehmen.","articlekey":"","footnotes":""},"categories":[26],"tags":[47,254,531],"class_list":["post-2874","post","type-post","status-publish","format-standard","has-post-thumbnail","hentry","category-hrm","tag-arbeitsmarkt","tag-hrm","tag-wirtschaftspolitik"],"acf":[],"yoast_head":"<!-- This site is optimized with the Yoast SEO plugin v27.5 - https:\/\/yoast.com\/product\/yoast-seo-wordpress\/ -->\n<title>Optimismus auf dem Schweizer Arbeitsmarkt f\u00fcr den Jahresanfang - Organisator<\/title>\n<meta name=\"description\" content=\"Den Ergebnissen des aktuellen Arbeitsmarktbarometers von Manpower zufolge d\u00fcrften die Neueinstellungen im ersten Quartal 2018 wieder st\u00e4rker zunehmen.\" \/>\n<meta name=\"robots\" content=\"index, follow, max-snippet:-1, max-image-preview:large, max-video-preview:-1\" \/>\n<link rel=\"canonical\" href=\"https:\/\/www.organisator.ch\/it\/risorse-umane\/hrm\/2017-12-13\/optimismus-auf-dem-schweizer-arbeitsmarkt-fuer-den-jahresanfang\/\" \/>\n<meta property=\"og:locale\" content=\"it_IT\" \/>\n<meta property=\"og:type\" content=\"article\" \/>\n<meta property=\"og:title\" content=\"Optimismus auf dem Schweizer Arbeitsmarkt f\u00fcr den Jahresanfang\" \/>\n<meta property=\"og:description\" content=\"Den Ergebnissen des aktuellen Arbeitsmarktbarometers von #Manpower zufolge d\u00fcrften die #Neueinstellungen im ersten Quartal 2018 wieder st\u00e4rker zunehmen.\" \/>\n<meta property=\"og:url\" content=\"https:\/\/www.organisator.ch\/it\/risorse-umane\/hrm\/2017-12-13\/optimismus-auf-dem-schweizer-arbeitsmarkt-fuer-den-jahresanfang\/\" \/>\n<meta property=\"og:site_name\" content=\"Organisator\" \/>\n<meta property=\"article:publisher\" content=\"https:\/\/www.facebook.com\/OrganisatorFachmagazin\" \/>\n<meta property=\"article:published_time\" content=\"2017-12-13T07:20:05+00:00\" \/>\n<meta property=\"og:image\" content=\"https:\/\/www.organisator.ch\/wp-content\/uploads\/2017\/12\/Optimismus-auf-dem-Schweizer-Arbeitsmarkt-fuer-den-Jahresanfang-1_Organisator.jpg\" \/>\n\t<meta property=\"og:image:width\" content=\"640\" \/>\n\t<meta property=\"og:image:height\" content=\"393\" \/>\n\t<meta property=\"og:image:type\" content=\"image\/jpeg\" \/>\n<meta name=\"author\" content=\"thomas.berner\" \/>\n<meta name=\"twitter:card\" content=\"summary_large_image\" \/>\n<meta name=\"twitter:title\" content=\"Optimismus auf dem Schweizer #Arbeitsmarkt f\u00fcr den Jahresanfang\" \/>\n<meta name=\"twitter:description\" content=\"Den Ergebnissen des aktuellen Arbeitsmarktbarometers von #Manpower zufolge d\u00fcrften die #Neueinstellungen im ersten Quartal 2018 wieder st\u00e4rker zunehmen.\" \/>\n<meta name=\"twitter:image\" content=\"https:\/\/www.organisator.ch\/wp-content\/uploads\/2017\/12\/Optimismus-auf-dem-Schweizer-Arbeitsmarkt-f\u00fcr-den-Jahresanfang-1_Organisator.jpg\" \/>\n<script type=\"application\/ld+json\" class=\"yoast-schema-graph\">{\"@context\":\"https:\\\/\\\/schema.org\",\"@graph\":[{\"@type\":\"Article\",\"@id\":\"https:\\\/\\\/www.organisator.ch\\\/human-resources\\\/hrm\\\/2017-12-13\\\/optimismus-auf-dem-schweizer-arbeitsmarkt-fuer-den-jahresanfang\\\/#article\",\"isPartOf\":{\"@id\":\"https:\\\/\\\/www.organisator.ch\\\/human-resources\\\/hrm\\\/2017-12-13\\\/optimismus-auf-dem-schweizer-arbeitsmarkt-fuer-den-jahresanfang\\\/\"},\"author\":{\"name\":\"thomas.berner\",\"@id\":\"https:\\\/\\\/www.organisator.ch\\\/#\\\/schema\\\/person\\\/6f650f90b2842cd4c0cc334b4e36f67e\"},\"headline\":\"Optimismus auf dem Schweizer Arbeitsmarkt f\u00fcr den Jahresanfang\",\"datePublished\":\"2017-12-13T07:20:05+00:00\",\"mainEntityOfPage\":{\"@id\":\"https:\\\/\\\/www.organisator.ch\\\/human-resources\\\/hrm\\\/2017-12-13\\\/optimismus-auf-dem-schweizer-arbeitsmarkt-fuer-den-jahresanfang\\\/\"},\"wordCount\":473,\"commentCount\":0,\"publisher\":{\"@id\":\"https:\\\/\\\/www.organisator.ch\\\/#organization\"},\"image\":{\"@id\":\"https:\\\/\\\/www.organisator.ch\\\/human-resources\\\/hrm\\\/2017-12-13\\\/optimismus-auf-dem-schweizer-arbeitsmarkt-fuer-den-jahresanfang\\\/#primaryimage\"},\"thumbnailUrl\":\"https:\\\/\\\/www.organisator.ch\\\/wp-content\\\/uploads\\\/2017\\\/12\\\/Optimismus-auf-dem-Schweizer-Arbeitsmarkt-fuer-den-Jahresanfang-1_Organisator.jpg\",\"keywords\":[\"Arbeitsmarkt\",\"HRM\",\"Wirtschaftspolitik\"],\"articleSection\":[\"HRM\"],\"inLanguage\":\"it-IT\"},{\"@type\":\"WebPage\",\"@id\":\"https:\\\/\\\/www.organisator.ch\\\/human-resources\\\/hrm\\\/2017-12-13\\\/optimismus-auf-dem-schweizer-arbeitsmarkt-fuer-den-jahresanfang\\\/\",\"url\":\"https:\\\/\\\/www.organisator.ch\\\/human-resources\\\/hrm\\\/2017-12-13\\\/optimismus-auf-dem-schweizer-arbeitsmarkt-fuer-den-jahresanfang\\\/\",\"name\":\"Optimismus auf dem Schweizer Arbeitsmarkt f\u00fcr den Jahresanfang - Organisator\",\"isPartOf\":{\"@id\":\"https:\\\/\\\/www.organisator.ch\\\/#website\"},\"primaryImageOfPage\":{\"@id\":\"https:\\\/\\\/www.organisator.ch\\\/human-resources\\\/hrm\\\/2017-12-13\\\/optimismus-auf-dem-schweizer-arbeitsmarkt-fuer-den-jahresanfang\\\/#primaryimage\"},\"image\":{\"@id\":\"https:\\\/\\\/www.organisator.ch\\\/human-resources\\\/hrm\\\/2017-12-13\\\/optimismus-auf-dem-schweizer-arbeitsmarkt-fuer-den-jahresanfang\\\/#primaryimage\"},\"thumbnailUrl\":\"https:\\\/\\\/www.organisator.ch\\\/wp-content\\\/uploads\\\/2017\\\/12\\\/Optimismus-auf-dem-Schweizer-Arbeitsmarkt-fuer-den-Jahresanfang-1_Organisator.jpg\",\"datePublished\":\"2017-12-13T07:20:05+00:00\",\"description\":\"Den Ergebnissen des aktuellen Arbeitsmarktbarometers von Manpower zufolge d\u00fcrften die Neueinstellungen im ersten Quartal 2018 wieder st\u00e4rker zunehmen.\",\"breadcrumb\":{\"@id\":\"https:\\\/\\\/www.organisator.ch\\\/human-resources\\\/hrm\\\/2017-12-13\\\/optimismus-auf-dem-schweizer-arbeitsmarkt-fuer-den-jahresanfang\\\/#breadcrumb\"},\"inLanguage\":\"it-IT\",\"potentialAction\":[{\"@type\":\"ReadAction\",\"target\":[\"https:\\\/\\\/www.organisator.ch\\\/human-resources\\\/hrm\\\/2017-12-13\\\/optimismus-auf-dem-schweizer-arbeitsmarkt-fuer-den-jahresanfang\\\/\"]}]},{\"@type\":\"ImageObject\",\"inLanguage\":\"it-IT\",\"@id\":\"https:\\\/\\\/www.organisator.ch\\\/human-resources\\\/hrm\\\/2017-12-13\\\/optimismus-auf-dem-schweizer-arbeitsmarkt-fuer-den-jahresanfang\\\/#primaryimage\",\"url\":\"https:\\\/\\\/www.organisator.ch\\\/wp-content\\\/uploads\\\/2017\\\/12\\\/Optimismus-auf-dem-Schweizer-Arbeitsmarkt-fuer-den-Jahresanfang-1_Organisator.jpg\",\"contentUrl\":\"https:\\\/\\\/www.organisator.ch\\\/wp-content\\\/uploads\\\/2017\\\/12\\\/Optimismus-auf-dem-Schweizer-Arbeitsmarkt-fuer-den-Jahresanfang-1_Organisator.jpg\",\"width\":640,\"height\":393},{\"@type\":\"BreadcrumbList\",\"@id\":\"https:\\\/\\\/www.organisator.ch\\\/human-resources\\\/hrm\\\/2017-12-13\\\/optimismus-auf-dem-schweizer-arbeitsmarkt-fuer-den-jahresanfang\\\/#breadcrumb\",\"itemListElement\":[{\"@type\":\"ListItem\",\"position\":1,\"name\":\"Home\",\"item\":\"https:\\\/\\\/www.organisator.ch\\\/\"},{\"@type\":\"ListItem\",\"position\":2,\"name\":\"Optimismus auf dem Schweizer Arbeitsmarkt f\u00fcr den Jahresanfang\"}]},{\"@type\":\"WebSite\",\"@id\":\"https:\\\/\\\/www.organisator.ch\\\/#website\",\"url\":\"https:\\\/\\\/www.organisator.ch\\\/\",\"name\":\"Organisator\",\"description\":\"Kompetent. Praxisnah. Der ORGANISATOR bereitet in 10 Ausgaben pro Jahr die wesentlichen Themen f\u00fcr F\u00fchrungskr\u00e4fte von KMU auf.\",\"publisher\":{\"@id\":\"https:\\\/\\\/www.organisator.ch\\\/#organization\"},\"potentialAction\":[{\"@type\":\"SearchAction\",\"target\":{\"@type\":\"EntryPoint\",\"urlTemplate\":\"https:\\\/\\\/www.organisator.ch\\\/?s={search_term_string}\"},\"query-input\":{\"@type\":\"PropertyValueSpecification\",\"valueRequired\":true,\"valueName\":\"search_term_string\"}}],\"inLanguage\":\"it-IT\"},{\"@type\":\"Organization\",\"@id\":\"https:\\\/\\\/www.organisator.ch\\\/#organization\",\"name\":\"Organisator\",\"url\":\"https:\\\/\\\/www.organisator.ch\\\/\",\"logo\":{\"@type\":\"ImageObject\",\"inLanguage\":\"it-IT\",\"@id\":\"https:\\\/\\\/www.organisator.ch\\\/#\\\/schema\\\/logo\\\/image\\\/\",\"url\":\"https:\\\/\\\/www.organisator.ch\\\/wp-content\\\/uploads\\\/2022\\\/01\\\/Logo_Organisator_Website.png\",\"contentUrl\":\"https:\\\/\\\/www.organisator.ch\\\/wp-content\\\/uploads\\\/2022\\\/01\\\/Logo_Organisator_Website.png\",\"width\":800,\"height\":77,\"caption\":\"Organisator\"},\"image\":{\"@id\":\"https:\\\/\\\/www.organisator.ch\\\/#\\\/schema\\\/logo\\\/image\\\/\"},\"sameAs\":[\"https:\\\/\\\/www.facebook.com\\\/OrganisatorFachmagazin\",\"https:\\\/\\\/www.linkedin.com\\\/showcase\\\/organisator-das-magazin-fr-kmu\",\"https:\\\/\\\/www.xing.com\\\/news\\\/pages\\\/organisator-ch-695\",\"https:\\\/\\\/www.youtube.com\\\/channel\\\/UCGP2Sq0iWaZwT3BdIAQFYpw\"]},{\"@type\":\"Person\",\"@id\":\"https:\\\/\\\/www.organisator.ch\\\/#\\\/schema\\\/person\\\/6f650f90b2842cd4c0cc334b4e36f67e\",\"name\":\"thomas.berner\",\"image\":{\"@type\":\"ImageObject\",\"inLanguage\":\"it-IT\",\"@id\":\"https:\\\/\\\/secure.gravatar.com\\\/avatar\\\/ac5001d2a36cb6c6cd3e50789007ffca834b477b74a2144564522e944eabff61?s=96&d=mm&r=g\",\"url\":\"https:\\\/\\\/secure.gravatar.com\\\/avatar\\\/ac5001d2a36cb6c6cd3e50789007ffca834b477b74a2144564522e944eabff61?s=96&d=mm&r=g\",\"contentUrl\":\"https:\\\/\\\/secure.gravatar.com\\\/avatar\\\/ac5001d2a36cb6c6cd3e50789007ffca834b477b74a2144564522e944eabff61?s=96&d=mm&r=g\",\"caption\":\"thomas.berner\"},\"url\":\"https:\\\/\\\/www.organisator.ch\\\/it\\\/author\\\/thomas-berner\\\/\"}]}<\/script>\n<!-- \/ Yoast SEO plugin. -->","yoast_head_json":{"title":"Ottimismo sul mercato del lavoro svizzero per l'inizio dell'anno - Organizzatore","description":"Secondo i risultati dell'attuale barometro del mercato del lavoro di Manpower, \u00e8 probabile che le assunzioni tornino a crescere in modo pi\u00f9 sostenuto nel primo trimestre del 2018.","robots":{"index":"index","follow":"follow","max-snippet":"max-snippet:-1","max-image-preview":"max-image-preview:large","max-video-preview":"max-video-preview:-1"},"canonical":"https:\/\/www.organisator.ch\/it\/risorse-umane\/hrm\/2017-12-13\/optimismus-auf-dem-schweizer-arbeitsmarkt-fuer-den-jahresanfang\/","og_locale":"it_IT","og_type":"article","og_title":"Optimismus auf dem Schweizer Arbeitsmarkt f\u00fcr den Jahresanfang","og_description":"Den Ergebnissen des aktuellen Arbeitsmarktbarometers von #Manpower zufolge d\u00fcrften die #Neueinstellungen im ersten Quartal 2018 wieder st\u00e4rker zunehmen.","og_url":"https:\/\/www.organisator.ch\/it\/risorse-umane\/hrm\/2017-12-13\/optimismus-auf-dem-schweizer-arbeitsmarkt-fuer-den-jahresanfang\/","og_site_name":"Organisator","article_publisher":"https:\/\/www.facebook.com\/OrganisatorFachmagazin","article_published_time":"2017-12-13T07:20:05+00:00","og_image":[{"width":640,"height":393,"url":"https:\/\/www.organisator.ch\/wp-content\/uploads\/2017\/12\/Optimismus-auf-dem-Schweizer-Arbeitsmarkt-fuer-den-Jahresanfang-1_Organisator.jpg","type":"image\/jpeg"}],"author":"thomas.berner","twitter_card":"summary_large_image","twitter_title":"Optimismus auf dem Schweizer #Arbeitsmarkt f\u00fcr den Jahresanfang","twitter_description":"Den Ergebnissen des aktuellen Arbeitsmarktbarometers von #Manpower zufolge d\u00fcrften die #Neueinstellungen im ersten Quartal 2018 wieder st\u00e4rker zunehmen.","twitter_image":"https:\/\/www.organisator.ch\/wp-content\/uploads\/2017\/12\/Optimismus-auf-dem-Schweizer-Arbeitsmarkt-f\u00fcr-den-Jahresanfang-1_Organisator.jpg","schema":{"@context":"https:\/\/schema.org","@graph":[{"@type":"Article","@id":"https:\/\/www.organisator.ch\/human-resources\/hrm\/2017-12-13\/optimismus-auf-dem-schweizer-arbeitsmarkt-fuer-den-jahresanfang\/#article","isPartOf":{"@id":"https:\/\/www.organisator.ch\/human-resources\/hrm\/2017-12-13\/optimismus-auf-dem-schweizer-arbeitsmarkt-fuer-den-jahresanfang\/"},"author":{"name":"thomas.berner","@id":"https:\/\/www.organisator.ch\/#\/schema\/person\/6f650f90b2842cd4c0cc334b4e36f67e"},"headline":"Optimismus auf dem Schweizer Arbeitsmarkt f\u00fcr den Jahresanfang","datePublished":"2017-12-13T07:20:05+00:00","mainEntityOfPage":{"@id":"https:\/\/www.organisator.ch\/human-resources\/hrm\/2017-12-13\/optimismus-auf-dem-schweizer-arbeitsmarkt-fuer-den-jahresanfang\/"},"wordCount":473,"commentCount":0,"publisher":{"@id":"https:\/\/www.organisator.ch\/#organization"},"image":{"@id":"https:\/\/www.organisator.ch\/human-resources\/hrm\/2017-12-13\/optimismus-auf-dem-schweizer-arbeitsmarkt-fuer-den-jahresanfang\/#primaryimage"},"thumbnailUrl":"https:\/\/www.organisator.ch\/wp-content\/uploads\/2017\/12\/Optimismus-auf-dem-Schweizer-Arbeitsmarkt-fuer-den-Jahresanfang-1_Organisator.jpg","keywords":["Arbeitsmarkt","HRM","Wirtschaftspolitik"],"articleSection":["HRM"],"inLanguage":"it-IT"},{"@type":"WebPage","@id":"https:\/\/www.organisator.ch\/human-resources\/hrm\/2017-12-13\/optimismus-auf-dem-schweizer-arbeitsmarkt-fuer-den-jahresanfang\/","url":"https:\/\/www.organisator.ch\/human-resources\/hrm\/2017-12-13\/optimismus-auf-dem-schweizer-arbeitsmarkt-fuer-den-jahresanfang\/","name":"Ottimismo sul mercato del lavoro svizzero per l'inizio dell'anno - Organizzatore","isPartOf":{"@id":"https:\/\/www.organisator.ch\/#website"},"primaryImageOfPage":{"@id":"https:\/\/www.organisator.ch\/human-resources\/hrm\/2017-12-13\/optimismus-auf-dem-schweizer-arbeitsmarkt-fuer-den-jahresanfang\/#primaryimage"},"image":{"@id":"https:\/\/www.organisator.ch\/human-resources\/hrm\/2017-12-13\/optimismus-auf-dem-schweizer-arbeitsmarkt-fuer-den-jahresanfang\/#primaryimage"},"thumbnailUrl":"https:\/\/www.organisator.ch\/wp-content\/uploads\/2017\/12\/Optimismus-auf-dem-Schweizer-Arbeitsmarkt-fuer-den-Jahresanfang-1_Organisator.jpg","datePublished":"2017-12-13T07:20:05+00:00","description":"Secondo i risultati dell'attuale barometro del mercato del lavoro di Manpower, \u00e8 probabile che le assunzioni tornino a crescere in modo pi\u00f9 sostenuto nel primo trimestre del 2018.","breadcrumb":{"@id":"https:\/\/www.organisator.ch\/human-resources\/hrm\/2017-12-13\/optimismus-auf-dem-schweizer-arbeitsmarkt-fuer-den-jahresanfang\/#breadcrumb"},"inLanguage":"it-IT","potentialAction":[{"@type":"ReadAction","target":["https:\/\/www.organisator.ch\/human-resources\/hrm\/2017-12-13\/optimismus-auf-dem-schweizer-arbeitsmarkt-fuer-den-jahresanfang\/"]}]},{"@type":"ImageObject","inLanguage":"it-IT","@id":"https:\/\/www.organisator.ch\/human-resources\/hrm\/2017-12-13\/optimismus-auf-dem-schweizer-arbeitsmarkt-fuer-den-jahresanfang\/#primaryimage","url":"https:\/\/www.organisator.ch\/wp-content\/uploads\/2017\/12\/Optimismus-auf-dem-Schweizer-Arbeitsmarkt-fuer-den-Jahresanfang-1_Organisator.jpg","contentUrl":"https:\/\/www.organisator.ch\/wp-content\/uploads\/2017\/12\/Optimismus-auf-dem-Schweizer-Arbeitsmarkt-fuer-den-Jahresanfang-1_Organisator.jpg","width":640,"height":393},{"@type":"BreadcrumbList","@id":"https:\/\/www.organisator.ch\/human-resources\/hrm\/2017-12-13\/optimismus-auf-dem-schweizer-arbeitsmarkt-fuer-den-jahresanfang\/#breadcrumb","itemListElement":[{"@type":"ListItem","position":1,"name":"Home","item":"https:\/\/www.organisator.ch\/"},{"@type":"ListItem","position":2,"name":"Optimismus auf dem Schweizer Arbeitsmarkt f\u00fcr den Jahresanfang"}]},{"@type":"WebSite","@id":"https:\/\/www.organisator.ch\/#website","url":"https:\/\/www.organisator.ch\/","name":"Organizzatore","description":"Competente. Pratico. In 10 numeri all'anno, ORGANISATOR presenta i temi essenziali per i manager delle PMI.","publisher":{"@id":"https:\/\/www.organisator.ch\/#organization"},"potentialAction":[{"@type":"SearchAction","target":{"@type":"EntryPoint","urlTemplate":"https:\/\/www.organisator.ch\/?s={search_term_string}"},"query-input":{"@type":"PropertyValueSpecification","valueRequired":true,"valueName":"search_term_string"}}],"inLanguage":"it-IT"},{"@type":"Organization","@id":"https:\/\/www.organisator.ch\/#organization","name":"Organizzatore","url":"https:\/\/www.organisator.ch\/","logo":{"@type":"ImageObject","inLanguage":"it-IT","@id":"https:\/\/www.organisator.ch\/#\/schema\/logo\/image\/","url":"https:\/\/www.organisator.ch\/wp-content\/uploads\/2022\/01\/Logo_Organisator_Website.png","contentUrl":"https:\/\/www.organisator.ch\/wp-content\/uploads\/2022\/01\/Logo_Organisator_Website.png","width":800,"height":77,"caption":"Organisator"},"image":{"@id":"https:\/\/www.organisator.ch\/#\/schema\/logo\/image\/"},"sameAs":["https:\/\/www.facebook.com\/OrganisatorFachmagazin","https:\/\/www.linkedin.com\/showcase\/organisator-das-magazin-fr-kmu","https:\/\/www.xing.com\/news\/pages\/organisator-ch-695","https:\/\/www.youtube.com\/channel\/UCGP2Sq0iWaZwT3BdIAQFYpw"]},{"@type":"Person","@id":"https:\/\/www.organisator.ch\/#\/schema\/person\/6f650f90b2842cd4c0cc334b4e36f67e","name":"Tommaso.berner","image":{"@type":"ImageObject","inLanguage":"it-IT","@id":"https:\/\/secure.gravatar.com\/avatar\/ac5001d2a36cb6c6cd3e50789007ffca834b477b74a2144564522e944eabff61?s=96&d=mm&r=g","url":"https:\/\/secure.gravatar.com\/avatar\/ac5001d2a36cb6c6cd3e50789007ffca834b477b74a2144564522e944eabff61?s=96&d=mm&r=g","contentUrl":"https:\/\/secure.gravatar.com\/avatar\/ac5001d2a36cb6c6cd3e50789007ffca834b477b74a2144564522e944eabff61?s=96&d=mm&r=g","caption":"thomas.berner"},"url":"https:\/\/www.organisator.ch\/it\/author\/thomas-berner\/"}]}},"_links":{"self":[{"href":"https:\/\/www.organisator.ch\/it\/wp-json\/wp\/v2\/posts\/2874","targetHints":{"allow":["GET"]}}],"collection":[{"href":"https:\/\/www.organisator.ch\/it\/wp-json\/wp\/v2\/posts"}],"about":[{"href":"https:\/\/www.organisator.ch\/it\/wp-json\/wp\/v2\/types\/post"}],"author":[{"embeddable":true,"href":"https:\/\/www.organisator.ch\/it\/wp-json\/wp\/v2\/users\/4"}],"replies":[{"embeddable":true,"href":"https:\/\/www.organisator.ch\/it\/wp-json\/wp\/v2\/comments?post=2874"}],"version-history":[{"count":0,"href":"https:\/\/www.organisator.ch\/it\/wp-json\/wp\/v2\/posts\/2874\/revisions"}],"wp:featuredmedia":[{"embeddable":true,"href":"https:\/\/www.organisator.ch\/it\/wp-json\/wp\/v2\/media\/2876"}],"wp:attachment":[{"href":"https:\/\/www.organisator.ch\/it\/wp-json\/wp\/v2\/media?parent=2874"}],"wp:term":[{"taxonomy":"category","embeddable":true,"href":"https:\/\/www.organisator.ch\/it\/wp-json\/wp\/v2\/categories?post=2874"},{"taxonomy":"post_tag","embeddable":true,"href":"https:\/\/www.organisator.ch\/it\/wp-json\/wp\/v2\/tags?post=2874"}],"curies":[{"name":"wp","href":"https:\/\/api.w.org\/{rel}","templated":true}]}}