{"id":28753,"date":"2024-08-06T17:57:26","date_gmt":"2024-08-06T15:57:26","guid":{"rendered":"https:\/\/www.markt-kom.com\/?p=221391"},"modified":"2024-11-09T10:12:11","modified_gmt":"2024-11-09T09:12:11","slug":"vier-buecher-die-sie-interessieren-koennten-29","status":"publish","type":"post","link":"https:\/\/www.organisator.ch\/it\/marketing\/2024-08-06\/vier-buecher-die-sie-interessieren-koennten-29\/","title":{"rendered":"Quattro libri che potrebbero interessarti"},"content":{"rendered":"<p><img class=\"aligncenter wp-image-221396 size-full\" src=\"https:\/\/www.markt-kom.com\/wp-content\/uploads\/2024\/08\/lesetipps-getabstract-august-24-muk.jpg\" alt=\"Dalle donne in quota\" width=\"1200\" height=\"742\" \/><\/p>\r\n<p><strong>Di donne contingentate e vecchi uomini bianchi<\/strong><\/p>\r\n<p><em>Porre fine ai pregiudizi nel mondo del lavoro. <\/em><\/p>\r\n<ul>\r\n\t<li>Autore: Annahita Esmailzadeh<\/li>\r\n\t<li>Editore: Campus Verlag, 2023<\/li>\r\n\t<li>Pagine: 240<\/li>\r\n\t<li>ISBN: 9783593517551<\/li>\r\n<\/ul>\r\n<p>Vecchi uomini bianchi ai vertici dell'azienda, donne in quota non qualificate: molte persone si confrontano ancora con questi e simili pregiudizi nel mondo del lavoro. Tuttavia, nel suo libro Annahita Esmailzadeh dimostra chiaramente che questi clich\u00e9 e modelli di ruolo non danneggiano solo le carriere individuali, ma anche l'azienda. Come donna proveniente da un contesto migratorio che lavora nel settore tecnologico, conosce le conseguenze di questi stereotipi. Tuttavia, i suoi consigli su come combattere i pregiudizi rimangono purtroppo molto vaghi. Tuttavia, si tratta di una lettura illuminante.<\/p>\r\n<p><img class=\"aligncenter size-full wp-image-221394\" src=\"https:\/\/www.markt-kom.com\/wp-content\/uploads\/2024\/08\/quotenfrauen.jpg\" alt=\"\" width=\"1059\" height=\"794\" \/><\/p>\r\n<p><strong>Fuori dall'autocrazia<\/strong><\/p>\r\n<p><em>Nella mobilit\u00e0 di domani! <\/em><\/p>\r\n<ul>\r\n\t<li>Autore: Katja Diehl<\/li>\r\n\t<li>Editore: Fischer Taschenbuch Verlag, 2024<\/li>\r\n\t<li>Pagine: 272<\/li>\r\n\t<li>ISBN: 9783103975772<\/li>\r\n<\/ul>\r\n<p>La guida dell'auto \u00e8 l'atteggiamento di base verso la mobilit\u00e0 in Germania. Secondo Katja Diehl, questo \u00e8 il motivo per cui la rivoluzione dei trasporti in questo Paese non decolla. Nel suo libro, l'autrice riunisce le voci di numerosi esperti, deduce le cause e i suggerimenti per il cambiamento e presenta numerosi concetti di mobilit\u00e0 alternativa e iniziative per nuove forme di mobilit\u00e0. Dopo aver letto il libro, una cosa \u00e8 chiara: la rivoluzione dei trasporti inizia nella mente. Un libro illuminante per chiunque voglia sapere cosa bisogna fare per la mobilit\u00e0 alternativa.<\/p>\r\n<p><img class=\"aligncenter size-full wp-image-221395\" src=\"https:\/\/www.markt-kom.com\/wp-content\/uploads\/2024\/08\/Raus-aus-der-AUTOkratie.jpg\" alt=\"\" width=\"989\" height=\"742\" \/><\/p>\r\n<p><strong>Allegria!<\/strong><\/p>\r\n<p><em>Mentalmente sani e forti in tempi difficili. <\/em><\/p>\r\n<ul>\r\n\t<li>Autore: Volker Busch<\/li>\r\n\t<li>Editore: Droemer, 2024<\/li>\r\n\t<li>Pagine: 352<\/li>\r\n\t<li>ISBN: 9783426279168<\/li>\r\n<\/ul>\r\n<p><img class=\"aligncenter size-full wp-image-221393\" src=\"https:\/\/www.markt-kom.com\/wp-content\/uploads\/2024\/08\/kopfhoch.jpg\" alt=\"\" width=\"1028\" height=\"771\" \/><\/p>\r\n<p><strong>Limitarismo<\/strong><\/p>\r\n<p><em>Perch\u00e9 la ricchezza deve essere limitata. <\/em><\/p>\r\n<ul>\r\n\t<li>Autore: Ingrid Robeyns<\/li>\r\n\t<li>Editore: S. Fischer Verlag, 2024<\/li>\r\n\t<li>Pagine: 377<\/li>\r\n\t<li>ISBN: 9783103971620<\/li>\r\n<\/ul>\r\n<p>Si pu\u00f2 essere \"troppo ricchi\"? Jeff Bezos ed Elon Musk probabilmente non sarebbero d'accordo, ma potrebbero affermare di avere effettivamente \"bisogno\" dei loro miliardi senza arrossire? Per l'economista e filosofa Ingrid Robeyns, troppi soldi in poche mani sono un problema reale, che crea tensioni sociali e pericolosi squilibri di potere. Per questo motivo ha ideato il concetto di \"limitarismo\". Si tratta di tassare adeguatamente i super-ricchi e di evitare la ricchezza estrema. Un approccio filosofico appassionante e di grande attualit\u00e0.<\/p>\r\n<p><img class=\"aligncenter size-full wp-image-221392\" src=\"https:\/\/www.markt-kom.com\/wp-content\/uploads\/2024\/08\/limitari.jpg\" alt=\"\" width=\"1134\" height=\"850\" \/><\/p>","protected":false},"excerpt":{"rendered":"<p>In collaborazione con GetAbstract, presentiamo quattro libri del settore marketing e comunicazione. Questa volta: \"Von Quotenfrauen und alten weissen M\u00e4nnern\", \"Raus aus der AUTOkratie\", \"Kopf hoch!\" e \"Limitarismus\".<\/p>","protected":false},"author":8,"featured_media":0,"comment_status":"closed","ping_status":"closed","sticky":false,"template":"","format":"standard","meta":{"_acf_changed":false,"_yoast_wpseo_focuskw":"Von Quotenfrauen","_yoast_wpseo_metadesc":"Buch von Annahita Esmailzadeh beleuchtet Vorurteile in der Arbeitswelt und deren Folgen f\u00fcr individuelle Karrieren und Unternehmen.","articlekey":"","footnotes":""},"categories":[29],"tags":[4354,2625,4343],"class_list":["post-28753","post","type-post","status-publish","format-standard","hentry","category-marketing","tag-getabstra","tag-lesetipps","tag-markom"],"acf":[],"yoast_head":"<!-- This site is optimized with the Yoast SEO plugin v27.5 - https:\/\/yoast.com\/product\/yoast-seo-wordpress\/ -->\n<title>Vier B\u00fccher, die Sie interessieren k\u00f6nnten - Organisator<\/title>\n<meta name=\"description\" content=\"Buch von Annahita Esmailzadeh beleuchtet Vorurteile in der Arbeitswelt und deren Folgen f\u00fcr individuelle Karrieren und Unternehmen.\" \/>\n<meta name=\"robots\" content=\"index, follow, max-snippet:-1, max-image-preview:large, max-video-preview:-1\" \/>\n<link rel=\"canonical\" href=\"https:\/\/www.organisator.ch\/it\/marketing\/2024-08-06\/vier-buecher-die-sie-interessieren-koennten-29\/\" \/>\n<meta property=\"og:locale\" content=\"it_IT\" \/>\n<meta property=\"og:type\" content=\"article\" \/>\n<meta property=\"og:title\" content=\"Vier B\u00fccher, die Sie interessieren k\u00f6nnten - Organisator\" \/>\n<meta property=\"og:description\" content=\"Buch von Annahita Esmailzadeh beleuchtet Vorurteile in der Arbeitswelt und deren Folgen f\u00fcr individuelle Karrieren und Unternehmen.\" \/>\n<meta property=\"og:url\" content=\"https:\/\/www.organisator.ch\/it\/marketing\/2024-08-06\/vier-buecher-die-sie-interessieren-koennten-29\/\" \/>\n<meta property=\"og:site_name\" content=\"Organisator\" \/>\n<meta property=\"article:publisher\" content=\"https:\/\/www.facebook.com\/OrganisatorFachmagazin\" \/>\n<meta property=\"article:published_time\" content=\"2024-08-06T15:57:26+00:00\" \/>\n<meta property=\"article:modified_time\" content=\"2024-11-09T09:12:11+00:00\" \/>\n<meta property=\"og:image\" content=\"https:\/\/www.markt-kom.com\/wp-content\/uploads\/2024\/08\/lesetipps-getabstract-august-24-muk.jpg\" \/>\n<meta name=\"author\" content=\"galledia\" \/>\n<meta name=\"twitter:card\" content=\"summary_large_image\" \/>\n<meta name=\"twitter:creator\" content=\"@admin\" \/>\n<script type=\"application\/ld+json\" class=\"yoast-schema-graph\">{\"@context\":\"https:\\\/\\\/schema.org\",\"@graph\":[{\"@type\":\"Article\",\"@id\":\"https:\\\/\\\/www.organisator.ch\\\/marketing\\\/2024-08-06\\\/vier-buecher-die-sie-interessieren-koennten-29\\\/#article\",\"isPartOf\":{\"@id\":\"https:\\\/\\\/www.organisator.ch\\\/marketing\\\/2024-08-06\\\/vier-buecher-die-sie-interessieren-koennten-29\\\/\"},\"author\":{\"name\":\"galledia\",\"@id\":\"https:\\\/\\\/www.organisator.ch\\\/#\\\/schema\\\/person\\\/4e51799071cd2dd1232ac003643ef5f0\"},\"headline\":\"Vier B\u00fccher, die Sie interessieren k\u00f6nnten\",\"datePublished\":\"2024-08-06T15:57:26+00:00\",\"dateModified\":\"2024-11-09T09:12:11+00:00\",\"mainEntityOfPage\":{\"@id\":\"https:\\\/\\\/www.organisator.ch\\\/marketing\\\/2024-08-06\\\/vier-buecher-die-sie-interessieren-koennten-29\\\/\"},\"wordCount\":338,\"publisher\":{\"@id\":\"https:\\\/\\\/www.organisator.ch\\\/#organization\"},\"image\":{\"@id\":\"https:\\\/\\\/www.organisator.ch\\\/marketing\\\/2024-08-06\\\/vier-buecher-die-sie-interessieren-koennten-29\\\/#primaryimage\"},\"thumbnailUrl\":\"https:\\\/\\\/www.markt-kom.com\\\/wp-content\\\/uploads\\\/2024\\\/08\\\/lesetipps-getabstract-august-24-muk.jpg\",\"keywords\":[\"Getabstra\",\"Lesetipps\",\"MarKom\"],\"articleSection\":[\"MARKETING\"],\"inLanguage\":\"it-IT\"},{\"@type\":\"WebPage\",\"@id\":\"https:\\\/\\\/www.organisator.ch\\\/marketing\\\/2024-08-06\\\/vier-buecher-die-sie-interessieren-koennten-29\\\/\",\"url\":\"https:\\\/\\\/www.organisator.ch\\\/marketing\\\/2024-08-06\\\/vier-buecher-die-sie-interessieren-koennten-29\\\/\",\"name\":\"Vier B\u00fccher, die Sie interessieren k\u00f6nnten - Organisator\",\"isPartOf\":{\"@id\":\"https:\\\/\\\/www.organisator.ch\\\/#website\"},\"primaryImageOfPage\":{\"@id\":\"https:\\\/\\\/www.organisator.ch\\\/marketing\\\/2024-08-06\\\/vier-buecher-die-sie-interessieren-koennten-29\\\/#primaryimage\"},\"image\":{\"@id\":\"https:\\\/\\\/www.organisator.ch\\\/marketing\\\/2024-08-06\\\/vier-buecher-die-sie-interessieren-koennten-29\\\/#primaryimage\"},\"thumbnailUrl\":\"https:\\\/\\\/www.markt-kom.com\\\/wp-content\\\/uploads\\\/2024\\\/08\\\/lesetipps-getabstract-august-24-muk.jpg\",\"datePublished\":\"2024-08-06T15:57:26+00:00\",\"dateModified\":\"2024-11-09T09:12:11+00:00\",\"description\":\"Buch von Annahita Esmailzadeh beleuchtet Vorurteile in der Arbeitswelt und deren Folgen f\u00fcr individuelle Karrieren und Unternehmen.\",\"breadcrumb\":{\"@id\":\"https:\\\/\\\/www.organisator.ch\\\/marketing\\\/2024-08-06\\\/vier-buecher-die-sie-interessieren-koennten-29\\\/#breadcrumb\"},\"inLanguage\":\"it-IT\",\"potentialAction\":[{\"@type\":\"ReadAction\",\"target\":[\"https:\\\/\\\/www.organisator.ch\\\/marketing\\\/2024-08-06\\\/vier-buecher-die-sie-interessieren-koennten-29\\\/\"]}]},{\"@type\":\"ImageObject\",\"inLanguage\":\"it-IT\",\"@id\":\"https:\\\/\\\/www.organisator.ch\\\/marketing\\\/2024-08-06\\\/vier-buecher-die-sie-interessieren-koennten-29\\\/#primaryimage\",\"url\":\"https:\\\/\\\/www.markt-kom.com\\\/wp-content\\\/uploads\\\/2024\\\/08\\\/lesetipps-getabstract-august-24-muk.jpg\",\"contentUrl\":\"https:\\\/\\\/www.markt-kom.com\\\/wp-content\\\/uploads\\\/2024\\\/08\\\/lesetipps-getabstract-august-24-muk.jpg\"},{\"@type\":\"BreadcrumbList\",\"@id\":\"https:\\\/\\\/www.organisator.ch\\\/marketing\\\/2024-08-06\\\/vier-buecher-die-sie-interessieren-koennten-29\\\/#breadcrumb\",\"itemListElement\":[{\"@type\":\"ListItem\",\"position\":1,\"name\":\"Home\",\"item\":\"https:\\\/\\\/www.organisator.ch\\\/\"},{\"@type\":\"ListItem\",\"position\":2,\"name\":\"Vier B\u00fccher, die Sie interessieren k\u00f6nnten\"}]},{\"@type\":\"WebSite\",\"@id\":\"https:\\\/\\\/www.organisator.ch\\\/#website\",\"url\":\"https:\\\/\\\/www.organisator.ch\\\/\",\"name\":\"Organisator\",\"description\":\"Kompetent. Praxisnah. Der ORGANISATOR bereitet in 10 Ausgaben pro Jahr die wesentlichen Themen f\u00fcr F\u00fchrungskr\u00e4fte von KMU auf.\",\"publisher\":{\"@id\":\"https:\\\/\\\/www.organisator.ch\\\/#organization\"},\"potentialAction\":[{\"@type\":\"SearchAction\",\"target\":{\"@type\":\"EntryPoint\",\"urlTemplate\":\"https:\\\/\\\/www.organisator.ch\\\/?s={search_term_string}\"},\"query-input\":{\"@type\":\"PropertyValueSpecification\",\"valueRequired\":true,\"valueName\":\"search_term_string\"}}],\"inLanguage\":\"it-IT\"},{\"@type\":\"Organization\",\"@id\":\"https:\\\/\\\/www.organisator.ch\\\/#organization\",\"name\":\"Organisator\",\"url\":\"https:\\\/\\\/www.organisator.ch\\\/\",\"logo\":{\"@type\":\"ImageObject\",\"inLanguage\":\"it-IT\",\"@id\":\"https:\\\/\\\/www.organisator.ch\\\/#\\\/schema\\\/logo\\\/image\\\/\",\"url\":\"https:\\\/\\\/www.organisator.ch\\\/wp-content\\\/uploads\\\/2022\\\/01\\\/Logo_Organisator_Website.png\",\"contentUrl\":\"https:\\\/\\\/www.organisator.ch\\\/wp-content\\\/uploads\\\/2022\\\/01\\\/Logo_Organisator_Website.png\",\"width\":800,\"height\":77,\"caption\":\"Organisator\"},\"image\":{\"@id\":\"https:\\\/\\\/www.organisator.ch\\\/#\\\/schema\\\/logo\\\/image\\\/\"},\"sameAs\":[\"https:\\\/\\\/www.facebook.com\\\/OrganisatorFachmagazin\",\"https:\\\/\\\/www.linkedin.com\\\/showcase\\\/organisator-das-magazin-fr-kmu\",\"https:\\\/\\\/www.xing.com\\\/news\\\/pages\\\/organisator-ch-695\",\"https:\\\/\\\/www.youtube.com\\\/channel\\\/UCGP2Sq0iWaZwT3BdIAQFYpw\"]},{\"@type\":\"Person\",\"@id\":\"https:\\\/\\\/www.organisator.ch\\\/#\\\/schema\\\/person\\\/4e51799071cd2dd1232ac003643ef5f0\",\"name\":\"galledia\",\"image\":{\"@type\":\"ImageObject\",\"inLanguage\":\"it-IT\",\"@id\":\"https:\\\/\\\/secure.gravatar.com\\\/avatar\\\/78a7f90c01fc2bfc875782a0d4922b37cde2cf184ce347b91316d23cd7f69a36?s=96&d=mm&r=g\",\"url\":\"https:\\\/\\\/secure.gravatar.com\\\/avatar\\\/78a7f90c01fc2bfc875782a0d4922b37cde2cf184ce347b91316d23cd7f69a36?s=96&d=mm&r=g\",\"contentUrl\":\"https:\\\/\\\/secure.gravatar.com\\\/avatar\\\/78a7f90c01fc2bfc875782a0d4922b37cde2cf184ce347b91316d23cd7f69a36?s=96&d=mm&r=g\",\"caption\":\"galledia\"},\"sameAs\":[\"https:\\\/\\\/x.com\\\/admin\"],\"url\":\"https:\\\/\\\/www.organisator.ch\\\/it\\\/author\\\/galledia\\\/\"}]}<\/script>\n<!-- \/ Yoast SEO plugin. -->","yoast_head_json":{"title":"Quattro libri che potrebbero interessarvi - Organizzatore","description":"Il libro di Annahita Esmailzadeh fa luce sui pregiudizi nel mondo del lavoro e sulle loro conseguenze per le carriere individuali e le aziende.","robots":{"index":"index","follow":"follow","max-snippet":"max-snippet:-1","max-image-preview":"max-image-preview:large","max-video-preview":"max-video-preview:-1"},"canonical":"https:\/\/www.organisator.ch\/it\/marketing\/2024-08-06\/vier-buecher-die-sie-interessieren-koennten-29\/","og_locale":"it_IT","og_type":"article","og_title":"Vier B\u00fccher, die Sie interessieren k\u00f6nnten - Organisator","og_description":"Buch von Annahita Esmailzadeh beleuchtet Vorurteile in der Arbeitswelt und deren Folgen f\u00fcr individuelle Karrieren und Unternehmen.","og_url":"https:\/\/www.organisator.ch\/it\/marketing\/2024-08-06\/vier-buecher-die-sie-interessieren-koennten-29\/","og_site_name":"Organisator","article_publisher":"https:\/\/www.facebook.com\/OrganisatorFachmagazin","article_published_time":"2024-08-06T15:57:26+00:00","article_modified_time":"2024-11-09T09:12:11+00:00","og_image":[{"url":"https:\/\/www.markt-kom.com\/wp-content\/uploads\/2024\/08\/lesetipps-getabstract-august-24-muk.jpg","type":"","width":"","height":""}],"author":"galledia","twitter_card":"summary_large_image","twitter_creator":"@admin","schema":{"@context":"https:\/\/schema.org","@graph":[{"@type":"Article","@id":"https:\/\/www.organisator.ch\/marketing\/2024-08-06\/vier-buecher-die-sie-interessieren-koennten-29\/#article","isPartOf":{"@id":"https:\/\/www.organisator.ch\/marketing\/2024-08-06\/vier-buecher-die-sie-interessieren-koennten-29\/"},"author":{"name":"galledia","@id":"https:\/\/www.organisator.ch\/#\/schema\/person\/4e51799071cd2dd1232ac003643ef5f0"},"headline":"Vier B\u00fccher, die Sie interessieren k\u00f6nnten","datePublished":"2024-08-06T15:57:26+00:00","dateModified":"2024-11-09T09:12:11+00:00","mainEntityOfPage":{"@id":"https:\/\/www.organisator.ch\/marketing\/2024-08-06\/vier-buecher-die-sie-interessieren-koennten-29\/"},"wordCount":338,"publisher":{"@id":"https:\/\/www.organisator.ch\/#organization"},"image":{"@id":"https:\/\/www.organisator.ch\/marketing\/2024-08-06\/vier-buecher-die-sie-interessieren-koennten-29\/#primaryimage"},"thumbnailUrl":"https:\/\/www.markt-kom.com\/wp-content\/uploads\/2024\/08\/lesetipps-getabstract-august-24-muk.jpg","keywords":["Getabstra","Lesetipps","MarKom"],"articleSection":["MARKETING"],"inLanguage":"it-IT"},{"@type":"WebPage","@id":"https:\/\/www.organisator.ch\/marketing\/2024-08-06\/vier-buecher-die-sie-interessieren-koennten-29\/","url":"https:\/\/www.organisator.ch\/marketing\/2024-08-06\/vier-buecher-die-sie-interessieren-koennten-29\/","name":"Quattro libri che potrebbero interessarvi - Organizzatore","isPartOf":{"@id":"https:\/\/www.organisator.ch\/#website"},"primaryImageOfPage":{"@id":"https:\/\/www.organisator.ch\/marketing\/2024-08-06\/vier-buecher-die-sie-interessieren-koennten-29\/#primaryimage"},"image":{"@id":"https:\/\/www.organisator.ch\/marketing\/2024-08-06\/vier-buecher-die-sie-interessieren-koennten-29\/#primaryimage"},"thumbnailUrl":"https:\/\/www.markt-kom.com\/wp-content\/uploads\/2024\/08\/lesetipps-getabstract-august-24-muk.jpg","datePublished":"2024-08-06T15:57:26+00:00","dateModified":"2024-11-09T09:12:11+00:00","description":"Il libro di Annahita Esmailzadeh fa luce sui pregiudizi nel mondo del lavoro e sulle loro conseguenze per le carriere individuali e le aziende.","breadcrumb":{"@id":"https:\/\/www.organisator.ch\/marketing\/2024-08-06\/vier-buecher-die-sie-interessieren-koennten-29\/#breadcrumb"},"inLanguage":"it-IT","potentialAction":[{"@type":"ReadAction","target":["https:\/\/www.organisator.ch\/marketing\/2024-08-06\/vier-buecher-die-sie-interessieren-koennten-29\/"]}]},{"@type":"ImageObject","inLanguage":"it-IT","@id":"https:\/\/www.organisator.ch\/marketing\/2024-08-06\/vier-buecher-die-sie-interessieren-koennten-29\/#primaryimage","url":"https:\/\/www.markt-kom.com\/wp-content\/uploads\/2024\/08\/lesetipps-getabstract-august-24-muk.jpg","contentUrl":"https:\/\/www.markt-kom.com\/wp-content\/uploads\/2024\/08\/lesetipps-getabstract-august-24-muk.jpg"},{"@type":"BreadcrumbList","@id":"https:\/\/www.organisator.ch\/marketing\/2024-08-06\/vier-buecher-die-sie-interessieren-koennten-29\/#breadcrumb","itemListElement":[{"@type":"ListItem","position":1,"name":"Home","item":"https:\/\/www.organisator.ch\/"},{"@type":"ListItem","position":2,"name":"Vier B\u00fccher, die Sie interessieren k\u00f6nnten"}]},{"@type":"WebSite","@id":"https:\/\/www.organisator.ch\/#website","url":"https:\/\/www.organisator.ch\/","name":"Organizzatore","description":"Competente. Pratico. In 10 numeri all'anno, ORGANISATOR presenta i temi essenziali per i manager delle PMI.","publisher":{"@id":"https:\/\/www.organisator.ch\/#organization"},"potentialAction":[{"@type":"SearchAction","target":{"@type":"EntryPoint","urlTemplate":"https:\/\/www.organisator.ch\/?s={search_term_string}"},"query-input":{"@type":"PropertyValueSpecification","valueRequired":true,"valueName":"search_term_string"}}],"inLanguage":"it-IT"},{"@type":"Organization","@id":"https:\/\/www.organisator.ch\/#organization","name":"Organizzatore","url":"https:\/\/www.organisator.ch\/","logo":{"@type":"ImageObject","inLanguage":"it-IT","@id":"https:\/\/www.organisator.ch\/#\/schema\/logo\/image\/","url":"https:\/\/www.organisator.ch\/wp-content\/uploads\/2022\/01\/Logo_Organisator_Website.png","contentUrl":"https:\/\/www.organisator.ch\/wp-content\/uploads\/2022\/01\/Logo_Organisator_Website.png","width":800,"height":77,"caption":"Organisator"},"image":{"@id":"https:\/\/www.organisator.ch\/#\/schema\/logo\/image\/"},"sameAs":["https:\/\/www.facebook.com\/OrganisatorFachmagazin","https:\/\/www.linkedin.com\/showcase\/organisator-das-magazin-fr-kmu","https:\/\/www.xing.com\/news\/pages\/organisator-ch-695","https:\/\/www.youtube.com\/channel\/UCGP2Sq0iWaZwT3BdIAQFYpw"]},{"@type":"Person","@id":"https:\/\/www.organisator.ch\/#\/schema\/person\/4e51799071cd2dd1232ac003643ef5f0","name":"galledia","image":{"@type":"ImageObject","inLanguage":"it-IT","@id":"https:\/\/secure.gravatar.com\/avatar\/78a7f90c01fc2bfc875782a0d4922b37cde2cf184ce347b91316d23cd7f69a36?s=96&d=mm&r=g","url":"https:\/\/secure.gravatar.com\/avatar\/78a7f90c01fc2bfc875782a0d4922b37cde2cf184ce347b91316d23cd7f69a36?s=96&d=mm&r=g","contentUrl":"https:\/\/secure.gravatar.com\/avatar\/78a7f90c01fc2bfc875782a0d4922b37cde2cf184ce347b91316d23cd7f69a36?s=96&d=mm&r=g","caption":"galledia"},"sameAs":["https:\/\/x.com\/admin"],"url":"https:\/\/www.organisator.ch\/it\/author\/galledia\/"}]}},"_links":{"self":[{"href":"https:\/\/www.organisator.ch\/it\/wp-json\/wp\/v2\/posts\/28753","targetHints":{"allow":["GET"]}}],"collection":[{"href":"https:\/\/www.organisator.ch\/it\/wp-json\/wp\/v2\/posts"}],"about":[{"href":"https:\/\/www.organisator.ch\/it\/wp-json\/wp\/v2\/types\/post"}],"author":[{"embeddable":true,"href":"https:\/\/www.organisator.ch\/it\/wp-json\/wp\/v2\/users\/8"}],"replies":[{"embeddable":true,"href":"https:\/\/www.organisator.ch\/it\/wp-json\/wp\/v2\/comments?post=28753"}],"version-history":[{"count":2,"href":"https:\/\/www.organisator.ch\/it\/wp-json\/wp\/v2\/posts\/28753\/revisions"}],"predecessor-version":[{"id":32090,"href":"https:\/\/www.organisator.ch\/it\/wp-json\/wp\/v2\/posts\/28753\/revisions\/32090"}],"wp:attachment":[{"href":"https:\/\/www.organisator.ch\/it\/wp-json\/wp\/v2\/media?parent=28753"}],"wp:term":[{"taxonomy":"category","embeddable":true,"href":"https:\/\/www.organisator.ch\/it\/wp-json\/wp\/v2\/categories?post=28753"},{"taxonomy":"post_tag","embeddable":true,"href":"https:\/\/www.organisator.ch\/it\/wp-json\/wp\/v2\/tags?post=28753"}],"curies":[{"name":"wp","href":"https:\/\/api.w.org\/{rel}","templated":true}]}}