{"id":28768,"date":"2024-08-11T14:43:06","date_gmt":"2024-08-11T12:43:06","guid":{"rendered":"https:\/\/www.markt-kom.com\/?p=217923"},"modified":"2024-11-09T07:52:03","modified_gmt":"2024-11-09T06:52:03","slug":"wenn-man-zu-den-besten-gehoeren-will-ist-ein-gutes-team-entscheidend-christian-gut","status":"publish","type":"post","link":"https:\/\/www.organisator.ch\/it\/marketing\/2024-08-11\/wenn-man-zu-den-besten-gehoeren-will-ist-ein-gutes-team-entscheidend-christian-gut\/","title":{"rendered":"\"Se si vuole essere tra i migliori, una buona squadra \u00e8 fondamentale\" - Christian Gut"},"content":{"rendered":"<p><img class=\"aligncenter wp-image-221158 size-full\" src=\"https:\/\/www.markt-kom.com\/wp-content\/uploads\/2024\/07\/Christian-Stoeckli-4-3-CMO-of-The-Year.png\" alt=\"Christian Gut St\u00f6ckli \" width=\"1024\" height=\"768\" \/><\/p>\r\n<h3><b>Con l'ascensore fino in cima, con gli sci fino in fondo<\/b><\/h3>\r\n<p><span style=\"font-weight: 400\">Il successo nel marketing \u00e8 come prendere l'ascensore per arrivare in cima: continuamente, in modo mirato e verso l'alto. Christian Gut usa perfettamente questa metafora per descrivere l'impressionante ascesa di St\u00f6ckli Swiss Sports nell'elevator pitch. \"St\u00f6ckli \u00e8 lo sci svizzero. \u00c8 visibile in fabbrica, tangibile e sperimentabile sulla neve e sulle piste, e dimostrabile nelle gare\", afferma Gut. Sotto la sua guida, la strategia di go-to-market D2C (direct-to-consumer) \u00e8 stata perfettamente allineata con il settore B2B2C (business-to-business-to-consumer) in rapida crescita, che ha rafforzato l'azienda a livello internazionale e le ha permesso di guadagnare quote di mercato.<\/span><\/p>\r\n<p><\/p>\r\n<h3><b>L'\"effetto Marco Odermatt\": sulle orme del vincitore<\/b><\/h3>\r\n<p><span style=\"font-weight: 400\">Mentre l'ascensore \u00e8 metaforicamente sinonimo di successo nella salita, gli sci di St\u00f6ckli simboleggiano la discesa rapida e magistrale. L'\"effetto Marco Odermatt\" ne \u00e8 un esempio lampante. Odermatt, tre volte vincitore della Coppa del Mondo, non \u00e8 solo una figura di riferimento, ma anche la prova vivente dell'alta qualit\u00e0 degli sci St\u00f6ckli. \"Lo scorso marzo Marco Odermatt ha vinto la Coppa del Mondo per la terza volta consecutiva e abbiamo festeggiato con una triplice campagna\", spiega Gut. Una campagna di guerrilla marketing in Times Square a New York non solo ha attirato l'attenzione, ma ha anche dimostrato la portata e l'influenza globale del marchio.<\/span><\/p>\r\n<h3><b>Innovazione e sostenibilit\u00e0: la formula St\u00f6ckli<\/b><\/h3>\r\n<p><span style=\"font-weight: 400\">St\u00f6ckli non si concentra solo su velocit\u00e0 e vittoria, ma anche su sostenibilit\u00e0 e innovazione. Se da un lato gli sci devono consentire la discesa perfetta, dall'altro l'azienda si impegna a soddisfare i pi\u00f9 alti standard di sostenibilit\u00e0 nella produzione e nei prodotti. \"L'attenzione \u00e8 rivolta alla qualit\u00e0 e alla durata dei prodotti, che si inserisce nella strategia di Swissness ed \u00e8 di per s\u00e9 sostenibile\", sottolinea Gut. <\/span>St\u00f6ckli sta definendo nuovi standard con l'utilizzo di 100 % di energia rinnovabile nello stabilimento di Malters e un innovativo accumulatore di calore che consente di risparmiare 30% di energia durante il processo di produzione.<\/p>\r\n<h3><b>Centralit\u00e0 del cliente: la chiave del successo<\/b><\/h3>\r\n<p><span style=\"font-weight: 400\">La partenza perfetta inizia con una buona preparazione e una precisa comprensione del cliente. \"La sensazione dei nostri consumatori \u00e8 per noi ancora pi\u00f9 importante della nostra stessa sensazione\", spiega Gut. Gli ski test e le visite in fabbrica sono componenti essenziali della strategia di marketing per rafforzare l'interazione con i clienti e offrire loro un'esperienza indimenticabile. Questa strategia ha aiutato St\u00f6ckli a costruire una base di clienti forte e fedele.<\/span><\/p>\r\n<h3><b>Chi sar\u00e0 il \"CMO dell'anno 2024\"?<\/b><\/h3>\r\n<p><span style=\"font-weight: 400\">Gli straordinari risultati ottenuti da Christian Gut come Chief Sales &amp; Marketing Officer di St\u00f6ckli Swiss Sports e le sue innovative strategie di marketing hanno stabilito nuovi standard nel settore. Mentre l'ascensore simboleggia la costante ascesa del marketing, gli sci di St\u00f6ckli incarnano la perfezione dello sci alpino: veloci, eleganti e magistrali. Chi si aggiudicher\u00e0 il titolo di \"CMO dell'anno\" nel 2024 rimarr\u00e0 in sospeso fino all'esclusiva serata di premiazione nella Papiersaal. Fino ad allora, Gut dimostra come una strategia di marketing ben studiata e coraggiosa possa portare successo e crescita a lungo termine.<\/span><\/p>","protected":false},"excerpt":{"rendered":"<p>Christian Gut, Chief Sales &amp; Marketing Officer di St\u00f6ckli Swiss Sports, \u00e8 stato nominato \"CMO dell'anno\" 2024. In questa intervista parla dei successi di St\u00f6ckli, della strategia di marketing trasformativo e dell'\"effetto Marco Odermatt\". La votazione si \u00e8 svolta nel ristorante Clouds, sopra i tetti di Zurigo.<\/p>","protected":false},"author":8,"featured_media":0,"comment_status":"closed","ping_status":"closed","sticky":false,"template":"","format":"standard","meta":{"_acf_changed":false,"_yoast_wpseo_focuskw":"Christian Gut St\u00f6ckli","_yoast_wpseo_metadesc":"Christian Gut von St\u00f6ckli Swiss Sports nutzt innovative Marketingstrategien f\u00fcr nachhaltigen Erfolg und globale Reichweite.","articlekey":"","footnotes":""},"categories":[29],"tags":[66,3733,4348,4358],"class_list":["post-28768","post","type-post","status-publish","format-standard","hentry","category-marketing","tag-awards","tag-cmo-of-the-year","tag-mk-format","tag-stoeckli"],"acf":[],"yoast_head":"<!-- This site is optimized with the Yoast SEO plugin v27.5 - https:\/\/yoast.com\/product\/yoast-seo-wordpress\/ -->\n<title>\u00abWenn man zu den Besten geh\u00f6ren will, ist ein gutes Team entscheidend\u00bb \u2013 Christian Gut - Organisator<\/title>\n<meta name=\"description\" content=\"Christian Gut von St\u00f6ckli Swiss Sports nutzt innovative Marketingstrategien f\u00fcr nachhaltigen Erfolg und globale Reichweite.\" \/>\n<meta name=\"robots\" content=\"index, follow, max-snippet:-1, max-image-preview:large, max-video-preview:-1\" \/>\n<link rel=\"canonical\" href=\"https:\/\/www.organisator.ch\/it\/marketing\/2024-08-11\/wenn-man-zu-den-besten-gehoeren-will-ist-ein-gutes-team-entscheidend-christian-gut\/\" \/>\n<meta property=\"og:locale\" content=\"it_IT\" \/>\n<meta property=\"og:type\" content=\"article\" \/>\n<meta property=\"og:title\" content=\"\u00abWenn man zu den Besten geh\u00f6ren will, ist ein gutes Team entscheidend\u00bb \u2013 Christian Gut - Organisator\" \/>\n<meta property=\"og:description\" content=\"Christian Gut von St\u00f6ckli Swiss Sports nutzt innovative Marketingstrategien f\u00fcr nachhaltigen Erfolg und globale Reichweite.\" \/>\n<meta property=\"og:url\" content=\"https:\/\/www.organisator.ch\/it\/marketing\/2024-08-11\/wenn-man-zu-den-besten-gehoeren-will-ist-ein-gutes-team-entscheidend-christian-gut\/\" \/>\n<meta property=\"og:site_name\" content=\"Organisator\" \/>\n<meta property=\"article:publisher\" content=\"https:\/\/www.facebook.com\/OrganisatorFachmagazin\" \/>\n<meta property=\"article:published_time\" content=\"2024-08-11T12:43:06+00:00\" \/>\n<meta property=\"article:modified_time\" content=\"2024-11-09T06:52:03+00:00\" \/>\n<meta property=\"og:image\" content=\"https:\/\/www.markt-kom.com\/wp-content\/uploads\/2024\/07\/Christian-Stoeckli-4-3-CMO-of-The-Year.png\" \/>\n<meta name=\"author\" content=\"galledia\" \/>\n<meta name=\"twitter:card\" content=\"summary_large_image\" \/>\n<meta name=\"twitter:creator\" content=\"@admin\" \/>\n<script type=\"application\/ld+json\" class=\"yoast-schema-graph\">{\"@context\":\"https:\\\/\\\/schema.org\",\"@graph\":[{\"@type\":\"Article\",\"@id\":\"https:\\\/\\\/www.organisator.ch\\\/marketing\\\/2024-08-11\\\/wenn-man-zu-den-besten-gehoeren-will-ist-ein-gutes-team-entscheidend-christian-gut\\\/#article\",\"isPartOf\":{\"@id\":\"https:\\\/\\\/www.organisator.ch\\\/marketing\\\/2024-08-11\\\/wenn-man-zu-den-besten-gehoeren-will-ist-ein-gutes-team-entscheidend-christian-gut\\\/\"},\"author\":{\"name\":\"galledia\",\"@id\":\"https:\\\/\\\/www.organisator.ch\\\/#\\\/schema\\\/person\\\/4e51799071cd2dd1232ac003643ef5f0\"},\"headline\":\"\u00abWenn man zu den Besten geh\u00f6ren will, ist ein gutes Team entscheidend\u00bb \u2013 Christian Gut\",\"datePublished\":\"2024-08-11T12:43:06+00:00\",\"dateModified\":\"2024-11-09T06:52:03+00:00\",\"mainEntityOfPage\":{\"@id\":\"https:\\\/\\\/www.organisator.ch\\\/marketing\\\/2024-08-11\\\/wenn-man-zu-den-besten-gehoeren-will-ist-ein-gutes-team-entscheidend-christian-gut\\\/\"},\"wordCount\":504,\"publisher\":{\"@id\":\"https:\\\/\\\/www.organisator.ch\\\/#organization\"},\"image\":{\"@id\":\"https:\\\/\\\/www.organisator.ch\\\/marketing\\\/2024-08-11\\\/wenn-man-zu-den-besten-gehoeren-will-ist-ein-gutes-team-entscheidend-christian-gut\\\/#primaryimage\"},\"thumbnailUrl\":\"https:\\\/\\\/www.markt-kom.com\\\/wp-content\\\/uploads\\\/2024\\\/07\\\/Christian-Stoeckli-4-3-CMO-of-The-Year.png\",\"keywords\":[\"Awards\",\"CMO of the year\",\"m&amp;k FORMAT\",\"St\u00f6ckli\"],\"articleSection\":[\"MARKETING\"],\"inLanguage\":\"it-IT\"},{\"@type\":\"WebPage\",\"@id\":\"https:\\\/\\\/www.organisator.ch\\\/marketing\\\/2024-08-11\\\/wenn-man-zu-den-besten-gehoeren-will-ist-ein-gutes-team-entscheidend-christian-gut\\\/\",\"url\":\"https:\\\/\\\/www.organisator.ch\\\/marketing\\\/2024-08-11\\\/wenn-man-zu-den-besten-gehoeren-will-ist-ein-gutes-team-entscheidend-christian-gut\\\/\",\"name\":\"\u00abWenn man zu den Besten geh\u00f6ren will, ist ein gutes Team entscheidend\u00bb \u2013 Christian Gut - Organisator\",\"isPartOf\":{\"@id\":\"https:\\\/\\\/www.organisator.ch\\\/#website\"},\"primaryImageOfPage\":{\"@id\":\"https:\\\/\\\/www.organisator.ch\\\/marketing\\\/2024-08-11\\\/wenn-man-zu-den-besten-gehoeren-will-ist-ein-gutes-team-entscheidend-christian-gut\\\/#primaryimage\"},\"image\":{\"@id\":\"https:\\\/\\\/www.organisator.ch\\\/marketing\\\/2024-08-11\\\/wenn-man-zu-den-besten-gehoeren-will-ist-ein-gutes-team-entscheidend-christian-gut\\\/#primaryimage\"},\"thumbnailUrl\":\"https:\\\/\\\/www.markt-kom.com\\\/wp-content\\\/uploads\\\/2024\\\/07\\\/Christian-Stoeckli-4-3-CMO-of-The-Year.png\",\"datePublished\":\"2024-08-11T12:43:06+00:00\",\"dateModified\":\"2024-11-09T06:52:03+00:00\",\"description\":\"Christian Gut von St\u00f6ckli Swiss Sports nutzt innovative Marketingstrategien f\u00fcr nachhaltigen Erfolg und globale Reichweite.\",\"breadcrumb\":{\"@id\":\"https:\\\/\\\/www.organisator.ch\\\/marketing\\\/2024-08-11\\\/wenn-man-zu-den-besten-gehoeren-will-ist-ein-gutes-team-entscheidend-christian-gut\\\/#breadcrumb\"},\"inLanguage\":\"it-IT\",\"potentialAction\":[{\"@type\":\"ReadAction\",\"target\":[\"https:\\\/\\\/www.organisator.ch\\\/marketing\\\/2024-08-11\\\/wenn-man-zu-den-besten-gehoeren-will-ist-ein-gutes-team-entscheidend-christian-gut\\\/\"]}]},{\"@type\":\"ImageObject\",\"inLanguage\":\"it-IT\",\"@id\":\"https:\\\/\\\/www.organisator.ch\\\/marketing\\\/2024-08-11\\\/wenn-man-zu-den-besten-gehoeren-will-ist-ein-gutes-team-entscheidend-christian-gut\\\/#primaryimage\",\"url\":\"https:\\\/\\\/www.markt-kom.com\\\/wp-content\\\/uploads\\\/2024\\\/07\\\/Christian-Stoeckli-4-3-CMO-of-The-Year.png\",\"contentUrl\":\"https:\\\/\\\/www.markt-kom.com\\\/wp-content\\\/uploads\\\/2024\\\/07\\\/Christian-Stoeckli-4-3-CMO-of-The-Year.png\"},{\"@type\":\"BreadcrumbList\",\"@id\":\"https:\\\/\\\/www.organisator.ch\\\/marketing\\\/2024-08-11\\\/wenn-man-zu-den-besten-gehoeren-will-ist-ein-gutes-team-entscheidend-christian-gut\\\/#breadcrumb\",\"itemListElement\":[{\"@type\":\"ListItem\",\"position\":1,\"name\":\"Home\",\"item\":\"https:\\\/\\\/www.organisator.ch\\\/\"},{\"@type\":\"ListItem\",\"position\":2,\"name\":\"\u00abWenn man zu den Besten geh\u00f6ren will, ist ein gutes Team entscheidend\u00bb \u2013 Christian Gut\"}]},{\"@type\":\"WebSite\",\"@id\":\"https:\\\/\\\/www.organisator.ch\\\/#website\",\"url\":\"https:\\\/\\\/www.organisator.ch\\\/\",\"name\":\"Organisator\",\"description\":\"Kompetent. Praxisnah. Der ORGANISATOR bereitet in 10 Ausgaben pro Jahr die wesentlichen Themen f\u00fcr F\u00fchrungskr\u00e4fte von KMU auf.\",\"publisher\":{\"@id\":\"https:\\\/\\\/www.organisator.ch\\\/#organization\"},\"potentialAction\":[{\"@type\":\"SearchAction\",\"target\":{\"@type\":\"EntryPoint\",\"urlTemplate\":\"https:\\\/\\\/www.organisator.ch\\\/?s={search_term_string}\"},\"query-input\":{\"@type\":\"PropertyValueSpecification\",\"valueRequired\":true,\"valueName\":\"search_term_string\"}}],\"inLanguage\":\"it-IT\"},{\"@type\":\"Organization\",\"@id\":\"https:\\\/\\\/www.organisator.ch\\\/#organization\",\"name\":\"Organisator\",\"url\":\"https:\\\/\\\/www.organisator.ch\\\/\",\"logo\":{\"@type\":\"ImageObject\",\"inLanguage\":\"it-IT\",\"@id\":\"https:\\\/\\\/www.organisator.ch\\\/#\\\/schema\\\/logo\\\/image\\\/\",\"url\":\"https:\\\/\\\/www.organisator.ch\\\/wp-content\\\/uploads\\\/2022\\\/01\\\/Logo_Organisator_Website.png\",\"contentUrl\":\"https:\\\/\\\/www.organisator.ch\\\/wp-content\\\/uploads\\\/2022\\\/01\\\/Logo_Organisator_Website.png\",\"width\":800,\"height\":77,\"caption\":\"Organisator\"},\"image\":{\"@id\":\"https:\\\/\\\/www.organisator.ch\\\/#\\\/schema\\\/logo\\\/image\\\/\"},\"sameAs\":[\"https:\\\/\\\/www.facebook.com\\\/OrganisatorFachmagazin\",\"https:\\\/\\\/www.linkedin.com\\\/showcase\\\/organisator-das-magazin-fr-kmu\",\"https:\\\/\\\/www.xing.com\\\/news\\\/pages\\\/organisator-ch-695\",\"https:\\\/\\\/www.youtube.com\\\/channel\\\/UCGP2Sq0iWaZwT3BdIAQFYpw\"]},{\"@type\":\"Person\",\"@id\":\"https:\\\/\\\/www.organisator.ch\\\/#\\\/schema\\\/person\\\/4e51799071cd2dd1232ac003643ef5f0\",\"name\":\"galledia\",\"image\":{\"@type\":\"ImageObject\",\"inLanguage\":\"it-IT\",\"@id\":\"https:\\\/\\\/secure.gravatar.com\\\/avatar\\\/78a7f90c01fc2bfc875782a0d4922b37cde2cf184ce347b91316d23cd7f69a36?s=96&d=mm&r=g\",\"url\":\"https:\\\/\\\/secure.gravatar.com\\\/avatar\\\/78a7f90c01fc2bfc875782a0d4922b37cde2cf184ce347b91316d23cd7f69a36?s=96&d=mm&r=g\",\"contentUrl\":\"https:\\\/\\\/secure.gravatar.com\\\/avatar\\\/78a7f90c01fc2bfc875782a0d4922b37cde2cf184ce347b91316d23cd7f69a36?s=96&d=mm&r=g\",\"caption\":\"galledia\"},\"sameAs\":[\"https:\\\/\\\/x.com\\\/admin\"],\"url\":\"https:\\\/\\\/www.organisator.ch\\\/it\\\/author\\\/galledia\\\/\"}]}<\/script>\n<!-- \/ Yoast SEO plugin. -->","yoast_head_json":{"title":"\"Se si vuole essere tra i migliori, un buon team \u00e8 fondamentale\" - Christian Gut - Organizzatore","description":"Christian Gut di St\u00f6ckli Swiss Sports utilizza strategie di marketing innovative per ottenere un successo sostenibile e una portata globale.","robots":{"index":"index","follow":"follow","max-snippet":"max-snippet:-1","max-image-preview":"max-image-preview:large","max-video-preview":"max-video-preview:-1"},"canonical":"https:\/\/www.organisator.ch\/it\/marketing\/2024-08-11\/wenn-man-zu-den-besten-gehoeren-will-ist-ein-gutes-team-entscheidend-christian-gut\/","og_locale":"it_IT","og_type":"article","og_title":"\u00abWenn man zu den Besten geh\u00f6ren will, ist ein gutes Team entscheidend\u00bb \u2013 Christian Gut - Organisator","og_description":"Christian Gut von St\u00f6ckli Swiss Sports nutzt innovative Marketingstrategien f\u00fcr nachhaltigen Erfolg und globale Reichweite.","og_url":"https:\/\/www.organisator.ch\/it\/marketing\/2024-08-11\/wenn-man-zu-den-besten-gehoeren-will-ist-ein-gutes-team-entscheidend-christian-gut\/","og_site_name":"Organisator","article_publisher":"https:\/\/www.facebook.com\/OrganisatorFachmagazin","article_published_time":"2024-08-11T12:43:06+00:00","article_modified_time":"2024-11-09T06:52:03+00:00","og_image":[{"url":"https:\/\/www.markt-kom.com\/wp-content\/uploads\/2024\/07\/Christian-Stoeckli-4-3-CMO-of-The-Year.png","type":"","width":"","height":""}],"author":"galledia","twitter_card":"summary_large_image","twitter_creator":"@admin","schema":{"@context":"https:\/\/schema.org","@graph":[{"@type":"Article","@id":"https:\/\/www.organisator.ch\/marketing\/2024-08-11\/wenn-man-zu-den-besten-gehoeren-will-ist-ein-gutes-team-entscheidend-christian-gut\/#article","isPartOf":{"@id":"https:\/\/www.organisator.ch\/marketing\/2024-08-11\/wenn-man-zu-den-besten-gehoeren-will-ist-ein-gutes-team-entscheidend-christian-gut\/"},"author":{"name":"galledia","@id":"https:\/\/www.organisator.ch\/#\/schema\/person\/4e51799071cd2dd1232ac003643ef5f0"},"headline":"\u00abWenn man zu den Besten geh\u00f6ren will, ist ein gutes Team entscheidend\u00bb \u2013 Christian Gut","datePublished":"2024-08-11T12:43:06+00:00","dateModified":"2024-11-09T06:52:03+00:00","mainEntityOfPage":{"@id":"https:\/\/www.organisator.ch\/marketing\/2024-08-11\/wenn-man-zu-den-besten-gehoeren-will-ist-ein-gutes-team-entscheidend-christian-gut\/"},"wordCount":504,"publisher":{"@id":"https:\/\/www.organisator.ch\/#organization"},"image":{"@id":"https:\/\/www.organisator.ch\/marketing\/2024-08-11\/wenn-man-zu-den-besten-gehoeren-will-ist-ein-gutes-team-entscheidend-christian-gut\/#primaryimage"},"thumbnailUrl":"https:\/\/www.markt-kom.com\/wp-content\/uploads\/2024\/07\/Christian-Stoeckli-4-3-CMO-of-The-Year.png","keywords":["Awards","CMO of the year","m&amp;k FORMAT","St\u00f6ckli"],"articleSection":["MARKETING"],"inLanguage":"it-IT"},{"@type":"WebPage","@id":"https:\/\/www.organisator.ch\/marketing\/2024-08-11\/wenn-man-zu-den-besten-gehoeren-will-ist-ein-gutes-team-entscheidend-christian-gut\/","url":"https:\/\/www.organisator.ch\/marketing\/2024-08-11\/wenn-man-zu-den-besten-gehoeren-will-ist-ein-gutes-team-entscheidend-christian-gut\/","name":"\"Se si vuole essere tra i migliori, un buon team \u00e8 fondamentale\" - Christian Gut - Organizzatore","isPartOf":{"@id":"https:\/\/www.organisator.ch\/#website"},"primaryImageOfPage":{"@id":"https:\/\/www.organisator.ch\/marketing\/2024-08-11\/wenn-man-zu-den-besten-gehoeren-will-ist-ein-gutes-team-entscheidend-christian-gut\/#primaryimage"},"image":{"@id":"https:\/\/www.organisator.ch\/marketing\/2024-08-11\/wenn-man-zu-den-besten-gehoeren-will-ist-ein-gutes-team-entscheidend-christian-gut\/#primaryimage"},"thumbnailUrl":"https:\/\/www.markt-kom.com\/wp-content\/uploads\/2024\/07\/Christian-Stoeckli-4-3-CMO-of-The-Year.png","datePublished":"2024-08-11T12:43:06+00:00","dateModified":"2024-11-09T06:52:03+00:00","description":"Christian Gut di St\u00f6ckli Swiss Sports utilizza strategie di marketing innovative per ottenere un successo sostenibile e una portata globale.","breadcrumb":{"@id":"https:\/\/www.organisator.ch\/marketing\/2024-08-11\/wenn-man-zu-den-besten-gehoeren-will-ist-ein-gutes-team-entscheidend-christian-gut\/#breadcrumb"},"inLanguage":"it-IT","potentialAction":[{"@type":"ReadAction","target":["https:\/\/www.organisator.ch\/marketing\/2024-08-11\/wenn-man-zu-den-besten-gehoeren-will-ist-ein-gutes-team-entscheidend-christian-gut\/"]}]},{"@type":"ImageObject","inLanguage":"it-IT","@id":"https:\/\/www.organisator.ch\/marketing\/2024-08-11\/wenn-man-zu-den-besten-gehoeren-will-ist-ein-gutes-team-entscheidend-christian-gut\/#primaryimage","url":"https:\/\/www.markt-kom.com\/wp-content\/uploads\/2024\/07\/Christian-Stoeckli-4-3-CMO-of-The-Year.png","contentUrl":"https:\/\/www.markt-kom.com\/wp-content\/uploads\/2024\/07\/Christian-Stoeckli-4-3-CMO-of-The-Year.png"},{"@type":"BreadcrumbList","@id":"https:\/\/www.organisator.ch\/marketing\/2024-08-11\/wenn-man-zu-den-besten-gehoeren-will-ist-ein-gutes-team-entscheidend-christian-gut\/#breadcrumb","itemListElement":[{"@type":"ListItem","position":1,"name":"Home","item":"https:\/\/www.organisator.ch\/"},{"@type":"ListItem","position":2,"name":"\u00abWenn man zu den Besten geh\u00f6ren will, ist ein gutes Team entscheidend\u00bb \u2013 Christian Gut"}]},{"@type":"WebSite","@id":"https:\/\/www.organisator.ch\/#website","url":"https:\/\/www.organisator.ch\/","name":"Organizzatore","description":"Competente. Pratico. In 10 numeri all'anno, ORGANISATOR presenta i temi essenziali per i manager delle PMI.","publisher":{"@id":"https:\/\/www.organisator.ch\/#organization"},"potentialAction":[{"@type":"SearchAction","target":{"@type":"EntryPoint","urlTemplate":"https:\/\/www.organisator.ch\/?s={search_term_string}"},"query-input":{"@type":"PropertyValueSpecification","valueRequired":true,"valueName":"search_term_string"}}],"inLanguage":"it-IT"},{"@type":"Organization","@id":"https:\/\/www.organisator.ch\/#organization","name":"Organizzatore","url":"https:\/\/www.organisator.ch\/","logo":{"@type":"ImageObject","inLanguage":"it-IT","@id":"https:\/\/www.organisator.ch\/#\/schema\/logo\/image\/","url":"https:\/\/www.organisator.ch\/wp-content\/uploads\/2022\/01\/Logo_Organisator_Website.png","contentUrl":"https:\/\/www.organisator.ch\/wp-content\/uploads\/2022\/01\/Logo_Organisator_Website.png","width":800,"height":77,"caption":"Organisator"},"image":{"@id":"https:\/\/www.organisator.ch\/#\/schema\/logo\/image\/"},"sameAs":["https:\/\/www.facebook.com\/OrganisatorFachmagazin","https:\/\/www.linkedin.com\/showcase\/organisator-das-magazin-fr-kmu","https:\/\/www.xing.com\/news\/pages\/organisator-ch-695","https:\/\/www.youtube.com\/channel\/UCGP2Sq0iWaZwT3BdIAQFYpw"]},{"@type":"Person","@id":"https:\/\/www.organisator.ch\/#\/schema\/person\/4e51799071cd2dd1232ac003643ef5f0","name":"galledia","image":{"@type":"ImageObject","inLanguage":"it-IT","@id":"https:\/\/secure.gravatar.com\/avatar\/78a7f90c01fc2bfc875782a0d4922b37cde2cf184ce347b91316d23cd7f69a36?s=96&d=mm&r=g","url":"https:\/\/secure.gravatar.com\/avatar\/78a7f90c01fc2bfc875782a0d4922b37cde2cf184ce347b91316d23cd7f69a36?s=96&d=mm&r=g","contentUrl":"https:\/\/secure.gravatar.com\/avatar\/78a7f90c01fc2bfc875782a0d4922b37cde2cf184ce347b91316d23cd7f69a36?s=96&d=mm&r=g","caption":"galledia"},"sameAs":["https:\/\/x.com\/admin"],"url":"https:\/\/www.organisator.ch\/it\/author\/galledia\/"}]}},"_links":{"self":[{"href":"https:\/\/www.organisator.ch\/it\/wp-json\/wp\/v2\/posts\/28768","targetHints":{"allow":["GET"]}}],"collection":[{"href":"https:\/\/www.organisator.ch\/it\/wp-json\/wp\/v2\/posts"}],"about":[{"href":"https:\/\/www.organisator.ch\/it\/wp-json\/wp\/v2\/types\/post"}],"author":[{"embeddable":true,"href":"https:\/\/www.organisator.ch\/it\/wp-json\/wp\/v2\/users\/8"}],"replies":[{"embeddable":true,"href":"https:\/\/www.organisator.ch\/it\/wp-json\/wp\/v2\/comments?post=28768"}],"version-history":[{"count":3,"href":"https:\/\/www.organisator.ch\/it\/wp-json\/wp\/v2\/posts\/28768\/revisions"}],"predecessor-version":[{"id":32069,"href":"https:\/\/www.organisator.ch\/it\/wp-json\/wp\/v2\/posts\/28768\/revisions\/32069"}],"wp:attachment":[{"href":"https:\/\/www.organisator.ch\/it\/wp-json\/wp\/v2\/media?parent=28768"}],"wp:term":[{"taxonomy":"category","embeddable":true,"href":"https:\/\/www.organisator.ch\/it\/wp-json\/wp\/v2\/categories?post=28768"},{"taxonomy":"post_tag","embeddable":true,"href":"https:\/\/www.organisator.ch\/it\/wp-json\/wp\/v2\/tags?post=28768"}],"curies":[{"name":"wp","href":"https:\/\/api.w.org\/{rel}","templated":true}]}}